{"id":28873,"date":"2024-11-13T17:26:17","date_gmt":"2024-11-13T22:26:17","guid":{"rendered":"https:\/\/radiohuancayo.com.pe\/wp54\/?p=28873"},"modified":"2024-11-13T17:26:18","modified_gmt":"2024-11-13T22:26:18","slug":"grupo-5-niega-rumores-de-colaboracion-musical-entre-christian-cueva-y-christian-yaipen","status":"publish","type":"post","link":"https:\/\/radiohuancayo.com.pe\/wp54\/grupo-5-niega-rumores-de-colaboracion-musical-entre-christian-cueva-y-christian-yaipen\/","title":{"rendered":"Grupo 5 niega rumores de colaboraci\u00f3n musical entre Christian Cueva y Christian Yaip\u00e9n"},"content":{"rendered":"\n<p>Esta semana circul\u00f3 un rumor acerca de una posible colaboraci\u00f3n musical entre el futbolista de Cienciano, Christian Cueva, y el l\u00edder del Grupo 5, Christian Yaip\u00e9n. Sin embargo, un vocero de la agrupaci\u00f3n de Monsef\u00fa desminti\u00f3 tal informaci\u00f3n, aclarando que nunca hubo una reuni\u00f3n entre ambos.<\/p>\n\n\n\n<p>\u00abNo hay tiempo (para una colaboraci\u00f3n)\u2026 nunca hubo la reuni\u00f3n porque ellos (Grupo 5) est\u00e1n en Chiclayo\u00bb, asegur\u00f3 el vocero de la orquesta de cumbia.<\/p>\n\n\n\n<p>Estas declaraciones contradicen lo dicho por el conductor Kurt Villavicencio, conocido como &#8216;Metiche&#8217;, quien en su programa Todo se Filtra asegur\u00f3 que Cueva y Yaip\u00e9n habr\u00edan tenido una reuni\u00f3n para coordinar los detalles de una colaboraci\u00f3n musical.<\/p>\n\n\n\n<p>El origen de la especulaci\u00f3n tambi\u00e9n se relaciona con las im\u00e1genes difundidas en el programa Magaly Medina, donde se ve a Christian Cueva debutando como cantante junto a Pamela Franco el \u00e9xito El Cervecero. Adem\u00e1s, Villavicencio lleg\u00f3 a comentar que el primer videoclip de Cueva como cantante se grabar\u00eda en la cebicher\u00eda de un amigo cercano al futbolista.<\/p>\n","protected":false},"excerpt":{"rendered":"<p>Esta semana circul\u00f3 un rumor acerca de una posible colaboraci\u00f3n musical entre el futbolista de Cienciano, Christian Cueva, y el l\u00edder del Grupo 5, Christian Yaip\u00e9n. Sin embargo, un vocero de la agrupaci\u00f3n de Monsef\u00fa desminti\u00f3 tal informaci\u00f3n, aclarando que nunca hubo una reuni\u00f3n entre ambos. \u00abNo hay tiempo (para una colaboraci\u00f3n)\u2026 nunca hubo la reuni\u00f3n porque ellos (Grupo 5) est\u00e1n en Chiclayo\u00bb, asegur\u00f3 el vocero de la orquesta de cumbia. Estas declaraciones contradicen lo dicho por el conductor Kurt Villavicencio, conocido como &#8216;Metiche&#8217;, quien en su programa Todo se Filtra asegur\u00f3 que Cueva y Yaip\u00e9n habr\u00edan tenido una reuni\u00f3n para coordinar los detalles de una colaboraci\u00f3n musical. El origen de la especulaci\u00f3n tambi\u00e9n se relaciona con las im\u00e1genes difundidas en el programa Magaly Medina, donde se ve a Christian Cueva debutando como cantante junto a Pamela Franco el \u00e9xito El Cervecero. Adem\u00e1s, Villavicencio lleg\u00f3 a comentar que el primer videoclip de Cueva como cantante se grabar\u00eda en la cebicher\u00eda de un amigo cercano al futbolista.<\/p>\n","protected":false},"author":1,"featured_media":28874,"comment_status":"open","ping_status":"open","sticky":false,"template":"","format":"standard","meta":{"footnotes":""},"categories":[8],"tags":[],"class_list":["post-28873","post","type-post","status-publish","format-standard","has-post-thumbnail","hentry","category-espectaculos"],"yoast_head":"<!-- This site is optimized with the Yoast SEO plugin v27.5 - https:\/\/yoast.com\/product\/yoast-seo-wordpress\/ -->\n<title>Grupo 5 niega rumores de colaboraci\u00f3n musical entre Christian Cueva y Christian Yaip\u00e9n - Radio Huancayo<\/title>\n<meta name=\"robots\" content=\"index, follow, max-snippet:-1, max-image-preview:large, max-video-preview:-1\" \/>\n<link rel=\"canonical\" href=\"https:\/\/radiohuancayo.com.pe\/wp54\/grupo-5-niega-rumores-de-colaboracion-musical-entre-christian-cueva-y-christian-yaipen\/\" \/>\n<meta property=\"og:locale\" content=\"es_ES\" \/>\n<meta property=\"og:type\" content=\"article\" \/>\n<meta property=\"og:title\" content=\"Grupo 5 niega rumores de colaboraci\u00f3n musical entre Christian Cueva y Christian Yaip\u00e9n - Radio Huancayo\" \/>\n<meta property=\"og:description\" content=\"Esta semana circul\u00f3 un rumor acerca de una posible colaboraci\u00f3n musical entre el futbolista de Cienciano, Christian Cueva, y el l\u00edder del Grupo 5, Christian Yaip\u00e9n. Sin embargo, un vocero de la agrupaci\u00f3n de Monsef\u00fa desminti\u00f3 tal informaci\u00f3n, aclarando que nunca hubo una reuni\u00f3n entre ambos. \u00abNo hay tiempo (para una colaboraci\u00f3n)\u2026 nunca hubo la reuni\u00f3n porque ellos (Grupo 5) est\u00e1n en Chiclayo\u00bb, asegur\u00f3 el vocero de la orquesta de cumbia. Estas declaraciones contradicen lo dicho por el conductor Kurt Villavicencio, conocido como &#8216;Metiche&#8217;, quien en su programa Todo se Filtra asegur\u00f3 que Cueva y Yaip\u00e9n habr\u00edan tenido una reuni\u00f3n para coordinar los detalles de una colaboraci\u00f3n musical. El origen de la especulaci\u00f3n tambi\u00e9n se relaciona con las im\u00e1genes difundidas en el programa Magaly Medina, donde se ve a Christian Cueva debutando como cantante junto a Pamela Franco el \u00e9xito El Cervecero. Adem\u00e1s, Villavicencio lleg\u00f3 a comentar que el primer videoclip de Cueva como cantante se grabar\u00eda en la cebicher\u00eda de un amigo cercano al futbolista.\" \/>\n<meta property=\"og:url\" content=\"https:\/\/radiohuancayo.com.pe\/wp54\/grupo-5-niega-rumores-de-colaboracion-musical-entre-christian-cueva-y-christian-yaipen\/\" \/>\n<meta property=\"og:site_name\" content=\"Radio Huancayo\" \/>\n<meta property=\"article:published_time\" content=\"2024-11-13T22:26:17+00:00\" \/>\n<meta property=\"article:modified_time\" content=\"2024-11-13T22:26:18+00:00\" \/>\n<meta property=\"og:image\" content=\"https:\/\/radiohuancayo.com.pe\/wp54\/wp-content\/uploads\/2024\/11\/image-36.png\" \/>\n\t<meta property=\"og:image:width\" content=\"824\" \/>\n\t<meta property=\"og:image:height\" content=\"464\" \/>\n\t<meta property=\"og:image:type\" content=\"image\/png\" \/>\n<meta name=\"author\" content=\"admin\" \/>\n<meta name=\"twitter:card\" content=\"summary_large_image\" \/>\n<meta name=\"twitter:label1\" content=\"Escrito por\" \/>\n\t<meta name=\"twitter:data1\" content=\"admin\" \/>\n\t<meta name=\"twitter:label2\" content=\"Tiempo de lectura\" \/>\n\t<meta name=\"twitter:data2\" content=\"1 minuto\" \/>\n<script type=\"application\/ld+json\" class=\"yoast-schema-graph\">{\"@context\":\"https:\\\/\\\/schema.org\",\"@graph\":[{\"@type\":\"Article\",\"@id\":\"https:\\\/\\\/radiohuancayo.com.pe\\\/wp54\\\/grupo-5-niega-rumores-de-colaboracion-musical-entre-christian-cueva-y-christian-yaipen\\\/#article\",\"isPartOf\":{\"@id\":\"https:\\\/\\\/radiohuancayo.com.pe\\\/wp54\\\/grupo-5-niega-rumores-de-colaboracion-musical-entre-christian-cueva-y-christian-yaipen\\\/\"},\"author\":{\"name\":\"admin\",\"@id\":\"https:\\\/\\\/radiohuancayo.com.pe\\\/wp54\\\/#\\\/schema\\\/person\\\/53e7c63df918deff345a30606cbf878c\"},\"headline\":\"Grupo 5 niega rumores de colaboraci\u00f3n musical entre Christian Cueva y Christian Yaip\u00e9n\",\"datePublished\":\"2024-11-13T22:26:17+00:00\",\"dateModified\":\"2024-11-13T22:26:18+00:00\",\"mainEntityOfPage\":{\"@id\":\"https:\\\/\\\/radiohuancayo.com.pe\\\/wp54\\\/grupo-5-niega-rumores-de-colaboracion-musical-entre-christian-cueva-y-christian-yaipen\\\/\"},\"wordCount\":197,\"commentCount\":0,\"publisher\":{\"@id\":\"https:\\\/\\\/radiohuancayo.com.pe\\\/wp54\\\/#organization\"},\"image\":{\"@id\":\"https:\\\/\\\/radiohuancayo.com.pe\\\/wp54\\\/grupo-5-niega-rumores-de-colaboracion-musical-entre-christian-cueva-y-christian-yaipen\\\/#primaryimage\"},\"thumbnailUrl\":\"https:\\\/\\\/radiohuancayo.com.pe\\\/wp54\\\/wp-content\\\/uploads\\\/2024\\\/11\\\/image-36.png\",\"articleSection\":[\"Espect\u00e1culos\"],\"inLanguage\":\"es\",\"potentialAction\":[{\"@type\":\"CommentAction\",\"name\":\"Comment\",\"target\":[\"https:\\\/\\\/radiohuancayo.com.pe\\\/wp54\\\/grupo-5-niega-rumores-de-colaboracion-musical-entre-christian-cueva-y-christian-yaipen\\\/#respond\"]}]},{\"@type\":\"WebPage\",\"@id\":\"https:\\\/\\\/radiohuancayo.com.pe\\\/wp54\\\/grupo-5-niega-rumores-de-colaboracion-musical-entre-christian-cueva-y-christian-yaipen\\\/\",\"url\":\"https:\\\/\\\/radiohuancayo.com.pe\\\/wp54\\\/grupo-5-niega-rumores-de-colaboracion-musical-entre-christian-cueva-y-christian-yaipen\\\/\",\"name\":\"Grupo 5 niega rumores de colaboraci\u00f3n musical entre Christian Cueva y Christian Yaip\u00e9n - Radio Huancayo\",\"isPartOf\":{\"@id\":\"https:\\\/\\\/radiohuancayo.com.pe\\\/wp54\\\/#website\"},\"primaryImageOfPage\":{\"@id\":\"https:\\\/\\\/radiohuancayo.com.pe\\\/wp54\\\/grupo-5-niega-rumores-de-colaboracion-musical-entre-christian-cueva-y-christian-yaipen\\\/#primaryimage\"},\"image\":{\"@id\":\"https:\\\/\\\/radiohuancayo.com.pe\\\/wp54\\\/grupo-5-niega-rumores-de-colaboracion-musical-entre-christian-cueva-y-christian-yaipen\\\/#primaryimage\"},\"thumbnailUrl\":\"https:\\\/\\\/radiohuancayo.com.pe\\\/wp54\\\/wp-content\\\/uploads\\\/2024\\\/11\\\/image-36.png\",\"datePublished\":\"2024-11-13T22:26:17+00:00\",\"dateModified\":\"2024-11-13T22:26:18+00:00\",\"breadcrumb\":{\"@id\":\"https:\\\/\\\/radiohuancayo.com.pe\\\/wp54\\\/grupo-5-niega-rumores-de-colaboracion-musical-entre-christian-cueva-y-christian-yaipen\\\/#breadcrumb\"},\"inLanguage\":\"es\",\"potentialAction\":[{\"@type\":\"ReadAction\",\"target\":[\"https:\\\/\\\/radiohuancayo.com.pe\\\/wp54\\\/grupo-5-niega-rumores-de-colaboracion-musical-entre-christian-cueva-y-christian-yaipen\\\/\"]}]},{\"@type\":\"ImageObject\",\"inLanguage\":\"es\",\"@id\":\"https:\\\/\\\/radiohuancayo.com.pe\\\/wp54\\\/grupo-5-niega-rumores-de-colaboracion-musical-entre-christian-cueva-y-christian-yaipen\\\/#primaryimage\",\"url\":\"https:\\\/\\\/radiohuancayo.com.pe\\\/wp54\\\/wp-content\\\/uploads\\\/2024\\\/11\\\/image-36.png\",\"contentUrl\":\"https:\\\/\\\/radiohuancayo.com.pe\\\/wp54\\\/wp-content\\\/uploads\\\/2024\\\/11\\\/image-36.png\",\"width\":824,\"height\":464},{\"@type\":\"BreadcrumbList\",\"@id\":\"https:\\\/\\\/radiohuancayo.com.pe\\\/wp54\\\/grupo-5-niega-rumores-de-colaboracion-musical-entre-christian-cueva-y-christian-yaipen\\\/#breadcrumb\",\"itemListElement\":[{\"@type\":\"ListItem\",\"position\":1,\"name\":\"Portada\",\"item\":\"https:\\\/\\\/radiohuancayo.com.pe\\\/wp54\\\/\"},{\"@type\":\"ListItem\",\"position\":2,\"name\":\"Grupo 5 niega rumores de colaboraci\u00f3n musical entre Christian Cueva y Christian Yaip\u00e9n\"}]},{\"@type\":\"WebSite\",\"@id\":\"https:\\\/\\\/radiohuancayo.com.pe\\\/wp54\\\/#website\",\"url\":\"https:\\\/\\\/radiohuancayo.com.pe\\\/wp54\\\/\",\"name\":\"Radio Huancayo\",\"description\":\"me gusta!!!\",\"publisher\":{\"@id\":\"https:\\\/\\\/radiohuancayo.com.pe\\\/wp54\\\/#organization\"},\"potentialAction\":[{\"@type\":\"SearchAction\",\"target\":{\"@type\":\"EntryPoint\",\"urlTemplate\":\"https:\\\/\\\/radiohuancayo.com.pe\\\/wp54\\\/?s={search_term_string}\"},\"query-input\":{\"@type\":\"PropertyValueSpecification\",\"valueRequired\":true,\"valueName\":\"search_term_string\"}}],\"inLanguage\":\"es\"},{\"@type\":\"Organization\",\"@id\":\"https:\\\/\\\/radiohuancayo.com.pe\\\/wp54\\\/#organization\",\"name\":\"Radio Huancayo\",\"url\":\"https:\\\/\\\/radiohuancayo.com.pe\\\/wp54\\\/\",\"logo\":{\"@type\":\"ImageObject\",\"inLanguage\":\"es\",\"@id\":\"https:\\\/\\\/radiohuancayo.com.pe\\\/wp54\\\/#\\\/schema\\\/logo\\\/image\\\/\",\"url\":\"https:\\\/\\\/radiohuancayo.com.pe\\\/wp54\\\/wp-content\\\/uploads\\\/2022\\\/04\\\/CABE01.png\",\"contentUrl\":\"https:\\\/\\\/radiohuancayo.com.pe\\\/wp54\\\/wp-content\\\/uploads\\\/2022\\\/04\\\/CABE01.png\",\"width\":1640,\"height\":300,\"caption\":\"Radio Huancayo\"},\"image\":{\"@id\":\"https:\\\/\\\/radiohuancayo.com.pe\\\/wp54\\\/#\\\/schema\\\/logo\\\/image\\\/\"}},{\"@type\":\"Person\",\"@id\":\"https:\\\/\\\/radiohuancayo.com.pe\\\/wp54\\\/#\\\/schema\\\/person\\\/53e7c63df918deff345a30606cbf878c\",\"name\":\"admin\",\"image\":{\"@type\":\"ImageObject\",\"inLanguage\":\"es\",\"@id\":\"https:\\\/\\\/secure.gravatar.com\\\/avatar\\\/3d9af84154e8f14d0ba4f62aa2abc4fcd3ee42a1c034539c08ef7c5615f414cb?s=96&d=mm&r=g\",\"url\":\"https:\\\/\\\/secure.gravatar.com\\\/avatar\\\/3d9af84154e8f14d0ba4f62aa2abc4fcd3ee42a1c034539c08ef7c5615f414cb?s=96&d=mm&r=g\",\"contentUrl\":\"https:\\\/\\\/secure.gravatar.com\\\/avatar\\\/3d9af84154e8f14d0ba4f62aa2abc4fcd3ee42a1c034539c08ef7c5615f414cb?s=96&d=mm&r=g\",\"caption\":\"admin\"},\"sameAs\":[\"https:\\\/\\\/radiohuancayo.com.pe\\\/wp54\"],\"url\":\"https:\\\/\\\/radiohuancayo.com.pe\\\/wp54\\\/author\\\/admin\\\/\"}]}<\/script>\n<!-- \/ Yoast SEO plugin. -->","yoast_head_json":{"title":"Grupo 5 niega rumores de colaboraci\u00f3n musical entre Christian Cueva y Christian Yaip\u00e9n - Radio Huancayo","robots":{"index":"index","follow":"follow","max-snippet":"max-snippet:-1","max-image-preview":"max-image-preview:large","max-video-preview":"max-video-preview:-1"},"canonical":"https:\/\/radiohuancayo.com.pe\/wp54\/grupo-5-niega-rumores-de-colaboracion-musical-entre-christian-cueva-y-christian-yaipen\/","og_locale":"es_ES","og_type":"article","og_title":"Grupo 5 niega rumores de colaboraci\u00f3n musical entre Christian Cueva y Christian Yaip\u00e9n - Radio Huancayo","og_description":"Esta semana circul\u00f3 un rumor acerca de una posible colaboraci\u00f3n musical entre el futbolista de Cienciano, Christian Cueva, y el l\u00edder del Grupo 5, Christian Yaip\u00e9n. Sin embargo, un vocero de la agrupaci\u00f3n de Monsef\u00fa desminti\u00f3 tal informaci\u00f3n, aclarando que nunca hubo una reuni\u00f3n entre ambos. \u00abNo hay tiempo (para una colaboraci\u00f3n)\u2026 nunca hubo la reuni\u00f3n porque ellos (Grupo 5) est\u00e1n en Chiclayo\u00bb, asegur\u00f3 el vocero de la orquesta de cumbia. Estas declaraciones contradicen lo dicho por el conductor Kurt Villavicencio, conocido como &#8216;Metiche&#8217;, quien en su programa Todo se Filtra asegur\u00f3 que Cueva y Yaip\u00e9n habr\u00edan tenido una reuni\u00f3n para coordinar los detalles de una colaboraci\u00f3n musical. El origen de la especulaci\u00f3n tambi\u00e9n se relaciona con las im\u00e1genes difundidas en el programa Magaly Medina, donde se ve a Christian Cueva debutando como cantante junto a Pamela Franco el \u00e9xito El Cervecero. Adem\u00e1s, Villavicencio lleg\u00f3 a comentar que el primer videoclip de Cueva como cantante se grabar\u00eda en la cebicher\u00eda de un amigo cercano al futbolista.","og_url":"https:\/\/radiohuancayo.com.pe\/wp54\/grupo-5-niega-rumores-de-colaboracion-musical-entre-christian-cueva-y-christian-yaipen\/","og_site_name":"Radio Huancayo","article_published_time":"2024-11-13T22:26:17+00:00","article_modified_time":"2024-11-13T22:26:18+00:00","og_image":[{"width":824,"height":464,"url":"https:\/\/radiohuancayo.com.pe\/wp54\/wp-content\/uploads\/2024\/11\/image-36.png","type":"image\/png"}],"author":"admin","twitter_card":"summary_large_image","twitter_misc":{"Escrito por":"admin","Tiempo de lectura":"1 minuto"},"schema":{"@context":"https:\/\/schema.org","@graph":[{"@type":"Article","@id":"https:\/\/radiohuancayo.com.pe\/wp54\/grupo-5-niega-rumores-de-colaboracion-musical-entre-christian-cueva-y-christian-yaipen\/#article","isPartOf":{"@id":"https:\/\/radiohuancayo.com.pe\/wp54\/grupo-5-niega-rumores-de-colaboracion-musical-entre-christian-cueva-y-christian-yaipen\/"},"author":{"name":"admin","@id":"https:\/\/radiohuancayo.com.pe\/wp54\/#\/schema\/person\/53e7c63df918deff345a30606cbf878c"},"headline":"Grupo 5 niega rumores de colaboraci\u00f3n musical entre Christian Cueva y Christian Yaip\u00e9n","datePublished":"2024-11-13T22:26:17+00:00","dateModified":"2024-11-13T22:26:18+00:00","mainEntityOfPage":{"@id":"https:\/\/radiohuancayo.com.pe\/wp54\/grupo-5-niega-rumores-de-colaboracion-musical-entre-christian-cueva-y-christian-yaipen\/"},"wordCount":197,"commentCount":0,"publisher":{"@id":"https:\/\/radiohuancayo.com.pe\/wp54\/#organization"},"image":{"@id":"https:\/\/radiohuancayo.com.pe\/wp54\/grupo-5-niega-rumores-de-colaboracion-musical-entre-christian-cueva-y-christian-yaipen\/#primaryimage"},"thumbnailUrl":"https:\/\/radiohuancayo.com.pe\/wp54\/wp-content\/uploads\/2024\/11\/image-36.png","articleSection":["Espect\u00e1culos"],"inLanguage":"es","potentialAction":[{"@type":"CommentAction","name":"Comment","target":["https:\/\/radiohuancayo.com.pe\/wp54\/grupo-5-niega-rumores-de-colaboracion-musical-entre-christian-cueva-y-christian-yaipen\/#respond"]}]},{"@type":"WebPage","@id":"https:\/\/radiohuancayo.com.pe\/wp54\/grupo-5-niega-rumores-de-colaboracion-musical-entre-christian-cueva-y-christian-yaipen\/","url":"https:\/\/radiohuancayo.com.pe\/wp54\/grupo-5-niega-rumores-de-colaboracion-musical-entre-christian-cueva-y-christian-yaipen\/","name":"Grupo 5 niega rumores de colaboraci\u00f3n musical entre Christian Cueva y Christian Yaip\u00e9n - Radio Huancayo","isPartOf":{"@id":"https:\/\/radiohuancayo.com.pe\/wp54\/#website"},"primaryImageOfPage":{"@id":"https:\/\/radiohuancayo.com.pe\/wp54\/grupo-5-niega-rumores-de-colaboracion-musical-entre-christian-cueva-y-christian-yaipen\/#primaryimage"},"image":{"@id":"https:\/\/radiohuancayo.com.pe\/wp54\/grupo-5-niega-rumores-de-colaboracion-musical-entre-christian-cueva-y-christian-yaipen\/#primaryimage"},"thumbnailUrl":"https:\/\/radiohuancayo.com.pe\/wp54\/wp-content\/uploads\/2024\/11\/image-36.png","datePublished":"2024-11-13T22:26:17+00:00","dateModified":"2024-11-13T22:26:18+00:00","breadcrumb":{"@id":"https:\/\/radiohuancayo.com.pe\/wp54\/grupo-5-niega-rumores-de-colaboracion-musical-entre-christian-cueva-y-christian-yaipen\/#breadcrumb"},"inLanguage":"es","potentialAction":[{"@type":"ReadAction","target":["https:\/\/radiohuancayo.com.pe\/wp54\/grupo-5-niega-rumores-de-colaboracion-musical-entre-christian-cueva-y-christian-yaipen\/"]}]},{"@type":"ImageObject","inLanguage":"es","@id":"https:\/\/radiohuancayo.com.pe\/wp54\/grupo-5-niega-rumores-de-colaboracion-musical-entre-christian-cueva-y-christian-yaipen\/#primaryimage","url":"https:\/\/radiohuancayo.com.pe\/wp54\/wp-content\/uploads\/2024\/11\/image-36.png","contentUrl":"https:\/\/radiohuancayo.com.pe\/wp54\/wp-content\/uploads\/2024\/11\/image-36.png","width":824,"height":464},{"@type":"BreadcrumbList","@id":"https:\/\/radiohuancayo.com.pe\/wp54\/grupo-5-niega-rumores-de-colaboracion-musical-entre-christian-cueva-y-christian-yaipen\/#breadcrumb","itemListElement":[{"@type":"ListItem","position":1,"name":"Portada","item":"https:\/\/radiohuancayo.com.pe\/wp54\/"},{"@type":"ListItem","position":2,"name":"Grupo 5 niega rumores de colaboraci\u00f3n musical entre Christian Cueva y Christian Yaip\u00e9n"}]},{"@type":"WebSite","@id":"https:\/\/radiohuancayo.com.pe\/wp54\/#website","url":"https:\/\/radiohuancayo.com.pe\/wp54\/","name":"Radio Huancayo","description":"me gusta!!!","publisher":{"@id":"https:\/\/radiohuancayo.com.pe\/wp54\/#organization"},"potentialAction":[{"@type":"SearchAction","target":{"@type":"EntryPoint","urlTemplate":"https:\/\/radiohuancayo.com.pe\/wp54\/?s={search_term_string}"},"query-input":{"@type":"PropertyValueSpecification","valueRequired":true,"valueName":"search_term_string"}}],"inLanguage":"es"},{"@type":"Organization","@id":"https:\/\/radiohuancayo.com.pe\/wp54\/#organization","name":"Radio Huancayo","url":"https:\/\/radiohuancayo.com.pe\/wp54\/","logo":{"@type":"ImageObject","inLanguage":"es","@id":"https:\/\/radiohuancayo.com.pe\/wp54\/#\/schema\/logo\/image\/","url":"https:\/\/radiohuancayo.com.pe\/wp54\/wp-content\/uploads\/2022\/04\/CABE01.png","contentUrl":"https:\/\/radiohuancayo.com.pe\/wp54\/wp-content\/uploads\/2022\/04\/CABE01.png","width":1640,"height":300,"caption":"Radio Huancayo"},"image":{"@id":"https:\/\/radiohuancayo.com.pe\/wp54\/#\/schema\/logo\/image\/"}},{"@type":"Person","@id":"https:\/\/radiohuancayo.com.pe\/wp54\/#\/schema\/person\/53e7c63df918deff345a30606cbf878c","name":"admin","image":{"@type":"ImageObject","inLanguage":"es","@id":"https:\/\/secure.gravatar.com\/avatar\/3d9af84154e8f14d0ba4f62aa2abc4fcd3ee42a1c034539c08ef7c5615f414cb?s=96&d=mm&r=g","url":"https:\/\/secure.gravatar.com\/avatar\/3d9af84154e8f14d0ba4f62aa2abc4fcd3ee42a1c034539c08ef7c5615f414cb?s=96&d=mm&r=g","contentUrl":"https:\/\/secure.gravatar.com\/avatar\/3d9af84154e8f14d0ba4f62aa2abc4fcd3ee42a1c034539c08ef7c5615f414cb?s=96&d=mm&r=g","caption":"admin"},"sameAs":["https:\/\/radiohuancayo.com.pe\/wp54"],"url":"https:\/\/radiohuancayo.com.pe\/wp54\/author\/admin\/"}]}},"_links":{"self":[{"href":"https:\/\/radiohuancayo.com.pe\/wp54\/wp-json\/wp\/v2\/posts\/28873","targetHints":{"allow":["GET"]}}],"collection":[{"href":"https:\/\/radiohuancayo.com.pe\/wp54\/wp-json\/wp\/v2\/posts"}],"about":[{"href":"https:\/\/radiohuancayo.com.pe\/wp54\/wp-json\/wp\/v2\/types\/post"}],"author":[{"embeddable":true,"href":"https:\/\/radiohuancayo.com.pe\/wp54\/wp-json\/wp\/v2\/users\/1"}],"replies":[{"embeddable":true,"href":"https:\/\/radiohuancayo.com.pe\/wp54\/wp-json\/wp\/v2\/comments?post=28873"}],"version-history":[{"count":1,"href":"https:\/\/radiohuancayo.com.pe\/wp54\/wp-json\/wp\/v2\/posts\/28873\/revisions"}],"predecessor-version":[{"id":28875,"href":"https:\/\/radiohuancayo.com.pe\/wp54\/wp-json\/wp\/v2\/posts\/28873\/revisions\/28875"}],"wp:featuredmedia":[{"embeddable":true,"href":"https:\/\/radiohuancayo.com.pe\/wp54\/wp-json\/wp\/v2\/media\/28874"}],"wp:attachment":[{"href":"https:\/\/radiohuancayo.com.pe\/wp54\/wp-json\/wp\/v2\/media?parent=28873"}],"wp:term":[{"taxonomy":"category","embeddable":true,"href":"https:\/\/radiohuancayo.com.pe\/wp54\/wp-json\/wp\/v2\/categories?post=28873"},{"taxonomy":"post_tag","embeddable":true,"href":"https:\/\/radiohuancayo.com.pe\/wp54\/wp-json\/wp\/v2\/tags?post=28873"}],"curies":[{"name":"wp","href":"https:\/\/api.w.org\/{rel}","templated":true}]}}