{"id":28876,"date":"2024-11-13T17:31:15","date_gmt":"2024-11-13T22:31:15","guid":{"rendered":"https:\/\/radiohuancayo.com.pe\/wp54\/?p=28876"},"modified":"2024-11-13T17:31:16","modified_gmt":"2024-11-13T22:31:16","slug":"proponen-capacitar-a-karol-g-y-mas-artistas-en-derechos-del-nino-y-adolescentes-tras-polemica-por-cancion-57","status":"publish","type":"post","link":"https:\/\/radiohuancayo.com.pe\/wp54\/proponen-capacitar-a-karol-g-y-mas-artistas-en-derechos-del-nino-y-adolescentes-tras-polemica-por-cancion-57\/","title":{"rendered":"Proponen capacitar a Karol G y m\u00e1s artistas en Derechos del ni\u00f1o y adolescentes tras pol\u00e9mica por canci\u00f3n &#8216;+57&#8217;"},"content":{"rendered":"\n<p>Congresistas colombianos presentaron una proposici\u00f3n en la Comisi\u00f3n Segunda de la C\u00e1mara de Representantes para instar al Instituto Colombiano de Bienestar Familiar (ICBF) a que convoque a los autores de la canci\u00f3n +57, entre los que figuran Karol G, J Balvin, Feid o Maluma, a \u00abuna capacitaci\u00f3n sobre derechos de ni\u00f1os, ni\u00f1as y adolescentes y sobre prevenci\u00f3n de violencias en esta poblaci\u00f3n\u00bb.<\/p>\n\n\n\n<p>La proposici\u00f3n, a ser debatida, fue planteada a ra\u00edz de la pol\u00e9mica desatada por la canci\u00f3n compuesta y producida por los mencionados artistas colombianos.<\/p>\n\n\n\n<p>El sencillo, que tambi\u00e9n cuenta con la participaci\u00f3n de Blessed, Ryan Castro y DMZF, ha sido objeto de cr\u00edticas en redes sociales por versos que supuestamente hacen apolog\u00eda de la sexualizaci\u00f3n de menores.<\/p>\n\n\n\n<p><strong>El origen de la pol\u00e9mica<\/strong><br>La controversia comenz\u00f3 con la publicaci\u00f3n de una rese\u00f1a de la revista Rolling Stone en Espa\u00f1ol, que alert\u00f3 que \u00abel aspecto m\u00e1s preocupante de +57 es su letra. En un momento Feid y Maluma cantan: &#8216;una mamacita desde los fourteen (14)\/Entra a la disco y se siente ki\/Mami, estos shots yo me los doy por ti\u00bb.<\/p>\n\n\n\n<p>El propio presidente colombiano, Gustavo Petro, escribi\u00f3 un mensaje en su cuenta de X en referencia a la pol\u00e9mica considerando que \u00abest\u00e1 bien el debate cultural\u00bb y defendi\u00f3 que \u00abhay una confrontaci\u00f3n cultural entre la superficie y el fondo de las cosas que la juventud est\u00e1 librando en sus barrios\u00bb.<\/p>\n","protected":false},"excerpt":{"rendered":"<p>Congresistas colombianos presentaron una proposici\u00f3n en la Comisi\u00f3n Segunda de la C\u00e1mara de Representantes para instar al Instituto Colombiano de Bienestar Familiar (ICBF) a que convoque a los autores de la canci\u00f3n +57, entre los que figuran Karol G, J Balvin, Feid o Maluma, a \u00abuna capacitaci\u00f3n sobre derechos de ni\u00f1os, ni\u00f1as y adolescentes y sobre prevenci\u00f3n de violencias en esta poblaci\u00f3n\u00bb. La proposici\u00f3n, a ser debatida, fue planteada a ra\u00edz de la pol\u00e9mica desatada por la canci\u00f3n compuesta y producida por los mencionados artistas colombianos. El sencillo, que tambi\u00e9n cuenta con la participaci\u00f3n de Blessed, Ryan Castro y DMZF, ha sido objeto de cr\u00edticas en redes sociales por versos que supuestamente hacen apolog\u00eda de la sexualizaci\u00f3n de menores. El origen de la pol\u00e9micaLa controversia comenz\u00f3 con la publicaci\u00f3n de una rese\u00f1a de la revista Rolling Stone en Espa\u00f1ol, que alert\u00f3 que \u00abel aspecto m\u00e1s preocupante de +57 es su letra. En un momento Feid y Maluma cantan: &#8216;una mamacita desde los fourteen (14)\/Entra a la disco y se siente ki\/Mami, estos shots yo me los doy por ti\u00bb. El propio presidente colombiano, Gustavo Petro, escribi\u00f3 un mensaje en su cuenta de X en referencia a la pol\u00e9mica considerando que \u00abest\u00e1 bien el debate cultural\u00bb y defendi\u00f3 que \u00abhay una confrontaci\u00f3n cultural entre la superficie y el fondo de las cosas que la juventud est\u00e1 librando en sus barrios\u00bb.<\/p>\n","protected":false},"author":1,"featured_media":28877,"comment_status":"open","ping_status":"open","sticky":false,"template":"","format":"standard","meta":{"footnotes":""},"categories":[8],"tags":[],"class_list":["post-28876","post","type-post","status-publish","format-standard","has-post-thumbnail","hentry","category-espectaculos"],"yoast_head":"<!-- This site is optimized with the Yoast SEO plugin v27.5 - https:\/\/yoast.com\/product\/yoast-seo-wordpress\/ -->\n<title>Proponen capacitar a Karol G y m\u00e1s artistas en Derechos del ni\u00f1o y adolescentes tras pol\u00e9mica por canci\u00f3n &#039;+57&#039; - Radio Huancayo<\/title>\n<meta name=\"robots\" content=\"index, follow, max-snippet:-1, max-image-preview:large, max-video-preview:-1\" \/>\n<link rel=\"canonical\" href=\"https:\/\/radiohuancayo.com.pe\/wp54\/proponen-capacitar-a-karol-g-y-mas-artistas-en-derechos-del-nino-y-adolescentes-tras-polemica-por-cancion-57\/\" \/>\n<meta property=\"og:locale\" content=\"es_ES\" \/>\n<meta property=\"og:type\" content=\"article\" \/>\n<meta property=\"og:title\" content=\"Proponen capacitar a Karol G y m\u00e1s artistas en Derechos del ni\u00f1o y adolescentes tras pol\u00e9mica por canci\u00f3n &#039;+57&#039; - Radio Huancayo\" \/>\n<meta property=\"og:description\" content=\"Congresistas colombianos presentaron una proposici\u00f3n en la Comisi\u00f3n Segunda de la C\u00e1mara de Representantes para instar al Instituto Colombiano de Bienestar Familiar (ICBF) a que convoque a los autores de la canci\u00f3n +57, entre los que figuran Karol G, J Balvin, Feid o Maluma, a \u00abuna capacitaci\u00f3n sobre derechos de ni\u00f1os, ni\u00f1as y adolescentes y sobre prevenci\u00f3n de violencias en esta poblaci\u00f3n\u00bb. La proposici\u00f3n, a ser debatida, fue planteada a ra\u00edz de la pol\u00e9mica desatada por la canci\u00f3n compuesta y producida por los mencionados artistas colombianos. El sencillo, que tambi\u00e9n cuenta con la participaci\u00f3n de Blessed, Ryan Castro y DMZF, ha sido objeto de cr\u00edticas en redes sociales por versos que supuestamente hacen apolog\u00eda de la sexualizaci\u00f3n de menores. El origen de la pol\u00e9micaLa controversia comenz\u00f3 con la publicaci\u00f3n de una rese\u00f1a de la revista Rolling Stone en Espa\u00f1ol, que alert\u00f3 que \u00abel aspecto m\u00e1s preocupante de +57 es su letra. En un momento Feid y Maluma cantan: &#8216;una mamacita desde los fourteen (14)\/Entra a la disco y se siente ki\/Mami, estos shots yo me los doy por ti\u00bb. El propio presidente colombiano, Gustavo Petro, escribi\u00f3 un mensaje en su cuenta de X en referencia a la pol\u00e9mica considerando que \u00abest\u00e1 bien el debate cultural\u00bb y defendi\u00f3 que \u00abhay una confrontaci\u00f3n cultural entre la superficie y el fondo de las cosas que la juventud est\u00e1 librando en sus barrios\u00bb.\" \/>\n<meta property=\"og:url\" content=\"https:\/\/radiohuancayo.com.pe\/wp54\/proponen-capacitar-a-karol-g-y-mas-artistas-en-derechos-del-nino-y-adolescentes-tras-polemica-por-cancion-57\/\" \/>\n<meta property=\"og:site_name\" content=\"Radio Huancayo\" \/>\n<meta property=\"article:published_time\" content=\"2024-11-13T22:31:15+00:00\" \/>\n<meta property=\"article:modified_time\" content=\"2024-11-13T22:31:16+00:00\" \/>\n<meta property=\"og:image\" content=\"https:\/\/radiohuancayo.com.pe\/wp54\/wp-content\/uploads\/2024\/11\/image-37.png\" \/>\n\t<meta property=\"og:image:width\" content=\"1200\" \/>\n\t<meta property=\"og:image:height\" content=\"675\" \/>\n\t<meta property=\"og:image:type\" content=\"image\/png\" \/>\n<meta name=\"author\" content=\"admin\" \/>\n<meta name=\"twitter:card\" content=\"summary_large_image\" \/>\n<meta name=\"twitter:label1\" content=\"Escrito por\" \/>\n\t<meta name=\"twitter:data1\" content=\"admin\" \/>\n\t<meta name=\"twitter:label2\" content=\"Tiempo de lectura\" \/>\n\t<meta name=\"twitter:data2\" content=\"2 minutos\" \/>\n<script type=\"application\/ld+json\" class=\"yoast-schema-graph\">{\"@context\":\"https:\\\/\\\/schema.org\",\"@graph\":[{\"@type\":\"Article\",\"@id\":\"https:\\\/\\\/radiohuancayo.com.pe\\\/wp54\\\/proponen-capacitar-a-karol-g-y-mas-artistas-en-derechos-del-nino-y-adolescentes-tras-polemica-por-cancion-57\\\/#article\",\"isPartOf\":{\"@id\":\"https:\\\/\\\/radiohuancayo.com.pe\\\/wp54\\\/proponen-capacitar-a-karol-g-y-mas-artistas-en-derechos-del-nino-y-adolescentes-tras-polemica-por-cancion-57\\\/\"},\"author\":{\"name\":\"admin\",\"@id\":\"https:\\\/\\\/radiohuancayo.com.pe\\\/wp54\\\/#\\\/schema\\\/person\\\/53e7c63df918deff345a30606cbf878c\"},\"headline\":\"Proponen capacitar a Karol G y m\u00e1s artistas en Derechos del ni\u00f1o y adolescentes tras pol\u00e9mica por canci\u00f3n &#8216;+57&#8217;\",\"datePublished\":\"2024-11-13T22:31:15+00:00\",\"dateModified\":\"2024-11-13T22:31:16+00:00\",\"mainEntityOfPage\":{\"@id\":\"https:\\\/\\\/radiohuancayo.com.pe\\\/wp54\\\/proponen-capacitar-a-karol-g-y-mas-artistas-en-derechos-del-nino-y-adolescentes-tras-polemica-por-cancion-57\\\/\"},\"wordCount\":278,\"commentCount\":0,\"publisher\":{\"@id\":\"https:\\\/\\\/radiohuancayo.com.pe\\\/wp54\\\/#organization\"},\"image\":{\"@id\":\"https:\\\/\\\/radiohuancayo.com.pe\\\/wp54\\\/proponen-capacitar-a-karol-g-y-mas-artistas-en-derechos-del-nino-y-adolescentes-tras-polemica-por-cancion-57\\\/#primaryimage\"},\"thumbnailUrl\":\"https:\\\/\\\/radiohuancayo.com.pe\\\/wp54\\\/wp-content\\\/uploads\\\/2024\\\/11\\\/image-37.png\",\"articleSection\":[\"Espect\u00e1culos\"],\"inLanguage\":\"es\",\"potentialAction\":[{\"@type\":\"CommentAction\",\"name\":\"Comment\",\"target\":[\"https:\\\/\\\/radiohuancayo.com.pe\\\/wp54\\\/proponen-capacitar-a-karol-g-y-mas-artistas-en-derechos-del-nino-y-adolescentes-tras-polemica-por-cancion-57\\\/#respond\"]}]},{\"@type\":\"WebPage\",\"@id\":\"https:\\\/\\\/radiohuancayo.com.pe\\\/wp54\\\/proponen-capacitar-a-karol-g-y-mas-artistas-en-derechos-del-nino-y-adolescentes-tras-polemica-por-cancion-57\\\/\",\"url\":\"https:\\\/\\\/radiohuancayo.com.pe\\\/wp54\\\/proponen-capacitar-a-karol-g-y-mas-artistas-en-derechos-del-nino-y-adolescentes-tras-polemica-por-cancion-57\\\/\",\"name\":\"Proponen capacitar a Karol G y m\u00e1s artistas en Derechos del ni\u00f1o y adolescentes tras pol\u00e9mica por canci\u00f3n '+57' - Radio Huancayo\",\"isPartOf\":{\"@id\":\"https:\\\/\\\/radiohuancayo.com.pe\\\/wp54\\\/#website\"},\"primaryImageOfPage\":{\"@id\":\"https:\\\/\\\/radiohuancayo.com.pe\\\/wp54\\\/proponen-capacitar-a-karol-g-y-mas-artistas-en-derechos-del-nino-y-adolescentes-tras-polemica-por-cancion-57\\\/#primaryimage\"},\"image\":{\"@id\":\"https:\\\/\\\/radiohuancayo.com.pe\\\/wp54\\\/proponen-capacitar-a-karol-g-y-mas-artistas-en-derechos-del-nino-y-adolescentes-tras-polemica-por-cancion-57\\\/#primaryimage\"},\"thumbnailUrl\":\"https:\\\/\\\/radiohuancayo.com.pe\\\/wp54\\\/wp-content\\\/uploads\\\/2024\\\/11\\\/image-37.png\",\"datePublished\":\"2024-11-13T22:31:15+00:00\",\"dateModified\":\"2024-11-13T22:31:16+00:00\",\"breadcrumb\":{\"@id\":\"https:\\\/\\\/radiohuancayo.com.pe\\\/wp54\\\/proponen-capacitar-a-karol-g-y-mas-artistas-en-derechos-del-nino-y-adolescentes-tras-polemica-por-cancion-57\\\/#breadcrumb\"},\"inLanguage\":\"es\",\"potentialAction\":[{\"@type\":\"ReadAction\",\"target\":[\"https:\\\/\\\/radiohuancayo.com.pe\\\/wp54\\\/proponen-capacitar-a-karol-g-y-mas-artistas-en-derechos-del-nino-y-adolescentes-tras-polemica-por-cancion-57\\\/\"]}]},{\"@type\":\"ImageObject\",\"inLanguage\":\"es\",\"@id\":\"https:\\\/\\\/radiohuancayo.com.pe\\\/wp54\\\/proponen-capacitar-a-karol-g-y-mas-artistas-en-derechos-del-nino-y-adolescentes-tras-polemica-por-cancion-57\\\/#primaryimage\",\"url\":\"https:\\\/\\\/radiohuancayo.com.pe\\\/wp54\\\/wp-content\\\/uploads\\\/2024\\\/11\\\/image-37.png\",\"contentUrl\":\"https:\\\/\\\/radiohuancayo.com.pe\\\/wp54\\\/wp-content\\\/uploads\\\/2024\\\/11\\\/image-37.png\",\"width\":1200,\"height\":675},{\"@type\":\"BreadcrumbList\",\"@id\":\"https:\\\/\\\/radiohuancayo.com.pe\\\/wp54\\\/proponen-capacitar-a-karol-g-y-mas-artistas-en-derechos-del-nino-y-adolescentes-tras-polemica-por-cancion-57\\\/#breadcrumb\",\"itemListElement\":[{\"@type\":\"ListItem\",\"position\":1,\"name\":\"Portada\",\"item\":\"https:\\\/\\\/radiohuancayo.com.pe\\\/wp54\\\/\"},{\"@type\":\"ListItem\",\"position\":2,\"name\":\"Proponen capacitar a Karol G y m\u00e1s artistas en Derechos del ni\u00f1o y adolescentes tras pol\u00e9mica por canci\u00f3n &#8216;+57&#8217;\"}]},{\"@type\":\"WebSite\",\"@id\":\"https:\\\/\\\/radiohuancayo.com.pe\\\/wp54\\\/#website\",\"url\":\"https:\\\/\\\/radiohuancayo.com.pe\\\/wp54\\\/\",\"name\":\"Radio Huancayo\",\"description\":\"me gusta!!!\",\"publisher\":{\"@id\":\"https:\\\/\\\/radiohuancayo.com.pe\\\/wp54\\\/#organization\"},\"potentialAction\":[{\"@type\":\"SearchAction\",\"target\":{\"@type\":\"EntryPoint\",\"urlTemplate\":\"https:\\\/\\\/radiohuancayo.com.pe\\\/wp54\\\/?s={search_term_string}\"},\"query-input\":{\"@type\":\"PropertyValueSpecification\",\"valueRequired\":true,\"valueName\":\"search_term_string\"}}],\"inLanguage\":\"es\"},{\"@type\":\"Organization\",\"@id\":\"https:\\\/\\\/radiohuancayo.com.pe\\\/wp54\\\/#organization\",\"name\":\"Radio Huancayo\",\"url\":\"https:\\\/\\\/radiohuancayo.com.pe\\\/wp54\\\/\",\"logo\":{\"@type\":\"ImageObject\",\"inLanguage\":\"es\",\"@id\":\"https:\\\/\\\/radiohuancayo.com.pe\\\/wp54\\\/#\\\/schema\\\/logo\\\/image\\\/\",\"url\":\"https:\\\/\\\/radiohuancayo.com.pe\\\/wp54\\\/wp-content\\\/uploads\\\/2022\\\/04\\\/CABE01.png\",\"contentUrl\":\"https:\\\/\\\/radiohuancayo.com.pe\\\/wp54\\\/wp-content\\\/uploads\\\/2022\\\/04\\\/CABE01.png\",\"width\":1640,\"height\":300,\"caption\":\"Radio Huancayo\"},\"image\":{\"@id\":\"https:\\\/\\\/radiohuancayo.com.pe\\\/wp54\\\/#\\\/schema\\\/logo\\\/image\\\/\"}},{\"@type\":\"Person\",\"@id\":\"https:\\\/\\\/radiohuancayo.com.pe\\\/wp54\\\/#\\\/schema\\\/person\\\/53e7c63df918deff345a30606cbf878c\",\"name\":\"admin\",\"image\":{\"@type\":\"ImageObject\",\"inLanguage\":\"es\",\"@id\":\"https:\\\/\\\/secure.gravatar.com\\\/avatar\\\/3d9af84154e8f14d0ba4f62aa2abc4fcd3ee42a1c034539c08ef7c5615f414cb?s=96&d=mm&r=g\",\"url\":\"https:\\\/\\\/secure.gravatar.com\\\/avatar\\\/3d9af84154e8f14d0ba4f62aa2abc4fcd3ee42a1c034539c08ef7c5615f414cb?s=96&d=mm&r=g\",\"contentUrl\":\"https:\\\/\\\/secure.gravatar.com\\\/avatar\\\/3d9af84154e8f14d0ba4f62aa2abc4fcd3ee42a1c034539c08ef7c5615f414cb?s=96&d=mm&r=g\",\"caption\":\"admin\"},\"sameAs\":[\"https:\\\/\\\/radiohuancayo.com.pe\\\/wp54\"],\"url\":\"https:\\\/\\\/radiohuancayo.com.pe\\\/wp54\\\/author\\\/admin\\\/\"}]}<\/script>\n<!-- \/ Yoast SEO plugin. -->","yoast_head_json":{"title":"Proponen capacitar a Karol G y m\u00e1s artistas en Derechos del ni\u00f1o y adolescentes tras pol\u00e9mica por canci\u00f3n '+57' - Radio Huancayo","robots":{"index":"index","follow":"follow","max-snippet":"max-snippet:-1","max-image-preview":"max-image-preview:large","max-video-preview":"max-video-preview:-1"},"canonical":"https:\/\/radiohuancayo.com.pe\/wp54\/proponen-capacitar-a-karol-g-y-mas-artistas-en-derechos-del-nino-y-adolescentes-tras-polemica-por-cancion-57\/","og_locale":"es_ES","og_type":"article","og_title":"Proponen capacitar a Karol G y m\u00e1s artistas en Derechos del ni\u00f1o y adolescentes tras pol\u00e9mica por canci\u00f3n '+57' - Radio Huancayo","og_description":"Congresistas colombianos presentaron una proposici\u00f3n en la Comisi\u00f3n Segunda de la C\u00e1mara de Representantes para instar al Instituto Colombiano de Bienestar Familiar (ICBF) a que convoque a los autores de la canci\u00f3n +57, entre los que figuran Karol G, J Balvin, Feid o Maluma, a \u00abuna capacitaci\u00f3n sobre derechos de ni\u00f1os, ni\u00f1as y adolescentes y sobre prevenci\u00f3n de violencias en esta poblaci\u00f3n\u00bb. La proposici\u00f3n, a ser debatida, fue planteada a ra\u00edz de la pol\u00e9mica desatada por la canci\u00f3n compuesta y producida por los mencionados artistas colombianos. El sencillo, que tambi\u00e9n cuenta con la participaci\u00f3n de Blessed, Ryan Castro y DMZF, ha sido objeto de cr\u00edticas en redes sociales por versos que supuestamente hacen apolog\u00eda de la sexualizaci\u00f3n de menores. El origen de la pol\u00e9micaLa controversia comenz\u00f3 con la publicaci\u00f3n de una rese\u00f1a de la revista Rolling Stone en Espa\u00f1ol, que alert\u00f3 que \u00abel aspecto m\u00e1s preocupante de +57 es su letra. En un momento Feid y Maluma cantan: &#8216;una mamacita desde los fourteen (14)\/Entra a la disco y se siente ki\/Mami, estos shots yo me los doy por ti\u00bb. El propio presidente colombiano, Gustavo Petro, escribi\u00f3 un mensaje en su cuenta de X en referencia a la pol\u00e9mica considerando que \u00abest\u00e1 bien el debate cultural\u00bb y defendi\u00f3 que \u00abhay una confrontaci\u00f3n cultural entre la superficie y el fondo de las cosas que la juventud est\u00e1 librando en sus barrios\u00bb.","og_url":"https:\/\/radiohuancayo.com.pe\/wp54\/proponen-capacitar-a-karol-g-y-mas-artistas-en-derechos-del-nino-y-adolescentes-tras-polemica-por-cancion-57\/","og_site_name":"Radio Huancayo","article_published_time":"2024-11-13T22:31:15+00:00","article_modified_time":"2024-11-13T22:31:16+00:00","og_image":[{"width":1200,"height":675,"url":"https:\/\/radiohuancayo.com.pe\/wp54\/wp-content\/uploads\/2024\/11\/image-37.png","type":"image\/png"}],"author":"admin","twitter_card":"summary_large_image","twitter_misc":{"Escrito por":"admin","Tiempo de lectura":"2 minutos"},"schema":{"@context":"https:\/\/schema.org","@graph":[{"@type":"Article","@id":"https:\/\/radiohuancayo.com.pe\/wp54\/proponen-capacitar-a-karol-g-y-mas-artistas-en-derechos-del-nino-y-adolescentes-tras-polemica-por-cancion-57\/#article","isPartOf":{"@id":"https:\/\/radiohuancayo.com.pe\/wp54\/proponen-capacitar-a-karol-g-y-mas-artistas-en-derechos-del-nino-y-adolescentes-tras-polemica-por-cancion-57\/"},"author":{"name":"admin","@id":"https:\/\/radiohuancayo.com.pe\/wp54\/#\/schema\/person\/53e7c63df918deff345a30606cbf878c"},"headline":"Proponen capacitar a Karol G y m\u00e1s artistas en Derechos del ni\u00f1o y adolescentes tras pol\u00e9mica por canci\u00f3n &#8216;+57&#8217;","datePublished":"2024-11-13T22:31:15+00:00","dateModified":"2024-11-13T22:31:16+00:00","mainEntityOfPage":{"@id":"https:\/\/radiohuancayo.com.pe\/wp54\/proponen-capacitar-a-karol-g-y-mas-artistas-en-derechos-del-nino-y-adolescentes-tras-polemica-por-cancion-57\/"},"wordCount":278,"commentCount":0,"publisher":{"@id":"https:\/\/radiohuancayo.com.pe\/wp54\/#organization"},"image":{"@id":"https:\/\/radiohuancayo.com.pe\/wp54\/proponen-capacitar-a-karol-g-y-mas-artistas-en-derechos-del-nino-y-adolescentes-tras-polemica-por-cancion-57\/#primaryimage"},"thumbnailUrl":"https:\/\/radiohuancayo.com.pe\/wp54\/wp-content\/uploads\/2024\/11\/image-37.png","articleSection":["Espect\u00e1culos"],"inLanguage":"es","potentialAction":[{"@type":"CommentAction","name":"Comment","target":["https:\/\/radiohuancayo.com.pe\/wp54\/proponen-capacitar-a-karol-g-y-mas-artistas-en-derechos-del-nino-y-adolescentes-tras-polemica-por-cancion-57\/#respond"]}]},{"@type":"WebPage","@id":"https:\/\/radiohuancayo.com.pe\/wp54\/proponen-capacitar-a-karol-g-y-mas-artistas-en-derechos-del-nino-y-adolescentes-tras-polemica-por-cancion-57\/","url":"https:\/\/radiohuancayo.com.pe\/wp54\/proponen-capacitar-a-karol-g-y-mas-artistas-en-derechos-del-nino-y-adolescentes-tras-polemica-por-cancion-57\/","name":"Proponen capacitar a Karol G y m\u00e1s artistas en Derechos del ni\u00f1o y adolescentes tras pol\u00e9mica por canci\u00f3n '+57' - Radio Huancayo","isPartOf":{"@id":"https:\/\/radiohuancayo.com.pe\/wp54\/#website"},"primaryImageOfPage":{"@id":"https:\/\/radiohuancayo.com.pe\/wp54\/proponen-capacitar-a-karol-g-y-mas-artistas-en-derechos-del-nino-y-adolescentes-tras-polemica-por-cancion-57\/#primaryimage"},"image":{"@id":"https:\/\/radiohuancayo.com.pe\/wp54\/proponen-capacitar-a-karol-g-y-mas-artistas-en-derechos-del-nino-y-adolescentes-tras-polemica-por-cancion-57\/#primaryimage"},"thumbnailUrl":"https:\/\/radiohuancayo.com.pe\/wp54\/wp-content\/uploads\/2024\/11\/image-37.png","datePublished":"2024-11-13T22:31:15+00:00","dateModified":"2024-11-13T22:31:16+00:00","breadcrumb":{"@id":"https:\/\/radiohuancayo.com.pe\/wp54\/proponen-capacitar-a-karol-g-y-mas-artistas-en-derechos-del-nino-y-adolescentes-tras-polemica-por-cancion-57\/#breadcrumb"},"inLanguage":"es","potentialAction":[{"@type":"ReadAction","target":["https:\/\/radiohuancayo.com.pe\/wp54\/proponen-capacitar-a-karol-g-y-mas-artistas-en-derechos-del-nino-y-adolescentes-tras-polemica-por-cancion-57\/"]}]},{"@type":"ImageObject","inLanguage":"es","@id":"https:\/\/radiohuancayo.com.pe\/wp54\/proponen-capacitar-a-karol-g-y-mas-artistas-en-derechos-del-nino-y-adolescentes-tras-polemica-por-cancion-57\/#primaryimage","url":"https:\/\/radiohuancayo.com.pe\/wp54\/wp-content\/uploads\/2024\/11\/image-37.png","contentUrl":"https:\/\/radiohuancayo.com.pe\/wp54\/wp-content\/uploads\/2024\/11\/image-37.png","width":1200,"height":675},{"@type":"BreadcrumbList","@id":"https:\/\/radiohuancayo.com.pe\/wp54\/proponen-capacitar-a-karol-g-y-mas-artistas-en-derechos-del-nino-y-adolescentes-tras-polemica-por-cancion-57\/#breadcrumb","itemListElement":[{"@type":"ListItem","position":1,"name":"Portada","item":"https:\/\/radiohuancayo.com.pe\/wp54\/"},{"@type":"ListItem","position":2,"name":"Proponen capacitar a Karol G y m\u00e1s artistas en Derechos del ni\u00f1o y adolescentes tras pol\u00e9mica por canci\u00f3n &#8216;+57&#8217;"}]},{"@type":"WebSite","@id":"https:\/\/radiohuancayo.com.pe\/wp54\/#website","url":"https:\/\/radiohuancayo.com.pe\/wp54\/","name":"Radio Huancayo","description":"me gusta!!!","publisher":{"@id":"https:\/\/radiohuancayo.com.pe\/wp54\/#organization"},"potentialAction":[{"@type":"SearchAction","target":{"@type":"EntryPoint","urlTemplate":"https:\/\/radiohuancayo.com.pe\/wp54\/?s={search_term_string}"},"query-input":{"@type":"PropertyValueSpecification","valueRequired":true,"valueName":"search_term_string"}}],"inLanguage":"es"},{"@type":"Organization","@id":"https:\/\/radiohuancayo.com.pe\/wp54\/#organization","name":"Radio Huancayo","url":"https:\/\/radiohuancayo.com.pe\/wp54\/","logo":{"@type":"ImageObject","inLanguage":"es","@id":"https:\/\/radiohuancayo.com.pe\/wp54\/#\/schema\/logo\/image\/","url":"https:\/\/radiohuancayo.com.pe\/wp54\/wp-content\/uploads\/2022\/04\/CABE01.png","contentUrl":"https:\/\/radiohuancayo.com.pe\/wp54\/wp-content\/uploads\/2022\/04\/CABE01.png","width":1640,"height":300,"caption":"Radio Huancayo"},"image":{"@id":"https:\/\/radiohuancayo.com.pe\/wp54\/#\/schema\/logo\/image\/"}},{"@type":"Person","@id":"https:\/\/radiohuancayo.com.pe\/wp54\/#\/schema\/person\/53e7c63df918deff345a30606cbf878c","name":"admin","image":{"@type":"ImageObject","inLanguage":"es","@id":"https:\/\/secure.gravatar.com\/avatar\/3d9af84154e8f14d0ba4f62aa2abc4fcd3ee42a1c034539c08ef7c5615f414cb?s=96&d=mm&r=g","url":"https:\/\/secure.gravatar.com\/avatar\/3d9af84154e8f14d0ba4f62aa2abc4fcd3ee42a1c034539c08ef7c5615f414cb?s=96&d=mm&r=g","contentUrl":"https:\/\/secure.gravatar.com\/avatar\/3d9af84154e8f14d0ba4f62aa2abc4fcd3ee42a1c034539c08ef7c5615f414cb?s=96&d=mm&r=g","caption":"admin"},"sameAs":["https:\/\/radiohuancayo.com.pe\/wp54"],"url":"https:\/\/radiohuancayo.com.pe\/wp54\/author\/admin\/"}]}},"_links":{"self":[{"href":"https:\/\/radiohuancayo.com.pe\/wp54\/wp-json\/wp\/v2\/posts\/28876","targetHints":{"allow":["GET"]}}],"collection":[{"href":"https:\/\/radiohuancayo.com.pe\/wp54\/wp-json\/wp\/v2\/posts"}],"about":[{"href":"https:\/\/radiohuancayo.com.pe\/wp54\/wp-json\/wp\/v2\/types\/post"}],"author":[{"embeddable":true,"href":"https:\/\/radiohuancayo.com.pe\/wp54\/wp-json\/wp\/v2\/users\/1"}],"replies":[{"embeddable":true,"href":"https:\/\/radiohuancayo.com.pe\/wp54\/wp-json\/wp\/v2\/comments?post=28876"}],"version-history":[{"count":1,"href":"https:\/\/radiohuancayo.com.pe\/wp54\/wp-json\/wp\/v2\/posts\/28876\/revisions"}],"predecessor-version":[{"id":28878,"href":"https:\/\/radiohuancayo.com.pe\/wp54\/wp-json\/wp\/v2\/posts\/28876\/revisions\/28878"}],"wp:featuredmedia":[{"embeddable":true,"href":"https:\/\/radiohuancayo.com.pe\/wp54\/wp-json\/wp\/v2\/media\/28877"}],"wp:attachment":[{"href":"https:\/\/radiohuancayo.com.pe\/wp54\/wp-json\/wp\/v2\/media?parent=28876"}],"wp:term":[{"taxonomy":"category","embeddable":true,"href":"https:\/\/radiohuancayo.com.pe\/wp54\/wp-json\/wp\/v2\/categories?post=28876"},{"taxonomy":"post_tag","embeddable":true,"href":"https:\/\/radiohuancayo.com.pe\/wp54\/wp-json\/wp\/v2\/tags?post=28876"}],"curies":[{"name":"wp","href":"https:\/\/api.w.org\/{rel}","templated":true}]}}