{"id":28915,"date":"2024-11-21T16:36:48","date_gmt":"2024-11-21T21:36:48","guid":{"rendered":"https:\/\/radiohuancayo.com.pe\/wp54\/?p=28915"},"modified":"2024-11-21T16:36:48","modified_gmt":"2024-11-21T21:36:48","slug":"adfp-mando-carta-notarial-a-fpf-para-que-le-devuelva-organizacion-del-torneo-de-primera","status":"publish","type":"post","link":"https:\/\/radiohuancayo.com.pe\/wp54\/adfp-mando-carta-notarial-a-fpf-para-que-le-devuelva-organizacion-del-torneo-de-primera\/","title":{"rendered":"ADFP mand\u00f3 carta notarial a FPF para que le devuelva organizaci\u00f3n del torneo de Primera"},"content":{"rendered":"\n<p>La Asociaci\u00f3n Deportiva de F\u00fatbol Profesional (ADFP) envi\u00f3 una carta notarial a la<strong>&nbsp;Federaci\u00f3n Peruana de F\u00fatbol (FPF)<\/strong>&nbsp;solicitando el retorno de la organizaci\u00f3n del torneo de Primera Divisi\u00f3n a la entidad que preside \u00d3scar Romero.&nbsp;<\/p>\n\n\n\n<p><a href=\"https:\/\/cdn.ovacion.pe\/videos\/2024-11\/Carta%20Notarial%20a%20la%20FPF.pdf\"><strong>VER DOCUMENTO<\/strong><\/a><\/p>\n\n\n\n<p>El escrito comienza indicando: \u201cLa FPF, administrada por el entonces Sr. Edwin Oviedo Picchotito, comunic\u00f3 a esta instituci\u00f3n que, tras evaluaciones y recomendaciones de una misi\u00f3n especial de la FIFA que visit\u00f3 el pa\u00eds en marzo de 2018, asum\u00eda de manera temporal la gesti\u00f3n y organizaci\u00f3n del \u2018Campeonato de F\u00fatbol Profesional de Primera Divisi\u00f3n y Segunda Divisi\u00f3n\u2019 desde el 1 de enero de 2019, por un lapso de cuatro a\u00f1os, habiendo sido relegados de nuestras funciones de organizaci\u00f3n y administraci\u00f3n del campeonato nacional de f\u00fatbol profesional de manera temporal\u201d.<\/p>\n\n\n\n<p>La carta notarial contin\u00faa: \u201cAnte los lamentables y vergonzosos acontecimientos ocurridos con el presidente de la FPF, Agust\u00edn Lozano Saavedra, y los miembros integrantes de la junta directiva de la FPF, a quienes se les imputa la comisi\u00f3n de presuntos delitos de organizaci\u00f3n criminal, lavado de activos, fraude en la administraci\u00f3n de personas jur\u00eddicas, entre otros agravios al Estado\u201d.<\/p>\n\n\n\n<p>\u201cEsto ha desprestigiado a\u00fan m\u00e1s al f\u00fatbol en todas sus divisiones, tanto profesionales como no profesionales. Por todo ello, solicitamos retomar la organizaci\u00f3n y administraci\u00f3n del Campeonato de F\u00fatbol Profesional de Primera Divisi\u00f3n\u201d.<\/p>\n\n\n\n<p>Finalmente, la ADFP enfatiz\u00f3: \u201cDada nuestra experiencia en la organizaci\u00f3n y administraci\u00f3n de las actividades deportivas del f\u00fatbol profesional, y el desarrollo \u00f3ptimo que mantuvimos hasta el a\u00f1o 2018, consideramos que, mientras las autoridades competentes resuelvan la controversia en torno a la figura del se\u00f1or Agust\u00edn Lozano Saavedra y los miembros de la Junta Directiva respecto a los presuntos delitos que supuestamente han cometido en agravio del Estado, la FPF y otros, nos corresponde a nosotros como instituci\u00f3n la organizaci\u00f3n y administraci\u00f3n del campeonato antes mencionado, garantizando as\u00ed el normal desarrollo de las actividades deportivas\u201d.<\/p>\n","protected":false},"excerpt":{"rendered":"<p>La Asociaci\u00f3n Deportiva de F\u00fatbol Profesional (ADFP) envi\u00f3 una carta notarial a la&nbsp;Federaci\u00f3n Peruana de F\u00fatbol (FPF)&nbsp;solicitando el retorno de la organizaci\u00f3n del torneo de Primera Divisi\u00f3n a la entidad que preside \u00d3scar Romero.&nbsp; VER DOCUMENTO El escrito comienza indicando: \u201cLa FPF, administrada por el entonces Sr. Edwin Oviedo Picchotito, comunic\u00f3 a esta instituci\u00f3n que, tras evaluaciones y recomendaciones de una misi\u00f3n especial de la FIFA que visit\u00f3 el pa\u00eds en marzo de 2018, asum\u00eda de manera temporal la gesti\u00f3n y organizaci\u00f3n del \u2018Campeonato de F\u00fatbol Profesional de Primera Divisi\u00f3n y Segunda Divisi\u00f3n\u2019 desde el 1 de enero de 2019, por un lapso de cuatro a\u00f1os, habiendo sido relegados de nuestras funciones de organizaci\u00f3n y administraci\u00f3n del campeonato nacional de f\u00fatbol profesional de manera temporal\u201d. La carta notarial contin\u00faa: \u201cAnte los lamentables y vergonzosos acontecimientos ocurridos con el presidente de la FPF, Agust\u00edn Lozano Saavedra, y los miembros integrantes de la junta directiva de la FPF, a quienes se les imputa la comisi\u00f3n de presuntos delitos de organizaci\u00f3n criminal, lavado de activos, fraude en la administraci\u00f3n de personas jur\u00eddicas, entre otros agravios al Estado\u201d. \u201cEsto ha desprestigiado a\u00fan m\u00e1s al f\u00fatbol en todas sus divisiones, tanto profesionales como no profesionales. Por todo ello, solicitamos retomar la organizaci\u00f3n y administraci\u00f3n del Campeonato de F\u00fatbol Profesional de Primera Divisi\u00f3n\u201d. Finalmente, la ADFP enfatiz\u00f3: \u201cDada nuestra experiencia en la organizaci\u00f3n y administraci\u00f3n de las actividades deportivas del f\u00fatbol profesional, y el desarrollo \u00f3ptimo que mantuvimos hasta el a\u00f1o 2018, consideramos que, mientras las autoridades competentes resuelvan la controversia en torno a la figura del se\u00f1or Agust\u00edn Lozano Saavedra y los miembros de la Junta Directiva respecto a los presuntos delitos que supuestamente han cometido en agravio del Estado, la FPF y otros, nos corresponde a nosotros como instituci\u00f3n la organizaci\u00f3n y administraci\u00f3n del campeonato antes mencionado, garantizando as\u00ed el normal desarrollo de las actividades deportivas\u201d.<\/p>\n","protected":false},"author":2,"featured_media":28916,"comment_status":"open","ping_status":"open","sticky":false,"template":"","format":"standard","meta":{"footnotes":""},"categories":[7],"tags":[],"class_list":["post-28915","post","type-post","status-publish","format-standard","has-post-thumbnail","hentry","category-deportes"],"yoast_head":"<!-- This site is optimized with the Yoast SEO plugin v27.5 - https:\/\/yoast.com\/product\/yoast-seo-wordpress\/ -->\n<title>ADFP mand\u00f3 carta notarial a FPF para que le devuelva organizaci\u00f3n del torneo de Primera - Radio Huancayo<\/title>\n<meta name=\"robots\" content=\"index, follow, max-snippet:-1, max-image-preview:large, max-video-preview:-1\" \/>\n<link rel=\"canonical\" href=\"https:\/\/radiohuancayo.com.pe\/wp54\/adfp-mando-carta-notarial-a-fpf-para-que-le-devuelva-organizacion-del-torneo-de-primera\/\" \/>\n<meta property=\"og:locale\" content=\"es_ES\" \/>\n<meta property=\"og:type\" content=\"article\" \/>\n<meta property=\"og:title\" content=\"ADFP mand\u00f3 carta notarial a FPF para que le devuelva organizaci\u00f3n del torneo de Primera - Radio Huancayo\" \/>\n<meta property=\"og:description\" content=\"La Asociaci\u00f3n Deportiva de F\u00fatbol Profesional (ADFP) envi\u00f3 una carta notarial a la&nbsp;Federaci\u00f3n Peruana de F\u00fatbol (FPF)&nbsp;solicitando el retorno de la organizaci\u00f3n del torneo de Primera Divisi\u00f3n a la entidad que preside \u00d3scar Romero.&nbsp; VER DOCUMENTO El escrito comienza indicando: \u201cLa FPF, administrada por el entonces Sr. Edwin Oviedo Picchotito, comunic\u00f3 a esta instituci\u00f3n que, tras evaluaciones y recomendaciones de una misi\u00f3n especial de la FIFA que visit\u00f3 el pa\u00eds en marzo de 2018, asum\u00eda de manera temporal la gesti\u00f3n y organizaci\u00f3n del \u2018Campeonato de F\u00fatbol Profesional de Primera Divisi\u00f3n y Segunda Divisi\u00f3n\u2019 desde el 1 de enero de 2019, por un lapso de cuatro a\u00f1os, habiendo sido relegados de nuestras funciones de organizaci\u00f3n y administraci\u00f3n del campeonato nacional de f\u00fatbol profesional de manera temporal\u201d. La carta notarial contin\u00faa: \u201cAnte los lamentables y vergonzosos acontecimientos ocurridos con el presidente de la FPF, Agust\u00edn Lozano Saavedra, y los miembros integrantes de la junta directiva de la FPF, a quienes se les imputa la comisi\u00f3n de presuntos delitos de organizaci\u00f3n criminal, lavado de activos, fraude en la administraci\u00f3n de personas jur\u00eddicas, entre otros agravios al Estado\u201d. \u201cEsto ha desprestigiado a\u00fan m\u00e1s al f\u00fatbol en todas sus divisiones, tanto profesionales como no profesionales. Por todo ello, solicitamos retomar la organizaci\u00f3n y administraci\u00f3n del Campeonato de F\u00fatbol Profesional de Primera Divisi\u00f3n\u201d. Finalmente, la ADFP enfatiz\u00f3: \u201cDada nuestra experiencia en la organizaci\u00f3n y administraci\u00f3n de las actividades deportivas del f\u00fatbol profesional, y el desarrollo \u00f3ptimo que mantuvimos hasta el a\u00f1o 2018, consideramos que, mientras las autoridades competentes resuelvan la controversia en torno a la figura del se\u00f1or Agust\u00edn Lozano Saavedra y los miembros de la Junta Directiva respecto a los presuntos delitos que supuestamente han cometido en agravio del Estado, la FPF y otros, nos corresponde a nosotros como instituci\u00f3n la organizaci\u00f3n y administraci\u00f3n del campeonato antes mencionado, garantizando as\u00ed el normal desarrollo de las actividades deportivas\u201d.\" \/>\n<meta property=\"og:url\" content=\"https:\/\/radiohuancayo.com.pe\/wp54\/adfp-mando-carta-notarial-a-fpf-para-que-le-devuelva-organizacion-del-torneo-de-primera\/\" \/>\n<meta property=\"og:site_name\" content=\"Radio Huancayo\" \/>\n<meta property=\"article:published_time\" content=\"2024-11-21T21:36:48+00:00\" \/>\n<meta property=\"og:image\" content=\"https:\/\/radiohuancayo.com.pe\/wp54\/wp-content\/uploads\/2024\/11\/image-43.png\" \/>\n\t<meta property=\"og:image:width\" content=\"1200\" \/>\n\t<meta property=\"og:image:height\" content=\"630\" \/>\n\t<meta property=\"og:image:type\" content=\"image\/png\" \/>\n<meta name=\"author\" content=\"Michel Sanchez\" \/>\n<meta name=\"twitter:card\" content=\"summary_large_image\" \/>\n<meta name=\"twitter:label1\" content=\"Escrito por\" \/>\n\t<meta name=\"twitter:data1\" content=\"Michel Sanchez\" \/>\n\t<meta name=\"twitter:label2\" content=\"Tiempo de lectura\" \/>\n\t<meta name=\"twitter:data2\" content=\"2 minutos\" \/>\n<script type=\"application\/ld+json\" class=\"yoast-schema-graph\">{\"@context\":\"https:\\\/\\\/schema.org\",\"@graph\":[{\"@type\":\"Article\",\"@id\":\"https:\\\/\\\/radiohuancayo.com.pe\\\/wp54\\\/adfp-mando-carta-notarial-a-fpf-para-que-le-devuelva-organizacion-del-torneo-de-primera\\\/#article\",\"isPartOf\":{\"@id\":\"https:\\\/\\\/radiohuancayo.com.pe\\\/wp54\\\/adfp-mando-carta-notarial-a-fpf-para-que-le-devuelva-organizacion-del-torneo-de-primera\\\/\"},\"author\":{\"name\":\"Michel Sanchez\",\"@id\":\"https:\\\/\\\/radiohuancayo.com.pe\\\/wp54\\\/#\\\/schema\\\/person\\\/74fb124dee9900c6f4d0535fa1d2b5ae\"},\"headline\":\"ADFP mand\u00f3 carta notarial a FPF para que le devuelva organizaci\u00f3n del torneo de Primera\",\"datePublished\":\"2024-11-21T21:36:48+00:00\",\"mainEntityOfPage\":{\"@id\":\"https:\\\/\\\/radiohuancayo.com.pe\\\/wp54\\\/adfp-mando-carta-notarial-a-fpf-para-que-le-devuelva-organizacion-del-torneo-de-primera\\\/\"},\"wordCount\":370,\"commentCount\":0,\"publisher\":{\"@id\":\"https:\\\/\\\/radiohuancayo.com.pe\\\/wp54\\\/#organization\"},\"image\":{\"@id\":\"https:\\\/\\\/radiohuancayo.com.pe\\\/wp54\\\/adfp-mando-carta-notarial-a-fpf-para-que-le-devuelva-organizacion-del-torneo-de-primera\\\/#primaryimage\"},\"thumbnailUrl\":\"https:\\\/\\\/radiohuancayo.com.pe\\\/wp54\\\/wp-content\\\/uploads\\\/2024\\\/11\\\/image-43.png\",\"articleSection\":[\"Deportes\"],\"inLanguage\":\"es\",\"potentialAction\":[{\"@type\":\"CommentAction\",\"name\":\"Comment\",\"target\":[\"https:\\\/\\\/radiohuancayo.com.pe\\\/wp54\\\/adfp-mando-carta-notarial-a-fpf-para-que-le-devuelva-organizacion-del-torneo-de-primera\\\/#respond\"]}]},{\"@type\":\"WebPage\",\"@id\":\"https:\\\/\\\/radiohuancayo.com.pe\\\/wp54\\\/adfp-mando-carta-notarial-a-fpf-para-que-le-devuelva-organizacion-del-torneo-de-primera\\\/\",\"url\":\"https:\\\/\\\/radiohuancayo.com.pe\\\/wp54\\\/adfp-mando-carta-notarial-a-fpf-para-que-le-devuelva-organizacion-del-torneo-de-primera\\\/\",\"name\":\"ADFP mand\u00f3 carta notarial a FPF para que le devuelva organizaci\u00f3n del torneo de Primera - Radio Huancayo\",\"isPartOf\":{\"@id\":\"https:\\\/\\\/radiohuancayo.com.pe\\\/wp54\\\/#website\"},\"primaryImageOfPage\":{\"@id\":\"https:\\\/\\\/radiohuancayo.com.pe\\\/wp54\\\/adfp-mando-carta-notarial-a-fpf-para-que-le-devuelva-organizacion-del-torneo-de-primera\\\/#primaryimage\"},\"image\":{\"@id\":\"https:\\\/\\\/radiohuancayo.com.pe\\\/wp54\\\/adfp-mando-carta-notarial-a-fpf-para-que-le-devuelva-organizacion-del-torneo-de-primera\\\/#primaryimage\"},\"thumbnailUrl\":\"https:\\\/\\\/radiohuancayo.com.pe\\\/wp54\\\/wp-content\\\/uploads\\\/2024\\\/11\\\/image-43.png\",\"datePublished\":\"2024-11-21T21:36:48+00:00\",\"breadcrumb\":{\"@id\":\"https:\\\/\\\/radiohuancayo.com.pe\\\/wp54\\\/adfp-mando-carta-notarial-a-fpf-para-que-le-devuelva-organizacion-del-torneo-de-primera\\\/#breadcrumb\"},\"inLanguage\":\"es\",\"potentialAction\":[{\"@type\":\"ReadAction\",\"target\":[\"https:\\\/\\\/radiohuancayo.com.pe\\\/wp54\\\/adfp-mando-carta-notarial-a-fpf-para-que-le-devuelva-organizacion-del-torneo-de-primera\\\/\"]}]},{\"@type\":\"ImageObject\",\"inLanguage\":\"es\",\"@id\":\"https:\\\/\\\/radiohuancayo.com.pe\\\/wp54\\\/adfp-mando-carta-notarial-a-fpf-para-que-le-devuelva-organizacion-del-torneo-de-primera\\\/#primaryimage\",\"url\":\"https:\\\/\\\/radiohuancayo.com.pe\\\/wp54\\\/wp-content\\\/uploads\\\/2024\\\/11\\\/image-43.png\",\"contentUrl\":\"https:\\\/\\\/radiohuancayo.com.pe\\\/wp54\\\/wp-content\\\/uploads\\\/2024\\\/11\\\/image-43.png\",\"width\":1200,\"height\":630},{\"@type\":\"BreadcrumbList\",\"@id\":\"https:\\\/\\\/radiohuancayo.com.pe\\\/wp54\\\/adfp-mando-carta-notarial-a-fpf-para-que-le-devuelva-organizacion-del-torneo-de-primera\\\/#breadcrumb\",\"itemListElement\":[{\"@type\":\"ListItem\",\"position\":1,\"name\":\"Portada\",\"item\":\"https:\\\/\\\/radiohuancayo.com.pe\\\/wp54\\\/\"},{\"@type\":\"ListItem\",\"position\":2,\"name\":\"ADFP mand\u00f3 carta notarial a FPF para que le devuelva organizaci\u00f3n del torneo de Primera\"}]},{\"@type\":\"WebSite\",\"@id\":\"https:\\\/\\\/radiohuancayo.com.pe\\\/wp54\\\/#website\",\"url\":\"https:\\\/\\\/radiohuancayo.com.pe\\\/wp54\\\/\",\"name\":\"Radio Huancayo\",\"description\":\"me gusta!!!\",\"publisher\":{\"@id\":\"https:\\\/\\\/radiohuancayo.com.pe\\\/wp54\\\/#organization\"},\"potentialAction\":[{\"@type\":\"SearchAction\",\"target\":{\"@type\":\"EntryPoint\",\"urlTemplate\":\"https:\\\/\\\/radiohuancayo.com.pe\\\/wp54\\\/?s={search_term_string}\"},\"query-input\":{\"@type\":\"PropertyValueSpecification\",\"valueRequired\":true,\"valueName\":\"search_term_string\"}}],\"inLanguage\":\"es\"},{\"@type\":\"Organization\",\"@id\":\"https:\\\/\\\/radiohuancayo.com.pe\\\/wp54\\\/#organization\",\"name\":\"Radio Huancayo\",\"url\":\"https:\\\/\\\/radiohuancayo.com.pe\\\/wp54\\\/\",\"logo\":{\"@type\":\"ImageObject\",\"inLanguage\":\"es\",\"@id\":\"https:\\\/\\\/radiohuancayo.com.pe\\\/wp54\\\/#\\\/schema\\\/logo\\\/image\\\/\",\"url\":\"https:\\\/\\\/radiohuancayo.com.pe\\\/wp54\\\/wp-content\\\/uploads\\\/2022\\\/04\\\/CABE01.png\",\"contentUrl\":\"https:\\\/\\\/radiohuancayo.com.pe\\\/wp54\\\/wp-content\\\/uploads\\\/2022\\\/04\\\/CABE01.png\",\"width\":1640,\"height\":300,\"caption\":\"Radio Huancayo\"},\"image\":{\"@id\":\"https:\\\/\\\/radiohuancayo.com.pe\\\/wp54\\\/#\\\/schema\\\/logo\\\/image\\\/\"}},{\"@type\":\"Person\",\"@id\":\"https:\\\/\\\/radiohuancayo.com.pe\\\/wp54\\\/#\\\/schema\\\/person\\\/74fb124dee9900c6f4d0535fa1d2b5ae\",\"name\":\"Michel Sanchez\",\"image\":{\"@type\":\"ImageObject\",\"inLanguage\":\"es\",\"@id\":\"https:\\\/\\\/secure.gravatar.com\\\/avatar\\\/f7f6944c01b3f15a174d0cf055aea75c46697913fc8a9cf5c3cf3e8800c645f6?s=96&d=mm&r=g\",\"url\":\"https:\\\/\\\/secure.gravatar.com\\\/avatar\\\/f7f6944c01b3f15a174d0cf055aea75c46697913fc8a9cf5c3cf3e8800c645f6?s=96&d=mm&r=g\",\"contentUrl\":\"https:\\\/\\\/secure.gravatar.com\\\/avatar\\\/f7f6944c01b3f15a174d0cf055aea75c46697913fc8a9cf5c3cf3e8800c645f6?s=96&d=mm&r=g\",\"caption\":\"Michel Sanchez\"},\"url\":\"https:\\\/\\\/radiohuancayo.com.pe\\\/wp54\\\/author\\\/memoris\\\/\"}]}<\/script>\n<!-- \/ Yoast SEO plugin. -->","yoast_head_json":{"title":"ADFP mand\u00f3 carta notarial a FPF para que le devuelva organizaci\u00f3n del torneo de Primera - Radio Huancayo","robots":{"index":"index","follow":"follow","max-snippet":"max-snippet:-1","max-image-preview":"max-image-preview:large","max-video-preview":"max-video-preview:-1"},"canonical":"https:\/\/radiohuancayo.com.pe\/wp54\/adfp-mando-carta-notarial-a-fpf-para-que-le-devuelva-organizacion-del-torneo-de-primera\/","og_locale":"es_ES","og_type":"article","og_title":"ADFP mand\u00f3 carta notarial a FPF para que le devuelva organizaci\u00f3n del torneo de Primera - Radio Huancayo","og_description":"La Asociaci\u00f3n Deportiva de F\u00fatbol Profesional (ADFP) envi\u00f3 una carta notarial a la&nbsp;Federaci\u00f3n Peruana de F\u00fatbol (FPF)&nbsp;solicitando el retorno de la organizaci\u00f3n del torneo de Primera Divisi\u00f3n a la entidad que preside \u00d3scar Romero.&nbsp; VER DOCUMENTO El escrito comienza indicando: \u201cLa FPF, administrada por el entonces Sr. Edwin Oviedo Picchotito, comunic\u00f3 a esta instituci\u00f3n que, tras evaluaciones y recomendaciones de una misi\u00f3n especial de la FIFA que visit\u00f3 el pa\u00eds en marzo de 2018, asum\u00eda de manera temporal la gesti\u00f3n y organizaci\u00f3n del \u2018Campeonato de F\u00fatbol Profesional de Primera Divisi\u00f3n y Segunda Divisi\u00f3n\u2019 desde el 1 de enero de 2019, por un lapso de cuatro a\u00f1os, habiendo sido relegados de nuestras funciones de organizaci\u00f3n y administraci\u00f3n del campeonato nacional de f\u00fatbol profesional de manera temporal\u201d. La carta notarial contin\u00faa: \u201cAnte los lamentables y vergonzosos acontecimientos ocurridos con el presidente de la FPF, Agust\u00edn Lozano Saavedra, y los miembros integrantes de la junta directiva de la FPF, a quienes se les imputa la comisi\u00f3n de presuntos delitos de organizaci\u00f3n criminal, lavado de activos, fraude en la administraci\u00f3n de personas jur\u00eddicas, entre otros agravios al Estado\u201d. \u201cEsto ha desprestigiado a\u00fan m\u00e1s al f\u00fatbol en todas sus divisiones, tanto profesionales como no profesionales. Por todo ello, solicitamos retomar la organizaci\u00f3n y administraci\u00f3n del Campeonato de F\u00fatbol Profesional de Primera Divisi\u00f3n\u201d. Finalmente, la ADFP enfatiz\u00f3: \u201cDada nuestra experiencia en la organizaci\u00f3n y administraci\u00f3n de las actividades deportivas del f\u00fatbol profesional, y el desarrollo \u00f3ptimo que mantuvimos hasta el a\u00f1o 2018, consideramos que, mientras las autoridades competentes resuelvan la controversia en torno a la figura del se\u00f1or Agust\u00edn Lozano Saavedra y los miembros de la Junta Directiva respecto a los presuntos delitos que supuestamente han cometido en agravio del Estado, la FPF y otros, nos corresponde a nosotros como instituci\u00f3n la organizaci\u00f3n y administraci\u00f3n del campeonato antes mencionado, garantizando as\u00ed el normal desarrollo de las actividades deportivas\u201d.","og_url":"https:\/\/radiohuancayo.com.pe\/wp54\/adfp-mando-carta-notarial-a-fpf-para-que-le-devuelva-organizacion-del-torneo-de-primera\/","og_site_name":"Radio Huancayo","article_published_time":"2024-11-21T21:36:48+00:00","og_image":[{"width":1200,"height":630,"url":"https:\/\/radiohuancayo.com.pe\/wp54\/wp-content\/uploads\/2024\/11\/image-43.png","type":"image\/png"}],"author":"Michel Sanchez","twitter_card":"summary_large_image","twitter_misc":{"Escrito por":"Michel Sanchez","Tiempo de lectura":"2 minutos"},"schema":{"@context":"https:\/\/schema.org","@graph":[{"@type":"Article","@id":"https:\/\/radiohuancayo.com.pe\/wp54\/adfp-mando-carta-notarial-a-fpf-para-que-le-devuelva-organizacion-del-torneo-de-primera\/#article","isPartOf":{"@id":"https:\/\/radiohuancayo.com.pe\/wp54\/adfp-mando-carta-notarial-a-fpf-para-que-le-devuelva-organizacion-del-torneo-de-primera\/"},"author":{"name":"Michel Sanchez","@id":"https:\/\/radiohuancayo.com.pe\/wp54\/#\/schema\/person\/74fb124dee9900c6f4d0535fa1d2b5ae"},"headline":"ADFP mand\u00f3 carta notarial a FPF para que le devuelva organizaci\u00f3n del torneo de Primera","datePublished":"2024-11-21T21:36:48+00:00","mainEntityOfPage":{"@id":"https:\/\/radiohuancayo.com.pe\/wp54\/adfp-mando-carta-notarial-a-fpf-para-que-le-devuelva-organizacion-del-torneo-de-primera\/"},"wordCount":370,"commentCount":0,"publisher":{"@id":"https:\/\/radiohuancayo.com.pe\/wp54\/#organization"},"image":{"@id":"https:\/\/radiohuancayo.com.pe\/wp54\/adfp-mando-carta-notarial-a-fpf-para-que-le-devuelva-organizacion-del-torneo-de-primera\/#primaryimage"},"thumbnailUrl":"https:\/\/radiohuancayo.com.pe\/wp54\/wp-content\/uploads\/2024\/11\/image-43.png","articleSection":["Deportes"],"inLanguage":"es","potentialAction":[{"@type":"CommentAction","name":"Comment","target":["https:\/\/radiohuancayo.com.pe\/wp54\/adfp-mando-carta-notarial-a-fpf-para-que-le-devuelva-organizacion-del-torneo-de-primera\/#respond"]}]},{"@type":"WebPage","@id":"https:\/\/radiohuancayo.com.pe\/wp54\/adfp-mando-carta-notarial-a-fpf-para-que-le-devuelva-organizacion-del-torneo-de-primera\/","url":"https:\/\/radiohuancayo.com.pe\/wp54\/adfp-mando-carta-notarial-a-fpf-para-que-le-devuelva-organizacion-del-torneo-de-primera\/","name":"ADFP mand\u00f3 carta notarial a FPF para que le devuelva organizaci\u00f3n del torneo de Primera - Radio Huancayo","isPartOf":{"@id":"https:\/\/radiohuancayo.com.pe\/wp54\/#website"},"primaryImageOfPage":{"@id":"https:\/\/radiohuancayo.com.pe\/wp54\/adfp-mando-carta-notarial-a-fpf-para-que-le-devuelva-organizacion-del-torneo-de-primera\/#primaryimage"},"image":{"@id":"https:\/\/radiohuancayo.com.pe\/wp54\/adfp-mando-carta-notarial-a-fpf-para-que-le-devuelva-organizacion-del-torneo-de-primera\/#primaryimage"},"thumbnailUrl":"https:\/\/radiohuancayo.com.pe\/wp54\/wp-content\/uploads\/2024\/11\/image-43.png","datePublished":"2024-11-21T21:36:48+00:00","breadcrumb":{"@id":"https:\/\/radiohuancayo.com.pe\/wp54\/adfp-mando-carta-notarial-a-fpf-para-que-le-devuelva-organizacion-del-torneo-de-primera\/#breadcrumb"},"inLanguage":"es","potentialAction":[{"@type":"ReadAction","target":["https:\/\/radiohuancayo.com.pe\/wp54\/adfp-mando-carta-notarial-a-fpf-para-que-le-devuelva-organizacion-del-torneo-de-primera\/"]}]},{"@type":"ImageObject","inLanguage":"es","@id":"https:\/\/radiohuancayo.com.pe\/wp54\/adfp-mando-carta-notarial-a-fpf-para-que-le-devuelva-organizacion-del-torneo-de-primera\/#primaryimage","url":"https:\/\/radiohuancayo.com.pe\/wp54\/wp-content\/uploads\/2024\/11\/image-43.png","contentUrl":"https:\/\/radiohuancayo.com.pe\/wp54\/wp-content\/uploads\/2024\/11\/image-43.png","width":1200,"height":630},{"@type":"BreadcrumbList","@id":"https:\/\/radiohuancayo.com.pe\/wp54\/adfp-mando-carta-notarial-a-fpf-para-que-le-devuelva-organizacion-del-torneo-de-primera\/#breadcrumb","itemListElement":[{"@type":"ListItem","position":1,"name":"Portada","item":"https:\/\/radiohuancayo.com.pe\/wp54\/"},{"@type":"ListItem","position":2,"name":"ADFP mand\u00f3 carta notarial a FPF para que le devuelva organizaci\u00f3n del torneo de Primera"}]},{"@type":"WebSite","@id":"https:\/\/radiohuancayo.com.pe\/wp54\/#website","url":"https:\/\/radiohuancayo.com.pe\/wp54\/","name":"Radio Huancayo","description":"me gusta!!!","publisher":{"@id":"https:\/\/radiohuancayo.com.pe\/wp54\/#organization"},"potentialAction":[{"@type":"SearchAction","target":{"@type":"EntryPoint","urlTemplate":"https:\/\/radiohuancayo.com.pe\/wp54\/?s={search_term_string}"},"query-input":{"@type":"PropertyValueSpecification","valueRequired":true,"valueName":"search_term_string"}}],"inLanguage":"es"},{"@type":"Organization","@id":"https:\/\/radiohuancayo.com.pe\/wp54\/#organization","name":"Radio Huancayo","url":"https:\/\/radiohuancayo.com.pe\/wp54\/","logo":{"@type":"ImageObject","inLanguage":"es","@id":"https:\/\/radiohuancayo.com.pe\/wp54\/#\/schema\/logo\/image\/","url":"https:\/\/radiohuancayo.com.pe\/wp54\/wp-content\/uploads\/2022\/04\/CABE01.png","contentUrl":"https:\/\/radiohuancayo.com.pe\/wp54\/wp-content\/uploads\/2022\/04\/CABE01.png","width":1640,"height":300,"caption":"Radio Huancayo"},"image":{"@id":"https:\/\/radiohuancayo.com.pe\/wp54\/#\/schema\/logo\/image\/"}},{"@type":"Person","@id":"https:\/\/radiohuancayo.com.pe\/wp54\/#\/schema\/person\/74fb124dee9900c6f4d0535fa1d2b5ae","name":"Michel Sanchez","image":{"@type":"ImageObject","inLanguage":"es","@id":"https:\/\/secure.gravatar.com\/avatar\/f7f6944c01b3f15a174d0cf055aea75c46697913fc8a9cf5c3cf3e8800c645f6?s=96&d=mm&r=g","url":"https:\/\/secure.gravatar.com\/avatar\/f7f6944c01b3f15a174d0cf055aea75c46697913fc8a9cf5c3cf3e8800c645f6?s=96&d=mm&r=g","contentUrl":"https:\/\/secure.gravatar.com\/avatar\/f7f6944c01b3f15a174d0cf055aea75c46697913fc8a9cf5c3cf3e8800c645f6?s=96&d=mm&r=g","caption":"Michel Sanchez"},"url":"https:\/\/radiohuancayo.com.pe\/wp54\/author\/memoris\/"}]}},"_links":{"self":[{"href":"https:\/\/radiohuancayo.com.pe\/wp54\/wp-json\/wp\/v2\/posts\/28915","targetHints":{"allow":["GET"]}}],"collection":[{"href":"https:\/\/radiohuancayo.com.pe\/wp54\/wp-json\/wp\/v2\/posts"}],"about":[{"href":"https:\/\/radiohuancayo.com.pe\/wp54\/wp-json\/wp\/v2\/types\/post"}],"author":[{"embeddable":true,"href":"https:\/\/radiohuancayo.com.pe\/wp54\/wp-json\/wp\/v2\/users\/2"}],"replies":[{"embeddable":true,"href":"https:\/\/radiohuancayo.com.pe\/wp54\/wp-json\/wp\/v2\/comments?post=28915"}],"version-history":[{"count":1,"href":"https:\/\/radiohuancayo.com.pe\/wp54\/wp-json\/wp\/v2\/posts\/28915\/revisions"}],"predecessor-version":[{"id":28917,"href":"https:\/\/radiohuancayo.com.pe\/wp54\/wp-json\/wp\/v2\/posts\/28915\/revisions\/28917"}],"wp:featuredmedia":[{"embeddable":true,"href":"https:\/\/radiohuancayo.com.pe\/wp54\/wp-json\/wp\/v2\/media\/28916"}],"wp:attachment":[{"href":"https:\/\/radiohuancayo.com.pe\/wp54\/wp-json\/wp\/v2\/media?parent=28915"}],"wp:term":[{"taxonomy":"category","embeddable":true,"href":"https:\/\/radiohuancayo.com.pe\/wp54\/wp-json\/wp\/v2\/categories?post=28915"},{"taxonomy":"post_tag","embeddable":true,"href":"https:\/\/radiohuancayo.com.pe\/wp54\/wp-json\/wp\/v2\/tags?post=28915"}],"curies":[{"name":"wp","href":"https:\/\/api.w.org\/{rel}","templated":true}]}}