{"id":28921,"date":"2024-11-21T16:38:51","date_gmt":"2024-11-21T21:38:51","guid":{"rendered":"https:\/\/radiohuancayo.com.pe\/wp54\/?p=28921"},"modified":"2024-11-21T16:38:51","modified_gmt":"2024-11-21T21:38:51","slug":"acabo-su-ciclo-en-la-victoria-mariano-soso-acordo-su-salida-de-alianza-lima","status":"publish","type":"post","link":"https:\/\/radiohuancayo.com.pe\/wp54\/acabo-su-ciclo-en-la-victoria-mariano-soso-acordo-su-salida-de-alianza-lima\/","title":{"rendered":"Acab\u00f3 su ciclo en La Victoria: Mariano Soso acord\u00f3 su salida de Alianza Lima"},"content":{"rendered":"\n<p>Mariano Soso no es m\u00e1s entrenador de Alianza Lima. Luego de varias idas y vueltas, el t\u00e9cnico argentino lleg\u00f3 a un acuerdo con el elenco blanquiazul para resolver su contrato luego de comprometerse a pagar en partes la penalidad que se estipulaba en el contrato para obtener su libertad y con ello ya tendr\u00eda el camino libre para ponerse el buzo de Newell\u2019s.<\/p>\n\n\n\n<p>La llegada de Soso se dio en agosto de este a\u00f1o, y estuvo al frente del cuadro \u00edntimo en 12 partidos del Torneo Clausura, en los que consigui\u00f3 siete victorias, tres empates y dos derrotas.<\/p>\n\n\n\n<p>Tras la \u00faltima fecha del campeonato, el entrenador argentino evalu\u00f3 su futuro y decidi\u00f3 no continuar en Alianza Lima porque se le present\u00f3 una opci\u00f3n para dirigir a Newell\u2019s. Para ello, luego de varios d\u00edas de tire y afloje, acord\u00f3 pagar la rescisi\u00f3n del v\u00ednculo de aproximadamente 100 mil d\u00f3lares que ser\u00edan desembolsados en cuatro partes.<\/p>\n\n\n\n<h3 class=\"wp-block-heading\"><strong>Alianza busca DT<\/strong><\/h3>\n\n\n\n<p>Ahora, con la salida confirmada de Soso, el cuadro \u00edntimo se enfocar\u00e1 en contratar a un nuevo t\u00e9cnico de cara a la temporada 2025.<\/p>\n\n\n\n<p>La b\u00fasqueda estar\u00e1 a cargo de Jos\u00e9 Bellina, gerente deportivo del club \u00edntimo, y tambi\u00e9n de Franco Navarro, quien asumir\u00e1 como director deportivo y ser\u00e1 parte de la planificaci\u00f3n del equipo.<\/p>\n\n\n\n<p>Tambi\u00e9n se empezar\u00e1 a decidir los jugadores que se mantendr\u00e1n y llegar\u00e1n a Alianza Lima, as\u00ed como los que saldr\u00e1n o ser\u00e1n cedidos a pr\u00e9stamo.<\/p>\n","protected":false},"excerpt":{"rendered":"<p>Mariano Soso no es m\u00e1s entrenador de Alianza Lima. Luego de varias idas y vueltas, el t\u00e9cnico argentino lleg\u00f3 a un acuerdo con el elenco blanquiazul para resolver su contrato luego de comprometerse a pagar en partes la penalidad que se estipulaba en el contrato para obtener su libertad y con ello ya tendr\u00eda el camino libre para ponerse el buzo de Newell\u2019s. La llegada de Soso se dio en agosto de este a\u00f1o, y estuvo al frente del cuadro \u00edntimo en 12 partidos del Torneo Clausura, en los que consigui\u00f3 siete victorias, tres empates y dos derrotas. Tras la \u00faltima fecha del campeonato, el entrenador argentino evalu\u00f3 su futuro y decidi\u00f3 no continuar en Alianza Lima porque se le present\u00f3 una opci\u00f3n para dirigir a Newell\u2019s. Para ello, luego de varios d\u00edas de tire y afloje, acord\u00f3 pagar la rescisi\u00f3n del v\u00ednculo de aproximadamente 100 mil d\u00f3lares que ser\u00edan desembolsados en cuatro partes. Alianza busca DT Ahora, con la salida confirmada de Soso, el cuadro \u00edntimo se enfocar\u00e1 en contratar a un nuevo t\u00e9cnico de cara a la temporada 2025. La b\u00fasqueda estar\u00e1 a cargo de Jos\u00e9 Bellina, gerente deportivo del club \u00edntimo, y tambi\u00e9n de Franco Navarro, quien asumir\u00e1 como director deportivo y ser\u00e1 parte de la planificaci\u00f3n del equipo. Tambi\u00e9n se empezar\u00e1 a decidir los jugadores que se mantendr\u00e1n y llegar\u00e1n a Alianza Lima, as\u00ed como los que saldr\u00e1n o ser\u00e1n cedidos a pr\u00e9stamo.<\/p>\n","protected":false},"author":2,"featured_media":28922,"comment_status":"open","ping_status":"open","sticky":false,"template":"","format":"standard","meta":{"footnotes":""},"categories":[7],"tags":[],"class_list":["post-28921","post","type-post","status-publish","format-standard","has-post-thumbnail","hentry","category-deportes"],"yoast_head":"<!-- This site is optimized with the Yoast SEO plugin v27.5 - https:\/\/yoast.com\/product\/yoast-seo-wordpress\/ -->\n<title>Acab\u00f3 su ciclo en La Victoria: Mariano Soso acord\u00f3 su salida de Alianza Lima - Radio Huancayo<\/title>\n<meta name=\"robots\" content=\"index, follow, max-snippet:-1, max-image-preview:large, max-video-preview:-1\" \/>\n<link rel=\"canonical\" href=\"https:\/\/radiohuancayo.com.pe\/wp54\/acabo-su-ciclo-en-la-victoria-mariano-soso-acordo-su-salida-de-alianza-lima\/\" \/>\n<meta property=\"og:locale\" content=\"es_ES\" \/>\n<meta property=\"og:type\" content=\"article\" \/>\n<meta property=\"og:title\" content=\"Acab\u00f3 su ciclo en La Victoria: Mariano Soso acord\u00f3 su salida de Alianza Lima - Radio Huancayo\" \/>\n<meta property=\"og:description\" content=\"Mariano Soso no es m\u00e1s entrenador de Alianza Lima. Luego de varias idas y vueltas, el t\u00e9cnico argentino lleg\u00f3 a un acuerdo con el elenco blanquiazul para resolver su contrato luego de comprometerse a pagar en partes la penalidad que se estipulaba en el contrato para obtener su libertad y con ello ya tendr\u00eda el camino libre para ponerse el buzo de Newell\u2019s. La llegada de Soso se dio en agosto de este a\u00f1o, y estuvo al frente del cuadro \u00edntimo en 12 partidos del Torneo Clausura, en los que consigui\u00f3 siete victorias, tres empates y dos derrotas. Tras la \u00faltima fecha del campeonato, el entrenador argentino evalu\u00f3 su futuro y decidi\u00f3 no continuar en Alianza Lima porque se le present\u00f3 una opci\u00f3n para dirigir a Newell\u2019s. Para ello, luego de varios d\u00edas de tire y afloje, acord\u00f3 pagar la rescisi\u00f3n del v\u00ednculo de aproximadamente 100 mil d\u00f3lares que ser\u00edan desembolsados en cuatro partes. Alianza busca DT Ahora, con la salida confirmada de Soso, el cuadro \u00edntimo se enfocar\u00e1 en contratar a un nuevo t\u00e9cnico de cara a la temporada 2025. La b\u00fasqueda estar\u00e1 a cargo de Jos\u00e9 Bellina, gerente deportivo del club \u00edntimo, y tambi\u00e9n de Franco Navarro, quien asumir\u00e1 como director deportivo y ser\u00e1 parte de la planificaci\u00f3n del equipo. Tambi\u00e9n se empezar\u00e1 a decidir los jugadores que se mantendr\u00e1n y llegar\u00e1n a Alianza Lima, as\u00ed como los que saldr\u00e1n o ser\u00e1n cedidos a pr\u00e9stamo.\" \/>\n<meta property=\"og:url\" content=\"https:\/\/radiohuancayo.com.pe\/wp54\/acabo-su-ciclo-en-la-victoria-mariano-soso-acordo-su-salida-de-alianza-lima\/\" \/>\n<meta property=\"og:site_name\" content=\"Radio Huancayo\" \/>\n<meta property=\"article:published_time\" content=\"2024-11-21T21:38:51+00:00\" \/>\n<meta property=\"og:image\" content=\"https:\/\/radiohuancayo.com.pe\/wp54\/wp-content\/uploads\/2024\/11\/image-45.png\" \/>\n\t<meta property=\"og:image:width\" content=\"1200\" \/>\n\t<meta property=\"og:image:height\" content=\"630\" \/>\n\t<meta property=\"og:image:type\" content=\"image\/png\" \/>\n<meta name=\"author\" content=\"Michel Sanchez\" \/>\n<meta name=\"twitter:card\" content=\"summary_large_image\" \/>\n<meta name=\"twitter:label1\" content=\"Escrito por\" \/>\n\t<meta name=\"twitter:data1\" content=\"Michel Sanchez\" \/>\n\t<meta name=\"twitter:label2\" content=\"Tiempo de lectura\" \/>\n\t<meta name=\"twitter:data2\" content=\"2 minutos\" \/>\n<script type=\"application\/ld+json\" class=\"yoast-schema-graph\">{\"@context\":\"https:\\\/\\\/schema.org\",\"@graph\":[{\"@type\":\"Article\",\"@id\":\"https:\\\/\\\/radiohuancayo.com.pe\\\/wp54\\\/acabo-su-ciclo-en-la-victoria-mariano-soso-acordo-su-salida-de-alianza-lima\\\/#article\",\"isPartOf\":{\"@id\":\"https:\\\/\\\/radiohuancayo.com.pe\\\/wp54\\\/acabo-su-ciclo-en-la-victoria-mariano-soso-acordo-su-salida-de-alianza-lima\\\/\"},\"author\":{\"name\":\"Michel Sanchez\",\"@id\":\"https:\\\/\\\/radiohuancayo.com.pe\\\/wp54\\\/#\\\/schema\\\/person\\\/74fb124dee9900c6f4d0535fa1d2b5ae\"},\"headline\":\"Acab\u00f3 su ciclo en La Victoria: Mariano Soso acord\u00f3 su salida de Alianza Lima\",\"datePublished\":\"2024-11-21T21:38:51+00:00\",\"mainEntityOfPage\":{\"@id\":\"https:\\\/\\\/radiohuancayo.com.pe\\\/wp54\\\/acabo-su-ciclo-en-la-victoria-mariano-soso-acordo-su-salida-de-alianza-lima\\\/\"},\"wordCount\":270,\"commentCount\":0,\"publisher\":{\"@id\":\"https:\\\/\\\/radiohuancayo.com.pe\\\/wp54\\\/#organization\"},\"image\":{\"@id\":\"https:\\\/\\\/radiohuancayo.com.pe\\\/wp54\\\/acabo-su-ciclo-en-la-victoria-mariano-soso-acordo-su-salida-de-alianza-lima\\\/#primaryimage\"},\"thumbnailUrl\":\"https:\\\/\\\/radiohuancayo.com.pe\\\/wp54\\\/wp-content\\\/uploads\\\/2024\\\/11\\\/image-45.png\",\"articleSection\":[\"Deportes\"],\"inLanguage\":\"es\",\"potentialAction\":[{\"@type\":\"CommentAction\",\"name\":\"Comment\",\"target\":[\"https:\\\/\\\/radiohuancayo.com.pe\\\/wp54\\\/acabo-su-ciclo-en-la-victoria-mariano-soso-acordo-su-salida-de-alianza-lima\\\/#respond\"]}]},{\"@type\":\"WebPage\",\"@id\":\"https:\\\/\\\/radiohuancayo.com.pe\\\/wp54\\\/acabo-su-ciclo-en-la-victoria-mariano-soso-acordo-su-salida-de-alianza-lima\\\/\",\"url\":\"https:\\\/\\\/radiohuancayo.com.pe\\\/wp54\\\/acabo-su-ciclo-en-la-victoria-mariano-soso-acordo-su-salida-de-alianza-lima\\\/\",\"name\":\"Acab\u00f3 su ciclo en La Victoria: Mariano Soso acord\u00f3 su salida de Alianza Lima - Radio Huancayo\",\"isPartOf\":{\"@id\":\"https:\\\/\\\/radiohuancayo.com.pe\\\/wp54\\\/#website\"},\"primaryImageOfPage\":{\"@id\":\"https:\\\/\\\/radiohuancayo.com.pe\\\/wp54\\\/acabo-su-ciclo-en-la-victoria-mariano-soso-acordo-su-salida-de-alianza-lima\\\/#primaryimage\"},\"image\":{\"@id\":\"https:\\\/\\\/radiohuancayo.com.pe\\\/wp54\\\/acabo-su-ciclo-en-la-victoria-mariano-soso-acordo-su-salida-de-alianza-lima\\\/#primaryimage\"},\"thumbnailUrl\":\"https:\\\/\\\/radiohuancayo.com.pe\\\/wp54\\\/wp-content\\\/uploads\\\/2024\\\/11\\\/image-45.png\",\"datePublished\":\"2024-11-21T21:38:51+00:00\",\"breadcrumb\":{\"@id\":\"https:\\\/\\\/radiohuancayo.com.pe\\\/wp54\\\/acabo-su-ciclo-en-la-victoria-mariano-soso-acordo-su-salida-de-alianza-lima\\\/#breadcrumb\"},\"inLanguage\":\"es\",\"potentialAction\":[{\"@type\":\"ReadAction\",\"target\":[\"https:\\\/\\\/radiohuancayo.com.pe\\\/wp54\\\/acabo-su-ciclo-en-la-victoria-mariano-soso-acordo-su-salida-de-alianza-lima\\\/\"]}]},{\"@type\":\"ImageObject\",\"inLanguage\":\"es\",\"@id\":\"https:\\\/\\\/radiohuancayo.com.pe\\\/wp54\\\/acabo-su-ciclo-en-la-victoria-mariano-soso-acordo-su-salida-de-alianza-lima\\\/#primaryimage\",\"url\":\"https:\\\/\\\/radiohuancayo.com.pe\\\/wp54\\\/wp-content\\\/uploads\\\/2024\\\/11\\\/image-45.png\",\"contentUrl\":\"https:\\\/\\\/radiohuancayo.com.pe\\\/wp54\\\/wp-content\\\/uploads\\\/2024\\\/11\\\/image-45.png\",\"width\":1200,\"height\":630},{\"@type\":\"BreadcrumbList\",\"@id\":\"https:\\\/\\\/radiohuancayo.com.pe\\\/wp54\\\/acabo-su-ciclo-en-la-victoria-mariano-soso-acordo-su-salida-de-alianza-lima\\\/#breadcrumb\",\"itemListElement\":[{\"@type\":\"ListItem\",\"position\":1,\"name\":\"Portada\",\"item\":\"https:\\\/\\\/radiohuancayo.com.pe\\\/wp54\\\/\"},{\"@type\":\"ListItem\",\"position\":2,\"name\":\"Acab\u00f3 su ciclo en La Victoria: Mariano Soso acord\u00f3 su salida de Alianza Lima\"}]},{\"@type\":\"WebSite\",\"@id\":\"https:\\\/\\\/radiohuancayo.com.pe\\\/wp54\\\/#website\",\"url\":\"https:\\\/\\\/radiohuancayo.com.pe\\\/wp54\\\/\",\"name\":\"Radio Huancayo\",\"description\":\"me gusta!!!\",\"publisher\":{\"@id\":\"https:\\\/\\\/radiohuancayo.com.pe\\\/wp54\\\/#organization\"},\"potentialAction\":[{\"@type\":\"SearchAction\",\"target\":{\"@type\":\"EntryPoint\",\"urlTemplate\":\"https:\\\/\\\/radiohuancayo.com.pe\\\/wp54\\\/?s={search_term_string}\"},\"query-input\":{\"@type\":\"PropertyValueSpecification\",\"valueRequired\":true,\"valueName\":\"search_term_string\"}}],\"inLanguage\":\"es\"},{\"@type\":\"Organization\",\"@id\":\"https:\\\/\\\/radiohuancayo.com.pe\\\/wp54\\\/#organization\",\"name\":\"Radio Huancayo\",\"url\":\"https:\\\/\\\/radiohuancayo.com.pe\\\/wp54\\\/\",\"logo\":{\"@type\":\"ImageObject\",\"inLanguage\":\"es\",\"@id\":\"https:\\\/\\\/radiohuancayo.com.pe\\\/wp54\\\/#\\\/schema\\\/logo\\\/image\\\/\",\"url\":\"https:\\\/\\\/radiohuancayo.com.pe\\\/wp54\\\/wp-content\\\/uploads\\\/2022\\\/04\\\/CABE01.png\",\"contentUrl\":\"https:\\\/\\\/radiohuancayo.com.pe\\\/wp54\\\/wp-content\\\/uploads\\\/2022\\\/04\\\/CABE01.png\",\"width\":1640,\"height\":300,\"caption\":\"Radio Huancayo\"},\"image\":{\"@id\":\"https:\\\/\\\/radiohuancayo.com.pe\\\/wp54\\\/#\\\/schema\\\/logo\\\/image\\\/\"}},{\"@type\":\"Person\",\"@id\":\"https:\\\/\\\/radiohuancayo.com.pe\\\/wp54\\\/#\\\/schema\\\/person\\\/74fb124dee9900c6f4d0535fa1d2b5ae\",\"name\":\"Michel Sanchez\",\"image\":{\"@type\":\"ImageObject\",\"inLanguage\":\"es\",\"@id\":\"https:\\\/\\\/secure.gravatar.com\\\/avatar\\\/f7f6944c01b3f15a174d0cf055aea75c46697913fc8a9cf5c3cf3e8800c645f6?s=96&d=mm&r=g\",\"url\":\"https:\\\/\\\/secure.gravatar.com\\\/avatar\\\/f7f6944c01b3f15a174d0cf055aea75c46697913fc8a9cf5c3cf3e8800c645f6?s=96&d=mm&r=g\",\"contentUrl\":\"https:\\\/\\\/secure.gravatar.com\\\/avatar\\\/f7f6944c01b3f15a174d0cf055aea75c46697913fc8a9cf5c3cf3e8800c645f6?s=96&d=mm&r=g\",\"caption\":\"Michel Sanchez\"},\"url\":\"https:\\\/\\\/radiohuancayo.com.pe\\\/wp54\\\/author\\\/memoris\\\/\"}]}<\/script>\n<!-- \/ Yoast SEO plugin. -->","yoast_head_json":{"title":"Acab\u00f3 su ciclo en La Victoria: Mariano Soso acord\u00f3 su salida de Alianza Lima - Radio Huancayo","robots":{"index":"index","follow":"follow","max-snippet":"max-snippet:-1","max-image-preview":"max-image-preview:large","max-video-preview":"max-video-preview:-1"},"canonical":"https:\/\/radiohuancayo.com.pe\/wp54\/acabo-su-ciclo-en-la-victoria-mariano-soso-acordo-su-salida-de-alianza-lima\/","og_locale":"es_ES","og_type":"article","og_title":"Acab\u00f3 su ciclo en La Victoria: Mariano Soso acord\u00f3 su salida de Alianza Lima - Radio Huancayo","og_description":"Mariano Soso no es m\u00e1s entrenador de Alianza Lima. Luego de varias idas y vueltas, el t\u00e9cnico argentino lleg\u00f3 a un acuerdo con el elenco blanquiazul para resolver su contrato luego de comprometerse a pagar en partes la penalidad que se estipulaba en el contrato para obtener su libertad y con ello ya tendr\u00eda el camino libre para ponerse el buzo de Newell\u2019s. La llegada de Soso se dio en agosto de este a\u00f1o, y estuvo al frente del cuadro \u00edntimo en 12 partidos del Torneo Clausura, en los que consigui\u00f3 siete victorias, tres empates y dos derrotas. Tras la \u00faltima fecha del campeonato, el entrenador argentino evalu\u00f3 su futuro y decidi\u00f3 no continuar en Alianza Lima porque se le present\u00f3 una opci\u00f3n para dirigir a Newell\u2019s. Para ello, luego de varios d\u00edas de tire y afloje, acord\u00f3 pagar la rescisi\u00f3n del v\u00ednculo de aproximadamente 100 mil d\u00f3lares que ser\u00edan desembolsados en cuatro partes. Alianza busca DT Ahora, con la salida confirmada de Soso, el cuadro \u00edntimo se enfocar\u00e1 en contratar a un nuevo t\u00e9cnico de cara a la temporada 2025. La b\u00fasqueda estar\u00e1 a cargo de Jos\u00e9 Bellina, gerente deportivo del club \u00edntimo, y tambi\u00e9n de Franco Navarro, quien asumir\u00e1 como director deportivo y ser\u00e1 parte de la planificaci\u00f3n del equipo. Tambi\u00e9n se empezar\u00e1 a decidir los jugadores que se mantendr\u00e1n y llegar\u00e1n a Alianza Lima, as\u00ed como los que saldr\u00e1n o ser\u00e1n cedidos a pr\u00e9stamo.","og_url":"https:\/\/radiohuancayo.com.pe\/wp54\/acabo-su-ciclo-en-la-victoria-mariano-soso-acordo-su-salida-de-alianza-lima\/","og_site_name":"Radio Huancayo","article_published_time":"2024-11-21T21:38:51+00:00","og_image":[{"width":1200,"height":630,"url":"https:\/\/radiohuancayo.com.pe\/wp54\/wp-content\/uploads\/2024\/11\/image-45.png","type":"image\/png"}],"author":"Michel Sanchez","twitter_card":"summary_large_image","twitter_misc":{"Escrito por":"Michel Sanchez","Tiempo de lectura":"2 minutos"},"schema":{"@context":"https:\/\/schema.org","@graph":[{"@type":"Article","@id":"https:\/\/radiohuancayo.com.pe\/wp54\/acabo-su-ciclo-en-la-victoria-mariano-soso-acordo-su-salida-de-alianza-lima\/#article","isPartOf":{"@id":"https:\/\/radiohuancayo.com.pe\/wp54\/acabo-su-ciclo-en-la-victoria-mariano-soso-acordo-su-salida-de-alianza-lima\/"},"author":{"name":"Michel Sanchez","@id":"https:\/\/radiohuancayo.com.pe\/wp54\/#\/schema\/person\/74fb124dee9900c6f4d0535fa1d2b5ae"},"headline":"Acab\u00f3 su ciclo en La Victoria: Mariano Soso acord\u00f3 su salida de Alianza Lima","datePublished":"2024-11-21T21:38:51+00:00","mainEntityOfPage":{"@id":"https:\/\/radiohuancayo.com.pe\/wp54\/acabo-su-ciclo-en-la-victoria-mariano-soso-acordo-su-salida-de-alianza-lima\/"},"wordCount":270,"commentCount":0,"publisher":{"@id":"https:\/\/radiohuancayo.com.pe\/wp54\/#organization"},"image":{"@id":"https:\/\/radiohuancayo.com.pe\/wp54\/acabo-su-ciclo-en-la-victoria-mariano-soso-acordo-su-salida-de-alianza-lima\/#primaryimage"},"thumbnailUrl":"https:\/\/radiohuancayo.com.pe\/wp54\/wp-content\/uploads\/2024\/11\/image-45.png","articleSection":["Deportes"],"inLanguage":"es","potentialAction":[{"@type":"CommentAction","name":"Comment","target":["https:\/\/radiohuancayo.com.pe\/wp54\/acabo-su-ciclo-en-la-victoria-mariano-soso-acordo-su-salida-de-alianza-lima\/#respond"]}]},{"@type":"WebPage","@id":"https:\/\/radiohuancayo.com.pe\/wp54\/acabo-su-ciclo-en-la-victoria-mariano-soso-acordo-su-salida-de-alianza-lima\/","url":"https:\/\/radiohuancayo.com.pe\/wp54\/acabo-su-ciclo-en-la-victoria-mariano-soso-acordo-su-salida-de-alianza-lima\/","name":"Acab\u00f3 su ciclo en La Victoria: Mariano Soso acord\u00f3 su salida de Alianza Lima - Radio Huancayo","isPartOf":{"@id":"https:\/\/radiohuancayo.com.pe\/wp54\/#website"},"primaryImageOfPage":{"@id":"https:\/\/radiohuancayo.com.pe\/wp54\/acabo-su-ciclo-en-la-victoria-mariano-soso-acordo-su-salida-de-alianza-lima\/#primaryimage"},"image":{"@id":"https:\/\/radiohuancayo.com.pe\/wp54\/acabo-su-ciclo-en-la-victoria-mariano-soso-acordo-su-salida-de-alianza-lima\/#primaryimage"},"thumbnailUrl":"https:\/\/radiohuancayo.com.pe\/wp54\/wp-content\/uploads\/2024\/11\/image-45.png","datePublished":"2024-11-21T21:38:51+00:00","breadcrumb":{"@id":"https:\/\/radiohuancayo.com.pe\/wp54\/acabo-su-ciclo-en-la-victoria-mariano-soso-acordo-su-salida-de-alianza-lima\/#breadcrumb"},"inLanguage":"es","potentialAction":[{"@type":"ReadAction","target":["https:\/\/radiohuancayo.com.pe\/wp54\/acabo-su-ciclo-en-la-victoria-mariano-soso-acordo-su-salida-de-alianza-lima\/"]}]},{"@type":"ImageObject","inLanguage":"es","@id":"https:\/\/radiohuancayo.com.pe\/wp54\/acabo-su-ciclo-en-la-victoria-mariano-soso-acordo-su-salida-de-alianza-lima\/#primaryimage","url":"https:\/\/radiohuancayo.com.pe\/wp54\/wp-content\/uploads\/2024\/11\/image-45.png","contentUrl":"https:\/\/radiohuancayo.com.pe\/wp54\/wp-content\/uploads\/2024\/11\/image-45.png","width":1200,"height":630},{"@type":"BreadcrumbList","@id":"https:\/\/radiohuancayo.com.pe\/wp54\/acabo-su-ciclo-en-la-victoria-mariano-soso-acordo-su-salida-de-alianza-lima\/#breadcrumb","itemListElement":[{"@type":"ListItem","position":1,"name":"Portada","item":"https:\/\/radiohuancayo.com.pe\/wp54\/"},{"@type":"ListItem","position":2,"name":"Acab\u00f3 su ciclo en La Victoria: Mariano Soso acord\u00f3 su salida de Alianza Lima"}]},{"@type":"WebSite","@id":"https:\/\/radiohuancayo.com.pe\/wp54\/#website","url":"https:\/\/radiohuancayo.com.pe\/wp54\/","name":"Radio Huancayo","description":"me gusta!!!","publisher":{"@id":"https:\/\/radiohuancayo.com.pe\/wp54\/#organization"},"potentialAction":[{"@type":"SearchAction","target":{"@type":"EntryPoint","urlTemplate":"https:\/\/radiohuancayo.com.pe\/wp54\/?s={search_term_string}"},"query-input":{"@type":"PropertyValueSpecification","valueRequired":true,"valueName":"search_term_string"}}],"inLanguage":"es"},{"@type":"Organization","@id":"https:\/\/radiohuancayo.com.pe\/wp54\/#organization","name":"Radio Huancayo","url":"https:\/\/radiohuancayo.com.pe\/wp54\/","logo":{"@type":"ImageObject","inLanguage":"es","@id":"https:\/\/radiohuancayo.com.pe\/wp54\/#\/schema\/logo\/image\/","url":"https:\/\/radiohuancayo.com.pe\/wp54\/wp-content\/uploads\/2022\/04\/CABE01.png","contentUrl":"https:\/\/radiohuancayo.com.pe\/wp54\/wp-content\/uploads\/2022\/04\/CABE01.png","width":1640,"height":300,"caption":"Radio Huancayo"},"image":{"@id":"https:\/\/radiohuancayo.com.pe\/wp54\/#\/schema\/logo\/image\/"}},{"@type":"Person","@id":"https:\/\/radiohuancayo.com.pe\/wp54\/#\/schema\/person\/74fb124dee9900c6f4d0535fa1d2b5ae","name":"Michel Sanchez","image":{"@type":"ImageObject","inLanguage":"es","@id":"https:\/\/secure.gravatar.com\/avatar\/f7f6944c01b3f15a174d0cf055aea75c46697913fc8a9cf5c3cf3e8800c645f6?s=96&d=mm&r=g","url":"https:\/\/secure.gravatar.com\/avatar\/f7f6944c01b3f15a174d0cf055aea75c46697913fc8a9cf5c3cf3e8800c645f6?s=96&d=mm&r=g","contentUrl":"https:\/\/secure.gravatar.com\/avatar\/f7f6944c01b3f15a174d0cf055aea75c46697913fc8a9cf5c3cf3e8800c645f6?s=96&d=mm&r=g","caption":"Michel Sanchez"},"url":"https:\/\/radiohuancayo.com.pe\/wp54\/author\/memoris\/"}]}},"_links":{"self":[{"href":"https:\/\/radiohuancayo.com.pe\/wp54\/wp-json\/wp\/v2\/posts\/28921","targetHints":{"allow":["GET"]}}],"collection":[{"href":"https:\/\/radiohuancayo.com.pe\/wp54\/wp-json\/wp\/v2\/posts"}],"about":[{"href":"https:\/\/radiohuancayo.com.pe\/wp54\/wp-json\/wp\/v2\/types\/post"}],"author":[{"embeddable":true,"href":"https:\/\/radiohuancayo.com.pe\/wp54\/wp-json\/wp\/v2\/users\/2"}],"replies":[{"embeddable":true,"href":"https:\/\/radiohuancayo.com.pe\/wp54\/wp-json\/wp\/v2\/comments?post=28921"}],"version-history":[{"count":1,"href":"https:\/\/radiohuancayo.com.pe\/wp54\/wp-json\/wp\/v2\/posts\/28921\/revisions"}],"predecessor-version":[{"id":28923,"href":"https:\/\/radiohuancayo.com.pe\/wp54\/wp-json\/wp\/v2\/posts\/28921\/revisions\/28923"}],"wp:featuredmedia":[{"embeddable":true,"href":"https:\/\/radiohuancayo.com.pe\/wp54\/wp-json\/wp\/v2\/media\/28922"}],"wp:attachment":[{"href":"https:\/\/radiohuancayo.com.pe\/wp54\/wp-json\/wp\/v2\/media?parent=28921"}],"wp:term":[{"taxonomy":"category","embeddable":true,"href":"https:\/\/radiohuancayo.com.pe\/wp54\/wp-json\/wp\/v2\/categories?post=28921"},{"taxonomy":"post_tag","embeddable":true,"href":"https:\/\/radiohuancayo.com.pe\/wp54\/wp-json\/wp\/v2\/tags?post=28921"}],"curies":[{"name":"wp","href":"https:\/\/api.w.org\/{rel}","templated":true}]}}