{"id":28989,"date":"2024-11-26T14:05:55","date_gmt":"2024-11-26T19:05:55","guid":{"rendered":"https:\/\/radiohuancayo.com.pe\/wp54\/?p=28989"},"modified":"2024-11-26T14:05:55","modified_gmt":"2024-11-26T19:05:55","slug":"junta-directiva-de-la-fpf-acordo-ejecutar-el-fallo-del-poder-judicial-sobre-la-incorporacion-de-ayacucho-fc-a-la-liga1","status":"publish","type":"post","link":"https:\/\/radiohuancayo.com.pe\/wp54\/junta-directiva-de-la-fpf-acordo-ejecutar-el-fallo-del-poder-judicial-sobre-la-incorporacion-de-ayacucho-fc-a-la-liga1\/","title":{"rendered":"Junta Directiva de la FPF acord\u00f3 ejecutar el fallo del Poder Judicial sobre la incorporaci\u00f3n de Ayacucho FC a la Liga1"},"content":{"rendered":"\n<p>La Junta Directiva de la Federaci\u00f3n Peruana de F\u00fatbol (FPF) acord\u00f3 ejecutar el fallo del Tercer Juzgado de la Corte Superior de Justicia de Ayacucho que ordena actualizar la tabla de posiciones del a\u00f1o 2022 e incorporar a Ayacucho FC a la Liga1 Te Apuesto 2025.<\/p>\n\n\n\n<p>De acuerdo con la resoluci\u00f3n los demandados \u2014Agust\u00edn Lozano, como presidente de la FPF, y Sabrina Mart\u00edn, como representante de la FPF- deben ejecutar las dos resoluciones del 28 de febrero 2023, las cuales estipulan actualizar la tabla de posiciones del campeonato del 2022 y mantener la categor\u00eda de Ayacucho FC y su participaci\u00f3n en la Liga 1 2025.<\/p>\n\n\n\n<p>De no hacerlo, los demandados estar\u00e1n bajo \u00abresponsabilidad funcional y penal\u00bb que conlleva el incumplimiento a un mandato judicial.<\/p>\n\n\n\n<p><\/p>\n\n\n\n<figure class=\"wp-block-image size-full\"><img fetchpriority=\"high\" decoding=\"async\" width=\"640\" height=\"605\" src=\"https:\/\/radiohuancayo.com.pe\/wp54\/wp-content\/uploads\/2024\/11\/image-63.png\" alt=\"\" class=\"wp-image-28990\" srcset=\"https:\/\/radiohuancayo.com.pe\/wp54\/wp-content\/uploads\/2024\/11\/image-63.png 640w, https:\/\/radiohuancayo.com.pe\/wp54\/wp-content\/uploads\/2024\/11\/image-63-300x284.png 300w\" sizes=\"(max-width: 640px) 100vw, 640px\" \/><\/figure>\n","protected":false},"excerpt":{"rendered":"<p>La Junta Directiva de la Federaci\u00f3n Peruana de F\u00fatbol (FPF) acord\u00f3 ejecutar el fallo del Tercer Juzgado de la Corte Superior de Justicia de Ayacucho que ordena actualizar la tabla de posiciones del a\u00f1o 2022 e incorporar a Ayacucho FC a la Liga1 Te Apuesto 2025. De acuerdo con la resoluci\u00f3n los demandados \u2014Agust\u00edn Lozano, como presidente de la FPF, y Sabrina Mart\u00edn, como representante de la FPF- deben ejecutar las dos resoluciones del 28 de febrero 2023, las cuales estipulan actualizar la tabla de posiciones del campeonato del 2022 y mantener la categor\u00eda de Ayacucho FC y su participaci\u00f3n en la Liga 1 2025. De no hacerlo, los demandados estar\u00e1n bajo \u00abresponsabilidad funcional y penal\u00bb que conlleva el incumplimiento a un mandato judicial.<\/p>\n","protected":false},"author":5,"featured_media":28991,"comment_status":"open","ping_status":"open","sticky":false,"template":"","format":"standard","meta":{"footnotes":""},"categories":[7],"tags":[],"class_list":["post-28989","post","type-post","status-publish","format-standard","has-post-thumbnail","hentry","category-deportes"],"yoast_head":"<!-- This site is optimized with the Yoast SEO plugin v27.5 - https:\/\/yoast.com\/product\/yoast-seo-wordpress\/ -->\n<title>Junta Directiva de la FPF acord\u00f3 ejecutar el fallo del Poder Judicial sobre la incorporaci\u00f3n de Ayacucho FC a la Liga1 - Radio Huancayo<\/title>\n<meta name=\"robots\" content=\"index, follow, max-snippet:-1, max-image-preview:large, max-video-preview:-1\" \/>\n<link rel=\"canonical\" href=\"https:\/\/radiohuancayo.com.pe\/wp54\/junta-directiva-de-la-fpf-acordo-ejecutar-el-fallo-del-poder-judicial-sobre-la-incorporacion-de-ayacucho-fc-a-la-liga1\/\" \/>\n<meta property=\"og:locale\" content=\"es_ES\" \/>\n<meta property=\"og:type\" content=\"article\" \/>\n<meta property=\"og:title\" content=\"Junta Directiva de la FPF acord\u00f3 ejecutar el fallo del Poder Judicial sobre la incorporaci\u00f3n de Ayacucho FC a la Liga1 - Radio Huancayo\" \/>\n<meta property=\"og:description\" content=\"La Junta Directiva de la Federaci\u00f3n Peruana de F\u00fatbol (FPF) acord\u00f3 ejecutar el fallo del Tercer Juzgado de la Corte Superior de Justicia de Ayacucho que ordena actualizar la tabla de posiciones del a\u00f1o 2022 e incorporar a Ayacucho FC a la Liga1 Te Apuesto 2025. De acuerdo con la resoluci\u00f3n los demandados \u2014Agust\u00edn Lozano, como presidente de la FPF, y Sabrina Mart\u00edn, como representante de la FPF- deben ejecutar las dos resoluciones del 28 de febrero 2023, las cuales estipulan actualizar la tabla de posiciones del campeonato del 2022 y mantener la categor\u00eda de Ayacucho FC y su participaci\u00f3n en la Liga 1 2025. De no hacerlo, los demandados estar\u00e1n bajo \u00abresponsabilidad funcional y penal\u00bb que conlleva el incumplimiento a un mandato judicial.\" \/>\n<meta property=\"og:url\" content=\"https:\/\/radiohuancayo.com.pe\/wp54\/junta-directiva-de-la-fpf-acordo-ejecutar-el-fallo-del-poder-judicial-sobre-la-incorporacion-de-ayacucho-fc-a-la-liga1\/\" \/>\n<meta property=\"og:site_name\" content=\"Radio Huancayo\" \/>\n<meta property=\"article:published_time\" content=\"2024-11-26T19:05:55+00:00\" \/>\n<meta property=\"og:image\" content=\"https:\/\/radiohuancayo.com.pe\/wp54\/wp-content\/uploads\/2024\/11\/image-64.png\" \/>\n\t<meta property=\"og:image:width\" content=\"1200\" \/>\n\t<meta property=\"og:image:height\" content=\"675\" \/>\n\t<meta property=\"og:image:type\" content=\"image\/png\" \/>\n<meta name=\"author\" content=\"Maytin DBO\" \/>\n<meta name=\"twitter:card\" content=\"summary_large_image\" \/>\n<meta name=\"twitter:label1\" content=\"Escrito por\" \/>\n\t<meta name=\"twitter:data1\" content=\"Maytin DBO\" \/>\n\t<meta name=\"twitter:label2\" content=\"Tiempo de lectura\" \/>\n\t<meta name=\"twitter:data2\" content=\"1 minuto\" \/>\n<script type=\"application\/ld+json\" class=\"yoast-schema-graph\">{\"@context\":\"https:\\\/\\\/schema.org\",\"@graph\":[{\"@type\":\"Article\",\"@id\":\"https:\\\/\\\/radiohuancayo.com.pe\\\/wp54\\\/junta-directiva-de-la-fpf-acordo-ejecutar-el-fallo-del-poder-judicial-sobre-la-incorporacion-de-ayacucho-fc-a-la-liga1\\\/#article\",\"isPartOf\":{\"@id\":\"https:\\\/\\\/radiohuancayo.com.pe\\\/wp54\\\/junta-directiva-de-la-fpf-acordo-ejecutar-el-fallo-del-poder-judicial-sobre-la-incorporacion-de-ayacucho-fc-a-la-liga1\\\/\"},\"author\":{\"name\":\"Maytin DBO\",\"@id\":\"https:\\\/\\\/radiohuancayo.com.pe\\\/wp54\\\/#\\\/schema\\\/person\\\/6baed031d35922e76b91866439cb0b86\"},\"headline\":\"Junta Directiva de la FPF acord\u00f3 ejecutar el fallo del Poder Judicial sobre la incorporaci\u00f3n de Ayacucho FC a la Liga1\",\"datePublished\":\"2024-11-26T19:05:55+00:00\",\"mainEntityOfPage\":{\"@id\":\"https:\\\/\\\/radiohuancayo.com.pe\\\/wp54\\\/junta-directiva-de-la-fpf-acordo-ejecutar-el-fallo-del-poder-judicial-sobre-la-incorporacion-de-ayacucho-fc-a-la-liga1\\\/\"},\"wordCount\":148,\"commentCount\":0,\"publisher\":{\"@id\":\"https:\\\/\\\/radiohuancayo.com.pe\\\/wp54\\\/#organization\"},\"image\":{\"@id\":\"https:\\\/\\\/radiohuancayo.com.pe\\\/wp54\\\/junta-directiva-de-la-fpf-acordo-ejecutar-el-fallo-del-poder-judicial-sobre-la-incorporacion-de-ayacucho-fc-a-la-liga1\\\/#primaryimage\"},\"thumbnailUrl\":\"https:\\\/\\\/radiohuancayo.com.pe\\\/wp54\\\/wp-content\\\/uploads\\\/2024\\\/11\\\/image-64.png\",\"articleSection\":[\"Deportes\"],\"inLanguage\":\"es\",\"potentialAction\":[{\"@type\":\"CommentAction\",\"name\":\"Comment\",\"target\":[\"https:\\\/\\\/radiohuancayo.com.pe\\\/wp54\\\/junta-directiva-de-la-fpf-acordo-ejecutar-el-fallo-del-poder-judicial-sobre-la-incorporacion-de-ayacucho-fc-a-la-liga1\\\/#respond\"]}]},{\"@type\":\"WebPage\",\"@id\":\"https:\\\/\\\/radiohuancayo.com.pe\\\/wp54\\\/junta-directiva-de-la-fpf-acordo-ejecutar-el-fallo-del-poder-judicial-sobre-la-incorporacion-de-ayacucho-fc-a-la-liga1\\\/\",\"url\":\"https:\\\/\\\/radiohuancayo.com.pe\\\/wp54\\\/junta-directiva-de-la-fpf-acordo-ejecutar-el-fallo-del-poder-judicial-sobre-la-incorporacion-de-ayacucho-fc-a-la-liga1\\\/\",\"name\":\"Junta Directiva de la FPF acord\u00f3 ejecutar el fallo del Poder Judicial sobre la incorporaci\u00f3n de Ayacucho FC a la Liga1 - Radio Huancayo\",\"isPartOf\":{\"@id\":\"https:\\\/\\\/radiohuancayo.com.pe\\\/wp54\\\/#website\"},\"primaryImageOfPage\":{\"@id\":\"https:\\\/\\\/radiohuancayo.com.pe\\\/wp54\\\/junta-directiva-de-la-fpf-acordo-ejecutar-el-fallo-del-poder-judicial-sobre-la-incorporacion-de-ayacucho-fc-a-la-liga1\\\/#primaryimage\"},\"image\":{\"@id\":\"https:\\\/\\\/radiohuancayo.com.pe\\\/wp54\\\/junta-directiva-de-la-fpf-acordo-ejecutar-el-fallo-del-poder-judicial-sobre-la-incorporacion-de-ayacucho-fc-a-la-liga1\\\/#primaryimage\"},\"thumbnailUrl\":\"https:\\\/\\\/radiohuancayo.com.pe\\\/wp54\\\/wp-content\\\/uploads\\\/2024\\\/11\\\/image-64.png\",\"datePublished\":\"2024-11-26T19:05:55+00:00\",\"breadcrumb\":{\"@id\":\"https:\\\/\\\/radiohuancayo.com.pe\\\/wp54\\\/junta-directiva-de-la-fpf-acordo-ejecutar-el-fallo-del-poder-judicial-sobre-la-incorporacion-de-ayacucho-fc-a-la-liga1\\\/#breadcrumb\"},\"inLanguage\":\"es\",\"potentialAction\":[{\"@type\":\"ReadAction\",\"target\":[\"https:\\\/\\\/radiohuancayo.com.pe\\\/wp54\\\/junta-directiva-de-la-fpf-acordo-ejecutar-el-fallo-del-poder-judicial-sobre-la-incorporacion-de-ayacucho-fc-a-la-liga1\\\/\"]}]},{\"@type\":\"ImageObject\",\"inLanguage\":\"es\",\"@id\":\"https:\\\/\\\/radiohuancayo.com.pe\\\/wp54\\\/junta-directiva-de-la-fpf-acordo-ejecutar-el-fallo-del-poder-judicial-sobre-la-incorporacion-de-ayacucho-fc-a-la-liga1\\\/#primaryimage\",\"url\":\"https:\\\/\\\/radiohuancayo.com.pe\\\/wp54\\\/wp-content\\\/uploads\\\/2024\\\/11\\\/image-64.png\",\"contentUrl\":\"https:\\\/\\\/radiohuancayo.com.pe\\\/wp54\\\/wp-content\\\/uploads\\\/2024\\\/11\\\/image-64.png\",\"width\":1200,\"height\":675},{\"@type\":\"BreadcrumbList\",\"@id\":\"https:\\\/\\\/radiohuancayo.com.pe\\\/wp54\\\/junta-directiva-de-la-fpf-acordo-ejecutar-el-fallo-del-poder-judicial-sobre-la-incorporacion-de-ayacucho-fc-a-la-liga1\\\/#breadcrumb\",\"itemListElement\":[{\"@type\":\"ListItem\",\"position\":1,\"name\":\"Portada\",\"item\":\"https:\\\/\\\/radiohuancayo.com.pe\\\/wp54\\\/\"},{\"@type\":\"ListItem\",\"position\":2,\"name\":\"Junta Directiva de la FPF acord\u00f3 ejecutar el fallo del Poder Judicial sobre la incorporaci\u00f3n de Ayacucho FC a la Liga1\"}]},{\"@type\":\"WebSite\",\"@id\":\"https:\\\/\\\/radiohuancayo.com.pe\\\/wp54\\\/#website\",\"url\":\"https:\\\/\\\/radiohuancayo.com.pe\\\/wp54\\\/\",\"name\":\"Radio Huancayo\",\"description\":\"me gusta!!!\",\"publisher\":{\"@id\":\"https:\\\/\\\/radiohuancayo.com.pe\\\/wp54\\\/#organization\"},\"potentialAction\":[{\"@type\":\"SearchAction\",\"target\":{\"@type\":\"EntryPoint\",\"urlTemplate\":\"https:\\\/\\\/radiohuancayo.com.pe\\\/wp54\\\/?s={search_term_string}\"},\"query-input\":{\"@type\":\"PropertyValueSpecification\",\"valueRequired\":true,\"valueName\":\"search_term_string\"}}],\"inLanguage\":\"es\"},{\"@type\":\"Organization\",\"@id\":\"https:\\\/\\\/radiohuancayo.com.pe\\\/wp54\\\/#organization\",\"name\":\"Radio Huancayo\",\"url\":\"https:\\\/\\\/radiohuancayo.com.pe\\\/wp54\\\/\",\"logo\":{\"@type\":\"ImageObject\",\"inLanguage\":\"es\",\"@id\":\"https:\\\/\\\/radiohuancayo.com.pe\\\/wp54\\\/#\\\/schema\\\/logo\\\/image\\\/\",\"url\":\"https:\\\/\\\/radiohuancayo.com.pe\\\/wp54\\\/wp-content\\\/uploads\\\/2022\\\/04\\\/CABE01.png\",\"contentUrl\":\"https:\\\/\\\/radiohuancayo.com.pe\\\/wp54\\\/wp-content\\\/uploads\\\/2022\\\/04\\\/CABE01.png\",\"width\":1640,\"height\":300,\"caption\":\"Radio Huancayo\"},\"image\":{\"@id\":\"https:\\\/\\\/radiohuancayo.com.pe\\\/wp54\\\/#\\\/schema\\\/logo\\\/image\\\/\"}},{\"@type\":\"Person\",\"@id\":\"https:\\\/\\\/radiohuancayo.com.pe\\\/wp54\\\/#\\\/schema\\\/person\\\/6baed031d35922e76b91866439cb0b86\",\"name\":\"Maytin DBO\",\"image\":{\"@type\":\"ImageObject\",\"inLanguage\":\"es\",\"@id\":\"https:\\\/\\\/secure.gravatar.com\\\/avatar\\\/58ac8a13712dd72aa77651ede28efcec1556ba2f16162e16bbad5b8220f88ac4?s=96&d=mm&r=g\",\"url\":\"https:\\\/\\\/secure.gravatar.com\\\/avatar\\\/58ac8a13712dd72aa77651ede28efcec1556ba2f16162e16bbad5b8220f88ac4?s=96&d=mm&r=g\",\"contentUrl\":\"https:\\\/\\\/secure.gravatar.com\\\/avatar\\\/58ac8a13712dd72aa77651ede28efcec1556ba2f16162e16bbad5b8220f88ac4?s=96&d=mm&r=g\",\"caption\":\"Maytin DBO\"},\"url\":\"https:\\\/\\\/radiohuancayo.com.pe\\\/wp54\\\/author\\\/debuenaonda\\\/\"}]}<\/script>\n<!-- \/ Yoast SEO plugin. -->","yoast_head_json":{"title":"Junta Directiva de la FPF acord\u00f3 ejecutar el fallo del Poder Judicial sobre la incorporaci\u00f3n de Ayacucho FC a la Liga1 - Radio Huancayo","robots":{"index":"index","follow":"follow","max-snippet":"max-snippet:-1","max-image-preview":"max-image-preview:large","max-video-preview":"max-video-preview:-1"},"canonical":"https:\/\/radiohuancayo.com.pe\/wp54\/junta-directiva-de-la-fpf-acordo-ejecutar-el-fallo-del-poder-judicial-sobre-la-incorporacion-de-ayacucho-fc-a-la-liga1\/","og_locale":"es_ES","og_type":"article","og_title":"Junta Directiva de la FPF acord\u00f3 ejecutar el fallo del Poder Judicial sobre la incorporaci\u00f3n de Ayacucho FC a la Liga1 - Radio Huancayo","og_description":"La Junta Directiva de la Federaci\u00f3n Peruana de F\u00fatbol (FPF) acord\u00f3 ejecutar el fallo del Tercer Juzgado de la Corte Superior de Justicia de Ayacucho que ordena actualizar la tabla de posiciones del a\u00f1o 2022 e incorporar a Ayacucho FC a la Liga1 Te Apuesto 2025. De acuerdo con la resoluci\u00f3n los demandados \u2014Agust\u00edn Lozano, como presidente de la FPF, y Sabrina Mart\u00edn, como representante de la FPF- deben ejecutar las dos resoluciones del 28 de febrero 2023, las cuales estipulan actualizar la tabla de posiciones del campeonato del 2022 y mantener la categor\u00eda de Ayacucho FC y su participaci\u00f3n en la Liga 1 2025. De no hacerlo, los demandados estar\u00e1n bajo \u00abresponsabilidad funcional y penal\u00bb que conlleva el incumplimiento a un mandato judicial.","og_url":"https:\/\/radiohuancayo.com.pe\/wp54\/junta-directiva-de-la-fpf-acordo-ejecutar-el-fallo-del-poder-judicial-sobre-la-incorporacion-de-ayacucho-fc-a-la-liga1\/","og_site_name":"Radio Huancayo","article_published_time":"2024-11-26T19:05:55+00:00","og_image":[{"width":1200,"height":675,"url":"https:\/\/radiohuancayo.com.pe\/wp54\/wp-content\/uploads\/2024\/11\/image-64.png","type":"image\/png"}],"author":"Maytin DBO","twitter_card":"summary_large_image","twitter_misc":{"Escrito por":"Maytin DBO","Tiempo de lectura":"1 minuto"},"schema":{"@context":"https:\/\/schema.org","@graph":[{"@type":"Article","@id":"https:\/\/radiohuancayo.com.pe\/wp54\/junta-directiva-de-la-fpf-acordo-ejecutar-el-fallo-del-poder-judicial-sobre-la-incorporacion-de-ayacucho-fc-a-la-liga1\/#article","isPartOf":{"@id":"https:\/\/radiohuancayo.com.pe\/wp54\/junta-directiva-de-la-fpf-acordo-ejecutar-el-fallo-del-poder-judicial-sobre-la-incorporacion-de-ayacucho-fc-a-la-liga1\/"},"author":{"name":"Maytin DBO","@id":"https:\/\/radiohuancayo.com.pe\/wp54\/#\/schema\/person\/6baed031d35922e76b91866439cb0b86"},"headline":"Junta Directiva de la FPF acord\u00f3 ejecutar el fallo del Poder Judicial sobre la incorporaci\u00f3n de Ayacucho FC a la Liga1","datePublished":"2024-11-26T19:05:55+00:00","mainEntityOfPage":{"@id":"https:\/\/radiohuancayo.com.pe\/wp54\/junta-directiva-de-la-fpf-acordo-ejecutar-el-fallo-del-poder-judicial-sobre-la-incorporacion-de-ayacucho-fc-a-la-liga1\/"},"wordCount":148,"commentCount":0,"publisher":{"@id":"https:\/\/radiohuancayo.com.pe\/wp54\/#organization"},"image":{"@id":"https:\/\/radiohuancayo.com.pe\/wp54\/junta-directiva-de-la-fpf-acordo-ejecutar-el-fallo-del-poder-judicial-sobre-la-incorporacion-de-ayacucho-fc-a-la-liga1\/#primaryimage"},"thumbnailUrl":"https:\/\/radiohuancayo.com.pe\/wp54\/wp-content\/uploads\/2024\/11\/image-64.png","articleSection":["Deportes"],"inLanguage":"es","potentialAction":[{"@type":"CommentAction","name":"Comment","target":["https:\/\/radiohuancayo.com.pe\/wp54\/junta-directiva-de-la-fpf-acordo-ejecutar-el-fallo-del-poder-judicial-sobre-la-incorporacion-de-ayacucho-fc-a-la-liga1\/#respond"]}]},{"@type":"WebPage","@id":"https:\/\/radiohuancayo.com.pe\/wp54\/junta-directiva-de-la-fpf-acordo-ejecutar-el-fallo-del-poder-judicial-sobre-la-incorporacion-de-ayacucho-fc-a-la-liga1\/","url":"https:\/\/radiohuancayo.com.pe\/wp54\/junta-directiva-de-la-fpf-acordo-ejecutar-el-fallo-del-poder-judicial-sobre-la-incorporacion-de-ayacucho-fc-a-la-liga1\/","name":"Junta Directiva de la FPF acord\u00f3 ejecutar el fallo del Poder Judicial sobre la incorporaci\u00f3n de Ayacucho FC a la Liga1 - Radio Huancayo","isPartOf":{"@id":"https:\/\/radiohuancayo.com.pe\/wp54\/#website"},"primaryImageOfPage":{"@id":"https:\/\/radiohuancayo.com.pe\/wp54\/junta-directiva-de-la-fpf-acordo-ejecutar-el-fallo-del-poder-judicial-sobre-la-incorporacion-de-ayacucho-fc-a-la-liga1\/#primaryimage"},"image":{"@id":"https:\/\/radiohuancayo.com.pe\/wp54\/junta-directiva-de-la-fpf-acordo-ejecutar-el-fallo-del-poder-judicial-sobre-la-incorporacion-de-ayacucho-fc-a-la-liga1\/#primaryimage"},"thumbnailUrl":"https:\/\/radiohuancayo.com.pe\/wp54\/wp-content\/uploads\/2024\/11\/image-64.png","datePublished":"2024-11-26T19:05:55+00:00","breadcrumb":{"@id":"https:\/\/radiohuancayo.com.pe\/wp54\/junta-directiva-de-la-fpf-acordo-ejecutar-el-fallo-del-poder-judicial-sobre-la-incorporacion-de-ayacucho-fc-a-la-liga1\/#breadcrumb"},"inLanguage":"es","potentialAction":[{"@type":"ReadAction","target":["https:\/\/radiohuancayo.com.pe\/wp54\/junta-directiva-de-la-fpf-acordo-ejecutar-el-fallo-del-poder-judicial-sobre-la-incorporacion-de-ayacucho-fc-a-la-liga1\/"]}]},{"@type":"ImageObject","inLanguage":"es","@id":"https:\/\/radiohuancayo.com.pe\/wp54\/junta-directiva-de-la-fpf-acordo-ejecutar-el-fallo-del-poder-judicial-sobre-la-incorporacion-de-ayacucho-fc-a-la-liga1\/#primaryimage","url":"https:\/\/radiohuancayo.com.pe\/wp54\/wp-content\/uploads\/2024\/11\/image-64.png","contentUrl":"https:\/\/radiohuancayo.com.pe\/wp54\/wp-content\/uploads\/2024\/11\/image-64.png","width":1200,"height":675},{"@type":"BreadcrumbList","@id":"https:\/\/radiohuancayo.com.pe\/wp54\/junta-directiva-de-la-fpf-acordo-ejecutar-el-fallo-del-poder-judicial-sobre-la-incorporacion-de-ayacucho-fc-a-la-liga1\/#breadcrumb","itemListElement":[{"@type":"ListItem","position":1,"name":"Portada","item":"https:\/\/radiohuancayo.com.pe\/wp54\/"},{"@type":"ListItem","position":2,"name":"Junta Directiva de la FPF acord\u00f3 ejecutar el fallo del Poder Judicial sobre la incorporaci\u00f3n de Ayacucho FC a la Liga1"}]},{"@type":"WebSite","@id":"https:\/\/radiohuancayo.com.pe\/wp54\/#website","url":"https:\/\/radiohuancayo.com.pe\/wp54\/","name":"Radio Huancayo","description":"me gusta!!!","publisher":{"@id":"https:\/\/radiohuancayo.com.pe\/wp54\/#organization"},"potentialAction":[{"@type":"SearchAction","target":{"@type":"EntryPoint","urlTemplate":"https:\/\/radiohuancayo.com.pe\/wp54\/?s={search_term_string}"},"query-input":{"@type":"PropertyValueSpecification","valueRequired":true,"valueName":"search_term_string"}}],"inLanguage":"es"},{"@type":"Organization","@id":"https:\/\/radiohuancayo.com.pe\/wp54\/#organization","name":"Radio Huancayo","url":"https:\/\/radiohuancayo.com.pe\/wp54\/","logo":{"@type":"ImageObject","inLanguage":"es","@id":"https:\/\/radiohuancayo.com.pe\/wp54\/#\/schema\/logo\/image\/","url":"https:\/\/radiohuancayo.com.pe\/wp54\/wp-content\/uploads\/2022\/04\/CABE01.png","contentUrl":"https:\/\/radiohuancayo.com.pe\/wp54\/wp-content\/uploads\/2022\/04\/CABE01.png","width":1640,"height":300,"caption":"Radio Huancayo"},"image":{"@id":"https:\/\/radiohuancayo.com.pe\/wp54\/#\/schema\/logo\/image\/"}},{"@type":"Person","@id":"https:\/\/radiohuancayo.com.pe\/wp54\/#\/schema\/person\/6baed031d35922e76b91866439cb0b86","name":"Maytin DBO","image":{"@type":"ImageObject","inLanguage":"es","@id":"https:\/\/secure.gravatar.com\/avatar\/58ac8a13712dd72aa77651ede28efcec1556ba2f16162e16bbad5b8220f88ac4?s=96&d=mm&r=g","url":"https:\/\/secure.gravatar.com\/avatar\/58ac8a13712dd72aa77651ede28efcec1556ba2f16162e16bbad5b8220f88ac4?s=96&d=mm&r=g","contentUrl":"https:\/\/secure.gravatar.com\/avatar\/58ac8a13712dd72aa77651ede28efcec1556ba2f16162e16bbad5b8220f88ac4?s=96&d=mm&r=g","caption":"Maytin DBO"},"url":"https:\/\/radiohuancayo.com.pe\/wp54\/author\/debuenaonda\/"}]}},"_links":{"self":[{"href":"https:\/\/radiohuancayo.com.pe\/wp54\/wp-json\/wp\/v2\/posts\/28989","targetHints":{"allow":["GET"]}}],"collection":[{"href":"https:\/\/radiohuancayo.com.pe\/wp54\/wp-json\/wp\/v2\/posts"}],"about":[{"href":"https:\/\/radiohuancayo.com.pe\/wp54\/wp-json\/wp\/v2\/types\/post"}],"author":[{"embeddable":true,"href":"https:\/\/radiohuancayo.com.pe\/wp54\/wp-json\/wp\/v2\/users\/5"}],"replies":[{"embeddable":true,"href":"https:\/\/radiohuancayo.com.pe\/wp54\/wp-json\/wp\/v2\/comments?post=28989"}],"version-history":[{"count":1,"href":"https:\/\/radiohuancayo.com.pe\/wp54\/wp-json\/wp\/v2\/posts\/28989\/revisions"}],"predecessor-version":[{"id":28992,"href":"https:\/\/radiohuancayo.com.pe\/wp54\/wp-json\/wp\/v2\/posts\/28989\/revisions\/28992"}],"wp:featuredmedia":[{"embeddable":true,"href":"https:\/\/radiohuancayo.com.pe\/wp54\/wp-json\/wp\/v2\/media\/28991"}],"wp:attachment":[{"href":"https:\/\/radiohuancayo.com.pe\/wp54\/wp-json\/wp\/v2\/media?parent=28989"}],"wp:term":[{"taxonomy":"category","embeddable":true,"href":"https:\/\/radiohuancayo.com.pe\/wp54\/wp-json\/wp\/v2\/categories?post=28989"},{"taxonomy":"post_tag","embeddable":true,"href":"https:\/\/radiohuancayo.com.pe\/wp54\/wp-json\/wp\/v2\/tags?post=28989"}],"curies":[{"name":"wp","href":"https:\/\/api.w.org\/{rel}","templated":true}]}}