{"id":29018,"date":"2024-12-03T17:31:27","date_gmt":"2024-12-03T22:31:27","guid":{"rendered":"https:\/\/radiohuancayo.com.pe\/wp54\/?p=29018"},"modified":"2024-12-03T17:31:27","modified_gmt":"2024-12-03T22:31:27","slug":"es-oficial-jean-pierre-archimbaud-es-nuevo-jugador-de-alianza","status":"publish","type":"post","link":"https:\/\/radiohuancayo.com.pe\/wp54\/es-oficial-jean-pierre-archimbaud-es-nuevo-jugador-de-alianza\/","title":{"rendered":"ES OFICIAL: Jean Pierre Archimbaud es nuevo jugador de Alianza"},"content":{"rendered":"\n<p>El club Alianza Lima hizo oficial la contrataci\u00f3n del volante Jean Pierre Archimbaud, quien se form\u00f3 en la instituci\u00f3n blanquiazul y ahora vuelve al club tras firmar un contrato para las pr\u00f3ximas temporadas.<\/p>\n\n\n\n<p>\u00ab\u00a1BIENVENIDO AL CLUB DE TUS AMORES, JEAN PIERRE! A darlo todo por la blanquiazul\u00bb, anunci\u00f3 el club en redes sociales, confirmando as\u00ed el fichaje tal como hab\u00eda informado.<\/p>\n\n\n\n<p>El anuncio estuvo acompa\u00f1ado de un emotivo video en el que Jean Pierre es presentado por su pap\u00e1, Lalo Archimbaud, quien ha sido la voz del estadio Alejandro Villanueva por muchos a\u00f1os.<\/p>\n\n\n\n<p>El volante vuelve a Alianza tras haberse formado en la instituci\u00f3n, sin embargo nunca lleg\u00f3 a debutar con el primer equipo. El jugador pas\u00f3 luego por clubes como Juan Aurich, UTC, Deportivo Municipal y en los \u00faltimos tres a\u00f1os estuvo en Melgar.<\/p>\n","protected":false},"excerpt":{"rendered":"<p>El club Alianza Lima hizo oficial la contrataci\u00f3n del volante Jean Pierre Archimbaud, quien se form\u00f3 en la instituci\u00f3n blanquiazul y ahora vuelve al club tras firmar un contrato para las pr\u00f3ximas temporadas. \u00ab\u00a1BIENVENIDO AL CLUB DE TUS AMORES, JEAN PIERRE! A darlo todo por la blanquiazul\u00bb, anunci\u00f3 el club en redes sociales, confirmando as\u00ed el fichaje tal como hab\u00eda informado. El anuncio estuvo acompa\u00f1ado de un emotivo video en el que Jean Pierre es presentado por su pap\u00e1, Lalo Archimbaud, quien ha sido la voz del estadio Alejandro Villanueva por muchos a\u00f1os. El volante vuelve a Alianza tras haberse formado en la instituci\u00f3n, sin embargo nunca lleg\u00f3 a debutar con el primer equipo. El jugador pas\u00f3 luego por clubes como Juan Aurich, UTC, Deportivo Municipal y en los \u00faltimos tres a\u00f1os estuvo en Melgar.<\/p>\n","protected":false},"author":2,"featured_media":29019,"comment_status":"open","ping_status":"open","sticky":false,"template":"","format":"standard","meta":{"footnotes":""},"categories":[7],"tags":[],"class_list":["post-29018","post","type-post","status-publish","format-standard","has-post-thumbnail","hentry","category-deportes"],"yoast_head":"<!-- This site is optimized with the Yoast SEO plugin v27.5 - https:\/\/yoast.com\/product\/yoast-seo-wordpress\/ -->\n<title>ES OFICIAL: Jean Pierre Archimbaud es nuevo jugador de Alianza - Radio Huancayo<\/title>\n<meta name=\"robots\" content=\"index, follow, max-snippet:-1, max-image-preview:large, max-video-preview:-1\" \/>\n<link rel=\"canonical\" href=\"https:\/\/radiohuancayo.com.pe\/wp54\/es-oficial-jean-pierre-archimbaud-es-nuevo-jugador-de-alianza\/\" \/>\n<meta property=\"og:locale\" content=\"es_ES\" \/>\n<meta property=\"og:type\" content=\"article\" \/>\n<meta property=\"og:title\" content=\"ES OFICIAL: Jean Pierre Archimbaud es nuevo jugador de Alianza - Radio Huancayo\" \/>\n<meta property=\"og:description\" content=\"El club Alianza Lima hizo oficial la contrataci\u00f3n del volante Jean Pierre Archimbaud, quien se form\u00f3 en la instituci\u00f3n blanquiazul y ahora vuelve al club tras firmar un contrato para las pr\u00f3ximas temporadas. \u00ab\u00a1BIENVENIDO AL CLUB DE TUS AMORES, JEAN PIERRE! A darlo todo por la blanquiazul\u00bb, anunci\u00f3 el club en redes sociales, confirmando as\u00ed el fichaje tal como hab\u00eda informado. El anuncio estuvo acompa\u00f1ado de un emotivo video en el que Jean Pierre es presentado por su pap\u00e1, Lalo Archimbaud, quien ha sido la voz del estadio Alejandro Villanueva por muchos a\u00f1os. El volante vuelve a Alianza tras haberse formado en la instituci\u00f3n, sin embargo nunca lleg\u00f3 a debutar con el primer equipo. El jugador pas\u00f3 luego por clubes como Juan Aurich, UTC, Deportivo Municipal y en los \u00faltimos tres a\u00f1os estuvo en Melgar.\" \/>\n<meta property=\"og:url\" content=\"https:\/\/radiohuancayo.com.pe\/wp54\/es-oficial-jean-pierre-archimbaud-es-nuevo-jugador-de-alianza\/\" \/>\n<meta property=\"og:site_name\" content=\"Radio Huancayo\" \/>\n<meta property=\"article:published_time\" content=\"2024-12-03T22:31:27+00:00\" \/>\n<meta property=\"og:image\" content=\"https:\/\/radiohuancayo.com.pe\/wp54\/wp-content\/uploads\/2024\/12\/image-4.png\" \/>\n\t<meta property=\"og:image:width\" content=\"1200\" \/>\n\t<meta property=\"og:image:height\" content=\"630\" \/>\n\t<meta property=\"og:image:type\" content=\"image\/png\" \/>\n<meta name=\"author\" content=\"Michel Sanchez\" \/>\n<meta name=\"twitter:card\" content=\"summary_large_image\" \/>\n<meta name=\"twitter:label1\" content=\"Escrito por\" \/>\n\t<meta name=\"twitter:data1\" content=\"Michel Sanchez\" \/>\n\t<meta name=\"twitter:label2\" content=\"Tiempo de lectura\" \/>\n\t<meta name=\"twitter:data2\" content=\"1 minuto\" \/>\n<script type=\"application\/ld+json\" class=\"yoast-schema-graph\">{\"@context\":\"https:\\\/\\\/schema.org\",\"@graph\":[{\"@type\":\"Article\",\"@id\":\"https:\\\/\\\/radiohuancayo.com.pe\\\/wp54\\\/es-oficial-jean-pierre-archimbaud-es-nuevo-jugador-de-alianza\\\/#article\",\"isPartOf\":{\"@id\":\"https:\\\/\\\/radiohuancayo.com.pe\\\/wp54\\\/es-oficial-jean-pierre-archimbaud-es-nuevo-jugador-de-alianza\\\/\"},\"author\":{\"name\":\"Michel Sanchez\",\"@id\":\"https:\\\/\\\/radiohuancayo.com.pe\\\/wp54\\\/#\\\/schema\\\/person\\\/74fb124dee9900c6f4d0535fa1d2b5ae\"},\"headline\":\"ES OFICIAL: Jean Pierre Archimbaud es nuevo jugador de Alianza\",\"datePublished\":\"2024-12-03T22:31:27+00:00\",\"mainEntityOfPage\":{\"@id\":\"https:\\\/\\\/radiohuancayo.com.pe\\\/wp54\\\/es-oficial-jean-pierre-archimbaud-es-nuevo-jugador-de-alianza\\\/\"},\"wordCount\":153,\"commentCount\":0,\"publisher\":{\"@id\":\"https:\\\/\\\/radiohuancayo.com.pe\\\/wp54\\\/#organization\"},\"image\":{\"@id\":\"https:\\\/\\\/radiohuancayo.com.pe\\\/wp54\\\/es-oficial-jean-pierre-archimbaud-es-nuevo-jugador-de-alianza\\\/#primaryimage\"},\"thumbnailUrl\":\"https:\\\/\\\/radiohuancayo.com.pe\\\/wp54\\\/wp-content\\\/uploads\\\/2024\\\/12\\\/image-4.png\",\"articleSection\":[\"Deportes\"],\"inLanguage\":\"es\",\"potentialAction\":[{\"@type\":\"CommentAction\",\"name\":\"Comment\",\"target\":[\"https:\\\/\\\/radiohuancayo.com.pe\\\/wp54\\\/es-oficial-jean-pierre-archimbaud-es-nuevo-jugador-de-alianza\\\/#respond\"]}]},{\"@type\":\"WebPage\",\"@id\":\"https:\\\/\\\/radiohuancayo.com.pe\\\/wp54\\\/es-oficial-jean-pierre-archimbaud-es-nuevo-jugador-de-alianza\\\/\",\"url\":\"https:\\\/\\\/radiohuancayo.com.pe\\\/wp54\\\/es-oficial-jean-pierre-archimbaud-es-nuevo-jugador-de-alianza\\\/\",\"name\":\"ES OFICIAL: Jean Pierre Archimbaud es nuevo jugador de Alianza - Radio Huancayo\",\"isPartOf\":{\"@id\":\"https:\\\/\\\/radiohuancayo.com.pe\\\/wp54\\\/#website\"},\"primaryImageOfPage\":{\"@id\":\"https:\\\/\\\/radiohuancayo.com.pe\\\/wp54\\\/es-oficial-jean-pierre-archimbaud-es-nuevo-jugador-de-alianza\\\/#primaryimage\"},\"image\":{\"@id\":\"https:\\\/\\\/radiohuancayo.com.pe\\\/wp54\\\/es-oficial-jean-pierre-archimbaud-es-nuevo-jugador-de-alianza\\\/#primaryimage\"},\"thumbnailUrl\":\"https:\\\/\\\/radiohuancayo.com.pe\\\/wp54\\\/wp-content\\\/uploads\\\/2024\\\/12\\\/image-4.png\",\"datePublished\":\"2024-12-03T22:31:27+00:00\",\"breadcrumb\":{\"@id\":\"https:\\\/\\\/radiohuancayo.com.pe\\\/wp54\\\/es-oficial-jean-pierre-archimbaud-es-nuevo-jugador-de-alianza\\\/#breadcrumb\"},\"inLanguage\":\"es\",\"potentialAction\":[{\"@type\":\"ReadAction\",\"target\":[\"https:\\\/\\\/radiohuancayo.com.pe\\\/wp54\\\/es-oficial-jean-pierre-archimbaud-es-nuevo-jugador-de-alianza\\\/\"]}]},{\"@type\":\"ImageObject\",\"inLanguage\":\"es\",\"@id\":\"https:\\\/\\\/radiohuancayo.com.pe\\\/wp54\\\/es-oficial-jean-pierre-archimbaud-es-nuevo-jugador-de-alianza\\\/#primaryimage\",\"url\":\"https:\\\/\\\/radiohuancayo.com.pe\\\/wp54\\\/wp-content\\\/uploads\\\/2024\\\/12\\\/image-4.png\",\"contentUrl\":\"https:\\\/\\\/radiohuancayo.com.pe\\\/wp54\\\/wp-content\\\/uploads\\\/2024\\\/12\\\/image-4.png\",\"width\":1200,\"height\":630},{\"@type\":\"BreadcrumbList\",\"@id\":\"https:\\\/\\\/radiohuancayo.com.pe\\\/wp54\\\/es-oficial-jean-pierre-archimbaud-es-nuevo-jugador-de-alianza\\\/#breadcrumb\",\"itemListElement\":[{\"@type\":\"ListItem\",\"position\":1,\"name\":\"Portada\",\"item\":\"https:\\\/\\\/radiohuancayo.com.pe\\\/wp54\\\/\"},{\"@type\":\"ListItem\",\"position\":2,\"name\":\"ES OFICIAL: Jean Pierre Archimbaud es nuevo jugador de Alianza\"}]},{\"@type\":\"WebSite\",\"@id\":\"https:\\\/\\\/radiohuancayo.com.pe\\\/wp54\\\/#website\",\"url\":\"https:\\\/\\\/radiohuancayo.com.pe\\\/wp54\\\/\",\"name\":\"Radio Huancayo\",\"description\":\"me gusta!!!\",\"publisher\":{\"@id\":\"https:\\\/\\\/radiohuancayo.com.pe\\\/wp54\\\/#organization\"},\"potentialAction\":[{\"@type\":\"SearchAction\",\"target\":{\"@type\":\"EntryPoint\",\"urlTemplate\":\"https:\\\/\\\/radiohuancayo.com.pe\\\/wp54\\\/?s={search_term_string}\"},\"query-input\":{\"@type\":\"PropertyValueSpecification\",\"valueRequired\":true,\"valueName\":\"search_term_string\"}}],\"inLanguage\":\"es\"},{\"@type\":\"Organization\",\"@id\":\"https:\\\/\\\/radiohuancayo.com.pe\\\/wp54\\\/#organization\",\"name\":\"Radio Huancayo\",\"url\":\"https:\\\/\\\/radiohuancayo.com.pe\\\/wp54\\\/\",\"logo\":{\"@type\":\"ImageObject\",\"inLanguage\":\"es\",\"@id\":\"https:\\\/\\\/radiohuancayo.com.pe\\\/wp54\\\/#\\\/schema\\\/logo\\\/image\\\/\",\"url\":\"https:\\\/\\\/radiohuancayo.com.pe\\\/wp54\\\/wp-content\\\/uploads\\\/2022\\\/04\\\/CABE01.png\",\"contentUrl\":\"https:\\\/\\\/radiohuancayo.com.pe\\\/wp54\\\/wp-content\\\/uploads\\\/2022\\\/04\\\/CABE01.png\",\"width\":1640,\"height\":300,\"caption\":\"Radio Huancayo\"},\"image\":{\"@id\":\"https:\\\/\\\/radiohuancayo.com.pe\\\/wp54\\\/#\\\/schema\\\/logo\\\/image\\\/\"}},{\"@type\":\"Person\",\"@id\":\"https:\\\/\\\/radiohuancayo.com.pe\\\/wp54\\\/#\\\/schema\\\/person\\\/74fb124dee9900c6f4d0535fa1d2b5ae\",\"name\":\"Michel Sanchez\",\"image\":{\"@type\":\"ImageObject\",\"inLanguage\":\"es\",\"@id\":\"https:\\\/\\\/secure.gravatar.com\\\/avatar\\\/f7f6944c01b3f15a174d0cf055aea75c46697913fc8a9cf5c3cf3e8800c645f6?s=96&d=mm&r=g\",\"url\":\"https:\\\/\\\/secure.gravatar.com\\\/avatar\\\/f7f6944c01b3f15a174d0cf055aea75c46697913fc8a9cf5c3cf3e8800c645f6?s=96&d=mm&r=g\",\"contentUrl\":\"https:\\\/\\\/secure.gravatar.com\\\/avatar\\\/f7f6944c01b3f15a174d0cf055aea75c46697913fc8a9cf5c3cf3e8800c645f6?s=96&d=mm&r=g\",\"caption\":\"Michel Sanchez\"},\"url\":\"https:\\\/\\\/radiohuancayo.com.pe\\\/wp54\\\/author\\\/memoris\\\/\"}]}<\/script>\n<!-- \/ Yoast SEO plugin. -->","yoast_head_json":{"title":"ES OFICIAL: Jean Pierre Archimbaud es nuevo jugador de Alianza - Radio Huancayo","robots":{"index":"index","follow":"follow","max-snippet":"max-snippet:-1","max-image-preview":"max-image-preview:large","max-video-preview":"max-video-preview:-1"},"canonical":"https:\/\/radiohuancayo.com.pe\/wp54\/es-oficial-jean-pierre-archimbaud-es-nuevo-jugador-de-alianza\/","og_locale":"es_ES","og_type":"article","og_title":"ES OFICIAL: Jean Pierre Archimbaud es nuevo jugador de Alianza - Radio Huancayo","og_description":"El club Alianza Lima hizo oficial la contrataci\u00f3n del volante Jean Pierre Archimbaud, quien se form\u00f3 en la instituci\u00f3n blanquiazul y ahora vuelve al club tras firmar un contrato para las pr\u00f3ximas temporadas. \u00ab\u00a1BIENVENIDO AL CLUB DE TUS AMORES, JEAN PIERRE! A darlo todo por la blanquiazul\u00bb, anunci\u00f3 el club en redes sociales, confirmando as\u00ed el fichaje tal como hab\u00eda informado. El anuncio estuvo acompa\u00f1ado de un emotivo video en el que Jean Pierre es presentado por su pap\u00e1, Lalo Archimbaud, quien ha sido la voz del estadio Alejandro Villanueva por muchos a\u00f1os. El volante vuelve a Alianza tras haberse formado en la instituci\u00f3n, sin embargo nunca lleg\u00f3 a debutar con el primer equipo. El jugador pas\u00f3 luego por clubes como Juan Aurich, UTC, Deportivo Municipal y en los \u00faltimos tres a\u00f1os estuvo en Melgar.","og_url":"https:\/\/radiohuancayo.com.pe\/wp54\/es-oficial-jean-pierre-archimbaud-es-nuevo-jugador-de-alianza\/","og_site_name":"Radio Huancayo","article_published_time":"2024-12-03T22:31:27+00:00","og_image":[{"width":1200,"height":630,"url":"https:\/\/radiohuancayo.com.pe\/wp54\/wp-content\/uploads\/2024\/12\/image-4.png","type":"image\/png"}],"author":"Michel Sanchez","twitter_card":"summary_large_image","twitter_misc":{"Escrito por":"Michel Sanchez","Tiempo de lectura":"1 minuto"},"schema":{"@context":"https:\/\/schema.org","@graph":[{"@type":"Article","@id":"https:\/\/radiohuancayo.com.pe\/wp54\/es-oficial-jean-pierre-archimbaud-es-nuevo-jugador-de-alianza\/#article","isPartOf":{"@id":"https:\/\/radiohuancayo.com.pe\/wp54\/es-oficial-jean-pierre-archimbaud-es-nuevo-jugador-de-alianza\/"},"author":{"name":"Michel Sanchez","@id":"https:\/\/radiohuancayo.com.pe\/wp54\/#\/schema\/person\/74fb124dee9900c6f4d0535fa1d2b5ae"},"headline":"ES OFICIAL: Jean Pierre Archimbaud es nuevo jugador de Alianza","datePublished":"2024-12-03T22:31:27+00:00","mainEntityOfPage":{"@id":"https:\/\/radiohuancayo.com.pe\/wp54\/es-oficial-jean-pierre-archimbaud-es-nuevo-jugador-de-alianza\/"},"wordCount":153,"commentCount":0,"publisher":{"@id":"https:\/\/radiohuancayo.com.pe\/wp54\/#organization"},"image":{"@id":"https:\/\/radiohuancayo.com.pe\/wp54\/es-oficial-jean-pierre-archimbaud-es-nuevo-jugador-de-alianza\/#primaryimage"},"thumbnailUrl":"https:\/\/radiohuancayo.com.pe\/wp54\/wp-content\/uploads\/2024\/12\/image-4.png","articleSection":["Deportes"],"inLanguage":"es","potentialAction":[{"@type":"CommentAction","name":"Comment","target":["https:\/\/radiohuancayo.com.pe\/wp54\/es-oficial-jean-pierre-archimbaud-es-nuevo-jugador-de-alianza\/#respond"]}]},{"@type":"WebPage","@id":"https:\/\/radiohuancayo.com.pe\/wp54\/es-oficial-jean-pierre-archimbaud-es-nuevo-jugador-de-alianza\/","url":"https:\/\/radiohuancayo.com.pe\/wp54\/es-oficial-jean-pierre-archimbaud-es-nuevo-jugador-de-alianza\/","name":"ES OFICIAL: Jean Pierre Archimbaud es nuevo jugador de Alianza - Radio Huancayo","isPartOf":{"@id":"https:\/\/radiohuancayo.com.pe\/wp54\/#website"},"primaryImageOfPage":{"@id":"https:\/\/radiohuancayo.com.pe\/wp54\/es-oficial-jean-pierre-archimbaud-es-nuevo-jugador-de-alianza\/#primaryimage"},"image":{"@id":"https:\/\/radiohuancayo.com.pe\/wp54\/es-oficial-jean-pierre-archimbaud-es-nuevo-jugador-de-alianza\/#primaryimage"},"thumbnailUrl":"https:\/\/radiohuancayo.com.pe\/wp54\/wp-content\/uploads\/2024\/12\/image-4.png","datePublished":"2024-12-03T22:31:27+00:00","breadcrumb":{"@id":"https:\/\/radiohuancayo.com.pe\/wp54\/es-oficial-jean-pierre-archimbaud-es-nuevo-jugador-de-alianza\/#breadcrumb"},"inLanguage":"es","potentialAction":[{"@type":"ReadAction","target":["https:\/\/radiohuancayo.com.pe\/wp54\/es-oficial-jean-pierre-archimbaud-es-nuevo-jugador-de-alianza\/"]}]},{"@type":"ImageObject","inLanguage":"es","@id":"https:\/\/radiohuancayo.com.pe\/wp54\/es-oficial-jean-pierre-archimbaud-es-nuevo-jugador-de-alianza\/#primaryimage","url":"https:\/\/radiohuancayo.com.pe\/wp54\/wp-content\/uploads\/2024\/12\/image-4.png","contentUrl":"https:\/\/radiohuancayo.com.pe\/wp54\/wp-content\/uploads\/2024\/12\/image-4.png","width":1200,"height":630},{"@type":"BreadcrumbList","@id":"https:\/\/radiohuancayo.com.pe\/wp54\/es-oficial-jean-pierre-archimbaud-es-nuevo-jugador-de-alianza\/#breadcrumb","itemListElement":[{"@type":"ListItem","position":1,"name":"Portada","item":"https:\/\/radiohuancayo.com.pe\/wp54\/"},{"@type":"ListItem","position":2,"name":"ES OFICIAL: Jean Pierre Archimbaud es nuevo jugador de Alianza"}]},{"@type":"WebSite","@id":"https:\/\/radiohuancayo.com.pe\/wp54\/#website","url":"https:\/\/radiohuancayo.com.pe\/wp54\/","name":"Radio Huancayo","description":"me gusta!!!","publisher":{"@id":"https:\/\/radiohuancayo.com.pe\/wp54\/#organization"},"potentialAction":[{"@type":"SearchAction","target":{"@type":"EntryPoint","urlTemplate":"https:\/\/radiohuancayo.com.pe\/wp54\/?s={search_term_string}"},"query-input":{"@type":"PropertyValueSpecification","valueRequired":true,"valueName":"search_term_string"}}],"inLanguage":"es"},{"@type":"Organization","@id":"https:\/\/radiohuancayo.com.pe\/wp54\/#organization","name":"Radio Huancayo","url":"https:\/\/radiohuancayo.com.pe\/wp54\/","logo":{"@type":"ImageObject","inLanguage":"es","@id":"https:\/\/radiohuancayo.com.pe\/wp54\/#\/schema\/logo\/image\/","url":"https:\/\/radiohuancayo.com.pe\/wp54\/wp-content\/uploads\/2022\/04\/CABE01.png","contentUrl":"https:\/\/radiohuancayo.com.pe\/wp54\/wp-content\/uploads\/2022\/04\/CABE01.png","width":1640,"height":300,"caption":"Radio Huancayo"},"image":{"@id":"https:\/\/radiohuancayo.com.pe\/wp54\/#\/schema\/logo\/image\/"}},{"@type":"Person","@id":"https:\/\/radiohuancayo.com.pe\/wp54\/#\/schema\/person\/74fb124dee9900c6f4d0535fa1d2b5ae","name":"Michel Sanchez","image":{"@type":"ImageObject","inLanguage":"es","@id":"https:\/\/secure.gravatar.com\/avatar\/f7f6944c01b3f15a174d0cf055aea75c46697913fc8a9cf5c3cf3e8800c645f6?s=96&d=mm&r=g","url":"https:\/\/secure.gravatar.com\/avatar\/f7f6944c01b3f15a174d0cf055aea75c46697913fc8a9cf5c3cf3e8800c645f6?s=96&d=mm&r=g","contentUrl":"https:\/\/secure.gravatar.com\/avatar\/f7f6944c01b3f15a174d0cf055aea75c46697913fc8a9cf5c3cf3e8800c645f6?s=96&d=mm&r=g","caption":"Michel Sanchez"},"url":"https:\/\/radiohuancayo.com.pe\/wp54\/author\/memoris\/"}]}},"_links":{"self":[{"href":"https:\/\/radiohuancayo.com.pe\/wp54\/wp-json\/wp\/v2\/posts\/29018","targetHints":{"allow":["GET"]}}],"collection":[{"href":"https:\/\/radiohuancayo.com.pe\/wp54\/wp-json\/wp\/v2\/posts"}],"about":[{"href":"https:\/\/radiohuancayo.com.pe\/wp54\/wp-json\/wp\/v2\/types\/post"}],"author":[{"embeddable":true,"href":"https:\/\/radiohuancayo.com.pe\/wp54\/wp-json\/wp\/v2\/users\/2"}],"replies":[{"embeddable":true,"href":"https:\/\/radiohuancayo.com.pe\/wp54\/wp-json\/wp\/v2\/comments?post=29018"}],"version-history":[{"count":1,"href":"https:\/\/radiohuancayo.com.pe\/wp54\/wp-json\/wp\/v2\/posts\/29018\/revisions"}],"predecessor-version":[{"id":29020,"href":"https:\/\/radiohuancayo.com.pe\/wp54\/wp-json\/wp\/v2\/posts\/29018\/revisions\/29020"}],"wp:featuredmedia":[{"embeddable":true,"href":"https:\/\/radiohuancayo.com.pe\/wp54\/wp-json\/wp\/v2\/media\/29019"}],"wp:attachment":[{"href":"https:\/\/radiohuancayo.com.pe\/wp54\/wp-json\/wp\/v2\/media?parent=29018"}],"wp:term":[{"taxonomy":"category","embeddable":true,"href":"https:\/\/radiohuancayo.com.pe\/wp54\/wp-json\/wp\/v2\/categories?post=29018"},{"taxonomy":"post_tag","embeddable":true,"href":"https:\/\/radiohuancayo.com.pe\/wp54\/wp-json\/wp\/v2\/tags?post=29018"}],"curies":[{"name":"wp","href":"https:\/\/api.w.org\/{rel}","templated":true}]}}