{"id":29104,"date":"2024-12-04T17:22:36","date_gmt":"2024-12-04T22:22:36","guid":{"rendered":"https:\/\/radiohuancayo.com.pe\/wp54\/?p=29104"},"modified":"2024-12-04T17:22:36","modified_gmt":"2024-12-04T22:22:36","slug":"archimbaud-voy-a-defender-los-colores-con-corazon-y-mucho-esfuerzo-porque-alianza-te-demanda-eso","status":"publish","type":"post","link":"https:\/\/radiohuancayo.com.pe\/wp54\/archimbaud-voy-a-defender-los-colores-con-corazon-y-mucho-esfuerzo-porque-alianza-te-demanda-eso\/","title":{"rendered":"Archimbaud: \u00abVoy a defender los colores con coraz\u00f3n y mucho esfuerzo porque Alianza te demanda eso\u00bb"},"content":{"rendered":"\n<p>El flamante refuerzo de Alianza Lima, Jean Pierre Archimbaud, se mostr\u00f3 bastante feliz de llegar al &#8216;equipo del pueblo&#8217;, confes\u00f3 que Sporting Cristal s\u00ed quiso ficharlo y anhela afianzarse en los &#8216;\u00edntimos&#8217; para seguir siendo convocado a la Selecci\u00f3n.<\/p>\n\n\n\n<p>\u00abDios quiso que sea la oportunidad id\u00f3nea para poder llegar a Alianza Lima, el club del que soy hincha, no es un secreto. Llego en buen momento, espero que todo sea pueda dar para bien en lo futbol\u00edstico y conseguir los objetivos. Esper\u00e9 que acabe el torneo, escuch\u00e9 propuestas, pero el coraz\u00f3n muchas veces puede m\u00e1s y fue lo que decidimos junto a la familia. Estamos muy felices de poder llegar al &#8216;equipo del pueblo'\u00bb, confes\u00f3 &#8216;Lalito&#8217;.<\/p>\n\n\n\n<p>Adem\u00e1s, el volante nacional, coment\u00f3: \u00abEl sue\u00f1o pr\u00f3ximo que tengo es poder afianzarse en el equipo, ganarme un lugar con mucho esfuerzo, trabajo, humildad, y aportar bastante, tanto dentro como fuera del campo. Buscar\u00e9 ayudar al equipo a conseguir los objetivos y salir campe\u00f3n\u00bb.<\/p>\n\n\n\n<p>Asimismo, el futbolista de 30 a\u00f1os, dijo: \u00abSiento que este 2024 fue mi mejor a\u00f1o en lo futbol\u00edstico, Dios quiera que el a\u00f1o que venga sea mucho mejor, estoy trabajando muy duro para que as\u00ed sea y todo pueda estar encaminado, para que mis sue\u00f1os que a\u00fan tengo por conseguir se puedan hacer realidad\u00bb.<\/p>\n\n\n\n<p>Luego, Archimbaud dej\u00f3 en claro: \u00abVoy a defender los colores, con coraz\u00f3n, mucho esfuerzo porque Alianza te demanda eso, uno al ser hincha le van a exigir m\u00e1s, estoy preparado para eso, y Dios quiera que se puedan salir esos objetivos que tanto anhelamos\u00bb.<\/p>\n\n\n\n<p>Por otra parte, admiti\u00f3: \u00abCristal fue el primer equipo que se comunic\u00f3 conmigo desde mitad de a\u00f1o, hubo una propuesta a la que decid\u00ed no responder por respeto a FBC Melgar y no era lo correcto. Muy agradecido por el inter\u00e9s que hubo, todos sabemos la historia que tiene Cristal, mucho respeto a ellos, al \u00a0final no se lleg\u00f3 a concretar\u00bb.<\/p>\n\n\n\n<h3 class=\"wp-block-heading\">HABL\u00d3 DE LA SELECCI\u00d3N PERUANA<\/h3>\n\n\n\n<p>De la &#8216;blanquirroja&#8217;, el exjugador de FBC Melgar, confes\u00f3: \u00abQuiero seguir siendo convocado a la Selecci\u00f3n, es uno de mis objetivos, lo \u00fanico que me pueda dar eso, es siendo un jugador importante es Alianza, y voy a dar todo de m\u00ed para que as\u00ed sea\u00bb.<\/p>\n\n\n\n<p>Por \u00faltimo, Archimbaud declar\u00f3: \u00abMuy agradecido con el &#8216;profe&#8217; (Fossati), fue el \u00fanico que me dio la posibilidad de ser convocado. En un t\u00e9cnico con mucha experiencia, tiene buen manejo de grupo. Estoy seguro que en la pr\u00f3xima fecha doble nos ir\u00e1 mucho mejor, y siempre el bien grupal ser\u00e1 lo m\u00e1s importante\u00bb.<\/p>\n","protected":false},"excerpt":{"rendered":"<p>El flamante refuerzo de Alianza Lima, Jean Pierre Archimbaud, se mostr\u00f3 bastante feliz de llegar al &#8216;equipo del pueblo&#8217;, confes\u00f3 que Sporting Cristal s\u00ed quiso ficharlo y anhela afianzarse en los &#8216;\u00edntimos&#8217; para seguir siendo convocado a la Selecci\u00f3n. \u00abDios quiso que sea la oportunidad id\u00f3nea para poder llegar a Alianza Lima, el club del que soy hincha, no es un secreto. Llego en buen momento, espero que todo sea pueda dar para bien en lo futbol\u00edstico y conseguir los objetivos. Esper\u00e9 que acabe el torneo, escuch\u00e9 propuestas, pero el coraz\u00f3n muchas veces puede m\u00e1s y fue lo que decidimos junto a la familia. Estamos muy felices de poder llegar al &#8216;equipo del pueblo&#8217;\u00bb, confes\u00f3 &#8216;Lalito&#8217;. Adem\u00e1s, el volante nacional, coment\u00f3: \u00abEl sue\u00f1o pr\u00f3ximo que tengo es poder afianzarse en el equipo, ganarme un lugar con mucho esfuerzo, trabajo, humildad, y aportar bastante, tanto dentro como fuera del campo. Buscar\u00e9 ayudar al equipo a conseguir los objetivos y salir campe\u00f3n\u00bb. Asimismo, el futbolista de 30 a\u00f1os, dijo: \u00abSiento que este 2024 fue mi mejor a\u00f1o en lo futbol\u00edstico, Dios quiera que el a\u00f1o que venga sea mucho mejor, estoy trabajando muy duro para que as\u00ed sea y todo pueda estar encaminado, para que mis sue\u00f1os que a\u00fan tengo por conseguir se puedan hacer realidad\u00bb. Luego, Archimbaud dej\u00f3 en claro: \u00abVoy a defender los colores, con coraz\u00f3n, mucho esfuerzo porque Alianza te demanda eso, uno al ser hincha le van a exigir m\u00e1s, estoy preparado para eso, y Dios quiera que se puedan salir esos objetivos que tanto anhelamos\u00bb. Por otra parte, admiti\u00f3: \u00abCristal fue el primer equipo que se comunic\u00f3 conmigo desde mitad de a\u00f1o, hubo una propuesta a la que decid\u00ed no responder por respeto a FBC Melgar y no era lo correcto. Muy agradecido por el inter\u00e9s que hubo, todos sabemos la historia que tiene Cristal, mucho respeto a ellos, al \u00a0final no se lleg\u00f3 a concretar\u00bb. HABL\u00d3 DE LA SELECCI\u00d3N PERUANA De la &#8216;blanquirroja&#8217;, el exjugador de FBC Melgar, confes\u00f3: \u00abQuiero seguir siendo convocado a la Selecci\u00f3n, es uno de mis objetivos, lo \u00fanico que me pueda dar eso, es siendo un jugador importante es Alianza, y voy a dar todo de m\u00ed para que as\u00ed sea\u00bb. Por \u00faltimo, Archimbaud declar\u00f3: \u00abMuy agradecido con el &#8216;profe&#8217; (Fossati), fue el \u00fanico que me dio la posibilidad de ser convocado. En un t\u00e9cnico con mucha experiencia, tiene buen manejo de grupo. Estoy seguro que en la pr\u00f3xima fecha doble nos ir\u00e1 mucho mejor, y siempre el bien grupal ser\u00e1 lo m\u00e1s importante\u00bb.<\/p>\n","protected":false},"author":2,"featured_media":29105,"comment_status":"open","ping_status":"open","sticky":false,"template":"","format":"standard","meta":{"footnotes":""},"categories":[7],"tags":[],"class_list":["post-29104","post","type-post","status-publish","format-standard","has-post-thumbnail","hentry","category-deportes"],"yoast_head":"<!-- This site is optimized with the Yoast SEO plugin v27.5 - https:\/\/yoast.com\/product\/yoast-seo-wordpress\/ -->\n<title>Archimbaud: &quot;Voy a defender los colores con coraz\u00f3n y mucho esfuerzo porque Alianza te demanda eso&quot; - Radio Huancayo<\/title>\n<meta name=\"robots\" content=\"index, follow, max-snippet:-1, max-image-preview:large, max-video-preview:-1\" \/>\n<link rel=\"canonical\" href=\"https:\/\/radiohuancayo.com.pe\/wp54\/archimbaud-voy-a-defender-los-colores-con-corazon-y-mucho-esfuerzo-porque-alianza-te-demanda-eso\/\" \/>\n<meta property=\"og:locale\" content=\"es_ES\" \/>\n<meta property=\"og:type\" content=\"article\" \/>\n<meta property=\"og:title\" content=\"Archimbaud: &quot;Voy a defender los colores con coraz\u00f3n y mucho esfuerzo porque Alianza te demanda eso&quot; - Radio Huancayo\" \/>\n<meta property=\"og:description\" content=\"El flamante refuerzo de Alianza Lima, Jean Pierre Archimbaud, se mostr\u00f3 bastante feliz de llegar al &#8216;equipo del pueblo&#8217;, confes\u00f3 que Sporting Cristal s\u00ed quiso ficharlo y anhela afianzarse en los &#8216;\u00edntimos&#8217; para seguir siendo convocado a la Selecci\u00f3n. \u00abDios quiso que sea la oportunidad id\u00f3nea para poder llegar a Alianza Lima, el club del que soy hincha, no es un secreto. Llego en buen momento, espero que todo sea pueda dar para bien en lo futbol\u00edstico y conseguir los objetivos. Esper\u00e9 que acabe el torneo, escuch\u00e9 propuestas, pero el coraz\u00f3n muchas veces puede m\u00e1s y fue lo que decidimos junto a la familia. Estamos muy felices de poder llegar al &#8216;equipo del pueblo&#039;\u00bb, confes\u00f3 &#8216;Lalito&#8217;. Adem\u00e1s, el volante nacional, coment\u00f3: \u00abEl sue\u00f1o pr\u00f3ximo que tengo es poder afianzarse en el equipo, ganarme un lugar con mucho esfuerzo, trabajo, humildad, y aportar bastante, tanto dentro como fuera del campo. Buscar\u00e9 ayudar al equipo a conseguir los objetivos y salir campe\u00f3n\u00bb. Asimismo, el futbolista de 30 a\u00f1os, dijo: \u00abSiento que este 2024 fue mi mejor a\u00f1o en lo futbol\u00edstico, Dios quiera que el a\u00f1o que venga sea mucho mejor, estoy trabajando muy duro para que as\u00ed sea y todo pueda estar encaminado, para que mis sue\u00f1os que a\u00fan tengo por conseguir se puedan hacer realidad\u00bb. Luego, Archimbaud dej\u00f3 en claro: \u00abVoy a defender los colores, con coraz\u00f3n, mucho esfuerzo porque Alianza te demanda eso, uno al ser hincha le van a exigir m\u00e1s, estoy preparado para eso, y Dios quiera que se puedan salir esos objetivos que tanto anhelamos\u00bb. Por otra parte, admiti\u00f3: \u00abCristal fue el primer equipo que se comunic\u00f3 conmigo desde mitad de a\u00f1o, hubo una propuesta a la que decid\u00ed no responder por respeto a FBC Melgar y no era lo correcto. Muy agradecido por el inter\u00e9s que hubo, todos sabemos la historia que tiene Cristal, mucho respeto a ellos, al \u00a0final no se lleg\u00f3 a concretar\u00bb. HABL\u00d3 DE LA SELECCI\u00d3N PERUANA De la &#8216;blanquirroja&#8217;, el exjugador de FBC Melgar, confes\u00f3: \u00abQuiero seguir siendo convocado a la Selecci\u00f3n, es uno de mis objetivos, lo \u00fanico que me pueda dar eso, es siendo un jugador importante es Alianza, y voy a dar todo de m\u00ed para que as\u00ed sea\u00bb. Por \u00faltimo, Archimbaud declar\u00f3: \u00abMuy agradecido con el &#8216;profe&#8217; (Fossati), fue el \u00fanico que me dio la posibilidad de ser convocado. En un t\u00e9cnico con mucha experiencia, tiene buen manejo de grupo. Estoy seguro que en la pr\u00f3xima fecha doble nos ir\u00e1 mucho mejor, y siempre el bien grupal ser\u00e1 lo m\u00e1s importante\u00bb.\" \/>\n<meta property=\"og:url\" content=\"https:\/\/radiohuancayo.com.pe\/wp54\/archimbaud-voy-a-defender-los-colores-con-corazon-y-mucho-esfuerzo-porque-alianza-te-demanda-eso\/\" \/>\n<meta property=\"og:site_name\" content=\"Radio Huancayo\" \/>\n<meta property=\"article:published_time\" content=\"2024-12-04T22:22:36+00:00\" \/>\n<meta property=\"og:image\" content=\"https:\/\/radiohuancayo.com.pe\/wp54\/wp-content\/uploads\/2024\/12\/image-8.png\" \/>\n\t<meta property=\"og:image:width\" content=\"1200\" \/>\n\t<meta property=\"og:image:height\" content=\"630\" \/>\n\t<meta property=\"og:image:type\" content=\"image\/png\" \/>\n<meta name=\"author\" content=\"Michel Sanchez\" \/>\n<meta name=\"twitter:card\" content=\"summary_large_image\" \/>\n<meta name=\"twitter:label1\" content=\"Escrito por\" \/>\n\t<meta name=\"twitter:data1\" content=\"Michel Sanchez\" \/>\n\t<meta name=\"twitter:label2\" content=\"Tiempo de lectura\" \/>\n\t<meta name=\"twitter:data2\" content=\"3 minutos\" \/>\n<script type=\"application\/ld+json\" class=\"yoast-schema-graph\">{\"@context\":\"https:\\\/\\\/schema.org\",\"@graph\":[{\"@type\":\"Article\",\"@id\":\"https:\\\/\\\/radiohuancayo.com.pe\\\/wp54\\\/archimbaud-voy-a-defender-los-colores-con-corazon-y-mucho-esfuerzo-porque-alianza-te-demanda-eso\\\/#article\",\"isPartOf\":{\"@id\":\"https:\\\/\\\/radiohuancayo.com.pe\\\/wp54\\\/archimbaud-voy-a-defender-los-colores-con-corazon-y-mucho-esfuerzo-porque-alianza-te-demanda-eso\\\/\"},\"author\":{\"name\":\"Michel Sanchez\",\"@id\":\"https:\\\/\\\/radiohuancayo.com.pe\\\/wp54\\\/#\\\/schema\\\/person\\\/74fb124dee9900c6f4d0535fa1d2b5ae\"},\"headline\":\"Archimbaud: \u00abVoy a defender los colores con coraz\u00f3n y mucho esfuerzo porque Alianza te demanda eso\u00bb\",\"datePublished\":\"2024-12-04T22:22:36+00:00\",\"mainEntityOfPage\":{\"@id\":\"https:\\\/\\\/radiohuancayo.com.pe\\\/wp54\\\/archimbaud-voy-a-defender-los-colores-con-corazon-y-mucho-esfuerzo-porque-alianza-te-demanda-eso\\\/\"},\"wordCount\":463,\"commentCount\":0,\"publisher\":{\"@id\":\"https:\\\/\\\/radiohuancayo.com.pe\\\/wp54\\\/#organization\"},\"image\":{\"@id\":\"https:\\\/\\\/radiohuancayo.com.pe\\\/wp54\\\/archimbaud-voy-a-defender-los-colores-con-corazon-y-mucho-esfuerzo-porque-alianza-te-demanda-eso\\\/#primaryimage\"},\"thumbnailUrl\":\"https:\\\/\\\/radiohuancayo.com.pe\\\/wp54\\\/wp-content\\\/uploads\\\/2024\\\/12\\\/image-8.png\",\"articleSection\":[\"Deportes\"],\"inLanguage\":\"es\",\"potentialAction\":[{\"@type\":\"CommentAction\",\"name\":\"Comment\",\"target\":[\"https:\\\/\\\/radiohuancayo.com.pe\\\/wp54\\\/archimbaud-voy-a-defender-los-colores-con-corazon-y-mucho-esfuerzo-porque-alianza-te-demanda-eso\\\/#respond\"]}]},{\"@type\":\"WebPage\",\"@id\":\"https:\\\/\\\/radiohuancayo.com.pe\\\/wp54\\\/archimbaud-voy-a-defender-los-colores-con-corazon-y-mucho-esfuerzo-porque-alianza-te-demanda-eso\\\/\",\"url\":\"https:\\\/\\\/radiohuancayo.com.pe\\\/wp54\\\/archimbaud-voy-a-defender-los-colores-con-corazon-y-mucho-esfuerzo-porque-alianza-te-demanda-eso\\\/\",\"name\":\"Archimbaud: \\\"Voy a defender los colores con coraz\u00f3n y mucho esfuerzo porque Alianza te demanda eso\\\" - Radio Huancayo\",\"isPartOf\":{\"@id\":\"https:\\\/\\\/radiohuancayo.com.pe\\\/wp54\\\/#website\"},\"primaryImageOfPage\":{\"@id\":\"https:\\\/\\\/radiohuancayo.com.pe\\\/wp54\\\/archimbaud-voy-a-defender-los-colores-con-corazon-y-mucho-esfuerzo-porque-alianza-te-demanda-eso\\\/#primaryimage\"},\"image\":{\"@id\":\"https:\\\/\\\/radiohuancayo.com.pe\\\/wp54\\\/archimbaud-voy-a-defender-los-colores-con-corazon-y-mucho-esfuerzo-porque-alianza-te-demanda-eso\\\/#primaryimage\"},\"thumbnailUrl\":\"https:\\\/\\\/radiohuancayo.com.pe\\\/wp54\\\/wp-content\\\/uploads\\\/2024\\\/12\\\/image-8.png\",\"datePublished\":\"2024-12-04T22:22:36+00:00\",\"breadcrumb\":{\"@id\":\"https:\\\/\\\/radiohuancayo.com.pe\\\/wp54\\\/archimbaud-voy-a-defender-los-colores-con-corazon-y-mucho-esfuerzo-porque-alianza-te-demanda-eso\\\/#breadcrumb\"},\"inLanguage\":\"es\",\"potentialAction\":[{\"@type\":\"ReadAction\",\"target\":[\"https:\\\/\\\/radiohuancayo.com.pe\\\/wp54\\\/archimbaud-voy-a-defender-los-colores-con-corazon-y-mucho-esfuerzo-porque-alianza-te-demanda-eso\\\/\"]}]},{\"@type\":\"ImageObject\",\"inLanguage\":\"es\",\"@id\":\"https:\\\/\\\/radiohuancayo.com.pe\\\/wp54\\\/archimbaud-voy-a-defender-los-colores-con-corazon-y-mucho-esfuerzo-porque-alianza-te-demanda-eso\\\/#primaryimage\",\"url\":\"https:\\\/\\\/radiohuancayo.com.pe\\\/wp54\\\/wp-content\\\/uploads\\\/2024\\\/12\\\/image-8.png\",\"contentUrl\":\"https:\\\/\\\/radiohuancayo.com.pe\\\/wp54\\\/wp-content\\\/uploads\\\/2024\\\/12\\\/image-8.png\",\"width\":1200,\"height\":630},{\"@type\":\"BreadcrumbList\",\"@id\":\"https:\\\/\\\/radiohuancayo.com.pe\\\/wp54\\\/archimbaud-voy-a-defender-los-colores-con-corazon-y-mucho-esfuerzo-porque-alianza-te-demanda-eso\\\/#breadcrumb\",\"itemListElement\":[{\"@type\":\"ListItem\",\"position\":1,\"name\":\"Portada\",\"item\":\"https:\\\/\\\/radiohuancayo.com.pe\\\/wp54\\\/\"},{\"@type\":\"ListItem\",\"position\":2,\"name\":\"Archimbaud: &#8220;Voy a defender los colores con coraz\u00f3n y mucho esfuerzo porque Alianza te demanda eso&#8221;\"}]},{\"@type\":\"WebSite\",\"@id\":\"https:\\\/\\\/radiohuancayo.com.pe\\\/wp54\\\/#website\",\"url\":\"https:\\\/\\\/radiohuancayo.com.pe\\\/wp54\\\/\",\"name\":\"Radio Huancayo\",\"description\":\"me gusta!!!\",\"publisher\":{\"@id\":\"https:\\\/\\\/radiohuancayo.com.pe\\\/wp54\\\/#organization\"},\"potentialAction\":[{\"@type\":\"SearchAction\",\"target\":{\"@type\":\"EntryPoint\",\"urlTemplate\":\"https:\\\/\\\/radiohuancayo.com.pe\\\/wp54\\\/?s={search_term_string}\"},\"query-input\":{\"@type\":\"PropertyValueSpecification\",\"valueRequired\":true,\"valueName\":\"search_term_string\"}}],\"inLanguage\":\"es\"},{\"@type\":\"Organization\",\"@id\":\"https:\\\/\\\/radiohuancayo.com.pe\\\/wp54\\\/#organization\",\"name\":\"Radio Huancayo\",\"url\":\"https:\\\/\\\/radiohuancayo.com.pe\\\/wp54\\\/\",\"logo\":{\"@type\":\"ImageObject\",\"inLanguage\":\"es\",\"@id\":\"https:\\\/\\\/radiohuancayo.com.pe\\\/wp54\\\/#\\\/schema\\\/logo\\\/image\\\/\",\"url\":\"https:\\\/\\\/radiohuancayo.com.pe\\\/wp54\\\/wp-content\\\/uploads\\\/2022\\\/04\\\/CABE01.png\",\"contentUrl\":\"https:\\\/\\\/radiohuancayo.com.pe\\\/wp54\\\/wp-content\\\/uploads\\\/2022\\\/04\\\/CABE01.png\",\"width\":1640,\"height\":300,\"caption\":\"Radio Huancayo\"},\"image\":{\"@id\":\"https:\\\/\\\/radiohuancayo.com.pe\\\/wp54\\\/#\\\/schema\\\/logo\\\/image\\\/\"}},{\"@type\":\"Person\",\"@id\":\"https:\\\/\\\/radiohuancayo.com.pe\\\/wp54\\\/#\\\/schema\\\/person\\\/74fb124dee9900c6f4d0535fa1d2b5ae\",\"name\":\"Michel Sanchez\",\"image\":{\"@type\":\"ImageObject\",\"inLanguage\":\"es\",\"@id\":\"https:\\\/\\\/secure.gravatar.com\\\/avatar\\\/f7f6944c01b3f15a174d0cf055aea75c46697913fc8a9cf5c3cf3e8800c645f6?s=96&d=mm&r=g\",\"url\":\"https:\\\/\\\/secure.gravatar.com\\\/avatar\\\/f7f6944c01b3f15a174d0cf055aea75c46697913fc8a9cf5c3cf3e8800c645f6?s=96&d=mm&r=g\",\"contentUrl\":\"https:\\\/\\\/secure.gravatar.com\\\/avatar\\\/f7f6944c01b3f15a174d0cf055aea75c46697913fc8a9cf5c3cf3e8800c645f6?s=96&d=mm&r=g\",\"caption\":\"Michel Sanchez\"},\"url\":\"https:\\\/\\\/radiohuancayo.com.pe\\\/wp54\\\/author\\\/memoris\\\/\"}]}<\/script>\n<!-- \/ Yoast SEO plugin. -->","yoast_head_json":{"title":"Archimbaud: \"Voy a defender los colores con coraz\u00f3n y mucho esfuerzo porque Alianza te demanda eso\" - Radio Huancayo","robots":{"index":"index","follow":"follow","max-snippet":"max-snippet:-1","max-image-preview":"max-image-preview:large","max-video-preview":"max-video-preview:-1"},"canonical":"https:\/\/radiohuancayo.com.pe\/wp54\/archimbaud-voy-a-defender-los-colores-con-corazon-y-mucho-esfuerzo-porque-alianza-te-demanda-eso\/","og_locale":"es_ES","og_type":"article","og_title":"Archimbaud: \"Voy a defender los colores con coraz\u00f3n y mucho esfuerzo porque Alianza te demanda eso\" - Radio Huancayo","og_description":"El flamante refuerzo de Alianza Lima, Jean Pierre Archimbaud, se mostr\u00f3 bastante feliz de llegar al &#8216;equipo del pueblo&#8217;, confes\u00f3 que Sporting Cristal s\u00ed quiso ficharlo y anhela afianzarse en los &#8216;\u00edntimos&#8217; para seguir siendo convocado a la Selecci\u00f3n. \u00abDios quiso que sea la oportunidad id\u00f3nea para poder llegar a Alianza Lima, el club del que soy hincha, no es un secreto. Llego en buen momento, espero que todo sea pueda dar para bien en lo futbol\u00edstico y conseguir los objetivos. Esper\u00e9 que acabe el torneo, escuch\u00e9 propuestas, pero el coraz\u00f3n muchas veces puede m\u00e1s y fue lo que decidimos junto a la familia. Estamos muy felices de poder llegar al &#8216;equipo del pueblo'\u00bb, confes\u00f3 &#8216;Lalito&#8217;. Adem\u00e1s, el volante nacional, coment\u00f3: \u00abEl sue\u00f1o pr\u00f3ximo que tengo es poder afianzarse en el equipo, ganarme un lugar con mucho esfuerzo, trabajo, humildad, y aportar bastante, tanto dentro como fuera del campo. Buscar\u00e9 ayudar al equipo a conseguir los objetivos y salir campe\u00f3n\u00bb. Asimismo, el futbolista de 30 a\u00f1os, dijo: \u00abSiento que este 2024 fue mi mejor a\u00f1o en lo futbol\u00edstico, Dios quiera que el a\u00f1o que venga sea mucho mejor, estoy trabajando muy duro para que as\u00ed sea y todo pueda estar encaminado, para que mis sue\u00f1os que a\u00fan tengo por conseguir se puedan hacer realidad\u00bb. Luego, Archimbaud dej\u00f3 en claro: \u00abVoy a defender los colores, con coraz\u00f3n, mucho esfuerzo porque Alianza te demanda eso, uno al ser hincha le van a exigir m\u00e1s, estoy preparado para eso, y Dios quiera que se puedan salir esos objetivos que tanto anhelamos\u00bb. Por otra parte, admiti\u00f3: \u00abCristal fue el primer equipo que se comunic\u00f3 conmigo desde mitad de a\u00f1o, hubo una propuesta a la que decid\u00ed no responder por respeto a FBC Melgar y no era lo correcto. Muy agradecido por el inter\u00e9s que hubo, todos sabemos la historia que tiene Cristal, mucho respeto a ellos, al \u00a0final no se lleg\u00f3 a concretar\u00bb. HABL\u00d3 DE LA SELECCI\u00d3N PERUANA De la &#8216;blanquirroja&#8217;, el exjugador de FBC Melgar, confes\u00f3: \u00abQuiero seguir siendo convocado a la Selecci\u00f3n, es uno de mis objetivos, lo \u00fanico que me pueda dar eso, es siendo un jugador importante es Alianza, y voy a dar todo de m\u00ed para que as\u00ed sea\u00bb. Por \u00faltimo, Archimbaud declar\u00f3: \u00abMuy agradecido con el &#8216;profe&#8217; (Fossati), fue el \u00fanico que me dio la posibilidad de ser convocado. En un t\u00e9cnico con mucha experiencia, tiene buen manejo de grupo. Estoy seguro que en la pr\u00f3xima fecha doble nos ir\u00e1 mucho mejor, y siempre el bien grupal ser\u00e1 lo m\u00e1s importante\u00bb.","og_url":"https:\/\/radiohuancayo.com.pe\/wp54\/archimbaud-voy-a-defender-los-colores-con-corazon-y-mucho-esfuerzo-porque-alianza-te-demanda-eso\/","og_site_name":"Radio Huancayo","article_published_time":"2024-12-04T22:22:36+00:00","og_image":[{"width":1200,"height":630,"url":"https:\/\/radiohuancayo.com.pe\/wp54\/wp-content\/uploads\/2024\/12\/image-8.png","type":"image\/png"}],"author":"Michel Sanchez","twitter_card":"summary_large_image","twitter_misc":{"Escrito por":"Michel Sanchez","Tiempo de lectura":"3 minutos"},"schema":{"@context":"https:\/\/schema.org","@graph":[{"@type":"Article","@id":"https:\/\/radiohuancayo.com.pe\/wp54\/archimbaud-voy-a-defender-los-colores-con-corazon-y-mucho-esfuerzo-porque-alianza-te-demanda-eso\/#article","isPartOf":{"@id":"https:\/\/radiohuancayo.com.pe\/wp54\/archimbaud-voy-a-defender-los-colores-con-corazon-y-mucho-esfuerzo-porque-alianza-te-demanda-eso\/"},"author":{"name":"Michel Sanchez","@id":"https:\/\/radiohuancayo.com.pe\/wp54\/#\/schema\/person\/74fb124dee9900c6f4d0535fa1d2b5ae"},"headline":"Archimbaud: \u00abVoy a defender los colores con coraz\u00f3n y mucho esfuerzo porque Alianza te demanda eso\u00bb","datePublished":"2024-12-04T22:22:36+00:00","mainEntityOfPage":{"@id":"https:\/\/radiohuancayo.com.pe\/wp54\/archimbaud-voy-a-defender-los-colores-con-corazon-y-mucho-esfuerzo-porque-alianza-te-demanda-eso\/"},"wordCount":463,"commentCount":0,"publisher":{"@id":"https:\/\/radiohuancayo.com.pe\/wp54\/#organization"},"image":{"@id":"https:\/\/radiohuancayo.com.pe\/wp54\/archimbaud-voy-a-defender-los-colores-con-corazon-y-mucho-esfuerzo-porque-alianza-te-demanda-eso\/#primaryimage"},"thumbnailUrl":"https:\/\/radiohuancayo.com.pe\/wp54\/wp-content\/uploads\/2024\/12\/image-8.png","articleSection":["Deportes"],"inLanguage":"es","potentialAction":[{"@type":"CommentAction","name":"Comment","target":["https:\/\/radiohuancayo.com.pe\/wp54\/archimbaud-voy-a-defender-los-colores-con-corazon-y-mucho-esfuerzo-porque-alianza-te-demanda-eso\/#respond"]}]},{"@type":"WebPage","@id":"https:\/\/radiohuancayo.com.pe\/wp54\/archimbaud-voy-a-defender-los-colores-con-corazon-y-mucho-esfuerzo-porque-alianza-te-demanda-eso\/","url":"https:\/\/radiohuancayo.com.pe\/wp54\/archimbaud-voy-a-defender-los-colores-con-corazon-y-mucho-esfuerzo-porque-alianza-te-demanda-eso\/","name":"Archimbaud: \"Voy a defender los colores con coraz\u00f3n y mucho esfuerzo porque Alianza te demanda eso\" - Radio Huancayo","isPartOf":{"@id":"https:\/\/radiohuancayo.com.pe\/wp54\/#website"},"primaryImageOfPage":{"@id":"https:\/\/radiohuancayo.com.pe\/wp54\/archimbaud-voy-a-defender-los-colores-con-corazon-y-mucho-esfuerzo-porque-alianza-te-demanda-eso\/#primaryimage"},"image":{"@id":"https:\/\/radiohuancayo.com.pe\/wp54\/archimbaud-voy-a-defender-los-colores-con-corazon-y-mucho-esfuerzo-porque-alianza-te-demanda-eso\/#primaryimage"},"thumbnailUrl":"https:\/\/radiohuancayo.com.pe\/wp54\/wp-content\/uploads\/2024\/12\/image-8.png","datePublished":"2024-12-04T22:22:36+00:00","breadcrumb":{"@id":"https:\/\/radiohuancayo.com.pe\/wp54\/archimbaud-voy-a-defender-los-colores-con-corazon-y-mucho-esfuerzo-porque-alianza-te-demanda-eso\/#breadcrumb"},"inLanguage":"es","potentialAction":[{"@type":"ReadAction","target":["https:\/\/radiohuancayo.com.pe\/wp54\/archimbaud-voy-a-defender-los-colores-con-corazon-y-mucho-esfuerzo-porque-alianza-te-demanda-eso\/"]}]},{"@type":"ImageObject","inLanguage":"es","@id":"https:\/\/radiohuancayo.com.pe\/wp54\/archimbaud-voy-a-defender-los-colores-con-corazon-y-mucho-esfuerzo-porque-alianza-te-demanda-eso\/#primaryimage","url":"https:\/\/radiohuancayo.com.pe\/wp54\/wp-content\/uploads\/2024\/12\/image-8.png","contentUrl":"https:\/\/radiohuancayo.com.pe\/wp54\/wp-content\/uploads\/2024\/12\/image-8.png","width":1200,"height":630},{"@type":"BreadcrumbList","@id":"https:\/\/radiohuancayo.com.pe\/wp54\/archimbaud-voy-a-defender-los-colores-con-corazon-y-mucho-esfuerzo-porque-alianza-te-demanda-eso\/#breadcrumb","itemListElement":[{"@type":"ListItem","position":1,"name":"Portada","item":"https:\/\/radiohuancayo.com.pe\/wp54\/"},{"@type":"ListItem","position":2,"name":"Archimbaud: &#8220;Voy a defender los colores con coraz\u00f3n y mucho esfuerzo porque Alianza te demanda eso&#8221;"}]},{"@type":"WebSite","@id":"https:\/\/radiohuancayo.com.pe\/wp54\/#website","url":"https:\/\/radiohuancayo.com.pe\/wp54\/","name":"Radio Huancayo","description":"me gusta!!!","publisher":{"@id":"https:\/\/radiohuancayo.com.pe\/wp54\/#organization"},"potentialAction":[{"@type":"SearchAction","target":{"@type":"EntryPoint","urlTemplate":"https:\/\/radiohuancayo.com.pe\/wp54\/?s={search_term_string}"},"query-input":{"@type":"PropertyValueSpecification","valueRequired":true,"valueName":"search_term_string"}}],"inLanguage":"es"},{"@type":"Organization","@id":"https:\/\/radiohuancayo.com.pe\/wp54\/#organization","name":"Radio Huancayo","url":"https:\/\/radiohuancayo.com.pe\/wp54\/","logo":{"@type":"ImageObject","inLanguage":"es","@id":"https:\/\/radiohuancayo.com.pe\/wp54\/#\/schema\/logo\/image\/","url":"https:\/\/radiohuancayo.com.pe\/wp54\/wp-content\/uploads\/2022\/04\/CABE01.png","contentUrl":"https:\/\/radiohuancayo.com.pe\/wp54\/wp-content\/uploads\/2022\/04\/CABE01.png","width":1640,"height":300,"caption":"Radio Huancayo"},"image":{"@id":"https:\/\/radiohuancayo.com.pe\/wp54\/#\/schema\/logo\/image\/"}},{"@type":"Person","@id":"https:\/\/radiohuancayo.com.pe\/wp54\/#\/schema\/person\/74fb124dee9900c6f4d0535fa1d2b5ae","name":"Michel Sanchez","image":{"@type":"ImageObject","inLanguage":"es","@id":"https:\/\/secure.gravatar.com\/avatar\/f7f6944c01b3f15a174d0cf055aea75c46697913fc8a9cf5c3cf3e8800c645f6?s=96&d=mm&r=g","url":"https:\/\/secure.gravatar.com\/avatar\/f7f6944c01b3f15a174d0cf055aea75c46697913fc8a9cf5c3cf3e8800c645f6?s=96&d=mm&r=g","contentUrl":"https:\/\/secure.gravatar.com\/avatar\/f7f6944c01b3f15a174d0cf055aea75c46697913fc8a9cf5c3cf3e8800c645f6?s=96&d=mm&r=g","caption":"Michel Sanchez"},"url":"https:\/\/radiohuancayo.com.pe\/wp54\/author\/memoris\/"}]}},"_links":{"self":[{"href":"https:\/\/radiohuancayo.com.pe\/wp54\/wp-json\/wp\/v2\/posts\/29104","targetHints":{"allow":["GET"]}}],"collection":[{"href":"https:\/\/radiohuancayo.com.pe\/wp54\/wp-json\/wp\/v2\/posts"}],"about":[{"href":"https:\/\/radiohuancayo.com.pe\/wp54\/wp-json\/wp\/v2\/types\/post"}],"author":[{"embeddable":true,"href":"https:\/\/radiohuancayo.com.pe\/wp54\/wp-json\/wp\/v2\/users\/2"}],"replies":[{"embeddable":true,"href":"https:\/\/radiohuancayo.com.pe\/wp54\/wp-json\/wp\/v2\/comments?post=29104"}],"version-history":[{"count":1,"href":"https:\/\/radiohuancayo.com.pe\/wp54\/wp-json\/wp\/v2\/posts\/29104\/revisions"}],"predecessor-version":[{"id":29106,"href":"https:\/\/radiohuancayo.com.pe\/wp54\/wp-json\/wp\/v2\/posts\/29104\/revisions\/29106"}],"wp:featuredmedia":[{"embeddable":true,"href":"https:\/\/radiohuancayo.com.pe\/wp54\/wp-json\/wp\/v2\/media\/29105"}],"wp:attachment":[{"href":"https:\/\/radiohuancayo.com.pe\/wp54\/wp-json\/wp\/v2\/media?parent=29104"}],"wp:term":[{"taxonomy":"category","embeddable":true,"href":"https:\/\/radiohuancayo.com.pe\/wp54\/wp-json\/wp\/v2\/categories?post=29104"},{"taxonomy":"post_tag","embeddable":true,"href":"https:\/\/radiohuancayo.com.pe\/wp54\/wp-json\/wp\/v2\/tags?post=29104"}],"curies":[{"name":"wp","href":"https:\/\/api.w.org\/{rel}","templated":true}]}}