{"id":29110,"date":"2024-12-04T17:58:41","date_gmt":"2024-12-04T22:58:41","guid":{"rendered":"https:\/\/radiohuancayo.com.pe\/wp54\/?p=29110"},"modified":"2024-12-04T17:59:04","modified_gmt":"2024-12-04T22:59:04","slug":"nestor-gorosito-y-la-emocion-de-dirigir-a-alianza-lima-tenemos-la-ilusion-de-ser-campeones","status":"publish","type":"post","link":"https:\/\/radiohuancayo.com.pe\/wp54\/nestor-gorosito-y-la-emocion-de-dirigir-a-alianza-lima-tenemos-la-ilusion-de-ser-campeones\/","title":{"rendered":"N\u00e9stor Gorosito y la emoci\u00f3n de dirigir a Alianza Lima: \u201cTenemos la ilusi\u00f3n de ser campeones\u201d"},"content":{"rendered":"\n<p>N\u00e9stor Gorosito (60 a\u00f1os) est\u00e1 listo para asumir un nuevo reto internacional en su carrera: ser\u00e1 entrenador de Alianza Lima en la temporada 2025, donde el club blanquiazul buscar\u00e1 volver a salir campe\u00f3n de la Liga 1, tras el bicampeonato de su cl\u00e1sico rival, Universitario de Deportes. \u2018Pipo\u2019 est\u00e1 a un paso de firmar el contrato con la instituci\u00f3n victoriana y el fin de semana aterrizar\u00e1 en Lima para empezar a participar en la planificaci\u00f3n de la plantilla del pr\u00f3ximo a\u00f1o. A d\u00edas de su llegada, en una entrevista en ESPN, destac\u00f3 que est\u00e1 ilusionado por esta nueva etapa.<\/p>\n\n\n\n<p>\u201c<em><strong>Mi representante est\u00e1 hablando con la gente que est\u00e1 mandando los contratos, entre hoy y ma\u00f1ana lo firmaremos y estaremos viajando casi seguro el domingo<\/strong><\/em>\u201d, fueron sus primeras palabras sobre el acuerdo con el club \u00edntimo. \u201c<em><strong>Es un equipo grande, nos interes\u00f3 mucho debido a eso. Cuando trabajamos afuera (de Argentina) nos ha ido muy bien. Con Olimpia nos fue bien, en Espa\u00f1a nos fue bien. Y esperamos poder ir a Per\u00fa y que nos vaya bien. Tenemos la ilusi\u00f3n de ser campeones. Es lindo cuando uno jugaba y tomar ese protagonismo<\/strong><\/em>\u201d, agreg\u00f3.<\/p>\n\n\n\n<p>Luego, \u2018Pipo\u2019 Gorosito record\u00f3 los logros que obtuvo en su carrera como entrenador. \u201c<em><strong>Ahora con toda la energ\u00eda para ir a Per\u00fa y tratar de ver si podemos salir a campeones otra vez, como nos pas\u00f3 en Olimpia, en Tigre y Dios quiera que lo podamos lograr<\/strong><\/em>\u201d, declar\u00f3.<\/p>\n\n\n\n<p>Despu\u00e9s, se refiri\u00f3 a su equipo de trabajo: \u201c<em><strong>Vamos todos. No puedo irme sin estar con ellos, debido a su capacidad, es la gente que trabaja conmigo desde que me inici\u00e9 pr\u00e1cticamente. A m\u00ed no me da la cara para decirles que no pueden ir. \u2018Cachito\u2019 Borelli, Gustavo Zapata, \u2018Seba\u2019 Somoza y Marcelo Villasanti. Y estamos tratando de ver si podemos llevar al \u2018profe\u2019 Cristian Centragolo, que es el que se encarga de todo lo que es fuerza, GPS y esas cosas. Y estamos ah\u00ed, un poco dif\u00edcil, que lo pueda llevar ahora<\/strong><\/em>\u201d.<\/p>\n\n\n\n<p>\u2018Pipo\u2019 habl\u00f3 sobre las diferencias entre Argentina y Per\u00fa, y a las cr\u00edticas en las redes sociales. \u201c<em><strong>Son idiosincrasias diferentes. Me he dado cuenta por el periodismo, por todo lo que ha pasado en Per\u00fa desde que se me ha nombrado. La verdad que he tenido un apoyo enorme, el que hizo toda la fuerza para que vaya, Franco Navarro, yo no lo conoc\u00eda personalmente, ha causado una buena impresi\u00f3n. Despu\u00e9s como todo hay intereses, campa\u00f1a de empresarios, de periodistas, que te tiran unos mangos y hablan boludeces. Hay un mont\u00f3n de cosas en las cuales no entro. No le doy bola a las redes. Si me critican en las redes conmigo est\u00e1n muertos porque no tengo ni idea, salvo una chancita que meto en Twitter, despu\u00e9s no le doy bola<\/strong><\/em>\u201d, apunt\u00f3<\/p>\n\n\n\n<p>Finalmente, tuvo elogios para el f\u00fatbol peruano y lo que hizo Ricardo Gareca al mando de la Selecci\u00f3n Peruana. \u201c<em><strong>Pero voy con mucha ilusi\u00f3n. Per\u00fa es una escuela de f\u00fatbol importante, donde me gusta c\u00f3mo se juega. El \u2018Flaco\u2019 Gareca lo hizo muy bien con la Selecci\u00f3n y Dios quiera que pueda sacar el m\u00e1ximo provecho a los jugadores que tenga<\/strong><\/em>\u201d, sentenci\u00f3.<\/p>\n\n\n\n<h2 class=\"wp-block-heading\"><strong>\u00bfQui\u00e9nes integran el CT de N\u00e9stor Gorosito?<\/strong><\/h2>\n\n\n\n<p>Empezando por sus principales socios,&nbsp;<strong>N\u00e9stor Gorosito<\/strong>&nbsp;contar\u00e1 con dos asistentes. El primero ser\u00e1&nbsp;<strong>Jorge Borelli<\/strong>, un exfutbolista de 60 a\u00f1os, quien ha tenido la oportunidad de ser segundo DT en Col\u00f3n de Santa Fe.&nbsp;<strong>El otro hombre de confianza ser\u00e1 Gustavo Zapata, que llega desde Gimnasia, donde tambi\u00e9n fue asistente de campo<\/strong>.<\/p>\n\n\n\n<p>Como preparadores f\u00edsicos tendr\u00e1 a dos profesionales.\u00a0<strong>Sebasti\u00e1n Somoza<\/strong>, exCol\u00f3n de Santa Fe. Por otro lado, tambi\u00e9n estar\u00e1 otra persona con experiencia en el cargo en el \u2018Sabalero\u2019:\u00a0<strong>Cristian Centragolo<\/strong>. Como preparador de arqueros, N\u00e9stor dispondr\u00e1 de la ayuda de\u00a0<strong>Marcelo Villasanti,<\/strong>\u00a0quien lo acompa\u00f1\u00f3 en once clubes, incluyendo su paso por Xer\u00e9z de Espa\u00f1a, River Plate y Olimpia de Paraguay. Sumado a ellos, tambi\u00e9n habr\u00e1 un\u00a0<strong>analista de video<\/strong>.<\/p>\n","protected":false},"excerpt":{"rendered":"<p>N\u00e9stor Gorosito (60 a\u00f1os) est\u00e1 listo para asumir un nuevo reto internacional en su carrera: ser\u00e1 entrenador de Alianza Lima en la temporada 2025, donde el club blanquiazul buscar\u00e1 volver a salir campe\u00f3n de la Liga 1, tras el bicampeonato de su cl\u00e1sico rival, Universitario de Deportes. \u2018Pipo\u2019 est\u00e1 a un paso de firmar el contrato con la instituci\u00f3n victoriana y el fin de semana aterrizar\u00e1 en Lima para empezar a participar en la planificaci\u00f3n de la plantilla del pr\u00f3ximo a\u00f1o. A d\u00edas de su llegada, en una entrevista en ESPN, destac\u00f3 que est\u00e1 ilusionado por esta nueva etapa. \u201cMi representante est\u00e1 hablando con la gente que est\u00e1 mandando los contratos, entre hoy y ma\u00f1ana lo firmaremos y estaremos viajando casi seguro el domingo\u201d, fueron sus primeras palabras sobre el acuerdo con el club \u00edntimo. \u201cEs un equipo grande, nos interes\u00f3 mucho debido a eso. Cuando trabajamos afuera (de Argentina) nos ha ido muy bien. Con Olimpia nos fue bien, en Espa\u00f1a nos fue bien. Y esperamos poder ir a Per\u00fa y que nos vaya bien. Tenemos la ilusi\u00f3n de ser campeones. Es lindo cuando uno jugaba y tomar ese protagonismo\u201d, agreg\u00f3. Luego, \u2018Pipo\u2019 Gorosito record\u00f3 los logros que obtuvo en su carrera como entrenador. \u201cAhora con toda la energ\u00eda para ir a Per\u00fa y tratar de ver si podemos salir a campeones otra vez, como nos pas\u00f3 en Olimpia, en Tigre y Dios quiera que lo podamos lograr\u201d, declar\u00f3. Despu\u00e9s, se refiri\u00f3 a su equipo de trabajo: \u201cVamos todos. No puedo irme sin estar con ellos, debido a su capacidad, es la gente que trabaja conmigo desde que me inici\u00e9 pr\u00e1cticamente. A m\u00ed no me da la cara para decirles que no pueden ir. \u2018Cachito\u2019 Borelli, Gustavo Zapata, \u2018Seba\u2019 Somoza y Marcelo Villasanti. Y estamos tratando de ver si podemos llevar al \u2018profe\u2019 Cristian Centragolo, que es el que se encarga de todo lo que es fuerza, GPS y esas cosas. Y estamos ah\u00ed, un poco dif\u00edcil, que lo pueda llevar ahora\u201d. \u2018Pipo\u2019 habl\u00f3 sobre las diferencias entre Argentina y Per\u00fa, y a las cr\u00edticas en las redes sociales. \u201cSon idiosincrasias diferentes. Me he dado cuenta por el periodismo, por todo lo que ha pasado en Per\u00fa desde que se me ha nombrado. La verdad que he tenido un apoyo enorme, el que hizo toda la fuerza para que vaya, Franco Navarro, yo no lo conoc\u00eda personalmente, ha causado una buena impresi\u00f3n. Despu\u00e9s como todo hay intereses, campa\u00f1a de empresarios, de periodistas, que te tiran unos mangos y hablan boludeces. Hay un mont\u00f3n de cosas en las cuales no entro. No le doy bola a las redes. Si me critican en las redes conmigo est\u00e1n muertos porque no tengo ni idea, salvo una chancita que meto en Twitter, despu\u00e9s no le doy bola\u201d, apunt\u00f3 Finalmente, tuvo elogios para el f\u00fatbol peruano y lo que hizo Ricardo Gareca al mando de la Selecci\u00f3n Peruana. \u201cPero voy con mucha ilusi\u00f3n. Per\u00fa es una escuela de f\u00fatbol importante, donde me gusta c\u00f3mo se juega. El \u2018Flaco\u2019 Gareca lo hizo muy bien con la Selecci\u00f3n y Dios quiera que pueda sacar el m\u00e1ximo provecho a los jugadores que tenga\u201d, sentenci\u00f3. \u00bfQui\u00e9nes integran el CT de N\u00e9stor Gorosito? Empezando por sus principales socios,&nbsp;N\u00e9stor Gorosito&nbsp;contar\u00e1 con dos asistentes. El primero ser\u00e1&nbsp;Jorge Borelli, un exfutbolista de 60 a\u00f1os, quien ha tenido la oportunidad de ser segundo DT en Col\u00f3n de Santa Fe.&nbsp;El otro hombre de confianza ser\u00e1 Gustavo Zapata, que llega desde Gimnasia, donde tambi\u00e9n fue asistente de campo. Como preparadores f\u00edsicos tendr\u00e1 a dos profesionales.\u00a0Sebasti\u00e1n Somoza, exCol\u00f3n de Santa Fe. Por otro lado, tambi\u00e9n estar\u00e1 otra persona con experiencia en el cargo en el \u2018Sabalero\u2019:\u00a0Cristian Centragolo. Como preparador de arqueros, N\u00e9stor dispondr\u00e1 de la ayuda de\u00a0Marcelo Villasanti,\u00a0quien lo acompa\u00f1\u00f3 en once clubes, incluyendo su paso por Xer\u00e9z de Espa\u00f1a, River Plate y Olimpia de Paraguay. Sumado a ellos, tambi\u00e9n habr\u00e1 un\u00a0analista de video.<\/p>\n","protected":false},"author":2,"featured_media":29111,"comment_status":"open","ping_status":"open","sticky":false,"template":"","format":"standard","meta":{"footnotes":""},"categories":[7],"tags":[],"class_list":["post-29110","post","type-post","status-publish","format-standard","has-post-thumbnail","hentry","category-deportes"],"yoast_head":"<!-- This site is optimized with the Yoast SEO plugin v27.5 - https:\/\/yoast.com\/product\/yoast-seo-wordpress\/ -->\n<title>N\u00e9stor Gorosito y la emoci\u00f3n de dirigir a Alianza Lima: \u201cTenemos la ilusi\u00f3n de ser campeones\u201d - Radio Huancayo<\/title>\n<meta name=\"robots\" content=\"index, follow, max-snippet:-1, max-image-preview:large, max-video-preview:-1\" \/>\n<link rel=\"canonical\" href=\"https:\/\/radiohuancayo.com.pe\/wp54\/nestor-gorosito-y-la-emocion-de-dirigir-a-alianza-lima-tenemos-la-ilusion-de-ser-campeones\/\" \/>\n<meta property=\"og:locale\" content=\"es_ES\" \/>\n<meta property=\"og:type\" content=\"article\" \/>\n<meta property=\"og:title\" content=\"N\u00e9stor Gorosito y la emoci\u00f3n de dirigir a Alianza Lima: \u201cTenemos la ilusi\u00f3n de ser campeones\u201d - Radio Huancayo\" \/>\n<meta property=\"og:description\" content=\"N\u00e9stor Gorosito (60 a\u00f1os) est\u00e1 listo para asumir un nuevo reto internacional en su carrera: ser\u00e1 entrenador de Alianza Lima en la temporada 2025, donde el club blanquiazul buscar\u00e1 volver a salir campe\u00f3n de la Liga 1, tras el bicampeonato de su cl\u00e1sico rival, Universitario de Deportes. \u2018Pipo\u2019 est\u00e1 a un paso de firmar el contrato con la instituci\u00f3n victoriana y el fin de semana aterrizar\u00e1 en Lima para empezar a participar en la planificaci\u00f3n de la plantilla del pr\u00f3ximo a\u00f1o. A d\u00edas de su llegada, en una entrevista en ESPN, destac\u00f3 que est\u00e1 ilusionado por esta nueva etapa. \u201cMi representante est\u00e1 hablando con la gente que est\u00e1 mandando los contratos, entre hoy y ma\u00f1ana lo firmaremos y estaremos viajando casi seguro el domingo\u201d, fueron sus primeras palabras sobre el acuerdo con el club \u00edntimo. \u201cEs un equipo grande, nos interes\u00f3 mucho debido a eso. Cuando trabajamos afuera (de Argentina) nos ha ido muy bien. Con Olimpia nos fue bien, en Espa\u00f1a nos fue bien. Y esperamos poder ir a Per\u00fa y que nos vaya bien. Tenemos la ilusi\u00f3n de ser campeones. Es lindo cuando uno jugaba y tomar ese protagonismo\u201d, agreg\u00f3. Luego, \u2018Pipo\u2019 Gorosito record\u00f3 los logros que obtuvo en su carrera como entrenador. \u201cAhora con toda la energ\u00eda para ir a Per\u00fa y tratar de ver si podemos salir a campeones otra vez, como nos pas\u00f3 en Olimpia, en Tigre y Dios quiera que lo podamos lograr\u201d, declar\u00f3. Despu\u00e9s, se refiri\u00f3 a su equipo de trabajo: \u201cVamos todos. No puedo irme sin estar con ellos, debido a su capacidad, es la gente que trabaja conmigo desde que me inici\u00e9 pr\u00e1cticamente. A m\u00ed no me da la cara para decirles que no pueden ir. \u2018Cachito\u2019 Borelli, Gustavo Zapata, \u2018Seba\u2019 Somoza y Marcelo Villasanti. Y estamos tratando de ver si podemos llevar al \u2018profe\u2019 Cristian Centragolo, que es el que se encarga de todo lo que es fuerza, GPS y esas cosas. Y estamos ah\u00ed, un poco dif\u00edcil, que lo pueda llevar ahora\u201d. \u2018Pipo\u2019 habl\u00f3 sobre las diferencias entre Argentina y Per\u00fa, y a las cr\u00edticas en las redes sociales. \u201cSon idiosincrasias diferentes. Me he dado cuenta por el periodismo, por todo lo que ha pasado en Per\u00fa desde que se me ha nombrado. La verdad que he tenido un apoyo enorme, el que hizo toda la fuerza para que vaya, Franco Navarro, yo no lo conoc\u00eda personalmente, ha causado una buena impresi\u00f3n. Despu\u00e9s como todo hay intereses, campa\u00f1a de empresarios, de periodistas, que te tiran unos mangos y hablan boludeces. Hay un mont\u00f3n de cosas en las cuales no entro. No le doy bola a las redes. Si me critican en las redes conmigo est\u00e1n muertos porque no tengo ni idea, salvo una chancita que meto en Twitter, despu\u00e9s no le doy bola\u201d, apunt\u00f3 Finalmente, tuvo elogios para el f\u00fatbol peruano y lo que hizo Ricardo Gareca al mando de la Selecci\u00f3n Peruana. \u201cPero voy con mucha ilusi\u00f3n. Per\u00fa es una escuela de f\u00fatbol importante, donde me gusta c\u00f3mo se juega. El \u2018Flaco\u2019 Gareca lo hizo muy bien con la Selecci\u00f3n y Dios quiera que pueda sacar el m\u00e1ximo provecho a los jugadores que tenga\u201d, sentenci\u00f3. \u00bfQui\u00e9nes integran el CT de N\u00e9stor Gorosito? Empezando por sus principales socios,&nbsp;N\u00e9stor Gorosito&nbsp;contar\u00e1 con dos asistentes. El primero ser\u00e1&nbsp;Jorge Borelli, un exfutbolista de 60 a\u00f1os, quien ha tenido la oportunidad de ser segundo DT en Col\u00f3n de Santa Fe.&nbsp;El otro hombre de confianza ser\u00e1 Gustavo Zapata, que llega desde Gimnasia, donde tambi\u00e9n fue asistente de campo. Como preparadores f\u00edsicos tendr\u00e1 a dos profesionales.\u00a0Sebasti\u00e1n Somoza, exCol\u00f3n de Santa Fe. Por otro lado, tambi\u00e9n estar\u00e1 otra persona con experiencia en el cargo en el \u2018Sabalero\u2019:\u00a0Cristian Centragolo. Como preparador de arqueros, N\u00e9stor dispondr\u00e1 de la ayuda de\u00a0Marcelo Villasanti,\u00a0quien lo acompa\u00f1\u00f3 en once clubes, incluyendo su paso por Xer\u00e9z de Espa\u00f1a, River Plate y Olimpia de Paraguay. Sumado a ellos, tambi\u00e9n habr\u00e1 un\u00a0analista de video.\" \/>\n<meta property=\"og:url\" content=\"https:\/\/radiohuancayo.com.pe\/wp54\/nestor-gorosito-y-la-emocion-de-dirigir-a-alianza-lima-tenemos-la-ilusion-de-ser-campeones\/\" \/>\n<meta property=\"og:site_name\" content=\"Radio Huancayo\" \/>\n<meta property=\"article:published_time\" content=\"2024-12-04T22:58:41+00:00\" \/>\n<meta property=\"article:modified_time\" content=\"2024-12-04T22:59:04+00:00\" \/>\n<meta property=\"og:image\" content=\"https:\/\/radiohuancayo.com.pe\/wp54\/wp-content\/uploads\/2024\/12\/image-10.png\" \/>\n\t<meta property=\"og:image:width\" content=\"992\" \/>\n\t<meta property=\"og:image:height\" content=\"558\" \/>\n\t<meta property=\"og:image:type\" content=\"image\/png\" \/>\n<meta name=\"author\" content=\"Michel Sanchez\" \/>\n<meta name=\"twitter:card\" content=\"summary_large_image\" \/>\n<meta name=\"twitter:label1\" content=\"Escrito por\" \/>\n\t<meta name=\"twitter:data1\" content=\"Michel Sanchez\" \/>\n\t<meta name=\"twitter:label2\" content=\"Tiempo de lectura\" \/>\n\t<meta name=\"twitter:data2\" content=\"4 minutos\" \/>\n<script type=\"application\/ld+json\" class=\"yoast-schema-graph\">{\"@context\":\"https:\\\/\\\/schema.org\",\"@graph\":[{\"@type\":\"Article\",\"@id\":\"https:\\\/\\\/radiohuancayo.com.pe\\\/wp54\\\/nestor-gorosito-y-la-emocion-de-dirigir-a-alianza-lima-tenemos-la-ilusion-de-ser-campeones\\\/#article\",\"isPartOf\":{\"@id\":\"https:\\\/\\\/radiohuancayo.com.pe\\\/wp54\\\/nestor-gorosito-y-la-emocion-de-dirigir-a-alianza-lima-tenemos-la-ilusion-de-ser-campeones\\\/\"},\"author\":{\"name\":\"Michel Sanchez\",\"@id\":\"https:\\\/\\\/radiohuancayo.com.pe\\\/wp54\\\/#\\\/schema\\\/person\\\/74fb124dee9900c6f4d0535fa1d2b5ae\"},\"headline\":\"N\u00e9stor Gorosito y la emoci\u00f3n de dirigir a Alianza Lima: \u201cTenemos la ilusi\u00f3n de ser campeones\u201d\",\"datePublished\":\"2024-12-04T22:58:41+00:00\",\"dateModified\":\"2024-12-04T22:59:04+00:00\",\"mainEntityOfPage\":{\"@id\":\"https:\\\/\\\/radiohuancayo.com.pe\\\/wp54\\\/nestor-gorosito-y-la-emocion-de-dirigir-a-alianza-lima-tenemos-la-ilusion-de-ser-campeones\\\/\"},\"wordCount\":721,\"commentCount\":0,\"publisher\":{\"@id\":\"https:\\\/\\\/radiohuancayo.com.pe\\\/wp54\\\/#organization\"},\"image\":{\"@id\":\"https:\\\/\\\/radiohuancayo.com.pe\\\/wp54\\\/nestor-gorosito-y-la-emocion-de-dirigir-a-alianza-lima-tenemos-la-ilusion-de-ser-campeones\\\/#primaryimage\"},\"thumbnailUrl\":\"https:\\\/\\\/radiohuancayo.com.pe\\\/wp54\\\/wp-content\\\/uploads\\\/2024\\\/12\\\/image-10.png\",\"articleSection\":[\"Deportes\"],\"inLanguage\":\"es\",\"potentialAction\":[{\"@type\":\"CommentAction\",\"name\":\"Comment\",\"target\":[\"https:\\\/\\\/radiohuancayo.com.pe\\\/wp54\\\/nestor-gorosito-y-la-emocion-de-dirigir-a-alianza-lima-tenemos-la-ilusion-de-ser-campeones\\\/#respond\"]}]},{\"@type\":\"WebPage\",\"@id\":\"https:\\\/\\\/radiohuancayo.com.pe\\\/wp54\\\/nestor-gorosito-y-la-emocion-de-dirigir-a-alianza-lima-tenemos-la-ilusion-de-ser-campeones\\\/\",\"url\":\"https:\\\/\\\/radiohuancayo.com.pe\\\/wp54\\\/nestor-gorosito-y-la-emocion-de-dirigir-a-alianza-lima-tenemos-la-ilusion-de-ser-campeones\\\/\",\"name\":\"N\u00e9stor Gorosito y la emoci\u00f3n de dirigir a Alianza Lima: \u201cTenemos la ilusi\u00f3n de ser campeones\u201d - Radio Huancayo\",\"isPartOf\":{\"@id\":\"https:\\\/\\\/radiohuancayo.com.pe\\\/wp54\\\/#website\"},\"primaryImageOfPage\":{\"@id\":\"https:\\\/\\\/radiohuancayo.com.pe\\\/wp54\\\/nestor-gorosito-y-la-emocion-de-dirigir-a-alianza-lima-tenemos-la-ilusion-de-ser-campeones\\\/#primaryimage\"},\"image\":{\"@id\":\"https:\\\/\\\/radiohuancayo.com.pe\\\/wp54\\\/nestor-gorosito-y-la-emocion-de-dirigir-a-alianza-lima-tenemos-la-ilusion-de-ser-campeones\\\/#primaryimage\"},\"thumbnailUrl\":\"https:\\\/\\\/radiohuancayo.com.pe\\\/wp54\\\/wp-content\\\/uploads\\\/2024\\\/12\\\/image-10.png\",\"datePublished\":\"2024-12-04T22:58:41+00:00\",\"dateModified\":\"2024-12-04T22:59:04+00:00\",\"breadcrumb\":{\"@id\":\"https:\\\/\\\/radiohuancayo.com.pe\\\/wp54\\\/nestor-gorosito-y-la-emocion-de-dirigir-a-alianza-lima-tenemos-la-ilusion-de-ser-campeones\\\/#breadcrumb\"},\"inLanguage\":\"es\",\"potentialAction\":[{\"@type\":\"ReadAction\",\"target\":[\"https:\\\/\\\/radiohuancayo.com.pe\\\/wp54\\\/nestor-gorosito-y-la-emocion-de-dirigir-a-alianza-lima-tenemos-la-ilusion-de-ser-campeones\\\/\"]}]},{\"@type\":\"ImageObject\",\"inLanguage\":\"es\",\"@id\":\"https:\\\/\\\/radiohuancayo.com.pe\\\/wp54\\\/nestor-gorosito-y-la-emocion-de-dirigir-a-alianza-lima-tenemos-la-ilusion-de-ser-campeones\\\/#primaryimage\",\"url\":\"https:\\\/\\\/radiohuancayo.com.pe\\\/wp54\\\/wp-content\\\/uploads\\\/2024\\\/12\\\/image-10.png\",\"contentUrl\":\"https:\\\/\\\/radiohuancayo.com.pe\\\/wp54\\\/wp-content\\\/uploads\\\/2024\\\/12\\\/image-10.png\",\"width\":992,\"height\":558},{\"@type\":\"BreadcrumbList\",\"@id\":\"https:\\\/\\\/radiohuancayo.com.pe\\\/wp54\\\/nestor-gorosito-y-la-emocion-de-dirigir-a-alianza-lima-tenemos-la-ilusion-de-ser-campeones\\\/#breadcrumb\",\"itemListElement\":[{\"@type\":\"ListItem\",\"position\":1,\"name\":\"Portada\",\"item\":\"https:\\\/\\\/radiohuancayo.com.pe\\\/wp54\\\/\"},{\"@type\":\"ListItem\",\"position\":2,\"name\":\"N\u00e9stor Gorosito y la emoci\u00f3n de dirigir a Alianza Lima: \u201cTenemos la ilusi\u00f3n de ser campeones\u201d\"}]},{\"@type\":\"WebSite\",\"@id\":\"https:\\\/\\\/radiohuancayo.com.pe\\\/wp54\\\/#website\",\"url\":\"https:\\\/\\\/radiohuancayo.com.pe\\\/wp54\\\/\",\"name\":\"Radio Huancayo\",\"description\":\"me gusta!!!\",\"publisher\":{\"@id\":\"https:\\\/\\\/radiohuancayo.com.pe\\\/wp54\\\/#organization\"},\"potentialAction\":[{\"@type\":\"SearchAction\",\"target\":{\"@type\":\"EntryPoint\",\"urlTemplate\":\"https:\\\/\\\/radiohuancayo.com.pe\\\/wp54\\\/?s={search_term_string}\"},\"query-input\":{\"@type\":\"PropertyValueSpecification\",\"valueRequired\":true,\"valueName\":\"search_term_string\"}}],\"inLanguage\":\"es\"},{\"@type\":\"Organization\",\"@id\":\"https:\\\/\\\/radiohuancayo.com.pe\\\/wp54\\\/#organization\",\"name\":\"Radio Huancayo\",\"url\":\"https:\\\/\\\/radiohuancayo.com.pe\\\/wp54\\\/\",\"logo\":{\"@type\":\"ImageObject\",\"inLanguage\":\"es\",\"@id\":\"https:\\\/\\\/radiohuancayo.com.pe\\\/wp54\\\/#\\\/schema\\\/logo\\\/image\\\/\",\"url\":\"https:\\\/\\\/radiohuancayo.com.pe\\\/wp54\\\/wp-content\\\/uploads\\\/2022\\\/04\\\/CABE01.png\",\"contentUrl\":\"https:\\\/\\\/radiohuancayo.com.pe\\\/wp54\\\/wp-content\\\/uploads\\\/2022\\\/04\\\/CABE01.png\",\"width\":1640,\"height\":300,\"caption\":\"Radio Huancayo\"},\"image\":{\"@id\":\"https:\\\/\\\/radiohuancayo.com.pe\\\/wp54\\\/#\\\/schema\\\/logo\\\/image\\\/\"}},{\"@type\":\"Person\",\"@id\":\"https:\\\/\\\/radiohuancayo.com.pe\\\/wp54\\\/#\\\/schema\\\/person\\\/74fb124dee9900c6f4d0535fa1d2b5ae\",\"name\":\"Michel Sanchez\",\"image\":{\"@type\":\"ImageObject\",\"inLanguage\":\"es\",\"@id\":\"https:\\\/\\\/secure.gravatar.com\\\/avatar\\\/f7f6944c01b3f15a174d0cf055aea75c46697913fc8a9cf5c3cf3e8800c645f6?s=96&d=mm&r=g\",\"url\":\"https:\\\/\\\/secure.gravatar.com\\\/avatar\\\/f7f6944c01b3f15a174d0cf055aea75c46697913fc8a9cf5c3cf3e8800c645f6?s=96&d=mm&r=g\",\"contentUrl\":\"https:\\\/\\\/secure.gravatar.com\\\/avatar\\\/f7f6944c01b3f15a174d0cf055aea75c46697913fc8a9cf5c3cf3e8800c645f6?s=96&d=mm&r=g\",\"caption\":\"Michel Sanchez\"},\"url\":\"https:\\\/\\\/radiohuancayo.com.pe\\\/wp54\\\/author\\\/memoris\\\/\"}]}<\/script>\n<!-- \/ Yoast SEO plugin. -->","yoast_head_json":{"title":"N\u00e9stor Gorosito y la emoci\u00f3n de dirigir a Alianza Lima: \u201cTenemos la ilusi\u00f3n de ser campeones\u201d - Radio Huancayo","robots":{"index":"index","follow":"follow","max-snippet":"max-snippet:-1","max-image-preview":"max-image-preview:large","max-video-preview":"max-video-preview:-1"},"canonical":"https:\/\/radiohuancayo.com.pe\/wp54\/nestor-gorosito-y-la-emocion-de-dirigir-a-alianza-lima-tenemos-la-ilusion-de-ser-campeones\/","og_locale":"es_ES","og_type":"article","og_title":"N\u00e9stor Gorosito y la emoci\u00f3n de dirigir a Alianza Lima: \u201cTenemos la ilusi\u00f3n de ser campeones\u201d - Radio Huancayo","og_description":"N\u00e9stor Gorosito (60 a\u00f1os) est\u00e1 listo para asumir un nuevo reto internacional en su carrera: ser\u00e1 entrenador de Alianza Lima en la temporada 2025, donde el club blanquiazul buscar\u00e1 volver a salir campe\u00f3n de la Liga 1, tras el bicampeonato de su cl\u00e1sico rival, Universitario de Deportes. \u2018Pipo\u2019 est\u00e1 a un paso de firmar el contrato con la instituci\u00f3n victoriana y el fin de semana aterrizar\u00e1 en Lima para empezar a participar en la planificaci\u00f3n de la plantilla del pr\u00f3ximo a\u00f1o. A d\u00edas de su llegada, en una entrevista en ESPN, destac\u00f3 que est\u00e1 ilusionado por esta nueva etapa. \u201cMi representante est\u00e1 hablando con la gente que est\u00e1 mandando los contratos, entre hoy y ma\u00f1ana lo firmaremos y estaremos viajando casi seguro el domingo\u201d, fueron sus primeras palabras sobre el acuerdo con el club \u00edntimo. \u201cEs un equipo grande, nos interes\u00f3 mucho debido a eso. Cuando trabajamos afuera (de Argentina) nos ha ido muy bien. Con Olimpia nos fue bien, en Espa\u00f1a nos fue bien. Y esperamos poder ir a Per\u00fa y que nos vaya bien. Tenemos la ilusi\u00f3n de ser campeones. Es lindo cuando uno jugaba y tomar ese protagonismo\u201d, agreg\u00f3. Luego, \u2018Pipo\u2019 Gorosito record\u00f3 los logros que obtuvo en su carrera como entrenador. \u201cAhora con toda la energ\u00eda para ir a Per\u00fa y tratar de ver si podemos salir a campeones otra vez, como nos pas\u00f3 en Olimpia, en Tigre y Dios quiera que lo podamos lograr\u201d, declar\u00f3. Despu\u00e9s, se refiri\u00f3 a su equipo de trabajo: \u201cVamos todos. No puedo irme sin estar con ellos, debido a su capacidad, es la gente que trabaja conmigo desde que me inici\u00e9 pr\u00e1cticamente. A m\u00ed no me da la cara para decirles que no pueden ir. \u2018Cachito\u2019 Borelli, Gustavo Zapata, \u2018Seba\u2019 Somoza y Marcelo Villasanti. Y estamos tratando de ver si podemos llevar al \u2018profe\u2019 Cristian Centragolo, que es el que se encarga de todo lo que es fuerza, GPS y esas cosas. Y estamos ah\u00ed, un poco dif\u00edcil, que lo pueda llevar ahora\u201d. \u2018Pipo\u2019 habl\u00f3 sobre las diferencias entre Argentina y Per\u00fa, y a las cr\u00edticas en las redes sociales. \u201cSon idiosincrasias diferentes. Me he dado cuenta por el periodismo, por todo lo que ha pasado en Per\u00fa desde que se me ha nombrado. La verdad que he tenido un apoyo enorme, el que hizo toda la fuerza para que vaya, Franco Navarro, yo no lo conoc\u00eda personalmente, ha causado una buena impresi\u00f3n. Despu\u00e9s como todo hay intereses, campa\u00f1a de empresarios, de periodistas, que te tiran unos mangos y hablan boludeces. Hay un mont\u00f3n de cosas en las cuales no entro. No le doy bola a las redes. Si me critican en las redes conmigo est\u00e1n muertos porque no tengo ni idea, salvo una chancita que meto en Twitter, despu\u00e9s no le doy bola\u201d, apunt\u00f3 Finalmente, tuvo elogios para el f\u00fatbol peruano y lo que hizo Ricardo Gareca al mando de la Selecci\u00f3n Peruana. \u201cPero voy con mucha ilusi\u00f3n. Per\u00fa es una escuela de f\u00fatbol importante, donde me gusta c\u00f3mo se juega. El \u2018Flaco\u2019 Gareca lo hizo muy bien con la Selecci\u00f3n y Dios quiera que pueda sacar el m\u00e1ximo provecho a los jugadores que tenga\u201d, sentenci\u00f3. \u00bfQui\u00e9nes integran el CT de N\u00e9stor Gorosito? Empezando por sus principales socios,&nbsp;N\u00e9stor Gorosito&nbsp;contar\u00e1 con dos asistentes. El primero ser\u00e1&nbsp;Jorge Borelli, un exfutbolista de 60 a\u00f1os, quien ha tenido la oportunidad de ser segundo DT en Col\u00f3n de Santa Fe.&nbsp;El otro hombre de confianza ser\u00e1 Gustavo Zapata, que llega desde Gimnasia, donde tambi\u00e9n fue asistente de campo. Como preparadores f\u00edsicos tendr\u00e1 a dos profesionales.\u00a0Sebasti\u00e1n Somoza, exCol\u00f3n de Santa Fe. Por otro lado, tambi\u00e9n estar\u00e1 otra persona con experiencia en el cargo en el \u2018Sabalero\u2019:\u00a0Cristian Centragolo. Como preparador de arqueros, N\u00e9stor dispondr\u00e1 de la ayuda de\u00a0Marcelo Villasanti,\u00a0quien lo acompa\u00f1\u00f3 en once clubes, incluyendo su paso por Xer\u00e9z de Espa\u00f1a, River Plate y Olimpia de Paraguay. Sumado a ellos, tambi\u00e9n habr\u00e1 un\u00a0analista de video.","og_url":"https:\/\/radiohuancayo.com.pe\/wp54\/nestor-gorosito-y-la-emocion-de-dirigir-a-alianza-lima-tenemos-la-ilusion-de-ser-campeones\/","og_site_name":"Radio Huancayo","article_published_time":"2024-12-04T22:58:41+00:00","article_modified_time":"2024-12-04T22:59:04+00:00","og_image":[{"width":992,"height":558,"url":"https:\/\/radiohuancayo.com.pe\/wp54\/wp-content\/uploads\/2024\/12\/image-10.png","type":"image\/png"}],"author":"Michel Sanchez","twitter_card":"summary_large_image","twitter_misc":{"Escrito por":"Michel Sanchez","Tiempo de lectura":"4 minutos"},"schema":{"@context":"https:\/\/schema.org","@graph":[{"@type":"Article","@id":"https:\/\/radiohuancayo.com.pe\/wp54\/nestor-gorosito-y-la-emocion-de-dirigir-a-alianza-lima-tenemos-la-ilusion-de-ser-campeones\/#article","isPartOf":{"@id":"https:\/\/radiohuancayo.com.pe\/wp54\/nestor-gorosito-y-la-emocion-de-dirigir-a-alianza-lima-tenemos-la-ilusion-de-ser-campeones\/"},"author":{"name":"Michel Sanchez","@id":"https:\/\/radiohuancayo.com.pe\/wp54\/#\/schema\/person\/74fb124dee9900c6f4d0535fa1d2b5ae"},"headline":"N\u00e9stor Gorosito y la emoci\u00f3n de dirigir a Alianza Lima: \u201cTenemos la ilusi\u00f3n de ser campeones\u201d","datePublished":"2024-12-04T22:58:41+00:00","dateModified":"2024-12-04T22:59:04+00:00","mainEntityOfPage":{"@id":"https:\/\/radiohuancayo.com.pe\/wp54\/nestor-gorosito-y-la-emocion-de-dirigir-a-alianza-lima-tenemos-la-ilusion-de-ser-campeones\/"},"wordCount":721,"commentCount":0,"publisher":{"@id":"https:\/\/radiohuancayo.com.pe\/wp54\/#organization"},"image":{"@id":"https:\/\/radiohuancayo.com.pe\/wp54\/nestor-gorosito-y-la-emocion-de-dirigir-a-alianza-lima-tenemos-la-ilusion-de-ser-campeones\/#primaryimage"},"thumbnailUrl":"https:\/\/radiohuancayo.com.pe\/wp54\/wp-content\/uploads\/2024\/12\/image-10.png","articleSection":["Deportes"],"inLanguage":"es","potentialAction":[{"@type":"CommentAction","name":"Comment","target":["https:\/\/radiohuancayo.com.pe\/wp54\/nestor-gorosito-y-la-emocion-de-dirigir-a-alianza-lima-tenemos-la-ilusion-de-ser-campeones\/#respond"]}]},{"@type":"WebPage","@id":"https:\/\/radiohuancayo.com.pe\/wp54\/nestor-gorosito-y-la-emocion-de-dirigir-a-alianza-lima-tenemos-la-ilusion-de-ser-campeones\/","url":"https:\/\/radiohuancayo.com.pe\/wp54\/nestor-gorosito-y-la-emocion-de-dirigir-a-alianza-lima-tenemos-la-ilusion-de-ser-campeones\/","name":"N\u00e9stor Gorosito y la emoci\u00f3n de dirigir a Alianza Lima: \u201cTenemos la ilusi\u00f3n de ser campeones\u201d - Radio Huancayo","isPartOf":{"@id":"https:\/\/radiohuancayo.com.pe\/wp54\/#website"},"primaryImageOfPage":{"@id":"https:\/\/radiohuancayo.com.pe\/wp54\/nestor-gorosito-y-la-emocion-de-dirigir-a-alianza-lima-tenemos-la-ilusion-de-ser-campeones\/#primaryimage"},"image":{"@id":"https:\/\/radiohuancayo.com.pe\/wp54\/nestor-gorosito-y-la-emocion-de-dirigir-a-alianza-lima-tenemos-la-ilusion-de-ser-campeones\/#primaryimage"},"thumbnailUrl":"https:\/\/radiohuancayo.com.pe\/wp54\/wp-content\/uploads\/2024\/12\/image-10.png","datePublished":"2024-12-04T22:58:41+00:00","dateModified":"2024-12-04T22:59:04+00:00","breadcrumb":{"@id":"https:\/\/radiohuancayo.com.pe\/wp54\/nestor-gorosito-y-la-emocion-de-dirigir-a-alianza-lima-tenemos-la-ilusion-de-ser-campeones\/#breadcrumb"},"inLanguage":"es","potentialAction":[{"@type":"ReadAction","target":["https:\/\/radiohuancayo.com.pe\/wp54\/nestor-gorosito-y-la-emocion-de-dirigir-a-alianza-lima-tenemos-la-ilusion-de-ser-campeones\/"]}]},{"@type":"ImageObject","inLanguage":"es","@id":"https:\/\/radiohuancayo.com.pe\/wp54\/nestor-gorosito-y-la-emocion-de-dirigir-a-alianza-lima-tenemos-la-ilusion-de-ser-campeones\/#primaryimage","url":"https:\/\/radiohuancayo.com.pe\/wp54\/wp-content\/uploads\/2024\/12\/image-10.png","contentUrl":"https:\/\/radiohuancayo.com.pe\/wp54\/wp-content\/uploads\/2024\/12\/image-10.png","width":992,"height":558},{"@type":"BreadcrumbList","@id":"https:\/\/radiohuancayo.com.pe\/wp54\/nestor-gorosito-y-la-emocion-de-dirigir-a-alianza-lima-tenemos-la-ilusion-de-ser-campeones\/#breadcrumb","itemListElement":[{"@type":"ListItem","position":1,"name":"Portada","item":"https:\/\/radiohuancayo.com.pe\/wp54\/"},{"@type":"ListItem","position":2,"name":"N\u00e9stor Gorosito y la emoci\u00f3n de dirigir a Alianza Lima: \u201cTenemos la ilusi\u00f3n de ser campeones\u201d"}]},{"@type":"WebSite","@id":"https:\/\/radiohuancayo.com.pe\/wp54\/#website","url":"https:\/\/radiohuancayo.com.pe\/wp54\/","name":"Radio Huancayo","description":"me gusta!!!","publisher":{"@id":"https:\/\/radiohuancayo.com.pe\/wp54\/#organization"},"potentialAction":[{"@type":"SearchAction","target":{"@type":"EntryPoint","urlTemplate":"https:\/\/radiohuancayo.com.pe\/wp54\/?s={search_term_string}"},"query-input":{"@type":"PropertyValueSpecification","valueRequired":true,"valueName":"search_term_string"}}],"inLanguage":"es"},{"@type":"Organization","@id":"https:\/\/radiohuancayo.com.pe\/wp54\/#organization","name":"Radio Huancayo","url":"https:\/\/radiohuancayo.com.pe\/wp54\/","logo":{"@type":"ImageObject","inLanguage":"es","@id":"https:\/\/radiohuancayo.com.pe\/wp54\/#\/schema\/logo\/image\/","url":"https:\/\/radiohuancayo.com.pe\/wp54\/wp-content\/uploads\/2022\/04\/CABE01.png","contentUrl":"https:\/\/radiohuancayo.com.pe\/wp54\/wp-content\/uploads\/2022\/04\/CABE01.png","width":1640,"height":300,"caption":"Radio Huancayo"},"image":{"@id":"https:\/\/radiohuancayo.com.pe\/wp54\/#\/schema\/logo\/image\/"}},{"@type":"Person","@id":"https:\/\/radiohuancayo.com.pe\/wp54\/#\/schema\/person\/74fb124dee9900c6f4d0535fa1d2b5ae","name":"Michel Sanchez","image":{"@type":"ImageObject","inLanguage":"es","@id":"https:\/\/secure.gravatar.com\/avatar\/f7f6944c01b3f15a174d0cf055aea75c46697913fc8a9cf5c3cf3e8800c645f6?s=96&d=mm&r=g","url":"https:\/\/secure.gravatar.com\/avatar\/f7f6944c01b3f15a174d0cf055aea75c46697913fc8a9cf5c3cf3e8800c645f6?s=96&d=mm&r=g","contentUrl":"https:\/\/secure.gravatar.com\/avatar\/f7f6944c01b3f15a174d0cf055aea75c46697913fc8a9cf5c3cf3e8800c645f6?s=96&d=mm&r=g","caption":"Michel Sanchez"},"url":"https:\/\/radiohuancayo.com.pe\/wp54\/author\/memoris\/"}]}},"_links":{"self":[{"href":"https:\/\/radiohuancayo.com.pe\/wp54\/wp-json\/wp\/v2\/posts\/29110","targetHints":{"allow":["GET"]}}],"collection":[{"href":"https:\/\/radiohuancayo.com.pe\/wp54\/wp-json\/wp\/v2\/posts"}],"about":[{"href":"https:\/\/radiohuancayo.com.pe\/wp54\/wp-json\/wp\/v2\/types\/post"}],"author":[{"embeddable":true,"href":"https:\/\/radiohuancayo.com.pe\/wp54\/wp-json\/wp\/v2\/users\/2"}],"replies":[{"embeddable":true,"href":"https:\/\/radiohuancayo.com.pe\/wp54\/wp-json\/wp\/v2\/comments?post=29110"}],"version-history":[{"count":2,"href":"https:\/\/radiohuancayo.com.pe\/wp54\/wp-json\/wp\/v2\/posts\/29110\/revisions"}],"predecessor-version":[{"id":29113,"href":"https:\/\/radiohuancayo.com.pe\/wp54\/wp-json\/wp\/v2\/posts\/29110\/revisions\/29113"}],"wp:featuredmedia":[{"embeddable":true,"href":"https:\/\/radiohuancayo.com.pe\/wp54\/wp-json\/wp\/v2\/media\/29111"}],"wp:attachment":[{"href":"https:\/\/radiohuancayo.com.pe\/wp54\/wp-json\/wp\/v2\/media?parent=29110"}],"wp:term":[{"taxonomy":"category","embeddable":true,"href":"https:\/\/radiohuancayo.com.pe\/wp54\/wp-json\/wp\/v2\/categories?post=29110"},{"taxonomy":"post_tag","embeddable":true,"href":"https:\/\/radiohuancayo.com.pe\/wp54\/wp-json\/wp\/v2\/tags?post=29110"}],"curies":[{"name":"wp","href":"https:\/\/api.w.org\/{rel}","templated":true}]}}