{"id":29114,"date":"2024-12-04T17:59:46","date_gmt":"2024-12-04T22:59:46","guid":{"rendered":"https:\/\/radiohuancayo.com.pe\/wp54\/?p=29114"},"modified":"2024-12-04T17:59:46","modified_gmt":"2024-12-04T22:59:46","slug":"conoce-quienes-seran-los-rivales-de-peru-en-el-mundial-sub-19-de-voley","status":"publish","type":"post","link":"https:\/\/radiohuancayo.com.pe\/wp54\/conoce-quienes-seran-los-rivales-de-peru-en-el-mundial-sub-19-de-voley\/","title":{"rendered":"Conoce qui\u00e9nes ser\u00e1n los rivales de Per\u00fa en el Mundial Sub-19 de v\u00f3ley"},"content":{"rendered":"\n<p>La Federaci\u00f3n Internacional de Voleibol realiz\u00f3 el sorteo para lo que ser\u00e1 la Copa del Mundo Sub-19 de v\u00f3ley, y el combinado peruano enfrentar\u00e1 al vigente campe\u00f3n Estados Unidos y a cuatro rivales europeos.<\/p>\n\n\n\n<p>Como se recuerda, la Selecci\u00f3n nacional obtuvo su boleto al Mundial de la categor\u00eda tras finalizar en el podio en el Sudamericano que se desarroll\u00f3 en Brasil, tras imponerse a Chile y quedarse en el tercer puesto.<\/p>\n\n\n\n<p>adCabe indicar que el Mundial se desarrollar\u00e1 del 3 al 13 de julio de 2025 en Osijek (Croacia) y Belgrado (Serbia).<\/p>\n\n\n\n<p><strong>AS\u00cd QUEDARON LOS GRUPOS:<\/strong><\/p>\n\n\n\n<p><strong>Grupo A:&nbsp;<\/strong>Croacia, Tailandia, Egipto, Canad\u00e1, M\u00e9xico, Alemania<br><strong>Grupo B:<\/strong>&nbsp;Serbia, Brasil, Argentina, Puerto Rico, Rep\u00fablica Dominicana, China Taipei (Taiw\u00e1n)<br><strong>Grupo C:<\/strong>&nbsp;Estados Unidos, Turqu\u00eda, Bulgaria, Polonia, Per\u00fa, Espa\u00f1a<br><strong>Grupo D:&nbsp;<\/strong>Italia, Jap\u00f3n, China, T\u00fanez, B\u00e9lgica, Chile.<\/p>\n","protected":false},"excerpt":{"rendered":"<p>La Federaci\u00f3n Internacional de Voleibol realiz\u00f3 el sorteo para lo que ser\u00e1 la Copa del Mundo Sub-19 de v\u00f3ley, y el combinado peruano enfrentar\u00e1 al vigente campe\u00f3n Estados Unidos y a cuatro rivales europeos. Como se recuerda, la Selecci\u00f3n nacional obtuvo su boleto al Mundial de la categor\u00eda tras finalizar en el podio en el Sudamericano que se desarroll\u00f3 en Brasil, tras imponerse a Chile y quedarse en el tercer puesto. adCabe indicar que el Mundial se desarrollar\u00e1 del 3 al 13 de julio de 2025 en Osijek (Croacia) y Belgrado (Serbia). AS\u00cd QUEDARON LOS GRUPOS: Grupo A:&nbsp;Croacia, Tailandia, Egipto, Canad\u00e1, M\u00e9xico, AlemaniaGrupo B:&nbsp;Serbia, Brasil, Argentina, Puerto Rico, Rep\u00fablica Dominicana, China Taipei (Taiw\u00e1n)Grupo C:&nbsp;Estados Unidos, Turqu\u00eda, Bulgaria, Polonia, Per\u00fa, Espa\u00f1aGrupo D:&nbsp;Italia, Jap\u00f3n, China, T\u00fanez, B\u00e9lgica, Chile.<\/p>\n","protected":false},"author":2,"featured_media":29115,"comment_status":"open","ping_status":"open","sticky":false,"template":"","format":"standard","meta":{"footnotes":""},"categories":[7],"tags":[],"class_list":["post-29114","post","type-post","status-publish","format-standard","has-post-thumbnail","hentry","category-deportes"],"yoast_head":"<!-- This site is optimized with the Yoast SEO plugin v27.5 - https:\/\/yoast.com\/product\/yoast-seo-wordpress\/ -->\n<title>Conoce qui\u00e9nes ser\u00e1n los rivales de Per\u00fa en el Mundial Sub-19 de v\u00f3ley - Radio Huancayo<\/title>\n<meta name=\"robots\" content=\"index, follow, max-snippet:-1, max-image-preview:large, max-video-preview:-1\" \/>\n<link rel=\"canonical\" href=\"https:\/\/radiohuancayo.com.pe\/wp54\/conoce-quienes-seran-los-rivales-de-peru-en-el-mundial-sub-19-de-voley\/\" \/>\n<meta property=\"og:locale\" content=\"es_ES\" \/>\n<meta property=\"og:type\" content=\"article\" \/>\n<meta property=\"og:title\" content=\"Conoce qui\u00e9nes ser\u00e1n los rivales de Per\u00fa en el Mundial Sub-19 de v\u00f3ley - Radio Huancayo\" \/>\n<meta property=\"og:description\" content=\"La Federaci\u00f3n Internacional de Voleibol realiz\u00f3 el sorteo para lo que ser\u00e1 la Copa del Mundo Sub-19 de v\u00f3ley, y el combinado peruano enfrentar\u00e1 al vigente campe\u00f3n Estados Unidos y a cuatro rivales europeos. Como se recuerda, la Selecci\u00f3n nacional obtuvo su boleto al Mundial de la categor\u00eda tras finalizar en el podio en el Sudamericano que se desarroll\u00f3 en Brasil, tras imponerse a Chile y quedarse en el tercer puesto. adCabe indicar que el Mundial se desarrollar\u00e1 del 3 al 13 de julio de 2025 en Osijek (Croacia) y Belgrado (Serbia). AS\u00cd QUEDARON LOS GRUPOS: Grupo A:&nbsp;Croacia, Tailandia, Egipto, Canad\u00e1, M\u00e9xico, AlemaniaGrupo B:&nbsp;Serbia, Brasil, Argentina, Puerto Rico, Rep\u00fablica Dominicana, China Taipei (Taiw\u00e1n)Grupo C:&nbsp;Estados Unidos, Turqu\u00eda, Bulgaria, Polonia, Per\u00fa, Espa\u00f1aGrupo D:&nbsp;Italia, Jap\u00f3n, China, T\u00fanez, B\u00e9lgica, Chile.\" \/>\n<meta property=\"og:url\" content=\"https:\/\/radiohuancayo.com.pe\/wp54\/conoce-quienes-seran-los-rivales-de-peru-en-el-mundial-sub-19-de-voley\/\" \/>\n<meta property=\"og:site_name\" content=\"Radio Huancayo\" \/>\n<meta property=\"article:published_time\" content=\"2024-12-04T22:59:46+00:00\" \/>\n<meta property=\"og:image\" content=\"https:\/\/radiohuancayo.com.pe\/wp54\/wp-content\/uploads\/2024\/12\/image-11.png\" \/>\n\t<meta property=\"og:image:width\" content=\"1200\" \/>\n\t<meta property=\"og:image:height\" content=\"630\" \/>\n\t<meta property=\"og:image:type\" content=\"image\/png\" \/>\n<meta name=\"author\" content=\"Michel Sanchez\" \/>\n<meta name=\"twitter:card\" content=\"summary_large_image\" \/>\n<meta name=\"twitter:label1\" content=\"Escrito por\" \/>\n\t<meta name=\"twitter:data1\" content=\"Michel Sanchez\" \/>\n\t<meta name=\"twitter:label2\" content=\"Tiempo de lectura\" \/>\n\t<meta name=\"twitter:data2\" content=\"2 minutos\" \/>\n<script type=\"application\/ld+json\" class=\"yoast-schema-graph\">{\"@context\":\"https:\\\/\\\/schema.org\",\"@graph\":[{\"@type\":\"Article\",\"@id\":\"https:\\\/\\\/radiohuancayo.com.pe\\\/wp54\\\/conoce-quienes-seran-los-rivales-de-peru-en-el-mundial-sub-19-de-voley\\\/#article\",\"isPartOf\":{\"@id\":\"https:\\\/\\\/radiohuancayo.com.pe\\\/wp54\\\/conoce-quienes-seran-los-rivales-de-peru-en-el-mundial-sub-19-de-voley\\\/\"},\"author\":{\"name\":\"Michel Sanchez\",\"@id\":\"https:\\\/\\\/radiohuancayo.com.pe\\\/wp54\\\/#\\\/schema\\\/person\\\/74fb124dee9900c6f4d0535fa1d2b5ae\"},\"headline\":\"Conoce qui\u00e9nes ser\u00e1n los rivales de Per\u00fa en el Mundial Sub-19 de v\u00f3ley\",\"datePublished\":\"2024-12-04T22:59:46+00:00\",\"mainEntityOfPage\":{\"@id\":\"https:\\\/\\\/radiohuancayo.com.pe\\\/wp54\\\/conoce-quienes-seran-los-rivales-de-peru-en-el-mundial-sub-19-de-voley\\\/\"},\"wordCount\":163,\"commentCount\":0,\"publisher\":{\"@id\":\"https:\\\/\\\/radiohuancayo.com.pe\\\/wp54\\\/#organization\"},\"image\":{\"@id\":\"https:\\\/\\\/radiohuancayo.com.pe\\\/wp54\\\/conoce-quienes-seran-los-rivales-de-peru-en-el-mundial-sub-19-de-voley\\\/#primaryimage\"},\"thumbnailUrl\":\"https:\\\/\\\/radiohuancayo.com.pe\\\/wp54\\\/wp-content\\\/uploads\\\/2024\\\/12\\\/image-11.png\",\"articleSection\":[\"Deportes\"],\"inLanguage\":\"es\",\"potentialAction\":[{\"@type\":\"CommentAction\",\"name\":\"Comment\",\"target\":[\"https:\\\/\\\/radiohuancayo.com.pe\\\/wp54\\\/conoce-quienes-seran-los-rivales-de-peru-en-el-mundial-sub-19-de-voley\\\/#respond\"]}]},{\"@type\":\"WebPage\",\"@id\":\"https:\\\/\\\/radiohuancayo.com.pe\\\/wp54\\\/conoce-quienes-seran-los-rivales-de-peru-en-el-mundial-sub-19-de-voley\\\/\",\"url\":\"https:\\\/\\\/radiohuancayo.com.pe\\\/wp54\\\/conoce-quienes-seran-los-rivales-de-peru-en-el-mundial-sub-19-de-voley\\\/\",\"name\":\"Conoce qui\u00e9nes ser\u00e1n los rivales de Per\u00fa en el Mundial Sub-19 de v\u00f3ley - Radio Huancayo\",\"isPartOf\":{\"@id\":\"https:\\\/\\\/radiohuancayo.com.pe\\\/wp54\\\/#website\"},\"primaryImageOfPage\":{\"@id\":\"https:\\\/\\\/radiohuancayo.com.pe\\\/wp54\\\/conoce-quienes-seran-los-rivales-de-peru-en-el-mundial-sub-19-de-voley\\\/#primaryimage\"},\"image\":{\"@id\":\"https:\\\/\\\/radiohuancayo.com.pe\\\/wp54\\\/conoce-quienes-seran-los-rivales-de-peru-en-el-mundial-sub-19-de-voley\\\/#primaryimage\"},\"thumbnailUrl\":\"https:\\\/\\\/radiohuancayo.com.pe\\\/wp54\\\/wp-content\\\/uploads\\\/2024\\\/12\\\/image-11.png\",\"datePublished\":\"2024-12-04T22:59:46+00:00\",\"breadcrumb\":{\"@id\":\"https:\\\/\\\/radiohuancayo.com.pe\\\/wp54\\\/conoce-quienes-seran-los-rivales-de-peru-en-el-mundial-sub-19-de-voley\\\/#breadcrumb\"},\"inLanguage\":\"es\",\"potentialAction\":[{\"@type\":\"ReadAction\",\"target\":[\"https:\\\/\\\/radiohuancayo.com.pe\\\/wp54\\\/conoce-quienes-seran-los-rivales-de-peru-en-el-mundial-sub-19-de-voley\\\/\"]}]},{\"@type\":\"ImageObject\",\"inLanguage\":\"es\",\"@id\":\"https:\\\/\\\/radiohuancayo.com.pe\\\/wp54\\\/conoce-quienes-seran-los-rivales-de-peru-en-el-mundial-sub-19-de-voley\\\/#primaryimage\",\"url\":\"https:\\\/\\\/radiohuancayo.com.pe\\\/wp54\\\/wp-content\\\/uploads\\\/2024\\\/12\\\/image-11.png\",\"contentUrl\":\"https:\\\/\\\/radiohuancayo.com.pe\\\/wp54\\\/wp-content\\\/uploads\\\/2024\\\/12\\\/image-11.png\",\"width\":1200,\"height\":630},{\"@type\":\"BreadcrumbList\",\"@id\":\"https:\\\/\\\/radiohuancayo.com.pe\\\/wp54\\\/conoce-quienes-seran-los-rivales-de-peru-en-el-mundial-sub-19-de-voley\\\/#breadcrumb\",\"itemListElement\":[{\"@type\":\"ListItem\",\"position\":1,\"name\":\"Portada\",\"item\":\"https:\\\/\\\/radiohuancayo.com.pe\\\/wp54\\\/\"},{\"@type\":\"ListItem\",\"position\":2,\"name\":\"Conoce qui\u00e9nes ser\u00e1n los rivales de Per\u00fa en el Mundial Sub-19 de v\u00f3ley\"}]},{\"@type\":\"WebSite\",\"@id\":\"https:\\\/\\\/radiohuancayo.com.pe\\\/wp54\\\/#website\",\"url\":\"https:\\\/\\\/radiohuancayo.com.pe\\\/wp54\\\/\",\"name\":\"Radio Huancayo\",\"description\":\"me gusta!!!\",\"publisher\":{\"@id\":\"https:\\\/\\\/radiohuancayo.com.pe\\\/wp54\\\/#organization\"},\"potentialAction\":[{\"@type\":\"SearchAction\",\"target\":{\"@type\":\"EntryPoint\",\"urlTemplate\":\"https:\\\/\\\/radiohuancayo.com.pe\\\/wp54\\\/?s={search_term_string}\"},\"query-input\":{\"@type\":\"PropertyValueSpecification\",\"valueRequired\":true,\"valueName\":\"search_term_string\"}}],\"inLanguage\":\"es\"},{\"@type\":\"Organization\",\"@id\":\"https:\\\/\\\/radiohuancayo.com.pe\\\/wp54\\\/#organization\",\"name\":\"Radio Huancayo\",\"url\":\"https:\\\/\\\/radiohuancayo.com.pe\\\/wp54\\\/\",\"logo\":{\"@type\":\"ImageObject\",\"inLanguage\":\"es\",\"@id\":\"https:\\\/\\\/radiohuancayo.com.pe\\\/wp54\\\/#\\\/schema\\\/logo\\\/image\\\/\",\"url\":\"https:\\\/\\\/radiohuancayo.com.pe\\\/wp54\\\/wp-content\\\/uploads\\\/2022\\\/04\\\/CABE01.png\",\"contentUrl\":\"https:\\\/\\\/radiohuancayo.com.pe\\\/wp54\\\/wp-content\\\/uploads\\\/2022\\\/04\\\/CABE01.png\",\"width\":1640,\"height\":300,\"caption\":\"Radio Huancayo\"},\"image\":{\"@id\":\"https:\\\/\\\/radiohuancayo.com.pe\\\/wp54\\\/#\\\/schema\\\/logo\\\/image\\\/\"}},{\"@type\":\"Person\",\"@id\":\"https:\\\/\\\/radiohuancayo.com.pe\\\/wp54\\\/#\\\/schema\\\/person\\\/74fb124dee9900c6f4d0535fa1d2b5ae\",\"name\":\"Michel Sanchez\",\"image\":{\"@type\":\"ImageObject\",\"inLanguage\":\"es\",\"@id\":\"https:\\\/\\\/secure.gravatar.com\\\/avatar\\\/f7f6944c01b3f15a174d0cf055aea75c46697913fc8a9cf5c3cf3e8800c645f6?s=96&d=mm&r=g\",\"url\":\"https:\\\/\\\/secure.gravatar.com\\\/avatar\\\/f7f6944c01b3f15a174d0cf055aea75c46697913fc8a9cf5c3cf3e8800c645f6?s=96&d=mm&r=g\",\"contentUrl\":\"https:\\\/\\\/secure.gravatar.com\\\/avatar\\\/f7f6944c01b3f15a174d0cf055aea75c46697913fc8a9cf5c3cf3e8800c645f6?s=96&d=mm&r=g\",\"caption\":\"Michel Sanchez\"},\"url\":\"https:\\\/\\\/radiohuancayo.com.pe\\\/wp54\\\/author\\\/memoris\\\/\"}]}<\/script>\n<!-- \/ Yoast SEO plugin. -->","yoast_head_json":{"title":"Conoce qui\u00e9nes ser\u00e1n los rivales de Per\u00fa en el Mundial Sub-19 de v\u00f3ley - Radio Huancayo","robots":{"index":"index","follow":"follow","max-snippet":"max-snippet:-1","max-image-preview":"max-image-preview:large","max-video-preview":"max-video-preview:-1"},"canonical":"https:\/\/radiohuancayo.com.pe\/wp54\/conoce-quienes-seran-los-rivales-de-peru-en-el-mundial-sub-19-de-voley\/","og_locale":"es_ES","og_type":"article","og_title":"Conoce qui\u00e9nes ser\u00e1n los rivales de Per\u00fa en el Mundial Sub-19 de v\u00f3ley - Radio Huancayo","og_description":"La Federaci\u00f3n Internacional de Voleibol realiz\u00f3 el sorteo para lo que ser\u00e1 la Copa del Mundo Sub-19 de v\u00f3ley, y el combinado peruano enfrentar\u00e1 al vigente campe\u00f3n Estados Unidos y a cuatro rivales europeos. Como se recuerda, la Selecci\u00f3n nacional obtuvo su boleto al Mundial de la categor\u00eda tras finalizar en el podio en el Sudamericano que se desarroll\u00f3 en Brasil, tras imponerse a Chile y quedarse en el tercer puesto. adCabe indicar que el Mundial se desarrollar\u00e1 del 3 al 13 de julio de 2025 en Osijek (Croacia) y Belgrado (Serbia). AS\u00cd QUEDARON LOS GRUPOS: Grupo A:&nbsp;Croacia, Tailandia, Egipto, Canad\u00e1, M\u00e9xico, AlemaniaGrupo B:&nbsp;Serbia, Brasil, Argentina, Puerto Rico, Rep\u00fablica Dominicana, China Taipei (Taiw\u00e1n)Grupo C:&nbsp;Estados Unidos, Turqu\u00eda, Bulgaria, Polonia, Per\u00fa, Espa\u00f1aGrupo D:&nbsp;Italia, Jap\u00f3n, China, T\u00fanez, B\u00e9lgica, Chile.","og_url":"https:\/\/radiohuancayo.com.pe\/wp54\/conoce-quienes-seran-los-rivales-de-peru-en-el-mundial-sub-19-de-voley\/","og_site_name":"Radio Huancayo","article_published_time":"2024-12-04T22:59:46+00:00","og_image":[{"width":1200,"height":630,"url":"https:\/\/radiohuancayo.com.pe\/wp54\/wp-content\/uploads\/2024\/12\/image-11.png","type":"image\/png"}],"author":"Michel Sanchez","twitter_card":"summary_large_image","twitter_misc":{"Escrito por":"Michel Sanchez","Tiempo de lectura":"2 minutos"},"schema":{"@context":"https:\/\/schema.org","@graph":[{"@type":"Article","@id":"https:\/\/radiohuancayo.com.pe\/wp54\/conoce-quienes-seran-los-rivales-de-peru-en-el-mundial-sub-19-de-voley\/#article","isPartOf":{"@id":"https:\/\/radiohuancayo.com.pe\/wp54\/conoce-quienes-seran-los-rivales-de-peru-en-el-mundial-sub-19-de-voley\/"},"author":{"name":"Michel Sanchez","@id":"https:\/\/radiohuancayo.com.pe\/wp54\/#\/schema\/person\/74fb124dee9900c6f4d0535fa1d2b5ae"},"headline":"Conoce qui\u00e9nes ser\u00e1n los rivales de Per\u00fa en el Mundial Sub-19 de v\u00f3ley","datePublished":"2024-12-04T22:59:46+00:00","mainEntityOfPage":{"@id":"https:\/\/radiohuancayo.com.pe\/wp54\/conoce-quienes-seran-los-rivales-de-peru-en-el-mundial-sub-19-de-voley\/"},"wordCount":163,"commentCount":0,"publisher":{"@id":"https:\/\/radiohuancayo.com.pe\/wp54\/#organization"},"image":{"@id":"https:\/\/radiohuancayo.com.pe\/wp54\/conoce-quienes-seran-los-rivales-de-peru-en-el-mundial-sub-19-de-voley\/#primaryimage"},"thumbnailUrl":"https:\/\/radiohuancayo.com.pe\/wp54\/wp-content\/uploads\/2024\/12\/image-11.png","articleSection":["Deportes"],"inLanguage":"es","potentialAction":[{"@type":"CommentAction","name":"Comment","target":["https:\/\/radiohuancayo.com.pe\/wp54\/conoce-quienes-seran-los-rivales-de-peru-en-el-mundial-sub-19-de-voley\/#respond"]}]},{"@type":"WebPage","@id":"https:\/\/radiohuancayo.com.pe\/wp54\/conoce-quienes-seran-los-rivales-de-peru-en-el-mundial-sub-19-de-voley\/","url":"https:\/\/radiohuancayo.com.pe\/wp54\/conoce-quienes-seran-los-rivales-de-peru-en-el-mundial-sub-19-de-voley\/","name":"Conoce qui\u00e9nes ser\u00e1n los rivales de Per\u00fa en el Mundial Sub-19 de v\u00f3ley - Radio Huancayo","isPartOf":{"@id":"https:\/\/radiohuancayo.com.pe\/wp54\/#website"},"primaryImageOfPage":{"@id":"https:\/\/radiohuancayo.com.pe\/wp54\/conoce-quienes-seran-los-rivales-de-peru-en-el-mundial-sub-19-de-voley\/#primaryimage"},"image":{"@id":"https:\/\/radiohuancayo.com.pe\/wp54\/conoce-quienes-seran-los-rivales-de-peru-en-el-mundial-sub-19-de-voley\/#primaryimage"},"thumbnailUrl":"https:\/\/radiohuancayo.com.pe\/wp54\/wp-content\/uploads\/2024\/12\/image-11.png","datePublished":"2024-12-04T22:59:46+00:00","breadcrumb":{"@id":"https:\/\/radiohuancayo.com.pe\/wp54\/conoce-quienes-seran-los-rivales-de-peru-en-el-mundial-sub-19-de-voley\/#breadcrumb"},"inLanguage":"es","potentialAction":[{"@type":"ReadAction","target":["https:\/\/radiohuancayo.com.pe\/wp54\/conoce-quienes-seran-los-rivales-de-peru-en-el-mundial-sub-19-de-voley\/"]}]},{"@type":"ImageObject","inLanguage":"es","@id":"https:\/\/radiohuancayo.com.pe\/wp54\/conoce-quienes-seran-los-rivales-de-peru-en-el-mundial-sub-19-de-voley\/#primaryimage","url":"https:\/\/radiohuancayo.com.pe\/wp54\/wp-content\/uploads\/2024\/12\/image-11.png","contentUrl":"https:\/\/radiohuancayo.com.pe\/wp54\/wp-content\/uploads\/2024\/12\/image-11.png","width":1200,"height":630},{"@type":"BreadcrumbList","@id":"https:\/\/radiohuancayo.com.pe\/wp54\/conoce-quienes-seran-los-rivales-de-peru-en-el-mundial-sub-19-de-voley\/#breadcrumb","itemListElement":[{"@type":"ListItem","position":1,"name":"Portada","item":"https:\/\/radiohuancayo.com.pe\/wp54\/"},{"@type":"ListItem","position":2,"name":"Conoce qui\u00e9nes ser\u00e1n los rivales de Per\u00fa en el Mundial Sub-19 de v\u00f3ley"}]},{"@type":"WebSite","@id":"https:\/\/radiohuancayo.com.pe\/wp54\/#website","url":"https:\/\/radiohuancayo.com.pe\/wp54\/","name":"Radio Huancayo","description":"me gusta!!!","publisher":{"@id":"https:\/\/radiohuancayo.com.pe\/wp54\/#organization"},"potentialAction":[{"@type":"SearchAction","target":{"@type":"EntryPoint","urlTemplate":"https:\/\/radiohuancayo.com.pe\/wp54\/?s={search_term_string}"},"query-input":{"@type":"PropertyValueSpecification","valueRequired":true,"valueName":"search_term_string"}}],"inLanguage":"es"},{"@type":"Organization","@id":"https:\/\/radiohuancayo.com.pe\/wp54\/#organization","name":"Radio Huancayo","url":"https:\/\/radiohuancayo.com.pe\/wp54\/","logo":{"@type":"ImageObject","inLanguage":"es","@id":"https:\/\/radiohuancayo.com.pe\/wp54\/#\/schema\/logo\/image\/","url":"https:\/\/radiohuancayo.com.pe\/wp54\/wp-content\/uploads\/2022\/04\/CABE01.png","contentUrl":"https:\/\/radiohuancayo.com.pe\/wp54\/wp-content\/uploads\/2022\/04\/CABE01.png","width":1640,"height":300,"caption":"Radio Huancayo"},"image":{"@id":"https:\/\/radiohuancayo.com.pe\/wp54\/#\/schema\/logo\/image\/"}},{"@type":"Person","@id":"https:\/\/radiohuancayo.com.pe\/wp54\/#\/schema\/person\/74fb124dee9900c6f4d0535fa1d2b5ae","name":"Michel Sanchez","image":{"@type":"ImageObject","inLanguage":"es","@id":"https:\/\/secure.gravatar.com\/avatar\/f7f6944c01b3f15a174d0cf055aea75c46697913fc8a9cf5c3cf3e8800c645f6?s=96&d=mm&r=g","url":"https:\/\/secure.gravatar.com\/avatar\/f7f6944c01b3f15a174d0cf055aea75c46697913fc8a9cf5c3cf3e8800c645f6?s=96&d=mm&r=g","contentUrl":"https:\/\/secure.gravatar.com\/avatar\/f7f6944c01b3f15a174d0cf055aea75c46697913fc8a9cf5c3cf3e8800c645f6?s=96&d=mm&r=g","caption":"Michel Sanchez"},"url":"https:\/\/radiohuancayo.com.pe\/wp54\/author\/memoris\/"}]}},"_links":{"self":[{"href":"https:\/\/radiohuancayo.com.pe\/wp54\/wp-json\/wp\/v2\/posts\/29114","targetHints":{"allow":["GET"]}}],"collection":[{"href":"https:\/\/radiohuancayo.com.pe\/wp54\/wp-json\/wp\/v2\/posts"}],"about":[{"href":"https:\/\/radiohuancayo.com.pe\/wp54\/wp-json\/wp\/v2\/types\/post"}],"author":[{"embeddable":true,"href":"https:\/\/radiohuancayo.com.pe\/wp54\/wp-json\/wp\/v2\/users\/2"}],"replies":[{"embeddable":true,"href":"https:\/\/radiohuancayo.com.pe\/wp54\/wp-json\/wp\/v2\/comments?post=29114"}],"version-history":[{"count":1,"href":"https:\/\/radiohuancayo.com.pe\/wp54\/wp-json\/wp\/v2\/posts\/29114\/revisions"}],"predecessor-version":[{"id":29116,"href":"https:\/\/radiohuancayo.com.pe\/wp54\/wp-json\/wp\/v2\/posts\/29114\/revisions\/29116"}],"wp:featuredmedia":[{"embeddable":true,"href":"https:\/\/radiohuancayo.com.pe\/wp54\/wp-json\/wp\/v2\/media\/29115"}],"wp:attachment":[{"href":"https:\/\/radiohuancayo.com.pe\/wp54\/wp-json\/wp\/v2\/media?parent=29114"}],"wp:term":[{"taxonomy":"category","embeddable":true,"href":"https:\/\/radiohuancayo.com.pe\/wp54\/wp-json\/wp\/v2\/categories?post=29114"},{"taxonomy":"post_tag","embeddable":true,"href":"https:\/\/radiohuancayo.com.pe\/wp54\/wp-json\/wp\/v2\/tags?post=29114"}],"curies":[{"name":"wp","href":"https:\/\/api.w.org\/{rel}","templated":true}]}}