{"id":29256,"date":"2025-01-07T17:22:41","date_gmt":"2025-01-07T22:22:41","guid":{"rendered":"https:\/\/radiohuancayo.com.pe\/wp54\/?p=29256"},"modified":"2025-01-07T17:22:42","modified_gmt":"2025-01-07T22:22:42","slug":"juan-pablo-ii-se-arma-ficho-a-miller-bolanos-exfigura-de-la-seleccion-ecuatoriana","status":"publish","type":"post","link":"https:\/\/radiohuancayo.com.pe\/wp54\/juan-pablo-ii-se-arma-ficho-a-miller-bolanos-exfigura-de-la-seleccion-ecuatoriana\/","title":{"rendered":"Juan Pablo II se arma: fich\u00f3 a Miller Bola\u00f1os, exfigura de la selecci\u00f3n ecuatoriana"},"content":{"rendered":"\n<p>Para su estreno en la Liga 1 2025, Juan Pablo II no quiere ser ave de paso y se viene reforzando para dar pelea. Por ello, en las \u00faltimas horas se conoci\u00f3 que lleg\u00f3 a un acuerdo con el ecuatoriano Miller Bola\u00f1os, exseleccionado de Ecuador y con pasado en Brasil, M\u00e9xico y China.<\/p>\n\n\n\n<p>Juan Pablo II debutar\u00e1 este 2025 en la Liga 1 y quiere hacer una buena presentaci\u00f3n, sobre todo para su hinchada en Chongoyape. Por ello, tras la frustrada llegada de Jean Deza, buscaron dar el golpe con un futbolista consagrado del exterior y apuntaron a Ecuador: cerraron la llegada del exseleccionado Miller Bola\u00f1os. El \u2018Killer\u2019, luego de jugar la temporada 2024 en Guayaquil City de la Serie B ecuatoriana, lleg\u00f3 a un acuerdo con los norte\u00f1os y llegar\u00e1 en los pr\u00f3ximos d\u00edas al pa\u00eds para sumarse a la pretemporada.<\/p>\n\n\n\n<p>Miller Bola\u00f1os se form\u00f3 en Barcelona SC y tambi\u00e9n pas\u00f3 por Liga de Quito y Emelec. Adem\u00e1s, visti\u00f3 las camisetas de Chivas USA (EE.UU.), Gremio (Brasil), Tijuana (M\u00e9xico), Shanghai Shenhua y Chongqing Liangjiang (China). En su selecci\u00f3n, disput\u00f3 las Eliminatorias a Rusia 2018, donde la \u2018Tricolor\u2019 no pudo clasificar al mundial. Adem\u00e1s, jug\u00f3 la Copa Am\u00e9rica 2015 y 2016.<\/p>\n","protected":false},"excerpt":{"rendered":"<p>Para su estreno en la Liga 1 2025, Juan Pablo II no quiere ser ave de paso y se viene reforzando para dar pelea. Por ello, en las \u00faltimas horas se conoci\u00f3 que lleg\u00f3 a un acuerdo con el ecuatoriano Miller Bola\u00f1os, exseleccionado de Ecuador y con pasado en Brasil, M\u00e9xico y China. Juan Pablo II debutar\u00e1 este 2025 en la Liga 1 y quiere hacer una buena presentaci\u00f3n, sobre todo para su hinchada en Chongoyape. Por ello, tras la frustrada llegada de Jean Deza, buscaron dar el golpe con un futbolista consagrado del exterior y apuntaron a Ecuador: cerraron la llegada del exseleccionado Miller Bola\u00f1os. El \u2018Killer\u2019, luego de jugar la temporada 2024 en Guayaquil City de la Serie B ecuatoriana, lleg\u00f3 a un acuerdo con los norte\u00f1os y llegar\u00e1 en los pr\u00f3ximos d\u00edas al pa\u00eds para sumarse a la pretemporada. Miller Bola\u00f1os se form\u00f3 en Barcelona SC y tambi\u00e9n pas\u00f3 por Liga de Quito y Emelec. Adem\u00e1s, visti\u00f3 las camisetas de Chivas USA (EE.UU.), Gremio (Brasil), Tijuana (M\u00e9xico), Shanghai Shenhua y Chongqing Liangjiang (China). En su selecci\u00f3n, disput\u00f3 las Eliminatorias a Rusia 2018, donde la \u2018Tricolor\u2019 no pudo clasificar al mundial. Adem\u00e1s, jug\u00f3 la Copa Am\u00e9rica 2015 y 2016.<\/p>\n","protected":false},"author":2,"featured_media":29257,"comment_status":"open","ping_status":"open","sticky":false,"template":"","format":"standard","meta":{"footnotes":""},"categories":[7],"tags":[],"class_list":["post-29256","post","type-post","status-publish","format-standard","has-post-thumbnail","hentry","category-deportes"],"yoast_head":"<!-- This site is optimized with the Yoast SEO plugin v27.5 - https:\/\/yoast.com\/product\/yoast-seo-wordpress\/ -->\n<title>Juan Pablo II se arma: fich\u00f3 a Miller Bola\u00f1os, exfigura de la selecci\u00f3n ecuatoriana - Radio Huancayo<\/title>\n<meta name=\"robots\" content=\"index, follow, max-snippet:-1, max-image-preview:large, max-video-preview:-1\" \/>\n<link rel=\"canonical\" href=\"https:\/\/radiohuancayo.com.pe\/wp54\/juan-pablo-ii-se-arma-ficho-a-miller-bolanos-exfigura-de-la-seleccion-ecuatoriana\/\" \/>\n<meta property=\"og:locale\" content=\"es_ES\" \/>\n<meta property=\"og:type\" content=\"article\" \/>\n<meta property=\"og:title\" content=\"Juan Pablo II se arma: fich\u00f3 a Miller Bola\u00f1os, exfigura de la selecci\u00f3n ecuatoriana - Radio Huancayo\" \/>\n<meta property=\"og:description\" content=\"Para su estreno en la Liga 1 2025, Juan Pablo II no quiere ser ave de paso y se viene reforzando para dar pelea. Por ello, en las \u00faltimas horas se conoci\u00f3 que lleg\u00f3 a un acuerdo con el ecuatoriano Miller Bola\u00f1os, exseleccionado de Ecuador y con pasado en Brasil, M\u00e9xico y China. Juan Pablo II debutar\u00e1 este 2025 en la Liga 1 y quiere hacer una buena presentaci\u00f3n, sobre todo para su hinchada en Chongoyape. Por ello, tras la frustrada llegada de Jean Deza, buscaron dar el golpe con un futbolista consagrado del exterior y apuntaron a Ecuador: cerraron la llegada del exseleccionado Miller Bola\u00f1os. El \u2018Killer\u2019, luego de jugar la temporada 2024 en Guayaquil City de la Serie B ecuatoriana, lleg\u00f3 a un acuerdo con los norte\u00f1os y llegar\u00e1 en los pr\u00f3ximos d\u00edas al pa\u00eds para sumarse a la pretemporada. Miller Bola\u00f1os se form\u00f3 en Barcelona SC y tambi\u00e9n pas\u00f3 por Liga de Quito y Emelec. Adem\u00e1s, visti\u00f3 las camisetas de Chivas USA (EE.UU.), Gremio (Brasil), Tijuana (M\u00e9xico), Shanghai Shenhua y Chongqing Liangjiang (China). En su selecci\u00f3n, disput\u00f3 las Eliminatorias a Rusia 2018, donde la \u2018Tricolor\u2019 no pudo clasificar al mundial. Adem\u00e1s, jug\u00f3 la Copa Am\u00e9rica 2015 y 2016.\" \/>\n<meta property=\"og:url\" content=\"https:\/\/radiohuancayo.com.pe\/wp54\/juan-pablo-ii-se-arma-ficho-a-miller-bolanos-exfigura-de-la-seleccion-ecuatoriana\/\" \/>\n<meta property=\"og:site_name\" content=\"Radio Huancayo\" \/>\n<meta property=\"article:published_time\" content=\"2025-01-07T22:22:41+00:00\" \/>\n<meta property=\"article:modified_time\" content=\"2025-01-07T22:22:42+00:00\" \/>\n<meta property=\"og:image\" content=\"https:\/\/radiohuancayo.com.pe\/wp54\/wp-content\/uploads\/2025\/01\/image-1.png\" \/>\n\t<meta property=\"og:image:width\" content=\"1200\" \/>\n\t<meta property=\"og:image:height\" content=\"677\" \/>\n\t<meta property=\"og:image:type\" content=\"image\/png\" \/>\n<meta name=\"author\" content=\"Michel Sanchez\" \/>\n<meta name=\"twitter:card\" content=\"summary_large_image\" \/>\n<meta name=\"twitter:label1\" content=\"Escrito por\" \/>\n\t<meta name=\"twitter:data1\" content=\"Michel Sanchez\" \/>\n\t<meta name=\"twitter:label2\" content=\"Tiempo de lectura\" \/>\n\t<meta name=\"twitter:data2\" content=\"2 minutos\" \/>\n<script type=\"application\/ld+json\" class=\"yoast-schema-graph\">{\"@context\":\"https:\\\/\\\/schema.org\",\"@graph\":[{\"@type\":\"Article\",\"@id\":\"https:\\\/\\\/radiohuancayo.com.pe\\\/wp54\\\/juan-pablo-ii-se-arma-ficho-a-miller-bolanos-exfigura-de-la-seleccion-ecuatoriana\\\/#article\",\"isPartOf\":{\"@id\":\"https:\\\/\\\/radiohuancayo.com.pe\\\/wp54\\\/juan-pablo-ii-se-arma-ficho-a-miller-bolanos-exfigura-de-la-seleccion-ecuatoriana\\\/\"},\"author\":{\"name\":\"Michel Sanchez\",\"@id\":\"https:\\\/\\\/radiohuancayo.com.pe\\\/wp54\\\/#\\\/schema\\\/person\\\/74fb124dee9900c6f4d0535fa1d2b5ae\"},\"headline\":\"Juan Pablo II se arma: fich\u00f3 a Miller Bola\u00f1os, exfigura de la selecci\u00f3n ecuatoriana\",\"datePublished\":\"2025-01-07T22:22:41+00:00\",\"dateModified\":\"2025-01-07T22:22:42+00:00\",\"mainEntityOfPage\":{\"@id\":\"https:\\\/\\\/radiohuancayo.com.pe\\\/wp54\\\/juan-pablo-ii-se-arma-ficho-a-miller-bolanos-exfigura-de-la-seleccion-ecuatoriana\\\/\"},\"wordCount\":225,\"commentCount\":0,\"publisher\":{\"@id\":\"https:\\\/\\\/radiohuancayo.com.pe\\\/wp54\\\/#organization\"},\"image\":{\"@id\":\"https:\\\/\\\/radiohuancayo.com.pe\\\/wp54\\\/juan-pablo-ii-se-arma-ficho-a-miller-bolanos-exfigura-de-la-seleccion-ecuatoriana\\\/#primaryimage\"},\"thumbnailUrl\":\"https:\\\/\\\/radiohuancayo.com.pe\\\/wp54\\\/wp-content\\\/uploads\\\/2025\\\/01\\\/image-1.png\",\"articleSection\":[\"Deportes\"],\"inLanguage\":\"es\",\"potentialAction\":[{\"@type\":\"CommentAction\",\"name\":\"Comment\",\"target\":[\"https:\\\/\\\/radiohuancayo.com.pe\\\/wp54\\\/juan-pablo-ii-se-arma-ficho-a-miller-bolanos-exfigura-de-la-seleccion-ecuatoriana\\\/#respond\"]}]},{\"@type\":\"WebPage\",\"@id\":\"https:\\\/\\\/radiohuancayo.com.pe\\\/wp54\\\/juan-pablo-ii-se-arma-ficho-a-miller-bolanos-exfigura-de-la-seleccion-ecuatoriana\\\/\",\"url\":\"https:\\\/\\\/radiohuancayo.com.pe\\\/wp54\\\/juan-pablo-ii-se-arma-ficho-a-miller-bolanos-exfigura-de-la-seleccion-ecuatoriana\\\/\",\"name\":\"Juan Pablo II se arma: fich\u00f3 a Miller Bola\u00f1os, exfigura de la selecci\u00f3n ecuatoriana - Radio Huancayo\",\"isPartOf\":{\"@id\":\"https:\\\/\\\/radiohuancayo.com.pe\\\/wp54\\\/#website\"},\"primaryImageOfPage\":{\"@id\":\"https:\\\/\\\/radiohuancayo.com.pe\\\/wp54\\\/juan-pablo-ii-se-arma-ficho-a-miller-bolanos-exfigura-de-la-seleccion-ecuatoriana\\\/#primaryimage\"},\"image\":{\"@id\":\"https:\\\/\\\/radiohuancayo.com.pe\\\/wp54\\\/juan-pablo-ii-se-arma-ficho-a-miller-bolanos-exfigura-de-la-seleccion-ecuatoriana\\\/#primaryimage\"},\"thumbnailUrl\":\"https:\\\/\\\/radiohuancayo.com.pe\\\/wp54\\\/wp-content\\\/uploads\\\/2025\\\/01\\\/image-1.png\",\"datePublished\":\"2025-01-07T22:22:41+00:00\",\"dateModified\":\"2025-01-07T22:22:42+00:00\",\"breadcrumb\":{\"@id\":\"https:\\\/\\\/radiohuancayo.com.pe\\\/wp54\\\/juan-pablo-ii-se-arma-ficho-a-miller-bolanos-exfigura-de-la-seleccion-ecuatoriana\\\/#breadcrumb\"},\"inLanguage\":\"es\",\"potentialAction\":[{\"@type\":\"ReadAction\",\"target\":[\"https:\\\/\\\/radiohuancayo.com.pe\\\/wp54\\\/juan-pablo-ii-se-arma-ficho-a-miller-bolanos-exfigura-de-la-seleccion-ecuatoriana\\\/\"]}]},{\"@type\":\"ImageObject\",\"inLanguage\":\"es\",\"@id\":\"https:\\\/\\\/radiohuancayo.com.pe\\\/wp54\\\/juan-pablo-ii-se-arma-ficho-a-miller-bolanos-exfigura-de-la-seleccion-ecuatoriana\\\/#primaryimage\",\"url\":\"https:\\\/\\\/radiohuancayo.com.pe\\\/wp54\\\/wp-content\\\/uploads\\\/2025\\\/01\\\/image-1.png\",\"contentUrl\":\"https:\\\/\\\/radiohuancayo.com.pe\\\/wp54\\\/wp-content\\\/uploads\\\/2025\\\/01\\\/image-1.png\",\"width\":1200,\"height\":677},{\"@type\":\"BreadcrumbList\",\"@id\":\"https:\\\/\\\/radiohuancayo.com.pe\\\/wp54\\\/juan-pablo-ii-se-arma-ficho-a-miller-bolanos-exfigura-de-la-seleccion-ecuatoriana\\\/#breadcrumb\",\"itemListElement\":[{\"@type\":\"ListItem\",\"position\":1,\"name\":\"Portada\",\"item\":\"https:\\\/\\\/radiohuancayo.com.pe\\\/wp54\\\/\"},{\"@type\":\"ListItem\",\"position\":2,\"name\":\"Juan Pablo II se arma: fich\u00f3 a Miller Bola\u00f1os, exfigura de la selecci\u00f3n ecuatoriana\"}]},{\"@type\":\"WebSite\",\"@id\":\"https:\\\/\\\/radiohuancayo.com.pe\\\/wp54\\\/#website\",\"url\":\"https:\\\/\\\/radiohuancayo.com.pe\\\/wp54\\\/\",\"name\":\"Radio Huancayo\",\"description\":\"me gusta!!!\",\"publisher\":{\"@id\":\"https:\\\/\\\/radiohuancayo.com.pe\\\/wp54\\\/#organization\"},\"potentialAction\":[{\"@type\":\"SearchAction\",\"target\":{\"@type\":\"EntryPoint\",\"urlTemplate\":\"https:\\\/\\\/radiohuancayo.com.pe\\\/wp54\\\/?s={search_term_string}\"},\"query-input\":{\"@type\":\"PropertyValueSpecification\",\"valueRequired\":true,\"valueName\":\"search_term_string\"}}],\"inLanguage\":\"es\"},{\"@type\":\"Organization\",\"@id\":\"https:\\\/\\\/radiohuancayo.com.pe\\\/wp54\\\/#organization\",\"name\":\"Radio Huancayo\",\"url\":\"https:\\\/\\\/radiohuancayo.com.pe\\\/wp54\\\/\",\"logo\":{\"@type\":\"ImageObject\",\"inLanguage\":\"es\",\"@id\":\"https:\\\/\\\/radiohuancayo.com.pe\\\/wp54\\\/#\\\/schema\\\/logo\\\/image\\\/\",\"url\":\"https:\\\/\\\/radiohuancayo.com.pe\\\/wp54\\\/wp-content\\\/uploads\\\/2022\\\/04\\\/CABE01.png\",\"contentUrl\":\"https:\\\/\\\/radiohuancayo.com.pe\\\/wp54\\\/wp-content\\\/uploads\\\/2022\\\/04\\\/CABE01.png\",\"width\":1640,\"height\":300,\"caption\":\"Radio Huancayo\"},\"image\":{\"@id\":\"https:\\\/\\\/radiohuancayo.com.pe\\\/wp54\\\/#\\\/schema\\\/logo\\\/image\\\/\"}},{\"@type\":\"Person\",\"@id\":\"https:\\\/\\\/radiohuancayo.com.pe\\\/wp54\\\/#\\\/schema\\\/person\\\/74fb124dee9900c6f4d0535fa1d2b5ae\",\"name\":\"Michel Sanchez\",\"image\":{\"@type\":\"ImageObject\",\"inLanguage\":\"es\",\"@id\":\"https:\\\/\\\/secure.gravatar.com\\\/avatar\\\/f7f6944c01b3f15a174d0cf055aea75c46697913fc8a9cf5c3cf3e8800c645f6?s=96&d=mm&r=g\",\"url\":\"https:\\\/\\\/secure.gravatar.com\\\/avatar\\\/f7f6944c01b3f15a174d0cf055aea75c46697913fc8a9cf5c3cf3e8800c645f6?s=96&d=mm&r=g\",\"contentUrl\":\"https:\\\/\\\/secure.gravatar.com\\\/avatar\\\/f7f6944c01b3f15a174d0cf055aea75c46697913fc8a9cf5c3cf3e8800c645f6?s=96&d=mm&r=g\",\"caption\":\"Michel Sanchez\"},\"url\":\"https:\\\/\\\/radiohuancayo.com.pe\\\/wp54\\\/author\\\/memoris\\\/\"}]}<\/script>\n<!-- \/ Yoast SEO plugin. -->","yoast_head_json":{"title":"Juan Pablo II se arma: fich\u00f3 a Miller Bola\u00f1os, exfigura de la selecci\u00f3n ecuatoriana - Radio Huancayo","robots":{"index":"index","follow":"follow","max-snippet":"max-snippet:-1","max-image-preview":"max-image-preview:large","max-video-preview":"max-video-preview:-1"},"canonical":"https:\/\/radiohuancayo.com.pe\/wp54\/juan-pablo-ii-se-arma-ficho-a-miller-bolanos-exfigura-de-la-seleccion-ecuatoriana\/","og_locale":"es_ES","og_type":"article","og_title":"Juan Pablo II se arma: fich\u00f3 a Miller Bola\u00f1os, exfigura de la selecci\u00f3n ecuatoriana - Radio Huancayo","og_description":"Para su estreno en la Liga 1 2025, Juan Pablo II no quiere ser ave de paso y se viene reforzando para dar pelea. Por ello, en las \u00faltimas horas se conoci\u00f3 que lleg\u00f3 a un acuerdo con el ecuatoriano Miller Bola\u00f1os, exseleccionado de Ecuador y con pasado en Brasil, M\u00e9xico y China. Juan Pablo II debutar\u00e1 este 2025 en la Liga 1 y quiere hacer una buena presentaci\u00f3n, sobre todo para su hinchada en Chongoyape. Por ello, tras la frustrada llegada de Jean Deza, buscaron dar el golpe con un futbolista consagrado del exterior y apuntaron a Ecuador: cerraron la llegada del exseleccionado Miller Bola\u00f1os. El \u2018Killer\u2019, luego de jugar la temporada 2024 en Guayaquil City de la Serie B ecuatoriana, lleg\u00f3 a un acuerdo con los norte\u00f1os y llegar\u00e1 en los pr\u00f3ximos d\u00edas al pa\u00eds para sumarse a la pretemporada. Miller Bola\u00f1os se form\u00f3 en Barcelona SC y tambi\u00e9n pas\u00f3 por Liga de Quito y Emelec. Adem\u00e1s, visti\u00f3 las camisetas de Chivas USA (EE.UU.), Gremio (Brasil), Tijuana (M\u00e9xico), Shanghai Shenhua y Chongqing Liangjiang (China). En su selecci\u00f3n, disput\u00f3 las Eliminatorias a Rusia 2018, donde la \u2018Tricolor\u2019 no pudo clasificar al mundial. Adem\u00e1s, jug\u00f3 la Copa Am\u00e9rica 2015 y 2016.","og_url":"https:\/\/radiohuancayo.com.pe\/wp54\/juan-pablo-ii-se-arma-ficho-a-miller-bolanos-exfigura-de-la-seleccion-ecuatoriana\/","og_site_name":"Radio Huancayo","article_published_time":"2025-01-07T22:22:41+00:00","article_modified_time":"2025-01-07T22:22:42+00:00","og_image":[{"width":1200,"height":677,"url":"https:\/\/radiohuancayo.com.pe\/wp54\/wp-content\/uploads\/2025\/01\/image-1.png","type":"image\/png"}],"author":"Michel Sanchez","twitter_card":"summary_large_image","twitter_misc":{"Escrito por":"Michel Sanchez","Tiempo de lectura":"2 minutos"},"schema":{"@context":"https:\/\/schema.org","@graph":[{"@type":"Article","@id":"https:\/\/radiohuancayo.com.pe\/wp54\/juan-pablo-ii-se-arma-ficho-a-miller-bolanos-exfigura-de-la-seleccion-ecuatoriana\/#article","isPartOf":{"@id":"https:\/\/radiohuancayo.com.pe\/wp54\/juan-pablo-ii-se-arma-ficho-a-miller-bolanos-exfigura-de-la-seleccion-ecuatoriana\/"},"author":{"name":"Michel Sanchez","@id":"https:\/\/radiohuancayo.com.pe\/wp54\/#\/schema\/person\/74fb124dee9900c6f4d0535fa1d2b5ae"},"headline":"Juan Pablo II se arma: fich\u00f3 a Miller Bola\u00f1os, exfigura de la selecci\u00f3n ecuatoriana","datePublished":"2025-01-07T22:22:41+00:00","dateModified":"2025-01-07T22:22:42+00:00","mainEntityOfPage":{"@id":"https:\/\/radiohuancayo.com.pe\/wp54\/juan-pablo-ii-se-arma-ficho-a-miller-bolanos-exfigura-de-la-seleccion-ecuatoriana\/"},"wordCount":225,"commentCount":0,"publisher":{"@id":"https:\/\/radiohuancayo.com.pe\/wp54\/#organization"},"image":{"@id":"https:\/\/radiohuancayo.com.pe\/wp54\/juan-pablo-ii-se-arma-ficho-a-miller-bolanos-exfigura-de-la-seleccion-ecuatoriana\/#primaryimage"},"thumbnailUrl":"https:\/\/radiohuancayo.com.pe\/wp54\/wp-content\/uploads\/2025\/01\/image-1.png","articleSection":["Deportes"],"inLanguage":"es","potentialAction":[{"@type":"CommentAction","name":"Comment","target":["https:\/\/radiohuancayo.com.pe\/wp54\/juan-pablo-ii-se-arma-ficho-a-miller-bolanos-exfigura-de-la-seleccion-ecuatoriana\/#respond"]}]},{"@type":"WebPage","@id":"https:\/\/radiohuancayo.com.pe\/wp54\/juan-pablo-ii-se-arma-ficho-a-miller-bolanos-exfigura-de-la-seleccion-ecuatoriana\/","url":"https:\/\/radiohuancayo.com.pe\/wp54\/juan-pablo-ii-se-arma-ficho-a-miller-bolanos-exfigura-de-la-seleccion-ecuatoriana\/","name":"Juan Pablo II se arma: fich\u00f3 a Miller Bola\u00f1os, exfigura de la selecci\u00f3n ecuatoriana - Radio Huancayo","isPartOf":{"@id":"https:\/\/radiohuancayo.com.pe\/wp54\/#website"},"primaryImageOfPage":{"@id":"https:\/\/radiohuancayo.com.pe\/wp54\/juan-pablo-ii-se-arma-ficho-a-miller-bolanos-exfigura-de-la-seleccion-ecuatoriana\/#primaryimage"},"image":{"@id":"https:\/\/radiohuancayo.com.pe\/wp54\/juan-pablo-ii-se-arma-ficho-a-miller-bolanos-exfigura-de-la-seleccion-ecuatoriana\/#primaryimage"},"thumbnailUrl":"https:\/\/radiohuancayo.com.pe\/wp54\/wp-content\/uploads\/2025\/01\/image-1.png","datePublished":"2025-01-07T22:22:41+00:00","dateModified":"2025-01-07T22:22:42+00:00","breadcrumb":{"@id":"https:\/\/radiohuancayo.com.pe\/wp54\/juan-pablo-ii-se-arma-ficho-a-miller-bolanos-exfigura-de-la-seleccion-ecuatoriana\/#breadcrumb"},"inLanguage":"es","potentialAction":[{"@type":"ReadAction","target":["https:\/\/radiohuancayo.com.pe\/wp54\/juan-pablo-ii-se-arma-ficho-a-miller-bolanos-exfigura-de-la-seleccion-ecuatoriana\/"]}]},{"@type":"ImageObject","inLanguage":"es","@id":"https:\/\/radiohuancayo.com.pe\/wp54\/juan-pablo-ii-se-arma-ficho-a-miller-bolanos-exfigura-de-la-seleccion-ecuatoriana\/#primaryimage","url":"https:\/\/radiohuancayo.com.pe\/wp54\/wp-content\/uploads\/2025\/01\/image-1.png","contentUrl":"https:\/\/radiohuancayo.com.pe\/wp54\/wp-content\/uploads\/2025\/01\/image-1.png","width":1200,"height":677},{"@type":"BreadcrumbList","@id":"https:\/\/radiohuancayo.com.pe\/wp54\/juan-pablo-ii-se-arma-ficho-a-miller-bolanos-exfigura-de-la-seleccion-ecuatoriana\/#breadcrumb","itemListElement":[{"@type":"ListItem","position":1,"name":"Portada","item":"https:\/\/radiohuancayo.com.pe\/wp54\/"},{"@type":"ListItem","position":2,"name":"Juan Pablo II se arma: fich\u00f3 a Miller Bola\u00f1os, exfigura de la selecci\u00f3n ecuatoriana"}]},{"@type":"WebSite","@id":"https:\/\/radiohuancayo.com.pe\/wp54\/#website","url":"https:\/\/radiohuancayo.com.pe\/wp54\/","name":"Radio Huancayo","description":"me gusta!!!","publisher":{"@id":"https:\/\/radiohuancayo.com.pe\/wp54\/#organization"},"potentialAction":[{"@type":"SearchAction","target":{"@type":"EntryPoint","urlTemplate":"https:\/\/radiohuancayo.com.pe\/wp54\/?s={search_term_string}"},"query-input":{"@type":"PropertyValueSpecification","valueRequired":true,"valueName":"search_term_string"}}],"inLanguage":"es"},{"@type":"Organization","@id":"https:\/\/radiohuancayo.com.pe\/wp54\/#organization","name":"Radio Huancayo","url":"https:\/\/radiohuancayo.com.pe\/wp54\/","logo":{"@type":"ImageObject","inLanguage":"es","@id":"https:\/\/radiohuancayo.com.pe\/wp54\/#\/schema\/logo\/image\/","url":"https:\/\/radiohuancayo.com.pe\/wp54\/wp-content\/uploads\/2022\/04\/CABE01.png","contentUrl":"https:\/\/radiohuancayo.com.pe\/wp54\/wp-content\/uploads\/2022\/04\/CABE01.png","width":1640,"height":300,"caption":"Radio Huancayo"},"image":{"@id":"https:\/\/radiohuancayo.com.pe\/wp54\/#\/schema\/logo\/image\/"}},{"@type":"Person","@id":"https:\/\/radiohuancayo.com.pe\/wp54\/#\/schema\/person\/74fb124dee9900c6f4d0535fa1d2b5ae","name":"Michel Sanchez","image":{"@type":"ImageObject","inLanguage":"es","@id":"https:\/\/secure.gravatar.com\/avatar\/f7f6944c01b3f15a174d0cf055aea75c46697913fc8a9cf5c3cf3e8800c645f6?s=96&d=mm&r=g","url":"https:\/\/secure.gravatar.com\/avatar\/f7f6944c01b3f15a174d0cf055aea75c46697913fc8a9cf5c3cf3e8800c645f6?s=96&d=mm&r=g","contentUrl":"https:\/\/secure.gravatar.com\/avatar\/f7f6944c01b3f15a174d0cf055aea75c46697913fc8a9cf5c3cf3e8800c645f6?s=96&d=mm&r=g","caption":"Michel Sanchez"},"url":"https:\/\/radiohuancayo.com.pe\/wp54\/author\/memoris\/"}]}},"_links":{"self":[{"href":"https:\/\/radiohuancayo.com.pe\/wp54\/wp-json\/wp\/v2\/posts\/29256","targetHints":{"allow":["GET"]}}],"collection":[{"href":"https:\/\/radiohuancayo.com.pe\/wp54\/wp-json\/wp\/v2\/posts"}],"about":[{"href":"https:\/\/radiohuancayo.com.pe\/wp54\/wp-json\/wp\/v2\/types\/post"}],"author":[{"embeddable":true,"href":"https:\/\/radiohuancayo.com.pe\/wp54\/wp-json\/wp\/v2\/users\/2"}],"replies":[{"embeddable":true,"href":"https:\/\/radiohuancayo.com.pe\/wp54\/wp-json\/wp\/v2\/comments?post=29256"}],"version-history":[{"count":1,"href":"https:\/\/radiohuancayo.com.pe\/wp54\/wp-json\/wp\/v2\/posts\/29256\/revisions"}],"predecessor-version":[{"id":29258,"href":"https:\/\/radiohuancayo.com.pe\/wp54\/wp-json\/wp\/v2\/posts\/29256\/revisions\/29258"}],"wp:featuredmedia":[{"embeddable":true,"href":"https:\/\/radiohuancayo.com.pe\/wp54\/wp-json\/wp\/v2\/media\/29257"}],"wp:attachment":[{"href":"https:\/\/radiohuancayo.com.pe\/wp54\/wp-json\/wp\/v2\/media?parent=29256"}],"wp:term":[{"taxonomy":"category","embeddable":true,"href":"https:\/\/radiohuancayo.com.pe\/wp54\/wp-json\/wp\/v2\/categories?post=29256"},{"taxonomy":"post_tag","embeddable":true,"href":"https:\/\/radiohuancayo.com.pe\/wp54\/wp-json\/wp\/v2\/tags?post=29256"}],"curies":[{"name":"wp","href":"https:\/\/api.w.org\/{rel}","templated":true}]}}