{"id":29259,"date":"2025-01-07T17:24:29","date_gmt":"2025-01-07T22:24:29","guid":{"rendered":"https:\/\/radiohuancayo.com.pe\/wp54\/?p=29259"},"modified":"2025-01-07T17:24:29","modified_gmt":"2025-01-07T22:24:29","slug":"paolo-guerrero-ratifico-su-adios-a-la-seleccion-peruana-se-necesita-caras-nuevas","status":"publish","type":"post","link":"https:\/\/radiohuancayo.com.pe\/wp54\/paolo-guerrero-ratifico-su-adios-a-la-seleccion-peruana-se-necesita-caras-nuevas\/","title":{"rendered":"Paolo Guerrero ratific\u00f3 su adi\u00f3s a la selecci\u00f3n peruana: \u00abSe necesita caras nuevas\u00bb"},"content":{"rendered":"\n<p>\u00a1El adi\u00f3s definitivo! Paolo Guerrero ha sido noticia este martes y no por su actualidad con Alianza Lima, sino porque el experimentado delantero y mundialista en Rusia 2018 volvi\u00f3 a reafirmarse en su postura de retirarse de la selecci\u00f3n peruana este 2025, tras 20 a\u00f1os defendiendo al combinado nacional.<\/p>\n\n\n\n<p>As\u00ed lo confirm\u00f3 el &#8216;Depredador&#8217; tras una nueva jornada de pretemporada con el cuadro blanquiazul, mencionando que en este momento la Blanquirroja necesita de nuevos jugadores j\u00f3venes para afrontar el futuro cercano del &#8216;Equipo de Todos&#8217;. Asimismo, dej\u00f3 claro que apoyar\u00e1 al representativo patrio desde afuera y como un aficionado m\u00e1s.<\/p>\n\n\n\n<p>\u00abYa lo dije, ya lo habl\u00e9. No quiero referirme al respecto. Hice mi \u00faltimo partido en Argentina. La selecci\u00f3n necesita de gente nueva, caras nuevas, j\u00f3venes. La gente pide nuevos jugadores y nuevo proceso, as\u00ed que d\u00e9mosle una oportunidad a los j\u00f3venes y todos a poner un granito de arena, apoyar a la selecci\u00f3n como hinchas\u00bb, declar\u00f3 a los medios de comunicaci\u00f3n a su salida del feudo &#8216;\u00cdntimo&#8217; en Lur\u00edn.<\/p>\n","protected":false},"excerpt":{"rendered":"<p>\u00a1El adi\u00f3s definitivo! Paolo Guerrero ha sido noticia este martes y no por su actualidad con Alianza Lima, sino porque el experimentado delantero y mundialista en Rusia 2018 volvi\u00f3 a reafirmarse en su postura de retirarse de la selecci\u00f3n peruana este 2025, tras 20 a\u00f1os defendiendo al combinado nacional. As\u00ed lo confirm\u00f3 el &#8216;Depredador&#8217; tras una nueva jornada de pretemporada con el cuadro blanquiazul, mencionando que en este momento la Blanquirroja necesita de nuevos jugadores j\u00f3venes para afrontar el futuro cercano del &#8216;Equipo de Todos&#8217;. Asimismo, dej\u00f3 claro que apoyar\u00e1 al representativo patrio desde afuera y como un aficionado m\u00e1s. \u00abYa lo dije, ya lo habl\u00e9. No quiero referirme al respecto. Hice mi \u00faltimo partido en Argentina. La selecci\u00f3n necesita de gente nueva, caras nuevas, j\u00f3venes. La gente pide nuevos jugadores y nuevo proceso, as\u00ed que d\u00e9mosle una oportunidad a los j\u00f3venes y todos a poner un granito de arena, apoyar a la selecci\u00f3n como hinchas\u00bb, declar\u00f3 a los medios de comunicaci\u00f3n a su salida del feudo &#8216;\u00cdntimo&#8217; en Lur\u00edn.<\/p>\n","protected":false},"author":2,"featured_media":29260,"comment_status":"open","ping_status":"open","sticky":false,"template":"","format":"standard","meta":{"footnotes":""},"categories":[7],"tags":[],"class_list":["post-29259","post","type-post","status-publish","format-standard","has-post-thumbnail","hentry","category-deportes"],"yoast_head":"<!-- This site is optimized with the Yoast SEO plugin v27.5 - https:\/\/yoast.com\/product\/yoast-seo-wordpress\/ -->\n<title>Paolo Guerrero ratific\u00f3 su adi\u00f3s a la selecci\u00f3n peruana: &quot;Se necesita caras nuevas&quot; - Radio Huancayo<\/title>\n<meta name=\"robots\" content=\"index, follow, max-snippet:-1, max-image-preview:large, max-video-preview:-1\" \/>\n<link rel=\"canonical\" href=\"https:\/\/radiohuancayo.com.pe\/wp54\/paolo-guerrero-ratifico-su-adios-a-la-seleccion-peruana-se-necesita-caras-nuevas\/\" \/>\n<meta property=\"og:locale\" content=\"es_ES\" \/>\n<meta property=\"og:type\" content=\"article\" \/>\n<meta property=\"og:title\" content=\"Paolo Guerrero ratific\u00f3 su adi\u00f3s a la selecci\u00f3n peruana: &quot;Se necesita caras nuevas&quot; - Radio Huancayo\" \/>\n<meta property=\"og:description\" content=\"\u00a1El adi\u00f3s definitivo! Paolo Guerrero ha sido noticia este martes y no por su actualidad con Alianza Lima, sino porque el experimentado delantero y mundialista en Rusia 2018 volvi\u00f3 a reafirmarse en su postura de retirarse de la selecci\u00f3n peruana este 2025, tras 20 a\u00f1os defendiendo al combinado nacional. As\u00ed lo confirm\u00f3 el &#8216;Depredador&#8217; tras una nueva jornada de pretemporada con el cuadro blanquiazul, mencionando que en este momento la Blanquirroja necesita de nuevos jugadores j\u00f3venes para afrontar el futuro cercano del &#8216;Equipo de Todos&#8217;. Asimismo, dej\u00f3 claro que apoyar\u00e1 al representativo patrio desde afuera y como un aficionado m\u00e1s. \u00abYa lo dije, ya lo habl\u00e9. No quiero referirme al respecto. Hice mi \u00faltimo partido en Argentina. La selecci\u00f3n necesita de gente nueva, caras nuevas, j\u00f3venes. La gente pide nuevos jugadores y nuevo proceso, as\u00ed que d\u00e9mosle una oportunidad a los j\u00f3venes y todos a poner un granito de arena, apoyar a la selecci\u00f3n como hinchas\u00bb, declar\u00f3 a los medios de comunicaci\u00f3n a su salida del feudo &#8216;\u00cdntimo&#8217; en Lur\u00edn.\" \/>\n<meta property=\"og:url\" content=\"https:\/\/radiohuancayo.com.pe\/wp54\/paolo-guerrero-ratifico-su-adios-a-la-seleccion-peruana-se-necesita-caras-nuevas\/\" \/>\n<meta property=\"og:site_name\" content=\"Radio Huancayo\" \/>\n<meta property=\"article:published_time\" content=\"2025-01-07T22:24:29+00:00\" \/>\n<meta property=\"og:image\" content=\"https:\/\/radiohuancayo.com.pe\/wp54\/wp-content\/uploads\/2025\/01\/image-2.png\" \/>\n\t<meta property=\"og:image:width\" content=\"652\" \/>\n\t<meta property=\"og:image:height\" content=\"365\" \/>\n\t<meta property=\"og:image:type\" content=\"image\/png\" \/>\n<meta name=\"author\" content=\"Michel Sanchez\" \/>\n<meta name=\"twitter:card\" content=\"summary_large_image\" \/>\n<meta name=\"twitter:label1\" content=\"Escrito por\" \/>\n\t<meta name=\"twitter:data1\" content=\"Michel Sanchez\" \/>\n\t<meta name=\"twitter:label2\" content=\"Tiempo de lectura\" \/>\n\t<meta name=\"twitter:data2\" content=\"1 minuto\" \/>\n<script type=\"application\/ld+json\" class=\"yoast-schema-graph\">{\"@context\":\"https:\\\/\\\/schema.org\",\"@graph\":[{\"@type\":\"Article\",\"@id\":\"https:\\\/\\\/radiohuancayo.com.pe\\\/wp54\\\/paolo-guerrero-ratifico-su-adios-a-la-seleccion-peruana-se-necesita-caras-nuevas\\\/#article\",\"isPartOf\":{\"@id\":\"https:\\\/\\\/radiohuancayo.com.pe\\\/wp54\\\/paolo-guerrero-ratifico-su-adios-a-la-seleccion-peruana-se-necesita-caras-nuevas\\\/\"},\"author\":{\"name\":\"Michel Sanchez\",\"@id\":\"https:\\\/\\\/radiohuancayo.com.pe\\\/wp54\\\/#\\\/schema\\\/person\\\/74fb124dee9900c6f4d0535fa1d2b5ae\"},\"headline\":\"Paolo Guerrero ratific\u00f3 su adi\u00f3s a la selecci\u00f3n peruana: \u00abSe necesita caras nuevas\u00bb\",\"datePublished\":\"2025-01-07T22:24:29+00:00\",\"mainEntityOfPage\":{\"@id\":\"https:\\\/\\\/radiohuancayo.com.pe\\\/wp54\\\/paolo-guerrero-ratifico-su-adios-a-la-seleccion-peruana-se-necesita-caras-nuevas\\\/\"},\"wordCount\":195,\"commentCount\":0,\"publisher\":{\"@id\":\"https:\\\/\\\/radiohuancayo.com.pe\\\/wp54\\\/#organization\"},\"image\":{\"@id\":\"https:\\\/\\\/radiohuancayo.com.pe\\\/wp54\\\/paolo-guerrero-ratifico-su-adios-a-la-seleccion-peruana-se-necesita-caras-nuevas\\\/#primaryimage\"},\"thumbnailUrl\":\"https:\\\/\\\/radiohuancayo.com.pe\\\/wp54\\\/wp-content\\\/uploads\\\/2025\\\/01\\\/image-2.png\",\"articleSection\":[\"Deportes\"],\"inLanguage\":\"es\",\"potentialAction\":[{\"@type\":\"CommentAction\",\"name\":\"Comment\",\"target\":[\"https:\\\/\\\/radiohuancayo.com.pe\\\/wp54\\\/paolo-guerrero-ratifico-su-adios-a-la-seleccion-peruana-se-necesita-caras-nuevas\\\/#respond\"]}]},{\"@type\":\"WebPage\",\"@id\":\"https:\\\/\\\/radiohuancayo.com.pe\\\/wp54\\\/paolo-guerrero-ratifico-su-adios-a-la-seleccion-peruana-se-necesita-caras-nuevas\\\/\",\"url\":\"https:\\\/\\\/radiohuancayo.com.pe\\\/wp54\\\/paolo-guerrero-ratifico-su-adios-a-la-seleccion-peruana-se-necesita-caras-nuevas\\\/\",\"name\":\"Paolo Guerrero ratific\u00f3 su adi\u00f3s a la selecci\u00f3n peruana: \\\"Se necesita caras nuevas\\\" - Radio Huancayo\",\"isPartOf\":{\"@id\":\"https:\\\/\\\/radiohuancayo.com.pe\\\/wp54\\\/#website\"},\"primaryImageOfPage\":{\"@id\":\"https:\\\/\\\/radiohuancayo.com.pe\\\/wp54\\\/paolo-guerrero-ratifico-su-adios-a-la-seleccion-peruana-se-necesita-caras-nuevas\\\/#primaryimage\"},\"image\":{\"@id\":\"https:\\\/\\\/radiohuancayo.com.pe\\\/wp54\\\/paolo-guerrero-ratifico-su-adios-a-la-seleccion-peruana-se-necesita-caras-nuevas\\\/#primaryimage\"},\"thumbnailUrl\":\"https:\\\/\\\/radiohuancayo.com.pe\\\/wp54\\\/wp-content\\\/uploads\\\/2025\\\/01\\\/image-2.png\",\"datePublished\":\"2025-01-07T22:24:29+00:00\",\"breadcrumb\":{\"@id\":\"https:\\\/\\\/radiohuancayo.com.pe\\\/wp54\\\/paolo-guerrero-ratifico-su-adios-a-la-seleccion-peruana-se-necesita-caras-nuevas\\\/#breadcrumb\"},\"inLanguage\":\"es\",\"potentialAction\":[{\"@type\":\"ReadAction\",\"target\":[\"https:\\\/\\\/radiohuancayo.com.pe\\\/wp54\\\/paolo-guerrero-ratifico-su-adios-a-la-seleccion-peruana-se-necesita-caras-nuevas\\\/\"]}]},{\"@type\":\"ImageObject\",\"inLanguage\":\"es\",\"@id\":\"https:\\\/\\\/radiohuancayo.com.pe\\\/wp54\\\/paolo-guerrero-ratifico-su-adios-a-la-seleccion-peruana-se-necesita-caras-nuevas\\\/#primaryimage\",\"url\":\"https:\\\/\\\/radiohuancayo.com.pe\\\/wp54\\\/wp-content\\\/uploads\\\/2025\\\/01\\\/image-2.png\",\"contentUrl\":\"https:\\\/\\\/radiohuancayo.com.pe\\\/wp54\\\/wp-content\\\/uploads\\\/2025\\\/01\\\/image-2.png\",\"width\":652,\"height\":365},{\"@type\":\"BreadcrumbList\",\"@id\":\"https:\\\/\\\/radiohuancayo.com.pe\\\/wp54\\\/paolo-guerrero-ratifico-su-adios-a-la-seleccion-peruana-se-necesita-caras-nuevas\\\/#breadcrumb\",\"itemListElement\":[{\"@type\":\"ListItem\",\"position\":1,\"name\":\"Portada\",\"item\":\"https:\\\/\\\/radiohuancayo.com.pe\\\/wp54\\\/\"},{\"@type\":\"ListItem\",\"position\":2,\"name\":\"Paolo Guerrero ratific\u00f3 su adi\u00f3s a la selecci\u00f3n peruana: &#8220;Se necesita caras nuevas&#8221;\"}]},{\"@type\":\"WebSite\",\"@id\":\"https:\\\/\\\/radiohuancayo.com.pe\\\/wp54\\\/#website\",\"url\":\"https:\\\/\\\/radiohuancayo.com.pe\\\/wp54\\\/\",\"name\":\"Radio Huancayo\",\"description\":\"me gusta!!!\",\"publisher\":{\"@id\":\"https:\\\/\\\/radiohuancayo.com.pe\\\/wp54\\\/#organization\"},\"potentialAction\":[{\"@type\":\"SearchAction\",\"target\":{\"@type\":\"EntryPoint\",\"urlTemplate\":\"https:\\\/\\\/radiohuancayo.com.pe\\\/wp54\\\/?s={search_term_string}\"},\"query-input\":{\"@type\":\"PropertyValueSpecification\",\"valueRequired\":true,\"valueName\":\"search_term_string\"}}],\"inLanguage\":\"es\"},{\"@type\":\"Organization\",\"@id\":\"https:\\\/\\\/radiohuancayo.com.pe\\\/wp54\\\/#organization\",\"name\":\"Radio Huancayo\",\"url\":\"https:\\\/\\\/radiohuancayo.com.pe\\\/wp54\\\/\",\"logo\":{\"@type\":\"ImageObject\",\"inLanguage\":\"es\",\"@id\":\"https:\\\/\\\/radiohuancayo.com.pe\\\/wp54\\\/#\\\/schema\\\/logo\\\/image\\\/\",\"url\":\"https:\\\/\\\/radiohuancayo.com.pe\\\/wp54\\\/wp-content\\\/uploads\\\/2022\\\/04\\\/CABE01.png\",\"contentUrl\":\"https:\\\/\\\/radiohuancayo.com.pe\\\/wp54\\\/wp-content\\\/uploads\\\/2022\\\/04\\\/CABE01.png\",\"width\":1640,\"height\":300,\"caption\":\"Radio Huancayo\"},\"image\":{\"@id\":\"https:\\\/\\\/radiohuancayo.com.pe\\\/wp54\\\/#\\\/schema\\\/logo\\\/image\\\/\"}},{\"@type\":\"Person\",\"@id\":\"https:\\\/\\\/radiohuancayo.com.pe\\\/wp54\\\/#\\\/schema\\\/person\\\/74fb124dee9900c6f4d0535fa1d2b5ae\",\"name\":\"Michel Sanchez\",\"image\":{\"@type\":\"ImageObject\",\"inLanguage\":\"es\",\"@id\":\"https:\\\/\\\/secure.gravatar.com\\\/avatar\\\/f7f6944c01b3f15a174d0cf055aea75c46697913fc8a9cf5c3cf3e8800c645f6?s=96&d=mm&r=g\",\"url\":\"https:\\\/\\\/secure.gravatar.com\\\/avatar\\\/f7f6944c01b3f15a174d0cf055aea75c46697913fc8a9cf5c3cf3e8800c645f6?s=96&d=mm&r=g\",\"contentUrl\":\"https:\\\/\\\/secure.gravatar.com\\\/avatar\\\/f7f6944c01b3f15a174d0cf055aea75c46697913fc8a9cf5c3cf3e8800c645f6?s=96&d=mm&r=g\",\"caption\":\"Michel Sanchez\"},\"url\":\"https:\\\/\\\/radiohuancayo.com.pe\\\/wp54\\\/author\\\/memoris\\\/\"}]}<\/script>\n<!-- \/ Yoast SEO plugin. -->","yoast_head_json":{"title":"Paolo Guerrero ratific\u00f3 su adi\u00f3s a la selecci\u00f3n peruana: \"Se necesita caras nuevas\" - Radio Huancayo","robots":{"index":"index","follow":"follow","max-snippet":"max-snippet:-1","max-image-preview":"max-image-preview:large","max-video-preview":"max-video-preview:-1"},"canonical":"https:\/\/radiohuancayo.com.pe\/wp54\/paolo-guerrero-ratifico-su-adios-a-la-seleccion-peruana-se-necesita-caras-nuevas\/","og_locale":"es_ES","og_type":"article","og_title":"Paolo Guerrero ratific\u00f3 su adi\u00f3s a la selecci\u00f3n peruana: \"Se necesita caras nuevas\" - Radio Huancayo","og_description":"\u00a1El adi\u00f3s definitivo! Paolo Guerrero ha sido noticia este martes y no por su actualidad con Alianza Lima, sino porque el experimentado delantero y mundialista en Rusia 2018 volvi\u00f3 a reafirmarse en su postura de retirarse de la selecci\u00f3n peruana este 2025, tras 20 a\u00f1os defendiendo al combinado nacional. As\u00ed lo confirm\u00f3 el &#8216;Depredador&#8217; tras una nueva jornada de pretemporada con el cuadro blanquiazul, mencionando que en este momento la Blanquirroja necesita de nuevos jugadores j\u00f3venes para afrontar el futuro cercano del &#8216;Equipo de Todos&#8217;. Asimismo, dej\u00f3 claro que apoyar\u00e1 al representativo patrio desde afuera y como un aficionado m\u00e1s. \u00abYa lo dije, ya lo habl\u00e9. No quiero referirme al respecto. Hice mi \u00faltimo partido en Argentina. La selecci\u00f3n necesita de gente nueva, caras nuevas, j\u00f3venes. La gente pide nuevos jugadores y nuevo proceso, as\u00ed que d\u00e9mosle una oportunidad a los j\u00f3venes y todos a poner un granito de arena, apoyar a la selecci\u00f3n como hinchas\u00bb, declar\u00f3 a los medios de comunicaci\u00f3n a su salida del feudo &#8216;\u00cdntimo&#8217; en Lur\u00edn.","og_url":"https:\/\/radiohuancayo.com.pe\/wp54\/paolo-guerrero-ratifico-su-adios-a-la-seleccion-peruana-se-necesita-caras-nuevas\/","og_site_name":"Radio Huancayo","article_published_time":"2025-01-07T22:24:29+00:00","og_image":[{"width":652,"height":365,"url":"https:\/\/radiohuancayo.com.pe\/wp54\/wp-content\/uploads\/2025\/01\/image-2.png","type":"image\/png"}],"author":"Michel Sanchez","twitter_card":"summary_large_image","twitter_misc":{"Escrito por":"Michel Sanchez","Tiempo de lectura":"1 minuto"},"schema":{"@context":"https:\/\/schema.org","@graph":[{"@type":"Article","@id":"https:\/\/radiohuancayo.com.pe\/wp54\/paolo-guerrero-ratifico-su-adios-a-la-seleccion-peruana-se-necesita-caras-nuevas\/#article","isPartOf":{"@id":"https:\/\/radiohuancayo.com.pe\/wp54\/paolo-guerrero-ratifico-su-adios-a-la-seleccion-peruana-se-necesita-caras-nuevas\/"},"author":{"name":"Michel Sanchez","@id":"https:\/\/radiohuancayo.com.pe\/wp54\/#\/schema\/person\/74fb124dee9900c6f4d0535fa1d2b5ae"},"headline":"Paolo Guerrero ratific\u00f3 su adi\u00f3s a la selecci\u00f3n peruana: \u00abSe necesita caras nuevas\u00bb","datePublished":"2025-01-07T22:24:29+00:00","mainEntityOfPage":{"@id":"https:\/\/radiohuancayo.com.pe\/wp54\/paolo-guerrero-ratifico-su-adios-a-la-seleccion-peruana-se-necesita-caras-nuevas\/"},"wordCount":195,"commentCount":0,"publisher":{"@id":"https:\/\/radiohuancayo.com.pe\/wp54\/#organization"},"image":{"@id":"https:\/\/radiohuancayo.com.pe\/wp54\/paolo-guerrero-ratifico-su-adios-a-la-seleccion-peruana-se-necesita-caras-nuevas\/#primaryimage"},"thumbnailUrl":"https:\/\/radiohuancayo.com.pe\/wp54\/wp-content\/uploads\/2025\/01\/image-2.png","articleSection":["Deportes"],"inLanguage":"es","potentialAction":[{"@type":"CommentAction","name":"Comment","target":["https:\/\/radiohuancayo.com.pe\/wp54\/paolo-guerrero-ratifico-su-adios-a-la-seleccion-peruana-se-necesita-caras-nuevas\/#respond"]}]},{"@type":"WebPage","@id":"https:\/\/radiohuancayo.com.pe\/wp54\/paolo-guerrero-ratifico-su-adios-a-la-seleccion-peruana-se-necesita-caras-nuevas\/","url":"https:\/\/radiohuancayo.com.pe\/wp54\/paolo-guerrero-ratifico-su-adios-a-la-seleccion-peruana-se-necesita-caras-nuevas\/","name":"Paolo Guerrero ratific\u00f3 su adi\u00f3s a la selecci\u00f3n peruana: \"Se necesita caras nuevas\" - Radio Huancayo","isPartOf":{"@id":"https:\/\/radiohuancayo.com.pe\/wp54\/#website"},"primaryImageOfPage":{"@id":"https:\/\/radiohuancayo.com.pe\/wp54\/paolo-guerrero-ratifico-su-adios-a-la-seleccion-peruana-se-necesita-caras-nuevas\/#primaryimage"},"image":{"@id":"https:\/\/radiohuancayo.com.pe\/wp54\/paolo-guerrero-ratifico-su-adios-a-la-seleccion-peruana-se-necesita-caras-nuevas\/#primaryimage"},"thumbnailUrl":"https:\/\/radiohuancayo.com.pe\/wp54\/wp-content\/uploads\/2025\/01\/image-2.png","datePublished":"2025-01-07T22:24:29+00:00","breadcrumb":{"@id":"https:\/\/radiohuancayo.com.pe\/wp54\/paolo-guerrero-ratifico-su-adios-a-la-seleccion-peruana-se-necesita-caras-nuevas\/#breadcrumb"},"inLanguage":"es","potentialAction":[{"@type":"ReadAction","target":["https:\/\/radiohuancayo.com.pe\/wp54\/paolo-guerrero-ratifico-su-adios-a-la-seleccion-peruana-se-necesita-caras-nuevas\/"]}]},{"@type":"ImageObject","inLanguage":"es","@id":"https:\/\/radiohuancayo.com.pe\/wp54\/paolo-guerrero-ratifico-su-adios-a-la-seleccion-peruana-se-necesita-caras-nuevas\/#primaryimage","url":"https:\/\/radiohuancayo.com.pe\/wp54\/wp-content\/uploads\/2025\/01\/image-2.png","contentUrl":"https:\/\/radiohuancayo.com.pe\/wp54\/wp-content\/uploads\/2025\/01\/image-2.png","width":652,"height":365},{"@type":"BreadcrumbList","@id":"https:\/\/radiohuancayo.com.pe\/wp54\/paolo-guerrero-ratifico-su-adios-a-la-seleccion-peruana-se-necesita-caras-nuevas\/#breadcrumb","itemListElement":[{"@type":"ListItem","position":1,"name":"Portada","item":"https:\/\/radiohuancayo.com.pe\/wp54\/"},{"@type":"ListItem","position":2,"name":"Paolo Guerrero ratific\u00f3 su adi\u00f3s a la selecci\u00f3n peruana: &#8220;Se necesita caras nuevas&#8221;"}]},{"@type":"WebSite","@id":"https:\/\/radiohuancayo.com.pe\/wp54\/#website","url":"https:\/\/radiohuancayo.com.pe\/wp54\/","name":"Radio Huancayo","description":"me gusta!!!","publisher":{"@id":"https:\/\/radiohuancayo.com.pe\/wp54\/#organization"},"potentialAction":[{"@type":"SearchAction","target":{"@type":"EntryPoint","urlTemplate":"https:\/\/radiohuancayo.com.pe\/wp54\/?s={search_term_string}"},"query-input":{"@type":"PropertyValueSpecification","valueRequired":true,"valueName":"search_term_string"}}],"inLanguage":"es"},{"@type":"Organization","@id":"https:\/\/radiohuancayo.com.pe\/wp54\/#organization","name":"Radio Huancayo","url":"https:\/\/radiohuancayo.com.pe\/wp54\/","logo":{"@type":"ImageObject","inLanguage":"es","@id":"https:\/\/radiohuancayo.com.pe\/wp54\/#\/schema\/logo\/image\/","url":"https:\/\/radiohuancayo.com.pe\/wp54\/wp-content\/uploads\/2022\/04\/CABE01.png","contentUrl":"https:\/\/radiohuancayo.com.pe\/wp54\/wp-content\/uploads\/2022\/04\/CABE01.png","width":1640,"height":300,"caption":"Radio Huancayo"},"image":{"@id":"https:\/\/radiohuancayo.com.pe\/wp54\/#\/schema\/logo\/image\/"}},{"@type":"Person","@id":"https:\/\/radiohuancayo.com.pe\/wp54\/#\/schema\/person\/74fb124dee9900c6f4d0535fa1d2b5ae","name":"Michel Sanchez","image":{"@type":"ImageObject","inLanguage":"es","@id":"https:\/\/secure.gravatar.com\/avatar\/f7f6944c01b3f15a174d0cf055aea75c46697913fc8a9cf5c3cf3e8800c645f6?s=96&d=mm&r=g","url":"https:\/\/secure.gravatar.com\/avatar\/f7f6944c01b3f15a174d0cf055aea75c46697913fc8a9cf5c3cf3e8800c645f6?s=96&d=mm&r=g","contentUrl":"https:\/\/secure.gravatar.com\/avatar\/f7f6944c01b3f15a174d0cf055aea75c46697913fc8a9cf5c3cf3e8800c645f6?s=96&d=mm&r=g","caption":"Michel Sanchez"},"url":"https:\/\/radiohuancayo.com.pe\/wp54\/author\/memoris\/"}]}},"_links":{"self":[{"href":"https:\/\/radiohuancayo.com.pe\/wp54\/wp-json\/wp\/v2\/posts\/29259","targetHints":{"allow":["GET"]}}],"collection":[{"href":"https:\/\/radiohuancayo.com.pe\/wp54\/wp-json\/wp\/v2\/posts"}],"about":[{"href":"https:\/\/radiohuancayo.com.pe\/wp54\/wp-json\/wp\/v2\/types\/post"}],"author":[{"embeddable":true,"href":"https:\/\/radiohuancayo.com.pe\/wp54\/wp-json\/wp\/v2\/users\/2"}],"replies":[{"embeddable":true,"href":"https:\/\/radiohuancayo.com.pe\/wp54\/wp-json\/wp\/v2\/comments?post=29259"}],"version-history":[{"count":1,"href":"https:\/\/radiohuancayo.com.pe\/wp54\/wp-json\/wp\/v2\/posts\/29259\/revisions"}],"predecessor-version":[{"id":29261,"href":"https:\/\/radiohuancayo.com.pe\/wp54\/wp-json\/wp\/v2\/posts\/29259\/revisions\/29261"}],"wp:featuredmedia":[{"embeddable":true,"href":"https:\/\/radiohuancayo.com.pe\/wp54\/wp-json\/wp\/v2\/media\/29260"}],"wp:attachment":[{"href":"https:\/\/radiohuancayo.com.pe\/wp54\/wp-json\/wp\/v2\/media?parent=29259"}],"wp:term":[{"taxonomy":"category","embeddable":true,"href":"https:\/\/radiohuancayo.com.pe\/wp54\/wp-json\/wp\/v2\/categories?post=29259"},{"taxonomy":"post_tag","embeddable":true,"href":"https:\/\/radiohuancayo.com.pe\/wp54\/wp-json\/wp\/v2\/tags?post=29259"}],"curies":[{"name":"wp","href":"https:\/\/api.w.org\/{rel}","templated":true}]}}