{"id":29269,"date":"2025-01-07T17:31:45","date_gmt":"2025-01-07T22:31:45","guid":{"rendered":"https:\/\/radiohuancayo.com.pe\/wp54\/?p=29269"},"modified":"2025-01-07T17:31:45","modified_gmt":"2025-01-07T22:31:45","slug":"un-10-a-la-medida-de-gorosito-pablo-ceppelini-volvio-a-entrar-en-los-planes-de-alianza-lima","status":"publish","type":"post","link":"https:\/\/radiohuancayo.com.pe\/wp54\/un-10-a-la-medida-de-gorosito-pablo-ceppelini-volvio-a-entrar-en-los-planes-de-alianza-lima\/","title":{"rendered":"Un \u201810\u2019 a la medida de Gorosito: Pablo Ceppelini volvi\u00f3 a entrar en los planes de Alianza Lima"},"content":{"rendered":"\n<p>Los d\u00edas pasan y en Alianza Lima no tienen descanso en la b\u00fasqueda de las piezas que faltan para completar la conformaci\u00f3n de su plantel. En medio de ello, un nuevo nombre empez\u00f3 a tomar fuerza en la interna del club y podr\u00eda ser el \u201810\u2019 que tanto estaba buscando N\u00e9stor Gorosito. Se trata de Pablo Ceppellini, mediocampista de 33 a\u00f1os que acaba de quedar como agente libre tras no cerrar su renovaci\u00f3n con Atl\u00e9tico Nacional.<\/p>\n\n\n\n<p>Por m\u00e1s que era una pieza importante en el \u2018Verdolaga\u2019, el volante uruguayo decidi\u00f3 cambiar de aires y ahora que tiene la carta pase en su poder, comenzar\u00e1 a escuchar propuestas para saber d\u00f3nde contin\u00faa su carrera. Tal como se\u00f1al\u00f3 el periodista Marcello Merizalde, el inter\u00e9s de Alianza Lima no es de ahora, sino que data desde diciembre del a\u00f1o pasado.<\/p>\n\n\n\n<p>En su momento la traba de por medio era que la Liga de Colombia todav\u00eda no terminaba, por lo que los blanquiazules no pod\u00edan iniciar las negociaciones de manera formal. Con el cierre del Torneo Finalizaci\u00f3n 2024, en donde Nacional se proclam\u00f3 campe\u00f3n, Ceppellini ten\u00eda la potestad de definir su futuro para la temporada 2025. Dadas estas condiciones, queda saber si le interesar\u00eda venir al f\u00fatbol peruano.<\/p>\n\n\n\n<p>De momento no hay nada formal, pero las negociaciones entre Alianza Lima y la agencia de representaci\u00f3n de Ceppellini deber\u00edan darse con el correr de los d\u00edas. Ojo, de darse su llegada a La Victoria, el \u2018charr\u00faa\u2019 se encontrar\u00eda con un viejo conocido:&nbsp;<strong>Hern\u00e1n Barcos<\/strong>. Ambos futbolistas compartieron vestuarios en Atl\u00e9tico Nacional en la temporada 2019 y conservan una buena relaci\u00f3n.<\/p>\n\n\n\n<p>Por otro lado, los blanquiazules no ser\u00edan los \u00fanicos interesados en contar con los servicios de&nbsp;<strong>Ceppellini<\/strong>. Desde Colombia informan que&nbsp;<strong>Santa Fe<\/strong>&nbsp;tambi\u00e9n est\u00e1 tras sus pasos y podr\u00eda convencerlo con una propuesta deportiva m\u00e1s tentadora, adem\u00e1s del hecho de mantenerse en el f\u00fatbol colombiano por un a\u00f1o m\u00e1s. Seg\u00fan se\u00f1al\u00f3 el&nbsp;<em>EL VAR Caracol<\/em>, el \u2018Cardenal\u2019 quiere armarse muy bien para pelear por el t\u00edtulo en Colombia.<\/p>\n\n\n\n<h2 class=\"wp-block-heading\"><strong>\u00bfC\u00f3mo juega Pablo Ceppellini?<\/strong><\/h2>\n\n\n\n<p><strong>Pablo Ceppelini&nbsp;<\/strong>es un talentoso mediocampista uruguayo que se ha consolidado como una figura clave en los equipos donde ha jugado; no por nada fue clave en los dos t\u00edtulos que gan\u00f3&nbsp;<strong>Atl\u00e9tico Nacional&nbsp;<\/strong>en el 2024: Copa de Colombia y Torneo Finalizaci\u00f3n. Su estilo de juego combina t\u00e9cnica, visi\u00f3n y sacrificio, caracter\u00edsticas que lo convierten en un jugador vers\u00e1til y determinante en la creaci\u00f3n de juego ofensivo.<\/p>\n\n\n\n<p>Si tomamos en cuenta que en&nbsp;<strong>Alianza&nbsp;<\/strong>Lima lo quieren para que sea el \u201810\u2019 de&nbsp;<strong>N\u00e9stor Gorosito<\/strong>, uno de los rasgos m\u00e1s destacados de Ceppelini es su capacidad para leer el juego y ejecutar pases precisos que rompen l\u00edneas defensivas. Su habilidad para encontrar espacios y habilitar a los delanteros con asistencias es una de sus principales fortalezas. Adem\u00e1s, tiene un excelente control del bal\u00f3n, lo que le permite manejar la posesi\u00f3n en situaciones de alta presi\u00f3n.<\/p>\n\n\n\n<p>Ojo, la polifuncionalidad es una caracter\u00edstica que Gorosito valora much\u00edsimo, algo que Ceppellini lo tiene muy bien entendido. Aunque su posici\u00f3n natural es la de mediocampista ofensivo, tambi\u00e9n puede desempe\u00f1arse como interior o incluso como mediocampista mixto. Su comprensi\u00f3n t\u00e1ctica le permite adaptarse a diferentes sistemas de juego, lo que lo convierte en una pieza vers\u00e1til para cualquier entrenador.<\/p>\n\n\n\n<p>Si contabilizamos los registros que dej\u00f3 en la temporada 2024,&nbsp;<strong>Pablo Ceppellini&nbsp;<\/strong>disput\u00f3 un total de 47 partidos oficiales, divididos en la Liga BetPlay (38), Copa de Colombia (7) y Copa Libertadores (2). Asimismo, marc\u00f3 tres goles y sirvi\u00f3 ocho asistencias. Con 33 a\u00f1os a cuestas, Cepellini llegar\u00eda a Alianza Lima con mucha continuidad y se adaptar\u00eda f\u00e1cilmente al ritmo de la pretemporada que se viene realizando en el Club Esther Grande de Bent\u00edn. Las pr\u00f3ximas horas ser\u00e1n decisivas.<\/p>\n\n\n\n<p><\/p>\n","protected":false},"excerpt":{"rendered":"<p>Los d\u00edas pasan y en Alianza Lima no tienen descanso en la b\u00fasqueda de las piezas que faltan para completar la conformaci\u00f3n de su plantel. En medio de ello, un nuevo nombre empez\u00f3 a tomar fuerza en la interna del club y podr\u00eda ser el \u201810\u2019 que tanto estaba buscando N\u00e9stor Gorosito. Se trata de Pablo Ceppellini, mediocampista de 33 a\u00f1os que acaba de quedar como agente libre tras no cerrar su renovaci\u00f3n con Atl\u00e9tico Nacional. Por m\u00e1s que era una pieza importante en el \u2018Verdolaga\u2019, el volante uruguayo decidi\u00f3 cambiar de aires y ahora que tiene la carta pase en su poder, comenzar\u00e1 a escuchar propuestas para saber d\u00f3nde contin\u00faa su carrera. Tal como se\u00f1al\u00f3 el periodista Marcello Merizalde, el inter\u00e9s de Alianza Lima no es de ahora, sino que data desde diciembre del a\u00f1o pasado. En su momento la traba de por medio era que la Liga de Colombia todav\u00eda no terminaba, por lo que los blanquiazules no pod\u00edan iniciar las negociaciones de manera formal. Con el cierre del Torneo Finalizaci\u00f3n 2024, en donde Nacional se proclam\u00f3 campe\u00f3n, Ceppellini ten\u00eda la potestad de definir su futuro para la temporada 2025. Dadas estas condiciones, queda saber si le interesar\u00eda venir al f\u00fatbol peruano. De momento no hay nada formal, pero las negociaciones entre Alianza Lima y la agencia de representaci\u00f3n de Ceppellini deber\u00edan darse con el correr de los d\u00edas. Ojo, de darse su llegada a La Victoria, el \u2018charr\u00faa\u2019 se encontrar\u00eda con un viejo conocido:&nbsp;Hern\u00e1n Barcos. Ambos futbolistas compartieron vestuarios en Atl\u00e9tico Nacional en la temporada 2019 y conservan una buena relaci\u00f3n. Por otro lado, los blanquiazules no ser\u00edan los \u00fanicos interesados en contar con los servicios de&nbsp;Ceppellini. Desde Colombia informan que&nbsp;Santa Fe&nbsp;tambi\u00e9n est\u00e1 tras sus pasos y podr\u00eda convencerlo con una propuesta deportiva m\u00e1s tentadora, adem\u00e1s del hecho de mantenerse en el f\u00fatbol colombiano por un a\u00f1o m\u00e1s. Seg\u00fan se\u00f1al\u00f3 el&nbsp;EL VAR Caracol, el \u2018Cardenal\u2019 quiere armarse muy bien para pelear por el t\u00edtulo en Colombia. \u00bfC\u00f3mo juega Pablo Ceppellini? Pablo Ceppelini&nbsp;es un talentoso mediocampista uruguayo que se ha consolidado como una figura clave en los equipos donde ha jugado; no por nada fue clave en los dos t\u00edtulos que gan\u00f3&nbsp;Atl\u00e9tico Nacional&nbsp;en el 2024: Copa de Colombia y Torneo Finalizaci\u00f3n. Su estilo de juego combina t\u00e9cnica, visi\u00f3n y sacrificio, caracter\u00edsticas que lo convierten en un jugador vers\u00e1til y determinante en la creaci\u00f3n de juego ofensivo. Si tomamos en cuenta que en&nbsp;Alianza&nbsp;Lima lo quieren para que sea el \u201810\u2019 de&nbsp;N\u00e9stor Gorosito, uno de los rasgos m\u00e1s destacados de Ceppelini es su capacidad para leer el juego y ejecutar pases precisos que rompen l\u00edneas defensivas. Su habilidad para encontrar espacios y habilitar a los delanteros con asistencias es una de sus principales fortalezas. Adem\u00e1s, tiene un excelente control del bal\u00f3n, lo que le permite manejar la posesi\u00f3n en situaciones de alta presi\u00f3n. Ojo, la polifuncionalidad es una caracter\u00edstica que Gorosito valora much\u00edsimo, algo que Ceppellini lo tiene muy bien entendido. Aunque su posici\u00f3n natural es la de mediocampista ofensivo, tambi\u00e9n puede desempe\u00f1arse como interior o incluso como mediocampista mixto. Su comprensi\u00f3n t\u00e1ctica le permite adaptarse a diferentes sistemas de juego, lo que lo convierte en una pieza vers\u00e1til para cualquier entrenador. Si contabilizamos los registros que dej\u00f3 en la temporada 2024,&nbsp;Pablo Ceppellini&nbsp;disput\u00f3 un total de 47 partidos oficiales, divididos en la Liga BetPlay (38), Copa de Colombia (7) y Copa Libertadores (2). Asimismo, marc\u00f3 tres goles y sirvi\u00f3 ocho asistencias. Con 33 a\u00f1os a cuestas, Cepellini llegar\u00eda a Alianza Lima con mucha continuidad y se adaptar\u00eda f\u00e1cilmente al ritmo de la pretemporada que se viene realizando en el Club Esther Grande de Bent\u00edn. Las pr\u00f3ximas horas ser\u00e1n decisivas.<\/p>\n","protected":false},"author":2,"featured_media":29270,"comment_status":"open","ping_status":"open","sticky":false,"template":"","format":"standard","meta":{"footnotes":""},"categories":[7],"tags":[],"class_list":["post-29269","post","type-post","status-publish","format-standard","has-post-thumbnail","hentry","category-deportes"],"yoast_head":"<!-- This site is optimized with the Yoast SEO plugin v27.5 - https:\/\/yoast.com\/product\/yoast-seo-wordpress\/ -->\n<title>Un \u201810\u2019 a la medida de Gorosito: Pablo Ceppelini volvi\u00f3 a entrar en los planes de Alianza Lima - Radio Huancayo<\/title>\n<meta name=\"robots\" content=\"index, follow, max-snippet:-1, max-image-preview:large, max-video-preview:-1\" \/>\n<link rel=\"canonical\" href=\"https:\/\/radiohuancayo.com.pe\/wp54\/un-10-a-la-medida-de-gorosito-pablo-ceppelini-volvio-a-entrar-en-los-planes-de-alianza-lima\/\" \/>\n<meta property=\"og:locale\" content=\"es_ES\" \/>\n<meta property=\"og:type\" content=\"article\" \/>\n<meta property=\"og:title\" content=\"Un \u201810\u2019 a la medida de Gorosito: Pablo Ceppelini volvi\u00f3 a entrar en los planes de Alianza Lima - Radio Huancayo\" \/>\n<meta property=\"og:description\" content=\"Los d\u00edas pasan y en Alianza Lima no tienen descanso en la b\u00fasqueda de las piezas que faltan para completar la conformaci\u00f3n de su plantel. En medio de ello, un nuevo nombre empez\u00f3 a tomar fuerza en la interna del club y podr\u00eda ser el \u201810\u2019 que tanto estaba buscando N\u00e9stor Gorosito. Se trata de Pablo Ceppellini, mediocampista de 33 a\u00f1os que acaba de quedar como agente libre tras no cerrar su renovaci\u00f3n con Atl\u00e9tico Nacional. Por m\u00e1s que era una pieza importante en el \u2018Verdolaga\u2019, el volante uruguayo decidi\u00f3 cambiar de aires y ahora que tiene la carta pase en su poder, comenzar\u00e1 a escuchar propuestas para saber d\u00f3nde contin\u00faa su carrera. Tal como se\u00f1al\u00f3 el periodista Marcello Merizalde, el inter\u00e9s de Alianza Lima no es de ahora, sino que data desde diciembre del a\u00f1o pasado. En su momento la traba de por medio era que la Liga de Colombia todav\u00eda no terminaba, por lo que los blanquiazules no pod\u00edan iniciar las negociaciones de manera formal. Con el cierre del Torneo Finalizaci\u00f3n 2024, en donde Nacional se proclam\u00f3 campe\u00f3n, Ceppellini ten\u00eda la potestad de definir su futuro para la temporada 2025. Dadas estas condiciones, queda saber si le interesar\u00eda venir al f\u00fatbol peruano. De momento no hay nada formal, pero las negociaciones entre Alianza Lima y la agencia de representaci\u00f3n de Ceppellini deber\u00edan darse con el correr de los d\u00edas. Ojo, de darse su llegada a La Victoria, el \u2018charr\u00faa\u2019 se encontrar\u00eda con un viejo conocido:&nbsp;Hern\u00e1n Barcos. Ambos futbolistas compartieron vestuarios en Atl\u00e9tico Nacional en la temporada 2019 y conservan una buena relaci\u00f3n. Por otro lado, los blanquiazules no ser\u00edan los \u00fanicos interesados en contar con los servicios de&nbsp;Ceppellini. Desde Colombia informan que&nbsp;Santa Fe&nbsp;tambi\u00e9n est\u00e1 tras sus pasos y podr\u00eda convencerlo con una propuesta deportiva m\u00e1s tentadora, adem\u00e1s del hecho de mantenerse en el f\u00fatbol colombiano por un a\u00f1o m\u00e1s. Seg\u00fan se\u00f1al\u00f3 el&nbsp;EL VAR Caracol, el \u2018Cardenal\u2019 quiere armarse muy bien para pelear por el t\u00edtulo en Colombia. \u00bfC\u00f3mo juega Pablo Ceppellini? Pablo Ceppelini&nbsp;es un talentoso mediocampista uruguayo que se ha consolidado como una figura clave en los equipos donde ha jugado; no por nada fue clave en los dos t\u00edtulos que gan\u00f3&nbsp;Atl\u00e9tico Nacional&nbsp;en el 2024: Copa de Colombia y Torneo Finalizaci\u00f3n. Su estilo de juego combina t\u00e9cnica, visi\u00f3n y sacrificio, caracter\u00edsticas que lo convierten en un jugador vers\u00e1til y determinante en la creaci\u00f3n de juego ofensivo. Si tomamos en cuenta que en&nbsp;Alianza&nbsp;Lima lo quieren para que sea el \u201810\u2019 de&nbsp;N\u00e9stor Gorosito, uno de los rasgos m\u00e1s destacados de Ceppelini es su capacidad para leer el juego y ejecutar pases precisos que rompen l\u00edneas defensivas. Su habilidad para encontrar espacios y habilitar a los delanteros con asistencias es una de sus principales fortalezas. Adem\u00e1s, tiene un excelente control del bal\u00f3n, lo que le permite manejar la posesi\u00f3n en situaciones de alta presi\u00f3n. Ojo, la polifuncionalidad es una caracter\u00edstica que Gorosito valora much\u00edsimo, algo que Ceppellini lo tiene muy bien entendido. Aunque su posici\u00f3n natural es la de mediocampista ofensivo, tambi\u00e9n puede desempe\u00f1arse como interior o incluso como mediocampista mixto. Su comprensi\u00f3n t\u00e1ctica le permite adaptarse a diferentes sistemas de juego, lo que lo convierte en una pieza vers\u00e1til para cualquier entrenador. Si contabilizamos los registros que dej\u00f3 en la temporada 2024,&nbsp;Pablo Ceppellini&nbsp;disput\u00f3 un total de 47 partidos oficiales, divididos en la Liga BetPlay (38), Copa de Colombia (7) y Copa Libertadores (2). Asimismo, marc\u00f3 tres goles y sirvi\u00f3 ocho asistencias. Con 33 a\u00f1os a cuestas, Cepellini llegar\u00eda a Alianza Lima con mucha continuidad y se adaptar\u00eda f\u00e1cilmente al ritmo de la pretemporada que se viene realizando en el Club Esther Grande de Bent\u00edn. Las pr\u00f3ximas horas ser\u00e1n decisivas.\" \/>\n<meta property=\"og:url\" content=\"https:\/\/radiohuancayo.com.pe\/wp54\/un-10-a-la-medida-de-gorosito-pablo-ceppelini-volvio-a-entrar-en-los-planes-de-alianza-lima\/\" \/>\n<meta property=\"og:site_name\" content=\"Radio Huancayo\" \/>\n<meta property=\"article:published_time\" content=\"2025-01-07T22:31:45+00:00\" \/>\n<meta property=\"og:image\" content=\"https:\/\/radiohuancayo.com.pe\/wp54\/wp-content\/uploads\/2025\/01\/image-6.png\" \/>\n\t<meta property=\"og:image:width\" content=\"1200\" \/>\n\t<meta property=\"og:image:height\" content=\"677\" \/>\n\t<meta property=\"og:image:type\" content=\"image\/png\" \/>\n<meta name=\"author\" content=\"Michel Sanchez\" \/>\n<meta name=\"twitter:card\" content=\"summary_large_image\" \/>\n<meta name=\"twitter:label1\" content=\"Escrito por\" \/>\n\t<meta name=\"twitter:data1\" content=\"Michel Sanchez\" \/>\n\t<meta name=\"twitter:label2\" content=\"Tiempo de lectura\" \/>\n\t<meta name=\"twitter:data2\" content=\"4 minutos\" \/>\n<script type=\"application\/ld+json\" class=\"yoast-schema-graph\">{\"@context\":\"https:\\\/\\\/schema.org\",\"@graph\":[{\"@type\":\"Article\",\"@id\":\"https:\\\/\\\/radiohuancayo.com.pe\\\/wp54\\\/un-10-a-la-medida-de-gorosito-pablo-ceppelini-volvio-a-entrar-en-los-planes-de-alianza-lima\\\/#article\",\"isPartOf\":{\"@id\":\"https:\\\/\\\/radiohuancayo.com.pe\\\/wp54\\\/un-10-a-la-medida-de-gorosito-pablo-ceppelini-volvio-a-entrar-en-los-planes-de-alianza-lima\\\/\"},\"author\":{\"name\":\"Michel Sanchez\",\"@id\":\"https:\\\/\\\/radiohuancayo.com.pe\\\/wp54\\\/#\\\/schema\\\/person\\\/74fb124dee9900c6f4d0535fa1d2b5ae\"},\"headline\":\"Un \u201810\u2019 a la medida de Gorosito: Pablo Ceppelini volvi\u00f3 a entrar en los planes de Alianza Lima\",\"datePublished\":\"2025-01-07T22:31:45+00:00\",\"mainEntityOfPage\":{\"@id\":\"https:\\\/\\\/radiohuancayo.com.pe\\\/wp54\\\/un-10-a-la-medida-de-gorosito-pablo-ceppelini-volvio-a-entrar-en-los-planes-de-alianza-lima\\\/\"},\"wordCount\":710,\"commentCount\":0,\"publisher\":{\"@id\":\"https:\\\/\\\/radiohuancayo.com.pe\\\/wp54\\\/#organization\"},\"image\":{\"@id\":\"https:\\\/\\\/radiohuancayo.com.pe\\\/wp54\\\/un-10-a-la-medida-de-gorosito-pablo-ceppelini-volvio-a-entrar-en-los-planes-de-alianza-lima\\\/#primaryimage\"},\"thumbnailUrl\":\"https:\\\/\\\/radiohuancayo.com.pe\\\/wp54\\\/wp-content\\\/uploads\\\/2025\\\/01\\\/image-6.png\",\"articleSection\":[\"Deportes\"],\"inLanguage\":\"es\",\"potentialAction\":[{\"@type\":\"CommentAction\",\"name\":\"Comment\",\"target\":[\"https:\\\/\\\/radiohuancayo.com.pe\\\/wp54\\\/un-10-a-la-medida-de-gorosito-pablo-ceppelini-volvio-a-entrar-en-los-planes-de-alianza-lima\\\/#respond\"]}]},{\"@type\":\"WebPage\",\"@id\":\"https:\\\/\\\/radiohuancayo.com.pe\\\/wp54\\\/un-10-a-la-medida-de-gorosito-pablo-ceppelini-volvio-a-entrar-en-los-planes-de-alianza-lima\\\/\",\"url\":\"https:\\\/\\\/radiohuancayo.com.pe\\\/wp54\\\/un-10-a-la-medida-de-gorosito-pablo-ceppelini-volvio-a-entrar-en-los-planes-de-alianza-lima\\\/\",\"name\":\"Un \u201810\u2019 a la medida de Gorosito: Pablo Ceppelini volvi\u00f3 a entrar en los planes de Alianza Lima - Radio Huancayo\",\"isPartOf\":{\"@id\":\"https:\\\/\\\/radiohuancayo.com.pe\\\/wp54\\\/#website\"},\"primaryImageOfPage\":{\"@id\":\"https:\\\/\\\/radiohuancayo.com.pe\\\/wp54\\\/un-10-a-la-medida-de-gorosito-pablo-ceppelini-volvio-a-entrar-en-los-planes-de-alianza-lima\\\/#primaryimage\"},\"image\":{\"@id\":\"https:\\\/\\\/radiohuancayo.com.pe\\\/wp54\\\/un-10-a-la-medida-de-gorosito-pablo-ceppelini-volvio-a-entrar-en-los-planes-de-alianza-lima\\\/#primaryimage\"},\"thumbnailUrl\":\"https:\\\/\\\/radiohuancayo.com.pe\\\/wp54\\\/wp-content\\\/uploads\\\/2025\\\/01\\\/image-6.png\",\"datePublished\":\"2025-01-07T22:31:45+00:00\",\"breadcrumb\":{\"@id\":\"https:\\\/\\\/radiohuancayo.com.pe\\\/wp54\\\/un-10-a-la-medida-de-gorosito-pablo-ceppelini-volvio-a-entrar-en-los-planes-de-alianza-lima\\\/#breadcrumb\"},\"inLanguage\":\"es\",\"potentialAction\":[{\"@type\":\"ReadAction\",\"target\":[\"https:\\\/\\\/radiohuancayo.com.pe\\\/wp54\\\/un-10-a-la-medida-de-gorosito-pablo-ceppelini-volvio-a-entrar-en-los-planes-de-alianza-lima\\\/\"]}]},{\"@type\":\"ImageObject\",\"inLanguage\":\"es\",\"@id\":\"https:\\\/\\\/radiohuancayo.com.pe\\\/wp54\\\/un-10-a-la-medida-de-gorosito-pablo-ceppelini-volvio-a-entrar-en-los-planes-de-alianza-lima\\\/#primaryimage\",\"url\":\"https:\\\/\\\/radiohuancayo.com.pe\\\/wp54\\\/wp-content\\\/uploads\\\/2025\\\/01\\\/image-6.png\",\"contentUrl\":\"https:\\\/\\\/radiohuancayo.com.pe\\\/wp54\\\/wp-content\\\/uploads\\\/2025\\\/01\\\/image-6.png\",\"width\":1200,\"height\":677},{\"@type\":\"BreadcrumbList\",\"@id\":\"https:\\\/\\\/radiohuancayo.com.pe\\\/wp54\\\/un-10-a-la-medida-de-gorosito-pablo-ceppelini-volvio-a-entrar-en-los-planes-de-alianza-lima\\\/#breadcrumb\",\"itemListElement\":[{\"@type\":\"ListItem\",\"position\":1,\"name\":\"Portada\",\"item\":\"https:\\\/\\\/radiohuancayo.com.pe\\\/wp54\\\/\"},{\"@type\":\"ListItem\",\"position\":2,\"name\":\"Un \u201810\u2019 a la medida de Gorosito: Pablo Ceppelini volvi\u00f3 a entrar en los planes de Alianza Lima\"}]},{\"@type\":\"WebSite\",\"@id\":\"https:\\\/\\\/radiohuancayo.com.pe\\\/wp54\\\/#website\",\"url\":\"https:\\\/\\\/radiohuancayo.com.pe\\\/wp54\\\/\",\"name\":\"Radio Huancayo\",\"description\":\"me gusta!!!\",\"publisher\":{\"@id\":\"https:\\\/\\\/radiohuancayo.com.pe\\\/wp54\\\/#organization\"},\"potentialAction\":[{\"@type\":\"SearchAction\",\"target\":{\"@type\":\"EntryPoint\",\"urlTemplate\":\"https:\\\/\\\/radiohuancayo.com.pe\\\/wp54\\\/?s={search_term_string}\"},\"query-input\":{\"@type\":\"PropertyValueSpecification\",\"valueRequired\":true,\"valueName\":\"search_term_string\"}}],\"inLanguage\":\"es\"},{\"@type\":\"Organization\",\"@id\":\"https:\\\/\\\/radiohuancayo.com.pe\\\/wp54\\\/#organization\",\"name\":\"Radio Huancayo\",\"url\":\"https:\\\/\\\/radiohuancayo.com.pe\\\/wp54\\\/\",\"logo\":{\"@type\":\"ImageObject\",\"inLanguage\":\"es\",\"@id\":\"https:\\\/\\\/radiohuancayo.com.pe\\\/wp54\\\/#\\\/schema\\\/logo\\\/image\\\/\",\"url\":\"https:\\\/\\\/radiohuancayo.com.pe\\\/wp54\\\/wp-content\\\/uploads\\\/2022\\\/04\\\/CABE01.png\",\"contentUrl\":\"https:\\\/\\\/radiohuancayo.com.pe\\\/wp54\\\/wp-content\\\/uploads\\\/2022\\\/04\\\/CABE01.png\",\"width\":1640,\"height\":300,\"caption\":\"Radio Huancayo\"},\"image\":{\"@id\":\"https:\\\/\\\/radiohuancayo.com.pe\\\/wp54\\\/#\\\/schema\\\/logo\\\/image\\\/\"}},{\"@type\":\"Person\",\"@id\":\"https:\\\/\\\/radiohuancayo.com.pe\\\/wp54\\\/#\\\/schema\\\/person\\\/74fb124dee9900c6f4d0535fa1d2b5ae\",\"name\":\"Michel Sanchez\",\"image\":{\"@type\":\"ImageObject\",\"inLanguage\":\"es\",\"@id\":\"https:\\\/\\\/secure.gravatar.com\\\/avatar\\\/f7f6944c01b3f15a174d0cf055aea75c46697913fc8a9cf5c3cf3e8800c645f6?s=96&d=mm&r=g\",\"url\":\"https:\\\/\\\/secure.gravatar.com\\\/avatar\\\/f7f6944c01b3f15a174d0cf055aea75c46697913fc8a9cf5c3cf3e8800c645f6?s=96&d=mm&r=g\",\"contentUrl\":\"https:\\\/\\\/secure.gravatar.com\\\/avatar\\\/f7f6944c01b3f15a174d0cf055aea75c46697913fc8a9cf5c3cf3e8800c645f6?s=96&d=mm&r=g\",\"caption\":\"Michel Sanchez\"},\"url\":\"https:\\\/\\\/radiohuancayo.com.pe\\\/wp54\\\/author\\\/memoris\\\/\"}]}<\/script>\n<!-- \/ Yoast SEO plugin. -->","yoast_head_json":{"title":"Un \u201810\u2019 a la medida de Gorosito: Pablo Ceppelini volvi\u00f3 a entrar en los planes de Alianza Lima - Radio Huancayo","robots":{"index":"index","follow":"follow","max-snippet":"max-snippet:-1","max-image-preview":"max-image-preview:large","max-video-preview":"max-video-preview:-1"},"canonical":"https:\/\/radiohuancayo.com.pe\/wp54\/un-10-a-la-medida-de-gorosito-pablo-ceppelini-volvio-a-entrar-en-los-planes-de-alianza-lima\/","og_locale":"es_ES","og_type":"article","og_title":"Un \u201810\u2019 a la medida de Gorosito: Pablo Ceppelini volvi\u00f3 a entrar en los planes de Alianza Lima - Radio Huancayo","og_description":"Los d\u00edas pasan y en Alianza Lima no tienen descanso en la b\u00fasqueda de las piezas que faltan para completar la conformaci\u00f3n de su plantel. En medio de ello, un nuevo nombre empez\u00f3 a tomar fuerza en la interna del club y podr\u00eda ser el \u201810\u2019 que tanto estaba buscando N\u00e9stor Gorosito. Se trata de Pablo Ceppellini, mediocampista de 33 a\u00f1os que acaba de quedar como agente libre tras no cerrar su renovaci\u00f3n con Atl\u00e9tico Nacional. Por m\u00e1s que era una pieza importante en el \u2018Verdolaga\u2019, el volante uruguayo decidi\u00f3 cambiar de aires y ahora que tiene la carta pase en su poder, comenzar\u00e1 a escuchar propuestas para saber d\u00f3nde contin\u00faa su carrera. Tal como se\u00f1al\u00f3 el periodista Marcello Merizalde, el inter\u00e9s de Alianza Lima no es de ahora, sino que data desde diciembre del a\u00f1o pasado. En su momento la traba de por medio era que la Liga de Colombia todav\u00eda no terminaba, por lo que los blanquiazules no pod\u00edan iniciar las negociaciones de manera formal. Con el cierre del Torneo Finalizaci\u00f3n 2024, en donde Nacional se proclam\u00f3 campe\u00f3n, Ceppellini ten\u00eda la potestad de definir su futuro para la temporada 2025. Dadas estas condiciones, queda saber si le interesar\u00eda venir al f\u00fatbol peruano. De momento no hay nada formal, pero las negociaciones entre Alianza Lima y la agencia de representaci\u00f3n de Ceppellini deber\u00edan darse con el correr de los d\u00edas. Ojo, de darse su llegada a La Victoria, el \u2018charr\u00faa\u2019 se encontrar\u00eda con un viejo conocido:&nbsp;Hern\u00e1n Barcos. Ambos futbolistas compartieron vestuarios en Atl\u00e9tico Nacional en la temporada 2019 y conservan una buena relaci\u00f3n. Por otro lado, los blanquiazules no ser\u00edan los \u00fanicos interesados en contar con los servicios de&nbsp;Ceppellini. Desde Colombia informan que&nbsp;Santa Fe&nbsp;tambi\u00e9n est\u00e1 tras sus pasos y podr\u00eda convencerlo con una propuesta deportiva m\u00e1s tentadora, adem\u00e1s del hecho de mantenerse en el f\u00fatbol colombiano por un a\u00f1o m\u00e1s. Seg\u00fan se\u00f1al\u00f3 el&nbsp;EL VAR Caracol, el \u2018Cardenal\u2019 quiere armarse muy bien para pelear por el t\u00edtulo en Colombia. \u00bfC\u00f3mo juega Pablo Ceppellini? Pablo Ceppelini&nbsp;es un talentoso mediocampista uruguayo que se ha consolidado como una figura clave en los equipos donde ha jugado; no por nada fue clave en los dos t\u00edtulos que gan\u00f3&nbsp;Atl\u00e9tico Nacional&nbsp;en el 2024: Copa de Colombia y Torneo Finalizaci\u00f3n. Su estilo de juego combina t\u00e9cnica, visi\u00f3n y sacrificio, caracter\u00edsticas que lo convierten en un jugador vers\u00e1til y determinante en la creaci\u00f3n de juego ofensivo. Si tomamos en cuenta que en&nbsp;Alianza&nbsp;Lima lo quieren para que sea el \u201810\u2019 de&nbsp;N\u00e9stor Gorosito, uno de los rasgos m\u00e1s destacados de Ceppelini es su capacidad para leer el juego y ejecutar pases precisos que rompen l\u00edneas defensivas. Su habilidad para encontrar espacios y habilitar a los delanteros con asistencias es una de sus principales fortalezas. Adem\u00e1s, tiene un excelente control del bal\u00f3n, lo que le permite manejar la posesi\u00f3n en situaciones de alta presi\u00f3n. Ojo, la polifuncionalidad es una caracter\u00edstica que Gorosito valora much\u00edsimo, algo que Ceppellini lo tiene muy bien entendido. Aunque su posici\u00f3n natural es la de mediocampista ofensivo, tambi\u00e9n puede desempe\u00f1arse como interior o incluso como mediocampista mixto. Su comprensi\u00f3n t\u00e1ctica le permite adaptarse a diferentes sistemas de juego, lo que lo convierte en una pieza vers\u00e1til para cualquier entrenador. Si contabilizamos los registros que dej\u00f3 en la temporada 2024,&nbsp;Pablo Ceppellini&nbsp;disput\u00f3 un total de 47 partidos oficiales, divididos en la Liga BetPlay (38), Copa de Colombia (7) y Copa Libertadores (2). Asimismo, marc\u00f3 tres goles y sirvi\u00f3 ocho asistencias. Con 33 a\u00f1os a cuestas, Cepellini llegar\u00eda a Alianza Lima con mucha continuidad y se adaptar\u00eda f\u00e1cilmente al ritmo de la pretemporada que se viene realizando en el Club Esther Grande de Bent\u00edn. Las pr\u00f3ximas horas ser\u00e1n decisivas.","og_url":"https:\/\/radiohuancayo.com.pe\/wp54\/un-10-a-la-medida-de-gorosito-pablo-ceppelini-volvio-a-entrar-en-los-planes-de-alianza-lima\/","og_site_name":"Radio Huancayo","article_published_time":"2025-01-07T22:31:45+00:00","og_image":[{"width":1200,"height":677,"url":"https:\/\/radiohuancayo.com.pe\/wp54\/wp-content\/uploads\/2025\/01\/image-6.png","type":"image\/png"}],"author":"Michel Sanchez","twitter_card":"summary_large_image","twitter_misc":{"Escrito por":"Michel Sanchez","Tiempo de lectura":"4 minutos"},"schema":{"@context":"https:\/\/schema.org","@graph":[{"@type":"Article","@id":"https:\/\/radiohuancayo.com.pe\/wp54\/un-10-a-la-medida-de-gorosito-pablo-ceppelini-volvio-a-entrar-en-los-planes-de-alianza-lima\/#article","isPartOf":{"@id":"https:\/\/radiohuancayo.com.pe\/wp54\/un-10-a-la-medida-de-gorosito-pablo-ceppelini-volvio-a-entrar-en-los-planes-de-alianza-lima\/"},"author":{"name":"Michel Sanchez","@id":"https:\/\/radiohuancayo.com.pe\/wp54\/#\/schema\/person\/74fb124dee9900c6f4d0535fa1d2b5ae"},"headline":"Un \u201810\u2019 a la medida de Gorosito: Pablo Ceppelini volvi\u00f3 a entrar en los planes de Alianza Lima","datePublished":"2025-01-07T22:31:45+00:00","mainEntityOfPage":{"@id":"https:\/\/radiohuancayo.com.pe\/wp54\/un-10-a-la-medida-de-gorosito-pablo-ceppelini-volvio-a-entrar-en-los-planes-de-alianza-lima\/"},"wordCount":710,"commentCount":0,"publisher":{"@id":"https:\/\/radiohuancayo.com.pe\/wp54\/#organization"},"image":{"@id":"https:\/\/radiohuancayo.com.pe\/wp54\/un-10-a-la-medida-de-gorosito-pablo-ceppelini-volvio-a-entrar-en-los-planes-de-alianza-lima\/#primaryimage"},"thumbnailUrl":"https:\/\/radiohuancayo.com.pe\/wp54\/wp-content\/uploads\/2025\/01\/image-6.png","articleSection":["Deportes"],"inLanguage":"es","potentialAction":[{"@type":"CommentAction","name":"Comment","target":["https:\/\/radiohuancayo.com.pe\/wp54\/un-10-a-la-medida-de-gorosito-pablo-ceppelini-volvio-a-entrar-en-los-planes-de-alianza-lima\/#respond"]}]},{"@type":"WebPage","@id":"https:\/\/radiohuancayo.com.pe\/wp54\/un-10-a-la-medida-de-gorosito-pablo-ceppelini-volvio-a-entrar-en-los-planes-de-alianza-lima\/","url":"https:\/\/radiohuancayo.com.pe\/wp54\/un-10-a-la-medida-de-gorosito-pablo-ceppelini-volvio-a-entrar-en-los-planes-de-alianza-lima\/","name":"Un \u201810\u2019 a la medida de Gorosito: Pablo Ceppelini volvi\u00f3 a entrar en los planes de Alianza Lima - Radio Huancayo","isPartOf":{"@id":"https:\/\/radiohuancayo.com.pe\/wp54\/#website"},"primaryImageOfPage":{"@id":"https:\/\/radiohuancayo.com.pe\/wp54\/un-10-a-la-medida-de-gorosito-pablo-ceppelini-volvio-a-entrar-en-los-planes-de-alianza-lima\/#primaryimage"},"image":{"@id":"https:\/\/radiohuancayo.com.pe\/wp54\/un-10-a-la-medida-de-gorosito-pablo-ceppelini-volvio-a-entrar-en-los-planes-de-alianza-lima\/#primaryimage"},"thumbnailUrl":"https:\/\/radiohuancayo.com.pe\/wp54\/wp-content\/uploads\/2025\/01\/image-6.png","datePublished":"2025-01-07T22:31:45+00:00","breadcrumb":{"@id":"https:\/\/radiohuancayo.com.pe\/wp54\/un-10-a-la-medida-de-gorosito-pablo-ceppelini-volvio-a-entrar-en-los-planes-de-alianza-lima\/#breadcrumb"},"inLanguage":"es","potentialAction":[{"@type":"ReadAction","target":["https:\/\/radiohuancayo.com.pe\/wp54\/un-10-a-la-medida-de-gorosito-pablo-ceppelini-volvio-a-entrar-en-los-planes-de-alianza-lima\/"]}]},{"@type":"ImageObject","inLanguage":"es","@id":"https:\/\/radiohuancayo.com.pe\/wp54\/un-10-a-la-medida-de-gorosito-pablo-ceppelini-volvio-a-entrar-en-los-planes-de-alianza-lima\/#primaryimage","url":"https:\/\/radiohuancayo.com.pe\/wp54\/wp-content\/uploads\/2025\/01\/image-6.png","contentUrl":"https:\/\/radiohuancayo.com.pe\/wp54\/wp-content\/uploads\/2025\/01\/image-6.png","width":1200,"height":677},{"@type":"BreadcrumbList","@id":"https:\/\/radiohuancayo.com.pe\/wp54\/un-10-a-la-medida-de-gorosito-pablo-ceppelini-volvio-a-entrar-en-los-planes-de-alianza-lima\/#breadcrumb","itemListElement":[{"@type":"ListItem","position":1,"name":"Portada","item":"https:\/\/radiohuancayo.com.pe\/wp54\/"},{"@type":"ListItem","position":2,"name":"Un \u201810\u2019 a la medida de Gorosito: Pablo Ceppelini volvi\u00f3 a entrar en los planes de Alianza Lima"}]},{"@type":"WebSite","@id":"https:\/\/radiohuancayo.com.pe\/wp54\/#website","url":"https:\/\/radiohuancayo.com.pe\/wp54\/","name":"Radio Huancayo","description":"me gusta!!!","publisher":{"@id":"https:\/\/radiohuancayo.com.pe\/wp54\/#organization"},"potentialAction":[{"@type":"SearchAction","target":{"@type":"EntryPoint","urlTemplate":"https:\/\/radiohuancayo.com.pe\/wp54\/?s={search_term_string}"},"query-input":{"@type":"PropertyValueSpecification","valueRequired":true,"valueName":"search_term_string"}}],"inLanguage":"es"},{"@type":"Organization","@id":"https:\/\/radiohuancayo.com.pe\/wp54\/#organization","name":"Radio Huancayo","url":"https:\/\/radiohuancayo.com.pe\/wp54\/","logo":{"@type":"ImageObject","inLanguage":"es","@id":"https:\/\/radiohuancayo.com.pe\/wp54\/#\/schema\/logo\/image\/","url":"https:\/\/radiohuancayo.com.pe\/wp54\/wp-content\/uploads\/2022\/04\/CABE01.png","contentUrl":"https:\/\/radiohuancayo.com.pe\/wp54\/wp-content\/uploads\/2022\/04\/CABE01.png","width":1640,"height":300,"caption":"Radio Huancayo"},"image":{"@id":"https:\/\/radiohuancayo.com.pe\/wp54\/#\/schema\/logo\/image\/"}},{"@type":"Person","@id":"https:\/\/radiohuancayo.com.pe\/wp54\/#\/schema\/person\/74fb124dee9900c6f4d0535fa1d2b5ae","name":"Michel Sanchez","image":{"@type":"ImageObject","inLanguage":"es","@id":"https:\/\/secure.gravatar.com\/avatar\/f7f6944c01b3f15a174d0cf055aea75c46697913fc8a9cf5c3cf3e8800c645f6?s=96&d=mm&r=g","url":"https:\/\/secure.gravatar.com\/avatar\/f7f6944c01b3f15a174d0cf055aea75c46697913fc8a9cf5c3cf3e8800c645f6?s=96&d=mm&r=g","contentUrl":"https:\/\/secure.gravatar.com\/avatar\/f7f6944c01b3f15a174d0cf055aea75c46697913fc8a9cf5c3cf3e8800c645f6?s=96&d=mm&r=g","caption":"Michel Sanchez"},"url":"https:\/\/radiohuancayo.com.pe\/wp54\/author\/memoris\/"}]}},"_links":{"self":[{"href":"https:\/\/radiohuancayo.com.pe\/wp54\/wp-json\/wp\/v2\/posts\/29269","targetHints":{"allow":["GET"]}}],"collection":[{"href":"https:\/\/radiohuancayo.com.pe\/wp54\/wp-json\/wp\/v2\/posts"}],"about":[{"href":"https:\/\/radiohuancayo.com.pe\/wp54\/wp-json\/wp\/v2\/types\/post"}],"author":[{"embeddable":true,"href":"https:\/\/radiohuancayo.com.pe\/wp54\/wp-json\/wp\/v2\/users\/2"}],"replies":[{"embeddable":true,"href":"https:\/\/radiohuancayo.com.pe\/wp54\/wp-json\/wp\/v2\/comments?post=29269"}],"version-history":[{"count":1,"href":"https:\/\/radiohuancayo.com.pe\/wp54\/wp-json\/wp\/v2\/posts\/29269\/revisions"}],"predecessor-version":[{"id":29271,"href":"https:\/\/radiohuancayo.com.pe\/wp54\/wp-json\/wp\/v2\/posts\/29269\/revisions\/29271"}],"wp:featuredmedia":[{"embeddable":true,"href":"https:\/\/radiohuancayo.com.pe\/wp54\/wp-json\/wp\/v2\/media\/29270"}],"wp:attachment":[{"href":"https:\/\/radiohuancayo.com.pe\/wp54\/wp-json\/wp\/v2\/media?parent=29269"}],"wp:term":[{"taxonomy":"category","embeddable":true,"href":"https:\/\/radiohuancayo.com.pe\/wp54\/wp-json\/wp\/v2\/categories?post=29269"},{"taxonomy":"post_tag","embeddable":true,"href":"https:\/\/radiohuancayo.com.pe\/wp54\/wp-json\/wp\/v2\/tags?post=29269"}],"curies":[{"name":"wp","href":"https:\/\/api.w.org\/{rel}","templated":true}]}}