{"id":29288,"date":"2025-01-08T16:26:23","date_gmt":"2025-01-08T21:26:23","guid":{"rendered":"https:\/\/radiohuancayo.com.pe\/wp54\/?p=29288"},"modified":"2025-01-08T16:26:24","modified_gmt":"2025-01-08T21:26:24","slug":"alianza-lima-llego-a-un-acuerdo-con-alan-cantero-como-y-en-que-posicion-juega","status":"publish","type":"post","link":"https:\/\/radiohuancayo.com.pe\/wp54\/alianza-lima-llego-a-un-acuerdo-con-alan-cantero-como-y-en-que-posicion-juega\/","title":{"rendered":"Alianza Lima lleg\u00f3 a un acuerdo con Alan Cantero, \u00bfC\u00f3mo y en qu\u00e9 posici\u00f3n juega?"},"content":{"rendered":"\n<p>Alianza Lima tendr\u00eda un nuevo delantero para la temporada 2025. En horas de la noche, sali\u00f3 a la luz un acuerdo entre los blanquiazules y un futbolista de nacionalidad argentina, Alan Cantero. \u00bfCu\u00e1l fue su \u00faltimo club? \u00bfCu\u00e1ndo llegar\u00e1 al Per\u00fa para los ex\u00e1menes m\u00e9dicos? Todos los detalles en la presente nota.<\/p>\n\n\n\n<p>A trav\u00e9s de su cuenta personal de X (antes Twitter), el periodista deportivo,&nbsp;<strong>Kevin Pacheco<\/strong>, dio a conocer el trato entre los &#8216;\u00cdntimos&#8217; y el futbolista argentino.&nbsp;\u00abAlianza Lima acaba de llegar a un acuerdo con Alan Cantero\u00bb, menciona en la descripci\u00f3n de la publicaci\u00f3n.<\/p>\n\n\n\n<p>El centro delantero de 26 a\u00f1os estuvo a pr\u00e9stamo en el club Barracas Central, jug\u00f3 un total de 30 partidos en la temporada 2024. Adem\u00e1s, el comunicador revel\u00f3 que Pacheco estar\u00e1 llegando el 8 de enero al Per\u00fa.<\/p>\n\n\n\n<p>Una vez que pise el suelo peruano tendr\u00e1 que dirigirse al club para pasar los ex\u00e1menes m\u00e9dicos. De no producirse alg\u00fan problema durante las evaluaciones, firmar\u00eda por Alianza Lima para la siguiente temporada.<\/p>\n\n\n\n<h2 class=\"wp-block-heading\">\u00bfEn qu\u00e9 clubes jug\u00f3 Alan Cantero?<\/h2>\n\n\n\n<p>Alan Cantero, futbolista nacido en San Juan &#8211; Argentina, solo ha jugado en clubes de su pa\u00eds. Esto quiere decir que Alianza Lima ser\u00eda su primera experiencia internacional en su carrera profesional. A continuaci\u00f3n te mostramos los equipos a los que perteneci\u00f3:<\/p>\n\n\n\n<ul class=\"wp-block-list\">\n<li>CS Pe\u00f1arol (San Juan)<\/li>\n\n\n\n<li>Godoy Cruz<\/li>\n\n\n\n<li>Estudiantes<\/li>\n\n\n\n<li>Barracas Central<\/li>\n<\/ul>\n\n\n\n<p>De acuerdo con el portal&nbsp;<strong>Transfermarkt<\/strong>, especializado en f\u00fatbol, el delantero argentino&nbsp;cuenta con un valor en el mercado de 700 mil euros. Su pico m\u00e1s alto fue a mediados de 2024 cuando lleg\u00f3 a 1 mill\u00f3n de euros defendiendo los colores de Barracas Central.<\/p>\n\n\n\n<p>Cabe mencionar que, el atacante tambi\u00e9n puede desempe\u00f1ar la funci\u00f3n de extremo derecho y media punta. El entrenador N\u00e9stor Gorosito tendr\u00e1 la dif\u00edcil misi\u00f3n de encontrar el once ideal de Alianza Lima.<\/p>\n","protected":false},"excerpt":{"rendered":"<p>Alianza Lima tendr\u00eda un nuevo delantero para la temporada 2025. En horas de la noche, sali\u00f3 a la luz un acuerdo entre los blanquiazules y un futbolista de nacionalidad argentina, Alan Cantero. \u00bfCu\u00e1l fue su \u00faltimo club? \u00bfCu\u00e1ndo llegar\u00e1 al Per\u00fa para los ex\u00e1menes m\u00e9dicos? Todos los detalles en la presente nota. A trav\u00e9s de su cuenta personal de X (antes Twitter), el periodista deportivo,&nbsp;Kevin Pacheco, dio a conocer el trato entre los &#8216;\u00cdntimos&#8217; y el futbolista argentino.&nbsp;\u00abAlianza Lima acaba de llegar a un acuerdo con Alan Cantero\u00bb, menciona en la descripci\u00f3n de la publicaci\u00f3n. El centro delantero de 26 a\u00f1os estuvo a pr\u00e9stamo en el club Barracas Central, jug\u00f3 un total de 30 partidos en la temporada 2024. Adem\u00e1s, el comunicador revel\u00f3 que Pacheco estar\u00e1 llegando el 8 de enero al Per\u00fa. Una vez que pise el suelo peruano tendr\u00e1 que dirigirse al club para pasar los ex\u00e1menes m\u00e9dicos. De no producirse alg\u00fan problema durante las evaluaciones, firmar\u00eda por Alianza Lima para la siguiente temporada. \u00bfEn qu\u00e9 clubes jug\u00f3 Alan Cantero? Alan Cantero, futbolista nacido en San Juan &#8211; Argentina, solo ha jugado en clubes de su pa\u00eds. Esto quiere decir que Alianza Lima ser\u00eda su primera experiencia internacional en su carrera profesional. A continuaci\u00f3n te mostramos los equipos a los que perteneci\u00f3: De acuerdo con el portal&nbsp;Transfermarkt, especializado en f\u00fatbol, el delantero argentino&nbsp;cuenta con un valor en el mercado de 700 mil euros. Su pico m\u00e1s alto fue a mediados de 2024 cuando lleg\u00f3 a 1 mill\u00f3n de euros defendiendo los colores de Barracas Central. Cabe mencionar que, el atacante tambi\u00e9n puede desempe\u00f1ar la funci\u00f3n de extremo derecho y media punta. El entrenador N\u00e9stor Gorosito tendr\u00e1 la dif\u00edcil misi\u00f3n de encontrar el once ideal de Alianza Lima.<\/p>\n","protected":false},"author":2,"featured_media":29289,"comment_status":"open","ping_status":"open","sticky":false,"template":"","format":"standard","meta":{"footnotes":""},"categories":[7],"tags":[],"class_list":["post-29288","post","type-post","status-publish","format-standard","has-post-thumbnail","hentry","category-deportes"],"yoast_head":"<!-- This site is optimized with the Yoast SEO plugin v27.5 - https:\/\/yoast.com\/product\/yoast-seo-wordpress\/ -->\n<title>Alianza Lima lleg\u00f3 a un acuerdo con Alan Cantero, \u00bfC\u00f3mo y en qu\u00e9 posici\u00f3n juega? - Radio Huancayo<\/title>\n<meta name=\"robots\" content=\"index, follow, max-snippet:-1, max-image-preview:large, max-video-preview:-1\" \/>\n<link rel=\"canonical\" href=\"https:\/\/radiohuancayo.com.pe\/wp54\/alianza-lima-llego-a-un-acuerdo-con-alan-cantero-como-y-en-que-posicion-juega\/\" \/>\n<meta property=\"og:locale\" content=\"es_ES\" \/>\n<meta property=\"og:type\" content=\"article\" \/>\n<meta property=\"og:title\" content=\"Alianza Lima lleg\u00f3 a un acuerdo con Alan Cantero, \u00bfC\u00f3mo y en qu\u00e9 posici\u00f3n juega? - Radio Huancayo\" \/>\n<meta property=\"og:description\" content=\"Alianza Lima tendr\u00eda un nuevo delantero para la temporada 2025. En horas de la noche, sali\u00f3 a la luz un acuerdo entre los blanquiazules y un futbolista de nacionalidad argentina, Alan Cantero. \u00bfCu\u00e1l fue su \u00faltimo club? \u00bfCu\u00e1ndo llegar\u00e1 al Per\u00fa para los ex\u00e1menes m\u00e9dicos? Todos los detalles en la presente nota. A trav\u00e9s de su cuenta personal de X (antes Twitter), el periodista deportivo,&nbsp;Kevin Pacheco, dio a conocer el trato entre los &#8216;\u00cdntimos&#8217; y el futbolista argentino.&nbsp;\u00abAlianza Lima acaba de llegar a un acuerdo con Alan Cantero\u00bb, menciona en la descripci\u00f3n de la publicaci\u00f3n. El centro delantero de 26 a\u00f1os estuvo a pr\u00e9stamo en el club Barracas Central, jug\u00f3 un total de 30 partidos en la temporada 2024. Adem\u00e1s, el comunicador revel\u00f3 que Pacheco estar\u00e1 llegando el 8 de enero al Per\u00fa. Una vez que pise el suelo peruano tendr\u00e1 que dirigirse al club para pasar los ex\u00e1menes m\u00e9dicos. De no producirse alg\u00fan problema durante las evaluaciones, firmar\u00eda por Alianza Lima para la siguiente temporada. \u00bfEn qu\u00e9 clubes jug\u00f3 Alan Cantero? Alan Cantero, futbolista nacido en San Juan &#8211; Argentina, solo ha jugado en clubes de su pa\u00eds. Esto quiere decir que Alianza Lima ser\u00eda su primera experiencia internacional en su carrera profesional. A continuaci\u00f3n te mostramos los equipos a los que perteneci\u00f3: De acuerdo con el portal&nbsp;Transfermarkt, especializado en f\u00fatbol, el delantero argentino&nbsp;cuenta con un valor en el mercado de 700 mil euros. Su pico m\u00e1s alto fue a mediados de 2024 cuando lleg\u00f3 a 1 mill\u00f3n de euros defendiendo los colores de Barracas Central. Cabe mencionar que, el atacante tambi\u00e9n puede desempe\u00f1ar la funci\u00f3n de extremo derecho y media punta. El entrenador N\u00e9stor Gorosito tendr\u00e1 la dif\u00edcil misi\u00f3n de encontrar el once ideal de Alianza Lima.\" \/>\n<meta property=\"og:url\" content=\"https:\/\/radiohuancayo.com.pe\/wp54\/alianza-lima-llego-a-un-acuerdo-con-alan-cantero-como-y-en-que-posicion-juega\/\" \/>\n<meta property=\"og:site_name\" content=\"Radio Huancayo\" \/>\n<meta property=\"article:published_time\" content=\"2025-01-08T21:26:23+00:00\" \/>\n<meta property=\"article:modified_time\" content=\"2025-01-08T21:26:24+00:00\" \/>\n<meta property=\"og:image\" content=\"https:\/\/radiohuancayo.com.pe\/wp54\/wp-content\/uploads\/2025\/01\/image-13.png\" \/>\n\t<meta property=\"og:image:width\" content=\"652\" \/>\n\t<meta property=\"og:image:height\" content=\"358\" \/>\n\t<meta property=\"og:image:type\" content=\"image\/png\" \/>\n<meta name=\"author\" content=\"Michel Sanchez\" \/>\n<meta name=\"twitter:card\" content=\"summary_large_image\" \/>\n<meta name=\"twitter:label1\" content=\"Escrito por\" \/>\n\t<meta name=\"twitter:data1\" content=\"Michel Sanchez\" \/>\n\t<meta name=\"twitter:label2\" content=\"Tiempo de lectura\" \/>\n\t<meta name=\"twitter:data2\" content=\"2 minutos\" \/>\n<script type=\"application\/ld+json\" class=\"yoast-schema-graph\">{\"@context\":\"https:\\\/\\\/schema.org\",\"@graph\":[{\"@type\":\"Article\",\"@id\":\"https:\\\/\\\/radiohuancayo.com.pe\\\/wp54\\\/alianza-lima-llego-a-un-acuerdo-con-alan-cantero-como-y-en-que-posicion-juega\\\/#article\",\"isPartOf\":{\"@id\":\"https:\\\/\\\/radiohuancayo.com.pe\\\/wp54\\\/alianza-lima-llego-a-un-acuerdo-con-alan-cantero-como-y-en-que-posicion-juega\\\/\"},\"author\":{\"name\":\"Michel Sanchez\",\"@id\":\"https:\\\/\\\/radiohuancayo.com.pe\\\/wp54\\\/#\\\/schema\\\/person\\\/74fb124dee9900c6f4d0535fa1d2b5ae\"},\"headline\":\"Alianza Lima lleg\u00f3 a un acuerdo con Alan Cantero, \u00bfC\u00f3mo y en qu\u00e9 posici\u00f3n juega?\",\"datePublished\":\"2025-01-08T21:26:23+00:00\",\"dateModified\":\"2025-01-08T21:26:24+00:00\",\"mainEntityOfPage\":{\"@id\":\"https:\\\/\\\/radiohuancayo.com.pe\\\/wp54\\\/alianza-lima-llego-a-un-acuerdo-con-alan-cantero-como-y-en-que-posicion-juega\\\/\"},\"wordCount\":344,\"commentCount\":0,\"publisher\":{\"@id\":\"https:\\\/\\\/radiohuancayo.com.pe\\\/wp54\\\/#organization\"},\"image\":{\"@id\":\"https:\\\/\\\/radiohuancayo.com.pe\\\/wp54\\\/alianza-lima-llego-a-un-acuerdo-con-alan-cantero-como-y-en-que-posicion-juega\\\/#primaryimage\"},\"thumbnailUrl\":\"https:\\\/\\\/radiohuancayo.com.pe\\\/wp54\\\/wp-content\\\/uploads\\\/2025\\\/01\\\/image-13.png\",\"articleSection\":[\"Deportes\"],\"inLanguage\":\"es\",\"potentialAction\":[{\"@type\":\"CommentAction\",\"name\":\"Comment\",\"target\":[\"https:\\\/\\\/radiohuancayo.com.pe\\\/wp54\\\/alianza-lima-llego-a-un-acuerdo-con-alan-cantero-como-y-en-que-posicion-juega\\\/#respond\"]}]},{\"@type\":\"WebPage\",\"@id\":\"https:\\\/\\\/radiohuancayo.com.pe\\\/wp54\\\/alianza-lima-llego-a-un-acuerdo-con-alan-cantero-como-y-en-que-posicion-juega\\\/\",\"url\":\"https:\\\/\\\/radiohuancayo.com.pe\\\/wp54\\\/alianza-lima-llego-a-un-acuerdo-con-alan-cantero-como-y-en-que-posicion-juega\\\/\",\"name\":\"Alianza Lima lleg\u00f3 a un acuerdo con Alan Cantero, \u00bfC\u00f3mo y en qu\u00e9 posici\u00f3n juega? - Radio Huancayo\",\"isPartOf\":{\"@id\":\"https:\\\/\\\/radiohuancayo.com.pe\\\/wp54\\\/#website\"},\"primaryImageOfPage\":{\"@id\":\"https:\\\/\\\/radiohuancayo.com.pe\\\/wp54\\\/alianza-lima-llego-a-un-acuerdo-con-alan-cantero-como-y-en-que-posicion-juega\\\/#primaryimage\"},\"image\":{\"@id\":\"https:\\\/\\\/radiohuancayo.com.pe\\\/wp54\\\/alianza-lima-llego-a-un-acuerdo-con-alan-cantero-como-y-en-que-posicion-juega\\\/#primaryimage\"},\"thumbnailUrl\":\"https:\\\/\\\/radiohuancayo.com.pe\\\/wp54\\\/wp-content\\\/uploads\\\/2025\\\/01\\\/image-13.png\",\"datePublished\":\"2025-01-08T21:26:23+00:00\",\"dateModified\":\"2025-01-08T21:26:24+00:00\",\"breadcrumb\":{\"@id\":\"https:\\\/\\\/radiohuancayo.com.pe\\\/wp54\\\/alianza-lima-llego-a-un-acuerdo-con-alan-cantero-como-y-en-que-posicion-juega\\\/#breadcrumb\"},\"inLanguage\":\"es\",\"potentialAction\":[{\"@type\":\"ReadAction\",\"target\":[\"https:\\\/\\\/radiohuancayo.com.pe\\\/wp54\\\/alianza-lima-llego-a-un-acuerdo-con-alan-cantero-como-y-en-que-posicion-juega\\\/\"]}]},{\"@type\":\"ImageObject\",\"inLanguage\":\"es\",\"@id\":\"https:\\\/\\\/radiohuancayo.com.pe\\\/wp54\\\/alianza-lima-llego-a-un-acuerdo-con-alan-cantero-como-y-en-que-posicion-juega\\\/#primaryimage\",\"url\":\"https:\\\/\\\/radiohuancayo.com.pe\\\/wp54\\\/wp-content\\\/uploads\\\/2025\\\/01\\\/image-13.png\",\"contentUrl\":\"https:\\\/\\\/radiohuancayo.com.pe\\\/wp54\\\/wp-content\\\/uploads\\\/2025\\\/01\\\/image-13.png\",\"width\":652,\"height\":358},{\"@type\":\"BreadcrumbList\",\"@id\":\"https:\\\/\\\/radiohuancayo.com.pe\\\/wp54\\\/alianza-lima-llego-a-un-acuerdo-con-alan-cantero-como-y-en-que-posicion-juega\\\/#breadcrumb\",\"itemListElement\":[{\"@type\":\"ListItem\",\"position\":1,\"name\":\"Portada\",\"item\":\"https:\\\/\\\/radiohuancayo.com.pe\\\/wp54\\\/\"},{\"@type\":\"ListItem\",\"position\":2,\"name\":\"Alianza Lima lleg\u00f3 a un acuerdo con Alan Cantero, \u00bfC\u00f3mo y en qu\u00e9 posici\u00f3n juega?\"}]},{\"@type\":\"WebSite\",\"@id\":\"https:\\\/\\\/radiohuancayo.com.pe\\\/wp54\\\/#website\",\"url\":\"https:\\\/\\\/radiohuancayo.com.pe\\\/wp54\\\/\",\"name\":\"Radio Huancayo\",\"description\":\"me gusta!!!\",\"publisher\":{\"@id\":\"https:\\\/\\\/radiohuancayo.com.pe\\\/wp54\\\/#organization\"},\"potentialAction\":[{\"@type\":\"SearchAction\",\"target\":{\"@type\":\"EntryPoint\",\"urlTemplate\":\"https:\\\/\\\/radiohuancayo.com.pe\\\/wp54\\\/?s={search_term_string}\"},\"query-input\":{\"@type\":\"PropertyValueSpecification\",\"valueRequired\":true,\"valueName\":\"search_term_string\"}}],\"inLanguage\":\"es\"},{\"@type\":\"Organization\",\"@id\":\"https:\\\/\\\/radiohuancayo.com.pe\\\/wp54\\\/#organization\",\"name\":\"Radio Huancayo\",\"url\":\"https:\\\/\\\/radiohuancayo.com.pe\\\/wp54\\\/\",\"logo\":{\"@type\":\"ImageObject\",\"inLanguage\":\"es\",\"@id\":\"https:\\\/\\\/radiohuancayo.com.pe\\\/wp54\\\/#\\\/schema\\\/logo\\\/image\\\/\",\"url\":\"https:\\\/\\\/radiohuancayo.com.pe\\\/wp54\\\/wp-content\\\/uploads\\\/2022\\\/04\\\/CABE01.png\",\"contentUrl\":\"https:\\\/\\\/radiohuancayo.com.pe\\\/wp54\\\/wp-content\\\/uploads\\\/2022\\\/04\\\/CABE01.png\",\"width\":1640,\"height\":300,\"caption\":\"Radio Huancayo\"},\"image\":{\"@id\":\"https:\\\/\\\/radiohuancayo.com.pe\\\/wp54\\\/#\\\/schema\\\/logo\\\/image\\\/\"}},{\"@type\":\"Person\",\"@id\":\"https:\\\/\\\/radiohuancayo.com.pe\\\/wp54\\\/#\\\/schema\\\/person\\\/74fb124dee9900c6f4d0535fa1d2b5ae\",\"name\":\"Michel Sanchez\",\"image\":{\"@type\":\"ImageObject\",\"inLanguage\":\"es\",\"@id\":\"https:\\\/\\\/secure.gravatar.com\\\/avatar\\\/f7f6944c01b3f15a174d0cf055aea75c46697913fc8a9cf5c3cf3e8800c645f6?s=96&d=mm&r=g\",\"url\":\"https:\\\/\\\/secure.gravatar.com\\\/avatar\\\/f7f6944c01b3f15a174d0cf055aea75c46697913fc8a9cf5c3cf3e8800c645f6?s=96&d=mm&r=g\",\"contentUrl\":\"https:\\\/\\\/secure.gravatar.com\\\/avatar\\\/f7f6944c01b3f15a174d0cf055aea75c46697913fc8a9cf5c3cf3e8800c645f6?s=96&d=mm&r=g\",\"caption\":\"Michel Sanchez\"},\"url\":\"https:\\\/\\\/radiohuancayo.com.pe\\\/wp54\\\/author\\\/memoris\\\/\"}]}<\/script>\n<!-- \/ Yoast SEO plugin. -->","yoast_head_json":{"title":"Alianza Lima lleg\u00f3 a un acuerdo con Alan Cantero, \u00bfC\u00f3mo y en qu\u00e9 posici\u00f3n juega? - Radio Huancayo","robots":{"index":"index","follow":"follow","max-snippet":"max-snippet:-1","max-image-preview":"max-image-preview:large","max-video-preview":"max-video-preview:-1"},"canonical":"https:\/\/radiohuancayo.com.pe\/wp54\/alianza-lima-llego-a-un-acuerdo-con-alan-cantero-como-y-en-que-posicion-juega\/","og_locale":"es_ES","og_type":"article","og_title":"Alianza Lima lleg\u00f3 a un acuerdo con Alan Cantero, \u00bfC\u00f3mo y en qu\u00e9 posici\u00f3n juega? - Radio Huancayo","og_description":"Alianza Lima tendr\u00eda un nuevo delantero para la temporada 2025. En horas de la noche, sali\u00f3 a la luz un acuerdo entre los blanquiazules y un futbolista de nacionalidad argentina, Alan Cantero. \u00bfCu\u00e1l fue su \u00faltimo club? \u00bfCu\u00e1ndo llegar\u00e1 al Per\u00fa para los ex\u00e1menes m\u00e9dicos? Todos los detalles en la presente nota. A trav\u00e9s de su cuenta personal de X (antes Twitter), el periodista deportivo,&nbsp;Kevin Pacheco, dio a conocer el trato entre los &#8216;\u00cdntimos&#8217; y el futbolista argentino.&nbsp;\u00abAlianza Lima acaba de llegar a un acuerdo con Alan Cantero\u00bb, menciona en la descripci\u00f3n de la publicaci\u00f3n. El centro delantero de 26 a\u00f1os estuvo a pr\u00e9stamo en el club Barracas Central, jug\u00f3 un total de 30 partidos en la temporada 2024. Adem\u00e1s, el comunicador revel\u00f3 que Pacheco estar\u00e1 llegando el 8 de enero al Per\u00fa. Una vez que pise el suelo peruano tendr\u00e1 que dirigirse al club para pasar los ex\u00e1menes m\u00e9dicos. De no producirse alg\u00fan problema durante las evaluaciones, firmar\u00eda por Alianza Lima para la siguiente temporada. \u00bfEn qu\u00e9 clubes jug\u00f3 Alan Cantero? Alan Cantero, futbolista nacido en San Juan &#8211; Argentina, solo ha jugado en clubes de su pa\u00eds. Esto quiere decir que Alianza Lima ser\u00eda su primera experiencia internacional en su carrera profesional. A continuaci\u00f3n te mostramos los equipos a los que perteneci\u00f3: De acuerdo con el portal&nbsp;Transfermarkt, especializado en f\u00fatbol, el delantero argentino&nbsp;cuenta con un valor en el mercado de 700 mil euros. Su pico m\u00e1s alto fue a mediados de 2024 cuando lleg\u00f3 a 1 mill\u00f3n de euros defendiendo los colores de Barracas Central. Cabe mencionar que, el atacante tambi\u00e9n puede desempe\u00f1ar la funci\u00f3n de extremo derecho y media punta. El entrenador N\u00e9stor Gorosito tendr\u00e1 la dif\u00edcil misi\u00f3n de encontrar el once ideal de Alianza Lima.","og_url":"https:\/\/radiohuancayo.com.pe\/wp54\/alianza-lima-llego-a-un-acuerdo-con-alan-cantero-como-y-en-que-posicion-juega\/","og_site_name":"Radio Huancayo","article_published_time":"2025-01-08T21:26:23+00:00","article_modified_time":"2025-01-08T21:26:24+00:00","og_image":[{"width":652,"height":358,"url":"https:\/\/radiohuancayo.com.pe\/wp54\/wp-content\/uploads\/2025\/01\/image-13.png","type":"image\/png"}],"author":"Michel Sanchez","twitter_card":"summary_large_image","twitter_misc":{"Escrito por":"Michel Sanchez","Tiempo de lectura":"2 minutos"},"schema":{"@context":"https:\/\/schema.org","@graph":[{"@type":"Article","@id":"https:\/\/radiohuancayo.com.pe\/wp54\/alianza-lima-llego-a-un-acuerdo-con-alan-cantero-como-y-en-que-posicion-juega\/#article","isPartOf":{"@id":"https:\/\/radiohuancayo.com.pe\/wp54\/alianza-lima-llego-a-un-acuerdo-con-alan-cantero-como-y-en-que-posicion-juega\/"},"author":{"name":"Michel Sanchez","@id":"https:\/\/radiohuancayo.com.pe\/wp54\/#\/schema\/person\/74fb124dee9900c6f4d0535fa1d2b5ae"},"headline":"Alianza Lima lleg\u00f3 a un acuerdo con Alan Cantero, \u00bfC\u00f3mo y en qu\u00e9 posici\u00f3n juega?","datePublished":"2025-01-08T21:26:23+00:00","dateModified":"2025-01-08T21:26:24+00:00","mainEntityOfPage":{"@id":"https:\/\/radiohuancayo.com.pe\/wp54\/alianza-lima-llego-a-un-acuerdo-con-alan-cantero-como-y-en-que-posicion-juega\/"},"wordCount":344,"commentCount":0,"publisher":{"@id":"https:\/\/radiohuancayo.com.pe\/wp54\/#organization"},"image":{"@id":"https:\/\/radiohuancayo.com.pe\/wp54\/alianza-lima-llego-a-un-acuerdo-con-alan-cantero-como-y-en-que-posicion-juega\/#primaryimage"},"thumbnailUrl":"https:\/\/radiohuancayo.com.pe\/wp54\/wp-content\/uploads\/2025\/01\/image-13.png","articleSection":["Deportes"],"inLanguage":"es","potentialAction":[{"@type":"CommentAction","name":"Comment","target":["https:\/\/radiohuancayo.com.pe\/wp54\/alianza-lima-llego-a-un-acuerdo-con-alan-cantero-como-y-en-que-posicion-juega\/#respond"]}]},{"@type":"WebPage","@id":"https:\/\/radiohuancayo.com.pe\/wp54\/alianza-lima-llego-a-un-acuerdo-con-alan-cantero-como-y-en-que-posicion-juega\/","url":"https:\/\/radiohuancayo.com.pe\/wp54\/alianza-lima-llego-a-un-acuerdo-con-alan-cantero-como-y-en-que-posicion-juega\/","name":"Alianza Lima lleg\u00f3 a un acuerdo con Alan Cantero, \u00bfC\u00f3mo y en qu\u00e9 posici\u00f3n juega? - Radio Huancayo","isPartOf":{"@id":"https:\/\/radiohuancayo.com.pe\/wp54\/#website"},"primaryImageOfPage":{"@id":"https:\/\/radiohuancayo.com.pe\/wp54\/alianza-lima-llego-a-un-acuerdo-con-alan-cantero-como-y-en-que-posicion-juega\/#primaryimage"},"image":{"@id":"https:\/\/radiohuancayo.com.pe\/wp54\/alianza-lima-llego-a-un-acuerdo-con-alan-cantero-como-y-en-que-posicion-juega\/#primaryimage"},"thumbnailUrl":"https:\/\/radiohuancayo.com.pe\/wp54\/wp-content\/uploads\/2025\/01\/image-13.png","datePublished":"2025-01-08T21:26:23+00:00","dateModified":"2025-01-08T21:26:24+00:00","breadcrumb":{"@id":"https:\/\/radiohuancayo.com.pe\/wp54\/alianza-lima-llego-a-un-acuerdo-con-alan-cantero-como-y-en-que-posicion-juega\/#breadcrumb"},"inLanguage":"es","potentialAction":[{"@type":"ReadAction","target":["https:\/\/radiohuancayo.com.pe\/wp54\/alianza-lima-llego-a-un-acuerdo-con-alan-cantero-como-y-en-que-posicion-juega\/"]}]},{"@type":"ImageObject","inLanguage":"es","@id":"https:\/\/radiohuancayo.com.pe\/wp54\/alianza-lima-llego-a-un-acuerdo-con-alan-cantero-como-y-en-que-posicion-juega\/#primaryimage","url":"https:\/\/radiohuancayo.com.pe\/wp54\/wp-content\/uploads\/2025\/01\/image-13.png","contentUrl":"https:\/\/radiohuancayo.com.pe\/wp54\/wp-content\/uploads\/2025\/01\/image-13.png","width":652,"height":358},{"@type":"BreadcrumbList","@id":"https:\/\/radiohuancayo.com.pe\/wp54\/alianza-lima-llego-a-un-acuerdo-con-alan-cantero-como-y-en-que-posicion-juega\/#breadcrumb","itemListElement":[{"@type":"ListItem","position":1,"name":"Portada","item":"https:\/\/radiohuancayo.com.pe\/wp54\/"},{"@type":"ListItem","position":2,"name":"Alianza Lima lleg\u00f3 a un acuerdo con Alan Cantero, \u00bfC\u00f3mo y en qu\u00e9 posici\u00f3n juega?"}]},{"@type":"WebSite","@id":"https:\/\/radiohuancayo.com.pe\/wp54\/#website","url":"https:\/\/radiohuancayo.com.pe\/wp54\/","name":"Radio Huancayo","description":"me gusta!!!","publisher":{"@id":"https:\/\/radiohuancayo.com.pe\/wp54\/#organization"},"potentialAction":[{"@type":"SearchAction","target":{"@type":"EntryPoint","urlTemplate":"https:\/\/radiohuancayo.com.pe\/wp54\/?s={search_term_string}"},"query-input":{"@type":"PropertyValueSpecification","valueRequired":true,"valueName":"search_term_string"}}],"inLanguage":"es"},{"@type":"Organization","@id":"https:\/\/radiohuancayo.com.pe\/wp54\/#organization","name":"Radio Huancayo","url":"https:\/\/radiohuancayo.com.pe\/wp54\/","logo":{"@type":"ImageObject","inLanguage":"es","@id":"https:\/\/radiohuancayo.com.pe\/wp54\/#\/schema\/logo\/image\/","url":"https:\/\/radiohuancayo.com.pe\/wp54\/wp-content\/uploads\/2022\/04\/CABE01.png","contentUrl":"https:\/\/radiohuancayo.com.pe\/wp54\/wp-content\/uploads\/2022\/04\/CABE01.png","width":1640,"height":300,"caption":"Radio Huancayo"},"image":{"@id":"https:\/\/radiohuancayo.com.pe\/wp54\/#\/schema\/logo\/image\/"}},{"@type":"Person","@id":"https:\/\/radiohuancayo.com.pe\/wp54\/#\/schema\/person\/74fb124dee9900c6f4d0535fa1d2b5ae","name":"Michel Sanchez","image":{"@type":"ImageObject","inLanguage":"es","@id":"https:\/\/secure.gravatar.com\/avatar\/f7f6944c01b3f15a174d0cf055aea75c46697913fc8a9cf5c3cf3e8800c645f6?s=96&d=mm&r=g","url":"https:\/\/secure.gravatar.com\/avatar\/f7f6944c01b3f15a174d0cf055aea75c46697913fc8a9cf5c3cf3e8800c645f6?s=96&d=mm&r=g","contentUrl":"https:\/\/secure.gravatar.com\/avatar\/f7f6944c01b3f15a174d0cf055aea75c46697913fc8a9cf5c3cf3e8800c645f6?s=96&d=mm&r=g","caption":"Michel Sanchez"},"url":"https:\/\/radiohuancayo.com.pe\/wp54\/author\/memoris\/"}]}},"_links":{"self":[{"href":"https:\/\/radiohuancayo.com.pe\/wp54\/wp-json\/wp\/v2\/posts\/29288","targetHints":{"allow":["GET"]}}],"collection":[{"href":"https:\/\/radiohuancayo.com.pe\/wp54\/wp-json\/wp\/v2\/posts"}],"about":[{"href":"https:\/\/radiohuancayo.com.pe\/wp54\/wp-json\/wp\/v2\/types\/post"}],"author":[{"embeddable":true,"href":"https:\/\/radiohuancayo.com.pe\/wp54\/wp-json\/wp\/v2\/users\/2"}],"replies":[{"embeddable":true,"href":"https:\/\/radiohuancayo.com.pe\/wp54\/wp-json\/wp\/v2\/comments?post=29288"}],"version-history":[{"count":1,"href":"https:\/\/radiohuancayo.com.pe\/wp54\/wp-json\/wp\/v2\/posts\/29288\/revisions"}],"predecessor-version":[{"id":29290,"href":"https:\/\/radiohuancayo.com.pe\/wp54\/wp-json\/wp\/v2\/posts\/29288\/revisions\/29290"}],"wp:featuredmedia":[{"embeddable":true,"href":"https:\/\/radiohuancayo.com.pe\/wp54\/wp-json\/wp\/v2\/media\/29289"}],"wp:attachment":[{"href":"https:\/\/radiohuancayo.com.pe\/wp54\/wp-json\/wp\/v2\/media?parent=29288"}],"wp:term":[{"taxonomy":"category","embeddable":true,"href":"https:\/\/radiohuancayo.com.pe\/wp54\/wp-json\/wp\/v2\/categories?post=29288"},{"taxonomy":"post_tag","embeddable":true,"href":"https:\/\/radiohuancayo.com.pe\/wp54\/wp-json\/wp\/v2\/tags?post=29288"}],"curies":[{"name":"wp","href":"https:\/\/api.w.org\/{rel}","templated":true}]}}