{"id":29291,"date":"2025-01-08T16:28:46","date_gmt":"2025-01-08T21:28:46","guid":{"rendered":"https:\/\/radiohuancayo.com.pe\/wp54\/?p=29291"},"modified":"2025-01-08T16:28:47","modified_gmt":"2025-01-08T21:28:47","slug":"oficial-cienciano-anuncio-renovacion-de-christian-cueva-por-todo-el-2025","status":"publish","type":"post","link":"https:\/\/radiohuancayo.com.pe\/wp54\/oficial-cienciano-anuncio-renovacion-de-christian-cueva-por-todo-el-2025\/","title":{"rendered":"\u00a1Oficial! Cienciano anunci\u00f3 renovaci\u00f3n de Christian Cueva por todo el 2025"},"content":{"rendered":"\n<p>A trav\u00e9s de las redes sociales, el cuadro de Cienciano del Cusco dio a conocer la renovaci\u00f3n del v\u00ednculo con el mediocampista nacional Christian Cueva por todo el 2025.<\/p>\n\n\n\n<p>\u00ab\u00a1Seguimos juntos, &#8216;Aladino&#8217;! Christian Cueva continuar\u00e1 vistiendo nuestra camiseta con orgulla la pr\u00f3xima temporada\u00bb, se\u00f1al\u00f3 el cuadro cusque\u00f1o en redes sociales.<\/p>\n\n\n\n<p>adComo se sabe, Cueva retorn\u00f3 al Cusco hace unos d\u00edas y se encuentra haciendo la pretemporada bajo las \u00f3rdenes de Cristian D\u00edaz, sin embargo faltaba el anuncio oficial por parte del &#8216;Pap\u00e1&#8217;.<\/p>\n\n\n\n<p>As\u00ed, Cueva se alista para disputar esta temporada la Liga1 Te Apuesto, adem\u00e1s de la Copa Sudamericana donde enfrentar\u00e1n a ADT.<\/p>\n\n\n\n<p>Recordemos que Cienciano viene trabajando con las incorporaciones de Ignacio Barrios, Leonel Galeano (ARG), Juan Bolado (ARG), Santiago Arias (URU), Maximiliano Amondarain (URU), Agust\u00edn Gonz\u00e1lez (URU), Cristian Neira, Osnar Noronha, entre otros jugadores que se han sumado para esta temporada.<\/p>\n","protected":false},"excerpt":{"rendered":"<p>A trav\u00e9s de las redes sociales, el cuadro de Cienciano del Cusco dio a conocer la renovaci\u00f3n del v\u00ednculo con el mediocampista nacional Christian Cueva por todo el 2025. \u00ab\u00a1Seguimos juntos, &#8216;Aladino&#8217;! Christian Cueva continuar\u00e1 vistiendo nuestra camiseta con orgulla la pr\u00f3xima temporada\u00bb, se\u00f1al\u00f3 el cuadro cusque\u00f1o en redes sociales. adComo se sabe, Cueva retorn\u00f3 al Cusco hace unos d\u00edas y se encuentra haciendo la pretemporada bajo las \u00f3rdenes de Cristian D\u00edaz, sin embargo faltaba el anuncio oficial por parte del &#8216;Pap\u00e1&#8217;. As\u00ed, Cueva se alista para disputar esta temporada la Liga1 Te Apuesto, adem\u00e1s de la Copa Sudamericana donde enfrentar\u00e1n a ADT. Recordemos que Cienciano viene trabajando con las incorporaciones de Ignacio Barrios, Leonel Galeano (ARG), Juan Bolado (ARG), Santiago Arias (URU), Maximiliano Amondarain (URU), Agust\u00edn Gonz\u00e1lez (URU), Cristian Neira, Osnar Noronha, entre otros jugadores que se han sumado para esta temporada.<\/p>\n","protected":false},"author":2,"featured_media":29292,"comment_status":"open","ping_status":"open","sticky":false,"template":"","format":"standard","meta":{"footnotes":""},"categories":[7],"tags":[],"class_list":["post-29291","post","type-post","status-publish","format-standard","has-post-thumbnail","hentry","category-deportes"],"yoast_head":"<!-- This site is optimized with the Yoast SEO plugin v27.5 - https:\/\/yoast.com\/product\/yoast-seo-wordpress\/ -->\n<title>\u00a1Oficial! Cienciano anunci\u00f3 renovaci\u00f3n de Christian Cueva por todo el 2025 - Radio Huancayo<\/title>\n<meta name=\"robots\" content=\"index, follow, max-snippet:-1, max-image-preview:large, max-video-preview:-1\" \/>\n<link rel=\"canonical\" href=\"https:\/\/radiohuancayo.com.pe\/wp54\/oficial-cienciano-anuncio-renovacion-de-christian-cueva-por-todo-el-2025\/\" \/>\n<meta property=\"og:locale\" content=\"es_ES\" \/>\n<meta property=\"og:type\" content=\"article\" \/>\n<meta property=\"og:title\" content=\"\u00a1Oficial! Cienciano anunci\u00f3 renovaci\u00f3n de Christian Cueva por todo el 2025 - Radio Huancayo\" \/>\n<meta property=\"og:description\" content=\"A trav\u00e9s de las redes sociales, el cuadro de Cienciano del Cusco dio a conocer la renovaci\u00f3n del v\u00ednculo con el mediocampista nacional Christian Cueva por todo el 2025. \u00ab\u00a1Seguimos juntos, &#8216;Aladino&#8217;! Christian Cueva continuar\u00e1 vistiendo nuestra camiseta con orgulla la pr\u00f3xima temporada\u00bb, se\u00f1al\u00f3 el cuadro cusque\u00f1o en redes sociales. adComo se sabe, Cueva retorn\u00f3 al Cusco hace unos d\u00edas y se encuentra haciendo la pretemporada bajo las \u00f3rdenes de Cristian D\u00edaz, sin embargo faltaba el anuncio oficial por parte del &#8216;Pap\u00e1&#8217;. As\u00ed, Cueva se alista para disputar esta temporada la Liga1 Te Apuesto, adem\u00e1s de la Copa Sudamericana donde enfrentar\u00e1n a ADT. Recordemos que Cienciano viene trabajando con las incorporaciones de Ignacio Barrios, Leonel Galeano (ARG), Juan Bolado (ARG), Santiago Arias (URU), Maximiliano Amondarain (URU), Agust\u00edn Gonz\u00e1lez (URU), Cristian Neira, Osnar Noronha, entre otros jugadores que se han sumado para esta temporada.\" \/>\n<meta property=\"og:url\" content=\"https:\/\/radiohuancayo.com.pe\/wp54\/oficial-cienciano-anuncio-renovacion-de-christian-cueva-por-todo-el-2025\/\" \/>\n<meta property=\"og:site_name\" content=\"Radio Huancayo\" \/>\n<meta property=\"article:published_time\" content=\"2025-01-08T21:28:46+00:00\" \/>\n<meta property=\"article:modified_time\" content=\"2025-01-08T21:28:47+00:00\" \/>\n<meta property=\"og:image\" content=\"https:\/\/radiohuancayo.com.pe\/wp54\/wp-content\/uploads\/2025\/01\/image-14.png\" \/>\n\t<meta property=\"og:image:width\" content=\"1200\" \/>\n\t<meta property=\"og:image:height\" content=\"630\" \/>\n\t<meta property=\"og:image:type\" content=\"image\/png\" \/>\n<meta name=\"author\" content=\"Michel Sanchez\" \/>\n<meta name=\"twitter:card\" content=\"summary_large_image\" \/>\n<meta name=\"twitter:label1\" content=\"Escrito por\" \/>\n\t<meta name=\"twitter:data1\" content=\"Michel Sanchez\" \/>\n\t<meta name=\"twitter:label2\" content=\"Tiempo de lectura\" \/>\n\t<meta name=\"twitter:data2\" content=\"1 minuto\" \/>\n<script type=\"application\/ld+json\" class=\"yoast-schema-graph\">{\"@context\":\"https:\\\/\\\/schema.org\",\"@graph\":[{\"@type\":\"Article\",\"@id\":\"https:\\\/\\\/radiohuancayo.com.pe\\\/wp54\\\/oficial-cienciano-anuncio-renovacion-de-christian-cueva-por-todo-el-2025\\\/#article\",\"isPartOf\":{\"@id\":\"https:\\\/\\\/radiohuancayo.com.pe\\\/wp54\\\/oficial-cienciano-anuncio-renovacion-de-christian-cueva-por-todo-el-2025\\\/\"},\"author\":{\"name\":\"Michel Sanchez\",\"@id\":\"https:\\\/\\\/radiohuancayo.com.pe\\\/wp54\\\/#\\\/schema\\\/person\\\/74fb124dee9900c6f4d0535fa1d2b5ae\"},\"headline\":\"\u00a1Oficial! Cienciano anunci\u00f3 renovaci\u00f3n de Christian Cueva por todo el 2025\",\"datePublished\":\"2025-01-08T21:28:46+00:00\",\"dateModified\":\"2025-01-08T21:28:47+00:00\",\"mainEntityOfPage\":{\"@id\":\"https:\\\/\\\/radiohuancayo.com.pe\\\/wp54\\\/oficial-cienciano-anuncio-renovacion-de-christian-cueva-por-todo-el-2025\\\/\"},\"wordCount\":166,\"commentCount\":0,\"publisher\":{\"@id\":\"https:\\\/\\\/radiohuancayo.com.pe\\\/wp54\\\/#organization\"},\"image\":{\"@id\":\"https:\\\/\\\/radiohuancayo.com.pe\\\/wp54\\\/oficial-cienciano-anuncio-renovacion-de-christian-cueva-por-todo-el-2025\\\/#primaryimage\"},\"thumbnailUrl\":\"https:\\\/\\\/radiohuancayo.com.pe\\\/wp54\\\/wp-content\\\/uploads\\\/2025\\\/01\\\/image-14.png\",\"articleSection\":[\"Deportes\"],\"inLanguage\":\"es\",\"potentialAction\":[{\"@type\":\"CommentAction\",\"name\":\"Comment\",\"target\":[\"https:\\\/\\\/radiohuancayo.com.pe\\\/wp54\\\/oficial-cienciano-anuncio-renovacion-de-christian-cueva-por-todo-el-2025\\\/#respond\"]}]},{\"@type\":\"WebPage\",\"@id\":\"https:\\\/\\\/radiohuancayo.com.pe\\\/wp54\\\/oficial-cienciano-anuncio-renovacion-de-christian-cueva-por-todo-el-2025\\\/\",\"url\":\"https:\\\/\\\/radiohuancayo.com.pe\\\/wp54\\\/oficial-cienciano-anuncio-renovacion-de-christian-cueva-por-todo-el-2025\\\/\",\"name\":\"\u00a1Oficial! Cienciano anunci\u00f3 renovaci\u00f3n de Christian Cueva por todo el 2025 - Radio Huancayo\",\"isPartOf\":{\"@id\":\"https:\\\/\\\/radiohuancayo.com.pe\\\/wp54\\\/#website\"},\"primaryImageOfPage\":{\"@id\":\"https:\\\/\\\/radiohuancayo.com.pe\\\/wp54\\\/oficial-cienciano-anuncio-renovacion-de-christian-cueva-por-todo-el-2025\\\/#primaryimage\"},\"image\":{\"@id\":\"https:\\\/\\\/radiohuancayo.com.pe\\\/wp54\\\/oficial-cienciano-anuncio-renovacion-de-christian-cueva-por-todo-el-2025\\\/#primaryimage\"},\"thumbnailUrl\":\"https:\\\/\\\/radiohuancayo.com.pe\\\/wp54\\\/wp-content\\\/uploads\\\/2025\\\/01\\\/image-14.png\",\"datePublished\":\"2025-01-08T21:28:46+00:00\",\"dateModified\":\"2025-01-08T21:28:47+00:00\",\"breadcrumb\":{\"@id\":\"https:\\\/\\\/radiohuancayo.com.pe\\\/wp54\\\/oficial-cienciano-anuncio-renovacion-de-christian-cueva-por-todo-el-2025\\\/#breadcrumb\"},\"inLanguage\":\"es\",\"potentialAction\":[{\"@type\":\"ReadAction\",\"target\":[\"https:\\\/\\\/radiohuancayo.com.pe\\\/wp54\\\/oficial-cienciano-anuncio-renovacion-de-christian-cueva-por-todo-el-2025\\\/\"]}]},{\"@type\":\"ImageObject\",\"inLanguage\":\"es\",\"@id\":\"https:\\\/\\\/radiohuancayo.com.pe\\\/wp54\\\/oficial-cienciano-anuncio-renovacion-de-christian-cueva-por-todo-el-2025\\\/#primaryimage\",\"url\":\"https:\\\/\\\/radiohuancayo.com.pe\\\/wp54\\\/wp-content\\\/uploads\\\/2025\\\/01\\\/image-14.png\",\"contentUrl\":\"https:\\\/\\\/radiohuancayo.com.pe\\\/wp54\\\/wp-content\\\/uploads\\\/2025\\\/01\\\/image-14.png\",\"width\":1200,\"height\":630},{\"@type\":\"BreadcrumbList\",\"@id\":\"https:\\\/\\\/radiohuancayo.com.pe\\\/wp54\\\/oficial-cienciano-anuncio-renovacion-de-christian-cueva-por-todo-el-2025\\\/#breadcrumb\",\"itemListElement\":[{\"@type\":\"ListItem\",\"position\":1,\"name\":\"Portada\",\"item\":\"https:\\\/\\\/radiohuancayo.com.pe\\\/wp54\\\/\"},{\"@type\":\"ListItem\",\"position\":2,\"name\":\"\u00a1Oficial! Cienciano anunci\u00f3 renovaci\u00f3n de Christian Cueva por todo el 2025\"}]},{\"@type\":\"WebSite\",\"@id\":\"https:\\\/\\\/radiohuancayo.com.pe\\\/wp54\\\/#website\",\"url\":\"https:\\\/\\\/radiohuancayo.com.pe\\\/wp54\\\/\",\"name\":\"Radio Huancayo\",\"description\":\"me gusta!!!\",\"publisher\":{\"@id\":\"https:\\\/\\\/radiohuancayo.com.pe\\\/wp54\\\/#organization\"},\"potentialAction\":[{\"@type\":\"SearchAction\",\"target\":{\"@type\":\"EntryPoint\",\"urlTemplate\":\"https:\\\/\\\/radiohuancayo.com.pe\\\/wp54\\\/?s={search_term_string}\"},\"query-input\":{\"@type\":\"PropertyValueSpecification\",\"valueRequired\":true,\"valueName\":\"search_term_string\"}}],\"inLanguage\":\"es\"},{\"@type\":\"Organization\",\"@id\":\"https:\\\/\\\/radiohuancayo.com.pe\\\/wp54\\\/#organization\",\"name\":\"Radio Huancayo\",\"url\":\"https:\\\/\\\/radiohuancayo.com.pe\\\/wp54\\\/\",\"logo\":{\"@type\":\"ImageObject\",\"inLanguage\":\"es\",\"@id\":\"https:\\\/\\\/radiohuancayo.com.pe\\\/wp54\\\/#\\\/schema\\\/logo\\\/image\\\/\",\"url\":\"https:\\\/\\\/radiohuancayo.com.pe\\\/wp54\\\/wp-content\\\/uploads\\\/2022\\\/04\\\/CABE01.png\",\"contentUrl\":\"https:\\\/\\\/radiohuancayo.com.pe\\\/wp54\\\/wp-content\\\/uploads\\\/2022\\\/04\\\/CABE01.png\",\"width\":1640,\"height\":300,\"caption\":\"Radio Huancayo\"},\"image\":{\"@id\":\"https:\\\/\\\/radiohuancayo.com.pe\\\/wp54\\\/#\\\/schema\\\/logo\\\/image\\\/\"}},{\"@type\":\"Person\",\"@id\":\"https:\\\/\\\/radiohuancayo.com.pe\\\/wp54\\\/#\\\/schema\\\/person\\\/74fb124dee9900c6f4d0535fa1d2b5ae\",\"name\":\"Michel Sanchez\",\"image\":{\"@type\":\"ImageObject\",\"inLanguage\":\"es\",\"@id\":\"https:\\\/\\\/secure.gravatar.com\\\/avatar\\\/f7f6944c01b3f15a174d0cf055aea75c46697913fc8a9cf5c3cf3e8800c645f6?s=96&d=mm&r=g\",\"url\":\"https:\\\/\\\/secure.gravatar.com\\\/avatar\\\/f7f6944c01b3f15a174d0cf055aea75c46697913fc8a9cf5c3cf3e8800c645f6?s=96&d=mm&r=g\",\"contentUrl\":\"https:\\\/\\\/secure.gravatar.com\\\/avatar\\\/f7f6944c01b3f15a174d0cf055aea75c46697913fc8a9cf5c3cf3e8800c645f6?s=96&d=mm&r=g\",\"caption\":\"Michel Sanchez\"},\"url\":\"https:\\\/\\\/radiohuancayo.com.pe\\\/wp54\\\/author\\\/memoris\\\/\"}]}<\/script>\n<!-- \/ Yoast SEO plugin. -->","yoast_head_json":{"title":"\u00a1Oficial! Cienciano anunci\u00f3 renovaci\u00f3n de Christian Cueva por todo el 2025 - Radio Huancayo","robots":{"index":"index","follow":"follow","max-snippet":"max-snippet:-1","max-image-preview":"max-image-preview:large","max-video-preview":"max-video-preview:-1"},"canonical":"https:\/\/radiohuancayo.com.pe\/wp54\/oficial-cienciano-anuncio-renovacion-de-christian-cueva-por-todo-el-2025\/","og_locale":"es_ES","og_type":"article","og_title":"\u00a1Oficial! Cienciano anunci\u00f3 renovaci\u00f3n de Christian Cueva por todo el 2025 - Radio Huancayo","og_description":"A trav\u00e9s de las redes sociales, el cuadro de Cienciano del Cusco dio a conocer la renovaci\u00f3n del v\u00ednculo con el mediocampista nacional Christian Cueva por todo el 2025. \u00ab\u00a1Seguimos juntos, &#8216;Aladino&#8217;! Christian Cueva continuar\u00e1 vistiendo nuestra camiseta con orgulla la pr\u00f3xima temporada\u00bb, se\u00f1al\u00f3 el cuadro cusque\u00f1o en redes sociales. adComo se sabe, Cueva retorn\u00f3 al Cusco hace unos d\u00edas y se encuentra haciendo la pretemporada bajo las \u00f3rdenes de Cristian D\u00edaz, sin embargo faltaba el anuncio oficial por parte del &#8216;Pap\u00e1&#8217;. As\u00ed, Cueva se alista para disputar esta temporada la Liga1 Te Apuesto, adem\u00e1s de la Copa Sudamericana donde enfrentar\u00e1n a ADT. Recordemos que Cienciano viene trabajando con las incorporaciones de Ignacio Barrios, Leonel Galeano (ARG), Juan Bolado (ARG), Santiago Arias (URU), Maximiliano Amondarain (URU), Agust\u00edn Gonz\u00e1lez (URU), Cristian Neira, Osnar Noronha, entre otros jugadores que se han sumado para esta temporada.","og_url":"https:\/\/radiohuancayo.com.pe\/wp54\/oficial-cienciano-anuncio-renovacion-de-christian-cueva-por-todo-el-2025\/","og_site_name":"Radio Huancayo","article_published_time":"2025-01-08T21:28:46+00:00","article_modified_time":"2025-01-08T21:28:47+00:00","og_image":[{"width":1200,"height":630,"url":"https:\/\/radiohuancayo.com.pe\/wp54\/wp-content\/uploads\/2025\/01\/image-14.png","type":"image\/png"}],"author":"Michel Sanchez","twitter_card":"summary_large_image","twitter_misc":{"Escrito por":"Michel Sanchez","Tiempo de lectura":"1 minuto"},"schema":{"@context":"https:\/\/schema.org","@graph":[{"@type":"Article","@id":"https:\/\/radiohuancayo.com.pe\/wp54\/oficial-cienciano-anuncio-renovacion-de-christian-cueva-por-todo-el-2025\/#article","isPartOf":{"@id":"https:\/\/radiohuancayo.com.pe\/wp54\/oficial-cienciano-anuncio-renovacion-de-christian-cueva-por-todo-el-2025\/"},"author":{"name":"Michel Sanchez","@id":"https:\/\/radiohuancayo.com.pe\/wp54\/#\/schema\/person\/74fb124dee9900c6f4d0535fa1d2b5ae"},"headline":"\u00a1Oficial! Cienciano anunci\u00f3 renovaci\u00f3n de Christian Cueva por todo el 2025","datePublished":"2025-01-08T21:28:46+00:00","dateModified":"2025-01-08T21:28:47+00:00","mainEntityOfPage":{"@id":"https:\/\/radiohuancayo.com.pe\/wp54\/oficial-cienciano-anuncio-renovacion-de-christian-cueva-por-todo-el-2025\/"},"wordCount":166,"commentCount":0,"publisher":{"@id":"https:\/\/radiohuancayo.com.pe\/wp54\/#organization"},"image":{"@id":"https:\/\/radiohuancayo.com.pe\/wp54\/oficial-cienciano-anuncio-renovacion-de-christian-cueva-por-todo-el-2025\/#primaryimage"},"thumbnailUrl":"https:\/\/radiohuancayo.com.pe\/wp54\/wp-content\/uploads\/2025\/01\/image-14.png","articleSection":["Deportes"],"inLanguage":"es","potentialAction":[{"@type":"CommentAction","name":"Comment","target":["https:\/\/radiohuancayo.com.pe\/wp54\/oficial-cienciano-anuncio-renovacion-de-christian-cueva-por-todo-el-2025\/#respond"]}]},{"@type":"WebPage","@id":"https:\/\/radiohuancayo.com.pe\/wp54\/oficial-cienciano-anuncio-renovacion-de-christian-cueva-por-todo-el-2025\/","url":"https:\/\/radiohuancayo.com.pe\/wp54\/oficial-cienciano-anuncio-renovacion-de-christian-cueva-por-todo-el-2025\/","name":"\u00a1Oficial! Cienciano anunci\u00f3 renovaci\u00f3n de Christian Cueva por todo el 2025 - Radio Huancayo","isPartOf":{"@id":"https:\/\/radiohuancayo.com.pe\/wp54\/#website"},"primaryImageOfPage":{"@id":"https:\/\/radiohuancayo.com.pe\/wp54\/oficial-cienciano-anuncio-renovacion-de-christian-cueva-por-todo-el-2025\/#primaryimage"},"image":{"@id":"https:\/\/radiohuancayo.com.pe\/wp54\/oficial-cienciano-anuncio-renovacion-de-christian-cueva-por-todo-el-2025\/#primaryimage"},"thumbnailUrl":"https:\/\/radiohuancayo.com.pe\/wp54\/wp-content\/uploads\/2025\/01\/image-14.png","datePublished":"2025-01-08T21:28:46+00:00","dateModified":"2025-01-08T21:28:47+00:00","breadcrumb":{"@id":"https:\/\/radiohuancayo.com.pe\/wp54\/oficial-cienciano-anuncio-renovacion-de-christian-cueva-por-todo-el-2025\/#breadcrumb"},"inLanguage":"es","potentialAction":[{"@type":"ReadAction","target":["https:\/\/radiohuancayo.com.pe\/wp54\/oficial-cienciano-anuncio-renovacion-de-christian-cueva-por-todo-el-2025\/"]}]},{"@type":"ImageObject","inLanguage":"es","@id":"https:\/\/radiohuancayo.com.pe\/wp54\/oficial-cienciano-anuncio-renovacion-de-christian-cueva-por-todo-el-2025\/#primaryimage","url":"https:\/\/radiohuancayo.com.pe\/wp54\/wp-content\/uploads\/2025\/01\/image-14.png","contentUrl":"https:\/\/radiohuancayo.com.pe\/wp54\/wp-content\/uploads\/2025\/01\/image-14.png","width":1200,"height":630},{"@type":"BreadcrumbList","@id":"https:\/\/radiohuancayo.com.pe\/wp54\/oficial-cienciano-anuncio-renovacion-de-christian-cueva-por-todo-el-2025\/#breadcrumb","itemListElement":[{"@type":"ListItem","position":1,"name":"Portada","item":"https:\/\/radiohuancayo.com.pe\/wp54\/"},{"@type":"ListItem","position":2,"name":"\u00a1Oficial! Cienciano anunci\u00f3 renovaci\u00f3n de Christian Cueva por todo el 2025"}]},{"@type":"WebSite","@id":"https:\/\/radiohuancayo.com.pe\/wp54\/#website","url":"https:\/\/radiohuancayo.com.pe\/wp54\/","name":"Radio Huancayo","description":"me gusta!!!","publisher":{"@id":"https:\/\/radiohuancayo.com.pe\/wp54\/#organization"},"potentialAction":[{"@type":"SearchAction","target":{"@type":"EntryPoint","urlTemplate":"https:\/\/radiohuancayo.com.pe\/wp54\/?s={search_term_string}"},"query-input":{"@type":"PropertyValueSpecification","valueRequired":true,"valueName":"search_term_string"}}],"inLanguage":"es"},{"@type":"Organization","@id":"https:\/\/radiohuancayo.com.pe\/wp54\/#organization","name":"Radio Huancayo","url":"https:\/\/radiohuancayo.com.pe\/wp54\/","logo":{"@type":"ImageObject","inLanguage":"es","@id":"https:\/\/radiohuancayo.com.pe\/wp54\/#\/schema\/logo\/image\/","url":"https:\/\/radiohuancayo.com.pe\/wp54\/wp-content\/uploads\/2022\/04\/CABE01.png","contentUrl":"https:\/\/radiohuancayo.com.pe\/wp54\/wp-content\/uploads\/2022\/04\/CABE01.png","width":1640,"height":300,"caption":"Radio Huancayo"},"image":{"@id":"https:\/\/radiohuancayo.com.pe\/wp54\/#\/schema\/logo\/image\/"}},{"@type":"Person","@id":"https:\/\/radiohuancayo.com.pe\/wp54\/#\/schema\/person\/74fb124dee9900c6f4d0535fa1d2b5ae","name":"Michel Sanchez","image":{"@type":"ImageObject","inLanguage":"es","@id":"https:\/\/secure.gravatar.com\/avatar\/f7f6944c01b3f15a174d0cf055aea75c46697913fc8a9cf5c3cf3e8800c645f6?s=96&d=mm&r=g","url":"https:\/\/secure.gravatar.com\/avatar\/f7f6944c01b3f15a174d0cf055aea75c46697913fc8a9cf5c3cf3e8800c645f6?s=96&d=mm&r=g","contentUrl":"https:\/\/secure.gravatar.com\/avatar\/f7f6944c01b3f15a174d0cf055aea75c46697913fc8a9cf5c3cf3e8800c645f6?s=96&d=mm&r=g","caption":"Michel Sanchez"},"url":"https:\/\/radiohuancayo.com.pe\/wp54\/author\/memoris\/"}]}},"_links":{"self":[{"href":"https:\/\/radiohuancayo.com.pe\/wp54\/wp-json\/wp\/v2\/posts\/29291","targetHints":{"allow":["GET"]}}],"collection":[{"href":"https:\/\/radiohuancayo.com.pe\/wp54\/wp-json\/wp\/v2\/posts"}],"about":[{"href":"https:\/\/radiohuancayo.com.pe\/wp54\/wp-json\/wp\/v2\/types\/post"}],"author":[{"embeddable":true,"href":"https:\/\/radiohuancayo.com.pe\/wp54\/wp-json\/wp\/v2\/users\/2"}],"replies":[{"embeddable":true,"href":"https:\/\/radiohuancayo.com.pe\/wp54\/wp-json\/wp\/v2\/comments?post=29291"}],"version-history":[{"count":1,"href":"https:\/\/radiohuancayo.com.pe\/wp54\/wp-json\/wp\/v2\/posts\/29291\/revisions"}],"predecessor-version":[{"id":29293,"href":"https:\/\/radiohuancayo.com.pe\/wp54\/wp-json\/wp\/v2\/posts\/29291\/revisions\/29293"}],"wp:featuredmedia":[{"embeddable":true,"href":"https:\/\/radiohuancayo.com.pe\/wp54\/wp-json\/wp\/v2\/media\/29292"}],"wp:attachment":[{"href":"https:\/\/radiohuancayo.com.pe\/wp54\/wp-json\/wp\/v2\/media?parent=29291"}],"wp:term":[{"taxonomy":"category","embeddable":true,"href":"https:\/\/radiohuancayo.com.pe\/wp54\/wp-json\/wp\/v2\/categories?post=29291"},{"taxonomy":"post_tag","embeddable":true,"href":"https:\/\/radiohuancayo.com.pe\/wp54\/wp-json\/wp\/v2\/tags?post=29291"}],"curies":[{"name":"wp","href":"https:\/\/api.w.org\/{rel}","templated":true}]}}