{"id":29297,"date":"2025-01-08T16:32:41","date_gmt":"2025-01-08T21:32:41","guid":{"rendered":"https:\/\/radiohuancayo.com.pe\/wp54\/?p=29297"},"modified":"2025-01-08T16:32:41","modified_gmt":"2025-01-08T21:32:41","slug":"chemo-del-solar-dejara-la-fpf-tras-sudamericano-sub-20","status":"publish","type":"post","link":"https:\/\/radiohuancayo.com.pe\/wp54\/chemo-del-solar-dejara-la-fpf-tras-sudamericano-sub-20\/","title":{"rendered":"&#8216;Chemo&#8217; Del Solar dejar\u00e1 la FPF tras Sudamericano Sub 20"},"content":{"rendered":"\n<p>El Jefe de la Unidad T\u00e9cnica de Menores de la Federaci\u00f3n Peruana de F\u00fatbol, Jos\u00e9 &#8216;Chemo&#8217; Del Solar, no continuar\u00e1 en su cargo tras el Sudamericano Sub 20 que se disputar\u00e1 en algunos d\u00edas m\u00e1s en Venezuela.<\/p>\n\n\n\n<p>&#8216;Chemo&#8217; habr\u00eda presentado su renuncia al cargo hace algunos d\u00edas, por lo que solo estar\u00e1 al mando de la Blanquirroja Sub-20 en este torneo y, una vez culminado, dejar\u00e1 su cargo en la FPF.<\/p>\n\n\n\n<p>Recordemos que Del Solar tom\u00f3 la batuta de la Unidad T\u00e9cnica de Menores desde febrero del 2023, donde con una buena planificaci\u00f3n intent\u00f3 mejorar las distintas categor\u00edas menores, sin embargo desde la FPF no habr\u00edan cumplido con algunos pedidos del t\u00e9cnico nacional por lo que decidi\u00f3 dar un paso al costado.<\/p>\n\n\n\n<p>Del Solar se encuentra en Colombia, donde Per\u00fa jugar\u00e1 unos \u00faltimos amistosos para posteriormente trasladarse a Venezuela para disputar el Sudamericano U20.<\/p>\n\n\n\n<h3 class=\"wp-block-heading\"><strong>\u00bfCU\u00c1NDO DEBUTA PER\u00da EN EL SUDAMERICANO?<\/strong><\/h3>\n\n\n\n<p>La Selecci\u00f3n peruana debutar\u00e1 el pr\u00f3ximo 23 de enero frente a Paraguay, mientras que d\u00edas despu\u00e9s enfrentar\u00e1 a Venezuela. En la tercera jornada, chocaremos con Chile, mientras que el cuarto cotejo ser\u00e1 ante Uruguay ya que la Blanquirroja descansar\u00e1 en la \u00faltima fecha.<\/p>\n\n\n\n<p>Se conoci\u00f3 que, una vez terminado el Sudamericano U20, &#8216;Chemo&#8217; del Solar asumir\u00eda la jefatura de la Unidad t\u00e9cnica de la U. C\u00e9sar Vallejo que buscar\u00e1 su ascenso en el 2025.<\/p>\n","protected":false},"excerpt":{"rendered":"<p>El Jefe de la Unidad T\u00e9cnica de Menores de la Federaci\u00f3n Peruana de F\u00fatbol, Jos\u00e9 &#8216;Chemo&#8217; Del Solar, no continuar\u00e1 en su cargo tras el Sudamericano Sub 20 que se disputar\u00e1 en algunos d\u00edas m\u00e1s en Venezuela. &#8216;Chemo&#8217; habr\u00eda presentado su renuncia al cargo hace algunos d\u00edas, por lo que solo estar\u00e1 al mando de la Blanquirroja Sub-20 en este torneo y, una vez culminado, dejar\u00e1 su cargo en la FPF. Recordemos que Del Solar tom\u00f3 la batuta de la Unidad T\u00e9cnica de Menores desde febrero del 2023, donde con una buena planificaci\u00f3n intent\u00f3 mejorar las distintas categor\u00edas menores, sin embargo desde la FPF no habr\u00edan cumplido con algunos pedidos del t\u00e9cnico nacional por lo que decidi\u00f3 dar un paso al costado. Del Solar se encuentra en Colombia, donde Per\u00fa jugar\u00e1 unos \u00faltimos amistosos para posteriormente trasladarse a Venezuela para disputar el Sudamericano U20. \u00bfCU\u00c1NDO DEBUTA PER\u00da EN EL SUDAMERICANO? La Selecci\u00f3n peruana debutar\u00e1 el pr\u00f3ximo 23 de enero frente a Paraguay, mientras que d\u00edas despu\u00e9s enfrentar\u00e1 a Venezuela. En la tercera jornada, chocaremos con Chile, mientras que el cuarto cotejo ser\u00e1 ante Uruguay ya que la Blanquirroja descansar\u00e1 en la \u00faltima fecha. Se conoci\u00f3 que, una vez terminado el Sudamericano U20, &#8216;Chemo&#8217; del Solar asumir\u00eda la jefatura de la Unidad t\u00e9cnica de la U. C\u00e9sar Vallejo que buscar\u00e1 su ascenso en el 2025.<\/p>\n","protected":false},"author":2,"featured_media":29298,"comment_status":"open","ping_status":"open","sticky":false,"template":"","format":"standard","meta":{"footnotes":""},"categories":[7],"tags":[],"class_list":["post-29297","post","type-post","status-publish","format-standard","has-post-thumbnail","hentry","category-deportes"],"yoast_head":"<!-- This site is optimized with the Yoast SEO plugin v27.5 - https:\/\/yoast.com\/product\/yoast-seo-wordpress\/ -->\n<title>&#039;Chemo&#039; Del Solar dejar\u00e1 la FPF tras Sudamericano Sub 20 - Radio Huancayo<\/title>\n<meta name=\"robots\" content=\"index, follow, max-snippet:-1, max-image-preview:large, max-video-preview:-1\" \/>\n<link rel=\"canonical\" href=\"https:\/\/radiohuancayo.com.pe\/wp54\/chemo-del-solar-dejara-la-fpf-tras-sudamericano-sub-20\/\" \/>\n<meta property=\"og:locale\" content=\"es_ES\" \/>\n<meta property=\"og:type\" content=\"article\" \/>\n<meta property=\"og:title\" content=\"&#039;Chemo&#039; Del Solar dejar\u00e1 la FPF tras Sudamericano Sub 20 - Radio Huancayo\" \/>\n<meta property=\"og:description\" content=\"El Jefe de la Unidad T\u00e9cnica de Menores de la Federaci\u00f3n Peruana de F\u00fatbol, Jos\u00e9 &#8216;Chemo&#8217; Del Solar, no continuar\u00e1 en su cargo tras el Sudamericano Sub 20 que se disputar\u00e1 en algunos d\u00edas m\u00e1s en Venezuela. &#8216;Chemo&#8217; habr\u00eda presentado su renuncia al cargo hace algunos d\u00edas, por lo que solo estar\u00e1 al mando de la Blanquirroja Sub-20 en este torneo y, una vez culminado, dejar\u00e1 su cargo en la FPF. Recordemos que Del Solar tom\u00f3 la batuta de la Unidad T\u00e9cnica de Menores desde febrero del 2023, donde con una buena planificaci\u00f3n intent\u00f3 mejorar las distintas categor\u00edas menores, sin embargo desde la FPF no habr\u00edan cumplido con algunos pedidos del t\u00e9cnico nacional por lo que decidi\u00f3 dar un paso al costado. Del Solar se encuentra en Colombia, donde Per\u00fa jugar\u00e1 unos \u00faltimos amistosos para posteriormente trasladarse a Venezuela para disputar el Sudamericano U20. \u00bfCU\u00c1NDO DEBUTA PER\u00da EN EL SUDAMERICANO? La Selecci\u00f3n peruana debutar\u00e1 el pr\u00f3ximo 23 de enero frente a Paraguay, mientras que d\u00edas despu\u00e9s enfrentar\u00e1 a Venezuela. En la tercera jornada, chocaremos con Chile, mientras que el cuarto cotejo ser\u00e1 ante Uruguay ya que la Blanquirroja descansar\u00e1 en la \u00faltima fecha. Se conoci\u00f3 que, una vez terminado el Sudamericano U20, &#8216;Chemo&#8217; del Solar asumir\u00eda la jefatura de la Unidad t\u00e9cnica de la U. C\u00e9sar Vallejo que buscar\u00e1 su ascenso en el 2025.\" \/>\n<meta property=\"og:url\" content=\"https:\/\/radiohuancayo.com.pe\/wp54\/chemo-del-solar-dejara-la-fpf-tras-sudamericano-sub-20\/\" \/>\n<meta property=\"og:site_name\" content=\"Radio Huancayo\" \/>\n<meta property=\"article:published_time\" content=\"2025-01-08T21:32:41+00:00\" \/>\n<meta property=\"og:image\" content=\"https:\/\/radiohuancayo.com.pe\/wp54\/wp-content\/uploads\/2025\/01\/image-16.png\" \/>\n\t<meta property=\"og:image:width\" content=\"1200\" \/>\n\t<meta property=\"og:image:height\" content=\"630\" \/>\n\t<meta property=\"og:image:type\" content=\"image\/png\" \/>\n<meta name=\"author\" content=\"Michel Sanchez\" \/>\n<meta name=\"twitter:card\" content=\"summary_large_image\" \/>\n<meta name=\"twitter:label1\" content=\"Escrito por\" \/>\n\t<meta name=\"twitter:data1\" content=\"Michel Sanchez\" \/>\n\t<meta name=\"twitter:label2\" content=\"Tiempo de lectura\" \/>\n\t<meta name=\"twitter:data2\" content=\"2 minutos\" \/>\n<script type=\"application\/ld+json\" class=\"yoast-schema-graph\">{\"@context\":\"https:\\\/\\\/schema.org\",\"@graph\":[{\"@type\":\"Article\",\"@id\":\"https:\\\/\\\/radiohuancayo.com.pe\\\/wp54\\\/chemo-del-solar-dejara-la-fpf-tras-sudamericano-sub-20\\\/#article\",\"isPartOf\":{\"@id\":\"https:\\\/\\\/radiohuancayo.com.pe\\\/wp54\\\/chemo-del-solar-dejara-la-fpf-tras-sudamericano-sub-20\\\/\"},\"author\":{\"name\":\"Michel Sanchez\",\"@id\":\"https:\\\/\\\/radiohuancayo.com.pe\\\/wp54\\\/#\\\/schema\\\/person\\\/74fb124dee9900c6f4d0535fa1d2b5ae\"},\"headline\":\"&#8216;Chemo&#8217; Del Solar dejar\u00e1 la FPF tras Sudamericano Sub 20\",\"datePublished\":\"2025-01-08T21:32:41+00:00\",\"mainEntityOfPage\":{\"@id\":\"https:\\\/\\\/radiohuancayo.com.pe\\\/wp54\\\/chemo-del-solar-dejara-la-fpf-tras-sudamericano-sub-20\\\/\"},\"wordCount\":249,\"commentCount\":0,\"publisher\":{\"@id\":\"https:\\\/\\\/radiohuancayo.com.pe\\\/wp54\\\/#organization\"},\"image\":{\"@id\":\"https:\\\/\\\/radiohuancayo.com.pe\\\/wp54\\\/chemo-del-solar-dejara-la-fpf-tras-sudamericano-sub-20\\\/#primaryimage\"},\"thumbnailUrl\":\"https:\\\/\\\/radiohuancayo.com.pe\\\/wp54\\\/wp-content\\\/uploads\\\/2025\\\/01\\\/image-16.png\",\"articleSection\":[\"Deportes\"],\"inLanguage\":\"es\",\"potentialAction\":[{\"@type\":\"CommentAction\",\"name\":\"Comment\",\"target\":[\"https:\\\/\\\/radiohuancayo.com.pe\\\/wp54\\\/chemo-del-solar-dejara-la-fpf-tras-sudamericano-sub-20\\\/#respond\"]}]},{\"@type\":\"WebPage\",\"@id\":\"https:\\\/\\\/radiohuancayo.com.pe\\\/wp54\\\/chemo-del-solar-dejara-la-fpf-tras-sudamericano-sub-20\\\/\",\"url\":\"https:\\\/\\\/radiohuancayo.com.pe\\\/wp54\\\/chemo-del-solar-dejara-la-fpf-tras-sudamericano-sub-20\\\/\",\"name\":\"'Chemo' Del Solar dejar\u00e1 la FPF tras Sudamericano Sub 20 - Radio Huancayo\",\"isPartOf\":{\"@id\":\"https:\\\/\\\/radiohuancayo.com.pe\\\/wp54\\\/#website\"},\"primaryImageOfPage\":{\"@id\":\"https:\\\/\\\/radiohuancayo.com.pe\\\/wp54\\\/chemo-del-solar-dejara-la-fpf-tras-sudamericano-sub-20\\\/#primaryimage\"},\"image\":{\"@id\":\"https:\\\/\\\/radiohuancayo.com.pe\\\/wp54\\\/chemo-del-solar-dejara-la-fpf-tras-sudamericano-sub-20\\\/#primaryimage\"},\"thumbnailUrl\":\"https:\\\/\\\/radiohuancayo.com.pe\\\/wp54\\\/wp-content\\\/uploads\\\/2025\\\/01\\\/image-16.png\",\"datePublished\":\"2025-01-08T21:32:41+00:00\",\"breadcrumb\":{\"@id\":\"https:\\\/\\\/radiohuancayo.com.pe\\\/wp54\\\/chemo-del-solar-dejara-la-fpf-tras-sudamericano-sub-20\\\/#breadcrumb\"},\"inLanguage\":\"es\",\"potentialAction\":[{\"@type\":\"ReadAction\",\"target\":[\"https:\\\/\\\/radiohuancayo.com.pe\\\/wp54\\\/chemo-del-solar-dejara-la-fpf-tras-sudamericano-sub-20\\\/\"]}]},{\"@type\":\"ImageObject\",\"inLanguage\":\"es\",\"@id\":\"https:\\\/\\\/radiohuancayo.com.pe\\\/wp54\\\/chemo-del-solar-dejara-la-fpf-tras-sudamericano-sub-20\\\/#primaryimage\",\"url\":\"https:\\\/\\\/radiohuancayo.com.pe\\\/wp54\\\/wp-content\\\/uploads\\\/2025\\\/01\\\/image-16.png\",\"contentUrl\":\"https:\\\/\\\/radiohuancayo.com.pe\\\/wp54\\\/wp-content\\\/uploads\\\/2025\\\/01\\\/image-16.png\",\"width\":1200,\"height\":630},{\"@type\":\"BreadcrumbList\",\"@id\":\"https:\\\/\\\/radiohuancayo.com.pe\\\/wp54\\\/chemo-del-solar-dejara-la-fpf-tras-sudamericano-sub-20\\\/#breadcrumb\",\"itemListElement\":[{\"@type\":\"ListItem\",\"position\":1,\"name\":\"Portada\",\"item\":\"https:\\\/\\\/radiohuancayo.com.pe\\\/wp54\\\/\"},{\"@type\":\"ListItem\",\"position\":2,\"name\":\"&#8216;Chemo&#8217; Del Solar dejar\u00e1 la FPF tras Sudamericano Sub 20\"}]},{\"@type\":\"WebSite\",\"@id\":\"https:\\\/\\\/radiohuancayo.com.pe\\\/wp54\\\/#website\",\"url\":\"https:\\\/\\\/radiohuancayo.com.pe\\\/wp54\\\/\",\"name\":\"Radio Huancayo\",\"description\":\"me gusta!!!\",\"publisher\":{\"@id\":\"https:\\\/\\\/radiohuancayo.com.pe\\\/wp54\\\/#organization\"},\"potentialAction\":[{\"@type\":\"SearchAction\",\"target\":{\"@type\":\"EntryPoint\",\"urlTemplate\":\"https:\\\/\\\/radiohuancayo.com.pe\\\/wp54\\\/?s={search_term_string}\"},\"query-input\":{\"@type\":\"PropertyValueSpecification\",\"valueRequired\":true,\"valueName\":\"search_term_string\"}}],\"inLanguage\":\"es\"},{\"@type\":\"Organization\",\"@id\":\"https:\\\/\\\/radiohuancayo.com.pe\\\/wp54\\\/#organization\",\"name\":\"Radio Huancayo\",\"url\":\"https:\\\/\\\/radiohuancayo.com.pe\\\/wp54\\\/\",\"logo\":{\"@type\":\"ImageObject\",\"inLanguage\":\"es\",\"@id\":\"https:\\\/\\\/radiohuancayo.com.pe\\\/wp54\\\/#\\\/schema\\\/logo\\\/image\\\/\",\"url\":\"https:\\\/\\\/radiohuancayo.com.pe\\\/wp54\\\/wp-content\\\/uploads\\\/2022\\\/04\\\/CABE01.png\",\"contentUrl\":\"https:\\\/\\\/radiohuancayo.com.pe\\\/wp54\\\/wp-content\\\/uploads\\\/2022\\\/04\\\/CABE01.png\",\"width\":1640,\"height\":300,\"caption\":\"Radio Huancayo\"},\"image\":{\"@id\":\"https:\\\/\\\/radiohuancayo.com.pe\\\/wp54\\\/#\\\/schema\\\/logo\\\/image\\\/\"}},{\"@type\":\"Person\",\"@id\":\"https:\\\/\\\/radiohuancayo.com.pe\\\/wp54\\\/#\\\/schema\\\/person\\\/74fb124dee9900c6f4d0535fa1d2b5ae\",\"name\":\"Michel Sanchez\",\"image\":{\"@type\":\"ImageObject\",\"inLanguage\":\"es\",\"@id\":\"https:\\\/\\\/secure.gravatar.com\\\/avatar\\\/f7f6944c01b3f15a174d0cf055aea75c46697913fc8a9cf5c3cf3e8800c645f6?s=96&d=mm&r=g\",\"url\":\"https:\\\/\\\/secure.gravatar.com\\\/avatar\\\/f7f6944c01b3f15a174d0cf055aea75c46697913fc8a9cf5c3cf3e8800c645f6?s=96&d=mm&r=g\",\"contentUrl\":\"https:\\\/\\\/secure.gravatar.com\\\/avatar\\\/f7f6944c01b3f15a174d0cf055aea75c46697913fc8a9cf5c3cf3e8800c645f6?s=96&d=mm&r=g\",\"caption\":\"Michel Sanchez\"},\"url\":\"https:\\\/\\\/radiohuancayo.com.pe\\\/wp54\\\/author\\\/memoris\\\/\"}]}<\/script>\n<!-- \/ Yoast SEO plugin. -->","yoast_head_json":{"title":"'Chemo' Del Solar dejar\u00e1 la FPF tras Sudamericano Sub 20 - Radio Huancayo","robots":{"index":"index","follow":"follow","max-snippet":"max-snippet:-1","max-image-preview":"max-image-preview:large","max-video-preview":"max-video-preview:-1"},"canonical":"https:\/\/radiohuancayo.com.pe\/wp54\/chemo-del-solar-dejara-la-fpf-tras-sudamericano-sub-20\/","og_locale":"es_ES","og_type":"article","og_title":"'Chemo' Del Solar dejar\u00e1 la FPF tras Sudamericano Sub 20 - Radio Huancayo","og_description":"El Jefe de la Unidad T\u00e9cnica de Menores de la Federaci\u00f3n Peruana de F\u00fatbol, Jos\u00e9 &#8216;Chemo&#8217; Del Solar, no continuar\u00e1 en su cargo tras el Sudamericano Sub 20 que se disputar\u00e1 en algunos d\u00edas m\u00e1s en Venezuela. &#8216;Chemo&#8217; habr\u00eda presentado su renuncia al cargo hace algunos d\u00edas, por lo que solo estar\u00e1 al mando de la Blanquirroja Sub-20 en este torneo y, una vez culminado, dejar\u00e1 su cargo en la FPF. Recordemos que Del Solar tom\u00f3 la batuta de la Unidad T\u00e9cnica de Menores desde febrero del 2023, donde con una buena planificaci\u00f3n intent\u00f3 mejorar las distintas categor\u00edas menores, sin embargo desde la FPF no habr\u00edan cumplido con algunos pedidos del t\u00e9cnico nacional por lo que decidi\u00f3 dar un paso al costado. Del Solar se encuentra en Colombia, donde Per\u00fa jugar\u00e1 unos \u00faltimos amistosos para posteriormente trasladarse a Venezuela para disputar el Sudamericano U20. \u00bfCU\u00c1NDO DEBUTA PER\u00da EN EL SUDAMERICANO? La Selecci\u00f3n peruana debutar\u00e1 el pr\u00f3ximo 23 de enero frente a Paraguay, mientras que d\u00edas despu\u00e9s enfrentar\u00e1 a Venezuela. En la tercera jornada, chocaremos con Chile, mientras que el cuarto cotejo ser\u00e1 ante Uruguay ya que la Blanquirroja descansar\u00e1 en la \u00faltima fecha. Se conoci\u00f3 que, una vez terminado el Sudamericano U20, &#8216;Chemo&#8217; del Solar asumir\u00eda la jefatura de la Unidad t\u00e9cnica de la U. C\u00e9sar Vallejo que buscar\u00e1 su ascenso en el 2025.","og_url":"https:\/\/radiohuancayo.com.pe\/wp54\/chemo-del-solar-dejara-la-fpf-tras-sudamericano-sub-20\/","og_site_name":"Radio Huancayo","article_published_time":"2025-01-08T21:32:41+00:00","og_image":[{"width":1200,"height":630,"url":"https:\/\/radiohuancayo.com.pe\/wp54\/wp-content\/uploads\/2025\/01\/image-16.png","type":"image\/png"}],"author":"Michel Sanchez","twitter_card":"summary_large_image","twitter_misc":{"Escrito por":"Michel Sanchez","Tiempo de lectura":"2 minutos"},"schema":{"@context":"https:\/\/schema.org","@graph":[{"@type":"Article","@id":"https:\/\/radiohuancayo.com.pe\/wp54\/chemo-del-solar-dejara-la-fpf-tras-sudamericano-sub-20\/#article","isPartOf":{"@id":"https:\/\/radiohuancayo.com.pe\/wp54\/chemo-del-solar-dejara-la-fpf-tras-sudamericano-sub-20\/"},"author":{"name":"Michel Sanchez","@id":"https:\/\/radiohuancayo.com.pe\/wp54\/#\/schema\/person\/74fb124dee9900c6f4d0535fa1d2b5ae"},"headline":"&#8216;Chemo&#8217; Del Solar dejar\u00e1 la FPF tras Sudamericano Sub 20","datePublished":"2025-01-08T21:32:41+00:00","mainEntityOfPage":{"@id":"https:\/\/radiohuancayo.com.pe\/wp54\/chemo-del-solar-dejara-la-fpf-tras-sudamericano-sub-20\/"},"wordCount":249,"commentCount":0,"publisher":{"@id":"https:\/\/radiohuancayo.com.pe\/wp54\/#organization"},"image":{"@id":"https:\/\/radiohuancayo.com.pe\/wp54\/chemo-del-solar-dejara-la-fpf-tras-sudamericano-sub-20\/#primaryimage"},"thumbnailUrl":"https:\/\/radiohuancayo.com.pe\/wp54\/wp-content\/uploads\/2025\/01\/image-16.png","articleSection":["Deportes"],"inLanguage":"es","potentialAction":[{"@type":"CommentAction","name":"Comment","target":["https:\/\/radiohuancayo.com.pe\/wp54\/chemo-del-solar-dejara-la-fpf-tras-sudamericano-sub-20\/#respond"]}]},{"@type":"WebPage","@id":"https:\/\/radiohuancayo.com.pe\/wp54\/chemo-del-solar-dejara-la-fpf-tras-sudamericano-sub-20\/","url":"https:\/\/radiohuancayo.com.pe\/wp54\/chemo-del-solar-dejara-la-fpf-tras-sudamericano-sub-20\/","name":"'Chemo' Del Solar dejar\u00e1 la FPF tras Sudamericano Sub 20 - Radio Huancayo","isPartOf":{"@id":"https:\/\/radiohuancayo.com.pe\/wp54\/#website"},"primaryImageOfPage":{"@id":"https:\/\/radiohuancayo.com.pe\/wp54\/chemo-del-solar-dejara-la-fpf-tras-sudamericano-sub-20\/#primaryimage"},"image":{"@id":"https:\/\/radiohuancayo.com.pe\/wp54\/chemo-del-solar-dejara-la-fpf-tras-sudamericano-sub-20\/#primaryimage"},"thumbnailUrl":"https:\/\/radiohuancayo.com.pe\/wp54\/wp-content\/uploads\/2025\/01\/image-16.png","datePublished":"2025-01-08T21:32:41+00:00","breadcrumb":{"@id":"https:\/\/radiohuancayo.com.pe\/wp54\/chemo-del-solar-dejara-la-fpf-tras-sudamericano-sub-20\/#breadcrumb"},"inLanguage":"es","potentialAction":[{"@type":"ReadAction","target":["https:\/\/radiohuancayo.com.pe\/wp54\/chemo-del-solar-dejara-la-fpf-tras-sudamericano-sub-20\/"]}]},{"@type":"ImageObject","inLanguage":"es","@id":"https:\/\/radiohuancayo.com.pe\/wp54\/chemo-del-solar-dejara-la-fpf-tras-sudamericano-sub-20\/#primaryimage","url":"https:\/\/radiohuancayo.com.pe\/wp54\/wp-content\/uploads\/2025\/01\/image-16.png","contentUrl":"https:\/\/radiohuancayo.com.pe\/wp54\/wp-content\/uploads\/2025\/01\/image-16.png","width":1200,"height":630},{"@type":"BreadcrumbList","@id":"https:\/\/radiohuancayo.com.pe\/wp54\/chemo-del-solar-dejara-la-fpf-tras-sudamericano-sub-20\/#breadcrumb","itemListElement":[{"@type":"ListItem","position":1,"name":"Portada","item":"https:\/\/radiohuancayo.com.pe\/wp54\/"},{"@type":"ListItem","position":2,"name":"&#8216;Chemo&#8217; Del Solar dejar\u00e1 la FPF tras Sudamericano Sub 20"}]},{"@type":"WebSite","@id":"https:\/\/radiohuancayo.com.pe\/wp54\/#website","url":"https:\/\/radiohuancayo.com.pe\/wp54\/","name":"Radio Huancayo","description":"me gusta!!!","publisher":{"@id":"https:\/\/radiohuancayo.com.pe\/wp54\/#organization"},"potentialAction":[{"@type":"SearchAction","target":{"@type":"EntryPoint","urlTemplate":"https:\/\/radiohuancayo.com.pe\/wp54\/?s={search_term_string}"},"query-input":{"@type":"PropertyValueSpecification","valueRequired":true,"valueName":"search_term_string"}}],"inLanguage":"es"},{"@type":"Organization","@id":"https:\/\/radiohuancayo.com.pe\/wp54\/#organization","name":"Radio Huancayo","url":"https:\/\/radiohuancayo.com.pe\/wp54\/","logo":{"@type":"ImageObject","inLanguage":"es","@id":"https:\/\/radiohuancayo.com.pe\/wp54\/#\/schema\/logo\/image\/","url":"https:\/\/radiohuancayo.com.pe\/wp54\/wp-content\/uploads\/2022\/04\/CABE01.png","contentUrl":"https:\/\/radiohuancayo.com.pe\/wp54\/wp-content\/uploads\/2022\/04\/CABE01.png","width":1640,"height":300,"caption":"Radio Huancayo"},"image":{"@id":"https:\/\/radiohuancayo.com.pe\/wp54\/#\/schema\/logo\/image\/"}},{"@type":"Person","@id":"https:\/\/radiohuancayo.com.pe\/wp54\/#\/schema\/person\/74fb124dee9900c6f4d0535fa1d2b5ae","name":"Michel Sanchez","image":{"@type":"ImageObject","inLanguage":"es","@id":"https:\/\/secure.gravatar.com\/avatar\/f7f6944c01b3f15a174d0cf055aea75c46697913fc8a9cf5c3cf3e8800c645f6?s=96&d=mm&r=g","url":"https:\/\/secure.gravatar.com\/avatar\/f7f6944c01b3f15a174d0cf055aea75c46697913fc8a9cf5c3cf3e8800c645f6?s=96&d=mm&r=g","contentUrl":"https:\/\/secure.gravatar.com\/avatar\/f7f6944c01b3f15a174d0cf055aea75c46697913fc8a9cf5c3cf3e8800c645f6?s=96&d=mm&r=g","caption":"Michel Sanchez"},"url":"https:\/\/radiohuancayo.com.pe\/wp54\/author\/memoris\/"}]}},"_links":{"self":[{"href":"https:\/\/radiohuancayo.com.pe\/wp54\/wp-json\/wp\/v2\/posts\/29297","targetHints":{"allow":["GET"]}}],"collection":[{"href":"https:\/\/radiohuancayo.com.pe\/wp54\/wp-json\/wp\/v2\/posts"}],"about":[{"href":"https:\/\/radiohuancayo.com.pe\/wp54\/wp-json\/wp\/v2\/types\/post"}],"author":[{"embeddable":true,"href":"https:\/\/radiohuancayo.com.pe\/wp54\/wp-json\/wp\/v2\/users\/2"}],"replies":[{"embeddable":true,"href":"https:\/\/radiohuancayo.com.pe\/wp54\/wp-json\/wp\/v2\/comments?post=29297"}],"version-history":[{"count":1,"href":"https:\/\/radiohuancayo.com.pe\/wp54\/wp-json\/wp\/v2\/posts\/29297\/revisions"}],"predecessor-version":[{"id":29299,"href":"https:\/\/radiohuancayo.com.pe\/wp54\/wp-json\/wp\/v2\/posts\/29297\/revisions\/29299"}],"wp:featuredmedia":[{"embeddable":true,"href":"https:\/\/radiohuancayo.com.pe\/wp54\/wp-json\/wp\/v2\/media\/29298"}],"wp:attachment":[{"href":"https:\/\/radiohuancayo.com.pe\/wp54\/wp-json\/wp\/v2\/media?parent=29297"}],"wp:term":[{"taxonomy":"category","embeddable":true,"href":"https:\/\/radiohuancayo.com.pe\/wp54\/wp-json\/wp\/v2\/categories?post=29297"},{"taxonomy":"post_tag","embeddable":true,"href":"https:\/\/radiohuancayo.com.pe\/wp54\/wp-json\/wp\/v2\/tags?post=29297"}],"curies":[{"name":"wp","href":"https:\/\/api.w.org\/{rel}","templated":true}]}}