{"id":29300,"date":"2025-01-08T16:34:35","date_gmt":"2025-01-08T21:34:35","guid":{"rendered":"https:\/\/radiohuancayo.com.pe\/wp54\/?p=29300"},"modified":"2025-01-08T16:34:36","modified_gmt":"2025-01-08T21:34:36","slug":"bustos-sobre-posibilidad-que-polo-emigre-la-realidad-es-que-andy-esta-aca-y-muy-feliz","status":"publish","type":"post","link":"https:\/\/radiohuancayo.com.pe\/wp54\/bustos-sobre-posibilidad-que-polo-emigre-la-realidad-es-que-andy-esta-aca-y-muy-feliz\/","title":{"rendered":"Bustos sobre posibilidad que Polo emigre: \u00abLa realidad es que Andy est\u00e1 ac\u00e1 y muy feliz\u00bb"},"content":{"rendered":"\n<p>El entrenador de Universitario, Fabi\u00e1n Bustos, se mostr\u00f3 muy satisfecho por la respuesta que vienen mostrando sus jugadores en los trabajos de pretemporada. El estratega argentino se\u00f1al\u00f3 que la directiva viene trabajando muy fuerte para conseguir el \u00faltimo cupo el extranjero. Asimisimo, se refiri\u00f3 sobre su sistema de juego, de Diego Chur\u00edn, de la posibilidas que Andy Polo emigre, de lo que declar\u00f3 Miguel Trauco a su llegada a Alianza Lima y hasta reiter\u00f3 que pensaba en renunciar si Jean Ferrari era destituido como administrador. El entrenador de la escuadra merengue no se guard\u00f3 nada.<\/p>\n\n\n\n<p>\u00abEstoy conforme y contento con el plantel, y por la forma c\u00f3mo los chicos vienen entrenando, su predisposici\u00f3n es muy buena. Considero que la planificaci\u00f3n viene saliendo como la hemos pensado y vamos por el camino ideal\u00bb, dijo Bustos.<\/p>\n\n\n\n<p>Cuando le consultaron si continuar\u00e1 con el mismo sistema de juego (3-5-2) en esta nueva temporada, el estratega de Universitario coment\u00f3 que \u00abel equipo est\u00e1 acostumbrado a jugar de una manera, se mantuvo la base ya que solo se fueron Portocarrero y Nelson Cabanillas del equipo titular, por eso el sistema madre (3-5-2) y del cual los chicos se sienten c\u00f3modos, es ese. Igual estamos entrenando otros sistemas en caso se tenga que cambiar en alg\u00fan momento de un partido, sobre todo, para tratar de tener variantes y ser un mejor equipo\u00bb.<\/p>\n\n\n\n<h3 class=\"wp-block-heading\"><strong>Esto dijo sobre el \u00faltimo cupo extranjero<\/strong><\/h3>\n\n\n\n<p>Acerca del sexto cupo extranjero que llegar\u00e1 al plantel merengue, Bustos puntualiz\u00f3 que \u00abnosotros hablamos de los jugadores que est\u00e1n entrenando con el plantel. Ustedes (se refiere a los periodistas) me han consultado por m\u00e1s de 50 jugadores, pero no s\u00e9 de d\u00f3nde lo sacan\u00bb.<\/p>\n\n\n\n<p>Luego, prosigui\u00f3: \u00abm\u00e1s all\u00e1 de ello, la directiva est\u00e1 trabajando sin prisa, pero a la vez sin pausa para definir el \u00faltimo cupo del extranjero que nos queda. Ojal\u00e1 se puede conseguir y pueda venir para ayudarnos. Al margen de eso, yo estoy tranquilo porque veo c\u00f3mo est\u00e1n trabajando Jean (Ferrari), Manuel y todo su equipo, estoy al tanto de todo lo que ellos vienen haciendo\u00bb.<\/p>\n\n\n\n<h3 class=\"wp-block-heading\"><strong>Pens\u00f3 en renunciar<\/strong><\/h3>\n\n\n\n<p>Tambi\u00e9n le preguntaron el por qu\u00e9 pensaba renunciar en caso Jean Ferrari era destituido como administrador de Universitario. \u00abNo soy qui\u00e9n para decir lo que tengan que hacer los entes reguladores pero, cuando una persona hace muy bien su trabajo como lo viene haciendo Jean (Ferrari) y su grupo de trabajo, tiene que seguir. Por eso me parece normal que si \u00e9l no segu\u00eda, no ten\u00eda sentido que yo contin\u00fae en el club porque fueron ellos los que me trajeron\u00bb.<\/p>\n\n\n\n<p>Bustos no se guard\u00f3 nada y sigui\u00f3 diciendo que \u00abfue algo natural de nuestra parte porque considero que los cambios se hacen cuando las cosas no caminan bien, pero esta dirigencia viene cumpliendo todos estos a\u00f1os en lo administrativo y deportivo. Ac\u00e1, en el club, todos est\u00e1n con sus haberes al d\u00eda, y la instituci\u00f3n se encuentra en uno de sus mejores momentos en sus 100 a\u00f1os\u00bb.<\/p>\n\n\n\n<p>Acerca del delantero Diego Chur\u00edn, el estratega el club merengue coment\u00f3 que &nbsp;\u00abChur\u00edn tiene un gran biotipo, con mucha experiencia en el puesto y nos ayudar\u00e1 a competir. Incluso, nos da una mano para jugar con otro sistema, ya que ahora podemos jugar con dos &#8216;9&#8217; de \u00e1rea. Es un jugador que puede tener a su lado a otro jugador de sus mismas caracter\u00edsticas sin problemas, sin duda viene a sumar mucho\u00bb.<\/p>\n\n\n\n<h3 class=\"wp-block-heading\"><strong>\u00abAndy est\u00e1 feliz ac\u00e1\u00bb<\/strong><\/h3>\n\n\n\n<p>Sobre la posibilidad que Andy Polo deje Universitario por una oferta del extranjero, Bustos se\u00f1al\u00f3 que \u00abla realidad es que Andy (Polo) est\u00e1 ac\u00e1, est\u00e1 feliz, lo aprecio mucho como jugador, como a todos en el plantel. La preferencia es normal por el juego que desempe\u00f1a, pero tengo buena relaci\u00f3n con todos; m\u00e1s all\u00e1 de ello no pienso en si tal jugador est\u00e1 o no, pienso en lo que tengo. Al margen de eso, la dirigencia analizar\u00e1 si existe alguna posibilidad en el extranjero por Andy, pero yo lo veo muy feliz ac\u00e1\u00bb.<\/p>\n\n\n\n<h3 class=\"wp-block-heading\"><strong>\u00bfQu\u00e9 dijo sobre Trauco?<\/strong><\/h3>\n\n\n\n<p>Finalmente, el estratega del equipo merengue se refiri\u00f3 acerca de Miguel Trauco, quien se\u00f1al\u00f3 que esperaba una llamada de Universitario. \u00abPara m\u00ed, ser representativo significa ser campe\u00f3n, ser hist\u00f3rico, hablo de los jugadores que tengo ac\u00e1. Los jugadores que hemos llamado, est\u00e1n ac\u00e1\u00bb.<\/p>\n","protected":false},"excerpt":{"rendered":"<p>El entrenador de Universitario, Fabi\u00e1n Bustos, se mostr\u00f3 muy satisfecho por la respuesta que vienen mostrando sus jugadores en los trabajos de pretemporada. El estratega argentino se\u00f1al\u00f3 que la directiva viene trabajando muy fuerte para conseguir el \u00faltimo cupo el extranjero. Asimisimo, se refiri\u00f3 sobre su sistema de juego, de Diego Chur\u00edn, de la posibilidas que Andy Polo emigre, de lo que declar\u00f3 Miguel Trauco a su llegada a Alianza Lima y hasta reiter\u00f3 que pensaba en renunciar si Jean Ferrari era destituido como administrador. El entrenador de la escuadra merengue no se guard\u00f3 nada. \u00abEstoy conforme y contento con el plantel, y por la forma c\u00f3mo los chicos vienen entrenando, su predisposici\u00f3n es muy buena. Considero que la planificaci\u00f3n viene saliendo como la hemos pensado y vamos por el camino ideal\u00bb, dijo Bustos. Cuando le consultaron si continuar\u00e1 con el mismo sistema de juego (3-5-2) en esta nueva temporada, el estratega de Universitario coment\u00f3 que \u00abel equipo est\u00e1 acostumbrado a jugar de una manera, se mantuvo la base ya que solo se fueron Portocarrero y Nelson Cabanillas del equipo titular, por eso el sistema madre (3-5-2) y del cual los chicos se sienten c\u00f3modos, es ese. Igual estamos entrenando otros sistemas en caso se tenga que cambiar en alg\u00fan momento de un partido, sobre todo, para tratar de tener variantes y ser un mejor equipo\u00bb. Esto dijo sobre el \u00faltimo cupo extranjero Acerca del sexto cupo extranjero que llegar\u00e1 al plantel merengue, Bustos puntualiz\u00f3 que \u00abnosotros hablamos de los jugadores que est\u00e1n entrenando con el plantel. Ustedes (se refiere a los periodistas) me han consultado por m\u00e1s de 50 jugadores, pero no s\u00e9 de d\u00f3nde lo sacan\u00bb. Luego, prosigui\u00f3: \u00abm\u00e1s all\u00e1 de ello, la directiva est\u00e1 trabajando sin prisa, pero a la vez sin pausa para definir el \u00faltimo cupo del extranjero que nos queda. Ojal\u00e1 se puede conseguir y pueda venir para ayudarnos. Al margen de eso, yo estoy tranquilo porque veo c\u00f3mo est\u00e1n trabajando Jean (Ferrari), Manuel y todo su equipo, estoy al tanto de todo lo que ellos vienen haciendo\u00bb. Pens\u00f3 en renunciar Tambi\u00e9n le preguntaron el por qu\u00e9 pensaba renunciar en caso Jean Ferrari era destituido como administrador de Universitario. \u00abNo soy qui\u00e9n para decir lo que tengan que hacer los entes reguladores pero, cuando una persona hace muy bien su trabajo como lo viene haciendo Jean (Ferrari) y su grupo de trabajo, tiene que seguir. Por eso me parece normal que si \u00e9l no segu\u00eda, no ten\u00eda sentido que yo contin\u00fae en el club porque fueron ellos los que me trajeron\u00bb. Bustos no se guard\u00f3 nada y sigui\u00f3 diciendo que \u00abfue algo natural de nuestra parte porque considero que los cambios se hacen cuando las cosas no caminan bien, pero esta dirigencia viene cumpliendo todos estos a\u00f1os en lo administrativo y deportivo. Ac\u00e1, en el club, todos est\u00e1n con sus haberes al d\u00eda, y la instituci\u00f3n se encuentra en uno de sus mejores momentos en sus 100 a\u00f1os\u00bb. Acerca del delantero Diego Chur\u00edn, el estratega el club merengue coment\u00f3 que &nbsp;\u00abChur\u00edn tiene un gran biotipo, con mucha experiencia en el puesto y nos ayudar\u00e1 a competir. Incluso, nos da una mano para jugar con otro sistema, ya que ahora podemos jugar con dos &#8216;9&#8217; de \u00e1rea. Es un jugador que puede tener a su lado a otro jugador de sus mismas caracter\u00edsticas sin problemas, sin duda viene a sumar mucho\u00bb. \u00abAndy est\u00e1 feliz ac\u00e1\u00bb Sobre la posibilidad que Andy Polo deje Universitario por una oferta del extranjero, Bustos se\u00f1al\u00f3 que \u00abla realidad es que Andy (Polo) est\u00e1 ac\u00e1, est\u00e1 feliz, lo aprecio mucho como jugador, como a todos en el plantel. La preferencia es normal por el juego que desempe\u00f1a, pero tengo buena relaci\u00f3n con todos; m\u00e1s all\u00e1 de ello no pienso en si tal jugador est\u00e1 o no, pienso en lo que tengo. Al margen de eso, la dirigencia analizar\u00e1 si existe alguna posibilidad en el extranjero por Andy, pero yo lo veo muy feliz ac\u00e1\u00bb. \u00bfQu\u00e9 dijo sobre Trauco? Finalmente, el estratega del equipo merengue se refiri\u00f3 acerca de Miguel Trauco, quien se\u00f1al\u00f3 que esperaba una llamada de Universitario. \u00abPara m\u00ed, ser representativo significa ser campe\u00f3n, ser hist\u00f3rico, hablo de los jugadores que tengo ac\u00e1. Los jugadores que hemos llamado, est\u00e1n ac\u00e1\u00bb.<\/p>\n","protected":false},"author":2,"featured_media":29301,"comment_status":"open","ping_status":"open","sticky":false,"template":"","format":"standard","meta":{"footnotes":""},"categories":[7],"tags":[],"class_list":["post-29300","post","type-post","status-publish","format-standard","has-post-thumbnail","hentry","category-deportes"],"yoast_head":"<!-- This site is optimized with the Yoast SEO plugin v27.5 - https:\/\/yoast.com\/product\/yoast-seo-wordpress\/ -->\n<title>Bustos sobre posibilidad que Polo emigre: &quot;La realidad es que Andy est\u00e1 ac\u00e1 y muy feliz&quot; - Radio Huancayo<\/title>\n<meta name=\"robots\" content=\"index, follow, max-snippet:-1, max-image-preview:large, max-video-preview:-1\" \/>\n<link rel=\"canonical\" href=\"https:\/\/radiohuancayo.com.pe\/wp54\/bustos-sobre-posibilidad-que-polo-emigre-la-realidad-es-que-andy-esta-aca-y-muy-feliz\/\" \/>\n<meta property=\"og:locale\" content=\"es_ES\" \/>\n<meta property=\"og:type\" content=\"article\" \/>\n<meta property=\"og:title\" content=\"Bustos sobre posibilidad que Polo emigre: &quot;La realidad es que Andy est\u00e1 ac\u00e1 y muy feliz&quot; - Radio Huancayo\" \/>\n<meta property=\"og:description\" content=\"El entrenador de Universitario, Fabi\u00e1n Bustos, se mostr\u00f3 muy satisfecho por la respuesta que vienen mostrando sus jugadores en los trabajos de pretemporada. El estratega argentino se\u00f1al\u00f3 que la directiva viene trabajando muy fuerte para conseguir el \u00faltimo cupo el extranjero. Asimisimo, se refiri\u00f3 sobre su sistema de juego, de Diego Chur\u00edn, de la posibilidas que Andy Polo emigre, de lo que declar\u00f3 Miguel Trauco a su llegada a Alianza Lima y hasta reiter\u00f3 que pensaba en renunciar si Jean Ferrari era destituido como administrador. El entrenador de la escuadra merengue no se guard\u00f3 nada. \u00abEstoy conforme y contento con el plantel, y por la forma c\u00f3mo los chicos vienen entrenando, su predisposici\u00f3n es muy buena. Considero que la planificaci\u00f3n viene saliendo como la hemos pensado y vamos por el camino ideal\u00bb, dijo Bustos. Cuando le consultaron si continuar\u00e1 con el mismo sistema de juego (3-5-2) en esta nueva temporada, el estratega de Universitario coment\u00f3 que \u00abel equipo est\u00e1 acostumbrado a jugar de una manera, se mantuvo la base ya que solo se fueron Portocarrero y Nelson Cabanillas del equipo titular, por eso el sistema madre (3-5-2) y del cual los chicos se sienten c\u00f3modos, es ese. Igual estamos entrenando otros sistemas en caso se tenga que cambiar en alg\u00fan momento de un partido, sobre todo, para tratar de tener variantes y ser un mejor equipo\u00bb. Esto dijo sobre el \u00faltimo cupo extranjero Acerca del sexto cupo extranjero que llegar\u00e1 al plantel merengue, Bustos puntualiz\u00f3 que \u00abnosotros hablamos de los jugadores que est\u00e1n entrenando con el plantel. Ustedes (se refiere a los periodistas) me han consultado por m\u00e1s de 50 jugadores, pero no s\u00e9 de d\u00f3nde lo sacan\u00bb. Luego, prosigui\u00f3: \u00abm\u00e1s all\u00e1 de ello, la directiva est\u00e1 trabajando sin prisa, pero a la vez sin pausa para definir el \u00faltimo cupo del extranjero que nos queda. Ojal\u00e1 se puede conseguir y pueda venir para ayudarnos. Al margen de eso, yo estoy tranquilo porque veo c\u00f3mo est\u00e1n trabajando Jean (Ferrari), Manuel y todo su equipo, estoy al tanto de todo lo que ellos vienen haciendo\u00bb. Pens\u00f3 en renunciar Tambi\u00e9n le preguntaron el por qu\u00e9 pensaba renunciar en caso Jean Ferrari era destituido como administrador de Universitario. \u00abNo soy qui\u00e9n para decir lo que tengan que hacer los entes reguladores pero, cuando una persona hace muy bien su trabajo como lo viene haciendo Jean (Ferrari) y su grupo de trabajo, tiene que seguir. Por eso me parece normal que si \u00e9l no segu\u00eda, no ten\u00eda sentido que yo contin\u00fae en el club porque fueron ellos los que me trajeron\u00bb. Bustos no se guard\u00f3 nada y sigui\u00f3 diciendo que \u00abfue algo natural de nuestra parte porque considero que los cambios se hacen cuando las cosas no caminan bien, pero esta dirigencia viene cumpliendo todos estos a\u00f1os en lo administrativo y deportivo. Ac\u00e1, en el club, todos est\u00e1n con sus haberes al d\u00eda, y la instituci\u00f3n se encuentra en uno de sus mejores momentos en sus 100 a\u00f1os\u00bb. Acerca del delantero Diego Chur\u00edn, el estratega el club merengue coment\u00f3 que &nbsp;\u00abChur\u00edn tiene un gran biotipo, con mucha experiencia en el puesto y nos ayudar\u00e1 a competir. Incluso, nos da una mano para jugar con otro sistema, ya que ahora podemos jugar con dos &#8216;9&#8217; de \u00e1rea. Es un jugador que puede tener a su lado a otro jugador de sus mismas caracter\u00edsticas sin problemas, sin duda viene a sumar mucho\u00bb. \u00abAndy est\u00e1 feliz ac\u00e1\u00bb Sobre la posibilidad que Andy Polo deje Universitario por una oferta del extranjero, Bustos se\u00f1al\u00f3 que \u00abla realidad es que Andy (Polo) est\u00e1 ac\u00e1, est\u00e1 feliz, lo aprecio mucho como jugador, como a todos en el plantel. La preferencia es normal por el juego que desempe\u00f1a, pero tengo buena relaci\u00f3n con todos; m\u00e1s all\u00e1 de ello no pienso en si tal jugador est\u00e1 o no, pienso en lo que tengo. Al margen de eso, la dirigencia analizar\u00e1 si existe alguna posibilidad en el extranjero por Andy, pero yo lo veo muy feliz ac\u00e1\u00bb. \u00bfQu\u00e9 dijo sobre Trauco? Finalmente, el estratega del equipo merengue se refiri\u00f3 acerca de Miguel Trauco, quien se\u00f1al\u00f3 que esperaba una llamada de Universitario. \u00abPara m\u00ed, ser representativo significa ser campe\u00f3n, ser hist\u00f3rico, hablo de los jugadores que tengo ac\u00e1. Los jugadores que hemos llamado, est\u00e1n ac\u00e1\u00bb.\" \/>\n<meta property=\"og:url\" content=\"https:\/\/radiohuancayo.com.pe\/wp54\/bustos-sobre-posibilidad-que-polo-emigre-la-realidad-es-que-andy-esta-aca-y-muy-feliz\/\" \/>\n<meta property=\"og:site_name\" content=\"Radio Huancayo\" \/>\n<meta property=\"article:published_time\" content=\"2025-01-08T21:34:35+00:00\" \/>\n<meta property=\"article:modified_time\" content=\"2025-01-08T21:34:36+00:00\" \/>\n<meta property=\"og:image\" content=\"https:\/\/radiohuancayo.com.pe\/wp54\/wp-content\/uploads\/2025\/01\/image-17.png\" \/>\n\t<meta property=\"og:image:width\" content=\"1200\" \/>\n\t<meta property=\"og:image:height\" content=\"630\" \/>\n\t<meta property=\"og:image:type\" content=\"image\/png\" \/>\n<meta name=\"author\" content=\"Michel Sanchez\" \/>\n<meta name=\"twitter:card\" content=\"summary_large_image\" \/>\n<meta name=\"twitter:label1\" content=\"Escrito por\" \/>\n\t<meta name=\"twitter:data1\" content=\"Michel Sanchez\" \/>\n\t<meta name=\"twitter:label2\" content=\"Tiempo de lectura\" \/>\n\t<meta name=\"twitter:data2\" content=\"4 minutos\" \/>\n<script type=\"application\/ld+json\" class=\"yoast-schema-graph\">{\"@context\":\"https:\\\/\\\/schema.org\",\"@graph\":[{\"@type\":\"Article\",\"@id\":\"https:\\\/\\\/radiohuancayo.com.pe\\\/wp54\\\/bustos-sobre-posibilidad-que-polo-emigre-la-realidad-es-que-andy-esta-aca-y-muy-feliz\\\/#article\",\"isPartOf\":{\"@id\":\"https:\\\/\\\/radiohuancayo.com.pe\\\/wp54\\\/bustos-sobre-posibilidad-que-polo-emigre-la-realidad-es-que-andy-esta-aca-y-muy-feliz\\\/\"},\"author\":{\"name\":\"Michel Sanchez\",\"@id\":\"https:\\\/\\\/radiohuancayo.com.pe\\\/wp54\\\/#\\\/schema\\\/person\\\/74fb124dee9900c6f4d0535fa1d2b5ae\"},\"headline\":\"Bustos sobre posibilidad que Polo emigre: \u00abLa realidad es que Andy est\u00e1 ac\u00e1 y muy feliz\u00bb\",\"datePublished\":\"2025-01-08T21:34:35+00:00\",\"dateModified\":\"2025-01-08T21:34:36+00:00\",\"mainEntityOfPage\":{\"@id\":\"https:\\\/\\\/radiohuancayo.com.pe\\\/wp54\\\/bustos-sobre-posibilidad-que-polo-emigre-la-realidad-es-que-andy-esta-aca-y-muy-feliz\\\/\"},\"wordCount\":763,\"commentCount\":0,\"publisher\":{\"@id\":\"https:\\\/\\\/radiohuancayo.com.pe\\\/wp54\\\/#organization\"},\"image\":{\"@id\":\"https:\\\/\\\/radiohuancayo.com.pe\\\/wp54\\\/bustos-sobre-posibilidad-que-polo-emigre-la-realidad-es-que-andy-esta-aca-y-muy-feliz\\\/#primaryimage\"},\"thumbnailUrl\":\"https:\\\/\\\/radiohuancayo.com.pe\\\/wp54\\\/wp-content\\\/uploads\\\/2025\\\/01\\\/image-17.png\",\"articleSection\":[\"Deportes\"],\"inLanguage\":\"es\",\"potentialAction\":[{\"@type\":\"CommentAction\",\"name\":\"Comment\",\"target\":[\"https:\\\/\\\/radiohuancayo.com.pe\\\/wp54\\\/bustos-sobre-posibilidad-que-polo-emigre-la-realidad-es-que-andy-esta-aca-y-muy-feliz\\\/#respond\"]}]},{\"@type\":\"WebPage\",\"@id\":\"https:\\\/\\\/radiohuancayo.com.pe\\\/wp54\\\/bustos-sobre-posibilidad-que-polo-emigre-la-realidad-es-que-andy-esta-aca-y-muy-feliz\\\/\",\"url\":\"https:\\\/\\\/radiohuancayo.com.pe\\\/wp54\\\/bustos-sobre-posibilidad-que-polo-emigre-la-realidad-es-que-andy-esta-aca-y-muy-feliz\\\/\",\"name\":\"Bustos sobre posibilidad que Polo emigre: \\\"La realidad es que Andy est\u00e1 ac\u00e1 y muy feliz\\\" - Radio Huancayo\",\"isPartOf\":{\"@id\":\"https:\\\/\\\/radiohuancayo.com.pe\\\/wp54\\\/#website\"},\"primaryImageOfPage\":{\"@id\":\"https:\\\/\\\/radiohuancayo.com.pe\\\/wp54\\\/bustos-sobre-posibilidad-que-polo-emigre-la-realidad-es-que-andy-esta-aca-y-muy-feliz\\\/#primaryimage\"},\"image\":{\"@id\":\"https:\\\/\\\/radiohuancayo.com.pe\\\/wp54\\\/bustos-sobre-posibilidad-que-polo-emigre-la-realidad-es-que-andy-esta-aca-y-muy-feliz\\\/#primaryimage\"},\"thumbnailUrl\":\"https:\\\/\\\/radiohuancayo.com.pe\\\/wp54\\\/wp-content\\\/uploads\\\/2025\\\/01\\\/image-17.png\",\"datePublished\":\"2025-01-08T21:34:35+00:00\",\"dateModified\":\"2025-01-08T21:34:36+00:00\",\"breadcrumb\":{\"@id\":\"https:\\\/\\\/radiohuancayo.com.pe\\\/wp54\\\/bustos-sobre-posibilidad-que-polo-emigre-la-realidad-es-que-andy-esta-aca-y-muy-feliz\\\/#breadcrumb\"},\"inLanguage\":\"es\",\"potentialAction\":[{\"@type\":\"ReadAction\",\"target\":[\"https:\\\/\\\/radiohuancayo.com.pe\\\/wp54\\\/bustos-sobre-posibilidad-que-polo-emigre-la-realidad-es-que-andy-esta-aca-y-muy-feliz\\\/\"]}]},{\"@type\":\"ImageObject\",\"inLanguage\":\"es\",\"@id\":\"https:\\\/\\\/radiohuancayo.com.pe\\\/wp54\\\/bustos-sobre-posibilidad-que-polo-emigre-la-realidad-es-que-andy-esta-aca-y-muy-feliz\\\/#primaryimage\",\"url\":\"https:\\\/\\\/radiohuancayo.com.pe\\\/wp54\\\/wp-content\\\/uploads\\\/2025\\\/01\\\/image-17.png\",\"contentUrl\":\"https:\\\/\\\/radiohuancayo.com.pe\\\/wp54\\\/wp-content\\\/uploads\\\/2025\\\/01\\\/image-17.png\",\"width\":1200,\"height\":630},{\"@type\":\"BreadcrumbList\",\"@id\":\"https:\\\/\\\/radiohuancayo.com.pe\\\/wp54\\\/bustos-sobre-posibilidad-que-polo-emigre-la-realidad-es-que-andy-esta-aca-y-muy-feliz\\\/#breadcrumb\",\"itemListElement\":[{\"@type\":\"ListItem\",\"position\":1,\"name\":\"Portada\",\"item\":\"https:\\\/\\\/radiohuancayo.com.pe\\\/wp54\\\/\"},{\"@type\":\"ListItem\",\"position\":2,\"name\":\"Bustos sobre posibilidad que Polo emigre: &#8220;La realidad es que Andy est\u00e1 ac\u00e1 y muy feliz&#8221;\"}]},{\"@type\":\"WebSite\",\"@id\":\"https:\\\/\\\/radiohuancayo.com.pe\\\/wp54\\\/#website\",\"url\":\"https:\\\/\\\/radiohuancayo.com.pe\\\/wp54\\\/\",\"name\":\"Radio Huancayo\",\"description\":\"me gusta!!!\",\"publisher\":{\"@id\":\"https:\\\/\\\/radiohuancayo.com.pe\\\/wp54\\\/#organization\"},\"potentialAction\":[{\"@type\":\"SearchAction\",\"target\":{\"@type\":\"EntryPoint\",\"urlTemplate\":\"https:\\\/\\\/radiohuancayo.com.pe\\\/wp54\\\/?s={search_term_string}\"},\"query-input\":{\"@type\":\"PropertyValueSpecification\",\"valueRequired\":true,\"valueName\":\"search_term_string\"}}],\"inLanguage\":\"es\"},{\"@type\":\"Organization\",\"@id\":\"https:\\\/\\\/radiohuancayo.com.pe\\\/wp54\\\/#organization\",\"name\":\"Radio Huancayo\",\"url\":\"https:\\\/\\\/radiohuancayo.com.pe\\\/wp54\\\/\",\"logo\":{\"@type\":\"ImageObject\",\"inLanguage\":\"es\",\"@id\":\"https:\\\/\\\/radiohuancayo.com.pe\\\/wp54\\\/#\\\/schema\\\/logo\\\/image\\\/\",\"url\":\"https:\\\/\\\/radiohuancayo.com.pe\\\/wp54\\\/wp-content\\\/uploads\\\/2022\\\/04\\\/CABE01.png\",\"contentUrl\":\"https:\\\/\\\/radiohuancayo.com.pe\\\/wp54\\\/wp-content\\\/uploads\\\/2022\\\/04\\\/CABE01.png\",\"width\":1640,\"height\":300,\"caption\":\"Radio Huancayo\"},\"image\":{\"@id\":\"https:\\\/\\\/radiohuancayo.com.pe\\\/wp54\\\/#\\\/schema\\\/logo\\\/image\\\/\"}},{\"@type\":\"Person\",\"@id\":\"https:\\\/\\\/radiohuancayo.com.pe\\\/wp54\\\/#\\\/schema\\\/person\\\/74fb124dee9900c6f4d0535fa1d2b5ae\",\"name\":\"Michel Sanchez\",\"image\":{\"@type\":\"ImageObject\",\"inLanguage\":\"es\",\"@id\":\"https:\\\/\\\/secure.gravatar.com\\\/avatar\\\/f7f6944c01b3f15a174d0cf055aea75c46697913fc8a9cf5c3cf3e8800c645f6?s=96&d=mm&r=g\",\"url\":\"https:\\\/\\\/secure.gravatar.com\\\/avatar\\\/f7f6944c01b3f15a174d0cf055aea75c46697913fc8a9cf5c3cf3e8800c645f6?s=96&d=mm&r=g\",\"contentUrl\":\"https:\\\/\\\/secure.gravatar.com\\\/avatar\\\/f7f6944c01b3f15a174d0cf055aea75c46697913fc8a9cf5c3cf3e8800c645f6?s=96&d=mm&r=g\",\"caption\":\"Michel Sanchez\"},\"url\":\"https:\\\/\\\/radiohuancayo.com.pe\\\/wp54\\\/author\\\/memoris\\\/\"}]}<\/script>\n<!-- \/ Yoast SEO plugin. -->","yoast_head_json":{"title":"Bustos sobre posibilidad que Polo emigre: \"La realidad es que Andy est\u00e1 ac\u00e1 y muy feliz\" - Radio Huancayo","robots":{"index":"index","follow":"follow","max-snippet":"max-snippet:-1","max-image-preview":"max-image-preview:large","max-video-preview":"max-video-preview:-1"},"canonical":"https:\/\/radiohuancayo.com.pe\/wp54\/bustos-sobre-posibilidad-que-polo-emigre-la-realidad-es-que-andy-esta-aca-y-muy-feliz\/","og_locale":"es_ES","og_type":"article","og_title":"Bustos sobre posibilidad que Polo emigre: \"La realidad es que Andy est\u00e1 ac\u00e1 y muy feliz\" - Radio Huancayo","og_description":"El entrenador de Universitario, Fabi\u00e1n Bustos, se mostr\u00f3 muy satisfecho por la respuesta que vienen mostrando sus jugadores en los trabajos de pretemporada. El estratega argentino se\u00f1al\u00f3 que la directiva viene trabajando muy fuerte para conseguir el \u00faltimo cupo el extranjero. Asimisimo, se refiri\u00f3 sobre su sistema de juego, de Diego Chur\u00edn, de la posibilidas que Andy Polo emigre, de lo que declar\u00f3 Miguel Trauco a su llegada a Alianza Lima y hasta reiter\u00f3 que pensaba en renunciar si Jean Ferrari era destituido como administrador. El entrenador de la escuadra merengue no se guard\u00f3 nada. \u00abEstoy conforme y contento con el plantel, y por la forma c\u00f3mo los chicos vienen entrenando, su predisposici\u00f3n es muy buena. Considero que la planificaci\u00f3n viene saliendo como la hemos pensado y vamos por el camino ideal\u00bb, dijo Bustos. Cuando le consultaron si continuar\u00e1 con el mismo sistema de juego (3-5-2) en esta nueva temporada, el estratega de Universitario coment\u00f3 que \u00abel equipo est\u00e1 acostumbrado a jugar de una manera, se mantuvo la base ya que solo se fueron Portocarrero y Nelson Cabanillas del equipo titular, por eso el sistema madre (3-5-2) y del cual los chicos se sienten c\u00f3modos, es ese. Igual estamos entrenando otros sistemas en caso se tenga que cambiar en alg\u00fan momento de un partido, sobre todo, para tratar de tener variantes y ser un mejor equipo\u00bb. Esto dijo sobre el \u00faltimo cupo extranjero Acerca del sexto cupo extranjero que llegar\u00e1 al plantel merengue, Bustos puntualiz\u00f3 que \u00abnosotros hablamos de los jugadores que est\u00e1n entrenando con el plantel. Ustedes (se refiere a los periodistas) me han consultado por m\u00e1s de 50 jugadores, pero no s\u00e9 de d\u00f3nde lo sacan\u00bb. Luego, prosigui\u00f3: \u00abm\u00e1s all\u00e1 de ello, la directiva est\u00e1 trabajando sin prisa, pero a la vez sin pausa para definir el \u00faltimo cupo del extranjero que nos queda. Ojal\u00e1 se puede conseguir y pueda venir para ayudarnos. Al margen de eso, yo estoy tranquilo porque veo c\u00f3mo est\u00e1n trabajando Jean (Ferrari), Manuel y todo su equipo, estoy al tanto de todo lo que ellos vienen haciendo\u00bb. Pens\u00f3 en renunciar Tambi\u00e9n le preguntaron el por qu\u00e9 pensaba renunciar en caso Jean Ferrari era destituido como administrador de Universitario. \u00abNo soy qui\u00e9n para decir lo que tengan que hacer los entes reguladores pero, cuando una persona hace muy bien su trabajo como lo viene haciendo Jean (Ferrari) y su grupo de trabajo, tiene que seguir. Por eso me parece normal que si \u00e9l no segu\u00eda, no ten\u00eda sentido que yo contin\u00fae en el club porque fueron ellos los que me trajeron\u00bb. Bustos no se guard\u00f3 nada y sigui\u00f3 diciendo que \u00abfue algo natural de nuestra parte porque considero que los cambios se hacen cuando las cosas no caminan bien, pero esta dirigencia viene cumpliendo todos estos a\u00f1os en lo administrativo y deportivo. Ac\u00e1, en el club, todos est\u00e1n con sus haberes al d\u00eda, y la instituci\u00f3n se encuentra en uno de sus mejores momentos en sus 100 a\u00f1os\u00bb. Acerca del delantero Diego Chur\u00edn, el estratega el club merengue coment\u00f3 que &nbsp;\u00abChur\u00edn tiene un gran biotipo, con mucha experiencia en el puesto y nos ayudar\u00e1 a competir. Incluso, nos da una mano para jugar con otro sistema, ya que ahora podemos jugar con dos &#8216;9&#8217; de \u00e1rea. Es un jugador que puede tener a su lado a otro jugador de sus mismas caracter\u00edsticas sin problemas, sin duda viene a sumar mucho\u00bb. \u00abAndy est\u00e1 feliz ac\u00e1\u00bb Sobre la posibilidad que Andy Polo deje Universitario por una oferta del extranjero, Bustos se\u00f1al\u00f3 que \u00abla realidad es que Andy (Polo) est\u00e1 ac\u00e1, est\u00e1 feliz, lo aprecio mucho como jugador, como a todos en el plantel. La preferencia es normal por el juego que desempe\u00f1a, pero tengo buena relaci\u00f3n con todos; m\u00e1s all\u00e1 de ello no pienso en si tal jugador est\u00e1 o no, pienso en lo que tengo. Al margen de eso, la dirigencia analizar\u00e1 si existe alguna posibilidad en el extranjero por Andy, pero yo lo veo muy feliz ac\u00e1\u00bb. \u00bfQu\u00e9 dijo sobre Trauco? Finalmente, el estratega del equipo merengue se refiri\u00f3 acerca de Miguel Trauco, quien se\u00f1al\u00f3 que esperaba una llamada de Universitario. \u00abPara m\u00ed, ser representativo significa ser campe\u00f3n, ser hist\u00f3rico, hablo de los jugadores que tengo ac\u00e1. Los jugadores que hemos llamado, est\u00e1n ac\u00e1\u00bb.","og_url":"https:\/\/radiohuancayo.com.pe\/wp54\/bustos-sobre-posibilidad-que-polo-emigre-la-realidad-es-que-andy-esta-aca-y-muy-feliz\/","og_site_name":"Radio Huancayo","article_published_time":"2025-01-08T21:34:35+00:00","article_modified_time":"2025-01-08T21:34:36+00:00","og_image":[{"width":1200,"height":630,"url":"https:\/\/radiohuancayo.com.pe\/wp54\/wp-content\/uploads\/2025\/01\/image-17.png","type":"image\/png"}],"author":"Michel Sanchez","twitter_card":"summary_large_image","twitter_misc":{"Escrito por":"Michel Sanchez","Tiempo de lectura":"4 minutos"},"schema":{"@context":"https:\/\/schema.org","@graph":[{"@type":"Article","@id":"https:\/\/radiohuancayo.com.pe\/wp54\/bustos-sobre-posibilidad-que-polo-emigre-la-realidad-es-que-andy-esta-aca-y-muy-feliz\/#article","isPartOf":{"@id":"https:\/\/radiohuancayo.com.pe\/wp54\/bustos-sobre-posibilidad-que-polo-emigre-la-realidad-es-que-andy-esta-aca-y-muy-feliz\/"},"author":{"name":"Michel Sanchez","@id":"https:\/\/radiohuancayo.com.pe\/wp54\/#\/schema\/person\/74fb124dee9900c6f4d0535fa1d2b5ae"},"headline":"Bustos sobre posibilidad que Polo emigre: \u00abLa realidad es que Andy est\u00e1 ac\u00e1 y muy feliz\u00bb","datePublished":"2025-01-08T21:34:35+00:00","dateModified":"2025-01-08T21:34:36+00:00","mainEntityOfPage":{"@id":"https:\/\/radiohuancayo.com.pe\/wp54\/bustos-sobre-posibilidad-que-polo-emigre-la-realidad-es-que-andy-esta-aca-y-muy-feliz\/"},"wordCount":763,"commentCount":0,"publisher":{"@id":"https:\/\/radiohuancayo.com.pe\/wp54\/#organization"},"image":{"@id":"https:\/\/radiohuancayo.com.pe\/wp54\/bustos-sobre-posibilidad-que-polo-emigre-la-realidad-es-que-andy-esta-aca-y-muy-feliz\/#primaryimage"},"thumbnailUrl":"https:\/\/radiohuancayo.com.pe\/wp54\/wp-content\/uploads\/2025\/01\/image-17.png","articleSection":["Deportes"],"inLanguage":"es","potentialAction":[{"@type":"CommentAction","name":"Comment","target":["https:\/\/radiohuancayo.com.pe\/wp54\/bustos-sobre-posibilidad-que-polo-emigre-la-realidad-es-que-andy-esta-aca-y-muy-feliz\/#respond"]}]},{"@type":"WebPage","@id":"https:\/\/radiohuancayo.com.pe\/wp54\/bustos-sobre-posibilidad-que-polo-emigre-la-realidad-es-que-andy-esta-aca-y-muy-feliz\/","url":"https:\/\/radiohuancayo.com.pe\/wp54\/bustos-sobre-posibilidad-que-polo-emigre-la-realidad-es-que-andy-esta-aca-y-muy-feliz\/","name":"Bustos sobre posibilidad que Polo emigre: \"La realidad es que Andy est\u00e1 ac\u00e1 y muy feliz\" - Radio Huancayo","isPartOf":{"@id":"https:\/\/radiohuancayo.com.pe\/wp54\/#website"},"primaryImageOfPage":{"@id":"https:\/\/radiohuancayo.com.pe\/wp54\/bustos-sobre-posibilidad-que-polo-emigre-la-realidad-es-que-andy-esta-aca-y-muy-feliz\/#primaryimage"},"image":{"@id":"https:\/\/radiohuancayo.com.pe\/wp54\/bustos-sobre-posibilidad-que-polo-emigre-la-realidad-es-que-andy-esta-aca-y-muy-feliz\/#primaryimage"},"thumbnailUrl":"https:\/\/radiohuancayo.com.pe\/wp54\/wp-content\/uploads\/2025\/01\/image-17.png","datePublished":"2025-01-08T21:34:35+00:00","dateModified":"2025-01-08T21:34:36+00:00","breadcrumb":{"@id":"https:\/\/radiohuancayo.com.pe\/wp54\/bustos-sobre-posibilidad-que-polo-emigre-la-realidad-es-que-andy-esta-aca-y-muy-feliz\/#breadcrumb"},"inLanguage":"es","potentialAction":[{"@type":"ReadAction","target":["https:\/\/radiohuancayo.com.pe\/wp54\/bustos-sobre-posibilidad-que-polo-emigre-la-realidad-es-que-andy-esta-aca-y-muy-feliz\/"]}]},{"@type":"ImageObject","inLanguage":"es","@id":"https:\/\/radiohuancayo.com.pe\/wp54\/bustos-sobre-posibilidad-que-polo-emigre-la-realidad-es-que-andy-esta-aca-y-muy-feliz\/#primaryimage","url":"https:\/\/radiohuancayo.com.pe\/wp54\/wp-content\/uploads\/2025\/01\/image-17.png","contentUrl":"https:\/\/radiohuancayo.com.pe\/wp54\/wp-content\/uploads\/2025\/01\/image-17.png","width":1200,"height":630},{"@type":"BreadcrumbList","@id":"https:\/\/radiohuancayo.com.pe\/wp54\/bustos-sobre-posibilidad-que-polo-emigre-la-realidad-es-que-andy-esta-aca-y-muy-feliz\/#breadcrumb","itemListElement":[{"@type":"ListItem","position":1,"name":"Portada","item":"https:\/\/radiohuancayo.com.pe\/wp54\/"},{"@type":"ListItem","position":2,"name":"Bustos sobre posibilidad que Polo emigre: &#8220;La realidad es que Andy est\u00e1 ac\u00e1 y muy feliz&#8221;"}]},{"@type":"WebSite","@id":"https:\/\/radiohuancayo.com.pe\/wp54\/#website","url":"https:\/\/radiohuancayo.com.pe\/wp54\/","name":"Radio Huancayo","description":"me gusta!!!","publisher":{"@id":"https:\/\/radiohuancayo.com.pe\/wp54\/#organization"},"potentialAction":[{"@type":"SearchAction","target":{"@type":"EntryPoint","urlTemplate":"https:\/\/radiohuancayo.com.pe\/wp54\/?s={search_term_string}"},"query-input":{"@type":"PropertyValueSpecification","valueRequired":true,"valueName":"search_term_string"}}],"inLanguage":"es"},{"@type":"Organization","@id":"https:\/\/radiohuancayo.com.pe\/wp54\/#organization","name":"Radio Huancayo","url":"https:\/\/radiohuancayo.com.pe\/wp54\/","logo":{"@type":"ImageObject","inLanguage":"es","@id":"https:\/\/radiohuancayo.com.pe\/wp54\/#\/schema\/logo\/image\/","url":"https:\/\/radiohuancayo.com.pe\/wp54\/wp-content\/uploads\/2022\/04\/CABE01.png","contentUrl":"https:\/\/radiohuancayo.com.pe\/wp54\/wp-content\/uploads\/2022\/04\/CABE01.png","width":1640,"height":300,"caption":"Radio Huancayo"},"image":{"@id":"https:\/\/radiohuancayo.com.pe\/wp54\/#\/schema\/logo\/image\/"}},{"@type":"Person","@id":"https:\/\/radiohuancayo.com.pe\/wp54\/#\/schema\/person\/74fb124dee9900c6f4d0535fa1d2b5ae","name":"Michel Sanchez","image":{"@type":"ImageObject","inLanguage":"es","@id":"https:\/\/secure.gravatar.com\/avatar\/f7f6944c01b3f15a174d0cf055aea75c46697913fc8a9cf5c3cf3e8800c645f6?s=96&d=mm&r=g","url":"https:\/\/secure.gravatar.com\/avatar\/f7f6944c01b3f15a174d0cf055aea75c46697913fc8a9cf5c3cf3e8800c645f6?s=96&d=mm&r=g","contentUrl":"https:\/\/secure.gravatar.com\/avatar\/f7f6944c01b3f15a174d0cf055aea75c46697913fc8a9cf5c3cf3e8800c645f6?s=96&d=mm&r=g","caption":"Michel Sanchez"},"url":"https:\/\/radiohuancayo.com.pe\/wp54\/author\/memoris\/"}]}},"_links":{"self":[{"href":"https:\/\/radiohuancayo.com.pe\/wp54\/wp-json\/wp\/v2\/posts\/29300","targetHints":{"allow":["GET"]}}],"collection":[{"href":"https:\/\/radiohuancayo.com.pe\/wp54\/wp-json\/wp\/v2\/posts"}],"about":[{"href":"https:\/\/radiohuancayo.com.pe\/wp54\/wp-json\/wp\/v2\/types\/post"}],"author":[{"embeddable":true,"href":"https:\/\/radiohuancayo.com.pe\/wp54\/wp-json\/wp\/v2\/users\/2"}],"replies":[{"embeddable":true,"href":"https:\/\/radiohuancayo.com.pe\/wp54\/wp-json\/wp\/v2\/comments?post=29300"}],"version-history":[{"count":1,"href":"https:\/\/radiohuancayo.com.pe\/wp54\/wp-json\/wp\/v2\/posts\/29300\/revisions"}],"predecessor-version":[{"id":29302,"href":"https:\/\/radiohuancayo.com.pe\/wp54\/wp-json\/wp\/v2\/posts\/29300\/revisions\/29302"}],"wp:featuredmedia":[{"embeddable":true,"href":"https:\/\/radiohuancayo.com.pe\/wp54\/wp-json\/wp\/v2\/media\/29301"}],"wp:attachment":[{"href":"https:\/\/radiohuancayo.com.pe\/wp54\/wp-json\/wp\/v2\/media?parent=29300"}],"wp:term":[{"taxonomy":"category","embeddable":true,"href":"https:\/\/radiohuancayo.com.pe\/wp54\/wp-json\/wp\/v2\/categories?post=29300"},{"taxonomy":"post_tag","embeddable":true,"href":"https:\/\/radiohuancayo.com.pe\/wp54\/wp-json\/wp\/v2\/tags?post=29300"}],"curies":[{"name":"wp","href":"https:\/\/api.w.org\/{rel}","templated":true}]}}