{"id":29303,"date":"2025-01-08T16:35:53","date_gmt":"2025-01-08T21:35:53","guid":{"rendered":"https:\/\/radiohuancayo.com.pe\/wp54\/?p=29303"},"modified":"2025-01-08T16:35:54","modified_gmt":"2025-01-08T21:35:54","slug":"nuevo-reto-pena-anuncio-que-jugara-en-el-paok-de-grecia","status":"publish","type":"post","link":"https:\/\/radiohuancayo.com.pe\/wp54\/nuevo-reto-pena-anuncio-que-jugara-en-el-paok-de-grecia\/","title":{"rendered":"Nuevo reto: \u00a1Pe\u00f1a anunci\u00f3 que jugar\u00e1 en el PAOK de Grecia!"},"content":{"rendered":"\n<p>Luego de cuatro temporadas en Malmo FF y cinco t\u00edtulos con el club sueco, el volante nacional Sergio Pe\u00f1a opt\u00f3 por cambiar de equipo y comunic\u00f3 que ya tiene todo arreglado para fichar por el PAOK de Grecia.<\/p>\n\n\n\n<p>\u00abPuedo decir que todo est\u00e1 listo. Estoy feliz porque es mi carrera, solo tengo cosas buenas que decir sobre Malm\u00f6 y la ciudad\u00bb, declar\u00f3 un emocionado Pe\u00f1a a los micr\u00f3fonos de Sportbladet.<\/p>\n\n\n\n<p>adLuego, el mediocampista de 29 a\u00f1os, indic\u00f3: \u00abEspero que alg\u00fan d\u00eda nos volvamos a encontrar. Gracias al club, a la afici\u00f3n y a la ciudad. Es el primer club con el que gan\u00e9 t\u00edtulos, jugu\u00e9 Champions, Europa League. Es dif\u00edcil, pero as\u00ed es el f\u00fatbol, \u200b\u200bcontin\u00faa\u00bb.<\/p>\n\n\n\n<p>Cabe indicar que el exjugador de FC Emmen o Alianza Lima, se encontraba realizando la pretemporada con el equipo sueco en Marbella-Espa\u00f1a, y tras finalizar la primera pr\u00e1ctica le avisaron que todo estaba arreglado con PAOK, por &nbsp;lo que ma\u00f1ana retornar\u00e1 a Suecia por su pareja y sus cosas, para luego partir hacia Grecia.&nbsp;<\/p>\n\n\n\n<p>De esta forma, Sergio Pe\u00f1a deja Malmo FF tras m\u00e1s de un centenar de partidos (110), en total marc\u00f3 5 goles, dio 8 asistencias y gan\u00f3 tres ligas de Suecia y dos Copas del pa\u00eds escandinavo.<\/p>\n\n\n\n<h3 class=\"wp-block-heading\">\u00bfQU\u00c9 PRESENTE VIVE EL PAOK?<\/h3>\n\n\n\n<p>El elenco griego ma\u00f1ana disputar\u00e1 los cuartos de final de la Copa de Frecia de vuelta ante AEK, club de Alexander Callens. PAOK buscar\u00e1 remontar en casa el 0-1 sufrido en la ida y meterse a las &#8216;semis&#8217; del certamen.<\/p>\n\n\n\n<p>Mientras en la Superliga griega, en 17 fechas (de 36), est\u00e1 cuarto a cuatro puntos del l\u00edder Olympiacos. Y en la Europa League, a falta de dos jornadas, se encuentra en zona de play-offs para los 16avos. de final.<\/p>\n","protected":false},"excerpt":{"rendered":"<p>Luego de cuatro temporadas en Malmo FF y cinco t\u00edtulos con el club sueco, el volante nacional Sergio Pe\u00f1a opt\u00f3 por cambiar de equipo y comunic\u00f3 que ya tiene todo arreglado para fichar por el PAOK de Grecia. \u00abPuedo decir que todo est\u00e1 listo. Estoy feliz porque es mi carrera, solo tengo cosas buenas que decir sobre Malm\u00f6 y la ciudad\u00bb, declar\u00f3 un emocionado Pe\u00f1a a los micr\u00f3fonos de Sportbladet. adLuego, el mediocampista de 29 a\u00f1os, indic\u00f3: \u00abEspero que alg\u00fan d\u00eda nos volvamos a encontrar. Gracias al club, a la afici\u00f3n y a la ciudad. Es el primer club con el que gan\u00e9 t\u00edtulos, jugu\u00e9 Champions, Europa League. Es dif\u00edcil, pero as\u00ed es el f\u00fatbol, \u200b\u200bcontin\u00faa\u00bb. Cabe indicar que el exjugador de FC Emmen o Alianza Lima, se encontraba realizando la pretemporada con el equipo sueco en Marbella-Espa\u00f1a, y tras finalizar la primera pr\u00e1ctica le avisaron que todo estaba arreglado con PAOK, por &nbsp;lo que ma\u00f1ana retornar\u00e1 a Suecia por su pareja y sus cosas, para luego partir hacia Grecia.&nbsp; De esta forma, Sergio Pe\u00f1a deja Malmo FF tras m\u00e1s de un centenar de partidos (110), en total marc\u00f3 5 goles, dio 8 asistencias y gan\u00f3 tres ligas de Suecia y dos Copas del pa\u00eds escandinavo. \u00bfQU\u00c9 PRESENTE VIVE EL PAOK? El elenco griego ma\u00f1ana disputar\u00e1 los cuartos de final de la Copa de Frecia de vuelta ante AEK, club de Alexander Callens. PAOK buscar\u00e1 remontar en casa el 0-1 sufrido en la ida y meterse a las &#8216;semis&#8217; del certamen. Mientras en la Superliga griega, en 17 fechas (de 36), est\u00e1 cuarto a cuatro puntos del l\u00edder Olympiacos. Y en la Europa League, a falta de dos jornadas, se encuentra en zona de play-offs para los 16avos. de final.<\/p>\n","protected":false},"author":2,"featured_media":29304,"comment_status":"open","ping_status":"open","sticky":false,"template":"","format":"standard","meta":{"footnotes":""},"categories":[7],"tags":[],"class_list":["post-29303","post","type-post","status-publish","format-standard","has-post-thumbnail","hentry","category-deportes"],"yoast_head":"<!-- This site is optimized with the Yoast SEO plugin v27.5 - https:\/\/yoast.com\/product\/yoast-seo-wordpress\/ -->\n<title>Nuevo reto: \u00a1Pe\u00f1a anunci\u00f3 que jugar\u00e1 en el PAOK de Grecia! - Radio Huancayo<\/title>\n<meta name=\"robots\" content=\"index, follow, max-snippet:-1, max-image-preview:large, max-video-preview:-1\" \/>\n<link rel=\"canonical\" href=\"https:\/\/radiohuancayo.com.pe\/wp54\/nuevo-reto-pena-anuncio-que-jugara-en-el-paok-de-grecia\/\" \/>\n<meta property=\"og:locale\" content=\"es_ES\" \/>\n<meta property=\"og:type\" content=\"article\" \/>\n<meta property=\"og:title\" content=\"Nuevo reto: \u00a1Pe\u00f1a anunci\u00f3 que jugar\u00e1 en el PAOK de Grecia! - Radio Huancayo\" \/>\n<meta property=\"og:description\" content=\"Luego de cuatro temporadas en Malmo FF y cinco t\u00edtulos con el club sueco, el volante nacional Sergio Pe\u00f1a opt\u00f3 por cambiar de equipo y comunic\u00f3 que ya tiene todo arreglado para fichar por el PAOK de Grecia. \u00abPuedo decir que todo est\u00e1 listo. Estoy feliz porque es mi carrera, solo tengo cosas buenas que decir sobre Malm\u00f6 y la ciudad\u00bb, declar\u00f3 un emocionado Pe\u00f1a a los micr\u00f3fonos de Sportbladet. adLuego, el mediocampista de 29 a\u00f1os, indic\u00f3: \u00abEspero que alg\u00fan d\u00eda nos volvamos a encontrar. Gracias al club, a la afici\u00f3n y a la ciudad. Es el primer club con el que gan\u00e9 t\u00edtulos, jugu\u00e9 Champions, Europa League. Es dif\u00edcil, pero as\u00ed es el f\u00fatbol, \u200b\u200bcontin\u00faa\u00bb. Cabe indicar que el exjugador de FC Emmen o Alianza Lima, se encontraba realizando la pretemporada con el equipo sueco en Marbella-Espa\u00f1a, y tras finalizar la primera pr\u00e1ctica le avisaron que todo estaba arreglado con PAOK, por &nbsp;lo que ma\u00f1ana retornar\u00e1 a Suecia por su pareja y sus cosas, para luego partir hacia Grecia.&nbsp; De esta forma, Sergio Pe\u00f1a deja Malmo FF tras m\u00e1s de un centenar de partidos (110), en total marc\u00f3 5 goles, dio 8 asistencias y gan\u00f3 tres ligas de Suecia y dos Copas del pa\u00eds escandinavo. \u00bfQU\u00c9 PRESENTE VIVE EL PAOK? El elenco griego ma\u00f1ana disputar\u00e1 los cuartos de final de la Copa de Frecia de vuelta ante AEK, club de Alexander Callens. PAOK buscar\u00e1 remontar en casa el 0-1 sufrido en la ida y meterse a las &#8216;semis&#8217; del certamen. Mientras en la Superliga griega, en 17 fechas (de 36), est\u00e1 cuarto a cuatro puntos del l\u00edder Olympiacos. Y en la Europa League, a falta de dos jornadas, se encuentra en zona de play-offs para los 16avos. de final.\" \/>\n<meta property=\"og:url\" content=\"https:\/\/radiohuancayo.com.pe\/wp54\/nuevo-reto-pena-anuncio-que-jugara-en-el-paok-de-grecia\/\" \/>\n<meta property=\"og:site_name\" content=\"Radio Huancayo\" \/>\n<meta property=\"article:published_time\" content=\"2025-01-08T21:35:53+00:00\" \/>\n<meta property=\"article:modified_time\" content=\"2025-01-08T21:35:54+00:00\" \/>\n<meta property=\"og:image\" content=\"https:\/\/radiohuancayo.com.pe\/wp54\/wp-content\/uploads\/2025\/01\/image-18.png\" \/>\n\t<meta property=\"og:image:width\" content=\"1200\" \/>\n\t<meta property=\"og:image:height\" content=\"630\" \/>\n\t<meta property=\"og:image:type\" content=\"image\/png\" \/>\n<meta name=\"author\" content=\"Michel Sanchez\" \/>\n<meta name=\"twitter:card\" content=\"summary_large_image\" \/>\n<meta name=\"twitter:label1\" content=\"Escrito por\" \/>\n\t<meta name=\"twitter:data1\" content=\"Michel Sanchez\" \/>\n\t<meta name=\"twitter:label2\" content=\"Tiempo de lectura\" \/>\n\t<meta name=\"twitter:data2\" content=\"2 minutos\" \/>\n<script type=\"application\/ld+json\" class=\"yoast-schema-graph\">{\"@context\":\"https:\\\/\\\/schema.org\",\"@graph\":[{\"@type\":\"Article\",\"@id\":\"https:\\\/\\\/radiohuancayo.com.pe\\\/wp54\\\/nuevo-reto-pena-anuncio-que-jugara-en-el-paok-de-grecia\\\/#article\",\"isPartOf\":{\"@id\":\"https:\\\/\\\/radiohuancayo.com.pe\\\/wp54\\\/nuevo-reto-pena-anuncio-que-jugara-en-el-paok-de-grecia\\\/\"},\"author\":{\"name\":\"Michel Sanchez\",\"@id\":\"https:\\\/\\\/radiohuancayo.com.pe\\\/wp54\\\/#\\\/schema\\\/person\\\/74fb124dee9900c6f4d0535fa1d2b5ae\"},\"headline\":\"Nuevo reto: \u00a1Pe\u00f1a anunci\u00f3 que jugar\u00e1 en el PAOK de Grecia!\",\"datePublished\":\"2025-01-08T21:35:53+00:00\",\"dateModified\":\"2025-01-08T21:35:54+00:00\",\"mainEntityOfPage\":{\"@id\":\"https:\\\/\\\/radiohuancayo.com.pe\\\/wp54\\\/nuevo-reto-pena-anuncio-que-jugara-en-el-paok-de-grecia\\\/\"},\"wordCount\":318,\"commentCount\":0,\"publisher\":{\"@id\":\"https:\\\/\\\/radiohuancayo.com.pe\\\/wp54\\\/#organization\"},\"image\":{\"@id\":\"https:\\\/\\\/radiohuancayo.com.pe\\\/wp54\\\/nuevo-reto-pena-anuncio-que-jugara-en-el-paok-de-grecia\\\/#primaryimage\"},\"thumbnailUrl\":\"https:\\\/\\\/radiohuancayo.com.pe\\\/wp54\\\/wp-content\\\/uploads\\\/2025\\\/01\\\/image-18.png\",\"articleSection\":[\"Deportes\"],\"inLanguage\":\"es\",\"potentialAction\":[{\"@type\":\"CommentAction\",\"name\":\"Comment\",\"target\":[\"https:\\\/\\\/radiohuancayo.com.pe\\\/wp54\\\/nuevo-reto-pena-anuncio-que-jugara-en-el-paok-de-grecia\\\/#respond\"]}]},{\"@type\":\"WebPage\",\"@id\":\"https:\\\/\\\/radiohuancayo.com.pe\\\/wp54\\\/nuevo-reto-pena-anuncio-que-jugara-en-el-paok-de-grecia\\\/\",\"url\":\"https:\\\/\\\/radiohuancayo.com.pe\\\/wp54\\\/nuevo-reto-pena-anuncio-que-jugara-en-el-paok-de-grecia\\\/\",\"name\":\"Nuevo reto: \u00a1Pe\u00f1a anunci\u00f3 que jugar\u00e1 en el PAOK de Grecia! - Radio Huancayo\",\"isPartOf\":{\"@id\":\"https:\\\/\\\/radiohuancayo.com.pe\\\/wp54\\\/#website\"},\"primaryImageOfPage\":{\"@id\":\"https:\\\/\\\/radiohuancayo.com.pe\\\/wp54\\\/nuevo-reto-pena-anuncio-que-jugara-en-el-paok-de-grecia\\\/#primaryimage\"},\"image\":{\"@id\":\"https:\\\/\\\/radiohuancayo.com.pe\\\/wp54\\\/nuevo-reto-pena-anuncio-que-jugara-en-el-paok-de-grecia\\\/#primaryimage\"},\"thumbnailUrl\":\"https:\\\/\\\/radiohuancayo.com.pe\\\/wp54\\\/wp-content\\\/uploads\\\/2025\\\/01\\\/image-18.png\",\"datePublished\":\"2025-01-08T21:35:53+00:00\",\"dateModified\":\"2025-01-08T21:35:54+00:00\",\"breadcrumb\":{\"@id\":\"https:\\\/\\\/radiohuancayo.com.pe\\\/wp54\\\/nuevo-reto-pena-anuncio-que-jugara-en-el-paok-de-grecia\\\/#breadcrumb\"},\"inLanguage\":\"es\",\"potentialAction\":[{\"@type\":\"ReadAction\",\"target\":[\"https:\\\/\\\/radiohuancayo.com.pe\\\/wp54\\\/nuevo-reto-pena-anuncio-que-jugara-en-el-paok-de-grecia\\\/\"]}]},{\"@type\":\"ImageObject\",\"inLanguage\":\"es\",\"@id\":\"https:\\\/\\\/radiohuancayo.com.pe\\\/wp54\\\/nuevo-reto-pena-anuncio-que-jugara-en-el-paok-de-grecia\\\/#primaryimage\",\"url\":\"https:\\\/\\\/radiohuancayo.com.pe\\\/wp54\\\/wp-content\\\/uploads\\\/2025\\\/01\\\/image-18.png\",\"contentUrl\":\"https:\\\/\\\/radiohuancayo.com.pe\\\/wp54\\\/wp-content\\\/uploads\\\/2025\\\/01\\\/image-18.png\",\"width\":1200,\"height\":630},{\"@type\":\"BreadcrumbList\",\"@id\":\"https:\\\/\\\/radiohuancayo.com.pe\\\/wp54\\\/nuevo-reto-pena-anuncio-que-jugara-en-el-paok-de-grecia\\\/#breadcrumb\",\"itemListElement\":[{\"@type\":\"ListItem\",\"position\":1,\"name\":\"Portada\",\"item\":\"https:\\\/\\\/radiohuancayo.com.pe\\\/wp54\\\/\"},{\"@type\":\"ListItem\",\"position\":2,\"name\":\"Nuevo reto: \u00a1Pe\u00f1a anunci\u00f3 que jugar\u00e1 en el PAOK de Grecia!\"}]},{\"@type\":\"WebSite\",\"@id\":\"https:\\\/\\\/radiohuancayo.com.pe\\\/wp54\\\/#website\",\"url\":\"https:\\\/\\\/radiohuancayo.com.pe\\\/wp54\\\/\",\"name\":\"Radio Huancayo\",\"description\":\"me gusta!!!\",\"publisher\":{\"@id\":\"https:\\\/\\\/radiohuancayo.com.pe\\\/wp54\\\/#organization\"},\"potentialAction\":[{\"@type\":\"SearchAction\",\"target\":{\"@type\":\"EntryPoint\",\"urlTemplate\":\"https:\\\/\\\/radiohuancayo.com.pe\\\/wp54\\\/?s={search_term_string}\"},\"query-input\":{\"@type\":\"PropertyValueSpecification\",\"valueRequired\":true,\"valueName\":\"search_term_string\"}}],\"inLanguage\":\"es\"},{\"@type\":\"Organization\",\"@id\":\"https:\\\/\\\/radiohuancayo.com.pe\\\/wp54\\\/#organization\",\"name\":\"Radio Huancayo\",\"url\":\"https:\\\/\\\/radiohuancayo.com.pe\\\/wp54\\\/\",\"logo\":{\"@type\":\"ImageObject\",\"inLanguage\":\"es\",\"@id\":\"https:\\\/\\\/radiohuancayo.com.pe\\\/wp54\\\/#\\\/schema\\\/logo\\\/image\\\/\",\"url\":\"https:\\\/\\\/radiohuancayo.com.pe\\\/wp54\\\/wp-content\\\/uploads\\\/2022\\\/04\\\/CABE01.png\",\"contentUrl\":\"https:\\\/\\\/radiohuancayo.com.pe\\\/wp54\\\/wp-content\\\/uploads\\\/2022\\\/04\\\/CABE01.png\",\"width\":1640,\"height\":300,\"caption\":\"Radio Huancayo\"},\"image\":{\"@id\":\"https:\\\/\\\/radiohuancayo.com.pe\\\/wp54\\\/#\\\/schema\\\/logo\\\/image\\\/\"}},{\"@type\":\"Person\",\"@id\":\"https:\\\/\\\/radiohuancayo.com.pe\\\/wp54\\\/#\\\/schema\\\/person\\\/74fb124dee9900c6f4d0535fa1d2b5ae\",\"name\":\"Michel Sanchez\",\"image\":{\"@type\":\"ImageObject\",\"inLanguage\":\"es\",\"@id\":\"https:\\\/\\\/secure.gravatar.com\\\/avatar\\\/f7f6944c01b3f15a174d0cf055aea75c46697913fc8a9cf5c3cf3e8800c645f6?s=96&d=mm&r=g\",\"url\":\"https:\\\/\\\/secure.gravatar.com\\\/avatar\\\/f7f6944c01b3f15a174d0cf055aea75c46697913fc8a9cf5c3cf3e8800c645f6?s=96&d=mm&r=g\",\"contentUrl\":\"https:\\\/\\\/secure.gravatar.com\\\/avatar\\\/f7f6944c01b3f15a174d0cf055aea75c46697913fc8a9cf5c3cf3e8800c645f6?s=96&d=mm&r=g\",\"caption\":\"Michel Sanchez\"},\"url\":\"https:\\\/\\\/radiohuancayo.com.pe\\\/wp54\\\/author\\\/memoris\\\/\"}]}<\/script>\n<!-- \/ Yoast SEO plugin. -->","yoast_head_json":{"title":"Nuevo reto: \u00a1Pe\u00f1a anunci\u00f3 que jugar\u00e1 en el PAOK de Grecia! - Radio Huancayo","robots":{"index":"index","follow":"follow","max-snippet":"max-snippet:-1","max-image-preview":"max-image-preview:large","max-video-preview":"max-video-preview:-1"},"canonical":"https:\/\/radiohuancayo.com.pe\/wp54\/nuevo-reto-pena-anuncio-que-jugara-en-el-paok-de-grecia\/","og_locale":"es_ES","og_type":"article","og_title":"Nuevo reto: \u00a1Pe\u00f1a anunci\u00f3 que jugar\u00e1 en el PAOK de Grecia! - Radio Huancayo","og_description":"Luego de cuatro temporadas en Malmo FF y cinco t\u00edtulos con el club sueco, el volante nacional Sergio Pe\u00f1a opt\u00f3 por cambiar de equipo y comunic\u00f3 que ya tiene todo arreglado para fichar por el PAOK de Grecia. \u00abPuedo decir que todo est\u00e1 listo. Estoy feliz porque es mi carrera, solo tengo cosas buenas que decir sobre Malm\u00f6 y la ciudad\u00bb, declar\u00f3 un emocionado Pe\u00f1a a los micr\u00f3fonos de Sportbladet. adLuego, el mediocampista de 29 a\u00f1os, indic\u00f3: \u00abEspero que alg\u00fan d\u00eda nos volvamos a encontrar. Gracias al club, a la afici\u00f3n y a la ciudad. Es el primer club con el que gan\u00e9 t\u00edtulos, jugu\u00e9 Champions, Europa League. Es dif\u00edcil, pero as\u00ed es el f\u00fatbol, \u200b\u200bcontin\u00faa\u00bb. Cabe indicar que el exjugador de FC Emmen o Alianza Lima, se encontraba realizando la pretemporada con el equipo sueco en Marbella-Espa\u00f1a, y tras finalizar la primera pr\u00e1ctica le avisaron que todo estaba arreglado con PAOK, por &nbsp;lo que ma\u00f1ana retornar\u00e1 a Suecia por su pareja y sus cosas, para luego partir hacia Grecia.&nbsp; De esta forma, Sergio Pe\u00f1a deja Malmo FF tras m\u00e1s de un centenar de partidos (110), en total marc\u00f3 5 goles, dio 8 asistencias y gan\u00f3 tres ligas de Suecia y dos Copas del pa\u00eds escandinavo. \u00bfQU\u00c9 PRESENTE VIVE EL PAOK? El elenco griego ma\u00f1ana disputar\u00e1 los cuartos de final de la Copa de Frecia de vuelta ante AEK, club de Alexander Callens. PAOK buscar\u00e1 remontar en casa el 0-1 sufrido en la ida y meterse a las &#8216;semis&#8217; del certamen. Mientras en la Superliga griega, en 17 fechas (de 36), est\u00e1 cuarto a cuatro puntos del l\u00edder Olympiacos. Y en la Europa League, a falta de dos jornadas, se encuentra en zona de play-offs para los 16avos. de final.","og_url":"https:\/\/radiohuancayo.com.pe\/wp54\/nuevo-reto-pena-anuncio-que-jugara-en-el-paok-de-grecia\/","og_site_name":"Radio Huancayo","article_published_time":"2025-01-08T21:35:53+00:00","article_modified_time":"2025-01-08T21:35:54+00:00","og_image":[{"width":1200,"height":630,"url":"https:\/\/radiohuancayo.com.pe\/wp54\/wp-content\/uploads\/2025\/01\/image-18.png","type":"image\/png"}],"author":"Michel Sanchez","twitter_card":"summary_large_image","twitter_misc":{"Escrito por":"Michel Sanchez","Tiempo de lectura":"2 minutos"},"schema":{"@context":"https:\/\/schema.org","@graph":[{"@type":"Article","@id":"https:\/\/radiohuancayo.com.pe\/wp54\/nuevo-reto-pena-anuncio-que-jugara-en-el-paok-de-grecia\/#article","isPartOf":{"@id":"https:\/\/radiohuancayo.com.pe\/wp54\/nuevo-reto-pena-anuncio-que-jugara-en-el-paok-de-grecia\/"},"author":{"name":"Michel Sanchez","@id":"https:\/\/radiohuancayo.com.pe\/wp54\/#\/schema\/person\/74fb124dee9900c6f4d0535fa1d2b5ae"},"headline":"Nuevo reto: \u00a1Pe\u00f1a anunci\u00f3 que jugar\u00e1 en el PAOK de Grecia!","datePublished":"2025-01-08T21:35:53+00:00","dateModified":"2025-01-08T21:35:54+00:00","mainEntityOfPage":{"@id":"https:\/\/radiohuancayo.com.pe\/wp54\/nuevo-reto-pena-anuncio-que-jugara-en-el-paok-de-grecia\/"},"wordCount":318,"commentCount":0,"publisher":{"@id":"https:\/\/radiohuancayo.com.pe\/wp54\/#organization"},"image":{"@id":"https:\/\/radiohuancayo.com.pe\/wp54\/nuevo-reto-pena-anuncio-que-jugara-en-el-paok-de-grecia\/#primaryimage"},"thumbnailUrl":"https:\/\/radiohuancayo.com.pe\/wp54\/wp-content\/uploads\/2025\/01\/image-18.png","articleSection":["Deportes"],"inLanguage":"es","potentialAction":[{"@type":"CommentAction","name":"Comment","target":["https:\/\/radiohuancayo.com.pe\/wp54\/nuevo-reto-pena-anuncio-que-jugara-en-el-paok-de-grecia\/#respond"]}]},{"@type":"WebPage","@id":"https:\/\/radiohuancayo.com.pe\/wp54\/nuevo-reto-pena-anuncio-que-jugara-en-el-paok-de-grecia\/","url":"https:\/\/radiohuancayo.com.pe\/wp54\/nuevo-reto-pena-anuncio-que-jugara-en-el-paok-de-grecia\/","name":"Nuevo reto: \u00a1Pe\u00f1a anunci\u00f3 que jugar\u00e1 en el PAOK de Grecia! - Radio Huancayo","isPartOf":{"@id":"https:\/\/radiohuancayo.com.pe\/wp54\/#website"},"primaryImageOfPage":{"@id":"https:\/\/radiohuancayo.com.pe\/wp54\/nuevo-reto-pena-anuncio-que-jugara-en-el-paok-de-grecia\/#primaryimage"},"image":{"@id":"https:\/\/radiohuancayo.com.pe\/wp54\/nuevo-reto-pena-anuncio-que-jugara-en-el-paok-de-grecia\/#primaryimage"},"thumbnailUrl":"https:\/\/radiohuancayo.com.pe\/wp54\/wp-content\/uploads\/2025\/01\/image-18.png","datePublished":"2025-01-08T21:35:53+00:00","dateModified":"2025-01-08T21:35:54+00:00","breadcrumb":{"@id":"https:\/\/radiohuancayo.com.pe\/wp54\/nuevo-reto-pena-anuncio-que-jugara-en-el-paok-de-grecia\/#breadcrumb"},"inLanguage":"es","potentialAction":[{"@type":"ReadAction","target":["https:\/\/radiohuancayo.com.pe\/wp54\/nuevo-reto-pena-anuncio-que-jugara-en-el-paok-de-grecia\/"]}]},{"@type":"ImageObject","inLanguage":"es","@id":"https:\/\/radiohuancayo.com.pe\/wp54\/nuevo-reto-pena-anuncio-que-jugara-en-el-paok-de-grecia\/#primaryimage","url":"https:\/\/radiohuancayo.com.pe\/wp54\/wp-content\/uploads\/2025\/01\/image-18.png","contentUrl":"https:\/\/radiohuancayo.com.pe\/wp54\/wp-content\/uploads\/2025\/01\/image-18.png","width":1200,"height":630},{"@type":"BreadcrumbList","@id":"https:\/\/radiohuancayo.com.pe\/wp54\/nuevo-reto-pena-anuncio-que-jugara-en-el-paok-de-grecia\/#breadcrumb","itemListElement":[{"@type":"ListItem","position":1,"name":"Portada","item":"https:\/\/radiohuancayo.com.pe\/wp54\/"},{"@type":"ListItem","position":2,"name":"Nuevo reto: \u00a1Pe\u00f1a anunci\u00f3 que jugar\u00e1 en el PAOK de Grecia!"}]},{"@type":"WebSite","@id":"https:\/\/radiohuancayo.com.pe\/wp54\/#website","url":"https:\/\/radiohuancayo.com.pe\/wp54\/","name":"Radio Huancayo","description":"me gusta!!!","publisher":{"@id":"https:\/\/radiohuancayo.com.pe\/wp54\/#organization"},"potentialAction":[{"@type":"SearchAction","target":{"@type":"EntryPoint","urlTemplate":"https:\/\/radiohuancayo.com.pe\/wp54\/?s={search_term_string}"},"query-input":{"@type":"PropertyValueSpecification","valueRequired":true,"valueName":"search_term_string"}}],"inLanguage":"es"},{"@type":"Organization","@id":"https:\/\/radiohuancayo.com.pe\/wp54\/#organization","name":"Radio Huancayo","url":"https:\/\/radiohuancayo.com.pe\/wp54\/","logo":{"@type":"ImageObject","inLanguage":"es","@id":"https:\/\/radiohuancayo.com.pe\/wp54\/#\/schema\/logo\/image\/","url":"https:\/\/radiohuancayo.com.pe\/wp54\/wp-content\/uploads\/2022\/04\/CABE01.png","contentUrl":"https:\/\/radiohuancayo.com.pe\/wp54\/wp-content\/uploads\/2022\/04\/CABE01.png","width":1640,"height":300,"caption":"Radio Huancayo"},"image":{"@id":"https:\/\/radiohuancayo.com.pe\/wp54\/#\/schema\/logo\/image\/"}},{"@type":"Person","@id":"https:\/\/radiohuancayo.com.pe\/wp54\/#\/schema\/person\/74fb124dee9900c6f4d0535fa1d2b5ae","name":"Michel Sanchez","image":{"@type":"ImageObject","inLanguage":"es","@id":"https:\/\/secure.gravatar.com\/avatar\/f7f6944c01b3f15a174d0cf055aea75c46697913fc8a9cf5c3cf3e8800c645f6?s=96&d=mm&r=g","url":"https:\/\/secure.gravatar.com\/avatar\/f7f6944c01b3f15a174d0cf055aea75c46697913fc8a9cf5c3cf3e8800c645f6?s=96&d=mm&r=g","contentUrl":"https:\/\/secure.gravatar.com\/avatar\/f7f6944c01b3f15a174d0cf055aea75c46697913fc8a9cf5c3cf3e8800c645f6?s=96&d=mm&r=g","caption":"Michel Sanchez"},"url":"https:\/\/radiohuancayo.com.pe\/wp54\/author\/memoris\/"}]}},"_links":{"self":[{"href":"https:\/\/radiohuancayo.com.pe\/wp54\/wp-json\/wp\/v2\/posts\/29303","targetHints":{"allow":["GET"]}}],"collection":[{"href":"https:\/\/radiohuancayo.com.pe\/wp54\/wp-json\/wp\/v2\/posts"}],"about":[{"href":"https:\/\/radiohuancayo.com.pe\/wp54\/wp-json\/wp\/v2\/types\/post"}],"author":[{"embeddable":true,"href":"https:\/\/radiohuancayo.com.pe\/wp54\/wp-json\/wp\/v2\/users\/2"}],"replies":[{"embeddable":true,"href":"https:\/\/radiohuancayo.com.pe\/wp54\/wp-json\/wp\/v2\/comments?post=29303"}],"version-history":[{"count":1,"href":"https:\/\/radiohuancayo.com.pe\/wp54\/wp-json\/wp\/v2\/posts\/29303\/revisions"}],"predecessor-version":[{"id":29305,"href":"https:\/\/radiohuancayo.com.pe\/wp54\/wp-json\/wp\/v2\/posts\/29303\/revisions\/29305"}],"wp:featuredmedia":[{"embeddable":true,"href":"https:\/\/radiohuancayo.com.pe\/wp54\/wp-json\/wp\/v2\/media\/29304"}],"wp:attachment":[{"href":"https:\/\/radiohuancayo.com.pe\/wp54\/wp-json\/wp\/v2\/media?parent=29303"}],"wp:term":[{"taxonomy":"category","embeddable":true,"href":"https:\/\/radiohuancayo.com.pe\/wp54\/wp-json\/wp\/v2\/categories?post=29303"},{"taxonomy":"post_tag","embeddable":true,"href":"https:\/\/radiohuancayo.com.pe\/wp54\/wp-json\/wp\/v2\/tags?post=29303"}],"curies":[{"name":"wp","href":"https:\/\/api.w.org\/{rel}","templated":true}]}}