{"id":29487,"date":"2025-02-10T16:34:40","date_gmt":"2025-02-10T21:34:40","guid":{"rendered":"https:\/\/radiohuancayo.com.pe\/wp54\/?p=29487"},"modified":"2025-02-10T16:34:41","modified_gmt":"2025-02-10T21:34:41","slug":"conmebol-designo-inedito-arbitro-para-el-alianza-lima-vs-nacional-por-fase-1-de-libertadores","status":"publish","type":"post","link":"https:\/\/radiohuancayo.com.pe\/wp54\/conmebol-designo-inedito-arbitro-para-el-alianza-lima-vs-nacional-por-fase-1-de-libertadores\/","title":{"rendered":"Conmebol design\u00f3 in\u00e9dito \u00e1rbitro para el Alianza Lima vs Nacional por fase 1 de Libertadores"},"content":{"rendered":"\n<p>Alianza Lima se enfrentar\u00e1 a Nacional de Paraguay este mi\u00e9rcoles 12 de febrero en el estadio Alejandro Villanueva a las 7:30 p.m. La Conmebol ha confirmado al \u00e1rbitro designado para el partido de vuelta.<\/p>\n\n\n\n<p>Mediante su p\u00e1gina oficial, la Conmebol public\u00f3 la lista de \u00e1rbitros designados para los partidos del d\u00eda. Cabe recordar que la Fase 1 de la Copa Libertadores cuenta con seis equipos en competencia, destacando los encuentros entre Blooming vs. El Nacional, Monagas vs. Defensor Sporting y Nacional de Paraguay vs. Alianza Lima.<\/p>\n\n\n\n<p>El \u00e1rbitro principal del partido entre Alianza Lima y Nacional de Paraguay ser\u00e1 Piero Maza, mientras que Francisco Gilabert estar\u00e1 a cargo del VAR. Ambos jueces son de nacionalidad chilena.<\/p>\n\n\n\n<figure class=\"wp-block-image\"><img decoding=\"async\" src=\"https:\/\/i0.wp.com\/www.eldiez.com.pe\/wp-content\/uploads\/2025\/02\/arbritos.png?resize=485%2C609&amp;ssl=1\" alt=\"\" class=\"wp-image-1070091\"\/><\/figure>\n\n\n\n<h2 class=\"wp-block-heading\">\u00c1rbitros de los otro partidos<\/h2>\n\n\n\n<p>Dicha publicaci\u00f3n tambi\u00e9n incluye a los \u00e1rbitros de los otros partidos de la Fase 1: Blooming vs. El Nacional y Monagas vs. Defensor Sporting. Los jueces designados son los peruanos Kevin Ortega y Diego Haro, adem\u00e1s de los brasile\u00f1os Flavio de Souza y Rodrigo Guarizo, respectivamente.<\/p>\n\n\n\n<h2 class=\"wp-block-heading\">\u00bfA que hora se dar\u00e1 el encuentro entre Alianza Lima vs Nacional de Paraguay?<\/h2>\n\n\n\n<ul class=\"wp-block-list\">\n<li><strong>Per\u00fa: 7:30 p.m.<\/strong><\/li>\n\n\n\n<li>Ecuador: 7:30 p.m.<\/li>\n\n\n\n<li>Colombia: 7:30 p.m.<\/li>\n\n\n\n<li>Bolivia: 8:30 p.m.<\/li>\n\n\n\n<li><strong>Paraguay: 8:30 p.m.<\/strong><\/li>\n\n\n\n<li>Venezuela: 8:30 p.m.<\/li>\n\n\n\n<li>Chile: 9:30 p.m.<\/li>\n\n\n\n<li>Argentina: 9:30 p.m.<\/li>\n\n\n\n<li>Brasil: 9:30 p.m.<\/li>\n\n\n\n<li>Uruguay: 9:00 p.m.<\/li>\n<\/ul>\n\n\n\n<p><\/p>\n","protected":false},"excerpt":{"rendered":"<p>Alianza Lima se enfrentar\u00e1 a Nacional de Paraguay este mi\u00e9rcoles 12 de febrero en el estadio Alejandro Villanueva a las 7:30 p.m. La Conmebol ha confirmado al \u00e1rbitro designado para el partido de vuelta. Mediante su p\u00e1gina oficial, la Conmebol public\u00f3 la lista de \u00e1rbitros designados para los partidos del d\u00eda. Cabe recordar que la Fase 1 de la Copa Libertadores cuenta con seis equipos en competencia, destacando los encuentros entre Blooming vs. El Nacional, Monagas vs. Defensor Sporting y Nacional de Paraguay vs. Alianza Lima. El \u00e1rbitro principal del partido entre Alianza Lima y Nacional de Paraguay ser\u00e1 Piero Maza, mientras que Francisco Gilabert estar\u00e1 a cargo del VAR. Ambos jueces son de nacionalidad chilena. \u00c1rbitros de los otro partidos Dicha publicaci\u00f3n tambi\u00e9n incluye a los \u00e1rbitros de los otros partidos de la Fase 1: Blooming vs. El Nacional y Monagas vs. Defensor Sporting. Los jueces designados son los peruanos Kevin Ortega y Diego Haro, adem\u00e1s de los brasile\u00f1os Flavio de Souza y Rodrigo Guarizo, respectivamente. \u00bfA que hora se dar\u00e1 el encuentro entre Alianza Lima vs Nacional de Paraguay?<\/p>\n","protected":false},"author":2,"featured_media":29488,"comment_status":"open","ping_status":"open","sticky":false,"template":"","format":"standard","meta":{"footnotes":""},"categories":[7],"tags":[],"class_list":["post-29487","post","type-post","status-publish","format-standard","has-post-thumbnail","hentry","category-deportes"],"yoast_head":"<!-- This site is optimized with the Yoast SEO plugin v27.5 - https:\/\/yoast.com\/product\/yoast-seo-wordpress\/ -->\n<title>Conmebol design\u00f3 in\u00e9dito \u00e1rbitro para el Alianza Lima vs Nacional por fase 1 de Libertadores - Radio Huancayo<\/title>\n<meta name=\"robots\" content=\"index, follow, max-snippet:-1, max-image-preview:large, max-video-preview:-1\" \/>\n<link rel=\"canonical\" href=\"https:\/\/radiohuancayo.com.pe\/wp54\/conmebol-designo-inedito-arbitro-para-el-alianza-lima-vs-nacional-por-fase-1-de-libertadores\/\" \/>\n<meta property=\"og:locale\" content=\"es_ES\" \/>\n<meta property=\"og:type\" content=\"article\" \/>\n<meta property=\"og:title\" content=\"Conmebol design\u00f3 in\u00e9dito \u00e1rbitro para el Alianza Lima vs Nacional por fase 1 de Libertadores - Radio Huancayo\" \/>\n<meta property=\"og:description\" content=\"Alianza Lima se enfrentar\u00e1 a Nacional de Paraguay este mi\u00e9rcoles 12 de febrero en el estadio Alejandro Villanueva a las 7:30 p.m. La Conmebol ha confirmado al \u00e1rbitro designado para el partido de vuelta. Mediante su p\u00e1gina oficial, la Conmebol public\u00f3 la lista de \u00e1rbitros designados para los partidos del d\u00eda. Cabe recordar que la Fase 1 de la Copa Libertadores cuenta con seis equipos en competencia, destacando los encuentros entre Blooming vs. El Nacional, Monagas vs. Defensor Sporting y Nacional de Paraguay vs. Alianza Lima. El \u00e1rbitro principal del partido entre Alianza Lima y Nacional de Paraguay ser\u00e1 Piero Maza, mientras que Francisco Gilabert estar\u00e1 a cargo del VAR. Ambos jueces son de nacionalidad chilena. \u00c1rbitros de los otro partidos Dicha publicaci\u00f3n tambi\u00e9n incluye a los \u00e1rbitros de los otros partidos de la Fase 1: Blooming vs. El Nacional y Monagas vs. Defensor Sporting. Los jueces designados son los peruanos Kevin Ortega y Diego Haro, adem\u00e1s de los brasile\u00f1os Flavio de Souza y Rodrigo Guarizo, respectivamente. \u00bfA que hora se dar\u00e1 el encuentro entre Alianza Lima vs Nacional de Paraguay?\" \/>\n<meta property=\"og:url\" content=\"https:\/\/radiohuancayo.com.pe\/wp54\/conmebol-designo-inedito-arbitro-para-el-alianza-lima-vs-nacional-por-fase-1-de-libertadores\/\" \/>\n<meta property=\"og:site_name\" content=\"Radio Huancayo\" \/>\n<meta property=\"article:published_time\" content=\"2025-02-10T21:34:40+00:00\" \/>\n<meta property=\"article:modified_time\" content=\"2025-02-10T21:34:41+00:00\" \/>\n<meta property=\"og:image\" content=\"https:\/\/radiohuancayo.com.pe\/wp54\/wp-content\/uploads\/2025\/02\/image-4.png\" \/>\n\t<meta property=\"og:image:width\" content=\"652\" \/>\n\t<meta property=\"og:image:height\" content=\"358\" \/>\n\t<meta property=\"og:image:type\" content=\"image\/png\" \/>\n<meta name=\"author\" content=\"Michel Sanchez\" \/>\n<meta name=\"twitter:card\" content=\"summary_large_image\" \/>\n<meta name=\"twitter:label1\" content=\"Escrito por\" \/>\n\t<meta name=\"twitter:data1\" content=\"Michel Sanchez\" \/>\n\t<meta name=\"twitter:label2\" content=\"Tiempo de lectura\" \/>\n\t<meta name=\"twitter:data2\" content=\"2 minutos\" \/>\n<script type=\"application\/ld+json\" class=\"yoast-schema-graph\">{\"@context\":\"https:\\\/\\\/schema.org\",\"@graph\":[{\"@type\":\"Article\",\"@id\":\"https:\\\/\\\/radiohuancayo.com.pe\\\/wp54\\\/conmebol-designo-inedito-arbitro-para-el-alianza-lima-vs-nacional-por-fase-1-de-libertadores\\\/#article\",\"isPartOf\":{\"@id\":\"https:\\\/\\\/radiohuancayo.com.pe\\\/wp54\\\/conmebol-designo-inedito-arbitro-para-el-alianza-lima-vs-nacional-por-fase-1-de-libertadores\\\/\"},\"author\":{\"name\":\"Michel Sanchez\",\"@id\":\"https:\\\/\\\/radiohuancayo.com.pe\\\/wp54\\\/#\\\/schema\\\/person\\\/74fb124dee9900c6f4d0535fa1d2b5ae\"},\"headline\":\"Conmebol design\u00f3 in\u00e9dito \u00e1rbitro para el Alianza Lima vs Nacional por fase 1 de Libertadores\",\"datePublished\":\"2025-02-10T21:34:40+00:00\",\"dateModified\":\"2025-02-10T21:34:41+00:00\",\"mainEntityOfPage\":{\"@id\":\"https:\\\/\\\/radiohuancayo.com.pe\\\/wp54\\\/conmebol-designo-inedito-arbitro-para-el-alianza-lima-vs-nacional-por-fase-1-de-libertadores\\\/\"},\"wordCount\":230,\"commentCount\":0,\"publisher\":{\"@id\":\"https:\\\/\\\/radiohuancayo.com.pe\\\/wp54\\\/#organization\"},\"image\":{\"@id\":\"https:\\\/\\\/radiohuancayo.com.pe\\\/wp54\\\/conmebol-designo-inedito-arbitro-para-el-alianza-lima-vs-nacional-por-fase-1-de-libertadores\\\/#primaryimage\"},\"thumbnailUrl\":\"https:\\\/\\\/radiohuancayo.com.pe\\\/wp54\\\/wp-content\\\/uploads\\\/2025\\\/02\\\/image-4.png\",\"articleSection\":[\"Deportes\"],\"inLanguage\":\"es\",\"potentialAction\":[{\"@type\":\"CommentAction\",\"name\":\"Comment\",\"target\":[\"https:\\\/\\\/radiohuancayo.com.pe\\\/wp54\\\/conmebol-designo-inedito-arbitro-para-el-alianza-lima-vs-nacional-por-fase-1-de-libertadores\\\/#respond\"]}]},{\"@type\":\"WebPage\",\"@id\":\"https:\\\/\\\/radiohuancayo.com.pe\\\/wp54\\\/conmebol-designo-inedito-arbitro-para-el-alianza-lima-vs-nacional-por-fase-1-de-libertadores\\\/\",\"url\":\"https:\\\/\\\/radiohuancayo.com.pe\\\/wp54\\\/conmebol-designo-inedito-arbitro-para-el-alianza-lima-vs-nacional-por-fase-1-de-libertadores\\\/\",\"name\":\"Conmebol design\u00f3 in\u00e9dito \u00e1rbitro para el Alianza Lima vs Nacional por fase 1 de Libertadores - Radio Huancayo\",\"isPartOf\":{\"@id\":\"https:\\\/\\\/radiohuancayo.com.pe\\\/wp54\\\/#website\"},\"primaryImageOfPage\":{\"@id\":\"https:\\\/\\\/radiohuancayo.com.pe\\\/wp54\\\/conmebol-designo-inedito-arbitro-para-el-alianza-lima-vs-nacional-por-fase-1-de-libertadores\\\/#primaryimage\"},\"image\":{\"@id\":\"https:\\\/\\\/radiohuancayo.com.pe\\\/wp54\\\/conmebol-designo-inedito-arbitro-para-el-alianza-lima-vs-nacional-por-fase-1-de-libertadores\\\/#primaryimage\"},\"thumbnailUrl\":\"https:\\\/\\\/radiohuancayo.com.pe\\\/wp54\\\/wp-content\\\/uploads\\\/2025\\\/02\\\/image-4.png\",\"datePublished\":\"2025-02-10T21:34:40+00:00\",\"dateModified\":\"2025-02-10T21:34:41+00:00\",\"breadcrumb\":{\"@id\":\"https:\\\/\\\/radiohuancayo.com.pe\\\/wp54\\\/conmebol-designo-inedito-arbitro-para-el-alianza-lima-vs-nacional-por-fase-1-de-libertadores\\\/#breadcrumb\"},\"inLanguage\":\"es\",\"potentialAction\":[{\"@type\":\"ReadAction\",\"target\":[\"https:\\\/\\\/radiohuancayo.com.pe\\\/wp54\\\/conmebol-designo-inedito-arbitro-para-el-alianza-lima-vs-nacional-por-fase-1-de-libertadores\\\/\"]}]},{\"@type\":\"ImageObject\",\"inLanguage\":\"es\",\"@id\":\"https:\\\/\\\/radiohuancayo.com.pe\\\/wp54\\\/conmebol-designo-inedito-arbitro-para-el-alianza-lima-vs-nacional-por-fase-1-de-libertadores\\\/#primaryimage\",\"url\":\"https:\\\/\\\/radiohuancayo.com.pe\\\/wp54\\\/wp-content\\\/uploads\\\/2025\\\/02\\\/image-4.png\",\"contentUrl\":\"https:\\\/\\\/radiohuancayo.com.pe\\\/wp54\\\/wp-content\\\/uploads\\\/2025\\\/02\\\/image-4.png\",\"width\":652,\"height\":358},{\"@type\":\"BreadcrumbList\",\"@id\":\"https:\\\/\\\/radiohuancayo.com.pe\\\/wp54\\\/conmebol-designo-inedito-arbitro-para-el-alianza-lima-vs-nacional-por-fase-1-de-libertadores\\\/#breadcrumb\",\"itemListElement\":[{\"@type\":\"ListItem\",\"position\":1,\"name\":\"Portada\",\"item\":\"https:\\\/\\\/radiohuancayo.com.pe\\\/wp54\\\/\"},{\"@type\":\"ListItem\",\"position\":2,\"name\":\"Conmebol design\u00f3 in\u00e9dito \u00e1rbitro para el Alianza Lima vs Nacional por fase 1 de Libertadores\"}]},{\"@type\":\"WebSite\",\"@id\":\"https:\\\/\\\/radiohuancayo.com.pe\\\/wp54\\\/#website\",\"url\":\"https:\\\/\\\/radiohuancayo.com.pe\\\/wp54\\\/\",\"name\":\"Radio Huancayo\",\"description\":\"me gusta!!!\",\"publisher\":{\"@id\":\"https:\\\/\\\/radiohuancayo.com.pe\\\/wp54\\\/#organization\"},\"potentialAction\":[{\"@type\":\"SearchAction\",\"target\":{\"@type\":\"EntryPoint\",\"urlTemplate\":\"https:\\\/\\\/radiohuancayo.com.pe\\\/wp54\\\/?s={search_term_string}\"},\"query-input\":{\"@type\":\"PropertyValueSpecification\",\"valueRequired\":true,\"valueName\":\"search_term_string\"}}],\"inLanguage\":\"es\"},{\"@type\":\"Organization\",\"@id\":\"https:\\\/\\\/radiohuancayo.com.pe\\\/wp54\\\/#organization\",\"name\":\"Radio Huancayo\",\"url\":\"https:\\\/\\\/radiohuancayo.com.pe\\\/wp54\\\/\",\"logo\":{\"@type\":\"ImageObject\",\"inLanguage\":\"es\",\"@id\":\"https:\\\/\\\/radiohuancayo.com.pe\\\/wp54\\\/#\\\/schema\\\/logo\\\/image\\\/\",\"url\":\"https:\\\/\\\/radiohuancayo.com.pe\\\/wp54\\\/wp-content\\\/uploads\\\/2022\\\/04\\\/CABE01.png\",\"contentUrl\":\"https:\\\/\\\/radiohuancayo.com.pe\\\/wp54\\\/wp-content\\\/uploads\\\/2022\\\/04\\\/CABE01.png\",\"width\":1640,\"height\":300,\"caption\":\"Radio Huancayo\"},\"image\":{\"@id\":\"https:\\\/\\\/radiohuancayo.com.pe\\\/wp54\\\/#\\\/schema\\\/logo\\\/image\\\/\"}},{\"@type\":\"Person\",\"@id\":\"https:\\\/\\\/radiohuancayo.com.pe\\\/wp54\\\/#\\\/schema\\\/person\\\/74fb124dee9900c6f4d0535fa1d2b5ae\",\"name\":\"Michel Sanchez\",\"image\":{\"@type\":\"ImageObject\",\"inLanguage\":\"es\",\"@id\":\"https:\\\/\\\/secure.gravatar.com\\\/avatar\\\/f7f6944c01b3f15a174d0cf055aea75c46697913fc8a9cf5c3cf3e8800c645f6?s=96&d=mm&r=g\",\"url\":\"https:\\\/\\\/secure.gravatar.com\\\/avatar\\\/f7f6944c01b3f15a174d0cf055aea75c46697913fc8a9cf5c3cf3e8800c645f6?s=96&d=mm&r=g\",\"contentUrl\":\"https:\\\/\\\/secure.gravatar.com\\\/avatar\\\/f7f6944c01b3f15a174d0cf055aea75c46697913fc8a9cf5c3cf3e8800c645f6?s=96&d=mm&r=g\",\"caption\":\"Michel Sanchez\"},\"url\":\"https:\\\/\\\/radiohuancayo.com.pe\\\/wp54\\\/author\\\/memoris\\\/\"}]}<\/script>\n<!-- \/ Yoast SEO plugin. -->","yoast_head_json":{"title":"Conmebol design\u00f3 in\u00e9dito \u00e1rbitro para el Alianza Lima vs Nacional por fase 1 de Libertadores - Radio Huancayo","robots":{"index":"index","follow":"follow","max-snippet":"max-snippet:-1","max-image-preview":"max-image-preview:large","max-video-preview":"max-video-preview:-1"},"canonical":"https:\/\/radiohuancayo.com.pe\/wp54\/conmebol-designo-inedito-arbitro-para-el-alianza-lima-vs-nacional-por-fase-1-de-libertadores\/","og_locale":"es_ES","og_type":"article","og_title":"Conmebol design\u00f3 in\u00e9dito \u00e1rbitro para el Alianza Lima vs Nacional por fase 1 de Libertadores - Radio Huancayo","og_description":"Alianza Lima se enfrentar\u00e1 a Nacional de Paraguay este mi\u00e9rcoles 12 de febrero en el estadio Alejandro Villanueva a las 7:30 p.m. La Conmebol ha confirmado al \u00e1rbitro designado para el partido de vuelta. Mediante su p\u00e1gina oficial, la Conmebol public\u00f3 la lista de \u00e1rbitros designados para los partidos del d\u00eda. Cabe recordar que la Fase 1 de la Copa Libertadores cuenta con seis equipos en competencia, destacando los encuentros entre Blooming vs. El Nacional, Monagas vs. Defensor Sporting y Nacional de Paraguay vs. Alianza Lima. El \u00e1rbitro principal del partido entre Alianza Lima y Nacional de Paraguay ser\u00e1 Piero Maza, mientras que Francisco Gilabert estar\u00e1 a cargo del VAR. Ambos jueces son de nacionalidad chilena. \u00c1rbitros de los otro partidos Dicha publicaci\u00f3n tambi\u00e9n incluye a los \u00e1rbitros de los otros partidos de la Fase 1: Blooming vs. El Nacional y Monagas vs. Defensor Sporting. Los jueces designados son los peruanos Kevin Ortega y Diego Haro, adem\u00e1s de los brasile\u00f1os Flavio de Souza y Rodrigo Guarizo, respectivamente. \u00bfA que hora se dar\u00e1 el encuentro entre Alianza Lima vs Nacional de Paraguay?","og_url":"https:\/\/radiohuancayo.com.pe\/wp54\/conmebol-designo-inedito-arbitro-para-el-alianza-lima-vs-nacional-por-fase-1-de-libertadores\/","og_site_name":"Radio Huancayo","article_published_time":"2025-02-10T21:34:40+00:00","article_modified_time":"2025-02-10T21:34:41+00:00","og_image":[{"width":652,"height":358,"url":"https:\/\/radiohuancayo.com.pe\/wp54\/wp-content\/uploads\/2025\/02\/image-4.png","type":"image\/png"}],"author":"Michel Sanchez","twitter_card":"summary_large_image","twitter_misc":{"Escrito por":"Michel Sanchez","Tiempo de lectura":"2 minutos"},"schema":{"@context":"https:\/\/schema.org","@graph":[{"@type":"Article","@id":"https:\/\/radiohuancayo.com.pe\/wp54\/conmebol-designo-inedito-arbitro-para-el-alianza-lima-vs-nacional-por-fase-1-de-libertadores\/#article","isPartOf":{"@id":"https:\/\/radiohuancayo.com.pe\/wp54\/conmebol-designo-inedito-arbitro-para-el-alianza-lima-vs-nacional-por-fase-1-de-libertadores\/"},"author":{"name":"Michel Sanchez","@id":"https:\/\/radiohuancayo.com.pe\/wp54\/#\/schema\/person\/74fb124dee9900c6f4d0535fa1d2b5ae"},"headline":"Conmebol design\u00f3 in\u00e9dito \u00e1rbitro para el Alianza Lima vs Nacional por fase 1 de Libertadores","datePublished":"2025-02-10T21:34:40+00:00","dateModified":"2025-02-10T21:34:41+00:00","mainEntityOfPage":{"@id":"https:\/\/radiohuancayo.com.pe\/wp54\/conmebol-designo-inedito-arbitro-para-el-alianza-lima-vs-nacional-por-fase-1-de-libertadores\/"},"wordCount":230,"commentCount":0,"publisher":{"@id":"https:\/\/radiohuancayo.com.pe\/wp54\/#organization"},"image":{"@id":"https:\/\/radiohuancayo.com.pe\/wp54\/conmebol-designo-inedito-arbitro-para-el-alianza-lima-vs-nacional-por-fase-1-de-libertadores\/#primaryimage"},"thumbnailUrl":"https:\/\/radiohuancayo.com.pe\/wp54\/wp-content\/uploads\/2025\/02\/image-4.png","articleSection":["Deportes"],"inLanguage":"es","potentialAction":[{"@type":"CommentAction","name":"Comment","target":["https:\/\/radiohuancayo.com.pe\/wp54\/conmebol-designo-inedito-arbitro-para-el-alianza-lima-vs-nacional-por-fase-1-de-libertadores\/#respond"]}]},{"@type":"WebPage","@id":"https:\/\/radiohuancayo.com.pe\/wp54\/conmebol-designo-inedito-arbitro-para-el-alianza-lima-vs-nacional-por-fase-1-de-libertadores\/","url":"https:\/\/radiohuancayo.com.pe\/wp54\/conmebol-designo-inedito-arbitro-para-el-alianza-lima-vs-nacional-por-fase-1-de-libertadores\/","name":"Conmebol design\u00f3 in\u00e9dito \u00e1rbitro para el Alianza Lima vs Nacional por fase 1 de Libertadores - Radio Huancayo","isPartOf":{"@id":"https:\/\/radiohuancayo.com.pe\/wp54\/#website"},"primaryImageOfPage":{"@id":"https:\/\/radiohuancayo.com.pe\/wp54\/conmebol-designo-inedito-arbitro-para-el-alianza-lima-vs-nacional-por-fase-1-de-libertadores\/#primaryimage"},"image":{"@id":"https:\/\/radiohuancayo.com.pe\/wp54\/conmebol-designo-inedito-arbitro-para-el-alianza-lima-vs-nacional-por-fase-1-de-libertadores\/#primaryimage"},"thumbnailUrl":"https:\/\/radiohuancayo.com.pe\/wp54\/wp-content\/uploads\/2025\/02\/image-4.png","datePublished":"2025-02-10T21:34:40+00:00","dateModified":"2025-02-10T21:34:41+00:00","breadcrumb":{"@id":"https:\/\/radiohuancayo.com.pe\/wp54\/conmebol-designo-inedito-arbitro-para-el-alianza-lima-vs-nacional-por-fase-1-de-libertadores\/#breadcrumb"},"inLanguage":"es","potentialAction":[{"@type":"ReadAction","target":["https:\/\/radiohuancayo.com.pe\/wp54\/conmebol-designo-inedito-arbitro-para-el-alianza-lima-vs-nacional-por-fase-1-de-libertadores\/"]}]},{"@type":"ImageObject","inLanguage":"es","@id":"https:\/\/radiohuancayo.com.pe\/wp54\/conmebol-designo-inedito-arbitro-para-el-alianza-lima-vs-nacional-por-fase-1-de-libertadores\/#primaryimage","url":"https:\/\/radiohuancayo.com.pe\/wp54\/wp-content\/uploads\/2025\/02\/image-4.png","contentUrl":"https:\/\/radiohuancayo.com.pe\/wp54\/wp-content\/uploads\/2025\/02\/image-4.png","width":652,"height":358},{"@type":"BreadcrumbList","@id":"https:\/\/radiohuancayo.com.pe\/wp54\/conmebol-designo-inedito-arbitro-para-el-alianza-lima-vs-nacional-por-fase-1-de-libertadores\/#breadcrumb","itemListElement":[{"@type":"ListItem","position":1,"name":"Portada","item":"https:\/\/radiohuancayo.com.pe\/wp54\/"},{"@type":"ListItem","position":2,"name":"Conmebol design\u00f3 in\u00e9dito \u00e1rbitro para el Alianza Lima vs Nacional por fase 1 de Libertadores"}]},{"@type":"WebSite","@id":"https:\/\/radiohuancayo.com.pe\/wp54\/#website","url":"https:\/\/radiohuancayo.com.pe\/wp54\/","name":"Radio Huancayo","description":"me gusta!!!","publisher":{"@id":"https:\/\/radiohuancayo.com.pe\/wp54\/#organization"},"potentialAction":[{"@type":"SearchAction","target":{"@type":"EntryPoint","urlTemplate":"https:\/\/radiohuancayo.com.pe\/wp54\/?s={search_term_string}"},"query-input":{"@type":"PropertyValueSpecification","valueRequired":true,"valueName":"search_term_string"}}],"inLanguage":"es"},{"@type":"Organization","@id":"https:\/\/radiohuancayo.com.pe\/wp54\/#organization","name":"Radio Huancayo","url":"https:\/\/radiohuancayo.com.pe\/wp54\/","logo":{"@type":"ImageObject","inLanguage":"es","@id":"https:\/\/radiohuancayo.com.pe\/wp54\/#\/schema\/logo\/image\/","url":"https:\/\/radiohuancayo.com.pe\/wp54\/wp-content\/uploads\/2022\/04\/CABE01.png","contentUrl":"https:\/\/radiohuancayo.com.pe\/wp54\/wp-content\/uploads\/2022\/04\/CABE01.png","width":1640,"height":300,"caption":"Radio Huancayo"},"image":{"@id":"https:\/\/radiohuancayo.com.pe\/wp54\/#\/schema\/logo\/image\/"}},{"@type":"Person","@id":"https:\/\/radiohuancayo.com.pe\/wp54\/#\/schema\/person\/74fb124dee9900c6f4d0535fa1d2b5ae","name":"Michel Sanchez","image":{"@type":"ImageObject","inLanguage":"es","@id":"https:\/\/secure.gravatar.com\/avatar\/f7f6944c01b3f15a174d0cf055aea75c46697913fc8a9cf5c3cf3e8800c645f6?s=96&d=mm&r=g","url":"https:\/\/secure.gravatar.com\/avatar\/f7f6944c01b3f15a174d0cf055aea75c46697913fc8a9cf5c3cf3e8800c645f6?s=96&d=mm&r=g","contentUrl":"https:\/\/secure.gravatar.com\/avatar\/f7f6944c01b3f15a174d0cf055aea75c46697913fc8a9cf5c3cf3e8800c645f6?s=96&d=mm&r=g","caption":"Michel Sanchez"},"url":"https:\/\/radiohuancayo.com.pe\/wp54\/author\/memoris\/"}]}},"_links":{"self":[{"href":"https:\/\/radiohuancayo.com.pe\/wp54\/wp-json\/wp\/v2\/posts\/29487","targetHints":{"allow":["GET"]}}],"collection":[{"href":"https:\/\/radiohuancayo.com.pe\/wp54\/wp-json\/wp\/v2\/posts"}],"about":[{"href":"https:\/\/radiohuancayo.com.pe\/wp54\/wp-json\/wp\/v2\/types\/post"}],"author":[{"embeddable":true,"href":"https:\/\/radiohuancayo.com.pe\/wp54\/wp-json\/wp\/v2\/users\/2"}],"replies":[{"embeddable":true,"href":"https:\/\/radiohuancayo.com.pe\/wp54\/wp-json\/wp\/v2\/comments?post=29487"}],"version-history":[{"count":1,"href":"https:\/\/radiohuancayo.com.pe\/wp54\/wp-json\/wp\/v2\/posts\/29487\/revisions"}],"predecessor-version":[{"id":29489,"href":"https:\/\/radiohuancayo.com.pe\/wp54\/wp-json\/wp\/v2\/posts\/29487\/revisions\/29489"}],"wp:featuredmedia":[{"embeddable":true,"href":"https:\/\/radiohuancayo.com.pe\/wp54\/wp-json\/wp\/v2\/media\/29488"}],"wp:attachment":[{"href":"https:\/\/radiohuancayo.com.pe\/wp54\/wp-json\/wp\/v2\/media?parent=29487"}],"wp:term":[{"taxonomy":"category","embeddable":true,"href":"https:\/\/radiohuancayo.com.pe\/wp54\/wp-json\/wp\/v2\/categories?post=29487"},{"taxonomy":"post_tag","embeddable":true,"href":"https:\/\/radiohuancayo.com.pe\/wp54\/wp-json\/wp\/v2\/tags?post=29487"}],"curies":[{"name":"wp","href":"https:\/\/api.w.org\/{rel}","templated":true}]}}