{"id":29490,"date":"2025-02-10T17:03:34","date_gmt":"2025-02-10T22:03:34","guid":{"rendered":"https:\/\/radiohuancayo.com.pe\/wp54\/?p=29490"},"modified":"2025-02-10T17:03:42","modified_gmt":"2025-02-10T22:03:42","slug":"dt-de-nacional-sobre-duelo-ante-alianza-la-llave-esta-abierta-y-estamos-muy-optimistas","status":"publish","type":"post","link":"https:\/\/radiohuancayo.com.pe\/wp54\/dt-de-nacional-sobre-duelo-ante-alianza-la-llave-esta-abierta-y-estamos-muy-optimistas\/","title":{"rendered":"DT de Nacional sobre duelo ante Alianza: \u00abLa llave est\u00e1 abierta y estamos muy optimistas\u00bb"},"content":{"rendered":"\n<p>El plantel de Nacional de Paraguay arrib\u00f3 esta ma\u00f1ana al Per\u00fa y el entrenador Pedro Sarabia, se mostr\u00f3 con confianza de estar a la altura del juego ante Alianza Lima y avanzar a la siguiente fase de la Copa Libertadores.<\/p>\n\n\n\n<p>\u00abTenemos experiencia a nivel internacional. Vamos a estar a la altura del partido. El equipo llega muy bien, con muchas ganas de hacer bien las cosas para jugar en una competencia muy importante. Todo el plantel est\u00e1 disponible\u00bb, declar\u00f3 el estratega paraguayo en su arribo a Lima.<\/p>\n\n\n\n<p><\/p>\n\n\n\n<p>Luego, el DT de 49 a\u00f1os, opin\u00f3: \u00abAlianza siempre tuvo un buen trato de bal\u00f3n, pero somos conscientes que pudimos haber ganado el partido. Sabemos que la llave est\u00e1 abierta y estamos muy optimistas\u00bb.<\/p>\n\n\n\n<p>Por \u00faltimo, Sarabia indic\u00f3: \u00abAlianza es un conjunto que trabaja muy bien, pero en este tipo de partidos hay que fijarnos en lo que nosotros podemos hacer y c\u00f3mo da\u00f1arlos\u00bb.<\/p>\n","protected":false},"excerpt":{"rendered":"<p>El plantel de Nacional de Paraguay arrib\u00f3 esta ma\u00f1ana al Per\u00fa y el entrenador Pedro Sarabia, se mostr\u00f3 con confianza de estar a la altura del juego ante Alianza Lima y avanzar a la siguiente fase de la Copa Libertadores. \u00abTenemos experiencia a nivel internacional. Vamos a estar a la altura del partido. El equipo llega muy bien, con muchas ganas de hacer bien las cosas para jugar en una competencia muy importante. Todo el plantel est\u00e1 disponible\u00bb, declar\u00f3 el estratega paraguayo en su arribo a Lima. Luego, el DT de 49 a\u00f1os, opin\u00f3: \u00abAlianza siempre tuvo un buen trato de bal\u00f3n, pero somos conscientes que pudimos haber ganado el partido. Sabemos que la llave est\u00e1 abierta y estamos muy optimistas\u00bb. Por \u00faltimo, Sarabia indic\u00f3: \u00abAlianza es un conjunto que trabaja muy bien, pero en este tipo de partidos hay que fijarnos en lo que nosotros podemos hacer y c\u00f3mo da\u00f1arlos\u00bb.<\/p>\n","protected":false},"author":2,"featured_media":29491,"comment_status":"open","ping_status":"open","sticky":false,"template":"","format":"standard","meta":{"footnotes":""},"categories":[7],"tags":[],"class_list":["post-29490","post","type-post","status-publish","format-standard","has-post-thumbnail","hentry","category-deportes"],"yoast_head":"<!-- This site is optimized with the Yoast SEO plugin v27.5 - https:\/\/yoast.com\/product\/yoast-seo-wordpress\/ -->\n<title>DT de Nacional sobre duelo ante Alianza: &quot;La llave est\u00e1 abierta y estamos muy optimistas&quot; - Radio Huancayo<\/title>\n<meta name=\"robots\" content=\"index, follow, max-snippet:-1, max-image-preview:large, max-video-preview:-1\" \/>\n<link rel=\"canonical\" href=\"https:\/\/radiohuancayo.com.pe\/wp54\/dt-de-nacional-sobre-duelo-ante-alianza-la-llave-esta-abierta-y-estamos-muy-optimistas\/\" \/>\n<meta property=\"og:locale\" content=\"es_ES\" \/>\n<meta property=\"og:type\" content=\"article\" \/>\n<meta property=\"og:title\" content=\"DT de Nacional sobre duelo ante Alianza: &quot;La llave est\u00e1 abierta y estamos muy optimistas&quot; - Radio Huancayo\" \/>\n<meta property=\"og:description\" content=\"El plantel de Nacional de Paraguay arrib\u00f3 esta ma\u00f1ana al Per\u00fa y el entrenador Pedro Sarabia, se mostr\u00f3 con confianza de estar a la altura del juego ante Alianza Lima y avanzar a la siguiente fase de la Copa Libertadores. \u00abTenemos experiencia a nivel internacional. Vamos a estar a la altura del partido. El equipo llega muy bien, con muchas ganas de hacer bien las cosas para jugar en una competencia muy importante. Todo el plantel est\u00e1 disponible\u00bb, declar\u00f3 el estratega paraguayo en su arribo a Lima. Luego, el DT de 49 a\u00f1os, opin\u00f3: \u00abAlianza siempre tuvo un buen trato de bal\u00f3n, pero somos conscientes que pudimos haber ganado el partido. Sabemos que la llave est\u00e1 abierta y estamos muy optimistas\u00bb. Por \u00faltimo, Sarabia indic\u00f3: \u00abAlianza es un conjunto que trabaja muy bien, pero en este tipo de partidos hay que fijarnos en lo que nosotros podemos hacer y c\u00f3mo da\u00f1arlos\u00bb.\" \/>\n<meta property=\"og:url\" content=\"https:\/\/radiohuancayo.com.pe\/wp54\/dt-de-nacional-sobre-duelo-ante-alianza-la-llave-esta-abierta-y-estamos-muy-optimistas\/\" \/>\n<meta property=\"og:site_name\" content=\"Radio Huancayo\" \/>\n<meta property=\"article:published_time\" content=\"2025-02-10T22:03:34+00:00\" \/>\n<meta property=\"article:modified_time\" content=\"2025-02-10T22:03:42+00:00\" \/>\n<meta property=\"og:image\" content=\"https:\/\/radiohuancayo.com.pe\/wp54\/wp-content\/uploads\/2025\/02\/image-5.png\" \/>\n\t<meta property=\"og:image:width\" content=\"1200\" \/>\n\t<meta property=\"og:image:height\" content=\"630\" \/>\n\t<meta property=\"og:image:type\" content=\"image\/png\" \/>\n<meta name=\"author\" content=\"Michel Sanchez\" \/>\n<meta name=\"twitter:card\" content=\"summary_large_image\" \/>\n<meta name=\"twitter:label1\" content=\"Escrito por\" \/>\n\t<meta name=\"twitter:data1\" content=\"Michel Sanchez\" \/>\n\t<meta name=\"twitter:label2\" content=\"Tiempo de lectura\" \/>\n\t<meta name=\"twitter:data2\" content=\"2 minutos\" \/>\n<script type=\"application\/ld+json\" class=\"yoast-schema-graph\">{\"@context\":\"https:\\\/\\\/schema.org\",\"@graph\":[{\"@type\":\"Article\",\"@id\":\"https:\\\/\\\/radiohuancayo.com.pe\\\/wp54\\\/dt-de-nacional-sobre-duelo-ante-alianza-la-llave-esta-abierta-y-estamos-muy-optimistas\\\/#article\",\"isPartOf\":{\"@id\":\"https:\\\/\\\/radiohuancayo.com.pe\\\/wp54\\\/dt-de-nacional-sobre-duelo-ante-alianza-la-llave-esta-abierta-y-estamos-muy-optimistas\\\/\"},\"author\":{\"name\":\"Michel Sanchez\",\"@id\":\"https:\\\/\\\/radiohuancayo.com.pe\\\/wp54\\\/#\\\/schema\\\/person\\\/74fb124dee9900c6f4d0535fa1d2b5ae\"},\"headline\":\"DT de Nacional sobre duelo ante Alianza: \u00abLa llave est\u00e1 abierta y estamos muy optimistas\u00bb\",\"datePublished\":\"2025-02-10T22:03:34+00:00\",\"dateModified\":\"2025-02-10T22:03:42+00:00\",\"mainEntityOfPage\":{\"@id\":\"https:\\\/\\\/radiohuancayo.com.pe\\\/wp54\\\/dt-de-nacional-sobre-duelo-ante-alianza-la-llave-esta-abierta-y-estamos-muy-optimistas\\\/\"},\"wordCount\":170,\"commentCount\":0,\"publisher\":{\"@id\":\"https:\\\/\\\/radiohuancayo.com.pe\\\/wp54\\\/#organization\"},\"image\":{\"@id\":\"https:\\\/\\\/radiohuancayo.com.pe\\\/wp54\\\/dt-de-nacional-sobre-duelo-ante-alianza-la-llave-esta-abierta-y-estamos-muy-optimistas\\\/#primaryimage\"},\"thumbnailUrl\":\"https:\\\/\\\/radiohuancayo.com.pe\\\/wp54\\\/wp-content\\\/uploads\\\/2025\\\/02\\\/image-5.png\",\"articleSection\":[\"Deportes\"],\"inLanguage\":\"es\",\"potentialAction\":[{\"@type\":\"CommentAction\",\"name\":\"Comment\",\"target\":[\"https:\\\/\\\/radiohuancayo.com.pe\\\/wp54\\\/dt-de-nacional-sobre-duelo-ante-alianza-la-llave-esta-abierta-y-estamos-muy-optimistas\\\/#respond\"]}]},{\"@type\":\"WebPage\",\"@id\":\"https:\\\/\\\/radiohuancayo.com.pe\\\/wp54\\\/dt-de-nacional-sobre-duelo-ante-alianza-la-llave-esta-abierta-y-estamos-muy-optimistas\\\/\",\"url\":\"https:\\\/\\\/radiohuancayo.com.pe\\\/wp54\\\/dt-de-nacional-sobre-duelo-ante-alianza-la-llave-esta-abierta-y-estamos-muy-optimistas\\\/\",\"name\":\"DT de Nacional sobre duelo ante Alianza: \\\"La llave est\u00e1 abierta y estamos muy optimistas\\\" - Radio Huancayo\",\"isPartOf\":{\"@id\":\"https:\\\/\\\/radiohuancayo.com.pe\\\/wp54\\\/#website\"},\"primaryImageOfPage\":{\"@id\":\"https:\\\/\\\/radiohuancayo.com.pe\\\/wp54\\\/dt-de-nacional-sobre-duelo-ante-alianza-la-llave-esta-abierta-y-estamos-muy-optimistas\\\/#primaryimage\"},\"image\":{\"@id\":\"https:\\\/\\\/radiohuancayo.com.pe\\\/wp54\\\/dt-de-nacional-sobre-duelo-ante-alianza-la-llave-esta-abierta-y-estamos-muy-optimistas\\\/#primaryimage\"},\"thumbnailUrl\":\"https:\\\/\\\/radiohuancayo.com.pe\\\/wp54\\\/wp-content\\\/uploads\\\/2025\\\/02\\\/image-5.png\",\"datePublished\":\"2025-02-10T22:03:34+00:00\",\"dateModified\":\"2025-02-10T22:03:42+00:00\",\"breadcrumb\":{\"@id\":\"https:\\\/\\\/radiohuancayo.com.pe\\\/wp54\\\/dt-de-nacional-sobre-duelo-ante-alianza-la-llave-esta-abierta-y-estamos-muy-optimistas\\\/#breadcrumb\"},\"inLanguage\":\"es\",\"potentialAction\":[{\"@type\":\"ReadAction\",\"target\":[\"https:\\\/\\\/radiohuancayo.com.pe\\\/wp54\\\/dt-de-nacional-sobre-duelo-ante-alianza-la-llave-esta-abierta-y-estamos-muy-optimistas\\\/\"]}]},{\"@type\":\"ImageObject\",\"inLanguage\":\"es\",\"@id\":\"https:\\\/\\\/radiohuancayo.com.pe\\\/wp54\\\/dt-de-nacional-sobre-duelo-ante-alianza-la-llave-esta-abierta-y-estamos-muy-optimistas\\\/#primaryimage\",\"url\":\"https:\\\/\\\/radiohuancayo.com.pe\\\/wp54\\\/wp-content\\\/uploads\\\/2025\\\/02\\\/image-5.png\",\"contentUrl\":\"https:\\\/\\\/radiohuancayo.com.pe\\\/wp54\\\/wp-content\\\/uploads\\\/2025\\\/02\\\/image-5.png\",\"width\":1200,\"height\":630},{\"@type\":\"BreadcrumbList\",\"@id\":\"https:\\\/\\\/radiohuancayo.com.pe\\\/wp54\\\/dt-de-nacional-sobre-duelo-ante-alianza-la-llave-esta-abierta-y-estamos-muy-optimistas\\\/#breadcrumb\",\"itemListElement\":[{\"@type\":\"ListItem\",\"position\":1,\"name\":\"Portada\",\"item\":\"https:\\\/\\\/radiohuancayo.com.pe\\\/wp54\\\/\"},{\"@type\":\"ListItem\",\"position\":2,\"name\":\"DT de Nacional sobre duelo ante Alianza: &#8220;La llave est\u00e1 abierta y estamos muy optimistas&#8221;\"}]},{\"@type\":\"WebSite\",\"@id\":\"https:\\\/\\\/radiohuancayo.com.pe\\\/wp54\\\/#website\",\"url\":\"https:\\\/\\\/radiohuancayo.com.pe\\\/wp54\\\/\",\"name\":\"Radio Huancayo\",\"description\":\"me gusta!!!\",\"publisher\":{\"@id\":\"https:\\\/\\\/radiohuancayo.com.pe\\\/wp54\\\/#organization\"},\"potentialAction\":[{\"@type\":\"SearchAction\",\"target\":{\"@type\":\"EntryPoint\",\"urlTemplate\":\"https:\\\/\\\/radiohuancayo.com.pe\\\/wp54\\\/?s={search_term_string}\"},\"query-input\":{\"@type\":\"PropertyValueSpecification\",\"valueRequired\":true,\"valueName\":\"search_term_string\"}}],\"inLanguage\":\"es\"},{\"@type\":\"Organization\",\"@id\":\"https:\\\/\\\/radiohuancayo.com.pe\\\/wp54\\\/#organization\",\"name\":\"Radio Huancayo\",\"url\":\"https:\\\/\\\/radiohuancayo.com.pe\\\/wp54\\\/\",\"logo\":{\"@type\":\"ImageObject\",\"inLanguage\":\"es\",\"@id\":\"https:\\\/\\\/radiohuancayo.com.pe\\\/wp54\\\/#\\\/schema\\\/logo\\\/image\\\/\",\"url\":\"https:\\\/\\\/radiohuancayo.com.pe\\\/wp54\\\/wp-content\\\/uploads\\\/2022\\\/04\\\/CABE01.png\",\"contentUrl\":\"https:\\\/\\\/radiohuancayo.com.pe\\\/wp54\\\/wp-content\\\/uploads\\\/2022\\\/04\\\/CABE01.png\",\"width\":1640,\"height\":300,\"caption\":\"Radio Huancayo\"},\"image\":{\"@id\":\"https:\\\/\\\/radiohuancayo.com.pe\\\/wp54\\\/#\\\/schema\\\/logo\\\/image\\\/\"}},{\"@type\":\"Person\",\"@id\":\"https:\\\/\\\/radiohuancayo.com.pe\\\/wp54\\\/#\\\/schema\\\/person\\\/74fb124dee9900c6f4d0535fa1d2b5ae\",\"name\":\"Michel Sanchez\",\"image\":{\"@type\":\"ImageObject\",\"inLanguage\":\"es\",\"@id\":\"https:\\\/\\\/secure.gravatar.com\\\/avatar\\\/f7f6944c01b3f15a174d0cf055aea75c46697913fc8a9cf5c3cf3e8800c645f6?s=96&d=mm&r=g\",\"url\":\"https:\\\/\\\/secure.gravatar.com\\\/avatar\\\/f7f6944c01b3f15a174d0cf055aea75c46697913fc8a9cf5c3cf3e8800c645f6?s=96&d=mm&r=g\",\"contentUrl\":\"https:\\\/\\\/secure.gravatar.com\\\/avatar\\\/f7f6944c01b3f15a174d0cf055aea75c46697913fc8a9cf5c3cf3e8800c645f6?s=96&d=mm&r=g\",\"caption\":\"Michel Sanchez\"},\"url\":\"https:\\\/\\\/radiohuancayo.com.pe\\\/wp54\\\/author\\\/memoris\\\/\"}]}<\/script>\n<!-- \/ Yoast SEO plugin. -->","yoast_head_json":{"title":"DT de Nacional sobre duelo ante Alianza: \"La llave est\u00e1 abierta y estamos muy optimistas\" - Radio Huancayo","robots":{"index":"index","follow":"follow","max-snippet":"max-snippet:-1","max-image-preview":"max-image-preview:large","max-video-preview":"max-video-preview:-1"},"canonical":"https:\/\/radiohuancayo.com.pe\/wp54\/dt-de-nacional-sobre-duelo-ante-alianza-la-llave-esta-abierta-y-estamos-muy-optimistas\/","og_locale":"es_ES","og_type":"article","og_title":"DT de Nacional sobre duelo ante Alianza: \"La llave est\u00e1 abierta y estamos muy optimistas\" - Radio Huancayo","og_description":"El plantel de Nacional de Paraguay arrib\u00f3 esta ma\u00f1ana al Per\u00fa y el entrenador Pedro Sarabia, se mostr\u00f3 con confianza de estar a la altura del juego ante Alianza Lima y avanzar a la siguiente fase de la Copa Libertadores. \u00abTenemos experiencia a nivel internacional. Vamos a estar a la altura del partido. El equipo llega muy bien, con muchas ganas de hacer bien las cosas para jugar en una competencia muy importante. Todo el plantel est\u00e1 disponible\u00bb, declar\u00f3 el estratega paraguayo en su arribo a Lima. Luego, el DT de 49 a\u00f1os, opin\u00f3: \u00abAlianza siempre tuvo un buen trato de bal\u00f3n, pero somos conscientes que pudimos haber ganado el partido. Sabemos que la llave est\u00e1 abierta y estamos muy optimistas\u00bb. Por \u00faltimo, Sarabia indic\u00f3: \u00abAlianza es un conjunto que trabaja muy bien, pero en este tipo de partidos hay que fijarnos en lo que nosotros podemos hacer y c\u00f3mo da\u00f1arlos\u00bb.","og_url":"https:\/\/radiohuancayo.com.pe\/wp54\/dt-de-nacional-sobre-duelo-ante-alianza-la-llave-esta-abierta-y-estamos-muy-optimistas\/","og_site_name":"Radio Huancayo","article_published_time":"2025-02-10T22:03:34+00:00","article_modified_time":"2025-02-10T22:03:42+00:00","og_image":[{"width":1200,"height":630,"url":"https:\/\/radiohuancayo.com.pe\/wp54\/wp-content\/uploads\/2025\/02\/image-5.png","type":"image\/png"}],"author":"Michel Sanchez","twitter_card":"summary_large_image","twitter_misc":{"Escrito por":"Michel Sanchez","Tiempo de lectura":"2 minutos"},"schema":{"@context":"https:\/\/schema.org","@graph":[{"@type":"Article","@id":"https:\/\/radiohuancayo.com.pe\/wp54\/dt-de-nacional-sobre-duelo-ante-alianza-la-llave-esta-abierta-y-estamos-muy-optimistas\/#article","isPartOf":{"@id":"https:\/\/radiohuancayo.com.pe\/wp54\/dt-de-nacional-sobre-duelo-ante-alianza-la-llave-esta-abierta-y-estamos-muy-optimistas\/"},"author":{"name":"Michel Sanchez","@id":"https:\/\/radiohuancayo.com.pe\/wp54\/#\/schema\/person\/74fb124dee9900c6f4d0535fa1d2b5ae"},"headline":"DT de Nacional sobre duelo ante Alianza: \u00abLa llave est\u00e1 abierta y estamos muy optimistas\u00bb","datePublished":"2025-02-10T22:03:34+00:00","dateModified":"2025-02-10T22:03:42+00:00","mainEntityOfPage":{"@id":"https:\/\/radiohuancayo.com.pe\/wp54\/dt-de-nacional-sobre-duelo-ante-alianza-la-llave-esta-abierta-y-estamos-muy-optimistas\/"},"wordCount":170,"commentCount":0,"publisher":{"@id":"https:\/\/radiohuancayo.com.pe\/wp54\/#organization"},"image":{"@id":"https:\/\/radiohuancayo.com.pe\/wp54\/dt-de-nacional-sobre-duelo-ante-alianza-la-llave-esta-abierta-y-estamos-muy-optimistas\/#primaryimage"},"thumbnailUrl":"https:\/\/radiohuancayo.com.pe\/wp54\/wp-content\/uploads\/2025\/02\/image-5.png","articleSection":["Deportes"],"inLanguage":"es","potentialAction":[{"@type":"CommentAction","name":"Comment","target":["https:\/\/radiohuancayo.com.pe\/wp54\/dt-de-nacional-sobre-duelo-ante-alianza-la-llave-esta-abierta-y-estamos-muy-optimistas\/#respond"]}]},{"@type":"WebPage","@id":"https:\/\/radiohuancayo.com.pe\/wp54\/dt-de-nacional-sobre-duelo-ante-alianza-la-llave-esta-abierta-y-estamos-muy-optimistas\/","url":"https:\/\/radiohuancayo.com.pe\/wp54\/dt-de-nacional-sobre-duelo-ante-alianza-la-llave-esta-abierta-y-estamos-muy-optimistas\/","name":"DT de Nacional sobre duelo ante Alianza: \"La llave est\u00e1 abierta y estamos muy optimistas\" - Radio Huancayo","isPartOf":{"@id":"https:\/\/radiohuancayo.com.pe\/wp54\/#website"},"primaryImageOfPage":{"@id":"https:\/\/radiohuancayo.com.pe\/wp54\/dt-de-nacional-sobre-duelo-ante-alianza-la-llave-esta-abierta-y-estamos-muy-optimistas\/#primaryimage"},"image":{"@id":"https:\/\/radiohuancayo.com.pe\/wp54\/dt-de-nacional-sobre-duelo-ante-alianza-la-llave-esta-abierta-y-estamos-muy-optimistas\/#primaryimage"},"thumbnailUrl":"https:\/\/radiohuancayo.com.pe\/wp54\/wp-content\/uploads\/2025\/02\/image-5.png","datePublished":"2025-02-10T22:03:34+00:00","dateModified":"2025-02-10T22:03:42+00:00","breadcrumb":{"@id":"https:\/\/radiohuancayo.com.pe\/wp54\/dt-de-nacional-sobre-duelo-ante-alianza-la-llave-esta-abierta-y-estamos-muy-optimistas\/#breadcrumb"},"inLanguage":"es","potentialAction":[{"@type":"ReadAction","target":["https:\/\/radiohuancayo.com.pe\/wp54\/dt-de-nacional-sobre-duelo-ante-alianza-la-llave-esta-abierta-y-estamos-muy-optimistas\/"]}]},{"@type":"ImageObject","inLanguage":"es","@id":"https:\/\/radiohuancayo.com.pe\/wp54\/dt-de-nacional-sobre-duelo-ante-alianza-la-llave-esta-abierta-y-estamos-muy-optimistas\/#primaryimage","url":"https:\/\/radiohuancayo.com.pe\/wp54\/wp-content\/uploads\/2025\/02\/image-5.png","contentUrl":"https:\/\/radiohuancayo.com.pe\/wp54\/wp-content\/uploads\/2025\/02\/image-5.png","width":1200,"height":630},{"@type":"BreadcrumbList","@id":"https:\/\/radiohuancayo.com.pe\/wp54\/dt-de-nacional-sobre-duelo-ante-alianza-la-llave-esta-abierta-y-estamos-muy-optimistas\/#breadcrumb","itemListElement":[{"@type":"ListItem","position":1,"name":"Portada","item":"https:\/\/radiohuancayo.com.pe\/wp54\/"},{"@type":"ListItem","position":2,"name":"DT de Nacional sobre duelo ante Alianza: &#8220;La llave est\u00e1 abierta y estamos muy optimistas&#8221;"}]},{"@type":"WebSite","@id":"https:\/\/radiohuancayo.com.pe\/wp54\/#website","url":"https:\/\/radiohuancayo.com.pe\/wp54\/","name":"Radio Huancayo","description":"me gusta!!!","publisher":{"@id":"https:\/\/radiohuancayo.com.pe\/wp54\/#organization"},"potentialAction":[{"@type":"SearchAction","target":{"@type":"EntryPoint","urlTemplate":"https:\/\/radiohuancayo.com.pe\/wp54\/?s={search_term_string}"},"query-input":{"@type":"PropertyValueSpecification","valueRequired":true,"valueName":"search_term_string"}}],"inLanguage":"es"},{"@type":"Organization","@id":"https:\/\/radiohuancayo.com.pe\/wp54\/#organization","name":"Radio Huancayo","url":"https:\/\/radiohuancayo.com.pe\/wp54\/","logo":{"@type":"ImageObject","inLanguage":"es","@id":"https:\/\/radiohuancayo.com.pe\/wp54\/#\/schema\/logo\/image\/","url":"https:\/\/radiohuancayo.com.pe\/wp54\/wp-content\/uploads\/2022\/04\/CABE01.png","contentUrl":"https:\/\/radiohuancayo.com.pe\/wp54\/wp-content\/uploads\/2022\/04\/CABE01.png","width":1640,"height":300,"caption":"Radio Huancayo"},"image":{"@id":"https:\/\/radiohuancayo.com.pe\/wp54\/#\/schema\/logo\/image\/"}},{"@type":"Person","@id":"https:\/\/radiohuancayo.com.pe\/wp54\/#\/schema\/person\/74fb124dee9900c6f4d0535fa1d2b5ae","name":"Michel Sanchez","image":{"@type":"ImageObject","inLanguage":"es","@id":"https:\/\/secure.gravatar.com\/avatar\/f7f6944c01b3f15a174d0cf055aea75c46697913fc8a9cf5c3cf3e8800c645f6?s=96&d=mm&r=g","url":"https:\/\/secure.gravatar.com\/avatar\/f7f6944c01b3f15a174d0cf055aea75c46697913fc8a9cf5c3cf3e8800c645f6?s=96&d=mm&r=g","contentUrl":"https:\/\/secure.gravatar.com\/avatar\/f7f6944c01b3f15a174d0cf055aea75c46697913fc8a9cf5c3cf3e8800c645f6?s=96&d=mm&r=g","caption":"Michel Sanchez"},"url":"https:\/\/radiohuancayo.com.pe\/wp54\/author\/memoris\/"}]}},"_links":{"self":[{"href":"https:\/\/radiohuancayo.com.pe\/wp54\/wp-json\/wp\/v2\/posts\/29490","targetHints":{"allow":["GET"]}}],"collection":[{"href":"https:\/\/radiohuancayo.com.pe\/wp54\/wp-json\/wp\/v2\/posts"}],"about":[{"href":"https:\/\/radiohuancayo.com.pe\/wp54\/wp-json\/wp\/v2\/types\/post"}],"author":[{"embeddable":true,"href":"https:\/\/radiohuancayo.com.pe\/wp54\/wp-json\/wp\/v2\/users\/2"}],"replies":[{"embeddable":true,"href":"https:\/\/radiohuancayo.com.pe\/wp54\/wp-json\/wp\/v2\/comments?post=29490"}],"version-history":[{"count":2,"href":"https:\/\/radiohuancayo.com.pe\/wp54\/wp-json\/wp\/v2\/posts\/29490\/revisions"}],"predecessor-version":[{"id":29493,"href":"https:\/\/radiohuancayo.com.pe\/wp54\/wp-json\/wp\/v2\/posts\/29490\/revisions\/29493"}],"wp:featuredmedia":[{"embeddable":true,"href":"https:\/\/radiohuancayo.com.pe\/wp54\/wp-json\/wp\/v2\/media\/29491"}],"wp:attachment":[{"href":"https:\/\/radiohuancayo.com.pe\/wp54\/wp-json\/wp\/v2\/media?parent=29490"}],"wp:term":[{"taxonomy":"category","embeddable":true,"href":"https:\/\/radiohuancayo.com.pe\/wp54\/wp-json\/wp\/v2\/categories?post=29490"},{"taxonomy":"post_tag","embeddable":true,"href":"https:\/\/radiohuancayo.com.pe\/wp54\/wp-json\/wp\/v2\/tags?post=29490"}],"curies":[{"name":"wp","href":"https:\/\/api.w.org\/{rel}","templated":true}]}}