{"id":29506,"date":"2025-02-10T17:13:18","date_gmt":"2025-02-10T22:13:18","guid":{"rendered":"https:\/\/radiohuancayo.com.pe\/wp54\/?p=29506"},"modified":"2025-02-10T17:13:19","modified_gmt":"2025-02-10T22:13:19","slug":"se-definio-fecha-del-sorteo-de-la-fase-de-grupos-de-la-copa-libertadores","status":"publish","type":"post","link":"https:\/\/radiohuancayo.com.pe\/wp54\/se-definio-fecha-del-sorteo-de-la-fase-de-grupos-de-la-copa-libertadores\/","title":{"rendered":"Se defini\u00f3 fecha del sorteo de la Fase de Grupos de la Copa Libertadores"},"content":{"rendered":"\n<p>La Conmebol dio a conocer que el pr\u00f3ximo lunes 17 de marzo desde las 6:00 p.m. se realizar\u00e1 el sorteo de la fase de grupos de la Copa Libertadores, en donde ya la &#8216;U&#8217; y Sporting Cristal, de momento, son los representantes nacionales.<\/p>\n\n\n\n<p>Cabe indicar que Universitario y Sporting Cristal figuran en el Bombo 3, y evitar\u00e1n enfrentar al Atl\u00e9tico Nacional, V\u00e9lez Sarsfield, Fortaleza, Talleres, Deportivo T\u00e1chira y la &#8216;U&#8217; de Chile.<\/p>\n\n\n\n<p>Alianza Lima y FBC Melgar est\u00e1n en la fase previa de la Copa Libertadores. Alianza Lima chocar\u00e1 el mi\u00e9rcoles ante Nacional de Paraguay para avanzar a la Fase 2, en dicha instancia est\u00e1 FBC Melgar, que jugar\u00e1 contra Deportes Tolima.<\/p>\n\n\n\n<figure class=\"wp-block-image size-full\"><img fetchpriority=\"high\" decoding=\"async\" width=\"544\" height=\"680\" src=\"https:\/\/radiohuancayo.com.pe\/wp54\/wp-content\/uploads\/2025\/02\/image-13.png\" alt=\"\" class=\"wp-image-29508\" srcset=\"https:\/\/radiohuancayo.com.pe\/wp54\/wp-content\/uploads\/2025\/02\/image-13.png 544w, https:\/\/radiohuancayo.com.pe\/wp54\/wp-content\/uploads\/2025\/02\/image-13-240x300.png 240w\" sizes=\"(max-width: 544px) 100vw, 544px\" \/><\/figure>\n","protected":false},"excerpt":{"rendered":"<p>La Conmebol dio a conocer que el pr\u00f3ximo lunes 17 de marzo desde las 6:00 p.m. se realizar\u00e1 el sorteo de la fase de grupos de la Copa Libertadores, en donde ya la &#8216;U&#8217; y Sporting Cristal, de momento, son los representantes nacionales. Cabe indicar que Universitario y Sporting Cristal figuran en el Bombo 3, y evitar\u00e1n enfrentar al Atl\u00e9tico Nacional, V\u00e9lez Sarsfield, Fortaleza, Talleres, Deportivo T\u00e1chira y la &#8216;U&#8217; de Chile. Alianza Lima y FBC Melgar est\u00e1n en la fase previa de la Copa Libertadores. Alianza Lima chocar\u00e1 el mi\u00e9rcoles ante Nacional de Paraguay para avanzar a la Fase 2, en dicha instancia est\u00e1 FBC Melgar, que jugar\u00e1 contra Deportes Tolima.<\/p>\n","protected":false},"author":2,"featured_media":29507,"comment_status":"open","ping_status":"open","sticky":false,"template":"","format":"standard","meta":{"footnotes":""},"categories":[7],"tags":[],"class_list":["post-29506","post","type-post","status-publish","format-standard","has-post-thumbnail","hentry","category-deportes"],"yoast_head":"<!-- This site is optimized with the Yoast SEO plugin v27.5 - https:\/\/yoast.com\/product\/yoast-seo-wordpress\/ -->\n<title>Se defini\u00f3 fecha del sorteo de la Fase de Grupos de la Copa Libertadores - Radio Huancayo<\/title>\n<meta name=\"robots\" content=\"index, follow, max-snippet:-1, max-image-preview:large, max-video-preview:-1\" \/>\n<link rel=\"canonical\" href=\"https:\/\/radiohuancayo.com.pe\/wp54\/se-definio-fecha-del-sorteo-de-la-fase-de-grupos-de-la-copa-libertadores\/\" \/>\n<meta property=\"og:locale\" content=\"es_ES\" \/>\n<meta property=\"og:type\" content=\"article\" \/>\n<meta property=\"og:title\" content=\"Se defini\u00f3 fecha del sorteo de la Fase de Grupos de la Copa Libertadores - Radio Huancayo\" \/>\n<meta property=\"og:description\" content=\"La Conmebol dio a conocer que el pr\u00f3ximo lunes 17 de marzo desde las 6:00 p.m. se realizar\u00e1 el sorteo de la fase de grupos de la Copa Libertadores, en donde ya la &#8216;U&#8217; y Sporting Cristal, de momento, son los representantes nacionales. Cabe indicar que Universitario y Sporting Cristal figuran en el Bombo 3, y evitar\u00e1n enfrentar al Atl\u00e9tico Nacional, V\u00e9lez Sarsfield, Fortaleza, Talleres, Deportivo T\u00e1chira y la &#8216;U&#8217; de Chile. Alianza Lima y FBC Melgar est\u00e1n en la fase previa de la Copa Libertadores. Alianza Lima chocar\u00e1 el mi\u00e9rcoles ante Nacional de Paraguay para avanzar a la Fase 2, en dicha instancia est\u00e1 FBC Melgar, que jugar\u00e1 contra Deportes Tolima.\" \/>\n<meta property=\"og:url\" content=\"https:\/\/radiohuancayo.com.pe\/wp54\/se-definio-fecha-del-sorteo-de-la-fase-de-grupos-de-la-copa-libertadores\/\" \/>\n<meta property=\"og:site_name\" content=\"Radio Huancayo\" \/>\n<meta property=\"article:published_time\" content=\"2025-02-10T22:13:18+00:00\" \/>\n<meta property=\"article:modified_time\" content=\"2025-02-10T22:13:19+00:00\" \/>\n<meta property=\"og:image\" content=\"https:\/\/radiohuancayo.com.pe\/wp54\/wp-content\/uploads\/2025\/02\/image-12.png\" \/>\n\t<meta property=\"og:image:width\" content=\"1200\" \/>\n\t<meta property=\"og:image:height\" content=\"630\" \/>\n\t<meta property=\"og:image:type\" content=\"image\/png\" \/>\n<meta name=\"author\" content=\"Michel Sanchez\" \/>\n<meta name=\"twitter:card\" content=\"summary_large_image\" \/>\n<meta name=\"twitter:label1\" content=\"Escrito por\" \/>\n\t<meta name=\"twitter:data1\" content=\"Michel Sanchez\" \/>\n\t<meta name=\"twitter:label2\" content=\"Tiempo de lectura\" \/>\n\t<meta name=\"twitter:data2\" content=\"1 minuto\" \/>\n<script type=\"application\/ld+json\" class=\"yoast-schema-graph\">{\"@context\":\"https:\\\/\\\/schema.org\",\"@graph\":[{\"@type\":\"Article\",\"@id\":\"https:\\\/\\\/radiohuancayo.com.pe\\\/wp54\\\/se-definio-fecha-del-sorteo-de-la-fase-de-grupos-de-la-copa-libertadores\\\/#article\",\"isPartOf\":{\"@id\":\"https:\\\/\\\/radiohuancayo.com.pe\\\/wp54\\\/se-definio-fecha-del-sorteo-de-la-fase-de-grupos-de-la-copa-libertadores\\\/\"},\"author\":{\"name\":\"Michel Sanchez\",\"@id\":\"https:\\\/\\\/radiohuancayo.com.pe\\\/wp54\\\/#\\\/schema\\\/person\\\/74fb124dee9900c6f4d0535fa1d2b5ae\"},\"headline\":\"Se defini\u00f3 fecha del sorteo de la Fase de Grupos de la Copa Libertadores\",\"datePublished\":\"2025-02-10T22:13:18+00:00\",\"dateModified\":\"2025-02-10T22:13:19+00:00\",\"mainEntityOfPage\":{\"@id\":\"https:\\\/\\\/radiohuancayo.com.pe\\\/wp54\\\/se-definio-fecha-del-sorteo-de-la-fase-de-grupos-de-la-copa-libertadores\\\/\"},\"wordCount\":130,\"commentCount\":0,\"publisher\":{\"@id\":\"https:\\\/\\\/radiohuancayo.com.pe\\\/wp54\\\/#organization\"},\"image\":{\"@id\":\"https:\\\/\\\/radiohuancayo.com.pe\\\/wp54\\\/se-definio-fecha-del-sorteo-de-la-fase-de-grupos-de-la-copa-libertadores\\\/#primaryimage\"},\"thumbnailUrl\":\"https:\\\/\\\/radiohuancayo.com.pe\\\/wp54\\\/wp-content\\\/uploads\\\/2025\\\/02\\\/image-12.png\",\"articleSection\":[\"Deportes\"],\"inLanguage\":\"es\",\"potentialAction\":[{\"@type\":\"CommentAction\",\"name\":\"Comment\",\"target\":[\"https:\\\/\\\/radiohuancayo.com.pe\\\/wp54\\\/se-definio-fecha-del-sorteo-de-la-fase-de-grupos-de-la-copa-libertadores\\\/#respond\"]}]},{\"@type\":\"WebPage\",\"@id\":\"https:\\\/\\\/radiohuancayo.com.pe\\\/wp54\\\/se-definio-fecha-del-sorteo-de-la-fase-de-grupos-de-la-copa-libertadores\\\/\",\"url\":\"https:\\\/\\\/radiohuancayo.com.pe\\\/wp54\\\/se-definio-fecha-del-sorteo-de-la-fase-de-grupos-de-la-copa-libertadores\\\/\",\"name\":\"Se defini\u00f3 fecha del sorteo de la Fase de Grupos de la Copa Libertadores - Radio Huancayo\",\"isPartOf\":{\"@id\":\"https:\\\/\\\/radiohuancayo.com.pe\\\/wp54\\\/#website\"},\"primaryImageOfPage\":{\"@id\":\"https:\\\/\\\/radiohuancayo.com.pe\\\/wp54\\\/se-definio-fecha-del-sorteo-de-la-fase-de-grupos-de-la-copa-libertadores\\\/#primaryimage\"},\"image\":{\"@id\":\"https:\\\/\\\/radiohuancayo.com.pe\\\/wp54\\\/se-definio-fecha-del-sorteo-de-la-fase-de-grupos-de-la-copa-libertadores\\\/#primaryimage\"},\"thumbnailUrl\":\"https:\\\/\\\/radiohuancayo.com.pe\\\/wp54\\\/wp-content\\\/uploads\\\/2025\\\/02\\\/image-12.png\",\"datePublished\":\"2025-02-10T22:13:18+00:00\",\"dateModified\":\"2025-02-10T22:13:19+00:00\",\"breadcrumb\":{\"@id\":\"https:\\\/\\\/radiohuancayo.com.pe\\\/wp54\\\/se-definio-fecha-del-sorteo-de-la-fase-de-grupos-de-la-copa-libertadores\\\/#breadcrumb\"},\"inLanguage\":\"es\",\"potentialAction\":[{\"@type\":\"ReadAction\",\"target\":[\"https:\\\/\\\/radiohuancayo.com.pe\\\/wp54\\\/se-definio-fecha-del-sorteo-de-la-fase-de-grupos-de-la-copa-libertadores\\\/\"]}]},{\"@type\":\"ImageObject\",\"inLanguage\":\"es\",\"@id\":\"https:\\\/\\\/radiohuancayo.com.pe\\\/wp54\\\/se-definio-fecha-del-sorteo-de-la-fase-de-grupos-de-la-copa-libertadores\\\/#primaryimage\",\"url\":\"https:\\\/\\\/radiohuancayo.com.pe\\\/wp54\\\/wp-content\\\/uploads\\\/2025\\\/02\\\/image-12.png\",\"contentUrl\":\"https:\\\/\\\/radiohuancayo.com.pe\\\/wp54\\\/wp-content\\\/uploads\\\/2025\\\/02\\\/image-12.png\",\"width\":1200,\"height\":630},{\"@type\":\"BreadcrumbList\",\"@id\":\"https:\\\/\\\/radiohuancayo.com.pe\\\/wp54\\\/se-definio-fecha-del-sorteo-de-la-fase-de-grupos-de-la-copa-libertadores\\\/#breadcrumb\",\"itemListElement\":[{\"@type\":\"ListItem\",\"position\":1,\"name\":\"Portada\",\"item\":\"https:\\\/\\\/radiohuancayo.com.pe\\\/wp54\\\/\"},{\"@type\":\"ListItem\",\"position\":2,\"name\":\"Se defini\u00f3 fecha del sorteo de la Fase de Grupos de la Copa Libertadores\"}]},{\"@type\":\"WebSite\",\"@id\":\"https:\\\/\\\/radiohuancayo.com.pe\\\/wp54\\\/#website\",\"url\":\"https:\\\/\\\/radiohuancayo.com.pe\\\/wp54\\\/\",\"name\":\"Radio Huancayo\",\"description\":\"me gusta!!!\",\"publisher\":{\"@id\":\"https:\\\/\\\/radiohuancayo.com.pe\\\/wp54\\\/#organization\"},\"potentialAction\":[{\"@type\":\"SearchAction\",\"target\":{\"@type\":\"EntryPoint\",\"urlTemplate\":\"https:\\\/\\\/radiohuancayo.com.pe\\\/wp54\\\/?s={search_term_string}\"},\"query-input\":{\"@type\":\"PropertyValueSpecification\",\"valueRequired\":true,\"valueName\":\"search_term_string\"}}],\"inLanguage\":\"es\"},{\"@type\":\"Organization\",\"@id\":\"https:\\\/\\\/radiohuancayo.com.pe\\\/wp54\\\/#organization\",\"name\":\"Radio Huancayo\",\"url\":\"https:\\\/\\\/radiohuancayo.com.pe\\\/wp54\\\/\",\"logo\":{\"@type\":\"ImageObject\",\"inLanguage\":\"es\",\"@id\":\"https:\\\/\\\/radiohuancayo.com.pe\\\/wp54\\\/#\\\/schema\\\/logo\\\/image\\\/\",\"url\":\"https:\\\/\\\/radiohuancayo.com.pe\\\/wp54\\\/wp-content\\\/uploads\\\/2022\\\/04\\\/CABE01.png\",\"contentUrl\":\"https:\\\/\\\/radiohuancayo.com.pe\\\/wp54\\\/wp-content\\\/uploads\\\/2022\\\/04\\\/CABE01.png\",\"width\":1640,\"height\":300,\"caption\":\"Radio Huancayo\"},\"image\":{\"@id\":\"https:\\\/\\\/radiohuancayo.com.pe\\\/wp54\\\/#\\\/schema\\\/logo\\\/image\\\/\"}},{\"@type\":\"Person\",\"@id\":\"https:\\\/\\\/radiohuancayo.com.pe\\\/wp54\\\/#\\\/schema\\\/person\\\/74fb124dee9900c6f4d0535fa1d2b5ae\",\"name\":\"Michel Sanchez\",\"image\":{\"@type\":\"ImageObject\",\"inLanguage\":\"es\",\"@id\":\"https:\\\/\\\/secure.gravatar.com\\\/avatar\\\/f7f6944c01b3f15a174d0cf055aea75c46697913fc8a9cf5c3cf3e8800c645f6?s=96&d=mm&r=g\",\"url\":\"https:\\\/\\\/secure.gravatar.com\\\/avatar\\\/f7f6944c01b3f15a174d0cf055aea75c46697913fc8a9cf5c3cf3e8800c645f6?s=96&d=mm&r=g\",\"contentUrl\":\"https:\\\/\\\/secure.gravatar.com\\\/avatar\\\/f7f6944c01b3f15a174d0cf055aea75c46697913fc8a9cf5c3cf3e8800c645f6?s=96&d=mm&r=g\",\"caption\":\"Michel Sanchez\"},\"url\":\"https:\\\/\\\/radiohuancayo.com.pe\\\/wp54\\\/author\\\/memoris\\\/\"}]}<\/script>\n<!-- \/ Yoast SEO plugin. -->","yoast_head_json":{"title":"Se defini\u00f3 fecha del sorteo de la Fase de Grupos de la Copa Libertadores - Radio Huancayo","robots":{"index":"index","follow":"follow","max-snippet":"max-snippet:-1","max-image-preview":"max-image-preview:large","max-video-preview":"max-video-preview:-1"},"canonical":"https:\/\/radiohuancayo.com.pe\/wp54\/se-definio-fecha-del-sorteo-de-la-fase-de-grupos-de-la-copa-libertadores\/","og_locale":"es_ES","og_type":"article","og_title":"Se defini\u00f3 fecha del sorteo de la Fase de Grupos de la Copa Libertadores - Radio Huancayo","og_description":"La Conmebol dio a conocer que el pr\u00f3ximo lunes 17 de marzo desde las 6:00 p.m. se realizar\u00e1 el sorteo de la fase de grupos de la Copa Libertadores, en donde ya la &#8216;U&#8217; y Sporting Cristal, de momento, son los representantes nacionales. Cabe indicar que Universitario y Sporting Cristal figuran en el Bombo 3, y evitar\u00e1n enfrentar al Atl\u00e9tico Nacional, V\u00e9lez Sarsfield, Fortaleza, Talleres, Deportivo T\u00e1chira y la &#8216;U&#8217; de Chile. Alianza Lima y FBC Melgar est\u00e1n en la fase previa de la Copa Libertadores. Alianza Lima chocar\u00e1 el mi\u00e9rcoles ante Nacional de Paraguay para avanzar a la Fase 2, en dicha instancia est\u00e1 FBC Melgar, que jugar\u00e1 contra Deportes Tolima.","og_url":"https:\/\/radiohuancayo.com.pe\/wp54\/se-definio-fecha-del-sorteo-de-la-fase-de-grupos-de-la-copa-libertadores\/","og_site_name":"Radio Huancayo","article_published_time":"2025-02-10T22:13:18+00:00","article_modified_time":"2025-02-10T22:13:19+00:00","og_image":[{"width":1200,"height":630,"url":"https:\/\/radiohuancayo.com.pe\/wp54\/wp-content\/uploads\/2025\/02\/image-12.png","type":"image\/png"}],"author":"Michel Sanchez","twitter_card":"summary_large_image","twitter_misc":{"Escrito por":"Michel Sanchez","Tiempo de lectura":"1 minuto"},"schema":{"@context":"https:\/\/schema.org","@graph":[{"@type":"Article","@id":"https:\/\/radiohuancayo.com.pe\/wp54\/se-definio-fecha-del-sorteo-de-la-fase-de-grupos-de-la-copa-libertadores\/#article","isPartOf":{"@id":"https:\/\/radiohuancayo.com.pe\/wp54\/se-definio-fecha-del-sorteo-de-la-fase-de-grupos-de-la-copa-libertadores\/"},"author":{"name":"Michel Sanchez","@id":"https:\/\/radiohuancayo.com.pe\/wp54\/#\/schema\/person\/74fb124dee9900c6f4d0535fa1d2b5ae"},"headline":"Se defini\u00f3 fecha del sorteo de la Fase de Grupos de la Copa Libertadores","datePublished":"2025-02-10T22:13:18+00:00","dateModified":"2025-02-10T22:13:19+00:00","mainEntityOfPage":{"@id":"https:\/\/radiohuancayo.com.pe\/wp54\/se-definio-fecha-del-sorteo-de-la-fase-de-grupos-de-la-copa-libertadores\/"},"wordCount":130,"commentCount":0,"publisher":{"@id":"https:\/\/radiohuancayo.com.pe\/wp54\/#organization"},"image":{"@id":"https:\/\/radiohuancayo.com.pe\/wp54\/se-definio-fecha-del-sorteo-de-la-fase-de-grupos-de-la-copa-libertadores\/#primaryimage"},"thumbnailUrl":"https:\/\/radiohuancayo.com.pe\/wp54\/wp-content\/uploads\/2025\/02\/image-12.png","articleSection":["Deportes"],"inLanguage":"es","potentialAction":[{"@type":"CommentAction","name":"Comment","target":["https:\/\/radiohuancayo.com.pe\/wp54\/se-definio-fecha-del-sorteo-de-la-fase-de-grupos-de-la-copa-libertadores\/#respond"]}]},{"@type":"WebPage","@id":"https:\/\/radiohuancayo.com.pe\/wp54\/se-definio-fecha-del-sorteo-de-la-fase-de-grupos-de-la-copa-libertadores\/","url":"https:\/\/radiohuancayo.com.pe\/wp54\/se-definio-fecha-del-sorteo-de-la-fase-de-grupos-de-la-copa-libertadores\/","name":"Se defini\u00f3 fecha del sorteo de la Fase de Grupos de la Copa Libertadores - Radio Huancayo","isPartOf":{"@id":"https:\/\/radiohuancayo.com.pe\/wp54\/#website"},"primaryImageOfPage":{"@id":"https:\/\/radiohuancayo.com.pe\/wp54\/se-definio-fecha-del-sorteo-de-la-fase-de-grupos-de-la-copa-libertadores\/#primaryimage"},"image":{"@id":"https:\/\/radiohuancayo.com.pe\/wp54\/se-definio-fecha-del-sorteo-de-la-fase-de-grupos-de-la-copa-libertadores\/#primaryimage"},"thumbnailUrl":"https:\/\/radiohuancayo.com.pe\/wp54\/wp-content\/uploads\/2025\/02\/image-12.png","datePublished":"2025-02-10T22:13:18+00:00","dateModified":"2025-02-10T22:13:19+00:00","breadcrumb":{"@id":"https:\/\/radiohuancayo.com.pe\/wp54\/se-definio-fecha-del-sorteo-de-la-fase-de-grupos-de-la-copa-libertadores\/#breadcrumb"},"inLanguage":"es","potentialAction":[{"@type":"ReadAction","target":["https:\/\/radiohuancayo.com.pe\/wp54\/se-definio-fecha-del-sorteo-de-la-fase-de-grupos-de-la-copa-libertadores\/"]}]},{"@type":"ImageObject","inLanguage":"es","@id":"https:\/\/radiohuancayo.com.pe\/wp54\/se-definio-fecha-del-sorteo-de-la-fase-de-grupos-de-la-copa-libertadores\/#primaryimage","url":"https:\/\/radiohuancayo.com.pe\/wp54\/wp-content\/uploads\/2025\/02\/image-12.png","contentUrl":"https:\/\/radiohuancayo.com.pe\/wp54\/wp-content\/uploads\/2025\/02\/image-12.png","width":1200,"height":630},{"@type":"BreadcrumbList","@id":"https:\/\/radiohuancayo.com.pe\/wp54\/se-definio-fecha-del-sorteo-de-la-fase-de-grupos-de-la-copa-libertadores\/#breadcrumb","itemListElement":[{"@type":"ListItem","position":1,"name":"Portada","item":"https:\/\/radiohuancayo.com.pe\/wp54\/"},{"@type":"ListItem","position":2,"name":"Se defini\u00f3 fecha del sorteo de la Fase de Grupos de la Copa Libertadores"}]},{"@type":"WebSite","@id":"https:\/\/radiohuancayo.com.pe\/wp54\/#website","url":"https:\/\/radiohuancayo.com.pe\/wp54\/","name":"Radio Huancayo","description":"me gusta!!!","publisher":{"@id":"https:\/\/radiohuancayo.com.pe\/wp54\/#organization"},"potentialAction":[{"@type":"SearchAction","target":{"@type":"EntryPoint","urlTemplate":"https:\/\/radiohuancayo.com.pe\/wp54\/?s={search_term_string}"},"query-input":{"@type":"PropertyValueSpecification","valueRequired":true,"valueName":"search_term_string"}}],"inLanguage":"es"},{"@type":"Organization","@id":"https:\/\/radiohuancayo.com.pe\/wp54\/#organization","name":"Radio Huancayo","url":"https:\/\/radiohuancayo.com.pe\/wp54\/","logo":{"@type":"ImageObject","inLanguage":"es","@id":"https:\/\/radiohuancayo.com.pe\/wp54\/#\/schema\/logo\/image\/","url":"https:\/\/radiohuancayo.com.pe\/wp54\/wp-content\/uploads\/2022\/04\/CABE01.png","contentUrl":"https:\/\/radiohuancayo.com.pe\/wp54\/wp-content\/uploads\/2022\/04\/CABE01.png","width":1640,"height":300,"caption":"Radio Huancayo"},"image":{"@id":"https:\/\/radiohuancayo.com.pe\/wp54\/#\/schema\/logo\/image\/"}},{"@type":"Person","@id":"https:\/\/radiohuancayo.com.pe\/wp54\/#\/schema\/person\/74fb124dee9900c6f4d0535fa1d2b5ae","name":"Michel Sanchez","image":{"@type":"ImageObject","inLanguage":"es","@id":"https:\/\/secure.gravatar.com\/avatar\/f7f6944c01b3f15a174d0cf055aea75c46697913fc8a9cf5c3cf3e8800c645f6?s=96&d=mm&r=g","url":"https:\/\/secure.gravatar.com\/avatar\/f7f6944c01b3f15a174d0cf055aea75c46697913fc8a9cf5c3cf3e8800c645f6?s=96&d=mm&r=g","contentUrl":"https:\/\/secure.gravatar.com\/avatar\/f7f6944c01b3f15a174d0cf055aea75c46697913fc8a9cf5c3cf3e8800c645f6?s=96&d=mm&r=g","caption":"Michel Sanchez"},"url":"https:\/\/radiohuancayo.com.pe\/wp54\/author\/memoris\/"}]}},"_links":{"self":[{"href":"https:\/\/radiohuancayo.com.pe\/wp54\/wp-json\/wp\/v2\/posts\/29506","targetHints":{"allow":["GET"]}}],"collection":[{"href":"https:\/\/radiohuancayo.com.pe\/wp54\/wp-json\/wp\/v2\/posts"}],"about":[{"href":"https:\/\/radiohuancayo.com.pe\/wp54\/wp-json\/wp\/v2\/types\/post"}],"author":[{"embeddable":true,"href":"https:\/\/radiohuancayo.com.pe\/wp54\/wp-json\/wp\/v2\/users\/2"}],"replies":[{"embeddable":true,"href":"https:\/\/radiohuancayo.com.pe\/wp54\/wp-json\/wp\/v2\/comments?post=29506"}],"version-history":[{"count":1,"href":"https:\/\/radiohuancayo.com.pe\/wp54\/wp-json\/wp\/v2\/posts\/29506\/revisions"}],"predecessor-version":[{"id":29509,"href":"https:\/\/radiohuancayo.com.pe\/wp54\/wp-json\/wp\/v2\/posts\/29506\/revisions\/29509"}],"wp:featuredmedia":[{"embeddable":true,"href":"https:\/\/radiohuancayo.com.pe\/wp54\/wp-json\/wp\/v2\/media\/29507"}],"wp:attachment":[{"href":"https:\/\/radiohuancayo.com.pe\/wp54\/wp-json\/wp\/v2\/media?parent=29506"}],"wp:term":[{"taxonomy":"category","embeddable":true,"href":"https:\/\/radiohuancayo.com.pe\/wp54\/wp-json\/wp\/v2\/categories?post=29506"},{"taxonomy":"post_tag","embeddable":true,"href":"https:\/\/radiohuancayo.com.pe\/wp54\/wp-json\/wp\/v2\/tags?post=29506"}],"curies":[{"name":"wp","href":"https:\/\/api.w.org\/{rel}","templated":true}]}}