{"id":29510,"date":"2025-02-11T17:02:56","date_gmt":"2025-02-11T22:02:56","guid":{"rendered":"https:\/\/radiohuancayo.com.pe\/wp54\/?p=29510"},"modified":"2025-02-11T17:02:56","modified_gmt":"2025-02-11T22:02:56","slug":"copa-de-la-liga-peruana-se-cancelo-revelan-decision-de-la-fpf-tras-iniciar-el-apertura","status":"publish","type":"post","link":"https:\/\/radiohuancayo.com.pe\/wp54\/copa-de-la-liga-peruana-se-cancelo-revelan-decision-de-la-fpf-tras-iniciar-el-apertura\/","title":{"rendered":"Copa de la Liga Peruana se cancel\u00f3: revelan decisi\u00f3n de la FPF tras iniciar el Apertura"},"content":{"rendered":"\n<p>La temporada 2025 de la Liga 1 inici\u00f3 el fin de semana y los equipos se enfocan en lograr todos los objetivos, como salir campe\u00f3n nacional o clasificar a un torneo internacional. Tras disputarse la primera fecha del Torneo Apertura, y en medio de la expectativa de los hinchas, se conoci\u00f3 que la Copa LFP &#8211; FPF no se llevar\u00e1 a cabo.<\/p>\n\n\n\n<p>La Federaci\u00f3n Peruana de F\u00fatbol (FPF) ten\u00eda planificado que este a\u00f1o se dispute la\u00a0<strong>\u2018Copa de la Liga Peruana\u2019<\/strong>, campeonato que contaba con la participaci\u00f3n de hist\u00f3ricos equipos nacionales. No obstante, esta idea no se concretar\u00e1 luego de dos meses que se conoci\u00f3 la noticia.<\/p>\n\n\n\n<h2 class=\"wp-block-heading\">\u00bfQu\u00e9 pas\u00f3 con la Copa de la Liga Peruana 2025?<\/h2>\n\n\n\n<p>Cabe se\u00f1alar que este certamen se sumaba al Torneo Apertura y Torneo Clausura. Se ten\u00eda planeado que este campeonato se dispute entre los equipos de la Liga 1 y Liga 2 durante las fechas FIFA y el&nbsp;<strong>Mundial de Clubes<\/strong>, cuya edici\u00f3n se desarrollar\u00e1 entre los meses de junio y julio.<\/p>\n\n\n\n<p>\u201cLos equipos participantes tienen sede en 18 departamentos del pa\u00eds. En el norte, centro y sur del Per\u00fa. Tanto en la costa, sierra y selva, ubicados en todos los pisos altitudinales\u201d, se indic\u00f3 en el documento de la FPF hace un par de meses. Para sorpresa de muchos, esto no se desarrollar\u00e1, seg\u00fan pudo conocer el periodista Kevin Pacheco.<\/p>\n\n\n\n<p>\u201cSe cancel\u00f3 la Copa de la Liga Peruana. FPF ha decidido que ya no se dispute el torneo entre clubes de&nbsp;<strong>Liga 1<\/strong>&nbsp;y<strong>&nbsp;Liga 2<\/strong>&nbsp;durante las fechas FIFA del 2025. En los pr\u00f3ximos d\u00edas notificar\u00e1n oficialmente a los clubes\u201d, indic\u00f3 en su cuenta de X.<\/p>\n","protected":false},"excerpt":{"rendered":"<p>La temporada 2025 de la Liga 1 inici\u00f3 el fin de semana y los equipos se enfocan en lograr todos los objetivos, como salir campe\u00f3n nacional o clasificar a un torneo internacional. Tras disputarse la primera fecha del Torneo Apertura, y en medio de la expectativa de los hinchas, se conoci\u00f3 que la Copa LFP &#8211; FPF no se llevar\u00e1 a cabo. La Federaci\u00f3n Peruana de F\u00fatbol (FPF) ten\u00eda planificado que este a\u00f1o se dispute la\u00a0\u2018Copa de la Liga Peruana\u2019, campeonato que contaba con la participaci\u00f3n de hist\u00f3ricos equipos nacionales. No obstante, esta idea no se concretar\u00e1 luego de dos meses que se conoci\u00f3 la noticia. \u00bfQu\u00e9 pas\u00f3 con la Copa de la Liga Peruana 2025? Cabe se\u00f1alar que este certamen se sumaba al Torneo Apertura y Torneo Clausura. Se ten\u00eda planeado que este campeonato se dispute entre los equipos de la Liga 1 y Liga 2 durante las fechas FIFA y el&nbsp;Mundial de Clubes, cuya edici\u00f3n se desarrollar\u00e1 entre los meses de junio y julio. \u201cLos equipos participantes tienen sede en 18 departamentos del pa\u00eds. En el norte, centro y sur del Per\u00fa. Tanto en la costa, sierra y selva, ubicados en todos los pisos altitudinales\u201d, se indic\u00f3 en el documento de la FPF hace un par de meses. Para sorpresa de muchos, esto no se desarrollar\u00e1, seg\u00fan pudo conocer el periodista Kevin Pacheco. \u201cSe cancel\u00f3 la Copa de la Liga Peruana. FPF ha decidido que ya no se dispute el torneo entre clubes de&nbsp;Liga 1&nbsp;y&nbsp;Liga 2&nbsp;durante las fechas FIFA del 2025. En los pr\u00f3ximos d\u00edas notificar\u00e1n oficialmente a los clubes\u201d, indic\u00f3 en su cuenta de X.<\/p>\n","protected":false},"author":2,"featured_media":29511,"comment_status":"open","ping_status":"open","sticky":false,"template":"","format":"standard","meta":{"footnotes":""},"categories":[7],"tags":[],"class_list":["post-29510","post","type-post","status-publish","format-standard","has-post-thumbnail","hentry","category-deportes"],"yoast_head":"<!-- This site is optimized with the Yoast SEO plugin v27.5 - https:\/\/yoast.com\/product\/yoast-seo-wordpress\/ -->\n<title>Copa de la Liga Peruana se cancel\u00f3: revelan decisi\u00f3n de la FPF tras iniciar el Apertura - Radio Huancayo<\/title>\n<meta name=\"robots\" content=\"index, follow, max-snippet:-1, max-image-preview:large, max-video-preview:-1\" \/>\n<link rel=\"canonical\" href=\"https:\/\/radiohuancayo.com.pe\/wp54\/copa-de-la-liga-peruana-se-cancelo-revelan-decision-de-la-fpf-tras-iniciar-el-apertura\/\" \/>\n<meta property=\"og:locale\" content=\"es_ES\" \/>\n<meta property=\"og:type\" content=\"article\" \/>\n<meta property=\"og:title\" content=\"Copa de la Liga Peruana se cancel\u00f3: revelan decisi\u00f3n de la FPF tras iniciar el Apertura - Radio Huancayo\" \/>\n<meta property=\"og:description\" content=\"La temporada 2025 de la Liga 1 inici\u00f3 el fin de semana y los equipos se enfocan en lograr todos los objetivos, como salir campe\u00f3n nacional o clasificar a un torneo internacional. Tras disputarse la primera fecha del Torneo Apertura, y en medio de la expectativa de los hinchas, se conoci\u00f3 que la Copa LFP &#8211; FPF no se llevar\u00e1 a cabo. La Federaci\u00f3n Peruana de F\u00fatbol (FPF) ten\u00eda planificado que este a\u00f1o se dispute la\u00a0\u2018Copa de la Liga Peruana\u2019, campeonato que contaba con la participaci\u00f3n de hist\u00f3ricos equipos nacionales. No obstante, esta idea no se concretar\u00e1 luego de dos meses que se conoci\u00f3 la noticia. \u00bfQu\u00e9 pas\u00f3 con la Copa de la Liga Peruana 2025? Cabe se\u00f1alar que este certamen se sumaba al Torneo Apertura y Torneo Clausura. Se ten\u00eda planeado que este campeonato se dispute entre los equipos de la Liga 1 y Liga 2 durante las fechas FIFA y el&nbsp;Mundial de Clubes, cuya edici\u00f3n se desarrollar\u00e1 entre los meses de junio y julio. \u201cLos equipos participantes tienen sede en 18 departamentos del pa\u00eds. En el norte, centro y sur del Per\u00fa. Tanto en la costa, sierra y selva, ubicados en todos los pisos altitudinales\u201d, se indic\u00f3 en el documento de la FPF hace un par de meses. Para sorpresa de muchos, esto no se desarrollar\u00e1, seg\u00fan pudo conocer el periodista Kevin Pacheco. \u201cSe cancel\u00f3 la Copa de la Liga Peruana. FPF ha decidido que ya no se dispute el torneo entre clubes de&nbsp;Liga 1&nbsp;y&nbsp;Liga 2&nbsp;durante las fechas FIFA del 2025. En los pr\u00f3ximos d\u00edas notificar\u00e1n oficialmente a los clubes\u201d, indic\u00f3 en su cuenta de X.\" \/>\n<meta property=\"og:url\" content=\"https:\/\/radiohuancayo.com.pe\/wp54\/copa-de-la-liga-peruana-se-cancelo-revelan-decision-de-la-fpf-tras-iniciar-el-apertura\/\" \/>\n<meta property=\"og:site_name\" content=\"Radio Huancayo\" \/>\n<meta property=\"article:published_time\" content=\"2025-02-11T22:02:56+00:00\" \/>\n<meta property=\"og:image\" content=\"https:\/\/radiohuancayo.com.pe\/wp54\/wp-content\/uploads\/2025\/02\/image-14.png\" \/>\n\t<meta property=\"og:image:width\" content=\"652\" \/>\n\t<meta property=\"og:image:height\" content=\"358\" \/>\n\t<meta property=\"og:image:type\" content=\"image\/png\" \/>\n<meta name=\"author\" content=\"Michel Sanchez\" \/>\n<meta name=\"twitter:card\" content=\"summary_large_image\" \/>\n<meta name=\"twitter:label1\" content=\"Escrito por\" \/>\n\t<meta name=\"twitter:data1\" content=\"Michel Sanchez\" \/>\n\t<meta name=\"twitter:label2\" content=\"Tiempo de lectura\" \/>\n\t<meta name=\"twitter:data2\" content=\"2 minutos\" \/>\n<script type=\"application\/ld+json\" class=\"yoast-schema-graph\">{\"@context\":\"https:\\\/\\\/schema.org\",\"@graph\":[{\"@type\":\"Article\",\"@id\":\"https:\\\/\\\/radiohuancayo.com.pe\\\/wp54\\\/copa-de-la-liga-peruana-se-cancelo-revelan-decision-de-la-fpf-tras-iniciar-el-apertura\\\/#article\",\"isPartOf\":{\"@id\":\"https:\\\/\\\/radiohuancayo.com.pe\\\/wp54\\\/copa-de-la-liga-peruana-se-cancelo-revelan-decision-de-la-fpf-tras-iniciar-el-apertura\\\/\"},\"author\":{\"name\":\"Michel Sanchez\",\"@id\":\"https:\\\/\\\/radiohuancayo.com.pe\\\/wp54\\\/#\\\/schema\\\/person\\\/74fb124dee9900c6f4d0535fa1d2b5ae\"},\"headline\":\"Copa de la Liga Peruana se cancel\u00f3: revelan decisi\u00f3n de la FPF tras iniciar el Apertura\",\"datePublished\":\"2025-02-11T22:02:56+00:00\",\"mainEntityOfPage\":{\"@id\":\"https:\\\/\\\/radiohuancayo.com.pe\\\/wp54\\\/copa-de-la-liga-peruana-se-cancelo-revelan-decision-de-la-fpf-tras-iniciar-el-apertura\\\/\"},\"wordCount\":302,\"commentCount\":0,\"publisher\":{\"@id\":\"https:\\\/\\\/radiohuancayo.com.pe\\\/wp54\\\/#organization\"},\"image\":{\"@id\":\"https:\\\/\\\/radiohuancayo.com.pe\\\/wp54\\\/copa-de-la-liga-peruana-se-cancelo-revelan-decision-de-la-fpf-tras-iniciar-el-apertura\\\/#primaryimage\"},\"thumbnailUrl\":\"https:\\\/\\\/radiohuancayo.com.pe\\\/wp54\\\/wp-content\\\/uploads\\\/2025\\\/02\\\/image-14.png\",\"articleSection\":[\"Deportes\"],\"inLanguage\":\"es\",\"potentialAction\":[{\"@type\":\"CommentAction\",\"name\":\"Comment\",\"target\":[\"https:\\\/\\\/radiohuancayo.com.pe\\\/wp54\\\/copa-de-la-liga-peruana-se-cancelo-revelan-decision-de-la-fpf-tras-iniciar-el-apertura\\\/#respond\"]}]},{\"@type\":\"WebPage\",\"@id\":\"https:\\\/\\\/radiohuancayo.com.pe\\\/wp54\\\/copa-de-la-liga-peruana-se-cancelo-revelan-decision-de-la-fpf-tras-iniciar-el-apertura\\\/\",\"url\":\"https:\\\/\\\/radiohuancayo.com.pe\\\/wp54\\\/copa-de-la-liga-peruana-se-cancelo-revelan-decision-de-la-fpf-tras-iniciar-el-apertura\\\/\",\"name\":\"Copa de la Liga Peruana se cancel\u00f3: revelan decisi\u00f3n de la FPF tras iniciar el Apertura - Radio Huancayo\",\"isPartOf\":{\"@id\":\"https:\\\/\\\/radiohuancayo.com.pe\\\/wp54\\\/#website\"},\"primaryImageOfPage\":{\"@id\":\"https:\\\/\\\/radiohuancayo.com.pe\\\/wp54\\\/copa-de-la-liga-peruana-se-cancelo-revelan-decision-de-la-fpf-tras-iniciar-el-apertura\\\/#primaryimage\"},\"image\":{\"@id\":\"https:\\\/\\\/radiohuancayo.com.pe\\\/wp54\\\/copa-de-la-liga-peruana-se-cancelo-revelan-decision-de-la-fpf-tras-iniciar-el-apertura\\\/#primaryimage\"},\"thumbnailUrl\":\"https:\\\/\\\/radiohuancayo.com.pe\\\/wp54\\\/wp-content\\\/uploads\\\/2025\\\/02\\\/image-14.png\",\"datePublished\":\"2025-02-11T22:02:56+00:00\",\"breadcrumb\":{\"@id\":\"https:\\\/\\\/radiohuancayo.com.pe\\\/wp54\\\/copa-de-la-liga-peruana-se-cancelo-revelan-decision-de-la-fpf-tras-iniciar-el-apertura\\\/#breadcrumb\"},\"inLanguage\":\"es\",\"potentialAction\":[{\"@type\":\"ReadAction\",\"target\":[\"https:\\\/\\\/radiohuancayo.com.pe\\\/wp54\\\/copa-de-la-liga-peruana-se-cancelo-revelan-decision-de-la-fpf-tras-iniciar-el-apertura\\\/\"]}]},{\"@type\":\"ImageObject\",\"inLanguage\":\"es\",\"@id\":\"https:\\\/\\\/radiohuancayo.com.pe\\\/wp54\\\/copa-de-la-liga-peruana-se-cancelo-revelan-decision-de-la-fpf-tras-iniciar-el-apertura\\\/#primaryimage\",\"url\":\"https:\\\/\\\/radiohuancayo.com.pe\\\/wp54\\\/wp-content\\\/uploads\\\/2025\\\/02\\\/image-14.png\",\"contentUrl\":\"https:\\\/\\\/radiohuancayo.com.pe\\\/wp54\\\/wp-content\\\/uploads\\\/2025\\\/02\\\/image-14.png\",\"width\":652,\"height\":358},{\"@type\":\"BreadcrumbList\",\"@id\":\"https:\\\/\\\/radiohuancayo.com.pe\\\/wp54\\\/copa-de-la-liga-peruana-se-cancelo-revelan-decision-de-la-fpf-tras-iniciar-el-apertura\\\/#breadcrumb\",\"itemListElement\":[{\"@type\":\"ListItem\",\"position\":1,\"name\":\"Portada\",\"item\":\"https:\\\/\\\/radiohuancayo.com.pe\\\/wp54\\\/\"},{\"@type\":\"ListItem\",\"position\":2,\"name\":\"Copa de la Liga Peruana se cancel\u00f3: revelan decisi\u00f3n de la FPF tras iniciar el Apertura\"}]},{\"@type\":\"WebSite\",\"@id\":\"https:\\\/\\\/radiohuancayo.com.pe\\\/wp54\\\/#website\",\"url\":\"https:\\\/\\\/radiohuancayo.com.pe\\\/wp54\\\/\",\"name\":\"Radio Huancayo\",\"description\":\"me gusta!!!\",\"publisher\":{\"@id\":\"https:\\\/\\\/radiohuancayo.com.pe\\\/wp54\\\/#organization\"},\"potentialAction\":[{\"@type\":\"SearchAction\",\"target\":{\"@type\":\"EntryPoint\",\"urlTemplate\":\"https:\\\/\\\/radiohuancayo.com.pe\\\/wp54\\\/?s={search_term_string}\"},\"query-input\":{\"@type\":\"PropertyValueSpecification\",\"valueRequired\":true,\"valueName\":\"search_term_string\"}}],\"inLanguage\":\"es\"},{\"@type\":\"Organization\",\"@id\":\"https:\\\/\\\/radiohuancayo.com.pe\\\/wp54\\\/#organization\",\"name\":\"Radio Huancayo\",\"url\":\"https:\\\/\\\/radiohuancayo.com.pe\\\/wp54\\\/\",\"logo\":{\"@type\":\"ImageObject\",\"inLanguage\":\"es\",\"@id\":\"https:\\\/\\\/radiohuancayo.com.pe\\\/wp54\\\/#\\\/schema\\\/logo\\\/image\\\/\",\"url\":\"https:\\\/\\\/radiohuancayo.com.pe\\\/wp54\\\/wp-content\\\/uploads\\\/2022\\\/04\\\/CABE01.png\",\"contentUrl\":\"https:\\\/\\\/radiohuancayo.com.pe\\\/wp54\\\/wp-content\\\/uploads\\\/2022\\\/04\\\/CABE01.png\",\"width\":1640,\"height\":300,\"caption\":\"Radio Huancayo\"},\"image\":{\"@id\":\"https:\\\/\\\/radiohuancayo.com.pe\\\/wp54\\\/#\\\/schema\\\/logo\\\/image\\\/\"}},{\"@type\":\"Person\",\"@id\":\"https:\\\/\\\/radiohuancayo.com.pe\\\/wp54\\\/#\\\/schema\\\/person\\\/74fb124dee9900c6f4d0535fa1d2b5ae\",\"name\":\"Michel Sanchez\",\"image\":{\"@type\":\"ImageObject\",\"inLanguage\":\"es\",\"@id\":\"https:\\\/\\\/secure.gravatar.com\\\/avatar\\\/f7f6944c01b3f15a174d0cf055aea75c46697913fc8a9cf5c3cf3e8800c645f6?s=96&d=mm&r=g\",\"url\":\"https:\\\/\\\/secure.gravatar.com\\\/avatar\\\/f7f6944c01b3f15a174d0cf055aea75c46697913fc8a9cf5c3cf3e8800c645f6?s=96&d=mm&r=g\",\"contentUrl\":\"https:\\\/\\\/secure.gravatar.com\\\/avatar\\\/f7f6944c01b3f15a174d0cf055aea75c46697913fc8a9cf5c3cf3e8800c645f6?s=96&d=mm&r=g\",\"caption\":\"Michel Sanchez\"},\"url\":\"https:\\\/\\\/radiohuancayo.com.pe\\\/wp54\\\/author\\\/memoris\\\/\"}]}<\/script>\n<!-- \/ Yoast SEO plugin. -->","yoast_head_json":{"title":"Copa de la Liga Peruana se cancel\u00f3: revelan decisi\u00f3n de la FPF tras iniciar el Apertura - Radio Huancayo","robots":{"index":"index","follow":"follow","max-snippet":"max-snippet:-1","max-image-preview":"max-image-preview:large","max-video-preview":"max-video-preview:-1"},"canonical":"https:\/\/radiohuancayo.com.pe\/wp54\/copa-de-la-liga-peruana-se-cancelo-revelan-decision-de-la-fpf-tras-iniciar-el-apertura\/","og_locale":"es_ES","og_type":"article","og_title":"Copa de la Liga Peruana se cancel\u00f3: revelan decisi\u00f3n de la FPF tras iniciar el Apertura - Radio Huancayo","og_description":"La temporada 2025 de la Liga 1 inici\u00f3 el fin de semana y los equipos se enfocan en lograr todos los objetivos, como salir campe\u00f3n nacional o clasificar a un torneo internacional. Tras disputarse la primera fecha del Torneo Apertura, y en medio de la expectativa de los hinchas, se conoci\u00f3 que la Copa LFP &#8211; FPF no se llevar\u00e1 a cabo. La Federaci\u00f3n Peruana de F\u00fatbol (FPF) ten\u00eda planificado que este a\u00f1o se dispute la\u00a0\u2018Copa de la Liga Peruana\u2019, campeonato que contaba con la participaci\u00f3n de hist\u00f3ricos equipos nacionales. No obstante, esta idea no se concretar\u00e1 luego de dos meses que se conoci\u00f3 la noticia. \u00bfQu\u00e9 pas\u00f3 con la Copa de la Liga Peruana 2025? Cabe se\u00f1alar que este certamen se sumaba al Torneo Apertura y Torneo Clausura. Se ten\u00eda planeado que este campeonato se dispute entre los equipos de la Liga 1 y Liga 2 durante las fechas FIFA y el&nbsp;Mundial de Clubes, cuya edici\u00f3n se desarrollar\u00e1 entre los meses de junio y julio. \u201cLos equipos participantes tienen sede en 18 departamentos del pa\u00eds. En el norte, centro y sur del Per\u00fa. Tanto en la costa, sierra y selva, ubicados en todos los pisos altitudinales\u201d, se indic\u00f3 en el documento de la FPF hace un par de meses. Para sorpresa de muchos, esto no se desarrollar\u00e1, seg\u00fan pudo conocer el periodista Kevin Pacheco. \u201cSe cancel\u00f3 la Copa de la Liga Peruana. FPF ha decidido que ya no se dispute el torneo entre clubes de&nbsp;Liga 1&nbsp;y&nbsp;Liga 2&nbsp;durante las fechas FIFA del 2025. En los pr\u00f3ximos d\u00edas notificar\u00e1n oficialmente a los clubes\u201d, indic\u00f3 en su cuenta de X.","og_url":"https:\/\/radiohuancayo.com.pe\/wp54\/copa-de-la-liga-peruana-se-cancelo-revelan-decision-de-la-fpf-tras-iniciar-el-apertura\/","og_site_name":"Radio Huancayo","article_published_time":"2025-02-11T22:02:56+00:00","og_image":[{"width":652,"height":358,"url":"https:\/\/radiohuancayo.com.pe\/wp54\/wp-content\/uploads\/2025\/02\/image-14.png","type":"image\/png"}],"author":"Michel Sanchez","twitter_card":"summary_large_image","twitter_misc":{"Escrito por":"Michel Sanchez","Tiempo de lectura":"2 minutos"},"schema":{"@context":"https:\/\/schema.org","@graph":[{"@type":"Article","@id":"https:\/\/radiohuancayo.com.pe\/wp54\/copa-de-la-liga-peruana-se-cancelo-revelan-decision-de-la-fpf-tras-iniciar-el-apertura\/#article","isPartOf":{"@id":"https:\/\/radiohuancayo.com.pe\/wp54\/copa-de-la-liga-peruana-se-cancelo-revelan-decision-de-la-fpf-tras-iniciar-el-apertura\/"},"author":{"name":"Michel Sanchez","@id":"https:\/\/radiohuancayo.com.pe\/wp54\/#\/schema\/person\/74fb124dee9900c6f4d0535fa1d2b5ae"},"headline":"Copa de la Liga Peruana se cancel\u00f3: revelan decisi\u00f3n de la FPF tras iniciar el Apertura","datePublished":"2025-02-11T22:02:56+00:00","mainEntityOfPage":{"@id":"https:\/\/radiohuancayo.com.pe\/wp54\/copa-de-la-liga-peruana-se-cancelo-revelan-decision-de-la-fpf-tras-iniciar-el-apertura\/"},"wordCount":302,"commentCount":0,"publisher":{"@id":"https:\/\/radiohuancayo.com.pe\/wp54\/#organization"},"image":{"@id":"https:\/\/radiohuancayo.com.pe\/wp54\/copa-de-la-liga-peruana-se-cancelo-revelan-decision-de-la-fpf-tras-iniciar-el-apertura\/#primaryimage"},"thumbnailUrl":"https:\/\/radiohuancayo.com.pe\/wp54\/wp-content\/uploads\/2025\/02\/image-14.png","articleSection":["Deportes"],"inLanguage":"es","potentialAction":[{"@type":"CommentAction","name":"Comment","target":["https:\/\/radiohuancayo.com.pe\/wp54\/copa-de-la-liga-peruana-se-cancelo-revelan-decision-de-la-fpf-tras-iniciar-el-apertura\/#respond"]}]},{"@type":"WebPage","@id":"https:\/\/radiohuancayo.com.pe\/wp54\/copa-de-la-liga-peruana-se-cancelo-revelan-decision-de-la-fpf-tras-iniciar-el-apertura\/","url":"https:\/\/radiohuancayo.com.pe\/wp54\/copa-de-la-liga-peruana-se-cancelo-revelan-decision-de-la-fpf-tras-iniciar-el-apertura\/","name":"Copa de la Liga Peruana se cancel\u00f3: revelan decisi\u00f3n de la FPF tras iniciar el Apertura - Radio Huancayo","isPartOf":{"@id":"https:\/\/radiohuancayo.com.pe\/wp54\/#website"},"primaryImageOfPage":{"@id":"https:\/\/radiohuancayo.com.pe\/wp54\/copa-de-la-liga-peruana-se-cancelo-revelan-decision-de-la-fpf-tras-iniciar-el-apertura\/#primaryimage"},"image":{"@id":"https:\/\/radiohuancayo.com.pe\/wp54\/copa-de-la-liga-peruana-se-cancelo-revelan-decision-de-la-fpf-tras-iniciar-el-apertura\/#primaryimage"},"thumbnailUrl":"https:\/\/radiohuancayo.com.pe\/wp54\/wp-content\/uploads\/2025\/02\/image-14.png","datePublished":"2025-02-11T22:02:56+00:00","breadcrumb":{"@id":"https:\/\/radiohuancayo.com.pe\/wp54\/copa-de-la-liga-peruana-se-cancelo-revelan-decision-de-la-fpf-tras-iniciar-el-apertura\/#breadcrumb"},"inLanguage":"es","potentialAction":[{"@type":"ReadAction","target":["https:\/\/radiohuancayo.com.pe\/wp54\/copa-de-la-liga-peruana-se-cancelo-revelan-decision-de-la-fpf-tras-iniciar-el-apertura\/"]}]},{"@type":"ImageObject","inLanguage":"es","@id":"https:\/\/radiohuancayo.com.pe\/wp54\/copa-de-la-liga-peruana-se-cancelo-revelan-decision-de-la-fpf-tras-iniciar-el-apertura\/#primaryimage","url":"https:\/\/radiohuancayo.com.pe\/wp54\/wp-content\/uploads\/2025\/02\/image-14.png","contentUrl":"https:\/\/radiohuancayo.com.pe\/wp54\/wp-content\/uploads\/2025\/02\/image-14.png","width":652,"height":358},{"@type":"BreadcrumbList","@id":"https:\/\/radiohuancayo.com.pe\/wp54\/copa-de-la-liga-peruana-se-cancelo-revelan-decision-de-la-fpf-tras-iniciar-el-apertura\/#breadcrumb","itemListElement":[{"@type":"ListItem","position":1,"name":"Portada","item":"https:\/\/radiohuancayo.com.pe\/wp54\/"},{"@type":"ListItem","position":2,"name":"Copa de la Liga Peruana se cancel\u00f3: revelan decisi\u00f3n de la FPF tras iniciar el Apertura"}]},{"@type":"WebSite","@id":"https:\/\/radiohuancayo.com.pe\/wp54\/#website","url":"https:\/\/radiohuancayo.com.pe\/wp54\/","name":"Radio Huancayo","description":"me gusta!!!","publisher":{"@id":"https:\/\/radiohuancayo.com.pe\/wp54\/#organization"},"potentialAction":[{"@type":"SearchAction","target":{"@type":"EntryPoint","urlTemplate":"https:\/\/radiohuancayo.com.pe\/wp54\/?s={search_term_string}"},"query-input":{"@type":"PropertyValueSpecification","valueRequired":true,"valueName":"search_term_string"}}],"inLanguage":"es"},{"@type":"Organization","@id":"https:\/\/radiohuancayo.com.pe\/wp54\/#organization","name":"Radio Huancayo","url":"https:\/\/radiohuancayo.com.pe\/wp54\/","logo":{"@type":"ImageObject","inLanguage":"es","@id":"https:\/\/radiohuancayo.com.pe\/wp54\/#\/schema\/logo\/image\/","url":"https:\/\/radiohuancayo.com.pe\/wp54\/wp-content\/uploads\/2022\/04\/CABE01.png","contentUrl":"https:\/\/radiohuancayo.com.pe\/wp54\/wp-content\/uploads\/2022\/04\/CABE01.png","width":1640,"height":300,"caption":"Radio Huancayo"},"image":{"@id":"https:\/\/radiohuancayo.com.pe\/wp54\/#\/schema\/logo\/image\/"}},{"@type":"Person","@id":"https:\/\/radiohuancayo.com.pe\/wp54\/#\/schema\/person\/74fb124dee9900c6f4d0535fa1d2b5ae","name":"Michel Sanchez","image":{"@type":"ImageObject","inLanguage":"es","@id":"https:\/\/secure.gravatar.com\/avatar\/f7f6944c01b3f15a174d0cf055aea75c46697913fc8a9cf5c3cf3e8800c645f6?s=96&d=mm&r=g","url":"https:\/\/secure.gravatar.com\/avatar\/f7f6944c01b3f15a174d0cf055aea75c46697913fc8a9cf5c3cf3e8800c645f6?s=96&d=mm&r=g","contentUrl":"https:\/\/secure.gravatar.com\/avatar\/f7f6944c01b3f15a174d0cf055aea75c46697913fc8a9cf5c3cf3e8800c645f6?s=96&d=mm&r=g","caption":"Michel Sanchez"},"url":"https:\/\/radiohuancayo.com.pe\/wp54\/author\/memoris\/"}]}},"_links":{"self":[{"href":"https:\/\/radiohuancayo.com.pe\/wp54\/wp-json\/wp\/v2\/posts\/29510","targetHints":{"allow":["GET"]}}],"collection":[{"href":"https:\/\/radiohuancayo.com.pe\/wp54\/wp-json\/wp\/v2\/posts"}],"about":[{"href":"https:\/\/radiohuancayo.com.pe\/wp54\/wp-json\/wp\/v2\/types\/post"}],"author":[{"embeddable":true,"href":"https:\/\/radiohuancayo.com.pe\/wp54\/wp-json\/wp\/v2\/users\/2"}],"replies":[{"embeddable":true,"href":"https:\/\/radiohuancayo.com.pe\/wp54\/wp-json\/wp\/v2\/comments?post=29510"}],"version-history":[{"count":1,"href":"https:\/\/radiohuancayo.com.pe\/wp54\/wp-json\/wp\/v2\/posts\/29510\/revisions"}],"predecessor-version":[{"id":29512,"href":"https:\/\/radiohuancayo.com.pe\/wp54\/wp-json\/wp\/v2\/posts\/29510\/revisions\/29512"}],"wp:featuredmedia":[{"embeddable":true,"href":"https:\/\/radiohuancayo.com.pe\/wp54\/wp-json\/wp\/v2\/media\/29511"}],"wp:attachment":[{"href":"https:\/\/radiohuancayo.com.pe\/wp54\/wp-json\/wp\/v2\/media?parent=29510"}],"wp:term":[{"taxonomy":"category","embeddable":true,"href":"https:\/\/radiohuancayo.com.pe\/wp54\/wp-json\/wp\/v2\/categories?post=29510"},{"taxonomy":"post_tag","embeddable":true,"href":"https:\/\/radiohuancayo.com.pe\/wp54\/wp-json\/wp\/v2\/tags?post=29510"}],"curies":[{"name":"wp","href":"https:\/\/api.w.org\/{rel}","templated":true}]}}