{"id":29513,"date":"2025-02-11T17:06:04","date_gmt":"2025-02-11T22:06:04","guid":{"rendered":"https:\/\/radiohuancayo.com.pe\/wp54\/?p=29513"},"modified":"2025-02-11T17:06:04","modified_gmt":"2025-02-11T22:06:04","slug":"ibanez-estamos-confiados-en-que-podemos-clasificar-asi-me-lo-hicieron-notar-los-jugadores","status":"publish","type":"post","link":"https:\/\/radiohuancayo.com.pe\/wp54\/ibanez-estamos-confiados-en-que-podemos-clasificar-asi-me-lo-hicieron-notar-los-jugadores\/","title":{"rendered":"Ib\u00e1\u00f1ez: \u00abEstamos confiados en que podemos clasificar, as\u00ed me lo hicieron notar los jugadores\u00bb"},"content":{"rendered":"\n<p>Oscar Ib\u00e1\u00f1ez fue presentado como nuevo t\u00e9cnico de la selecci\u00f3n peruana. El entrenador asegur\u00f3 que acept\u00f3 el reto porque est\u00e1 convencido que se puede lograr la clasificaci\u00f3n al Mundial a pesar de la posici\u00f3n actual del equipo en la tabla de posiciones.<\/p>\n\n\n\n<p>\u00abEstamos muy felices y muy entusiasmados con esta posibilidad de clasificar, estamos convencidos, creemos en los jugadores, creemos en los hinchas y aqu\u00ed estamos. Somos hombres de retos y estamos confiados en que podemos clasificar, as\u00ed me lo hicieron notar los jugadores, as\u00ed que hay que ponerse a trabajar de inmediato\u00bb, dijo en conferencia de prensa.<\/p>\n\n\n\n<p><br>Sobre c\u00f3mo se dio su llegada cont\u00f3: \u00abCuando me cit\u00f3 Agust\u00edn (Lozano) a la Videna realmente fui con expectativa porque me imagin\u00e9 que era algo relacionado a la selecci\u00f3n. Me pregunt\u00f3 c\u00f3mo estaba compuesto el cuerpo t\u00e9cnico, qu\u00e9 expectativas ten\u00eda con respecto a la selecci\u00f3n. Estoy convencido que se puede clasificar, no es una relaci\u00f3n extra\u00f1a para los jugadores, tengo una ventaja importante que es que fui jugador de selecci\u00f3n, conozco a los jugadores, que tuve dos maestr\u00edas en cuerpos t\u00e9cnicos distintos, con Markari\u00e1n y Gareca. Estoy convencido que los jugadores ya saben de este tipo de situaciones, reaccionaron en dos procesos anteriores y lo pueden hacer nuevamente. Eso me convenci\u00f3\u00bb.<\/p>\n\n\n\n<p>Ib\u00e1\u00f1ez cont\u00f3 que le pregunt\u00f3 a Lozano si hab\u00eda alguien vetado de la selecci\u00f3n: \u00abMe dijo que ten\u00eda la tranquilidad para conformar el grupo de trabajo que quer\u00eda, de convocar a los jugadores que quer\u00eda y no hubo mucho m\u00e1s que pensar. Desde que me cuadr\u00e9 en el arco de selecci\u00f3n en el 98 he sido siempre de selecci\u00f3n, cuando me toc\u00f3 estar afuera segu\u00ed alentando a Per\u00fa, estaba siempre pendiente, estoy al d\u00eda a d\u00eda con la liga peruana. Es un lindo reto, todo el mundo lo ve dif\u00edcil pero estoy convencido de que podemos\u00bb.<\/p>\n\n\n\n<p>Con respecto a su experiencia asegur\u00f3: \u00abTener m\u00e1s o menos t\u00edtulos no te asegura nada, hoy lo que nos hace estar ac\u00e1 y estar convencidos es el conocimiento que tenemos de los jugadores, no se necesita un tiempo para conocerlos y que ellos nos conozcan. Es una ventaja relevante conocer lo que significa una eliminatoria, conocerlos a ellos, s\u00e9 de lo que son capaces, la rebeld\u00eda que tienen y me llena la comunicaci\u00f3n que he tenido con ellos. No he podido hablar con todos pero s\u00ed con la mayor\u00eda y ellos est\u00e1n convencidos de que se puede. Eso me deja tranquilo y convencido de que seguimos en carrera\u00bb.<\/p>\n\n\n\n<h3 class=\"wp-block-heading\">\u00bfSu contrato es por dos partidos o hasta el final de la eliminatoria?<\/h3>\n\n\n\n<p>\u00abEl convenio fue hasta el final de este proceso, Dios mediante con la clasificaci\u00f3n, es lo \u00fanico que nos preocupa y nos ocupa, no vemos m\u00e1s all\u00e1. Hoy estamos enfocados en estos seis partidos de clasificaci\u00f3n\u00bb, destac\u00f3.<\/p>\n\n\n\n<p>A\u00f1adi\u00f3: \u00abYo soy un hombre de fe, soy convencido de lo que podemos dar como grupo de trabajo, estoy convencido por los jugadores que tenemos. Esto para m\u00ed es un reto, pero estoy convencido que los jugadores se van a levantar una vez m\u00e1s, van a dar pelea y cuando uno elige ser entrenador corre riesgos pero somos hombres de f\u00fatbol y estamos para asumir los retos\u00bb.<\/p>\n\n\n\n<p>Sobre los futbolistas manifest\u00f3: \u00abCuando est\u00e1n todos son muy dif\u00edcil de vencer, son capaces de lograr cosas incre\u00edbles como levantarse de los \u00faltimos lugares y terminar clasificando llevando a Per\u00fa al Mundial y son capaces de pelear un repechaje. Yo apelo a poder contar con todos y por eso resalto la respuesta de los muchachos, que ha sido fant\u00e1stica, piensan que todav\u00eda pueden y van a hacer el esfuerzo para llegar de la mejor forma a la convocatoria y desde el lugar que les toque van a aportar. Me preocupa que puedan llegar todos, esperemos que en este tiempo que falta puedan sumar minutos, estar sanos\u00bb.<\/p>\n\n\n\n<h3 class=\"wp-block-heading\">\u00bfVolver\u00e1 la selecci\u00f3n a la l\u00ednea de 4 en defensa?<\/h3>\n\n\n\n<p>\u00abTenemos tres centrales menos por lo menos para el primer partido, Miguel (Araujo) y Carlos (Zambrano) est\u00e1n suspendidos y Alex (Callens) est\u00e1 con un tema de salud. El sistema es irrelevante si se juega con 3 o 4, a Per\u00fa le sienta bien la l\u00ednea de 4 pero eso no quiere decir que no se vuelva a jugar con l\u00ednea de 3. Es momento de asumir riesgos, de tomar la iniciativa, sin desmerecer o cuestionar lo que se hizo antes, simplemente siento que es algo que se acomoda mejor a este tipo de jugadores y seguramente vamos a volver a la l\u00ednea de 4\u00bb, explic\u00f3.<\/p>\n\n\n\n<p>Sobre el rendimiento de la selecci\u00f3n en lo que va de las eliminatorias consider\u00f3: \u00abPer\u00fa mereci\u00f3 mejores resultados en algunos partidos, tuvo situaciones que no se concretaron. Ahora la posibilidad de contar con todos va a dar m\u00e1s variantes, necesitamos variantes en todas las l\u00edneas. Jugadores que no ven\u00edan a la selecci\u00f3n, contar con ellos nos va a ayudar a generar otro tipo de situaciones y de juego\u00bb.<\/p>\n\n\n\n<h3 class=\"wp-block-heading\">\u00bfHabr\u00e1 un recambio con jugadores m\u00e1s j\u00f3venes?<\/h3>\n\n\n\n<p>\u00abEs importante sumar chicos, la idea es que en cada convocatoria est\u00e9n los mejores sin importar la edad y tambi\u00e9n sumar algunos chicos que nosotros vemos con un presente y con una proyecci\u00f3n importante. Los resultados no ayudan pero individualmente hay apariciones importantes\u00bb, destac\u00f3.<\/p>\n\n\n\n<p>Agreg\u00f3: \u00abEl recambio depende de los chicos que van apareciendo, hay chicos interesantes y seguro lo van a ver en la pr\u00f3xima convocatoria. No es que nos vamos a llenar de jugadores nuevos pero hay chicos que nosotros creemos que tienen la posibilidad de mantener el nivel de competencia y ser una alternativa importante\u00bb.<\/p>\n\n\n\n<h3 class=\"wp-block-heading\">\u00bfConvers\u00f3 con Ricardo Gareca tras su designaci\u00f3n?<\/h3>\n\n\n\n<p>\u00abMe llam\u00f3 todo el cuerpo t\u00e9cnico, estaban s\u00faper felices y nos desearon todas las suertes. Aprovecho tambi\u00e9n para agradecer al comando t\u00e9cnico del &#8216;profe&#8217; Markari\u00e1n que tambi\u00e9n me llam\u00f3, el &#8216;Chino&#8217; Rivera, Franco Navarro, &#8216;\u00d1ol&#8217; Solano, una cantidad de gente y entrenadores que se pusieron a disposici\u00f3n para lo que necesitemos, eso me pone muy feliz y me hace reconfirmar que tomamos una buena decisi\u00f3n\u00bb, asegur\u00f3.<\/p>\n\n\n\n<p>Finalmente mand\u00f3 un mensaje de optimismo: \u00abEl f\u00fatbol siempre fue de momentos, nos toca afrontar el tercer tercio de la eliminatoria, creo que Per\u00fa cuando est\u00e1n todos los que creemos que tienen que estar y conectan nuevamente y llevan esa conexi\u00f3n al campo de juego. Recurrimos a la experiencia que tienen en este tipo de situaciones, la cantidad de partidos que tienen en este tipo de eliminatorias, en la sed de revancha que tienen y en el convencimiento que me demostraron en casi todo el plantel que he podido conversar\u00bb.<\/p>\n","protected":false},"excerpt":{"rendered":"<p>Oscar Ib\u00e1\u00f1ez fue presentado como nuevo t\u00e9cnico de la selecci\u00f3n peruana. El entrenador asegur\u00f3 que acept\u00f3 el reto porque est\u00e1 convencido que se puede lograr la clasificaci\u00f3n al Mundial a pesar de la posici\u00f3n actual del equipo en la tabla de posiciones. \u00abEstamos muy felices y muy entusiasmados con esta posibilidad de clasificar, estamos convencidos, creemos en los jugadores, creemos en los hinchas y aqu\u00ed estamos. Somos hombres de retos y estamos confiados en que podemos clasificar, as\u00ed me lo hicieron notar los jugadores, as\u00ed que hay que ponerse a trabajar de inmediato\u00bb, dijo en conferencia de prensa. Sobre c\u00f3mo se dio su llegada cont\u00f3: \u00abCuando me cit\u00f3 Agust\u00edn (Lozano) a la Videna realmente fui con expectativa porque me imagin\u00e9 que era algo relacionado a la selecci\u00f3n. Me pregunt\u00f3 c\u00f3mo estaba compuesto el cuerpo t\u00e9cnico, qu\u00e9 expectativas ten\u00eda con respecto a la selecci\u00f3n. Estoy convencido que se puede clasificar, no es una relaci\u00f3n extra\u00f1a para los jugadores, tengo una ventaja importante que es que fui jugador de selecci\u00f3n, conozco a los jugadores, que tuve dos maestr\u00edas en cuerpos t\u00e9cnicos distintos, con Markari\u00e1n y Gareca. Estoy convencido que los jugadores ya saben de este tipo de situaciones, reaccionaron en dos procesos anteriores y lo pueden hacer nuevamente. Eso me convenci\u00f3\u00bb. Ib\u00e1\u00f1ez cont\u00f3 que le pregunt\u00f3 a Lozano si hab\u00eda alguien vetado de la selecci\u00f3n: \u00abMe dijo que ten\u00eda la tranquilidad para conformar el grupo de trabajo que quer\u00eda, de convocar a los jugadores que quer\u00eda y no hubo mucho m\u00e1s que pensar. Desde que me cuadr\u00e9 en el arco de selecci\u00f3n en el 98 he sido siempre de selecci\u00f3n, cuando me toc\u00f3 estar afuera segu\u00ed alentando a Per\u00fa, estaba siempre pendiente, estoy al d\u00eda a d\u00eda con la liga peruana. Es un lindo reto, todo el mundo lo ve dif\u00edcil pero estoy convencido de que podemos\u00bb. Con respecto a su experiencia asegur\u00f3: \u00abTener m\u00e1s o menos t\u00edtulos no te asegura nada, hoy lo que nos hace estar ac\u00e1 y estar convencidos es el conocimiento que tenemos de los jugadores, no se necesita un tiempo para conocerlos y que ellos nos conozcan. Es una ventaja relevante conocer lo que significa una eliminatoria, conocerlos a ellos, s\u00e9 de lo que son capaces, la rebeld\u00eda que tienen y me llena la comunicaci\u00f3n que he tenido con ellos. No he podido hablar con todos pero s\u00ed con la mayor\u00eda y ellos est\u00e1n convencidos de que se puede. Eso me deja tranquilo y convencido de que seguimos en carrera\u00bb. \u00bfSu contrato es por dos partidos o hasta el final de la eliminatoria? \u00abEl convenio fue hasta el final de este proceso, Dios mediante con la clasificaci\u00f3n, es lo \u00fanico que nos preocupa y nos ocupa, no vemos m\u00e1s all\u00e1. Hoy estamos enfocados en estos seis partidos de clasificaci\u00f3n\u00bb, destac\u00f3. A\u00f1adi\u00f3: \u00abYo soy un hombre de fe, soy convencido de lo que podemos dar como grupo de trabajo, estoy convencido por los jugadores que tenemos. Esto para m\u00ed es un reto, pero estoy convencido que los jugadores se van a levantar una vez m\u00e1s, van a dar pelea y cuando uno elige ser entrenador corre riesgos pero somos hombres de f\u00fatbol y estamos para asumir los retos\u00bb. Sobre los futbolistas manifest\u00f3: \u00abCuando est\u00e1n todos son muy dif\u00edcil de vencer, son capaces de lograr cosas incre\u00edbles como levantarse de los \u00faltimos lugares y terminar clasificando llevando a Per\u00fa al Mundial y son capaces de pelear un repechaje. Yo apelo a poder contar con todos y por eso resalto la respuesta de los muchachos, que ha sido fant\u00e1stica, piensan que todav\u00eda pueden y van a hacer el esfuerzo para llegar de la mejor forma a la convocatoria y desde el lugar que les toque van a aportar. Me preocupa que puedan llegar todos, esperemos que en este tiempo que falta puedan sumar minutos, estar sanos\u00bb. \u00bfVolver\u00e1 la selecci\u00f3n a la l\u00ednea de 4 en defensa? \u00abTenemos tres centrales menos por lo menos para el primer partido, Miguel (Araujo) y Carlos (Zambrano) est\u00e1n suspendidos y Alex (Callens) est\u00e1 con un tema de salud. El sistema es irrelevante si se juega con 3 o 4, a Per\u00fa le sienta bien la l\u00ednea de 4 pero eso no quiere decir que no se vuelva a jugar con l\u00ednea de 3. Es momento de asumir riesgos, de tomar la iniciativa, sin desmerecer o cuestionar lo que se hizo antes, simplemente siento que es algo que se acomoda mejor a este tipo de jugadores y seguramente vamos a volver a la l\u00ednea de 4\u00bb, explic\u00f3. Sobre el rendimiento de la selecci\u00f3n en lo que va de las eliminatorias consider\u00f3: \u00abPer\u00fa mereci\u00f3 mejores resultados en algunos partidos, tuvo situaciones que no se concretaron. Ahora la posibilidad de contar con todos va a dar m\u00e1s variantes, necesitamos variantes en todas las l\u00edneas. Jugadores que no ven\u00edan a la selecci\u00f3n, contar con ellos nos va a ayudar a generar otro tipo de situaciones y de juego\u00bb. \u00bfHabr\u00e1 un recambio con jugadores m\u00e1s j\u00f3venes? \u00abEs importante sumar chicos, la idea es que en cada convocatoria est\u00e9n los mejores sin importar la edad y tambi\u00e9n sumar algunos chicos que nosotros vemos con un presente y con una proyecci\u00f3n importante. Los resultados no ayudan pero individualmente hay apariciones importantes\u00bb, destac\u00f3. Agreg\u00f3: \u00abEl recambio depende de los chicos que van apareciendo, hay chicos interesantes y seguro lo van a ver en la pr\u00f3xima convocatoria. No es que nos vamos a llenar de jugadores nuevos pero hay chicos que nosotros creemos que tienen la posibilidad de mantener el nivel de competencia y ser una alternativa importante\u00bb. \u00bfConvers\u00f3 con Ricardo Gareca tras su designaci\u00f3n? \u00abMe llam\u00f3 todo el cuerpo t\u00e9cnico, estaban s\u00faper felices y nos desearon todas las suertes. Aprovecho tambi\u00e9n para agradecer al comando t\u00e9cnico del &#8216;profe&#8217; Markari\u00e1n que tambi\u00e9n me llam\u00f3, el &#8216;Chino&#8217; Rivera, Franco Navarro, &#8216;\u00d1ol&#8217; Solano, una cantidad de gente y entrenadores que se pusieron a disposici\u00f3n para lo que necesitemos, eso me pone muy feliz y me hace reconfirmar que tomamos una buena decisi\u00f3n\u00bb, asegur\u00f3. Finalmente mand\u00f3<\/p>\n","protected":false},"author":2,"featured_media":29514,"comment_status":"open","ping_status":"open","sticky":false,"template":"","format":"standard","meta":{"footnotes":""},"categories":[7],"tags":[],"class_list":["post-29513","post","type-post","status-publish","format-standard","has-post-thumbnail","hentry","category-deportes"],"yoast_head":"<!-- This site is optimized with the Yoast SEO plugin v27.5 - https:\/\/yoast.com\/product\/yoast-seo-wordpress\/ -->\n<title>Ib\u00e1\u00f1ez: &quot;Estamos confiados en que podemos clasificar, as\u00ed me lo hicieron notar los jugadores&quot; - Radio Huancayo<\/title>\n<meta name=\"robots\" content=\"index, follow, max-snippet:-1, max-image-preview:large, max-video-preview:-1\" \/>\n<link rel=\"canonical\" href=\"https:\/\/radiohuancayo.com.pe\/wp54\/ibanez-estamos-confiados-en-que-podemos-clasificar-asi-me-lo-hicieron-notar-los-jugadores\/\" \/>\n<meta property=\"og:locale\" content=\"es_ES\" \/>\n<meta property=\"og:type\" content=\"article\" \/>\n<meta property=\"og:title\" content=\"Ib\u00e1\u00f1ez: &quot;Estamos confiados en que podemos clasificar, as\u00ed me lo hicieron notar los jugadores&quot; - Radio Huancayo\" \/>\n<meta property=\"og:description\" content=\"Oscar Ib\u00e1\u00f1ez fue presentado como nuevo t\u00e9cnico de la selecci\u00f3n peruana. El entrenador asegur\u00f3 que acept\u00f3 el reto porque est\u00e1 convencido que se puede lograr la clasificaci\u00f3n al Mundial a pesar de la posici\u00f3n actual del equipo en la tabla de posiciones. \u00abEstamos muy felices y muy entusiasmados con esta posibilidad de clasificar, estamos convencidos, creemos en los jugadores, creemos en los hinchas y aqu\u00ed estamos. Somos hombres de retos y estamos confiados en que podemos clasificar, as\u00ed me lo hicieron notar los jugadores, as\u00ed que hay que ponerse a trabajar de inmediato\u00bb, dijo en conferencia de prensa. Sobre c\u00f3mo se dio su llegada cont\u00f3: \u00abCuando me cit\u00f3 Agust\u00edn (Lozano) a la Videna realmente fui con expectativa porque me imagin\u00e9 que era algo relacionado a la selecci\u00f3n. Me pregunt\u00f3 c\u00f3mo estaba compuesto el cuerpo t\u00e9cnico, qu\u00e9 expectativas ten\u00eda con respecto a la selecci\u00f3n. Estoy convencido que se puede clasificar, no es una relaci\u00f3n extra\u00f1a para los jugadores, tengo una ventaja importante que es que fui jugador de selecci\u00f3n, conozco a los jugadores, que tuve dos maestr\u00edas en cuerpos t\u00e9cnicos distintos, con Markari\u00e1n y Gareca. Estoy convencido que los jugadores ya saben de este tipo de situaciones, reaccionaron en dos procesos anteriores y lo pueden hacer nuevamente. Eso me convenci\u00f3\u00bb. Ib\u00e1\u00f1ez cont\u00f3 que le pregunt\u00f3 a Lozano si hab\u00eda alguien vetado de la selecci\u00f3n: \u00abMe dijo que ten\u00eda la tranquilidad para conformar el grupo de trabajo que quer\u00eda, de convocar a los jugadores que quer\u00eda y no hubo mucho m\u00e1s que pensar. Desde que me cuadr\u00e9 en el arco de selecci\u00f3n en el 98 he sido siempre de selecci\u00f3n, cuando me toc\u00f3 estar afuera segu\u00ed alentando a Per\u00fa, estaba siempre pendiente, estoy al d\u00eda a d\u00eda con la liga peruana. Es un lindo reto, todo el mundo lo ve dif\u00edcil pero estoy convencido de que podemos\u00bb. Con respecto a su experiencia asegur\u00f3: \u00abTener m\u00e1s o menos t\u00edtulos no te asegura nada, hoy lo que nos hace estar ac\u00e1 y estar convencidos es el conocimiento que tenemos de los jugadores, no se necesita un tiempo para conocerlos y que ellos nos conozcan. Es una ventaja relevante conocer lo que significa una eliminatoria, conocerlos a ellos, s\u00e9 de lo que son capaces, la rebeld\u00eda que tienen y me llena la comunicaci\u00f3n que he tenido con ellos. No he podido hablar con todos pero s\u00ed con la mayor\u00eda y ellos est\u00e1n convencidos de que se puede. Eso me deja tranquilo y convencido de que seguimos en carrera\u00bb. \u00bfSu contrato es por dos partidos o hasta el final de la eliminatoria? \u00abEl convenio fue hasta el final de este proceso, Dios mediante con la clasificaci\u00f3n, es lo \u00fanico que nos preocupa y nos ocupa, no vemos m\u00e1s all\u00e1. Hoy estamos enfocados en estos seis partidos de clasificaci\u00f3n\u00bb, destac\u00f3. A\u00f1adi\u00f3: \u00abYo soy un hombre de fe, soy convencido de lo que podemos dar como grupo de trabajo, estoy convencido por los jugadores que tenemos. Esto para m\u00ed es un reto, pero estoy convencido que los jugadores se van a levantar una vez m\u00e1s, van a dar pelea y cuando uno elige ser entrenador corre riesgos pero somos hombres de f\u00fatbol y estamos para asumir los retos\u00bb. Sobre los futbolistas manifest\u00f3: \u00abCuando est\u00e1n todos son muy dif\u00edcil de vencer, son capaces de lograr cosas incre\u00edbles como levantarse de los \u00faltimos lugares y terminar clasificando llevando a Per\u00fa al Mundial y son capaces de pelear un repechaje. Yo apelo a poder contar con todos y por eso resalto la respuesta de los muchachos, que ha sido fant\u00e1stica, piensan que todav\u00eda pueden y van a hacer el esfuerzo para llegar de la mejor forma a la convocatoria y desde el lugar que les toque van a aportar. Me preocupa que puedan llegar todos, esperemos que en este tiempo que falta puedan sumar minutos, estar sanos\u00bb. \u00bfVolver\u00e1 la selecci\u00f3n a la l\u00ednea de 4 en defensa? \u00abTenemos tres centrales menos por lo menos para el primer partido, Miguel (Araujo) y Carlos (Zambrano) est\u00e1n suspendidos y Alex (Callens) est\u00e1 con un tema de salud. El sistema es irrelevante si se juega con 3 o 4, a Per\u00fa le sienta bien la l\u00ednea de 4 pero eso no quiere decir que no se vuelva a jugar con l\u00ednea de 3. Es momento de asumir riesgos, de tomar la iniciativa, sin desmerecer o cuestionar lo que se hizo antes, simplemente siento que es algo que se acomoda mejor a este tipo de jugadores y seguramente vamos a volver a la l\u00ednea de 4\u00bb, explic\u00f3. Sobre el rendimiento de la selecci\u00f3n en lo que va de las eliminatorias consider\u00f3: \u00abPer\u00fa mereci\u00f3 mejores resultados en algunos partidos, tuvo situaciones que no se concretaron. Ahora la posibilidad de contar con todos va a dar m\u00e1s variantes, necesitamos variantes en todas las l\u00edneas. Jugadores que no ven\u00edan a la selecci\u00f3n, contar con ellos nos va a ayudar a generar otro tipo de situaciones y de juego\u00bb. \u00bfHabr\u00e1 un recambio con jugadores m\u00e1s j\u00f3venes? \u00abEs importante sumar chicos, la idea es que en cada convocatoria est\u00e9n los mejores sin importar la edad y tambi\u00e9n sumar algunos chicos que nosotros vemos con un presente y con una proyecci\u00f3n importante. Los resultados no ayudan pero individualmente hay apariciones importantes\u00bb, destac\u00f3. Agreg\u00f3: \u00abEl recambio depende de los chicos que van apareciendo, hay chicos interesantes y seguro lo van a ver en la pr\u00f3xima convocatoria. No es que nos vamos a llenar de jugadores nuevos pero hay chicos que nosotros creemos que tienen la posibilidad de mantener el nivel de competencia y ser una alternativa importante\u00bb. \u00bfConvers\u00f3 con Ricardo Gareca tras su designaci\u00f3n? \u00abMe llam\u00f3 todo el cuerpo t\u00e9cnico, estaban s\u00faper felices y nos desearon todas las suertes. Aprovecho tambi\u00e9n para agradecer al comando t\u00e9cnico del &#8216;profe&#8217; Markari\u00e1n que tambi\u00e9n me llam\u00f3, el &#8216;Chino&#8217; Rivera, Franco Navarro, &#8216;\u00d1ol&#8217; Solano, una cantidad de gente y entrenadores que se pusieron a disposici\u00f3n para lo que necesitemos, eso me pone muy feliz y me hace reconfirmar que tomamos una buena decisi\u00f3n\u00bb, asegur\u00f3. Finalmente mand\u00f3\" \/>\n<meta property=\"og:url\" content=\"https:\/\/radiohuancayo.com.pe\/wp54\/ibanez-estamos-confiados-en-que-podemos-clasificar-asi-me-lo-hicieron-notar-los-jugadores\/\" \/>\n<meta property=\"og:site_name\" content=\"Radio Huancayo\" \/>\n<meta property=\"article:published_time\" content=\"2025-02-11T22:06:04+00:00\" \/>\n<meta property=\"og:image\" content=\"https:\/\/radiohuancayo.com.pe\/wp54\/wp-content\/uploads\/2025\/02\/image-15.png\" \/>\n\t<meta property=\"og:image:width\" content=\"1200\" \/>\n\t<meta property=\"og:image:height\" content=\"630\" \/>\n\t<meta property=\"og:image:type\" content=\"image\/png\" \/>\n<meta name=\"author\" content=\"Michel Sanchez\" \/>\n<meta name=\"twitter:card\" content=\"summary_large_image\" \/>\n<meta name=\"twitter:label1\" content=\"Escrito por\" \/>\n\t<meta name=\"twitter:data1\" content=\"Michel Sanchez\" \/>\n\t<meta name=\"twitter:label2\" content=\"Tiempo de lectura\" \/>\n\t<meta name=\"twitter:data2\" content=\"6 minutos\" \/>\n<script type=\"application\/ld+json\" class=\"yoast-schema-graph\">{\"@context\":\"https:\\\/\\\/schema.org\",\"@graph\":[{\"@type\":\"Article\",\"@id\":\"https:\\\/\\\/radiohuancayo.com.pe\\\/wp54\\\/ibanez-estamos-confiados-en-que-podemos-clasificar-asi-me-lo-hicieron-notar-los-jugadores\\\/#article\",\"isPartOf\":{\"@id\":\"https:\\\/\\\/radiohuancayo.com.pe\\\/wp54\\\/ibanez-estamos-confiados-en-que-podemos-clasificar-asi-me-lo-hicieron-notar-los-jugadores\\\/\"},\"author\":{\"name\":\"Michel Sanchez\",\"@id\":\"https:\\\/\\\/radiohuancayo.com.pe\\\/wp54\\\/#\\\/schema\\\/person\\\/74fb124dee9900c6f4d0535fa1d2b5ae\"},\"headline\":\"Ib\u00e1\u00f1ez: \u00abEstamos confiados en que podemos clasificar, as\u00ed me lo hicieron notar los jugadores\u00bb\",\"datePublished\":\"2025-02-11T22:06:04+00:00\",\"mainEntityOfPage\":{\"@id\":\"https:\\\/\\\/radiohuancayo.com.pe\\\/wp54\\\/ibanez-estamos-confiados-en-que-podemos-clasificar-asi-me-lo-hicieron-notar-los-jugadores\\\/\"},\"wordCount\":1172,\"commentCount\":0,\"publisher\":{\"@id\":\"https:\\\/\\\/radiohuancayo.com.pe\\\/wp54\\\/#organization\"},\"image\":{\"@id\":\"https:\\\/\\\/radiohuancayo.com.pe\\\/wp54\\\/ibanez-estamos-confiados-en-que-podemos-clasificar-asi-me-lo-hicieron-notar-los-jugadores\\\/#primaryimage\"},\"thumbnailUrl\":\"https:\\\/\\\/radiohuancayo.com.pe\\\/wp54\\\/wp-content\\\/uploads\\\/2025\\\/02\\\/image-15.png\",\"articleSection\":[\"Deportes\"],\"inLanguage\":\"es\",\"potentialAction\":[{\"@type\":\"CommentAction\",\"name\":\"Comment\",\"target\":[\"https:\\\/\\\/radiohuancayo.com.pe\\\/wp54\\\/ibanez-estamos-confiados-en-que-podemos-clasificar-asi-me-lo-hicieron-notar-los-jugadores\\\/#respond\"]}]},{\"@type\":\"WebPage\",\"@id\":\"https:\\\/\\\/radiohuancayo.com.pe\\\/wp54\\\/ibanez-estamos-confiados-en-que-podemos-clasificar-asi-me-lo-hicieron-notar-los-jugadores\\\/\",\"url\":\"https:\\\/\\\/radiohuancayo.com.pe\\\/wp54\\\/ibanez-estamos-confiados-en-que-podemos-clasificar-asi-me-lo-hicieron-notar-los-jugadores\\\/\",\"name\":\"Ib\u00e1\u00f1ez: \\\"Estamos confiados en que podemos clasificar, as\u00ed me lo hicieron notar los jugadores\\\" - Radio Huancayo\",\"isPartOf\":{\"@id\":\"https:\\\/\\\/radiohuancayo.com.pe\\\/wp54\\\/#website\"},\"primaryImageOfPage\":{\"@id\":\"https:\\\/\\\/radiohuancayo.com.pe\\\/wp54\\\/ibanez-estamos-confiados-en-que-podemos-clasificar-asi-me-lo-hicieron-notar-los-jugadores\\\/#primaryimage\"},\"image\":{\"@id\":\"https:\\\/\\\/radiohuancayo.com.pe\\\/wp54\\\/ibanez-estamos-confiados-en-que-podemos-clasificar-asi-me-lo-hicieron-notar-los-jugadores\\\/#primaryimage\"},\"thumbnailUrl\":\"https:\\\/\\\/radiohuancayo.com.pe\\\/wp54\\\/wp-content\\\/uploads\\\/2025\\\/02\\\/image-15.png\",\"datePublished\":\"2025-02-11T22:06:04+00:00\",\"breadcrumb\":{\"@id\":\"https:\\\/\\\/radiohuancayo.com.pe\\\/wp54\\\/ibanez-estamos-confiados-en-que-podemos-clasificar-asi-me-lo-hicieron-notar-los-jugadores\\\/#breadcrumb\"},\"inLanguage\":\"es\",\"potentialAction\":[{\"@type\":\"ReadAction\",\"target\":[\"https:\\\/\\\/radiohuancayo.com.pe\\\/wp54\\\/ibanez-estamos-confiados-en-que-podemos-clasificar-asi-me-lo-hicieron-notar-los-jugadores\\\/\"]}]},{\"@type\":\"ImageObject\",\"inLanguage\":\"es\",\"@id\":\"https:\\\/\\\/radiohuancayo.com.pe\\\/wp54\\\/ibanez-estamos-confiados-en-que-podemos-clasificar-asi-me-lo-hicieron-notar-los-jugadores\\\/#primaryimage\",\"url\":\"https:\\\/\\\/radiohuancayo.com.pe\\\/wp54\\\/wp-content\\\/uploads\\\/2025\\\/02\\\/image-15.png\",\"contentUrl\":\"https:\\\/\\\/radiohuancayo.com.pe\\\/wp54\\\/wp-content\\\/uploads\\\/2025\\\/02\\\/image-15.png\",\"width\":1200,\"height\":630},{\"@type\":\"BreadcrumbList\",\"@id\":\"https:\\\/\\\/radiohuancayo.com.pe\\\/wp54\\\/ibanez-estamos-confiados-en-que-podemos-clasificar-asi-me-lo-hicieron-notar-los-jugadores\\\/#breadcrumb\",\"itemListElement\":[{\"@type\":\"ListItem\",\"position\":1,\"name\":\"Portada\",\"item\":\"https:\\\/\\\/radiohuancayo.com.pe\\\/wp54\\\/\"},{\"@type\":\"ListItem\",\"position\":2,\"name\":\"Ib\u00e1\u00f1ez: &#8220;Estamos confiados en que podemos clasificar, as\u00ed me lo hicieron notar los jugadores&#8221;\"}]},{\"@type\":\"WebSite\",\"@id\":\"https:\\\/\\\/radiohuancayo.com.pe\\\/wp54\\\/#website\",\"url\":\"https:\\\/\\\/radiohuancayo.com.pe\\\/wp54\\\/\",\"name\":\"Radio Huancayo\",\"description\":\"me gusta!!!\",\"publisher\":{\"@id\":\"https:\\\/\\\/radiohuancayo.com.pe\\\/wp54\\\/#organization\"},\"potentialAction\":[{\"@type\":\"SearchAction\",\"target\":{\"@type\":\"EntryPoint\",\"urlTemplate\":\"https:\\\/\\\/radiohuancayo.com.pe\\\/wp54\\\/?s={search_term_string}\"},\"query-input\":{\"@type\":\"PropertyValueSpecification\",\"valueRequired\":true,\"valueName\":\"search_term_string\"}}],\"inLanguage\":\"es\"},{\"@type\":\"Organization\",\"@id\":\"https:\\\/\\\/radiohuancayo.com.pe\\\/wp54\\\/#organization\",\"name\":\"Radio Huancayo\",\"url\":\"https:\\\/\\\/radiohuancayo.com.pe\\\/wp54\\\/\",\"logo\":{\"@type\":\"ImageObject\",\"inLanguage\":\"es\",\"@id\":\"https:\\\/\\\/radiohuancayo.com.pe\\\/wp54\\\/#\\\/schema\\\/logo\\\/image\\\/\",\"url\":\"https:\\\/\\\/radiohuancayo.com.pe\\\/wp54\\\/wp-content\\\/uploads\\\/2022\\\/04\\\/CABE01.png\",\"contentUrl\":\"https:\\\/\\\/radiohuancayo.com.pe\\\/wp54\\\/wp-content\\\/uploads\\\/2022\\\/04\\\/CABE01.png\",\"width\":1640,\"height\":300,\"caption\":\"Radio Huancayo\"},\"image\":{\"@id\":\"https:\\\/\\\/radiohuancayo.com.pe\\\/wp54\\\/#\\\/schema\\\/logo\\\/image\\\/\"}},{\"@type\":\"Person\",\"@id\":\"https:\\\/\\\/radiohuancayo.com.pe\\\/wp54\\\/#\\\/schema\\\/person\\\/74fb124dee9900c6f4d0535fa1d2b5ae\",\"name\":\"Michel Sanchez\",\"image\":{\"@type\":\"ImageObject\",\"inLanguage\":\"es\",\"@id\":\"https:\\\/\\\/secure.gravatar.com\\\/avatar\\\/f7f6944c01b3f15a174d0cf055aea75c46697913fc8a9cf5c3cf3e8800c645f6?s=96&d=mm&r=g\",\"url\":\"https:\\\/\\\/secure.gravatar.com\\\/avatar\\\/f7f6944c01b3f15a174d0cf055aea75c46697913fc8a9cf5c3cf3e8800c645f6?s=96&d=mm&r=g\",\"contentUrl\":\"https:\\\/\\\/secure.gravatar.com\\\/avatar\\\/f7f6944c01b3f15a174d0cf055aea75c46697913fc8a9cf5c3cf3e8800c645f6?s=96&d=mm&r=g\",\"caption\":\"Michel Sanchez\"},\"url\":\"https:\\\/\\\/radiohuancayo.com.pe\\\/wp54\\\/author\\\/memoris\\\/\"}]}<\/script>\n<!-- \/ Yoast SEO plugin. -->","yoast_head_json":{"title":"Ib\u00e1\u00f1ez: \"Estamos confiados en que podemos clasificar, as\u00ed me lo hicieron notar los jugadores\" - Radio Huancayo","robots":{"index":"index","follow":"follow","max-snippet":"max-snippet:-1","max-image-preview":"max-image-preview:large","max-video-preview":"max-video-preview:-1"},"canonical":"https:\/\/radiohuancayo.com.pe\/wp54\/ibanez-estamos-confiados-en-que-podemos-clasificar-asi-me-lo-hicieron-notar-los-jugadores\/","og_locale":"es_ES","og_type":"article","og_title":"Ib\u00e1\u00f1ez: \"Estamos confiados en que podemos clasificar, as\u00ed me lo hicieron notar los jugadores\" - Radio Huancayo","og_description":"Oscar Ib\u00e1\u00f1ez fue presentado como nuevo t\u00e9cnico de la selecci\u00f3n peruana. El entrenador asegur\u00f3 que acept\u00f3 el reto porque est\u00e1 convencido que se puede lograr la clasificaci\u00f3n al Mundial a pesar de la posici\u00f3n actual del equipo en la tabla de posiciones. \u00abEstamos muy felices y muy entusiasmados con esta posibilidad de clasificar, estamos convencidos, creemos en los jugadores, creemos en los hinchas y aqu\u00ed estamos. Somos hombres de retos y estamos confiados en que podemos clasificar, as\u00ed me lo hicieron notar los jugadores, as\u00ed que hay que ponerse a trabajar de inmediato\u00bb, dijo en conferencia de prensa. Sobre c\u00f3mo se dio su llegada cont\u00f3: \u00abCuando me cit\u00f3 Agust\u00edn (Lozano) a la Videna realmente fui con expectativa porque me imagin\u00e9 que era algo relacionado a la selecci\u00f3n. Me pregunt\u00f3 c\u00f3mo estaba compuesto el cuerpo t\u00e9cnico, qu\u00e9 expectativas ten\u00eda con respecto a la selecci\u00f3n. Estoy convencido que se puede clasificar, no es una relaci\u00f3n extra\u00f1a para los jugadores, tengo una ventaja importante que es que fui jugador de selecci\u00f3n, conozco a los jugadores, que tuve dos maestr\u00edas en cuerpos t\u00e9cnicos distintos, con Markari\u00e1n y Gareca. Estoy convencido que los jugadores ya saben de este tipo de situaciones, reaccionaron en dos procesos anteriores y lo pueden hacer nuevamente. Eso me convenci\u00f3\u00bb. Ib\u00e1\u00f1ez cont\u00f3 que le pregunt\u00f3 a Lozano si hab\u00eda alguien vetado de la selecci\u00f3n: \u00abMe dijo que ten\u00eda la tranquilidad para conformar el grupo de trabajo que quer\u00eda, de convocar a los jugadores que quer\u00eda y no hubo mucho m\u00e1s que pensar. Desde que me cuadr\u00e9 en el arco de selecci\u00f3n en el 98 he sido siempre de selecci\u00f3n, cuando me toc\u00f3 estar afuera segu\u00ed alentando a Per\u00fa, estaba siempre pendiente, estoy al d\u00eda a d\u00eda con la liga peruana. Es un lindo reto, todo el mundo lo ve dif\u00edcil pero estoy convencido de que podemos\u00bb. Con respecto a su experiencia asegur\u00f3: \u00abTener m\u00e1s o menos t\u00edtulos no te asegura nada, hoy lo que nos hace estar ac\u00e1 y estar convencidos es el conocimiento que tenemos de los jugadores, no se necesita un tiempo para conocerlos y que ellos nos conozcan. Es una ventaja relevante conocer lo que significa una eliminatoria, conocerlos a ellos, s\u00e9 de lo que son capaces, la rebeld\u00eda que tienen y me llena la comunicaci\u00f3n que he tenido con ellos. No he podido hablar con todos pero s\u00ed con la mayor\u00eda y ellos est\u00e1n convencidos de que se puede. Eso me deja tranquilo y convencido de que seguimos en carrera\u00bb. \u00bfSu contrato es por dos partidos o hasta el final de la eliminatoria? \u00abEl convenio fue hasta el final de este proceso, Dios mediante con la clasificaci\u00f3n, es lo \u00fanico que nos preocupa y nos ocupa, no vemos m\u00e1s all\u00e1. Hoy estamos enfocados en estos seis partidos de clasificaci\u00f3n\u00bb, destac\u00f3. A\u00f1adi\u00f3: \u00abYo soy un hombre de fe, soy convencido de lo que podemos dar como grupo de trabajo, estoy convencido por los jugadores que tenemos. Esto para m\u00ed es un reto, pero estoy convencido que los jugadores se van a levantar una vez m\u00e1s, van a dar pelea y cuando uno elige ser entrenador corre riesgos pero somos hombres de f\u00fatbol y estamos para asumir los retos\u00bb. Sobre los futbolistas manifest\u00f3: \u00abCuando est\u00e1n todos son muy dif\u00edcil de vencer, son capaces de lograr cosas incre\u00edbles como levantarse de los \u00faltimos lugares y terminar clasificando llevando a Per\u00fa al Mundial y son capaces de pelear un repechaje. Yo apelo a poder contar con todos y por eso resalto la respuesta de los muchachos, que ha sido fant\u00e1stica, piensan que todav\u00eda pueden y van a hacer el esfuerzo para llegar de la mejor forma a la convocatoria y desde el lugar que les toque van a aportar. Me preocupa que puedan llegar todos, esperemos que en este tiempo que falta puedan sumar minutos, estar sanos\u00bb. \u00bfVolver\u00e1 la selecci\u00f3n a la l\u00ednea de 4 en defensa? \u00abTenemos tres centrales menos por lo menos para el primer partido, Miguel (Araujo) y Carlos (Zambrano) est\u00e1n suspendidos y Alex (Callens) est\u00e1 con un tema de salud. El sistema es irrelevante si se juega con 3 o 4, a Per\u00fa le sienta bien la l\u00ednea de 4 pero eso no quiere decir que no se vuelva a jugar con l\u00ednea de 3. Es momento de asumir riesgos, de tomar la iniciativa, sin desmerecer o cuestionar lo que se hizo antes, simplemente siento que es algo que se acomoda mejor a este tipo de jugadores y seguramente vamos a volver a la l\u00ednea de 4\u00bb, explic\u00f3. Sobre el rendimiento de la selecci\u00f3n en lo que va de las eliminatorias consider\u00f3: \u00abPer\u00fa mereci\u00f3 mejores resultados en algunos partidos, tuvo situaciones que no se concretaron. Ahora la posibilidad de contar con todos va a dar m\u00e1s variantes, necesitamos variantes en todas las l\u00edneas. Jugadores que no ven\u00edan a la selecci\u00f3n, contar con ellos nos va a ayudar a generar otro tipo de situaciones y de juego\u00bb. \u00bfHabr\u00e1 un recambio con jugadores m\u00e1s j\u00f3venes? \u00abEs importante sumar chicos, la idea es que en cada convocatoria est\u00e9n los mejores sin importar la edad y tambi\u00e9n sumar algunos chicos que nosotros vemos con un presente y con una proyecci\u00f3n importante. Los resultados no ayudan pero individualmente hay apariciones importantes\u00bb, destac\u00f3. Agreg\u00f3: \u00abEl recambio depende de los chicos que van apareciendo, hay chicos interesantes y seguro lo van a ver en la pr\u00f3xima convocatoria. No es que nos vamos a llenar de jugadores nuevos pero hay chicos que nosotros creemos que tienen la posibilidad de mantener el nivel de competencia y ser una alternativa importante\u00bb. \u00bfConvers\u00f3 con Ricardo Gareca tras su designaci\u00f3n? \u00abMe llam\u00f3 todo el cuerpo t\u00e9cnico, estaban s\u00faper felices y nos desearon todas las suertes. Aprovecho tambi\u00e9n para agradecer al comando t\u00e9cnico del &#8216;profe&#8217; Markari\u00e1n que tambi\u00e9n me llam\u00f3, el &#8216;Chino&#8217; Rivera, Franco Navarro, &#8216;\u00d1ol&#8217; Solano, una cantidad de gente y entrenadores que se pusieron a disposici\u00f3n para lo que necesitemos, eso me pone muy feliz y me hace reconfirmar que tomamos una buena decisi\u00f3n\u00bb, asegur\u00f3. Finalmente mand\u00f3","og_url":"https:\/\/radiohuancayo.com.pe\/wp54\/ibanez-estamos-confiados-en-que-podemos-clasificar-asi-me-lo-hicieron-notar-los-jugadores\/","og_site_name":"Radio Huancayo","article_published_time":"2025-02-11T22:06:04+00:00","og_image":[{"width":1200,"height":630,"url":"https:\/\/radiohuancayo.com.pe\/wp54\/wp-content\/uploads\/2025\/02\/image-15.png","type":"image\/png"}],"author":"Michel Sanchez","twitter_card":"summary_large_image","twitter_misc":{"Escrito por":"Michel Sanchez","Tiempo de lectura":"6 minutos"},"schema":{"@context":"https:\/\/schema.org","@graph":[{"@type":"Article","@id":"https:\/\/radiohuancayo.com.pe\/wp54\/ibanez-estamos-confiados-en-que-podemos-clasificar-asi-me-lo-hicieron-notar-los-jugadores\/#article","isPartOf":{"@id":"https:\/\/radiohuancayo.com.pe\/wp54\/ibanez-estamos-confiados-en-que-podemos-clasificar-asi-me-lo-hicieron-notar-los-jugadores\/"},"author":{"name":"Michel Sanchez","@id":"https:\/\/radiohuancayo.com.pe\/wp54\/#\/schema\/person\/74fb124dee9900c6f4d0535fa1d2b5ae"},"headline":"Ib\u00e1\u00f1ez: \u00abEstamos confiados en que podemos clasificar, as\u00ed me lo hicieron notar los jugadores\u00bb","datePublished":"2025-02-11T22:06:04+00:00","mainEntityOfPage":{"@id":"https:\/\/radiohuancayo.com.pe\/wp54\/ibanez-estamos-confiados-en-que-podemos-clasificar-asi-me-lo-hicieron-notar-los-jugadores\/"},"wordCount":1172,"commentCount":0,"publisher":{"@id":"https:\/\/radiohuancayo.com.pe\/wp54\/#organization"},"image":{"@id":"https:\/\/radiohuancayo.com.pe\/wp54\/ibanez-estamos-confiados-en-que-podemos-clasificar-asi-me-lo-hicieron-notar-los-jugadores\/#primaryimage"},"thumbnailUrl":"https:\/\/radiohuancayo.com.pe\/wp54\/wp-content\/uploads\/2025\/02\/image-15.png","articleSection":["Deportes"],"inLanguage":"es","potentialAction":[{"@type":"CommentAction","name":"Comment","target":["https:\/\/radiohuancayo.com.pe\/wp54\/ibanez-estamos-confiados-en-que-podemos-clasificar-asi-me-lo-hicieron-notar-los-jugadores\/#respond"]}]},{"@type":"WebPage","@id":"https:\/\/radiohuancayo.com.pe\/wp54\/ibanez-estamos-confiados-en-que-podemos-clasificar-asi-me-lo-hicieron-notar-los-jugadores\/","url":"https:\/\/radiohuancayo.com.pe\/wp54\/ibanez-estamos-confiados-en-que-podemos-clasificar-asi-me-lo-hicieron-notar-los-jugadores\/","name":"Ib\u00e1\u00f1ez: \"Estamos confiados en que podemos clasificar, as\u00ed me lo hicieron notar los jugadores\" - Radio Huancayo","isPartOf":{"@id":"https:\/\/radiohuancayo.com.pe\/wp54\/#website"},"primaryImageOfPage":{"@id":"https:\/\/radiohuancayo.com.pe\/wp54\/ibanez-estamos-confiados-en-que-podemos-clasificar-asi-me-lo-hicieron-notar-los-jugadores\/#primaryimage"},"image":{"@id":"https:\/\/radiohuancayo.com.pe\/wp54\/ibanez-estamos-confiados-en-que-podemos-clasificar-asi-me-lo-hicieron-notar-los-jugadores\/#primaryimage"},"thumbnailUrl":"https:\/\/radiohuancayo.com.pe\/wp54\/wp-content\/uploads\/2025\/02\/image-15.png","datePublished":"2025-02-11T22:06:04+00:00","breadcrumb":{"@id":"https:\/\/radiohuancayo.com.pe\/wp54\/ibanez-estamos-confiados-en-que-podemos-clasificar-asi-me-lo-hicieron-notar-los-jugadores\/#breadcrumb"},"inLanguage":"es","potentialAction":[{"@type":"ReadAction","target":["https:\/\/radiohuancayo.com.pe\/wp54\/ibanez-estamos-confiados-en-que-podemos-clasificar-asi-me-lo-hicieron-notar-los-jugadores\/"]}]},{"@type":"ImageObject","inLanguage":"es","@id":"https:\/\/radiohuancayo.com.pe\/wp54\/ibanez-estamos-confiados-en-que-podemos-clasificar-asi-me-lo-hicieron-notar-los-jugadores\/#primaryimage","url":"https:\/\/radiohuancayo.com.pe\/wp54\/wp-content\/uploads\/2025\/02\/image-15.png","contentUrl":"https:\/\/radiohuancayo.com.pe\/wp54\/wp-content\/uploads\/2025\/02\/image-15.png","width":1200,"height":630},{"@type":"BreadcrumbList","@id":"https:\/\/radiohuancayo.com.pe\/wp54\/ibanez-estamos-confiados-en-que-podemos-clasificar-asi-me-lo-hicieron-notar-los-jugadores\/#breadcrumb","itemListElement":[{"@type":"ListItem","position":1,"name":"Portada","item":"https:\/\/radiohuancayo.com.pe\/wp54\/"},{"@type":"ListItem","position":2,"name":"Ib\u00e1\u00f1ez: &#8220;Estamos confiados en que podemos clasificar, as\u00ed me lo hicieron notar los jugadores&#8221;"}]},{"@type":"WebSite","@id":"https:\/\/radiohuancayo.com.pe\/wp54\/#website","url":"https:\/\/radiohuancayo.com.pe\/wp54\/","name":"Radio Huancayo","description":"me gusta!!!","publisher":{"@id":"https:\/\/radiohuancayo.com.pe\/wp54\/#organization"},"potentialAction":[{"@type":"SearchAction","target":{"@type":"EntryPoint","urlTemplate":"https:\/\/radiohuancayo.com.pe\/wp54\/?s={search_term_string}"},"query-input":{"@type":"PropertyValueSpecification","valueRequired":true,"valueName":"search_term_string"}}],"inLanguage":"es"},{"@type":"Organization","@id":"https:\/\/radiohuancayo.com.pe\/wp54\/#organization","name":"Radio Huancayo","url":"https:\/\/radiohuancayo.com.pe\/wp54\/","logo":{"@type":"ImageObject","inLanguage":"es","@id":"https:\/\/radiohuancayo.com.pe\/wp54\/#\/schema\/logo\/image\/","url":"https:\/\/radiohuancayo.com.pe\/wp54\/wp-content\/uploads\/2022\/04\/CABE01.png","contentUrl":"https:\/\/radiohuancayo.com.pe\/wp54\/wp-content\/uploads\/2022\/04\/CABE01.png","width":1640,"height":300,"caption":"Radio Huancayo"},"image":{"@id":"https:\/\/radiohuancayo.com.pe\/wp54\/#\/schema\/logo\/image\/"}},{"@type":"Person","@id":"https:\/\/radiohuancayo.com.pe\/wp54\/#\/schema\/person\/74fb124dee9900c6f4d0535fa1d2b5ae","name":"Michel Sanchez","image":{"@type":"ImageObject","inLanguage":"es","@id":"https:\/\/secure.gravatar.com\/avatar\/f7f6944c01b3f15a174d0cf055aea75c46697913fc8a9cf5c3cf3e8800c645f6?s=96&d=mm&r=g","url":"https:\/\/secure.gravatar.com\/avatar\/f7f6944c01b3f15a174d0cf055aea75c46697913fc8a9cf5c3cf3e8800c645f6?s=96&d=mm&r=g","contentUrl":"https:\/\/secure.gravatar.com\/avatar\/f7f6944c01b3f15a174d0cf055aea75c46697913fc8a9cf5c3cf3e8800c645f6?s=96&d=mm&r=g","caption":"Michel Sanchez"},"url":"https:\/\/radiohuancayo.com.pe\/wp54\/author\/memoris\/"}]}},"_links":{"self":[{"href":"https:\/\/radiohuancayo.com.pe\/wp54\/wp-json\/wp\/v2\/posts\/29513","targetHints":{"allow":["GET"]}}],"collection":[{"href":"https:\/\/radiohuancayo.com.pe\/wp54\/wp-json\/wp\/v2\/posts"}],"about":[{"href":"https:\/\/radiohuancayo.com.pe\/wp54\/wp-json\/wp\/v2\/types\/post"}],"author":[{"embeddable":true,"href":"https:\/\/radiohuancayo.com.pe\/wp54\/wp-json\/wp\/v2\/users\/2"}],"replies":[{"embeddable":true,"href":"https:\/\/radiohuancayo.com.pe\/wp54\/wp-json\/wp\/v2\/comments?post=29513"}],"version-history":[{"count":1,"href":"https:\/\/radiohuancayo.com.pe\/wp54\/wp-json\/wp\/v2\/posts\/29513\/revisions"}],"predecessor-version":[{"id":29515,"href":"https:\/\/radiohuancayo.com.pe\/wp54\/wp-json\/wp\/v2\/posts\/29513\/revisions\/29515"}],"wp:featuredmedia":[{"embeddable":true,"href":"https:\/\/radiohuancayo.com.pe\/wp54\/wp-json\/wp\/v2\/media\/29514"}],"wp:attachment":[{"href":"https:\/\/radiohuancayo.com.pe\/wp54\/wp-json\/wp\/v2\/media?parent=29513"}],"wp:term":[{"taxonomy":"category","embeddable":true,"href":"https:\/\/radiohuancayo.com.pe\/wp54\/wp-json\/wp\/v2\/categories?post=29513"},{"taxonomy":"post_tag","embeddable":true,"href":"https:\/\/radiohuancayo.com.pe\/wp54\/wp-json\/wp\/v2\/tags?post=29513"}],"curies":[{"name":"wp","href":"https:\/\/api.w.org\/{rel}","templated":true}]}}