{"id":29516,"date":"2025-02-11T17:08:10","date_gmt":"2025-02-11T22:08:10","guid":{"rendered":"https:\/\/radiohuancayo.com.pe\/wp54\/?p=29516"},"modified":"2025-02-11T17:08:10","modified_gmt":"2025-02-11T22:08:10","slug":"con-paolo-guerrero-en-lista-conoce-a-los-convocados-de-alianza-lima-para-su-choque-ante-nacional","status":"publish","type":"post","link":"https:\/\/radiohuancayo.com.pe\/wp54\/con-paolo-guerrero-en-lista-conoce-a-los-convocados-de-alianza-lima-para-su-choque-ante-nacional\/","title":{"rendered":"Con Paolo Guerrero en lista: Conoce a los convocados de Alianza Lima para su choque ante Nacional"},"content":{"rendered":"\n<p>Con la presencia de Jos\u00e9 Paolo Guerrero Gonzales, el t\u00e9cnico de Alianza Lima, N\u00e9stor Gorosito, defini\u00f3 su lista de 23 jugadores convocados para el choque de vuelta que jugar\u00e1 el cuadro \u00edntimo este mi\u00e9rcoles (ma\u00f1ana) ante Nacional de Paraguay, en su recinto de Matute, por la Fase 1 de la Copa Libertadores.<\/p>\n\n\n\n<p>Pr\u00e1cticamente, en tiempo r\u00e9cord, el &#8216;Depredador&#8217; se recuper\u00f3 del esguince de tobillo que sufri\u00f3 en el choque de ida ante los paraguayos, y el &#8216;Pipo&#8217; ya lo consider\u00f3 para que salga en lista este mi\u00e9rcoles ante la escuadra guaran\u00ed.<\/p>\n\n\n\n<p>Por lo dem\u00e1s, no hay ninguna ausencia para este decisivo encuentro que jugar\u00e1n los blanquiazules ante Nacional. Incluso, Renzo Garc\u00e9s se encuentra en perfectas condiciones tras el choque ante Cusco FC, en donde solo fue reemplazado por precauci\u00f3n.<\/p>\n\n\n\n<p>Aunque el once a\u00fan se mantiene bajo siete llaves es muy probable que Alianza Lima inicia las acciones con Viscarra en arco; Enrique, Zambrano, Garc\u00e9s y Trauco (Lagos); Noriega, Lavandeira, Cepellini; Quevedo, Barcos y E. Castillo.<\/p>\n","protected":false},"excerpt":{"rendered":"<p>Con la presencia de Jos\u00e9 Paolo Guerrero Gonzales, el t\u00e9cnico de Alianza Lima, N\u00e9stor Gorosito, defini\u00f3 su lista de 23 jugadores convocados para el choque de vuelta que jugar\u00e1 el cuadro \u00edntimo este mi\u00e9rcoles (ma\u00f1ana) ante Nacional de Paraguay, en su recinto de Matute, por la Fase 1 de la Copa Libertadores. Pr\u00e1cticamente, en tiempo r\u00e9cord, el &#8216;Depredador&#8217; se recuper\u00f3 del esguince de tobillo que sufri\u00f3 en el choque de ida ante los paraguayos, y el &#8216;Pipo&#8217; ya lo consider\u00f3 para que salga en lista este mi\u00e9rcoles ante la escuadra guaran\u00ed. Por lo dem\u00e1s, no hay ninguna ausencia para este decisivo encuentro que jugar\u00e1n los blanquiazules ante Nacional. Incluso, Renzo Garc\u00e9s se encuentra en perfectas condiciones tras el choque ante Cusco FC, en donde solo fue reemplazado por precauci\u00f3n. Aunque el once a\u00fan se mantiene bajo siete llaves es muy probable que Alianza Lima inicia las acciones con Viscarra en arco; Enrique, Zambrano, Garc\u00e9s y Trauco (Lagos); Noriega, Lavandeira, Cepellini; Quevedo, Barcos y E. Castillo.<\/p>\n","protected":false},"author":2,"featured_media":29517,"comment_status":"open","ping_status":"open","sticky":false,"template":"","format":"standard","meta":{"footnotes":""},"categories":[7],"tags":[],"class_list":["post-29516","post","type-post","status-publish","format-standard","has-post-thumbnail","hentry","category-deportes"],"yoast_head":"<!-- This site is optimized with the Yoast SEO plugin v27.5 - https:\/\/yoast.com\/product\/yoast-seo-wordpress\/ -->\n<title>Con Paolo Guerrero en lista: Conoce a los convocados de Alianza Lima para su choque ante Nacional - Radio Huancayo<\/title>\n<meta name=\"robots\" content=\"index, follow, max-snippet:-1, max-image-preview:large, max-video-preview:-1\" \/>\n<link rel=\"canonical\" href=\"https:\/\/radiohuancayo.com.pe\/wp54\/con-paolo-guerrero-en-lista-conoce-a-los-convocados-de-alianza-lima-para-su-choque-ante-nacional\/\" \/>\n<meta property=\"og:locale\" content=\"es_ES\" \/>\n<meta property=\"og:type\" content=\"article\" \/>\n<meta property=\"og:title\" content=\"Con Paolo Guerrero en lista: Conoce a los convocados de Alianza Lima para su choque ante Nacional - Radio Huancayo\" \/>\n<meta property=\"og:description\" content=\"Con la presencia de Jos\u00e9 Paolo Guerrero Gonzales, el t\u00e9cnico de Alianza Lima, N\u00e9stor Gorosito, defini\u00f3 su lista de 23 jugadores convocados para el choque de vuelta que jugar\u00e1 el cuadro \u00edntimo este mi\u00e9rcoles (ma\u00f1ana) ante Nacional de Paraguay, en su recinto de Matute, por la Fase 1 de la Copa Libertadores. Pr\u00e1cticamente, en tiempo r\u00e9cord, el &#8216;Depredador&#8217; se recuper\u00f3 del esguince de tobillo que sufri\u00f3 en el choque de ida ante los paraguayos, y el &#8216;Pipo&#8217; ya lo consider\u00f3 para que salga en lista este mi\u00e9rcoles ante la escuadra guaran\u00ed. Por lo dem\u00e1s, no hay ninguna ausencia para este decisivo encuentro que jugar\u00e1n los blanquiazules ante Nacional. Incluso, Renzo Garc\u00e9s se encuentra en perfectas condiciones tras el choque ante Cusco FC, en donde solo fue reemplazado por precauci\u00f3n. Aunque el once a\u00fan se mantiene bajo siete llaves es muy probable que Alianza Lima inicia las acciones con Viscarra en arco; Enrique, Zambrano, Garc\u00e9s y Trauco (Lagos); Noriega, Lavandeira, Cepellini; Quevedo, Barcos y E. Castillo.\" \/>\n<meta property=\"og:url\" content=\"https:\/\/radiohuancayo.com.pe\/wp54\/con-paolo-guerrero-en-lista-conoce-a-los-convocados-de-alianza-lima-para-su-choque-ante-nacional\/\" \/>\n<meta property=\"og:site_name\" content=\"Radio Huancayo\" \/>\n<meta property=\"article:published_time\" content=\"2025-02-11T22:08:10+00:00\" \/>\n<meta property=\"og:image\" content=\"https:\/\/radiohuancayo.com.pe\/wp54\/wp-content\/uploads\/2025\/02\/image-16.png\" \/>\n\t<meta property=\"og:image:width\" content=\"1200\" \/>\n\t<meta property=\"og:image:height\" content=\"630\" \/>\n\t<meta property=\"og:image:type\" content=\"image\/png\" \/>\n<meta name=\"author\" content=\"Michel Sanchez\" \/>\n<meta name=\"twitter:card\" content=\"summary_large_image\" \/>\n<meta name=\"twitter:label1\" content=\"Escrito por\" \/>\n\t<meta name=\"twitter:data1\" content=\"Michel Sanchez\" \/>\n\t<meta name=\"twitter:label2\" content=\"Tiempo de lectura\" \/>\n\t<meta name=\"twitter:data2\" content=\"1 minuto\" \/>\n<script type=\"application\/ld+json\" class=\"yoast-schema-graph\">{\"@context\":\"https:\\\/\\\/schema.org\",\"@graph\":[{\"@type\":\"Article\",\"@id\":\"https:\\\/\\\/radiohuancayo.com.pe\\\/wp54\\\/con-paolo-guerrero-en-lista-conoce-a-los-convocados-de-alianza-lima-para-su-choque-ante-nacional\\\/#article\",\"isPartOf\":{\"@id\":\"https:\\\/\\\/radiohuancayo.com.pe\\\/wp54\\\/con-paolo-guerrero-en-lista-conoce-a-los-convocados-de-alianza-lima-para-su-choque-ante-nacional\\\/\"},\"author\":{\"name\":\"Michel Sanchez\",\"@id\":\"https:\\\/\\\/radiohuancayo.com.pe\\\/wp54\\\/#\\\/schema\\\/person\\\/74fb124dee9900c6f4d0535fa1d2b5ae\"},\"headline\":\"Con Paolo Guerrero en lista: Conoce a los convocados de Alianza Lima para su choque ante Nacional\",\"datePublished\":\"2025-02-11T22:08:10+00:00\",\"mainEntityOfPage\":{\"@id\":\"https:\\\/\\\/radiohuancayo.com.pe\\\/wp54\\\/con-paolo-guerrero-en-lista-conoce-a-los-convocados-de-alianza-lima-para-su-choque-ante-nacional\\\/\"},\"wordCount\":193,\"commentCount\":0,\"publisher\":{\"@id\":\"https:\\\/\\\/radiohuancayo.com.pe\\\/wp54\\\/#organization\"},\"image\":{\"@id\":\"https:\\\/\\\/radiohuancayo.com.pe\\\/wp54\\\/con-paolo-guerrero-en-lista-conoce-a-los-convocados-de-alianza-lima-para-su-choque-ante-nacional\\\/#primaryimage\"},\"thumbnailUrl\":\"https:\\\/\\\/radiohuancayo.com.pe\\\/wp54\\\/wp-content\\\/uploads\\\/2025\\\/02\\\/image-16.png\",\"articleSection\":[\"Deportes\"],\"inLanguage\":\"es\",\"potentialAction\":[{\"@type\":\"CommentAction\",\"name\":\"Comment\",\"target\":[\"https:\\\/\\\/radiohuancayo.com.pe\\\/wp54\\\/con-paolo-guerrero-en-lista-conoce-a-los-convocados-de-alianza-lima-para-su-choque-ante-nacional\\\/#respond\"]}]},{\"@type\":\"WebPage\",\"@id\":\"https:\\\/\\\/radiohuancayo.com.pe\\\/wp54\\\/con-paolo-guerrero-en-lista-conoce-a-los-convocados-de-alianza-lima-para-su-choque-ante-nacional\\\/\",\"url\":\"https:\\\/\\\/radiohuancayo.com.pe\\\/wp54\\\/con-paolo-guerrero-en-lista-conoce-a-los-convocados-de-alianza-lima-para-su-choque-ante-nacional\\\/\",\"name\":\"Con Paolo Guerrero en lista: Conoce a los convocados de Alianza Lima para su choque ante Nacional - Radio Huancayo\",\"isPartOf\":{\"@id\":\"https:\\\/\\\/radiohuancayo.com.pe\\\/wp54\\\/#website\"},\"primaryImageOfPage\":{\"@id\":\"https:\\\/\\\/radiohuancayo.com.pe\\\/wp54\\\/con-paolo-guerrero-en-lista-conoce-a-los-convocados-de-alianza-lima-para-su-choque-ante-nacional\\\/#primaryimage\"},\"image\":{\"@id\":\"https:\\\/\\\/radiohuancayo.com.pe\\\/wp54\\\/con-paolo-guerrero-en-lista-conoce-a-los-convocados-de-alianza-lima-para-su-choque-ante-nacional\\\/#primaryimage\"},\"thumbnailUrl\":\"https:\\\/\\\/radiohuancayo.com.pe\\\/wp54\\\/wp-content\\\/uploads\\\/2025\\\/02\\\/image-16.png\",\"datePublished\":\"2025-02-11T22:08:10+00:00\",\"breadcrumb\":{\"@id\":\"https:\\\/\\\/radiohuancayo.com.pe\\\/wp54\\\/con-paolo-guerrero-en-lista-conoce-a-los-convocados-de-alianza-lima-para-su-choque-ante-nacional\\\/#breadcrumb\"},\"inLanguage\":\"es\",\"potentialAction\":[{\"@type\":\"ReadAction\",\"target\":[\"https:\\\/\\\/radiohuancayo.com.pe\\\/wp54\\\/con-paolo-guerrero-en-lista-conoce-a-los-convocados-de-alianza-lima-para-su-choque-ante-nacional\\\/\"]}]},{\"@type\":\"ImageObject\",\"inLanguage\":\"es\",\"@id\":\"https:\\\/\\\/radiohuancayo.com.pe\\\/wp54\\\/con-paolo-guerrero-en-lista-conoce-a-los-convocados-de-alianza-lima-para-su-choque-ante-nacional\\\/#primaryimage\",\"url\":\"https:\\\/\\\/radiohuancayo.com.pe\\\/wp54\\\/wp-content\\\/uploads\\\/2025\\\/02\\\/image-16.png\",\"contentUrl\":\"https:\\\/\\\/radiohuancayo.com.pe\\\/wp54\\\/wp-content\\\/uploads\\\/2025\\\/02\\\/image-16.png\",\"width\":1200,\"height\":630},{\"@type\":\"BreadcrumbList\",\"@id\":\"https:\\\/\\\/radiohuancayo.com.pe\\\/wp54\\\/con-paolo-guerrero-en-lista-conoce-a-los-convocados-de-alianza-lima-para-su-choque-ante-nacional\\\/#breadcrumb\",\"itemListElement\":[{\"@type\":\"ListItem\",\"position\":1,\"name\":\"Portada\",\"item\":\"https:\\\/\\\/radiohuancayo.com.pe\\\/wp54\\\/\"},{\"@type\":\"ListItem\",\"position\":2,\"name\":\"Con Paolo Guerrero en lista: Conoce a los convocados de Alianza Lima para su choque ante Nacional\"}]},{\"@type\":\"WebSite\",\"@id\":\"https:\\\/\\\/radiohuancayo.com.pe\\\/wp54\\\/#website\",\"url\":\"https:\\\/\\\/radiohuancayo.com.pe\\\/wp54\\\/\",\"name\":\"Radio Huancayo\",\"description\":\"me gusta!!!\",\"publisher\":{\"@id\":\"https:\\\/\\\/radiohuancayo.com.pe\\\/wp54\\\/#organization\"},\"potentialAction\":[{\"@type\":\"SearchAction\",\"target\":{\"@type\":\"EntryPoint\",\"urlTemplate\":\"https:\\\/\\\/radiohuancayo.com.pe\\\/wp54\\\/?s={search_term_string}\"},\"query-input\":{\"@type\":\"PropertyValueSpecification\",\"valueRequired\":true,\"valueName\":\"search_term_string\"}}],\"inLanguage\":\"es\"},{\"@type\":\"Organization\",\"@id\":\"https:\\\/\\\/radiohuancayo.com.pe\\\/wp54\\\/#organization\",\"name\":\"Radio Huancayo\",\"url\":\"https:\\\/\\\/radiohuancayo.com.pe\\\/wp54\\\/\",\"logo\":{\"@type\":\"ImageObject\",\"inLanguage\":\"es\",\"@id\":\"https:\\\/\\\/radiohuancayo.com.pe\\\/wp54\\\/#\\\/schema\\\/logo\\\/image\\\/\",\"url\":\"https:\\\/\\\/radiohuancayo.com.pe\\\/wp54\\\/wp-content\\\/uploads\\\/2022\\\/04\\\/CABE01.png\",\"contentUrl\":\"https:\\\/\\\/radiohuancayo.com.pe\\\/wp54\\\/wp-content\\\/uploads\\\/2022\\\/04\\\/CABE01.png\",\"width\":1640,\"height\":300,\"caption\":\"Radio Huancayo\"},\"image\":{\"@id\":\"https:\\\/\\\/radiohuancayo.com.pe\\\/wp54\\\/#\\\/schema\\\/logo\\\/image\\\/\"}},{\"@type\":\"Person\",\"@id\":\"https:\\\/\\\/radiohuancayo.com.pe\\\/wp54\\\/#\\\/schema\\\/person\\\/74fb124dee9900c6f4d0535fa1d2b5ae\",\"name\":\"Michel Sanchez\",\"image\":{\"@type\":\"ImageObject\",\"inLanguage\":\"es\",\"@id\":\"https:\\\/\\\/secure.gravatar.com\\\/avatar\\\/f7f6944c01b3f15a174d0cf055aea75c46697913fc8a9cf5c3cf3e8800c645f6?s=96&d=mm&r=g\",\"url\":\"https:\\\/\\\/secure.gravatar.com\\\/avatar\\\/f7f6944c01b3f15a174d0cf055aea75c46697913fc8a9cf5c3cf3e8800c645f6?s=96&d=mm&r=g\",\"contentUrl\":\"https:\\\/\\\/secure.gravatar.com\\\/avatar\\\/f7f6944c01b3f15a174d0cf055aea75c46697913fc8a9cf5c3cf3e8800c645f6?s=96&d=mm&r=g\",\"caption\":\"Michel Sanchez\"},\"url\":\"https:\\\/\\\/radiohuancayo.com.pe\\\/wp54\\\/author\\\/memoris\\\/\"}]}<\/script>\n<!-- \/ Yoast SEO plugin. -->","yoast_head_json":{"title":"Con Paolo Guerrero en lista: Conoce a los convocados de Alianza Lima para su choque ante Nacional - Radio Huancayo","robots":{"index":"index","follow":"follow","max-snippet":"max-snippet:-1","max-image-preview":"max-image-preview:large","max-video-preview":"max-video-preview:-1"},"canonical":"https:\/\/radiohuancayo.com.pe\/wp54\/con-paolo-guerrero-en-lista-conoce-a-los-convocados-de-alianza-lima-para-su-choque-ante-nacional\/","og_locale":"es_ES","og_type":"article","og_title":"Con Paolo Guerrero en lista: Conoce a los convocados de Alianza Lima para su choque ante Nacional - Radio Huancayo","og_description":"Con la presencia de Jos\u00e9 Paolo Guerrero Gonzales, el t\u00e9cnico de Alianza Lima, N\u00e9stor Gorosito, defini\u00f3 su lista de 23 jugadores convocados para el choque de vuelta que jugar\u00e1 el cuadro \u00edntimo este mi\u00e9rcoles (ma\u00f1ana) ante Nacional de Paraguay, en su recinto de Matute, por la Fase 1 de la Copa Libertadores. Pr\u00e1cticamente, en tiempo r\u00e9cord, el &#8216;Depredador&#8217; se recuper\u00f3 del esguince de tobillo que sufri\u00f3 en el choque de ida ante los paraguayos, y el &#8216;Pipo&#8217; ya lo consider\u00f3 para que salga en lista este mi\u00e9rcoles ante la escuadra guaran\u00ed. Por lo dem\u00e1s, no hay ninguna ausencia para este decisivo encuentro que jugar\u00e1n los blanquiazules ante Nacional. Incluso, Renzo Garc\u00e9s se encuentra en perfectas condiciones tras el choque ante Cusco FC, en donde solo fue reemplazado por precauci\u00f3n. Aunque el once a\u00fan se mantiene bajo siete llaves es muy probable que Alianza Lima inicia las acciones con Viscarra en arco; Enrique, Zambrano, Garc\u00e9s y Trauco (Lagos); Noriega, Lavandeira, Cepellini; Quevedo, Barcos y E. Castillo.","og_url":"https:\/\/radiohuancayo.com.pe\/wp54\/con-paolo-guerrero-en-lista-conoce-a-los-convocados-de-alianza-lima-para-su-choque-ante-nacional\/","og_site_name":"Radio Huancayo","article_published_time":"2025-02-11T22:08:10+00:00","og_image":[{"width":1200,"height":630,"url":"https:\/\/radiohuancayo.com.pe\/wp54\/wp-content\/uploads\/2025\/02\/image-16.png","type":"image\/png"}],"author":"Michel Sanchez","twitter_card":"summary_large_image","twitter_misc":{"Escrito por":"Michel Sanchez","Tiempo de lectura":"1 minuto"},"schema":{"@context":"https:\/\/schema.org","@graph":[{"@type":"Article","@id":"https:\/\/radiohuancayo.com.pe\/wp54\/con-paolo-guerrero-en-lista-conoce-a-los-convocados-de-alianza-lima-para-su-choque-ante-nacional\/#article","isPartOf":{"@id":"https:\/\/radiohuancayo.com.pe\/wp54\/con-paolo-guerrero-en-lista-conoce-a-los-convocados-de-alianza-lima-para-su-choque-ante-nacional\/"},"author":{"name":"Michel Sanchez","@id":"https:\/\/radiohuancayo.com.pe\/wp54\/#\/schema\/person\/74fb124dee9900c6f4d0535fa1d2b5ae"},"headline":"Con Paolo Guerrero en lista: Conoce a los convocados de Alianza Lima para su choque ante Nacional","datePublished":"2025-02-11T22:08:10+00:00","mainEntityOfPage":{"@id":"https:\/\/radiohuancayo.com.pe\/wp54\/con-paolo-guerrero-en-lista-conoce-a-los-convocados-de-alianza-lima-para-su-choque-ante-nacional\/"},"wordCount":193,"commentCount":0,"publisher":{"@id":"https:\/\/radiohuancayo.com.pe\/wp54\/#organization"},"image":{"@id":"https:\/\/radiohuancayo.com.pe\/wp54\/con-paolo-guerrero-en-lista-conoce-a-los-convocados-de-alianza-lima-para-su-choque-ante-nacional\/#primaryimage"},"thumbnailUrl":"https:\/\/radiohuancayo.com.pe\/wp54\/wp-content\/uploads\/2025\/02\/image-16.png","articleSection":["Deportes"],"inLanguage":"es","potentialAction":[{"@type":"CommentAction","name":"Comment","target":["https:\/\/radiohuancayo.com.pe\/wp54\/con-paolo-guerrero-en-lista-conoce-a-los-convocados-de-alianza-lima-para-su-choque-ante-nacional\/#respond"]}]},{"@type":"WebPage","@id":"https:\/\/radiohuancayo.com.pe\/wp54\/con-paolo-guerrero-en-lista-conoce-a-los-convocados-de-alianza-lima-para-su-choque-ante-nacional\/","url":"https:\/\/radiohuancayo.com.pe\/wp54\/con-paolo-guerrero-en-lista-conoce-a-los-convocados-de-alianza-lima-para-su-choque-ante-nacional\/","name":"Con Paolo Guerrero en lista: Conoce a los convocados de Alianza Lima para su choque ante Nacional - Radio Huancayo","isPartOf":{"@id":"https:\/\/radiohuancayo.com.pe\/wp54\/#website"},"primaryImageOfPage":{"@id":"https:\/\/radiohuancayo.com.pe\/wp54\/con-paolo-guerrero-en-lista-conoce-a-los-convocados-de-alianza-lima-para-su-choque-ante-nacional\/#primaryimage"},"image":{"@id":"https:\/\/radiohuancayo.com.pe\/wp54\/con-paolo-guerrero-en-lista-conoce-a-los-convocados-de-alianza-lima-para-su-choque-ante-nacional\/#primaryimage"},"thumbnailUrl":"https:\/\/radiohuancayo.com.pe\/wp54\/wp-content\/uploads\/2025\/02\/image-16.png","datePublished":"2025-02-11T22:08:10+00:00","breadcrumb":{"@id":"https:\/\/radiohuancayo.com.pe\/wp54\/con-paolo-guerrero-en-lista-conoce-a-los-convocados-de-alianza-lima-para-su-choque-ante-nacional\/#breadcrumb"},"inLanguage":"es","potentialAction":[{"@type":"ReadAction","target":["https:\/\/radiohuancayo.com.pe\/wp54\/con-paolo-guerrero-en-lista-conoce-a-los-convocados-de-alianza-lima-para-su-choque-ante-nacional\/"]}]},{"@type":"ImageObject","inLanguage":"es","@id":"https:\/\/radiohuancayo.com.pe\/wp54\/con-paolo-guerrero-en-lista-conoce-a-los-convocados-de-alianza-lima-para-su-choque-ante-nacional\/#primaryimage","url":"https:\/\/radiohuancayo.com.pe\/wp54\/wp-content\/uploads\/2025\/02\/image-16.png","contentUrl":"https:\/\/radiohuancayo.com.pe\/wp54\/wp-content\/uploads\/2025\/02\/image-16.png","width":1200,"height":630},{"@type":"BreadcrumbList","@id":"https:\/\/radiohuancayo.com.pe\/wp54\/con-paolo-guerrero-en-lista-conoce-a-los-convocados-de-alianza-lima-para-su-choque-ante-nacional\/#breadcrumb","itemListElement":[{"@type":"ListItem","position":1,"name":"Portada","item":"https:\/\/radiohuancayo.com.pe\/wp54\/"},{"@type":"ListItem","position":2,"name":"Con Paolo Guerrero en lista: Conoce a los convocados de Alianza Lima para su choque ante Nacional"}]},{"@type":"WebSite","@id":"https:\/\/radiohuancayo.com.pe\/wp54\/#website","url":"https:\/\/radiohuancayo.com.pe\/wp54\/","name":"Radio Huancayo","description":"me gusta!!!","publisher":{"@id":"https:\/\/radiohuancayo.com.pe\/wp54\/#organization"},"potentialAction":[{"@type":"SearchAction","target":{"@type":"EntryPoint","urlTemplate":"https:\/\/radiohuancayo.com.pe\/wp54\/?s={search_term_string}"},"query-input":{"@type":"PropertyValueSpecification","valueRequired":true,"valueName":"search_term_string"}}],"inLanguage":"es"},{"@type":"Organization","@id":"https:\/\/radiohuancayo.com.pe\/wp54\/#organization","name":"Radio Huancayo","url":"https:\/\/radiohuancayo.com.pe\/wp54\/","logo":{"@type":"ImageObject","inLanguage":"es","@id":"https:\/\/radiohuancayo.com.pe\/wp54\/#\/schema\/logo\/image\/","url":"https:\/\/radiohuancayo.com.pe\/wp54\/wp-content\/uploads\/2022\/04\/CABE01.png","contentUrl":"https:\/\/radiohuancayo.com.pe\/wp54\/wp-content\/uploads\/2022\/04\/CABE01.png","width":1640,"height":300,"caption":"Radio Huancayo"},"image":{"@id":"https:\/\/radiohuancayo.com.pe\/wp54\/#\/schema\/logo\/image\/"}},{"@type":"Person","@id":"https:\/\/radiohuancayo.com.pe\/wp54\/#\/schema\/person\/74fb124dee9900c6f4d0535fa1d2b5ae","name":"Michel Sanchez","image":{"@type":"ImageObject","inLanguage":"es","@id":"https:\/\/secure.gravatar.com\/avatar\/f7f6944c01b3f15a174d0cf055aea75c46697913fc8a9cf5c3cf3e8800c645f6?s=96&d=mm&r=g","url":"https:\/\/secure.gravatar.com\/avatar\/f7f6944c01b3f15a174d0cf055aea75c46697913fc8a9cf5c3cf3e8800c645f6?s=96&d=mm&r=g","contentUrl":"https:\/\/secure.gravatar.com\/avatar\/f7f6944c01b3f15a174d0cf055aea75c46697913fc8a9cf5c3cf3e8800c645f6?s=96&d=mm&r=g","caption":"Michel Sanchez"},"url":"https:\/\/radiohuancayo.com.pe\/wp54\/author\/memoris\/"}]}},"_links":{"self":[{"href":"https:\/\/radiohuancayo.com.pe\/wp54\/wp-json\/wp\/v2\/posts\/29516","targetHints":{"allow":["GET"]}}],"collection":[{"href":"https:\/\/radiohuancayo.com.pe\/wp54\/wp-json\/wp\/v2\/posts"}],"about":[{"href":"https:\/\/radiohuancayo.com.pe\/wp54\/wp-json\/wp\/v2\/types\/post"}],"author":[{"embeddable":true,"href":"https:\/\/radiohuancayo.com.pe\/wp54\/wp-json\/wp\/v2\/users\/2"}],"replies":[{"embeddable":true,"href":"https:\/\/radiohuancayo.com.pe\/wp54\/wp-json\/wp\/v2\/comments?post=29516"}],"version-history":[{"count":1,"href":"https:\/\/radiohuancayo.com.pe\/wp54\/wp-json\/wp\/v2\/posts\/29516\/revisions"}],"predecessor-version":[{"id":29518,"href":"https:\/\/radiohuancayo.com.pe\/wp54\/wp-json\/wp\/v2\/posts\/29516\/revisions\/29518"}],"wp:featuredmedia":[{"embeddable":true,"href":"https:\/\/radiohuancayo.com.pe\/wp54\/wp-json\/wp\/v2\/media\/29517"}],"wp:attachment":[{"href":"https:\/\/radiohuancayo.com.pe\/wp54\/wp-json\/wp\/v2\/media?parent=29516"}],"wp:term":[{"taxonomy":"category","embeddable":true,"href":"https:\/\/radiohuancayo.com.pe\/wp54\/wp-json\/wp\/v2\/categories?post=29516"},{"taxonomy":"post_tag","embeddable":true,"href":"https:\/\/radiohuancayo.com.pe\/wp54\/wp-json\/wp\/v2\/tags?post=29516"}],"curies":[{"name":"wp","href":"https:\/\/api.w.org\/{rel}","templated":true}]}}