{"id":29522,"date":"2025-02-12T15:39:39","date_gmt":"2025-02-12T20:39:39","guid":{"rendered":"https:\/\/radiohuancayo.com.pe\/wp54\/?p=29522"},"modified":"2025-02-12T15:39:40","modified_gmt":"2025-02-12T20:39:40","slug":"alianza-lima-femenino-definio-lista-de-jugadoras-para-su-viaje-a-ecuador","status":"publish","type":"post","link":"https:\/\/radiohuancayo.com.pe\/wp54\/alianza-lima-femenino-definio-lista-de-jugadoras-para-su-viaje-a-ecuador\/","title":{"rendered":"Alianza Lima femenino defini\u00f3 lista de jugadoras para su viaje a Ecuador"},"content":{"rendered":"\n<figure class=\"wp-block-image size-large\"><img fetchpriority=\"high\" decoding=\"async\" width=\"1024\" height=\"538\" src=\"https:\/\/radiohuancayo.com.pe\/wp54\/wp-content\/uploads\/2025\/02\/image-19-1024x538.png\" alt=\"\" class=\"wp-image-29524\" srcset=\"https:\/\/radiohuancayo.com.pe\/wp54\/wp-content\/uploads\/2025\/02\/image-19-1024x538.png 1024w, https:\/\/radiohuancayo.com.pe\/wp54\/wp-content\/uploads\/2025\/02\/image-19-300x158.png 300w, https:\/\/radiohuancayo.com.pe\/wp54\/wp-content\/uploads\/2025\/02\/image-19-768x403.png 768w, https:\/\/radiohuancayo.com.pe\/wp54\/wp-content\/uploads\/2025\/02\/image-19.png 1200w\" sizes=\"(max-width: 1024px) 100vw, 1024px\" \/><\/figure>\n\n\n\n<p>Con el objetivo de llegar en excelente nivel al inicio de la Liga de f\u00fatbol femenino, el plantel femenino de Alianza Lima viajar\u00e1 hoy a Ecuador para continuar con sus trabajos de pretemporada y afrontar la Copa Chubb 2025.<\/p>\n\n\n\n<p>Bajo la direcci\u00f3n t\u00e9cnica del chileno Jos\u00e9 Letelier, dieciocho futbolistas, incluyendo las tres refuerzos brasile\u00f1as como Rafaella Marques, Annaysa Silva y Silvani Olveira, fueron seleccionadas para proseguir con sus trabajos de pretemporada en tierras ecuatorianas, en donde jugar\u00e1n un mini torneo internacional en la que participar\u00e1n tambi\u00e9n los clubes\u00a0Dragones IDV, Barcelona de Ecuador y Am\u00e9rica de Cali de Colombia.<\/p>\n\n\n\n<p>Las jugadoras que viajar\u00e1n al pa\u00eds norte\u00f1o son: Maryory S\u00e1nchez, Mafer D\u00e1vila, Rosa Castro, Alison Reyes, Neidy Romero, Yomira Tacilla, Elsa Tapullima, Allison Azabache, Silvani Olveira, Emily Flores, Sandy Dorador, Lucerito Huam\u00e1n, Rafaella Marques, Birka Ruiz, Heidy Padilla, Sashenka Porras y Annaysa Silva. Para esta excursi\u00f3n a Ecuador no est\u00e1 siendo considerada Adriana L\u00facar por lesi\u00f3n.<\/p>\n\n\n\n<h3 class=\"wp-block-heading\"><strong>Fecha y hora para la presentaci\u00f3n oficial&nbsp;<\/strong><\/h3>\n\n\n\n<p>Se tiene previsto que la presentaci\u00f3n oficial del plantel de f\u00fatbol femenino de Alianza Lima se realizar\u00e1 el pr\u00f3ximo domingo 2 de marzo, a partir de las 5:00 p.m., en el estadio Alejandro Villanueva.<\/p>\n\n\n\n<p>Para dicha presentaci\u00f3n, el club blanquiazul ya apertur\u00f3 la venta del &#8216;Combo Blanquiazul&#8217; que incluye entradas para el partido que jugar\u00e1 Alianza Lima ante Juan Pablo II, por el torneo Apertura, y para la &#8216;Noche Blanquiazul&#8217; del equipo femenino.<\/p>\n\n\n\n<figure class=\"wp-block-image size-full\"><img decoding=\"async\" width=\"544\" height=\"680\" src=\"https:\/\/radiohuancayo.com.pe\/wp54\/wp-content\/uploads\/2025\/02\/image-18.png\" alt=\"\" class=\"wp-image-29523\" srcset=\"https:\/\/radiohuancayo.com.pe\/wp54\/wp-content\/uploads\/2025\/02\/image-18.png 544w, https:\/\/radiohuancayo.com.pe\/wp54\/wp-content\/uploads\/2025\/02\/image-18-240x300.png 240w\" sizes=\"(max-width: 544px) 100vw, 544px\" \/><\/figure>\n","protected":false},"excerpt":{"rendered":"<p>Con el objetivo de llegar en excelente nivel al inicio de la Liga de f\u00fatbol femenino, el plantel femenino de Alianza Lima viajar\u00e1 hoy a Ecuador para continuar con sus trabajos de pretemporada y afrontar la Copa Chubb 2025. Bajo la direcci\u00f3n t\u00e9cnica del chileno Jos\u00e9 Letelier, dieciocho futbolistas, incluyendo las tres refuerzos brasile\u00f1as como Rafaella Marques, Annaysa Silva y Silvani Olveira, fueron seleccionadas para proseguir con sus trabajos de pretemporada en tierras ecuatorianas, en donde jugar\u00e1n un mini torneo internacional en la que participar\u00e1n tambi\u00e9n los clubes\u00a0Dragones IDV, Barcelona de Ecuador y Am\u00e9rica de Cali de Colombia. Las jugadoras que viajar\u00e1n al pa\u00eds norte\u00f1o son: Maryory S\u00e1nchez, Mafer D\u00e1vila, Rosa Castro, Alison Reyes, Neidy Romero, Yomira Tacilla, Elsa Tapullima, Allison Azabache, Silvani Olveira, Emily Flores, Sandy Dorador, Lucerito Huam\u00e1n, Rafaella Marques, Birka Ruiz, Heidy Padilla, Sashenka Porras y Annaysa Silva. Para esta excursi\u00f3n a Ecuador no est\u00e1 siendo considerada Adriana L\u00facar por lesi\u00f3n. Fecha y hora para la presentaci\u00f3n oficial&nbsp; Se tiene previsto que la presentaci\u00f3n oficial del plantel de f\u00fatbol femenino de Alianza Lima se realizar\u00e1 el pr\u00f3ximo domingo 2 de marzo, a partir de las 5:00 p.m., en el estadio Alejandro Villanueva. Para dicha presentaci\u00f3n, el club blanquiazul ya apertur\u00f3 la venta del &#8216;Combo Blanquiazul&#8217; que incluye entradas para el partido que jugar\u00e1 Alianza Lima ante Juan Pablo II, por el torneo Apertura, y para la &#8216;Noche Blanquiazul&#8217; del equipo femenino.<\/p>\n","protected":false},"author":2,"featured_media":29524,"comment_status":"open","ping_status":"open","sticky":false,"template":"","format":"standard","meta":{"footnotes":""},"categories":[7],"tags":[],"class_list":["post-29522","post","type-post","status-publish","format-standard","has-post-thumbnail","hentry","category-deportes"],"yoast_head":"<!-- This site is optimized with the Yoast SEO plugin v27.5 - https:\/\/yoast.com\/product\/yoast-seo-wordpress\/ -->\n<title>Alianza Lima femenino defini\u00f3 lista de jugadoras para su viaje a Ecuador - Radio Huancayo<\/title>\n<meta name=\"robots\" content=\"index, follow, max-snippet:-1, max-image-preview:large, max-video-preview:-1\" \/>\n<link rel=\"canonical\" href=\"https:\/\/radiohuancayo.com.pe\/wp54\/alianza-lima-femenino-definio-lista-de-jugadoras-para-su-viaje-a-ecuador\/\" \/>\n<meta property=\"og:locale\" content=\"es_ES\" \/>\n<meta property=\"og:type\" content=\"article\" \/>\n<meta property=\"og:title\" content=\"Alianza Lima femenino defini\u00f3 lista de jugadoras para su viaje a Ecuador - Radio Huancayo\" \/>\n<meta property=\"og:description\" content=\"Con el objetivo de llegar en excelente nivel al inicio de la Liga de f\u00fatbol femenino, el plantel femenino de Alianza Lima viajar\u00e1 hoy a Ecuador para continuar con sus trabajos de pretemporada y afrontar la Copa Chubb 2025. Bajo la direcci\u00f3n t\u00e9cnica del chileno Jos\u00e9 Letelier, dieciocho futbolistas, incluyendo las tres refuerzos brasile\u00f1as como Rafaella Marques, Annaysa Silva y Silvani Olveira, fueron seleccionadas para proseguir con sus trabajos de pretemporada en tierras ecuatorianas, en donde jugar\u00e1n un mini torneo internacional en la que participar\u00e1n tambi\u00e9n los clubes\u00a0Dragones IDV, Barcelona de Ecuador y Am\u00e9rica de Cali de Colombia. Las jugadoras que viajar\u00e1n al pa\u00eds norte\u00f1o son: Maryory S\u00e1nchez, Mafer D\u00e1vila, Rosa Castro, Alison Reyes, Neidy Romero, Yomira Tacilla, Elsa Tapullima, Allison Azabache, Silvani Olveira, Emily Flores, Sandy Dorador, Lucerito Huam\u00e1n, Rafaella Marques, Birka Ruiz, Heidy Padilla, Sashenka Porras y Annaysa Silva. Para esta excursi\u00f3n a Ecuador no est\u00e1 siendo considerada Adriana L\u00facar por lesi\u00f3n. Fecha y hora para la presentaci\u00f3n oficial&nbsp; Se tiene previsto que la presentaci\u00f3n oficial del plantel de f\u00fatbol femenino de Alianza Lima se realizar\u00e1 el pr\u00f3ximo domingo 2 de marzo, a partir de las 5:00 p.m., en el estadio Alejandro Villanueva. Para dicha presentaci\u00f3n, el club blanquiazul ya apertur\u00f3 la venta del &#8216;Combo Blanquiazul&#8217; que incluye entradas para el partido que jugar\u00e1 Alianza Lima ante Juan Pablo II, por el torneo Apertura, y para la &#8216;Noche Blanquiazul&#8217; del equipo femenino.\" \/>\n<meta property=\"og:url\" content=\"https:\/\/radiohuancayo.com.pe\/wp54\/alianza-lima-femenino-definio-lista-de-jugadoras-para-su-viaje-a-ecuador\/\" \/>\n<meta property=\"og:site_name\" content=\"Radio Huancayo\" \/>\n<meta property=\"article:published_time\" content=\"2025-02-12T20:39:39+00:00\" \/>\n<meta property=\"article:modified_time\" content=\"2025-02-12T20:39:40+00:00\" \/>\n<meta property=\"og:image\" content=\"https:\/\/radiohuancayo.com.pe\/wp54\/wp-content\/uploads\/2025\/02\/image-19.png\" \/>\n\t<meta property=\"og:image:width\" content=\"1200\" \/>\n\t<meta property=\"og:image:height\" content=\"630\" \/>\n\t<meta property=\"og:image:type\" content=\"image\/png\" \/>\n<meta name=\"author\" content=\"Michel Sanchez\" \/>\n<meta name=\"twitter:card\" content=\"summary_large_image\" \/>\n<meta name=\"twitter:label1\" content=\"Escrito por\" \/>\n\t<meta name=\"twitter:data1\" content=\"Michel Sanchez\" \/>\n\t<meta name=\"twitter:label2\" content=\"Tiempo de lectura\" \/>\n\t<meta name=\"twitter:data2\" content=\"2 minutos\" \/>\n<script type=\"application\/ld+json\" class=\"yoast-schema-graph\">{\"@context\":\"https:\\\/\\\/schema.org\",\"@graph\":[{\"@type\":\"Article\",\"@id\":\"https:\\\/\\\/radiohuancayo.com.pe\\\/wp54\\\/alianza-lima-femenino-definio-lista-de-jugadoras-para-su-viaje-a-ecuador\\\/#article\",\"isPartOf\":{\"@id\":\"https:\\\/\\\/radiohuancayo.com.pe\\\/wp54\\\/alianza-lima-femenino-definio-lista-de-jugadoras-para-su-viaje-a-ecuador\\\/\"},\"author\":{\"name\":\"Michel Sanchez\",\"@id\":\"https:\\\/\\\/radiohuancayo.com.pe\\\/wp54\\\/#\\\/schema\\\/person\\\/74fb124dee9900c6f4d0535fa1d2b5ae\"},\"headline\":\"Alianza Lima femenino defini\u00f3 lista de jugadoras para su viaje a Ecuador\",\"datePublished\":\"2025-02-12T20:39:39+00:00\",\"dateModified\":\"2025-02-12T20:39:40+00:00\",\"mainEntityOfPage\":{\"@id\":\"https:\\\/\\\/radiohuancayo.com.pe\\\/wp54\\\/alianza-lima-femenino-definio-lista-de-jugadoras-para-su-viaje-a-ecuador\\\/\"},\"wordCount\":268,\"commentCount\":0,\"publisher\":{\"@id\":\"https:\\\/\\\/radiohuancayo.com.pe\\\/wp54\\\/#organization\"},\"image\":{\"@id\":\"https:\\\/\\\/radiohuancayo.com.pe\\\/wp54\\\/alianza-lima-femenino-definio-lista-de-jugadoras-para-su-viaje-a-ecuador\\\/#primaryimage\"},\"thumbnailUrl\":\"https:\\\/\\\/radiohuancayo.com.pe\\\/wp54\\\/wp-content\\\/uploads\\\/2025\\\/02\\\/image-19.png\",\"articleSection\":[\"Deportes\"],\"inLanguage\":\"es\",\"potentialAction\":[{\"@type\":\"CommentAction\",\"name\":\"Comment\",\"target\":[\"https:\\\/\\\/radiohuancayo.com.pe\\\/wp54\\\/alianza-lima-femenino-definio-lista-de-jugadoras-para-su-viaje-a-ecuador\\\/#respond\"]}]},{\"@type\":\"WebPage\",\"@id\":\"https:\\\/\\\/radiohuancayo.com.pe\\\/wp54\\\/alianza-lima-femenino-definio-lista-de-jugadoras-para-su-viaje-a-ecuador\\\/\",\"url\":\"https:\\\/\\\/radiohuancayo.com.pe\\\/wp54\\\/alianza-lima-femenino-definio-lista-de-jugadoras-para-su-viaje-a-ecuador\\\/\",\"name\":\"Alianza Lima femenino defini\u00f3 lista de jugadoras para su viaje a Ecuador - Radio Huancayo\",\"isPartOf\":{\"@id\":\"https:\\\/\\\/radiohuancayo.com.pe\\\/wp54\\\/#website\"},\"primaryImageOfPage\":{\"@id\":\"https:\\\/\\\/radiohuancayo.com.pe\\\/wp54\\\/alianza-lima-femenino-definio-lista-de-jugadoras-para-su-viaje-a-ecuador\\\/#primaryimage\"},\"image\":{\"@id\":\"https:\\\/\\\/radiohuancayo.com.pe\\\/wp54\\\/alianza-lima-femenino-definio-lista-de-jugadoras-para-su-viaje-a-ecuador\\\/#primaryimage\"},\"thumbnailUrl\":\"https:\\\/\\\/radiohuancayo.com.pe\\\/wp54\\\/wp-content\\\/uploads\\\/2025\\\/02\\\/image-19.png\",\"datePublished\":\"2025-02-12T20:39:39+00:00\",\"dateModified\":\"2025-02-12T20:39:40+00:00\",\"breadcrumb\":{\"@id\":\"https:\\\/\\\/radiohuancayo.com.pe\\\/wp54\\\/alianza-lima-femenino-definio-lista-de-jugadoras-para-su-viaje-a-ecuador\\\/#breadcrumb\"},\"inLanguage\":\"es\",\"potentialAction\":[{\"@type\":\"ReadAction\",\"target\":[\"https:\\\/\\\/radiohuancayo.com.pe\\\/wp54\\\/alianza-lima-femenino-definio-lista-de-jugadoras-para-su-viaje-a-ecuador\\\/\"]}]},{\"@type\":\"ImageObject\",\"inLanguage\":\"es\",\"@id\":\"https:\\\/\\\/radiohuancayo.com.pe\\\/wp54\\\/alianza-lima-femenino-definio-lista-de-jugadoras-para-su-viaje-a-ecuador\\\/#primaryimage\",\"url\":\"https:\\\/\\\/radiohuancayo.com.pe\\\/wp54\\\/wp-content\\\/uploads\\\/2025\\\/02\\\/image-19.png\",\"contentUrl\":\"https:\\\/\\\/radiohuancayo.com.pe\\\/wp54\\\/wp-content\\\/uploads\\\/2025\\\/02\\\/image-19.png\",\"width\":1200,\"height\":630},{\"@type\":\"BreadcrumbList\",\"@id\":\"https:\\\/\\\/radiohuancayo.com.pe\\\/wp54\\\/alianza-lima-femenino-definio-lista-de-jugadoras-para-su-viaje-a-ecuador\\\/#breadcrumb\",\"itemListElement\":[{\"@type\":\"ListItem\",\"position\":1,\"name\":\"Portada\",\"item\":\"https:\\\/\\\/radiohuancayo.com.pe\\\/wp54\\\/\"},{\"@type\":\"ListItem\",\"position\":2,\"name\":\"Alianza Lima femenino defini\u00f3 lista de jugadoras para su viaje a Ecuador\"}]},{\"@type\":\"WebSite\",\"@id\":\"https:\\\/\\\/radiohuancayo.com.pe\\\/wp54\\\/#website\",\"url\":\"https:\\\/\\\/radiohuancayo.com.pe\\\/wp54\\\/\",\"name\":\"Radio Huancayo\",\"description\":\"me gusta!!!\",\"publisher\":{\"@id\":\"https:\\\/\\\/radiohuancayo.com.pe\\\/wp54\\\/#organization\"},\"potentialAction\":[{\"@type\":\"SearchAction\",\"target\":{\"@type\":\"EntryPoint\",\"urlTemplate\":\"https:\\\/\\\/radiohuancayo.com.pe\\\/wp54\\\/?s={search_term_string}\"},\"query-input\":{\"@type\":\"PropertyValueSpecification\",\"valueRequired\":true,\"valueName\":\"search_term_string\"}}],\"inLanguage\":\"es\"},{\"@type\":\"Organization\",\"@id\":\"https:\\\/\\\/radiohuancayo.com.pe\\\/wp54\\\/#organization\",\"name\":\"Radio Huancayo\",\"url\":\"https:\\\/\\\/radiohuancayo.com.pe\\\/wp54\\\/\",\"logo\":{\"@type\":\"ImageObject\",\"inLanguage\":\"es\",\"@id\":\"https:\\\/\\\/radiohuancayo.com.pe\\\/wp54\\\/#\\\/schema\\\/logo\\\/image\\\/\",\"url\":\"https:\\\/\\\/radiohuancayo.com.pe\\\/wp54\\\/wp-content\\\/uploads\\\/2022\\\/04\\\/CABE01.png\",\"contentUrl\":\"https:\\\/\\\/radiohuancayo.com.pe\\\/wp54\\\/wp-content\\\/uploads\\\/2022\\\/04\\\/CABE01.png\",\"width\":1640,\"height\":300,\"caption\":\"Radio Huancayo\"},\"image\":{\"@id\":\"https:\\\/\\\/radiohuancayo.com.pe\\\/wp54\\\/#\\\/schema\\\/logo\\\/image\\\/\"}},{\"@type\":\"Person\",\"@id\":\"https:\\\/\\\/radiohuancayo.com.pe\\\/wp54\\\/#\\\/schema\\\/person\\\/74fb124dee9900c6f4d0535fa1d2b5ae\",\"name\":\"Michel Sanchez\",\"image\":{\"@type\":\"ImageObject\",\"inLanguage\":\"es\",\"@id\":\"https:\\\/\\\/secure.gravatar.com\\\/avatar\\\/f7f6944c01b3f15a174d0cf055aea75c46697913fc8a9cf5c3cf3e8800c645f6?s=96&d=mm&r=g\",\"url\":\"https:\\\/\\\/secure.gravatar.com\\\/avatar\\\/f7f6944c01b3f15a174d0cf055aea75c46697913fc8a9cf5c3cf3e8800c645f6?s=96&d=mm&r=g\",\"contentUrl\":\"https:\\\/\\\/secure.gravatar.com\\\/avatar\\\/f7f6944c01b3f15a174d0cf055aea75c46697913fc8a9cf5c3cf3e8800c645f6?s=96&d=mm&r=g\",\"caption\":\"Michel Sanchez\"},\"url\":\"https:\\\/\\\/radiohuancayo.com.pe\\\/wp54\\\/author\\\/memoris\\\/\"}]}<\/script>\n<!-- \/ Yoast SEO plugin. -->","yoast_head_json":{"title":"Alianza Lima femenino defini\u00f3 lista de jugadoras para su viaje a Ecuador - Radio Huancayo","robots":{"index":"index","follow":"follow","max-snippet":"max-snippet:-1","max-image-preview":"max-image-preview:large","max-video-preview":"max-video-preview:-1"},"canonical":"https:\/\/radiohuancayo.com.pe\/wp54\/alianza-lima-femenino-definio-lista-de-jugadoras-para-su-viaje-a-ecuador\/","og_locale":"es_ES","og_type":"article","og_title":"Alianza Lima femenino defini\u00f3 lista de jugadoras para su viaje a Ecuador - Radio Huancayo","og_description":"Con el objetivo de llegar en excelente nivel al inicio de la Liga de f\u00fatbol femenino, el plantel femenino de Alianza Lima viajar\u00e1 hoy a Ecuador para continuar con sus trabajos de pretemporada y afrontar la Copa Chubb 2025. Bajo la direcci\u00f3n t\u00e9cnica del chileno Jos\u00e9 Letelier, dieciocho futbolistas, incluyendo las tres refuerzos brasile\u00f1as como Rafaella Marques, Annaysa Silva y Silvani Olveira, fueron seleccionadas para proseguir con sus trabajos de pretemporada en tierras ecuatorianas, en donde jugar\u00e1n un mini torneo internacional en la que participar\u00e1n tambi\u00e9n los clubes\u00a0Dragones IDV, Barcelona de Ecuador y Am\u00e9rica de Cali de Colombia. Las jugadoras que viajar\u00e1n al pa\u00eds norte\u00f1o son: Maryory S\u00e1nchez, Mafer D\u00e1vila, Rosa Castro, Alison Reyes, Neidy Romero, Yomira Tacilla, Elsa Tapullima, Allison Azabache, Silvani Olveira, Emily Flores, Sandy Dorador, Lucerito Huam\u00e1n, Rafaella Marques, Birka Ruiz, Heidy Padilla, Sashenka Porras y Annaysa Silva. Para esta excursi\u00f3n a Ecuador no est\u00e1 siendo considerada Adriana L\u00facar por lesi\u00f3n. Fecha y hora para la presentaci\u00f3n oficial&nbsp; Se tiene previsto que la presentaci\u00f3n oficial del plantel de f\u00fatbol femenino de Alianza Lima se realizar\u00e1 el pr\u00f3ximo domingo 2 de marzo, a partir de las 5:00 p.m., en el estadio Alejandro Villanueva. Para dicha presentaci\u00f3n, el club blanquiazul ya apertur\u00f3 la venta del &#8216;Combo Blanquiazul&#8217; que incluye entradas para el partido que jugar\u00e1 Alianza Lima ante Juan Pablo II, por el torneo Apertura, y para la &#8216;Noche Blanquiazul&#8217; del equipo femenino.","og_url":"https:\/\/radiohuancayo.com.pe\/wp54\/alianza-lima-femenino-definio-lista-de-jugadoras-para-su-viaje-a-ecuador\/","og_site_name":"Radio Huancayo","article_published_time":"2025-02-12T20:39:39+00:00","article_modified_time":"2025-02-12T20:39:40+00:00","og_image":[{"width":1200,"height":630,"url":"https:\/\/radiohuancayo.com.pe\/wp54\/wp-content\/uploads\/2025\/02\/image-19.png","type":"image\/png"}],"author":"Michel Sanchez","twitter_card":"summary_large_image","twitter_misc":{"Escrito por":"Michel Sanchez","Tiempo de lectura":"2 minutos"},"schema":{"@context":"https:\/\/schema.org","@graph":[{"@type":"Article","@id":"https:\/\/radiohuancayo.com.pe\/wp54\/alianza-lima-femenino-definio-lista-de-jugadoras-para-su-viaje-a-ecuador\/#article","isPartOf":{"@id":"https:\/\/radiohuancayo.com.pe\/wp54\/alianza-lima-femenino-definio-lista-de-jugadoras-para-su-viaje-a-ecuador\/"},"author":{"name":"Michel Sanchez","@id":"https:\/\/radiohuancayo.com.pe\/wp54\/#\/schema\/person\/74fb124dee9900c6f4d0535fa1d2b5ae"},"headline":"Alianza Lima femenino defini\u00f3 lista de jugadoras para su viaje a Ecuador","datePublished":"2025-02-12T20:39:39+00:00","dateModified":"2025-02-12T20:39:40+00:00","mainEntityOfPage":{"@id":"https:\/\/radiohuancayo.com.pe\/wp54\/alianza-lima-femenino-definio-lista-de-jugadoras-para-su-viaje-a-ecuador\/"},"wordCount":268,"commentCount":0,"publisher":{"@id":"https:\/\/radiohuancayo.com.pe\/wp54\/#organization"},"image":{"@id":"https:\/\/radiohuancayo.com.pe\/wp54\/alianza-lima-femenino-definio-lista-de-jugadoras-para-su-viaje-a-ecuador\/#primaryimage"},"thumbnailUrl":"https:\/\/radiohuancayo.com.pe\/wp54\/wp-content\/uploads\/2025\/02\/image-19.png","articleSection":["Deportes"],"inLanguage":"es","potentialAction":[{"@type":"CommentAction","name":"Comment","target":["https:\/\/radiohuancayo.com.pe\/wp54\/alianza-lima-femenino-definio-lista-de-jugadoras-para-su-viaje-a-ecuador\/#respond"]}]},{"@type":"WebPage","@id":"https:\/\/radiohuancayo.com.pe\/wp54\/alianza-lima-femenino-definio-lista-de-jugadoras-para-su-viaje-a-ecuador\/","url":"https:\/\/radiohuancayo.com.pe\/wp54\/alianza-lima-femenino-definio-lista-de-jugadoras-para-su-viaje-a-ecuador\/","name":"Alianza Lima femenino defini\u00f3 lista de jugadoras para su viaje a Ecuador - Radio Huancayo","isPartOf":{"@id":"https:\/\/radiohuancayo.com.pe\/wp54\/#website"},"primaryImageOfPage":{"@id":"https:\/\/radiohuancayo.com.pe\/wp54\/alianza-lima-femenino-definio-lista-de-jugadoras-para-su-viaje-a-ecuador\/#primaryimage"},"image":{"@id":"https:\/\/radiohuancayo.com.pe\/wp54\/alianza-lima-femenino-definio-lista-de-jugadoras-para-su-viaje-a-ecuador\/#primaryimage"},"thumbnailUrl":"https:\/\/radiohuancayo.com.pe\/wp54\/wp-content\/uploads\/2025\/02\/image-19.png","datePublished":"2025-02-12T20:39:39+00:00","dateModified":"2025-02-12T20:39:40+00:00","breadcrumb":{"@id":"https:\/\/radiohuancayo.com.pe\/wp54\/alianza-lima-femenino-definio-lista-de-jugadoras-para-su-viaje-a-ecuador\/#breadcrumb"},"inLanguage":"es","potentialAction":[{"@type":"ReadAction","target":["https:\/\/radiohuancayo.com.pe\/wp54\/alianza-lima-femenino-definio-lista-de-jugadoras-para-su-viaje-a-ecuador\/"]}]},{"@type":"ImageObject","inLanguage":"es","@id":"https:\/\/radiohuancayo.com.pe\/wp54\/alianza-lima-femenino-definio-lista-de-jugadoras-para-su-viaje-a-ecuador\/#primaryimage","url":"https:\/\/radiohuancayo.com.pe\/wp54\/wp-content\/uploads\/2025\/02\/image-19.png","contentUrl":"https:\/\/radiohuancayo.com.pe\/wp54\/wp-content\/uploads\/2025\/02\/image-19.png","width":1200,"height":630},{"@type":"BreadcrumbList","@id":"https:\/\/radiohuancayo.com.pe\/wp54\/alianza-lima-femenino-definio-lista-de-jugadoras-para-su-viaje-a-ecuador\/#breadcrumb","itemListElement":[{"@type":"ListItem","position":1,"name":"Portada","item":"https:\/\/radiohuancayo.com.pe\/wp54\/"},{"@type":"ListItem","position":2,"name":"Alianza Lima femenino defini\u00f3 lista de jugadoras para su viaje a Ecuador"}]},{"@type":"WebSite","@id":"https:\/\/radiohuancayo.com.pe\/wp54\/#website","url":"https:\/\/radiohuancayo.com.pe\/wp54\/","name":"Radio Huancayo","description":"me gusta!!!","publisher":{"@id":"https:\/\/radiohuancayo.com.pe\/wp54\/#organization"},"potentialAction":[{"@type":"SearchAction","target":{"@type":"EntryPoint","urlTemplate":"https:\/\/radiohuancayo.com.pe\/wp54\/?s={search_term_string}"},"query-input":{"@type":"PropertyValueSpecification","valueRequired":true,"valueName":"search_term_string"}}],"inLanguage":"es"},{"@type":"Organization","@id":"https:\/\/radiohuancayo.com.pe\/wp54\/#organization","name":"Radio Huancayo","url":"https:\/\/radiohuancayo.com.pe\/wp54\/","logo":{"@type":"ImageObject","inLanguage":"es","@id":"https:\/\/radiohuancayo.com.pe\/wp54\/#\/schema\/logo\/image\/","url":"https:\/\/radiohuancayo.com.pe\/wp54\/wp-content\/uploads\/2022\/04\/CABE01.png","contentUrl":"https:\/\/radiohuancayo.com.pe\/wp54\/wp-content\/uploads\/2022\/04\/CABE01.png","width":1640,"height":300,"caption":"Radio Huancayo"},"image":{"@id":"https:\/\/radiohuancayo.com.pe\/wp54\/#\/schema\/logo\/image\/"}},{"@type":"Person","@id":"https:\/\/radiohuancayo.com.pe\/wp54\/#\/schema\/person\/74fb124dee9900c6f4d0535fa1d2b5ae","name":"Michel Sanchez","image":{"@type":"ImageObject","inLanguage":"es","@id":"https:\/\/secure.gravatar.com\/avatar\/f7f6944c01b3f15a174d0cf055aea75c46697913fc8a9cf5c3cf3e8800c645f6?s=96&d=mm&r=g","url":"https:\/\/secure.gravatar.com\/avatar\/f7f6944c01b3f15a174d0cf055aea75c46697913fc8a9cf5c3cf3e8800c645f6?s=96&d=mm&r=g","contentUrl":"https:\/\/secure.gravatar.com\/avatar\/f7f6944c01b3f15a174d0cf055aea75c46697913fc8a9cf5c3cf3e8800c645f6?s=96&d=mm&r=g","caption":"Michel Sanchez"},"url":"https:\/\/radiohuancayo.com.pe\/wp54\/author\/memoris\/"}]}},"_links":{"self":[{"href":"https:\/\/radiohuancayo.com.pe\/wp54\/wp-json\/wp\/v2\/posts\/29522","targetHints":{"allow":["GET"]}}],"collection":[{"href":"https:\/\/radiohuancayo.com.pe\/wp54\/wp-json\/wp\/v2\/posts"}],"about":[{"href":"https:\/\/radiohuancayo.com.pe\/wp54\/wp-json\/wp\/v2\/types\/post"}],"author":[{"embeddable":true,"href":"https:\/\/radiohuancayo.com.pe\/wp54\/wp-json\/wp\/v2\/users\/2"}],"replies":[{"embeddable":true,"href":"https:\/\/radiohuancayo.com.pe\/wp54\/wp-json\/wp\/v2\/comments?post=29522"}],"version-history":[{"count":1,"href":"https:\/\/radiohuancayo.com.pe\/wp54\/wp-json\/wp\/v2\/posts\/29522\/revisions"}],"predecessor-version":[{"id":29525,"href":"https:\/\/radiohuancayo.com.pe\/wp54\/wp-json\/wp\/v2\/posts\/29522\/revisions\/29525"}],"wp:featuredmedia":[{"embeddable":true,"href":"https:\/\/radiohuancayo.com.pe\/wp54\/wp-json\/wp\/v2\/media\/29524"}],"wp:attachment":[{"href":"https:\/\/radiohuancayo.com.pe\/wp54\/wp-json\/wp\/v2\/media?parent=29522"}],"wp:term":[{"taxonomy":"category","embeddable":true,"href":"https:\/\/radiohuancayo.com.pe\/wp54\/wp-json\/wp\/v2\/categories?post=29522"},{"taxonomy":"post_tag","embeddable":true,"href":"https:\/\/radiohuancayo.com.pe\/wp54\/wp-json\/wp\/v2\/tags?post=29522"}],"curies":[{"name":"wp","href":"https:\/\/api.w.org\/{rel}","templated":true}]}}