{"id":29526,"date":"2025-02-12T15:42:46","date_gmt":"2025-02-12T20:42:46","guid":{"rendered":"https:\/\/radiohuancayo.com.pe\/wp54\/?p=29526"},"modified":"2025-02-12T15:42:47","modified_gmt":"2025-02-12T20:42:47","slug":"cambio-de-planes-copa-de-la-liga-peruana-recien-podria-jugarse-en-el-2026","status":"publish","type":"post","link":"https:\/\/radiohuancayo.com.pe\/wp54\/cambio-de-planes-copa-de-la-liga-peruana-recien-podria-jugarse-en-el-2026\/","title":{"rendered":"Cambio de planes: Copa de la Liga Peruana reci\u00e9n podr\u00eda jugarse en el 2026"},"content":{"rendered":"\n<p>Si bien nunca fue reglamentada, anunciada y mucho menos oficializada, se conoci\u00f3 que la Copa de la Liga Peruana, competencia en la que se enfrentar\u00e1n clubes de Liga 1 y Liga 2, reci\u00e9n se jugar\u00eda en el a\u00f1o 2026.<\/p>\n\n\n\n<p>Pero, cu\u00e1les fueron las razones que argument\u00f3 la empresa que tiene los derechos de transmisi\u00f3n de los partidos del f\u00fatbol peruano para evaluar la posibilidad que esta Copa de la Liga Peruana se pueda desarrollar reci\u00e9n en el a\u00f1o 2026.<\/p>\n\n\n\n<p>Por lo pronto, a trav\u00e9s de un documento oficial, se\u00f1al\u00f3 que \u00abes clave para la comercializaci\u00f3n del proyecto conocer el formato del campeonato con al menos 6 meses de anticipaci\u00f3n al inicio de cada temporada, y definir la programaci\u00f3n al menos un mes antes del inicio del torneo\u00bb.<\/p>\n\n\n\n<p>Luego, hace hincapi\u00e9 en precisar que \u00abrequerimos la postergaci\u00f3n hasta el a\u00f1o 2026 de la puesta en marcha de la Copa de la Liga, con el objetivo de poner foco en alcanzar la madurez econ\u00f3mica del proyecto Liga 1 en el 2025. Del mismo modo proponemos que esta nueva competencia pase a ser parte del proyecto Liga1 a partir del 2026\u00bb.<\/p>\n\n\n\n<h3 class=\"wp-block-heading\"><strong>\u00bfQu\u00e9 se llevar\u00eda el campe\u00f3n de la Copa de la Liga Peruana?<\/strong><\/h3>\n\n\n\n<p>Recordemos que la idea de la Copa de Liga Peruana es que se enfrenten clubes de Liga1 y Liga 2 y el campe\u00f3n, en caso sea de Primera, consiga un cupo a la pr\u00f3xima edici\u00f3n de la Copa Sudamericana.<\/p>\n","protected":false},"excerpt":{"rendered":"<p>Si bien nunca fue reglamentada, anunciada y mucho menos oficializada, se conoci\u00f3 que la Copa de la Liga Peruana, competencia en la que se enfrentar\u00e1n clubes de Liga 1 y Liga 2, reci\u00e9n se jugar\u00eda en el a\u00f1o 2026. Pero, cu\u00e1les fueron las razones que argument\u00f3 la empresa que tiene los derechos de transmisi\u00f3n de los partidos del f\u00fatbol peruano para evaluar la posibilidad que esta Copa de la Liga Peruana se pueda desarrollar reci\u00e9n en el a\u00f1o 2026. Por lo pronto, a trav\u00e9s de un documento oficial, se\u00f1al\u00f3 que \u00abes clave para la comercializaci\u00f3n del proyecto conocer el formato del campeonato con al menos 6 meses de anticipaci\u00f3n al inicio de cada temporada, y definir la programaci\u00f3n al menos un mes antes del inicio del torneo\u00bb. Luego, hace hincapi\u00e9 en precisar que \u00abrequerimos la postergaci\u00f3n hasta el a\u00f1o 2026 de la puesta en marcha de la Copa de la Liga, con el objetivo de poner foco en alcanzar la madurez econ\u00f3mica del proyecto Liga 1 en el 2025. Del mismo modo proponemos que esta nueva competencia pase a ser parte del proyecto Liga1 a partir del 2026\u00bb. \u00bfQu\u00e9 se llevar\u00eda el campe\u00f3n de la Copa de la Liga Peruana? Recordemos que la idea de la Copa de Liga Peruana es que se enfrenten clubes de Liga1 y Liga 2 y el campe\u00f3n, en caso sea de Primera, consiga un cupo a la pr\u00f3xima edici\u00f3n de la Copa Sudamericana.<\/p>\n","protected":false},"author":2,"featured_media":29527,"comment_status":"open","ping_status":"open","sticky":false,"template":"","format":"standard","meta":{"footnotes":""},"categories":[7],"tags":[],"class_list":["post-29526","post","type-post","status-publish","format-standard","has-post-thumbnail","hentry","category-deportes"],"yoast_head":"<!-- This site is optimized with the Yoast SEO plugin v27.5 - https:\/\/yoast.com\/product\/yoast-seo-wordpress\/ -->\n<title>Cambio de planes: Copa de la Liga Peruana reci\u00e9n podr\u00eda jugarse en el 2026 - Radio Huancayo<\/title>\n<meta name=\"robots\" content=\"index, follow, max-snippet:-1, max-image-preview:large, max-video-preview:-1\" \/>\n<link rel=\"canonical\" href=\"https:\/\/radiohuancayo.com.pe\/wp54\/cambio-de-planes-copa-de-la-liga-peruana-recien-podria-jugarse-en-el-2026\/\" \/>\n<meta property=\"og:locale\" content=\"es_ES\" \/>\n<meta property=\"og:type\" content=\"article\" \/>\n<meta property=\"og:title\" content=\"Cambio de planes: Copa de la Liga Peruana reci\u00e9n podr\u00eda jugarse en el 2026 - Radio Huancayo\" \/>\n<meta property=\"og:description\" content=\"Si bien nunca fue reglamentada, anunciada y mucho menos oficializada, se conoci\u00f3 que la Copa de la Liga Peruana, competencia en la que se enfrentar\u00e1n clubes de Liga 1 y Liga 2, reci\u00e9n se jugar\u00eda en el a\u00f1o 2026. Pero, cu\u00e1les fueron las razones que argument\u00f3 la empresa que tiene los derechos de transmisi\u00f3n de los partidos del f\u00fatbol peruano para evaluar la posibilidad que esta Copa de la Liga Peruana se pueda desarrollar reci\u00e9n en el a\u00f1o 2026. Por lo pronto, a trav\u00e9s de un documento oficial, se\u00f1al\u00f3 que \u00abes clave para la comercializaci\u00f3n del proyecto conocer el formato del campeonato con al menos 6 meses de anticipaci\u00f3n al inicio de cada temporada, y definir la programaci\u00f3n al menos un mes antes del inicio del torneo\u00bb. Luego, hace hincapi\u00e9 en precisar que \u00abrequerimos la postergaci\u00f3n hasta el a\u00f1o 2026 de la puesta en marcha de la Copa de la Liga, con el objetivo de poner foco en alcanzar la madurez econ\u00f3mica del proyecto Liga 1 en el 2025. Del mismo modo proponemos que esta nueva competencia pase a ser parte del proyecto Liga1 a partir del 2026\u00bb. \u00bfQu\u00e9 se llevar\u00eda el campe\u00f3n de la Copa de la Liga Peruana? Recordemos que la idea de la Copa de Liga Peruana es que se enfrenten clubes de Liga1 y Liga 2 y el campe\u00f3n, en caso sea de Primera, consiga un cupo a la pr\u00f3xima edici\u00f3n de la Copa Sudamericana.\" \/>\n<meta property=\"og:url\" content=\"https:\/\/radiohuancayo.com.pe\/wp54\/cambio-de-planes-copa-de-la-liga-peruana-recien-podria-jugarse-en-el-2026\/\" \/>\n<meta property=\"og:site_name\" content=\"Radio Huancayo\" \/>\n<meta property=\"article:published_time\" content=\"2025-02-12T20:42:46+00:00\" \/>\n<meta property=\"article:modified_time\" content=\"2025-02-12T20:42:47+00:00\" \/>\n<meta property=\"og:image\" content=\"https:\/\/radiohuancayo.com.pe\/wp54\/wp-content\/uploads\/2025\/02\/image-20.png\" \/>\n\t<meta property=\"og:image:width\" content=\"1200\" \/>\n\t<meta property=\"og:image:height\" content=\"630\" \/>\n\t<meta property=\"og:image:type\" content=\"image\/png\" \/>\n<meta name=\"author\" content=\"Michel Sanchez\" \/>\n<meta name=\"twitter:card\" content=\"summary_large_image\" \/>\n<meta name=\"twitter:label1\" content=\"Escrito por\" \/>\n\t<meta name=\"twitter:data1\" content=\"Michel Sanchez\" \/>\n\t<meta name=\"twitter:label2\" content=\"Tiempo de lectura\" \/>\n\t<meta name=\"twitter:data2\" content=\"2 minutos\" \/>\n<script type=\"application\/ld+json\" class=\"yoast-schema-graph\">{\"@context\":\"https:\\\/\\\/schema.org\",\"@graph\":[{\"@type\":\"Article\",\"@id\":\"https:\\\/\\\/radiohuancayo.com.pe\\\/wp54\\\/cambio-de-planes-copa-de-la-liga-peruana-recien-podria-jugarse-en-el-2026\\\/#article\",\"isPartOf\":{\"@id\":\"https:\\\/\\\/radiohuancayo.com.pe\\\/wp54\\\/cambio-de-planes-copa-de-la-liga-peruana-recien-podria-jugarse-en-el-2026\\\/\"},\"author\":{\"name\":\"Michel Sanchez\",\"@id\":\"https:\\\/\\\/radiohuancayo.com.pe\\\/wp54\\\/#\\\/schema\\\/person\\\/74fb124dee9900c6f4d0535fa1d2b5ae\"},\"headline\":\"Cambio de planes: Copa de la Liga Peruana reci\u00e9n podr\u00eda jugarse en el 2026\",\"datePublished\":\"2025-02-12T20:42:46+00:00\",\"dateModified\":\"2025-02-12T20:42:47+00:00\",\"mainEntityOfPage\":{\"@id\":\"https:\\\/\\\/radiohuancayo.com.pe\\\/wp54\\\/cambio-de-planes-copa-de-la-liga-peruana-recien-podria-jugarse-en-el-2026\\\/\"},\"wordCount\":266,\"commentCount\":0,\"publisher\":{\"@id\":\"https:\\\/\\\/radiohuancayo.com.pe\\\/wp54\\\/#organization\"},\"image\":{\"@id\":\"https:\\\/\\\/radiohuancayo.com.pe\\\/wp54\\\/cambio-de-planes-copa-de-la-liga-peruana-recien-podria-jugarse-en-el-2026\\\/#primaryimage\"},\"thumbnailUrl\":\"https:\\\/\\\/radiohuancayo.com.pe\\\/wp54\\\/wp-content\\\/uploads\\\/2025\\\/02\\\/image-20.png\",\"articleSection\":[\"Deportes\"],\"inLanguage\":\"es\",\"potentialAction\":[{\"@type\":\"CommentAction\",\"name\":\"Comment\",\"target\":[\"https:\\\/\\\/radiohuancayo.com.pe\\\/wp54\\\/cambio-de-planes-copa-de-la-liga-peruana-recien-podria-jugarse-en-el-2026\\\/#respond\"]}]},{\"@type\":\"WebPage\",\"@id\":\"https:\\\/\\\/radiohuancayo.com.pe\\\/wp54\\\/cambio-de-planes-copa-de-la-liga-peruana-recien-podria-jugarse-en-el-2026\\\/\",\"url\":\"https:\\\/\\\/radiohuancayo.com.pe\\\/wp54\\\/cambio-de-planes-copa-de-la-liga-peruana-recien-podria-jugarse-en-el-2026\\\/\",\"name\":\"Cambio de planes: Copa de la Liga Peruana reci\u00e9n podr\u00eda jugarse en el 2026 - Radio Huancayo\",\"isPartOf\":{\"@id\":\"https:\\\/\\\/radiohuancayo.com.pe\\\/wp54\\\/#website\"},\"primaryImageOfPage\":{\"@id\":\"https:\\\/\\\/radiohuancayo.com.pe\\\/wp54\\\/cambio-de-planes-copa-de-la-liga-peruana-recien-podria-jugarse-en-el-2026\\\/#primaryimage\"},\"image\":{\"@id\":\"https:\\\/\\\/radiohuancayo.com.pe\\\/wp54\\\/cambio-de-planes-copa-de-la-liga-peruana-recien-podria-jugarse-en-el-2026\\\/#primaryimage\"},\"thumbnailUrl\":\"https:\\\/\\\/radiohuancayo.com.pe\\\/wp54\\\/wp-content\\\/uploads\\\/2025\\\/02\\\/image-20.png\",\"datePublished\":\"2025-02-12T20:42:46+00:00\",\"dateModified\":\"2025-02-12T20:42:47+00:00\",\"breadcrumb\":{\"@id\":\"https:\\\/\\\/radiohuancayo.com.pe\\\/wp54\\\/cambio-de-planes-copa-de-la-liga-peruana-recien-podria-jugarse-en-el-2026\\\/#breadcrumb\"},\"inLanguage\":\"es\",\"potentialAction\":[{\"@type\":\"ReadAction\",\"target\":[\"https:\\\/\\\/radiohuancayo.com.pe\\\/wp54\\\/cambio-de-planes-copa-de-la-liga-peruana-recien-podria-jugarse-en-el-2026\\\/\"]}]},{\"@type\":\"ImageObject\",\"inLanguage\":\"es\",\"@id\":\"https:\\\/\\\/radiohuancayo.com.pe\\\/wp54\\\/cambio-de-planes-copa-de-la-liga-peruana-recien-podria-jugarse-en-el-2026\\\/#primaryimage\",\"url\":\"https:\\\/\\\/radiohuancayo.com.pe\\\/wp54\\\/wp-content\\\/uploads\\\/2025\\\/02\\\/image-20.png\",\"contentUrl\":\"https:\\\/\\\/radiohuancayo.com.pe\\\/wp54\\\/wp-content\\\/uploads\\\/2025\\\/02\\\/image-20.png\",\"width\":1200,\"height\":630},{\"@type\":\"BreadcrumbList\",\"@id\":\"https:\\\/\\\/radiohuancayo.com.pe\\\/wp54\\\/cambio-de-planes-copa-de-la-liga-peruana-recien-podria-jugarse-en-el-2026\\\/#breadcrumb\",\"itemListElement\":[{\"@type\":\"ListItem\",\"position\":1,\"name\":\"Portada\",\"item\":\"https:\\\/\\\/radiohuancayo.com.pe\\\/wp54\\\/\"},{\"@type\":\"ListItem\",\"position\":2,\"name\":\"Cambio de planes: Copa de la Liga Peruana reci\u00e9n podr\u00eda jugarse en el 2026\"}]},{\"@type\":\"WebSite\",\"@id\":\"https:\\\/\\\/radiohuancayo.com.pe\\\/wp54\\\/#website\",\"url\":\"https:\\\/\\\/radiohuancayo.com.pe\\\/wp54\\\/\",\"name\":\"Radio Huancayo\",\"description\":\"me gusta!!!\",\"publisher\":{\"@id\":\"https:\\\/\\\/radiohuancayo.com.pe\\\/wp54\\\/#organization\"},\"potentialAction\":[{\"@type\":\"SearchAction\",\"target\":{\"@type\":\"EntryPoint\",\"urlTemplate\":\"https:\\\/\\\/radiohuancayo.com.pe\\\/wp54\\\/?s={search_term_string}\"},\"query-input\":{\"@type\":\"PropertyValueSpecification\",\"valueRequired\":true,\"valueName\":\"search_term_string\"}}],\"inLanguage\":\"es\"},{\"@type\":\"Organization\",\"@id\":\"https:\\\/\\\/radiohuancayo.com.pe\\\/wp54\\\/#organization\",\"name\":\"Radio Huancayo\",\"url\":\"https:\\\/\\\/radiohuancayo.com.pe\\\/wp54\\\/\",\"logo\":{\"@type\":\"ImageObject\",\"inLanguage\":\"es\",\"@id\":\"https:\\\/\\\/radiohuancayo.com.pe\\\/wp54\\\/#\\\/schema\\\/logo\\\/image\\\/\",\"url\":\"https:\\\/\\\/radiohuancayo.com.pe\\\/wp54\\\/wp-content\\\/uploads\\\/2022\\\/04\\\/CABE01.png\",\"contentUrl\":\"https:\\\/\\\/radiohuancayo.com.pe\\\/wp54\\\/wp-content\\\/uploads\\\/2022\\\/04\\\/CABE01.png\",\"width\":1640,\"height\":300,\"caption\":\"Radio Huancayo\"},\"image\":{\"@id\":\"https:\\\/\\\/radiohuancayo.com.pe\\\/wp54\\\/#\\\/schema\\\/logo\\\/image\\\/\"}},{\"@type\":\"Person\",\"@id\":\"https:\\\/\\\/radiohuancayo.com.pe\\\/wp54\\\/#\\\/schema\\\/person\\\/74fb124dee9900c6f4d0535fa1d2b5ae\",\"name\":\"Michel Sanchez\",\"image\":{\"@type\":\"ImageObject\",\"inLanguage\":\"es\",\"@id\":\"https:\\\/\\\/secure.gravatar.com\\\/avatar\\\/f7f6944c01b3f15a174d0cf055aea75c46697913fc8a9cf5c3cf3e8800c645f6?s=96&d=mm&r=g\",\"url\":\"https:\\\/\\\/secure.gravatar.com\\\/avatar\\\/f7f6944c01b3f15a174d0cf055aea75c46697913fc8a9cf5c3cf3e8800c645f6?s=96&d=mm&r=g\",\"contentUrl\":\"https:\\\/\\\/secure.gravatar.com\\\/avatar\\\/f7f6944c01b3f15a174d0cf055aea75c46697913fc8a9cf5c3cf3e8800c645f6?s=96&d=mm&r=g\",\"caption\":\"Michel Sanchez\"},\"url\":\"https:\\\/\\\/radiohuancayo.com.pe\\\/wp54\\\/author\\\/memoris\\\/\"}]}<\/script>\n<!-- \/ Yoast SEO plugin. -->","yoast_head_json":{"title":"Cambio de planes: Copa de la Liga Peruana reci\u00e9n podr\u00eda jugarse en el 2026 - Radio Huancayo","robots":{"index":"index","follow":"follow","max-snippet":"max-snippet:-1","max-image-preview":"max-image-preview:large","max-video-preview":"max-video-preview:-1"},"canonical":"https:\/\/radiohuancayo.com.pe\/wp54\/cambio-de-planes-copa-de-la-liga-peruana-recien-podria-jugarse-en-el-2026\/","og_locale":"es_ES","og_type":"article","og_title":"Cambio de planes: Copa de la Liga Peruana reci\u00e9n podr\u00eda jugarse en el 2026 - Radio Huancayo","og_description":"Si bien nunca fue reglamentada, anunciada y mucho menos oficializada, se conoci\u00f3 que la Copa de la Liga Peruana, competencia en la que se enfrentar\u00e1n clubes de Liga 1 y Liga 2, reci\u00e9n se jugar\u00eda en el a\u00f1o 2026. Pero, cu\u00e1les fueron las razones que argument\u00f3 la empresa que tiene los derechos de transmisi\u00f3n de los partidos del f\u00fatbol peruano para evaluar la posibilidad que esta Copa de la Liga Peruana se pueda desarrollar reci\u00e9n en el a\u00f1o 2026. Por lo pronto, a trav\u00e9s de un documento oficial, se\u00f1al\u00f3 que \u00abes clave para la comercializaci\u00f3n del proyecto conocer el formato del campeonato con al menos 6 meses de anticipaci\u00f3n al inicio de cada temporada, y definir la programaci\u00f3n al menos un mes antes del inicio del torneo\u00bb. Luego, hace hincapi\u00e9 en precisar que \u00abrequerimos la postergaci\u00f3n hasta el a\u00f1o 2026 de la puesta en marcha de la Copa de la Liga, con el objetivo de poner foco en alcanzar la madurez econ\u00f3mica del proyecto Liga 1 en el 2025. Del mismo modo proponemos que esta nueva competencia pase a ser parte del proyecto Liga1 a partir del 2026\u00bb. \u00bfQu\u00e9 se llevar\u00eda el campe\u00f3n de la Copa de la Liga Peruana? Recordemos que la idea de la Copa de Liga Peruana es que se enfrenten clubes de Liga1 y Liga 2 y el campe\u00f3n, en caso sea de Primera, consiga un cupo a la pr\u00f3xima edici\u00f3n de la Copa Sudamericana.","og_url":"https:\/\/radiohuancayo.com.pe\/wp54\/cambio-de-planes-copa-de-la-liga-peruana-recien-podria-jugarse-en-el-2026\/","og_site_name":"Radio Huancayo","article_published_time":"2025-02-12T20:42:46+00:00","article_modified_time":"2025-02-12T20:42:47+00:00","og_image":[{"width":1200,"height":630,"url":"https:\/\/radiohuancayo.com.pe\/wp54\/wp-content\/uploads\/2025\/02\/image-20.png","type":"image\/png"}],"author":"Michel Sanchez","twitter_card":"summary_large_image","twitter_misc":{"Escrito por":"Michel Sanchez","Tiempo de lectura":"2 minutos"},"schema":{"@context":"https:\/\/schema.org","@graph":[{"@type":"Article","@id":"https:\/\/radiohuancayo.com.pe\/wp54\/cambio-de-planes-copa-de-la-liga-peruana-recien-podria-jugarse-en-el-2026\/#article","isPartOf":{"@id":"https:\/\/radiohuancayo.com.pe\/wp54\/cambio-de-planes-copa-de-la-liga-peruana-recien-podria-jugarse-en-el-2026\/"},"author":{"name":"Michel Sanchez","@id":"https:\/\/radiohuancayo.com.pe\/wp54\/#\/schema\/person\/74fb124dee9900c6f4d0535fa1d2b5ae"},"headline":"Cambio de planes: Copa de la Liga Peruana reci\u00e9n podr\u00eda jugarse en el 2026","datePublished":"2025-02-12T20:42:46+00:00","dateModified":"2025-02-12T20:42:47+00:00","mainEntityOfPage":{"@id":"https:\/\/radiohuancayo.com.pe\/wp54\/cambio-de-planes-copa-de-la-liga-peruana-recien-podria-jugarse-en-el-2026\/"},"wordCount":266,"commentCount":0,"publisher":{"@id":"https:\/\/radiohuancayo.com.pe\/wp54\/#organization"},"image":{"@id":"https:\/\/radiohuancayo.com.pe\/wp54\/cambio-de-planes-copa-de-la-liga-peruana-recien-podria-jugarse-en-el-2026\/#primaryimage"},"thumbnailUrl":"https:\/\/radiohuancayo.com.pe\/wp54\/wp-content\/uploads\/2025\/02\/image-20.png","articleSection":["Deportes"],"inLanguage":"es","potentialAction":[{"@type":"CommentAction","name":"Comment","target":["https:\/\/radiohuancayo.com.pe\/wp54\/cambio-de-planes-copa-de-la-liga-peruana-recien-podria-jugarse-en-el-2026\/#respond"]}]},{"@type":"WebPage","@id":"https:\/\/radiohuancayo.com.pe\/wp54\/cambio-de-planes-copa-de-la-liga-peruana-recien-podria-jugarse-en-el-2026\/","url":"https:\/\/radiohuancayo.com.pe\/wp54\/cambio-de-planes-copa-de-la-liga-peruana-recien-podria-jugarse-en-el-2026\/","name":"Cambio de planes: Copa de la Liga Peruana reci\u00e9n podr\u00eda jugarse en el 2026 - Radio Huancayo","isPartOf":{"@id":"https:\/\/radiohuancayo.com.pe\/wp54\/#website"},"primaryImageOfPage":{"@id":"https:\/\/radiohuancayo.com.pe\/wp54\/cambio-de-planes-copa-de-la-liga-peruana-recien-podria-jugarse-en-el-2026\/#primaryimage"},"image":{"@id":"https:\/\/radiohuancayo.com.pe\/wp54\/cambio-de-planes-copa-de-la-liga-peruana-recien-podria-jugarse-en-el-2026\/#primaryimage"},"thumbnailUrl":"https:\/\/radiohuancayo.com.pe\/wp54\/wp-content\/uploads\/2025\/02\/image-20.png","datePublished":"2025-02-12T20:42:46+00:00","dateModified":"2025-02-12T20:42:47+00:00","breadcrumb":{"@id":"https:\/\/radiohuancayo.com.pe\/wp54\/cambio-de-planes-copa-de-la-liga-peruana-recien-podria-jugarse-en-el-2026\/#breadcrumb"},"inLanguage":"es","potentialAction":[{"@type":"ReadAction","target":["https:\/\/radiohuancayo.com.pe\/wp54\/cambio-de-planes-copa-de-la-liga-peruana-recien-podria-jugarse-en-el-2026\/"]}]},{"@type":"ImageObject","inLanguage":"es","@id":"https:\/\/radiohuancayo.com.pe\/wp54\/cambio-de-planes-copa-de-la-liga-peruana-recien-podria-jugarse-en-el-2026\/#primaryimage","url":"https:\/\/radiohuancayo.com.pe\/wp54\/wp-content\/uploads\/2025\/02\/image-20.png","contentUrl":"https:\/\/radiohuancayo.com.pe\/wp54\/wp-content\/uploads\/2025\/02\/image-20.png","width":1200,"height":630},{"@type":"BreadcrumbList","@id":"https:\/\/radiohuancayo.com.pe\/wp54\/cambio-de-planes-copa-de-la-liga-peruana-recien-podria-jugarse-en-el-2026\/#breadcrumb","itemListElement":[{"@type":"ListItem","position":1,"name":"Portada","item":"https:\/\/radiohuancayo.com.pe\/wp54\/"},{"@type":"ListItem","position":2,"name":"Cambio de planes: Copa de la Liga Peruana reci\u00e9n podr\u00eda jugarse en el 2026"}]},{"@type":"WebSite","@id":"https:\/\/radiohuancayo.com.pe\/wp54\/#website","url":"https:\/\/radiohuancayo.com.pe\/wp54\/","name":"Radio Huancayo","description":"me gusta!!!","publisher":{"@id":"https:\/\/radiohuancayo.com.pe\/wp54\/#organization"},"potentialAction":[{"@type":"SearchAction","target":{"@type":"EntryPoint","urlTemplate":"https:\/\/radiohuancayo.com.pe\/wp54\/?s={search_term_string}"},"query-input":{"@type":"PropertyValueSpecification","valueRequired":true,"valueName":"search_term_string"}}],"inLanguage":"es"},{"@type":"Organization","@id":"https:\/\/radiohuancayo.com.pe\/wp54\/#organization","name":"Radio Huancayo","url":"https:\/\/radiohuancayo.com.pe\/wp54\/","logo":{"@type":"ImageObject","inLanguage":"es","@id":"https:\/\/radiohuancayo.com.pe\/wp54\/#\/schema\/logo\/image\/","url":"https:\/\/radiohuancayo.com.pe\/wp54\/wp-content\/uploads\/2022\/04\/CABE01.png","contentUrl":"https:\/\/radiohuancayo.com.pe\/wp54\/wp-content\/uploads\/2022\/04\/CABE01.png","width":1640,"height":300,"caption":"Radio Huancayo"},"image":{"@id":"https:\/\/radiohuancayo.com.pe\/wp54\/#\/schema\/logo\/image\/"}},{"@type":"Person","@id":"https:\/\/radiohuancayo.com.pe\/wp54\/#\/schema\/person\/74fb124dee9900c6f4d0535fa1d2b5ae","name":"Michel Sanchez","image":{"@type":"ImageObject","inLanguage":"es","@id":"https:\/\/secure.gravatar.com\/avatar\/f7f6944c01b3f15a174d0cf055aea75c46697913fc8a9cf5c3cf3e8800c645f6?s=96&d=mm&r=g","url":"https:\/\/secure.gravatar.com\/avatar\/f7f6944c01b3f15a174d0cf055aea75c46697913fc8a9cf5c3cf3e8800c645f6?s=96&d=mm&r=g","contentUrl":"https:\/\/secure.gravatar.com\/avatar\/f7f6944c01b3f15a174d0cf055aea75c46697913fc8a9cf5c3cf3e8800c645f6?s=96&d=mm&r=g","caption":"Michel Sanchez"},"url":"https:\/\/radiohuancayo.com.pe\/wp54\/author\/memoris\/"}]}},"_links":{"self":[{"href":"https:\/\/radiohuancayo.com.pe\/wp54\/wp-json\/wp\/v2\/posts\/29526","targetHints":{"allow":["GET"]}}],"collection":[{"href":"https:\/\/radiohuancayo.com.pe\/wp54\/wp-json\/wp\/v2\/posts"}],"about":[{"href":"https:\/\/radiohuancayo.com.pe\/wp54\/wp-json\/wp\/v2\/types\/post"}],"author":[{"embeddable":true,"href":"https:\/\/radiohuancayo.com.pe\/wp54\/wp-json\/wp\/v2\/users\/2"}],"replies":[{"embeddable":true,"href":"https:\/\/radiohuancayo.com.pe\/wp54\/wp-json\/wp\/v2\/comments?post=29526"}],"version-history":[{"count":1,"href":"https:\/\/radiohuancayo.com.pe\/wp54\/wp-json\/wp\/v2\/posts\/29526\/revisions"}],"predecessor-version":[{"id":29528,"href":"https:\/\/radiohuancayo.com.pe\/wp54\/wp-json\/wp\/v2\/posts\/29526\/revisions\/29528"}],"wp:featuredmedia":[{"embeddable":true,"href":"https:\/\/radiohuancayo.com.pe\/wp54\/wp-json\/wp\/v2\/media\/29527"}],"wp:attachment":[{"href":"https:\/\/radiohuancayo.com.pe\/wp54\/wp-json\/wp\/v2\/media?parent=29526"}],"wp:term":[{"taxonomy":"category","embeddable":true,"href":"https:\/\/radiohuancayo.com.pe\/wp54\/wp-json\/wp\/v2\/categories?post=29526"},{"taxonomy":"post_tag","embeddable":true,"href":"https:\/\/radiohuancayo.com.pe\/wp54\/wp-json\/wp\/v2\/tags?post=29526"}],"curies":[{"name":"wp","href":"https:\/\/api.w.org\/{rel}","templated":true}]}}