{"id":29529,"date":"2025-02-12T15:45:28","date_gmt":"2025-02-12T20:45:28","guid":{"rendered":"https:\/\/radiohuancayo.com.pe\/wp54\/?p=29529"},"modified":"2025-02-12T15:45:29","modified_gmt":"2025-02-12T20:45:29","slug":"volvio-a-europa-cristian-benavente-fue-oficializado-en-el-gloria-buzau-de-rumania","status":"publish","type":"post","link":"https:\/\/radiohuancayo.com.pe\/wp54\/volvio-a-europa-cristian-benavente-fue-oficializado-en-el-gloria-buzau-de-rumania\/","title":{"rendered":"\u00a1Volvi\u00f3 a Europa! Cristian Benavente fue oficializado en el Gloria Buzau de Ruman\u00eda"},"content":{"rendered":"\n<figure class=\"wp-block-image size-large\"><img fetchpriority=\"high\" decoding=\"async\" width=\"1024\" height=\"538\" src=\"https:\/\/radiohuancayo.com.pe\/wp54\/wp-content\/uploads\/2025\/02\/image-21-1024x538.png\" alt=\"\" class=\"wp-image-29530\" srcset=\"https:\/\/radiohuancayo.com.pe\/wp54\/wp-content\/uploads\/2025\/02\/image-21-1024x538.png 1024w, https:\/\/radiohuancayo.com.pe\/wp54\/wp-content\/uploads\/2025\/02\/image-21-300x158.png 300w, https:\/\/radiohuancayo.com.pe\/wp54\/wp-content\/uploads\/2025\/02\/image-21-768x403.png 768w, https:\/\/radiohuancayo.com.pe\/wp54\/wp-content\/uploads\/2025\/02\/image-21.png 1200w\" sizes=\"(max-width: 1024px) 100vw, 1024px\" \/><\/figure>\n\n\n\n<p>El mediocampista nacional Cristian Benavente se convirti\u00f3 en nuevo jugador del Gloria Buzao de la primera divisi\u00f3n de Ruman\u00eda.<\/p>\n\n\n\n<p>El volante que estuvo la \u00faltima temporada a pr\u00e9stamo en Sport Boys procedente de C\u00e9sar Vallejo, firm\u00f3 por los pr\u00f3ximos seis meses con el conjunto rumano que marcha \u00faltimo en el torneo y con problemas en su lucha por no descender.<\/p>\n\n\n\n<p>\u00abBienvenido Cristian Benavente Bristol! El centrocampista ofensivo de 30 a\u00f1os firm\u00f3 un contrato con Gloria Buz \u0103u y a d\u00eda de hoy se ha unido a la tanda preparada por Eugen Neagoe\u00bb, sostuvo el conjunto rumano en redes sociales.<\/p>\n\n\n\n<h3 class=\"wp-block-heading\"><strong>RECONOCIERON LA TRAYECTORIA DEL &#8216;CHAVAL&#8217;<\/strong><\/h3>\n\n\n\n<p>Adem\u00e1s dieron a conocer algo de la trayectoria del jugador: \u00abCon 19 apariciones en la Selecci\u00f3n de Per\u00fa, el internacional sudamericano creci\u00f3 en la academia del Real Madrid, y despu\u00e9s de 11 a\u00f1os hizo el paso al segundo equipo, en el que jug\u00f3 dos temporadas. Tambi\u00e9n trabaj\u00f3 en MK Dons (Inglaterra), Charleroi y Amberes (B\u00e9lgica), Pir\u00e1mides (Egipto), Nantes (Francia). En el \u00faltimo a\u00f1o y medio ha evolucionado para la Universidad C\u00e9sar Vallejo y Sport Boys (Per\u00fa)\u00bb.<\/p>\n\n\n\n<p><a href=\"https:\/\/www.seedtag.com\/?utm_source=seedtag_publisher&amp;utm_medium=seedtag_tag&amp;utm_campaign=tag\" target=\"_blank\" rel=\"noreferrer noopener\"><\/a><\/p>\n\n\n\n<p>El jugador firm\u00f3 hasta junio del presente a\u00f1o con opci\u00f3n a renovar si el cuadro se salva del descenso.<\/p>\n\n\n\n<iframe src=\"https:\/\/www.facebook.com\/plugins\/post.php?href=https%3A%2F%2Fwww.facebook.com%2Fasfcbuzau%2Fposts%2Fpfbid01Mpm9SsHcanVgg2PmPTTqK9iSmVBuQP4xNxwqoY7thNnbjpeQAMW8AXUfyamPdEbl&#038;show_text=true&#038;width=500\" width=\"500\" height=\"726\" style=\"border:none;overflow:hidden\" scrolling=\"no\" frameborder=\"0\" allowfullscreen=\"true\" allow=\"autoplay; clipboard-write; encrypted-media; picture-in-picture; web-share\"><\/iframe>\n\n\n\n<p><\/p>\n","protected":false},"excerpt":{"rendered":"<p>El mediocampista nacional Cristian Benavente se convirti\u00f3 en nuevo jugador del Gloria Buzao de la primera divisi\u00f3n de Ruman\u00eda. El volante que estuvo la \u00faltima temporada a pr\u00e9stamo en Sport Boys procedente de C\u00e9sar Vallejo, firm\u00f3 por los pr\u00f3ximos seis meses con el conjunto rumano que marcha \u00faltimo en el torneo y con problemas en su lucha por no descender. \u00abBienvenido Cristian Benavente Bristol! El centrocampista ofensivo de 30 a\u00f1os firm\u00f3 un contrato con Gloria Buz \u0103u y a d\u00eda de hoy se ha unido a la tanda preparada por Eugen Neagoe\u00bb, sostuvo el conjunto rumano en redes sociales. RECONOCIERON LA TRAYECTORIA DEL &#8216;CHAVAL&#8217; Adem\u00e1s dieron a conocer algo de la trayectoria del jugador: \u00abCon 19 apariciones en la Selecci\u00f3n de Per\u00fa, el internacional sudamericano creci\u00f3 en la academia del Real Madrid, y despu\u00e9s de 11 a\u00f1os hizo el paso al segundo equipo, en el que jug\u00f3 dos temporadas. Tambi\u00e9n trabaj\u00f3 en MK Dons (Inglaterra), Charleroi y Amberes (B\u00e9lgica), Pir\u00e1mides (Egipto), Nantes (Francia). En el \u00faltimo a\u00f1o y medio ha evolucionado para la Universidad C\u00e9sar Vallejo y Sport Boys (Per\u00fa)\u00bb. El jugador firm\u00f3 hasta junio del presente a\u00f1o con opci\u00f3n a renovar si el cuadro se salva del descenso.<\/p>\n","protected":false},"author":2,"featured_media":29530,"comment_status":"open","ping_status":"open","sticky":false,"template":"","format":"standard","meta":{"footnotes":""},"categories":[7],"tags":[],"class_list":["post-29529","post","type-post","status-publish","format-standard","has-post-thumbnail","hentry","category-deportes"],"yoast_head":"<!-- This site is optimized with the Yoast SEO plugin v27.5 - https:\/\/yoast.com\/product\/yoast-seo-wordpress\/ -->\n<title>\u00a1Volvi\u00f3 a Europa! Cristian Benavente fue oficializado en el Gloria Buzau de Ruman\u00eda - Radio Huancayo<\/title>\n<meta name=\"robots\" content=\"index, follow, max-snippet:-1, max-image-preview:large, max-video-preview:-1\" \/>\n<link rel=\"canonical\" href=\"https:\/\/radiohuancayo.com.pe\/wp54\/volvio-a-europa-cristian-benavente-fue-oficializado-en-el-gloria-buzau-de-rumania\/\" \/>\n<meta property=\"og:locale\" content=\"es_ES\" \/>\n<meta property=\"og:type\" content=\"article\" \/>\n<meta property=\"og:title\" content=\"\u00a1Volvi\u00f3 a Europa! Cristian Benavente fue oficializado en el Gloria Buzau de Ruman\u00eda - Radio Huancayo\" \/>\n<meta property=\"og:description\" content=\"El mediocampista nacional Cristian Benavente se convirti\u00f3 en nuevo jugador del Gloria Buzao de la primera divisi\u00f3n de Ruman\u00eda. El volante que estuvo la \u00faltima temporada a pr\u00e9stamo en Sport Boys procedente de C\u00e9sar Vallejo, firm\u00f3 por los pr\u00f3ximos seis meses con el conjunto rumano que marcha \u00faltimo en el torneo y con problemas en su lucha por no descender. \u00abBienvenido Cristian Benavente Bristol! El centrocampista ofensivo de 30 a\u00f1os firm\u00f3 un contrato con Gloria Buz \u0103u y a d\u00eda de hoy se ha unido a la tanda preparada por Eugen Neagoe\u00bb, sostuvo el conjunto rumano en redes sociales. RECONOCIERON LA TRAYECTORIA DEL &#8216;CHAVAL&#8217; Adem\u00e1s dieron a conocer algo de la trayectoria del jugador: \u00abCon 19 apariciones en la Selecci\u00f3n de Per\u00fa, el internacional sudamericano creci\u00f3 en la academia del Real Madrid, y despu\u00e9s de 11 a\u00f1os hizo el paso al segundo equipo, en el que jug\u00f3 dos temporadas. Tambi\u00e9n trabaj\u00f3 en MK Dons (Inglaterra), Charleroi y Amberes (B\u00e9lgica), Pir\u00e1mides (Egipto), Nantes (Francia). En el \u00faltimo a\u00f1o y medio ha evolucionado para la Universidad C\u00e9sar Vallejo y Sport Boys (Per\u00fa)\u00bb. El jugador firm\u00f3 hasta junio del presente a\u00f1o con opci\u00f3n a renovar si el cuadro se salva del descenso.\" \/>\n<meta property=\"og:url\" content=\"https:\/\/radiohuancayo.com.pe\/wp54\/volvio-a-europa-cristian-benavente-fue-oficializado-en-el-gloria-buzau-de-rumania\/\" \/>\n<meta property=\"og:site_name\" content=\"Radio Huancayo\" \/>\n<meta property=\"article:published_time\" content=\"2025-02-12T20:45:28+00:00\" \/>\n<meta property=\"article:modified_time\" content=\"2025-02-12T20:45:29+00:00\" \/>\n<meta property=\"og:image\" content=\"https:\/\/radiohuancayo.com.pe\/wp54\/wp-content\/uploads\/2025\/02\/image-21.png\" \/>\n\t<meta property=\"og:image:width\" content=\"1200\" \/>\n\t<meta property=\"og:image:height\" content=\"630\" \/>\n\t<meta property=\"og:image:type\" content=\"image\/png\" \/>\n<meta name=\"author\" content=\"Michel Sanchez\" \/>\n<meta name=\"twitter:card\" content=\"summary_large_image\" \/>\n<meta name=\"twitter:label1\" content=\"Escrito por\" \/>\n\t<meta name=\"twitter:data1\" content=\"Michel Sanchez\" \/>\n\t<meta name=\"twitter:label2\" content=\"Tiempo de lectura\" \/>\n\t<meta name=\"twitter:data2\" content=\"2 minutos\" \/>\n<script type=\"application\/ld+json\" class=\"yoast-schema-graph\">{\"@context\":\"https:\\\/\\\/schema.org\",\"@graph\":[{\"@type\":\"Article\",\"@id\":\"https:\\\/\\\/radiohuancayo.com.pe\\\/wp54\\\/volvio-a-europa-cristian-benavente-fue-oficializado-en-el-gloria-buzau-de-rumania\\\/#article\",\"isPartOf\":{\"@id\":\"https:\\\/\\\/radiohuancayo.com.pe\\\/wp54\\\/volvio-a-europa-cristian-benavente-fue-oficializado-en-el-gloria-buzau-de-rumania\\\/\"},\"author\":{\"name\":\"Michel Sanchez\",\"@id\":\"https:\\\/\\\/radiohuancayo.com.pe\\\/wp54\\\/#\\\/schema\\\/person\\\/74fb124dee9900c6f4d0535fa1d2b5ae\"},\"headline\":\"\u00a1Volvi\u00f3 a Europa! Cristian Benavente fue oficializado en el Gloria Buzau de Ruman\u00eda\",\"datePublished\":\"2025-02-12T20:45:28+00:00\",\"dateModified\":\"2025-02-12T20:45:29+00:00\",\"mainEntityOfPage\":{\"@id\":\"https:\\\/\\\/radiohuancayo.com.pe\\\/wp54\\\/volvio-a-europa-cristian-benavente-fue-oficializado-en-el-gloria-buzau-de-rumania\\\/\"},\"wordCount\":228,\"commentCount\":0,\"publisher\":{\"@id\":\"https:\\\/\\\/radiohuancayo.com.pe\\\/wp54\\\/#organization\"},\"image\":{\"@id\":\"https:\\\/\\\/radiohuancayo.com.pe\\\/wp54\\\/volvio-a-europa-cristian-benavente-fue-oficializado-en-el-gloria-buzau-de-rumania\\\/#primaryimage\"},\"thumbnailUrl\":\"https:\\\/\\\/radiohuancayo.com.pe\\\/wp54\\\/wp-content\\\/uploads\\\/2025\\\/02\\\/image-21.png\",\"articleSection\":[\"Deportes\"],\"inLanguage\":\"es\",\"potentialAction\":[{\"@type\":\"CommentAction\",\"name\":\"Comment\",\"target\":[\"https:\\\/\\\/radiohuancayo.com.pe\\\/wp54\\\/volvio-a-europa-cristian-benavente-fue-oficializado-en-el-gloria-buzau-de-rumania\\\/#respond\"]}]},{\"@type\":\"WebPage\",\"@id\":\"https:\\\/\\\/radiohuancayo.com.pe\\\/wp54\\\/volvio-a-europa-cristian-benavente-fue-oficializado-en-el-gloria-buzau-de-rumania\\\/\",\"url\":\"https:\\\/\\\/radiohuancayo.com.pe\\\/wp54\\\/volvio-a-europa-cristian-benavente-fue-oficializado-en-el-gloria-buzau-de-rumania\\\/\",\"name\":\"\u00a1Volvi\u00f3 a Europa! Cristian Benavente fue oficializado en el Gloria Buzau de Ruman\u00eda - Radio Huancayo\",\"isPartOf\":{\"@id\":\"https:\\\/\\\/radiohuancayo.com.pe\\\/wp54\\\/#website\"},\"primaryImageOfPage\":{\"@id\":\"https:\\\/\\\/radiohuancayo.com.pe\\\/wp54\\\/volvio-a-europa-cristian-benavente-fue-oficializado-en-el-gloria-buzau-de-rumania\\\/#primaryimage\"},\"image\":{\"@id\":\"https:\\\/\\\/radiohuancayo.com.pe\\\/wp54\\\/volvio-a-europa-cristian-benavente-fue-oficializado-en-el-gloria-buzau-de-rumania\\\/#primaryimage\"},\"thumbnailUrl\":\"https:\\\/\\\/radiohuancayo.com.pe\\\/wp54\\\/wp-content\\\/uploads\\\/2025\\\/02\\\/image-21.png\",\"datePublished\":\"2025-02-12T20:45:28+00:00\",\"dateModified\":\"2025-02-12T20:45:29+00:00\",\"breadcrumb\":{\"@id\":\"https:\\\/\\\/radiohuancayo.com.pe\\\/wp54\\\/volvio-a-europa-cristian-benavente-fue-oficializado-en-el-gloria-buzau-de-rumania\\\/#breadcrumb\"},\"inLanguage\":\"es\",\"potentialAction\":[{\"@type\":\"ReadAction\",\"target\":[\"https:\\\/\\\/radiohuancayo.com.pe\\\/wp54\\\/volvio-a-europa-cristian-benavente-fue-oficializado-en-el-gloria-buzau-de-rumania\\\/\"]}]},{\"@type\":\"ImageObject\",\"inLanguage\":\"es\",\"@id\":\"https:\\\/\\\/radiohuancayo.com.pe\\\/wp54\\\/volvio-a-europa-cristian-benavente-fue-oficializado-en-el-gloria-buzau-de-rumania\\\/#primaryimage\",\"url\":\"https:\\\/\\\/radiohuancayo.com.pe\\\/wp54\\\/wp-content\\\/uploads\\\/2025\\\/02\\\/image-21.png\",\"contentUrl\":\"https:\\\/\\\/radiohuancayo.com.pe\\\/wp54\\\/wp-content\\\/uploads\\\/2025\\\/02\\\/image-21.png\",\"width\":1200,\"height\":630},{\"@type\":\"BreadcrumbList\",\"@id\":\"https:\\\/\\\/radiohuancayo.com.pe\\\/wp54\\\/volvio-a-europa-cristian-benavente-fue-oficializado-en-el-gloria-buzau-de-rumania\\\/#breadcrumb\",\"itemListElement\":[{\"@type\":\"ListItem\",\"position\":1,\"name\":\"Portada\",\"item\":\"https:\\\/\\\/radiohuancayo.com.pe\\\/wp54\\\/\"},{\"@type\":\"ListItem\",\"position\":2,\"name\":\"\u00a1Volvi\u00f3 a Europa! Cristian Benavente fue oficializado en el Gloria Buzau de Ruman\u00eda\"}]},{\"@type\":\"WebSite\",\"@id\":\"https:\\\/\\\/radiohuancayo.com.pe\\\/wp54\\\/#website\",\"url\":\"https:\\\/\\\/radiohuancayo.com.pe\\\/wp54\\\/\",\"name\":\"Radio Huancayo\",\"description\":\"me gusta!!!\",\"publisher\":{\"@id\":\"https:\\\/\\\/radiohuancayo.com.pe\\\/wp54\\\/#organization\"},\"potentialAction\":[{\"@type\":\"SearchAction\",\"target\":{\"@type\":\"EntryPoint\",\"urlTemplate\":\"https:\\\/\\\/radiohuancayo.com.pe\\\/wp54\\\/?s={search_term_string}\"},\"query-input\":{\"@type\":\"PropertyValueSpecification\",\"valueRequired\":true,\"valueName\":\"search_term_string\"}}],\"inLanguage\":\"es\"},{\"@type\":\"Organization\",\"@id\":\"https:\\\/\\\/radiohuancayo.com.pe\\\/wp54\\\/#organization\",\"name\":\"Radio Huancayo\",\"url\":\"https:\\\/\\\/radiohuancayo.com.pe\\\/wp54\\\/\",\"logo\":{\"@type\":\"ImageObject\",\"inLanguage\":\"es\",\"@id\":\"https:\\\/\\\/radiohuancayo.com.pe\\\/wp54\\\/#\\\/schema\\\/logo\\\/image\\\/\",\"url\":\"https:\\\/\\\/radiohuancayo.com.pe\\\/wp54\\\/wp-content\\\/uploads\\\/2022\\\/04\\\/CABE01.png\",\"contentUrl\":\"https:\\\/\\\/radiohuancayo.com.pe\\\/wp54\\\/wp-content\\\/uploads\\\/2022\\\/04\\\/CABE01.png\",\"width\":1640,\"height\":300,\"caption\":\"Radio Huancayo\"},\"image\":{\"@id\":\"https:\\\/\\\/radiohuancayo.com.pe\\\/wp54\\\/#\\\/schema\\\/logo\\\/image\\\/\"}},{\"@type\":\"Person\",\"@id\":\"https:\\\/\\\/radiohuancayo.com.pe\\\/wp54\\\/#\\\/schema\\\/person\\\/74fb124dee9900c6f4d0535fa1d2b5ae\",\"name\":\"Michel Sanchez\",\"image\":{\"@type\":\"ImageObject\",\"inLanguage\":\"es\",\"@id\":\"https:\\\/\\\/secure.gravatar.com\\\/avatar\\\/f7f6944c01b3f15a174d0cf055aea75c46697913fc8a9cf5c3cf3e8800c645f6?s=96&d=mm&r=g\",\"url\":\"https:\\\/\\\/secure.gravatar.com\\\/avatar\\\/f7f6944c01b3f15a174d0cf055aea75c46697913fc8a9cf5c3cf3e8800c645f6?s=96&d=mm&r=g\",\"contentUrl\":\"https:\\\/\\\/secure.gravatar.com\\\/avatar\\\/f7f6944c01b3f15a174d0cf055aea75c46697913fc8a9cf5c3cf3e8800c645f6?s=96&d=mm&r=g\",\"caption\":\"Michel Sanchez\"},\"url\":\"https:\\\/\\\/radiohuancayo.com.pe\\\/wp54\\\/author\\\/memoris\\\/\"}]}<\/script>\n<!-- \/ Yoast SEO plugin. -->","yoast_head_json":{"title":"\u00a1Volvi\u00f3 a Europa! Cristian Benavente fue oficializado en el Gloria Buzau de Ruman\u00eda - Radio Huancayo","robots":{"index":"index","follow":"follow","max-snippet":"max-snippet:-1","max-image-preview":"max-image-preview:large","max-video-preview":"max-video-preview:-1"},"canonical":"https:\/\/radiohuancayo.com.pe\/wp54\/volvio-a-europa-cristian-benavente-fue-oficializado-en-el-gloria-buzau-de-rumania\/","og_locale":"es_ES","og_type":"article","og_title":"\u00a1Volvi\u00f3 a Europa! Cristian Benavente fue oficializado en el Gloria Buzau de Ruman\u00eda - Radio Huancayo","og_description":"El mediocampista nacional Cristian Benavente se convirti\u00f3 en nuevo jugador del Gloria Buzao de la primera divisi\u00f3n de Ruman\u00eda. El volante que estuvo la \u00faltima temporada a pr\u00e9stamo en Sport Boys procedente de C\u00e9sar Vallejo, firm\u00f3 por los pr\u00f3ximos seis meses con el conjunto rumano que marcha \u00faltimo en el torneo y con problemas en su lucha por no descender. \u00abBienvenido Cristian Benavente Bristol! El centrocampista ofensivo de 30 a\u00f1os firm\u00f3 un contrato con Gloria Buz \u0103u y a d\u00eda de hoy se ha unido a la tanda preparada por Eugen Neagoe\u00bb, sostuvo el conjunto rumano en redes sociales. RECONOCIERON LA TRAYECTORIA DEL &#8216;CHAVAL&#8217; Adem\u00e1s dieron a conocer algo de la trayectoria del jugador: \u00abCon 19 apariciones en la Selecci\u00f3n de Per\u00fa, el internacional sudamericano creci\u00f3 en la academia del Real Madrid, y despu\u00e9s de 11 a\u00f1os hizo el paso al segundo equipo, en el que jug\u00f3 dos temporadas. Tambi\u00e9n trabaj\u00f3 en MK Dons (Inglaterra), Charleroi y Amberes (B\u00e9lgica), Pir\u00e1mides (Egipto), Nantes (Francia). En el \u00faltimo a\u00f1o y medio ha evolucionado para la Universidad C\u00e9sar Vallejo y Sport Boys (Per\u00fa)\u00bb. El jugador firm\u00f3 hasta junio del presente a\u00f1o con opci\u00f3n a renovar si el cuadro se salva del descenso.","og_url":"https:\/\/radiohuancayo.com.pe\/wp54\/volvio-a-europa-cristian-benavente-fue-oficializado-en-el-gloria-buzau-de-rumania\/","og_site_name":"Radio Huancayo","article_published_time":"2025-02-12T20:45:28+00:00","article_modified_time":"2025-02-12T20:45:29+00:00","og_image":[{"width":1200,"height":630,"url":"https:\/\/radiohuancayo.com.pe\/wp54\/wp-content\/uploads\/2025\/02\/image-21.png","type":"image\/png"}],"author":"Michel Sanchez","twitter_card":"summary_large_image","twitter_misc":{"Escrito por":"Michel Sanchez","Tiempo de lectura":"2 minutos"},"schema":{"@context":"https:\/\/schema.org","@graph":[{"@type":"Article","@id":"https:\/\/radiohuancayo.com.pe\/wp54\/volvio-a-europa-cristian-benavente-fue-oficializado-en-el-gloria-buzau-de-rumania\/#article","isPartOf":{"@id":"https:\/\/radiohuancayo.com.pe\/wp54\/volvio-a-europa-cristian-benavente-fue-oficializado-en-el-gloria-buzau-de-rumania\/"},"author":{"name":"Michel Sanchez","@id":"https:\/\/radiohuancayo.com.pe\/wp54\/#\/schema\/person\/74fb124dee9900c6f4d0535fa1d2b5ae"},"headline":"\u00a1Volvi\u00f3 a Europa! Cristian Benavente fue oficializado en el Gloria Buzau de Ruman\u00eda","datePublished":"2025-02-12T20:45:28+00:00","dateModified":"2025-02-12T20:45:29+00:00","mainEntityOfPage":{"@id":"https:\/\/radiohuancayo.com.pe\/wp54\/volvio-a-europa-cristian-benavente-fue-oficializado-en-el-gloria-buzau-de-rumania\/"},"wordCount":228,"commentCount":0,"publisher":{"@id":"https:\/\/radiohuancayo.com.pe\/wp54\/#organization"},"image":{"@id":"https:\/\/radiohuancayo.com.pe\/wp54\/volvio-a-europa-cristian-benavente-fue-oficializado-en-el-gloria-buzau-de-rumania\/#primaryimage"},"thumbnailUrl":"https:\/\/radiohuancayo.com.pe\/wp54\/wp-content\/uploads\/2025\/02\/image-21.png","articleSection":["Deportes"],"inLanguage":"es","potentialAction":[{"@type":"CommentAction","name":"Comment","target":["https:\/\/radiohuancayo.com.pe\/wp54\/volvio-a-europa-cristian-benavente-fue-oficializado-en-el-gloria-buzau-de-rumania\/#respond"]}]},{"@type":"WebPage","@id":"https:\/\/radiohuancayo.com.pe\/wp54\/volvio-a-europa-cristian-benavente-fue-oficializado-en-el-gloria-buzau-de-rumania\/","url":"https:\/\/radiohuancayo.com.pe\/wp54\/volvio-a-europa-cristian-benavente-fue-oficializado-en-el-gloria-buzau-de-rumania\/","name":"\u00a1Volvi\u00f3 a Europa! Cristian Benavente fue oficializado en el Gloria Buzau de Ruman\u00eda - Radio Huancayo","isPartOf":{"@id":"https:\/\/radiohuancayo.com.pe\/wp54\/#website"},"primaryImageOfPage":{"@id":"https:\/\/radiohuancayo.com.pe\/wp54\/volvio-a-europa-cristian-benavente-fue-oficializado-en-el-gloria-buzau-de-rumania\/#primaryimage"},"image":{"@id":"https:\/\/radiohuancayo.com.pe\/wp54\/volvio-a-europa-cristian-benavente-fue-oficializado-en-el-gloria-buzau-de-rumania\/#primaryimage"},"thumbnailUrl":"https:\/\/radiohuancayo.com.pe\/wp54\/wp-content\/uploads\/2025\/02\/image-21.png","datePublished":"2025-02-12T20:45:28+00:00","dateModified":"2025-02-12T20:45:29+00:00","breadcrumb":{"@id":"https:\/\/radiohuancayo.com.pe\/wp54\/volvio-a-europa-cristian-benavente-fue-oficializado-en-el-gloria-buzau-de-rumania\/#breadcrumb"},"inLanguage":"es","potentialAction":[{"@type":"ReadAction","target":["https:\/\/radiohuancayo.com.pe\/wp54\/volvio-a-europa-cristian-benavente-fue-oficializado-en-el-gloria-buzau-de-rumania\/"]}]},{"@type":"ImageObject","inLanguage":"es","@id":"https:\/\/radiohuancayo.com.pe\/wp54\/volvio-a-europa-cristian-benavente-fue-oficializado-en-el-gloria-buzau-de-rumania\/#primaryimage","url":"https:\/\/radiohuancayo.com.pe\/wp54\/wp-content\/uploads\/2025\/02\/image-21.png","contentUrl":"https:\/\/radiohuancayo.com.pe\/wp54\/wp-content\/uploads\/2025\/02\/image-21.png","width":1200,"height":630},{"@type":"BreadcrumbList","@id":"https:\/\/radiohuancayo.com.pe\/wp54\/volvio-a-europa-cristian-benavente-fue-oficializado-en-el-gloria-buzau-de-rumania\/#breadcrumb","itemListElement":[{"@type":"ListItem","position":1,"name":"Portada","item":"https:\/\/radiohuancayo.com.pe\/wp54\/"},{"@type":"ListItem","position":2,"name":"\u00a1Volvi\u00f3 a Europa! Cristian Benavente fue oficializado en el Gloria Buzau de Ruman\u00eda"}]},{"@type":"WebSite","@id":"https:\/\/radiohuancayo.com.pe\/wp54\/#website","url":"https:\/\/radiohuancayo.com.pe\/wp54\/","name":"Radio Huancayo","description":"me gusta!!!","publisher":{"@id":"https:\/\/radiohuancayo.com.pe\/wp54\/#organization"},"potentialAction":[{"@type":"SearchAction","target":{"@type":"EntryPoint","urlTemplate":"https:\/\/radiohuancayo.com.pe\/wp54\/?s={search_term_string}"},"query-input":{"@type":"PropertyValueSpecification","valueRequired":true,"valueName":"search_term_string"}}],"inLanguage":"es"},{"@type":"Organization","@id":"https:\/\/radiohuancayo.com.pe\/wp54\/#organization","name":"Radio Huancayo","url":"https:\/\/radiohuancayo.com.pe\/wp54\/","logo":{"@type":"ImageObject","inLanguage":"es","@id":"https:\/\/radiohuancayo.com.pe\/wp54\/#\/schema\/logo\/image\/","url":"https:\/\/radiohuancayo.com.pe\/wp54\/wp-content\/uploads\/2022\/04\/CABE01.png","contentUrl":"https:\/\/radiohuancayo.com.pe\/wp54\/wp-content\/uploads\/2022\/04\/CABE01.png","width":1640,"height":300,"caption":"Radio Huancayo"},"image":{"@id":"https:\/\/radiohuancayo.com.pe\/wp54\/#\/schema\/logo\/image\/"}},{"@type":"Person","@id":"https:\/\/radiohuancayo.com.pe\/wp54\/#\/schema\/person\/74fb124dee9900c6f4d0535fa1d2b5ae","name":"Michel Sanchez","image":{"@type":"ImageObject","inLanguage":"es","@id":"https:\/\/secure.gravatar.com\/avatar\/f7f6944c01b3f15a174d0cf055aea75c46697913fc8a9cf5c3cf3e8800c645f6?s=96&d=mm&r=g","url":"https:\/\/secure.gravatar.com\/avatar\/f7f6944c01b3f15a174d0cf055aea75c46697913fc8a9cf5c3cf3e8800c645f6?s=96&d=mm&r=g","contentUrl":"https:\/\/secure.gravatar.com\/avatar\/f7f6944c01b3f15a174d0cf055aea75c46697913fc8a9cf5c3cf3e8800c645f6?s=96&d=mm&r=g","caption":"Michel Sanchez"},"url":"https:\/\/radiohuancayo.com.pe\/wp54\/author\/memoris\/"}]}},"_links":{"self":[{"href":"https:\/\/radiohuancayo.com.pe\/wp54\/wp-json\/wp\/v2\/posts\/29529","targetHints":{"allow":["GET"]}}],"collection":[{"href":"https:\/\/radiohuancayo.com.pe\/wp54\/wp-json\/wp\/v2\/posts"}],"about":[{"href":"https:\/\/radiohuancayo.com.pe\/wp54\/wp-json\/wp\/v2\/types\/post"}],"author":[{"embeddable":true,"href":"https:\/\/radiohuancayo.com.pe\/wp54\/wp-json\/wp\/v2\/users\/2"}],"replies":[{"embeddable":true,"href":"https:\/\/radiohuancayo.com.pe\/wp54\/wp-json\/wp\/v2\/comments?post=29529"}],"version-history":[{"count":1,"href":"https:\/\/radiohuancayo.com.pe\/wp54\/wp-json\/wp\/v2\/posts\/29529\/revisions"}],"predecessor-version":[{"id":29531,"href":"https:\/\/radiohuancayo.com.pe\/wp54\/wp-json\/wp\/v2\/posts\/29529\/revisions\/29531"}],"wp:featuredmedia":[{"embeddable":true,"href":"https:\/\/radiohuancayo.com.pe\/wp54\/wp-json\/wp\/v2\/media\/29530"}],"wp:attachment":[{"href":"https:\/\/radiohuancayo.com.pe\/wp54\/wp-json\/wp\/v2\/media?parent=29529"}],"wp:term":[{"taxonomy":"category","embeddable":true,"href":"https:\/\/radiohuancayo.com.pe\/wp54\/wp-json\/wp\/v2\/categories?post=29529"},{"taxonomy":"post_tag","embeddable":true,"href":"https:\/\/radiohuancayo.com.pe\/wp54\/wp-json\/wp\/v2\/tags?post=29529"}],"curies":[{"name":"wp","href":"https:\/\/api.w.org\/{rel}","templated":true}]}}