{"id":29532,"date":"2025-02-12T15:49:08","date_gmt":"2025-02-12T20:49:08","guid":{"rendered":"https:\/\/radiohuancayo.com.pe\/wp54\/?p=29532"},"modified":"2025-02-12T15:49:09","modified_gmt":"2025-02-12T20:49:09","slug":"dt-de-bolivia-entendemos-que-peru-se-juega-una-de-sus-ultimas-chances","status":"publish","type":"post","link":"https:\/\/radiohuancayo.com.pe\/wp54\/dt-de-bolivia-entendemos-que-peru-se-juega-una-de-sus-ultimas-chances\/","title":{"rendered":"DT de Bolivia: \u00abEntendemos que Per\u00fa se juega una de sus \u00faltimas chances\u00bb"},"content":{"rendered":"\n<p>\u00d3scar Villegas, entrenador de la Selecci\u00f3n de Bolivia<strong>,<\/strong>\u00a0manifest\u00f3 que tiene claro que Per\u00fa se juega una de sus \u00faltimas chances ante ellos, por lo que llegar\u00e1n con la convicci\u00f3n de rescatar puntos en Lima.<\/p>\n\n\n\n<p>\u00abSabemos que cuando hay un cambio de t\u00e9cnico, se renuevan ilusiones y los jugadores tienen una motivaci\u00f3n especial, sabemos que enfrentaremos a un Per\u00fa muy dif\u00edcil, sabemos de la trayectoria de Ib\u00e1\u00f1ez, lo enfrentamos el a\u00f1o pasado en un amistoso, sabemos que arma buenos equipos y que quiere a su pa\u00eds, entendemos que Per\u00fa se juega una de sus \u00faltimas chances para buscar la clasificaci\u00f3n, ser\u00e1 duro\u00bb, dijo Villegas.<\/p>\n\n\n\n<p>Sobre c\u00f3mo fue el tomar la selecci\u00f3n, dijo: \u00abCuando llegamos a la selecci\u00f3n la propuesta era no hacer lo mismo, tener una idea distinta, una renovaci\u00f3n, hay elementos j\u00f3venes que no tienen muchas oportunidades y nos encargamos de darle la misma para rodearlos de l\u00edderes positivos que los ayudan a crecer a los j\u00f3venes\u00bb.<\/p>\n\n\n\n<p>Acerca de d\u00f3nde juegan, apunt\u00f3: \u00abTenemos un escenario que brinda buenas condiciones, donde a cinco metros est\u00e1 la cancha y donde se vive el f\u00fatbol, hay un buen c\u00e9sped en El Alto y hemos decidido jugar all\u00ed\u00bb.<a href=\"https:\/\/www.seedtag.com\/?utm_source=seedtag_publisher&amp;utm_medium=seedtag_tag&amp;utm_campaign=tag\" target=\"_blank\" rel=\"noreferrer noopener\"><\/a><\/p>\n\n\n\n<p>El DT mencion\u00f3 que en Bolivia se est\u00e1 trabajando el tema de menores: \u00abLa Federaci\u00f3n est\u00e1 trabajando mucho en el tema de menores, se trata de organizar bastante, los clubes tambi\u00e9n han puesto de su parte, hay algunos que tienen convenios con equipos de afuera, adem\u00e1s estamos haciendo buenos scoutings, con hijos de bolivianos que jueguen fuera del pa\u00eds\u00bb.<\/p>\n\n\n\n<p>Adem\u00e1s apunt\u00f3: \u00abEstamos obligando a que el jugador joven tenga una oportunidad, en Bolivia todos los Sub-20 terminan afianz\u00e1ndose, consiguiendo ser importantes en sus equipos y gan\u00e1ndose un espacio merecido. Es obligatorio un Sub-20 y un Sub-23 en cancha, hay entrenadores que se quejan, pero cuando sale una joya, all\u00ed s\u00ed dicen que fue su descubrimiento\u00bb.<\/p>\n","protected":false},"excerpt":{"rendered":"<p>\u00d3scar Villegas, entrenador de la Selecci\u00f3n de Bolivia,\u00a0manifest\u00f3 que tiene claro que Per\u00fa se juega una de sus \u00faltimas chances ante ellos, por lo que llegar\u00e1n con la convicci\u00f3n de rescatar puntos en Lima. \u00abSabemos que cuando hay un cambio de t\u00e9cnico, se renuevan ilusiones y los jugadores tienen una motivaci\u00f3n especial, sabemos que enfrentaremos a un Per\u00fa muy dif\u00edcil, sabemos de la trayectoria de Ib\u00e1\u00f1ez, lo enfrentamos el a\u00f1o pasado en un amistoso, sabemos que arma buenos equipos y que quiere a su pa\u00eds, entendemos que Per\u00fa se juega una de sus \u00faltimas chances para buscar la clasificaci\u00f3n, ser\u00e1 duro\u00bb, dijo Villegas. Sobre c\u00f3mo fue el tomar la selecci\u00f3n, dijo: \u00abCuando llegamos a la selecci\u00f3n la propuesta era no hacer lo mismo, tener una idea distinta, una renovaci\u00f3n, hay elementos j\u00f3venes que no tienen muchas oportunidades y nos encargamos de darle la misma para rodearlos de l\u00edderes positivos que los ayudan a crecer a los j\u00f3venes\u00bb. Acerca de d\u00f3nde juegan, apunt\u00f3: \u00abTenemos un escenario que brinda buenas condiciones, donde a cinco metros est\u00e1 la cancha y donde se vive el f\u00fatbol, hay un buen c\u00e9sped en El Alto y hemos decidido jugar all\u00ed\u00bb. El DT mencion\u00f3 que en Bolivia se est\u00e1 trabajando el tema de menores: \u00abLa Federaci\u00f3n est\u00e1 trabajando mucho en el tema de menores, se trata de organizar bastante, los clubes tambi\u00e9n han puesto de su parte, hay algunos que tienen convenios con equipos de afuera, adem\u00e1s estamos haciendo buenos scoutings, con hijos de bolivianos que jueguen fuera del pa\u00eds\u00bb. Adem\u00e1s apunt\u00f3: \u00abEstamos obligando a que el jugador joven tenga una oportunidad, en Bolivia todos los Sub-20 terminan afianz\u00e1ndose, consiguiendo ser importantes en sus equipos y gan\u00e1ndose un espacio merecido. Es obligatorio un Sub-20 y un Sub-23 en cancha, hay entrenadores que se quejan, pero cuando sale una joya, all\u00ed s\u00ed dicen que fue su descubrimiento\u00bb.<\/p>\n","protected":false},"author":2,"featured_media":29533,"comment_status":"open","ping_status":"open","sticky":false,"template":"","format":"standard","meta":{"footnotes":""},"categories":[7],"tags":[],"class_list":["post-29532","post","type-post","status-publish","format-standard","has-post-thumbnail","hentry","category-deportes"],"yoast_head":"<!-- This site is optimized with the Yoast SEO plugin v27.5 - https:\/\/yoast.com\/product\/yoast-seo-wordpress\/ -->\n<title>DT de Bolivia: &quot;Entendemos que Per\u00fa se juega una de sus \u00faltimas chances&quot; - Radio Huancayo<\/title>\n<meta name=\"robots\" content=\"index, follow, max-snippet:-1, max-image-preview:large, max-video-preview:-1\" \/>\n<link rel=\"canonical\" href=\"https:\/\/radiohuancayo.com.pe\/wp54\/dt-de-bolivia-entendemos-que-peru-se-juega-una-de-sus-ultimas-chances\/\" \/>\n<meta property=\"og:locale\" content=\"es_ES\" \/>\n<meta property=\"og:type\" content=\"article\" \/>\n<meta property=\"og:title\" content=\"DT de Bolivia: &quot;Entendemos que Per\u00fa se juega una de sus \u00faltimas chances&quot; - Radio Huancayo\" \/>\n<meta property=\"og:description\" content=\"\u00d3scar Villegas, entrenador de la Selecci\u00f3n de Bolivia,\u00a0manifest\u00f3 que tiene claro que Per\u00fa se juega una de sus \u00faltimas chances ante ellos, por lo que llegar\u00e1n con la convicci\u00f3n de rescatar puntos en Lima. \u00abSabemos que cuando hay un cambio de t\u00e9cnico, se renuevan ilusiones y los jugadores tienen una motivaci\u00f3n especial, sabemos que enfrentaremos a un Per\u00fa muy dif\u00edcil, sabemos de la trayectoria de Ib\u00e1\u00f1ez, lo enfrentamos el a\u00f1o pasado en un amistoso, sabemos que arma buenos equipos y que quiere a su pa\u00eds, entendemos que Per\u00fa se juega una de sus \u00faltimas chances para buscar la clasificaci\u00f3n, ser\u00e1 duro\u00bb, dijo Villegas. Sobre c\u00f3mo fue el tomar la selecci\u00f3n, dijo: \u00abCuando llegamos a la selecci\u00f3n la propuesta era no hacer lo mismo, tener una idea distinta, una renovaci\u00f3n, hay elementos j\u00f3venes que no tienen muchas oportunidades y nos encargamos de darle la misma para rodearlos de l\u00edderes positivos que los ayudan a crecer a los j\u00f3venes\u00bb. Acerca de d\u00f3nde juegan, apunt\u00f3: \u00abTenemos un escenario que brinda buenas condiciones, donde a cinco metros est\u00e1 la cancha y donde se vive el f\u00fatbol, hay un buen c\u00e9sped en El Alto y hemos decidido jugar all\u00ed\u00bb. El DT mencion\u00f3 que en Bolivia se est\u00e1 trabajando el tema de menores: \u00abLa Federaci\u00f3n est\u00e1 trabajando mucho en el tema de menores, se trata de organizar bastante, los clubes tambi\u00e9n han puesto de su parte, hay algunos que tienen convenios con equipos de afuera, adem\u00e1s estamos haciendo buenos scoutings, con hijos de bolivianos que jueguen fuera del pa\u00eds\u00bb. Adem\u00e1s apunt\u00f3: \u00abEstamos obligando a que el jugador joven tenga una oportunidad, en Bolivia todos los Sub-20 terminan afianz\u00e1ndose, consiguiendo ser importantes en sus equipos y gan\u00e1ndose un espacio merecido. Es obligatorio un Sub-20 y un Sub-23 en cancha, hay entrenadores que se quejan, pero cuando sale una joya, all\u00ed s\u00ed dicen que fue su descubrimiento\u00bb.\" \/>\n<meta property=\"og:url\" content=\"https:\/\/radiohuancayo.com.pe\/wp54\/dt-de-bolivia-entendemos-que-peru-se-juega-una-de-sus-ultimas-chances\/\" \/>\n<meta property=\"og:site_name\" content=\"Radio Huancayo\" \/>\n<meta property=\"article:published_time\" content=\"2025-02-12T20:49:08+00:00\" \/>\n<meta property=\"article:modified_time\" content=\"2025-02-12T20:49:09+00:00\" \/>\n<meta property=\"og:image\" content=\"https:\/\/radiohuancayo.com.pe\/wp54\/wp-content\/uploads\/2025\/02\/image-22.png\" \/>\n\t<meta property=\"og:image:width\" content=\"1200\" \/>\n\t<meta property=\"og:image:height\" content=\"630\" \/>\n\t<meta property=\"og:image:type\" content=\"image\/png\" \/>\n<meta name=\"author\" content=\"Michel Sanchez\" \/>\n<meta name=\"twitter:card\" content=\"summary_large_image\" \/>\n<meta name=\"twitter:label1\" content=\"Escrito por\" \/>\n\t<meta name=\"twitter:data1\" content=\"Michel Sanchez\" \/>\n\t<meta name=\"twitter:label2\" content=\"Tiempo de lectura\" \/>\n\t<meta name=\"twitter:data2\" content=\"2 minutos\" \/>\n<script type=\"application\/ld+json\" class=\"yoast-schema-graph\">{\"@context\":\"https:\\\/\\\/schema.org\",\"@graph\":[{\"@type\":\"Article\",\"@id\":\"https:\\\/\\\/radiohuancayo.com.pe\\\/wp54\\\/dt-de-bolivia-entendemos-que-peru-se-juega-una-de-sus-ultimas-chances\\\/#article\",\"isPartOf\":{\"@id\":\"https:\\\/\\\/radiohuancayo.com.pe\\\/wp54\\\/dt-de-bolivia-entendemos-que-peru-se-juega-una-de-sus-ultimas-chances\\\/\"},\"author\":{\"name\":\"Michel Sanchez\",\"@id\":\"https:\\\/\\\/radiohuancayo.com.pe\\\/wp54\\\/#\\\/schema\\\/person\\\/74fb124dee9900c6f4d0535fa1d2b5ae\"},\"headline\":\"DT de Bolivia: \u00abEntendemos que Per\u00fa se juega una de sus \u00faltimas chances\u00bb\",\"datePublished\":\"2025-02-12T20:49:08+00:00\",\"dateModified\":\"2025-02-12T20:49:09+00:00\",\"mainEntityOfPage\":{\"@id\":\"https:\\\/\\\/radiohuancayo.com.pe\\\/wp54\\\/dt-de-bolivia-entendemos-que-peru-se-juega-una-de-sus-ultimas-chances\\\/\"},\"wordCount\":350,\"commentCount\":0,\"publisher\":{\"@id\":\"https:\\\/\\\/radiohuancayo.com.pe\\\/wp54\\\/#organization\"},\"image\":{\"@id\":\"https:\\\/\\\/radiohuancayo.com.pe\\\/wp54\\\/dt-de-bolivia-entendemos-que-peru-se-juega-una-de-sus-ultimas-chances\\\/#primaryimage\"},\"thumbnailUrl\":\"https:\\\/\\\/radiohuancayo.com.pe\\\/wp54\\\/wp-content\\\/uploads\\\/2025\\\/02\\\/image-22.png\",\"articleSection\":[\"Deportes\"],\"inLanguage\":\"es\",\"potentialAction\":[{\"@type\":\"CommentAction\",\"name\":\"Comment\",\"target\":[\"https:\\\/\\\/radiohuancayo.com.pe\\\/wp54\\\/dt-de-bolivia-entendemos-que-peru-se-juega-una-de-sus-ultimas-chances\\\/#respond\"]}]},{\"@type\":\"WebPage\",\"@id\":\"https:\\\/\\\/radiohuancayo.com.pe\\\/wp54\\\/dt-de-bolivia-entendemos-que-peru-se-juega-una-de-sus-ultimas-chances\\\/\",\"url\":\"https:\\\/\\\/radiohuancayo.com.pe\\\/wp54\\\/dt-de-bolivia-entendemos-que-peru-se-juega-una-de-sus-ultimas-chances\\\/\",\"name\":\"DT de Bolivia: \\\"Entendemos que Per\u00fa se juega una de sus \u00faltimas chances\\\" - Radio Huancayo\",\"isPartOf\":{\"@id\":\"https:\\\/\\\/radiohuancayo.com.pe\\\/wp54\\\/#website\"},\"primaryImageOfPage\":{\"@id\":\"https:\\\/\\\/radiohuancayo.com.pe\\\/wp54\\\/dt-de-bolivia-entendemos-que-peru-se-juega-una-de-sus-ultimas-chances\\\/#primaryimage\"},\"image\":{\"@id\":\"https:\\\/\\\/radiohuancayo.com.pe\\\/wp54\\\/dt-de-bolivia-entendemos-que-peru-se-juega-una-de-sus-ultimas-chances\\\/#primaryimage\"},\"thumbnailUrl\":\"https:\\\/\\\/radiohuancayo.com.pe\\\/wp54\\\/wp-content\\\/uploads\\\/2025\\\/02\\\/image-22.png\",\"datePublished\":\"2025-02-12T20:49:08+00:00\",\"dateModified\":\"2025-02-12T20:49:09+00:00\",\"breadcrumb\":{\"@id\":\"https:\\\/\\\/radiohuancayo.com.pe\\\/wp54\\\/dt-de-bolivia-entendemos-que-peru-se-juega-una-de-sus-ultimas-chances\\\/#breadcrumb\"},\"inLanguage\":\"es\",\"potentialAction\":[{\"@type\":\"ReadAction\",\"target\":[\"https:\\\/\\\/radiohuancayo.com.pe\\\/wp54\\\/dt-de-bolivia-entendemos-que-peru-se-juega-una-de-sus-ultimas-chances\\\/\"]}]},{\"@type\":\"ImageObject\",\"inLanguage\":\"es\",\"@id\":\"https:\\\/\\\/radiohuancayo.com.pe\\\/wp54\\\/dt-de-bolivia-entendemos-que-peru-se-juega-una-de-sus-ultimas-chances\\\/#primaryimage\",\"url\":\"https:\\\/\\\/radiohuancayo.com.pe\\\/wp54\\\/wp-content\\\/uploads\\\/2025\\\/02\\\/image-22.png\",\"contentUrl\":\"https:\\\/\\\/radiohuancayo.com.pe\\\/wp54\\\/wp-content\\\/uploads\\\/2025\\\/02\\\/image-22.png\",\"width\":1200,\"height\":630},{\"@type\":\"BreadcrumbList\",\"@id\":\"https:\\\/\\\/radiohuancayo.com.pe\\\/wp54\\\/dt-de-bolivia-entendemos-que-peru-se-juega-una-de-sus-ultimas-chances\\\/#breadcrumb\",\"itemListElement\":[{\"@type\":\"ListItem\",\"position\":1,\"name\":\"Portada\",\"item\":\"https:\\\/\\\/radiohuancayo.com.pe\\\/wp54\\\/\"},{\"@type\":\"ListItem\",\"position\":2,\"name\":\"DT de Bolivia: &#8220;Entendemos que Per\u00fa se juega una de sus \u00faltimas chances&#8221;\"}]},{\"@type\":\"WebSite\",\"@id\":\"https:\\\/\\\/radiohuancayo.com.pe\\\/wp54\\\/#website\",\"url\":\"https:\\\/\\\/radiohuancayo.com.pe\\\/wp54\\\/\",\"name\":\"Radio Huancayo\",\"description\":\"me gusta!!!\",\"publisher\":{\"@id\":\"https:\\\/\\\/radiohuancayo.com.pe\\\/wp54\\\/#organization\"},\"potentialAction\":[{\"@type\":\"SearchAction\",\"target\":{\"@type\":\"EntryPoint\",\"urlTemplate\":\"https:\\\/\\\/radiohuancayo.com.pe\\\/wp54\\\/?s={search_term_string}\"},\"query-input\":{\"@type\":\"PropertyValueSpecification\",\"valueRequired\":true,\"valueName\":\"search_term_string\"}}],\"inLanguage\":\"es\"},{\"@type\":\"Organization\",\"@id\":\"https:\\\/\\\/radiohuancayo.com.pe\\\/wp54\\\/#organization\",\"name\":\"Radio Huancayo\",\"url\":\"https:\\\/\\\/radiohuancayo.com.pe\\\/wp54\\\/\",\"logo\":{\"@type\":\"ImageObject\",\"inLanguage\":\"es\",\"@id\":\"https:\\\/\\\/radiohuancayo.com.pe\\\/wp54\\\/#\\\/schema\\\/logo\\\/image\\\/\",\"url\":\"https:\\\/\\\/radiohuancayo.com.pe\\\/wp54\\\/wp-content\\\/uploads\\\/2022\\\/04\\\/CABE01.png\",\"contentUrl\":\"https:\\\/\\\/radiohuancayo.com.pe\\\/wp54\\\/wp-content\\\/uploads\\\/2022\\\/04\\\/CABE01.png\",\"width\":1640,\"height\":300,\"caption\":\"Radio Huancayo\"},\"image\":{\"@id\":\"https:\\\/\\\/radiohuancayo.com.pe\\\/wp54\\\/#\\\/schema\\\/logo\\\/image\\\/\"}},{\"@type\":\"Person\",\"@id\":\"https:\\\/\\\/radiohuancayo.com.pe\\\/wp54\\\/#\\\/schema\\\/person\\\/74fb124dee9900c6f4d0535fa1d2b5ae\",\"name\":\"Michel Sanchez\",\"image\":{\"@type\":\"ImageObject\",\"inLanguage\":\"es\",\"@id\":\"https:\\\/\\\/secure.gravatar.com\\\/avatar\\\/f7f6944c01b3f15a174d0cf055aea75c46697913fc8a9cf5c3cf3e8800c645f6?s=96&d=mm&r=g\",\"url\":\"https:\\\/\\\/secure.gravatar.com\\\/avatar\\\/f7f6944c01b3f15a174d0cf055aea75c46697913fc8a9cf5c3cf3e8800c645f6?s=96&d=mm&r=g\",\"contentUrl\":\"https:\\\/\\\/secure.gravatar.com\\\/avatar\\\/f7f6944c01b3f15a174d0cf055aea75c46697913fc8a9cf5c3cf3e8800c645f6?s=96&d=mm&r=g\",\"caption\":\"Michel Sanchez\"},\"url\":\"https:\\\/\\\/radiohuancayo.com.pe\\\/wp54\\\/author\\\/memoris\\\/\"}]}<\/script>\n<!-- \/ Yoast SEO plugin. -->","yoast_head_json":{"title":"DT de Bolivia: \"Entendemos que Per\u00fa se juega una de sus \u00faltimas chances\" - Radio Huancayo","robots":{"index":"index","follow":"follow","max-snippet":"max-snippet:-1","max-image-preview":"max-image-preview:large","max-video-preview":"max-video-preview:-1"},"canonical":"https:\/\/radiohuancayo.com.pe\/wp54\/dt-de-bolivia-entendemos-que-peru-se-juega-una-de-sus-ultimas-chances\/","og_locale":"es_ES","og_type":"article","og_title":"DT de Bolivia: \"Entendemos que Per\u00fa se juega una de sus \u00faltimas chances\" - Radio Huancayo","og_description":"\u00d3scar Villegas, entrenador de la Selecci\u00f3n de Bolivia,\u00a0manifest\u00f3 que tiene claro que Per\u00fa se juega una de sus \u00faltimas chances ante ellos, por lo que llegar\u00e1n con la convicci\u00f3n de rescatar puntos en Lima. \u00abSabemos que cuando hay un cambio de t\u00e9cnico, se renuevan ilusiones y los jugadores tienen una motivaci\u00f3n especial, sabemos que enfrentaremos a un Per\u00fa muy dif\u00edcil, sabemos de la trayectoria de Ib\u00e1\u00f1ez, lo enfrentamos el a\u00f1o pasado en un amistoso, sabemos que arma buenos equipos y que quiere a su pa\u00eds, entendemos que Per\u00fa se juega una de sus \u00faltimas chances para buscar la clasificaci\u00f3n, ser\u00e1 duro\u00bb, dijo Villegas. Sobre c\u00f3mo fue el tomar la selecci\u00f3n, dijo: \u00abCuando llegamos a la selecci\u00f3n la propuesta era no hacer lo mismo, tener una idea distinta, una renovaci\u00f3n, hay elementos j\u00f3venes que no tienen muchas oportunidades y nos encargamos de darle la misma para rodearlos de l\u00edderes positivos que los ayudan a crecer a los j\u00f3venes\u00bb. Acerca de d\u00f3nde juegan, apunt\u00f3: \u00abTenemos un escenario que brinda buenas condiciones, donde a cinco metros est\u00e1 la cancha y donde se vive el f\u00fatbol, hay un buen c\u00e9sped en El Alto y hemos decidido jugar all\u00ed\u00bb. El DT mencion\u00f3 que en Bolivia se est\u00e1 trabajando el tema de menores: \u00abLa Federaci\u00f3n est\u00e1 trabajando mucho en el tema de menores, se trata de organizar bastante, los clubes tambi\u00e9n han puesto de su parte, hay algunos que tienen convenios con equipos de afuera, adem\u00e1s estamos haciendo buenos scoutings, con hijos de bolivianos que jueguen fuera del pa\u00eds\u00bb. Adem\u00e1s apunt\u00f3: \u00abEstamos obligando a que el jugador joven tenga una oportunidad, en Bolivia todos los Sub-20 terminan afianz\u00e1ndose, consiguiendo ser importantes en sus equipos y gan\u00e1ndose un espacio merecido. Es obligatorio un Sub-20 y un Sub-23 en cancha, hay entrenadores que se quejan, pero cuando sale una joya, all\u00ed s\u00ed dicen que fue su descubrimiento\u00bb.","og_url":"https:\/\/radiohuancayo.com.pe\/wp54\/dt-de-bolivia-entendemos-que-peru-se-juega-una-de-sus-ultimas-chances\/","og_site_name":"Radio Huancayo","article_published_time":"2025-02-12T20:49:08+00:00","article_modified_time":"2025-02-12T20:49:09+00:00","og_image":[{"width":1200,"height":630,"url":"https:\/\/radiohuancayo.com.pe\/wp54\/wp-content\/uploads\/2025\/02\/image-22.png","type":"image\/png"}],"author":"Michel Sanchez","twitter_card":"summary_large_image","twitter_misc":{"Escrito por":"Michel Sanchez","Tiempo de lectura":"2 minutos"},"schema":{"@context":"https:\/\/schema.org","@graph":[{"@type":"Article","@id":"https:\/\/radiohuancayo.com.pe\/wp54\/dt-de-bolivia-entendemos-que-peru-se-juega-una-de-sus-ultimas-chances\/#article","isPartOf":{"@id":"https:\/\/radiohuancayo.com.pe\/wp54\/dt-de-bolivia-entendemos-que-peru-se-juega-una-de-sus-ultimas-chances\/"},"author":{"name":"Michel Sanchez","@id":"https:\/\/radiohuancayo.com.pe\/wp54\/#\/schema\/person\/74fb124dee9900c6f4d0535fa1d2b5ae"},"headline":"DT de Bolivia: \u00abEntendemos que Per\u00fa se juega una de sus \u00faltimas chances\u00bb","datePublished":"2025-02-12T20:49:08+00:00","dateModified":"2025-02-12T20:49:09+00:00","mainEntityOfPage":{"@id":"https:\/\/radiohuancayo.com.pe\/wp54\/dt-de-bolivia-entendemos-que-peru-se-juega-una-de-sus-ultimas-chances\/"},"wordCount":350,"commentCount":0,"publisher":{"@id":"https:\/\/radiohuancayo.com.pe\/wp54\/#organization"},"image":{"@id":"https:\/\/radiohuancayo.com.pe\/wp54\/dt-de-bolivia-entendemos-que-peru-se-juega-una-de-sus-ultimas-chances\/#primaryimage"},"thumbnailUrl":"https:\/\/radiohuancayo.com.pe\/wp54\/wp-content\/uploads\/2025\/02\/image-22.png","articleSection":["Deportes"],"inLanguage":"es","potentialAction":[{"@type":"CommentAction","name":"Comment","target":["https:\/\/radiohuancayo.com.pe\/wp54\/dt-de-bolivia-entendemos-que-peru-se-juega-una-de-sus-ultimas-chances\/#respond"]}]},{"@type":"WebPage","@id":"https:\/\/radiohuancayo.com.pe\/wp54\/dt-de-bolivia-entendemos-que-peru-se-juega-una-de-sus-ultimas-chances\/","url":"https:\/\/radiohuancayo.com.pe\/wp54\/dt-de-bolivia-entendemos-que-peru-se-juega-una-de-sus-ultimas-chances\/","name":"DT de Bolivia: \"Entendemos que Per\u00fa se juega una de sus \u00faltimas chances\" - Radio Huancayo","isPartOf":{"@id":"https:\/\/radiohuancayo.com.pe\/wp54\/#website"},"primaryImageOfPage":{"@id":"https:\/\/radiohuancayo.com.pe\/wp54\/dt-de-bolivia-entendemos-que-peru-se-juega-una-de-sus-ultimas-chances\/#primaryimage"},"image":{"@id":"https:\/\/radiohuancayo.com.pe\/wp54\/dt-de-bolivia-entendemos-que-peru-se-juega-una-de-sus-ultimas-chances\/#primaryimage"},"thumbnailUrl":"https:\/\/radiohuancayo.com.pe\/wp54\/wp-content\/uploads\/2025\/02\/image-22.png","datePublished":"2025-02-12T20:49:08+00:00","dateModified":"2025-02-12T20:49:09+00:00","breadcrumb":{"@id":"https:\/\/radiohuancayo.com.pe\/wp54\/dt-de-bolivia-entendemos-que-peru-se-juega-una-de-sus-ultimas-chances\/#breadcrumb"},"inLanguage":"es","potentialAction":[{"@type":"ReadAction","target":["https:\/\/radiohuancayo.com.pe\/wp54\/dt-de-bolivia-entendemos-que-peru-se-juega-una-de-sus-ultimas-chances\/"]}]},{"@type":"ImageObject","inLanguage":"es","@id":"https:\/\/radiohuancayo.com.pe\/wp54\/dt-de-bolivia-entendemos-que-peru-se-juega-una-de-sus-ultimas-chances\/#primaryimage","url":"https:\/\/radiohuancayo.com.pe\/wp54\/wp-content\/uploads\/2025\/02\/image-22.png","contentUrl":"https:\/\/radiohuancayo.com.pe\/wp54\/wp-content\/uploads\/2025\/02\/image-22.png","width":1200,"height":630},{"@type":"BreadcrumbList","@id":"https:\/\/radiohuancayo.com.pe\/wp54\/dt-de-bolivia-entendemos-que-peru-se-juega-una-de-sus-ultimas-chances\/#breadcrumb","itemListElement":[{"@type":"ListItem","position":1,"name":"Portada","item":"https:\/\/radiohuancayo.com.pe\/wp54\/"},{"@type":"ListItem","position":2,"name":"DT de Bolivia: &#8220;Entendemos que Per\u00fa se juega una de sus \u00faltimas chances&#8221;"}]},{"@type":"WebSite","@id":"https:\/\/radiohuancayo.com.pe\/wp54\/#website","url":"https:\/\/radiohuancayo.com.pe\/wp54\/","name":"Radio Huancayo","description":"me gusta!!!","publisher":{"@id":"https:\/\/radiohuancayo.com.pe\/wp54\/#organization"},"potentialAction":[{"@type":"SearchAction","target":{"@type":"EntryPoint","urlTemplate":"https:\/\/radiohuancayo.com.pe\/wp54\/?s={search_term_string}"},"query-input":{"@type":"PropertyValueSpecification","valueRequired":true,"valueName":"search_term_string"}}],"inLanguage":"es"},{"@type":"Organization","@id":"https:\/\/radiohuancayo.com.pe\/wp54\/#organization","name":"Radio Huancayo","url":"https:\/\/radiohuancayo.com.pe\/wp54\/","logo":{"@type":"ImageObject","inLanguage":"es","@id":"https:\/\/radiohuancayo.com.pe\/wp54\/#\/schema\/logo\/image\/","url":"https:\/\/radiohuancayo.com.pe\/wp54\/wp-content\/uploads\/2022\/04\/CABE01.png","contentUrl":"https:\/\/radiohuancayo.com.pe\/wp54\/wp-content\/uploads\/2022\/04\/CABE01.png","width":1640,"height":300,"caption":"Radio Huancayo"},"image":{"@id":"https:\/\/radiohuancayo.com.pe\/wp54\/#\/schema\/logo\/image\/"}},{"@type":"Person","@id":"https:\/\/radiohuancayo.com.pe\/wp54\/#\/schema\/person\/74fb124dee9900c6f4d0535fa1d2b5ae","name":"Michel Sanchez","image":{"@type":"ImageObject","inLanguage":"es","@id":"https:\/\/secure.gravatar.com\/avatar\/f7f6944c01b3f15a174d0cf055aea75c46697913fc8a9cf5c3cf3e8800c645f6?s=96&d=mm&r=g","url":"https:\/\/secure.gravatar.com\/avatar\/f7f6944c01b3f15a174d0cf055aea75c46697913fc8a9cf5c3cf3e8800c645f6?s=96&d=mm&r=g","contentUrl":"https:\/\/secure.gravatar.com\/avatar\/f7f6944c01b3f15a174d0cf055aea75c46697913fc8a9cf5c3cf3e8800c645f6?s=96&d=mm&r=g","caption":"Michel Sanchez"},"url":"https:\/\/radiohuancayo.com.pe\/wp54\/author\/memoris\/"}]}},"_links":{"self":[{"href":"https:\/\/radiohuancayo.com.pe\/wp54\/wp-json\/wp\/v2\/posts\/29532","targetHints":{"allow":["GET"]}}],"collection":[{"href":"https:\/\/radiohuancayo.com.pe\/wp54\/wp-json\/wp\/v2\/posts"}],"about":[{"href":"https:\/\/radiohuancayo.com.pe\/wp54\/wp-json\/wp\/v2\/types\/post"}],"author":[{"embeddable":true,"href":"https:\/\/radiohuancayo.com.pe\/wp54\/wp-json\/wp\/v2\/users\/2"}],"replies":[{"embeddable":true,"href":"https:\/\/radiohuancayo.com.pe\/wp54\/wp-json\/wp\/v2\/comments?post=29532"}],"version-history":[{"count":1,"href":"https:\/\/radiohuancayo.com.pe\/wp54\/wp-json\/wp\/v2\/posts\/29532\/revisions"}],"predecessor-version":[{"id":29534,"href":"https:\/\/radiohuancayo.com.pe\/wp54\/wp-json\/wp\/v2\/posts\/29532\/revisions\/29534"}],"wp:featuredmedia":[{"embeddable":true,"href":"https:\/\/radiohuancayo.com.pe\/wp54\/wp-json\/wp\/v2\/media\/29533"}],"wp:attachment":[{"href":"https:\/\/radiohuancayo.com.pe\/wp54\/wp-json\/wp\/v2\/media?parent=29532"}],"wp:term":[{"taxonomy":"category","embeddable":true,"href":"https:\/\/radiohuancayo.com.pe\/wp54\/wp-json\/wp\/v2\/categories?post=29532"},{"taxonomy":"post_tag","embeddable":true,"href":"https:\/\/radiohuancayo.com.pe\/wp54\/wp-json\/wp\/v2\/tags?post=29532"}],"curies":[{"name":"wp","href":"https:\/\/api.w.org\/{rel}","templated":true}]}}