{"id":29535,"date":"2025-02-12T15:55:30","date_gmt":"2025-02-12T20:55:30","guid":{"rendered":"https:\/\/radiohuancayo.com.pe\/wp54\/?p=29535"},"modified":"2025-02-12T15:55:31","modified_gmt":"2025-02-12T20:55:31","slug":"jacinto-rodriguez-la-localia-sera-un-plus-importante-para-que-alianza-pueda-lograr-su-clasificacion","status":"publish","type":"post","link":"https:\/\/radiohuancayo.com.pe\/wp54\/jacinto-rodriguez-la-localia-sera-un-plus-importante-para-que-alianza-pueda-lograr-su-clasificacion\/","title":{"rendered":"Jacinto Rodr\u00edguez: \u00abLa local\u00eda ser\u00e1 un plus importante para que Alianza pueda lograr su clasificaci\u00f3n\u00bb"},"content":{"rendered":"\n<p>&nbsp;Jacinto Rodr\u00edguez, exarquero paraguayo que jug\u00f3 en Alianza Lima all\u00e1 por el a\u00f1o 1995, se\u00f1al\u00f3 que la local\u00eda del recinto de Matute podr\u00eda ser un plus importante para que la escuadra blanquiazul pueda sacar adelante esta noche su choque ante Nacional por Copa Libertadores.<\/p>\n\n\n\n<p>\u00abPuedo comentarles que el a\u00f1o pasado Nacional hab\u00eda terminado bien el torneo paraguayo, incluso en las \u00faltimas tres fechas tuvo opciones de campeonar, sin embargo para este a\u00f1o cambi\u00f3 mucho su plantel y eso le est\u00e1 costando para encontrar nuevamente la cohesi\u00f3n como equipo\u00bb, dijo Rodr\u00edguez.<\/p>\n\n\n\n<p>Luego, el exarquero paraguayo, precis\u00f3 que \u00abadem\u00e1s, repercute mucho la salida del t\u00e9cnico, hoy en d\u00eda est\u00e1 Pedro Saravia que es un gran entrenador, un gran proyecto de t\u00e9cnico, pero en 15 d\u00edas no puede armar todo lo que piensa, y es por ah\u00ed por donde Alianza puede tener una leve ventaja\u00bb.<\/p>\n\n\n\n<p>Acerca del choque de ida jugado en Asunci\u00f3n, Rodr\u00edguez se\u00f1al\u00f3 que \u00abme impresion\u00f3 mucho lo que hizo Alianza en el segundo tiempo porque el primero siendo honestos Nacional lo encerr\u00f3 m\u00e1s all\u00e1 que el equipo peruano haya tenido el bal\u00f3n en su poder\u00bb.<\/p>\n\n\n\n<h3 class=\"wp-block-heading\"><strong>Nada est\u00e1 dicho<\/strong><\/h3>\n\n\n\n<p>El exportero de Alianza Lima no se guard\u00f3 nada y cerr\u00f3 diciendo que \u00absiempre la local\u00eda influye bastante e imaginamos que Alianza Lima saldr\u00e1 motivado por su gente en Matute, ese podr\u00eda ser un plus importante para tratar de conseguir su clasificaci\u00f3n. Pero, nada est\u00e1 dicho, veremos c\u00f3mo se dan las cosas en la cancha\u00bb.<\/p>\n","protected":false},"excerpt":{"rendered":"<p>&nbsp;Jacinto Rodr\u00edguez, exarquero paraguayo que jug\u00f3 en Alianza Lima all\u00e1 por el a\u00f1o 1995, se\u00f1al\u00f3 que la local\u00eda del recinto de Matute podr\u00eda ser un plus importante para que la escuadra blanquiazul pueda sacar adelante esta noche su choque ante Nacional por Copa Libertadores. \u00abPuedo comentarles que el a\u00f1o pasado Nacional hab\u00eda terminado bien el torneo paraguayo, incluso en las \u00faltimas tres fechas tuvo opciones de campeonar, sin embargo para este a\u00f1o cambi\u00f3 mucho su plantel y eso le est\u00e1 costando para encontrar nuevamente la cohesi\u00f3n como equipo\u00bb, dijo Rodr\u00edguez. Luego, el exarquero paraguayo, precis\u00f3 que \u00abadem\u00e1s, repercute mucho la salida del t\u00e9cnico, hoy en d\u00eda est\u00e1 Pedro Saravia que es un gran entrenador, un gran proyecto de t\u00e9cnico, pero en 15 d\u00edas no puede armar todo lo que piensa, y es por ah\u00ed por donde Alianza puede tener una leve ventaja\u00bb. Acerca del choque de ida jugado en Asunci\u00f3n, Rodr\u00edguez se\u00f1al\u00f3 que \u00abme impresion\u00f3 mucho lo que hizo Alianza en el segundo tiempo porque el primero siendo honestos Nacional lo encerr\u00f3 m\u00e1s all\u00e1 que el equipo peruano haya tenido el bal\u00f3n en su poder\u00bb. Nada est\u00e1 dicho El exportero de Alianza Lima no se guard\u00f3 nada y cerr\u00f3 diciendo que \u00absiempre la local\u00eda influye bastante e imaginamos que Alianza Lima saldr\u00e1 motivado por su gente en Matute, ese podr\u00eda ser un plus importante para tratar de conseguir su clasificaci\u00f3n. Pero, nada est\u00e1 dicho, veremos c\u00f3mo se dan las cosas en la cancha\u00bb.<\/p>\n","protected":false},"author":2,"featured_media":29536,"comment_status":"open","ping_status":"open","sticky":false,"template":"","format":"standard","meta":{"footnotes":""},"categories":[7],"tags":[],"class_list":["post-29535","post","type-post","status-publish","format-standard","has-post-thumbnail","hentry","category-deportes"],"yoast_head":"<!-- This site is optimized with the Yoast SEO plugin v27.5 - https:\/\/yoast.com\/product\/yoast-seo-wordpress\/ -->\n<title>Jacinto Rodr\u00edguez: &quot;La local\u00eda ser\u00e1 un plus importante para que Alianza pueda lograr su clasificaci\u00f3n&quot; - Radio Huancayo<\/title>\n<meta name=\"robots\" content=\"index, follow, max-snippet:-1, max-image-preview:large, max-video-preview:-1\" \/>\n<link rel=\"canonical\" href=\"https:\/\/radiohuancayo.com.pe\/wp54\/jacinto-rodriguez-la-localia-sera-un-plus-importante-para-que-alianza-pueda-lograr-su-clasificacion\/\" \/>\n<meta property=\"og:locale\" content=\"es_ES\" \/>\n<meta property=\"og:type\" content=\"article\" \/>\n<meta property=\"og:title\" content=\"Jacinto Rodr\u00edguez: &quot;La local\u00eda ser\u00e1 un plus importante para que Alianza pueda lograr su clasificaci\u00f3n&quot; - Radio Huancayo\" \/>\n<meta property=\"og:description\" content=\"&nbsp;Jacinto Rodr\u00edguez, exarquero paraguayo que jug\u00f3 en Alianza Lima all\u00e1 por el a\u00f1o 1995, se\u00f1al\u00f3 que la local\u00eda del recinto de Matute podr\u00eda ser un plus importante para que la escuadra blanquiazul pueda sacar adelante esta noche su choque ante Nacional por Copa Libertadores. \u00abPuedo comentarles que el a\u00f1o pasado Nacional hab\u00eda terminado bien el torneo paraguayo, incluso en las \u00faltimas tres fechas tuvo opciones de campeonar, sin embargo para este a\u00f1o cambi\u00f3 mucho su plantel y eso le est\u00e1 costando para encontrar nuevamente la cohesi\u00f3n como equipo\u00bb, dijo Rodr\u00edguez. Luego, el exarquero paraguayo, precis\u00f3 que \u00abadem\u00e1s, repercute mucho la salida del t\u00e9cnico, hoy en d\u00eda est\u00e1 Pedro Saravia que es un gran entrenador, un gran proyecto de t\u00e9cnico, pero en 15 d\u00edas no puede armar todo lo que piensa, y es por ah\u00ed por donde Alianza puede tener una leve ventaja\u00bb. Acerca del choque de ida jugado en Asunci\u00f3n, Rodr\u00edguez se\u00f1al\u00f3 que \u00abme impresion\u00f3 mucho lo que hizo Alianza en el segundo tiempo porque el primero siendo honestos Nacional lo encerr\u00f3 m\u00e1s all\u00e1 que el equipo peruano haya tenido el bal\u00f3n en su poder\u00bb. Nada est\u00e1 dicho El exportero de Alianza Lima no se guard\u00f3 nada y cerr\u00f3 diciendo que \u00absiempre la local\u00eda influye bastante e imaginamos que Alianza Lima saldr\u00e1 motivado por su gente en Matute, ese podr\u00eda ser un plus importante para tratar de conseguir su clasificaci\u00f3n. Pero, nada est\u00e1 dicho, veremos c\u00f3mo se dan las cosas en la cancha\u00bb.\" \/>\n<meta property=\"og:url\" content=\"https:\/\/radiohuancayo.com.pe\/wp54\/jacinto-rodriguez-la-localia-sera-un-plus-importante-para-que-alianza-pueda-lograr-su-clasificacion\/\" \/>\n<meta property=\"og:site_name\" content=\"Radio Huancayo\" \/>\n<meta property=\"article:published_time\" content=\"2025-02-12T20:55:30+00:00\" \/>\n<meta property=\"article:modified_time\" content=\"2025-02-12T20:55:31+00:00\" \/>\n<meta property=\"og:image\" content=\"https:\/\/radiohuancayo.com.pe\/wp54\/wp-content\/uploads\/2025\/02\/image-23.png\" \/>\n\t<meta property=\"og:image:width\" content=\"1200\" \/>\n\t<meta property=\"og:image:height\" content=\"630\" \/>\n\t<meta property=\"og:image:type\" content=\"image\/png\" \/>\n<meta name=\"author\" content=\"Michel Sanchez\" \/>\n<meta name=\"twitter:card\" content=\"summary_large_image\" \/>\n<meta name=\"twitter:label1\" content=\"Escrito por\" \/>\n\t<meta name=\"twitter:data1\" content=\"Michel Sanchez\" \/>\n\t<meta name=\"twitter:label2\" content=\"Tiempo de lectura\" \/>\n\t<meta name=\"twitter:data2\" content=\"2 minutos\" \/>\n<script type=\"application\/ld+json\" class=\"yoast-schema-graph\">{\"@context\":\"https:\\\/\\\/schema.org\",\"@graph\":[{\"@type\":\"Article\",\"@id\":\"https:\\\/\\\/radiohuancayo.com.pe\\\/wp54\\\/jacinto-rodriguez-la-localia-sera-un-plus-importante-para-que-alianza-pueda-lograr-su-clasificacion\\\/#article\",\"isPartOf\":{\"@id\":\"https:\\\/\\\/radiohuancayo.com.pe\\\/wp54\\\/jacinto-rodriguez-la-localia-sera-un-plus-importante-para-que-alianza-pueda-lograr-su-clasificacion\\\/\"},\"author\":{\"name\":\"Michel Sanchez\",\"@id\":\"https:\\\/\\\/radiohuancayo.com.pe\\\/wp54\\\/#\\\/schema\\\/person\\\/74fb124dee9900c6f4d0535fa1d2b5ae\"},\"headline\":\"Jacinto Rodr\u00edguez: \u00abLa local\u00eda ser\u00e1 un plus importante para que Alianza pueda lograr su clasificaci\u00f3n\u00bb\",\"datePublished\":\"2025-02-12T20:55:30+00:00\",\"dateModified\":\"2025-02-12T20:55:31+00:00\",\"mainEntityOfPage\":{\"@id\":\"https:\\\/\\\/radiohuancayo.com.pe\\\/wp54\\\/jacinto-rodriguez-la-localia-sera-un-plus-importante-para-que-alianza-pueda-lograr-su-clasificacion\\\/\"},\"wordCount\":284,\"commentCount\":0,\"publisher\":{\"@id\":\"https:\\\/\\\/radiohuancayo.com.pe\\\/wp54\\\/#organization\"},\"image\":{\"@id\":\"https:\\\/\\\/radiohuancayo.com.pe\\\/wp54\\\/jacinto-rodriguez-la-localia-sera-un-plus-importante-para-que-alianza-pueda-lograr-su-clasificacion\\\/#primaryimage\"},\"thumbnailUrl\":\"https:\\\/\\\/radiohuancayo.com.pe\\\/wp54\\\/wp-content\\\/uploads\\\/2025\\\/02\\\/image-23.png\",\"articleSection\":[\"Deportes\"],\"inLanguage\":\"es\",\"potentialAction\":[{\"@type\":\"CommentAction\",\"name\":\"Comment\",\"target\":[\"https:\\\/\\\/radiohuancayo.com.pe\\\/wp54\\\/jacinto-rodriguez-la-localia-sera-un-plus-importante-para-que-alianza-pueda-lograr-su-clasificacion\\\/#respond\"]}]},{\"@type\":\"WebPage\",\"@id\":\"https:\\\/\\\/radiohuancayo.com.pe\\\/wp54\\\/jacinto-rodriguez-la-localia-sera-un-plus-importante-para-que-alianza-pueda-lograr-su-clasificacion\\\/\",\"url\":\"https:\\\/\\\/radiohuancayo.com.pe\\\/wp54\\\/jacinto-rodriguez-la-localia-sera-un-plus-importante-para-que-alianza-pueda-lograr-su-clasificacion\\\/\",\"name\":\"Jacinto Rodr\u00edguez: \\\"La local\u00eda ser\u00e1 un plus importante para que Alianza pueda lograr su clasificaci\u00f3n\\\" - Radio Huancayo\",\"isPartOf\":{\"@id\":\"https:\\\/\\\/radiohuancayo.com.pe\\\/wp54\\\/#website\"},\"primaryImageOfPage\":{\"@id\":\"https:\\\/\\\/radiohuancayo.com.pe\\\/wp54\\\/jacinto-rodriguez-la-localia-sera-un-plus-importante-para-que-alianza-pueda-lograr-su-clasificacion\\\/#primaryimage\"},\"image\":{\"@id\":\"https:\\\/\\\/radiohuancayo.com.pe\\\/wp54\\\/jacinto-rodriguez-la-localia-sera-un-plus-importante-para-que-alianza-pueda-lograr-su-clasificacion\\\/#primaryimage\"},\"thumbnailUrl\":\"https:\\\/\\\/radiohuancayo.com.pe\\\/wp54\\\/wp-content\\\/uploads\\\/2025\\\/02\\\/image-23.png\",\"datePublished\":\"2025-02-12T20:55:30+00:00\",\"dateModified\":\"2025-02-12T20:55:31+00:00\",\"breadcrumb\":{\"@id\":\"https:\\\/\\\/radiohuancayo.com.pe\\\/wp54\\\/jacinto-rodriguez-la-localia-sera-un-plus-importante-para-que-alianza-pueda-lograr-su-clasificacion\\\/#breadcrumb\"},\"inLanguage\":\"es\",\"potentialAction\":[{\"@type\":\"ReadAction\",\"target\":[\"https:\\\/\\\/radiohuancayo.com.pe\\\/wp54\\\/jacinto-rodriguez-la-localia-sera-un-plus-importante-para-que-alianza-pueda-lograr-su-clasificacion\\\/\"]}]},{\"@type\":\"ImageObject\",\"inLanguage\":\"es\",\"@id\":\"https:\\\/\\\/radiohuancayo.com.pe\\\/wp54\\\/jacinto-rodriguez-la-localia-sera-un-plus-importante-para-que-alianza-pueda-lograr-su-clasificacion\\\/#primaryimage\",\"url\":\"https:\\\/\\\/radiohuancayo.com.pe\\\/wp54\\\/wp-content\\\/uploads\\\/2025\\\/02\\\/image-23.png\",\"contentUrl\":\"https:\\\/\\\/radiohuancayo.com.pe\\\/wp54\\\/wp-content\\\/uploads\\\/2025\\\/02\\\/image-23.png\",\"width\":1200,\"height\":630},{\"@type\":\"BreadcrumbList\",\"@id\":\"https:\\\/\\\/radiohuancayo.com.pe\\\/wp54\\\/jacinto-rodriguez-la-localia-sera-un-plus-importante-para-que-alianza-pueda-lograr-su-clasificacion\\\/#breadcrumb\",\"itemListElement\":[{\"@type\":\"ListItem\",\"position\":1,\"name\":\"Portada\",\"item\":\"https:\\\/\\\/radiohuancayo.com.pe\\\/wp54\\\/\"},{\"@type\":\"ListItem\",\"position\":2,\"name\":\"Jacinto Rodr\u00edguez: &#8220;La local\u00eda ser\u00e1 un plus importante para que Alianza pueda lograr su clasificaci\u00f3n&#8221;\"}]},{\"@type\":\"WebSite\",\"@id\":\"https:\\\/\\\/radiohuancayo.com.pe\\\/wp54\\\/#website\",\"url\":\"https:\\\/\\\/radiohuancayo.com.pe\\\/wp54\\\/\",\"name\":\"Radio Huancayo\",\"description\":\"me gusta!!!\",\"publisher\":{\"@id\":\"https:\\\/\\\/radiohuancayo.com.pe\\\/wp54\\\/#organization\"},\"potentialAction\":[{\"@type\":\"SearchAction\",\"target\":{\"@type\":\"EntryPoint\",\"urlTemplate\":\"https:\\\/\\\/radiohuancayo.com.pe\\\/wp54\\\/?s={search_term_string}\"},\"query-input\":{\"@type\":\"PropertyValueSpecification\",\"valueRequired\":true,\"valueName\":\"search_term_string\"}}],\"inLanguage\":\"es\"},{\"@type\":\"Organization\",\"@id\":\"https:\\\/\\\/radiohuancayo.com.pe\\\/wp54\\\/#organization\",\"name\":\"Radio Huancayo\",\"url\":\"https:\\\/\\\/radiohuancayo.com.pe\\\/wp54\\\/\",\"logo\":{\"@type\":\"ImageObject\",\"inLanguage\":\"es\",\"@id\":\"https:\\\/\\\/radiohuancayo.com.pe\\\/wp54\\\/#\\\/schema\\\/logo\\\/image\\\/\",\"url\":\"https:\\\/\\\/radiohuancayo.com.pe\\\/wp54\\\/wp-content\\\/uploads\\\/2022\\\/04\\\/CABE01.png\",\"contentUrl\":\"https:\\\/\\\/radiohuancayo.com.pe\\\/wp54\\\/wp-content\\\/uploads\\\/2022\\\/04\\\/CABE01.png\",\"width\":1640,\"height\":300,\"caption\":\"Radio Huancayo\"},\"image\":{\"@id\":\"https:\\\/\\\/radiohuancayo.com.pe\\\/wp54\\\/#\\\/schema\\\/logo\\\/image\\\/\"}},{\"@type\":\"Person\",\"@id\":\"https:\\\/\\\/radiohuancayo.com.pe\\\/wp54\\\/#\\\/schema\\\/person\\\/74fb124dee9900c6f4d0535fa1d2b5ae\",\"name\":\"Michel Sanchez\",\"image\":{\"@type\":\"ImageObject\",\"inLanguage\":\"es\",\"@id\":\"https:\\\/\\\/secure.gravatar.com\\\/avatar\\\/f7f6944c01b3f15a174d0cf055aea75c46697913fc8a9cf5c3cf3e8800c645f6?s=96&d=mm&r=g\",\"url\":\"https:\\\/\\\/secure.gravatar.com\\\/avatar\\\/f7f6944c01b3f15a174d0cf055aea75c46697913fc8a9cf5c3cf3e8800c645f6?s=96&d=mm&r=g\",\"contentUrl\":\"https:\\\/\\\/secure.gravatar.com\\\/avatar\\\/f7f6944c01b3f15a174d0cf055aea75c46697913fc8a9cf5c3cf3e8800c645f6?s=96&d=mm&r=g\",\"caption\":\"Michel Sanchez\"},\"url\":\"https:\\\/\\\/radiohuancayo.com.pe\\\/wp54\\\/author\\\/memoris\\\/\"}]}<\/script>\n<!-- \/ Yoast SEO plugin. -->","yoast_head_json":{"title":"Jacinto Rodr\u00edguez: \"La local\u00eda ser\u00e1 un plus importante para que Alianza pueda lograr su clasificaci\u00f3n\" - Radio Huancayo","robots":{"index":"index","follow":"follow","max-snippet":"max-snippet:-1","max-image-preview":"max-image-preview:large","max-video-preview":"max-video-preview:-1"},"canonical":"https:\/\/radiohuancayo.com.pe\/wp54\/jacinto-rodriguez-la-localia-sera-un-plus-importante-para-que-alianza-pueda-lograr-su-clasificacion\/","og_locale":"es_ES","og_type":"article","og_title":"Jacinto Rodr\u00edguez: \"La local\u00eda ser\u00e1 un plus importante para que Alianza pueda lograr su clasificaci\u00f3n\" - Radio Huancayo","og_description":"&nbsp;Jacinto Rodr\u00edguez, exarquero paraguayo que jug\u00f3 en Alianza Lima all\u00e1 por el a\u00f1o 1995, se\u00f1al\u00f3 que la local\u00eda del recinto de Matute podr\u00eda ser un plus importante para que la escuadra blanquiazul pueda sacar adelante esta noche su choque ante Nacional por Copa Libertadores. \u00abPuedo comentarles que el a\u00f1o pasado Nacional hab\u00eda terminado bien el torneo paraguayo, incluso en las \u00faltimas tres fechas tuvo opciones de campeonar, sin embargo para este a\u00f1o cambi\u00f3 mucho su plantel y eso le est\u00e1 costando para encontrar nuevamente la cohesi\u00f3n como equipo\u00bb, dijo Rodr\u00edguez. Luego, el exarquero paraguayo, precis\u00f3 que \u00abadem\u00e1s, repercute mucho la salida del t\u00e9cnico, hoy en d\u00eda est\u00e1 Pedro Saravia que es un gran entrenador, un gran proyecto de t\u00e9cnico, pero en 15 d\u00edas no puede armar todo lo que piensa, y es por ah\u00ed por donde Alianza puede tener una leve ventaja\u00bb. Acerca del choque de ida jugado en Asunci\u00f3n, Rodr\u00edguez se\u00f1al\u00f3 que \u00abme impresion\u00f3 mucho lo que hizo Alianza en el segundo tiempo porque el primero siendo honestos Nacional lo encerr\u00f3 m\u00e1s all\u00e1 que el equipo peruano haya tenido el bal\u00f3n en su poder\u00bb. Nada est\u00e1 dicho El exportero de Alianza Lima no se guard\u00f3 nada y cerr\u00f3 diciendo que \u00absiempre la local\u00eda influye bastante e imaginamos que Alianza Lima saldr\u00e1 motivado por su gente en Matute, ese podr\u00eda ser un plus importante para tratar de conseguir su clasificaci\u00f3n. Pero, nada est\u00e1 dicho, veremos c\u00f3mo se dan las cosas en la cancha\u00bb.","og_url":"https:\/\/radiohuancayo.com.pe\/wp54\/jacinto-rodriguez-la-localia-sera-un-plus-importante-para-que-alianza-pueda-lograr-su-clasificacion\/","og_site_name":"Radio Huancayo","article_published_time":"2025-02-12T20:55:30+00:00","article_modified_time":"2025-02-12T20:55:31+00:00","og_image":[{"width":1200,"height":630,"url":"https:\/\/radiohuancayo.com.pe\/wp54\/wp-content\/uploads\/2025\/02\/image-23.png","type":"image\/png"}],"author":"Michel Sanchez","twitter_card":"summary_large_image","twitter_misc":{"Escrito por":"Michel Sanchez","Tiempo de lectura":"2 minutos"},"schema":{"@context":"https:\/\/schema.org","@graph":[{"@type":"Article","@id":"https:\/\/radiohuancayo.com.pe\/wp54\/jacinto-rodriguez-la-localia-sera-un-plus-importante-para-que-alianza-pueda-lograr-su-clasificacion\/#article","isPartOf":{"@id":"https:\/\/radiohuancayo.com.pe\/wp54\/jacinto-rodriguez-la-localia-sera-un-plus-importante-para-que-alianza-pueda-lograr-su-clasificacion\/"},"author":{"name":"Michel Sanchez","@id":"https:\/\/radiohuancayo.com.pe\/wp54\/#\/schema\/person\/74fb124dee9900c6f4d0535fa1d2b5ae"},"headline":"Jacinto Rodr\u00edguez: \u00abLa local\u00eda ser\u00e1 un plus importante para que Alianza pueda lograr su clasificaci\u00f3n\u00bb","datePublished":"2025-02-12T20:55:30+00:00","dateModified":"2025-02-12T20:55:31+00:00","mainEntityOfPage":{"@id":"https:\/\/radiohuancayo.com.pe\/wp54\/jacinto-rodriguez-la-localia-sera-un-plus-importante-para-que-alianza-pueda-lograr-su-clasificacion\/"},"wordCount":284,"commentCount":0,"publisher":{"@id":"https:\/\/radiohuancayo.com.pe\/wp54\/#organization"},"image":{"@id":"https:\/\/radiohuancayo.com.pe\/wp54\/jacinto-rodriguez-la-localia-sera-un-plus-importante-para-que-alianza-pueda-lograr-su-clasificacion\/#primaryimage"},"thumbnailUrl":"https:\/\/radiohuancayo.com.pe\/wp54\/wp-content\/uploads\/2025\/02\/image-23.png","articleSection":["Deportes"],"inLanguage":"es","potentialAction":[{"@type":"CommentAction","name":"Comment","target":["https:\/\/radiohuancayo.com.pe\/wp54\/jacinto-rodriguez-la-localia-sera-un-plus-importante-para-que-alianza-pueda-lograr-su-clasificacion\/#respond"]}]},{"@type":"WebPage","@id":"https:\/\/radiohuancayo.com.pe\/wp54\/jacinto-rodriguez-la-localia-sera-un-plus-importante-para-que-alianza-pueda-lograr-su-clasificacion\/","url":"https:\/\/radiohuancayo.com.pe\/wp54\/jacinto-rodriguez-la-localia-sera-un-plus-importante-para-que-alianza-pueda-lograr-su-clasificacion\/","name":"Jacinto Rodr\u00edguez: \"La local\u00eda ser\u00e1 un plus importante para que Alianza pueda lograr su clasificaci\u00f3n\" - Radio Huancayo","isPartOf":{"@id":"https:\/\/radiohuancayo.com.pe\/wp54\/#website"},"primaryImageOfPage":{"@id":"https:\/\/radiohuancayo.com.pe\/wp54\/jacinto-rodriguez-la-localia-sera-un-plus-importante-para-que-alianza-pueda-lograr-su-clasificacion\/#primaryimage"},"image":{"@id":"https:\/\/radiohuancayo.com.pe\/wp54\/jacinto-rodriguez-la-localia-sera-un-plus-importante-para-que-alianza-pueda-lograr-su-clasificacion\/#primaryimage"},"thumbnailUrl":"https:\/\/radiohuancayo.com.pe\/wp54\/wp-content\/uploads\/2025\/02\/image-23.png","datePublished":"2025-02-12T20:55:30+00:00","dateModified":"2025-02-12T20:55:31+00:00","breadcrumb":{"@id":"https:\/\/radiohuancayo.com.pe\/wp54\/jacinto-rodriguez-la-localia-sera-un-plus-importante-para-que-alianza-pueda-lograr-su-clasificacion\/#breadcrumb"},"inLanguage":"es","potentialAction":[{"@type":"ReadAction","target":["https:\/\/radiohuancayo.com.pe\/wp54\/jacinto-rodriguez-la-localia-sera-un-plus-importante-para-que-alianza-pueda-lograr-su-clasificacion\/"]}]},{"@type":"ImageObject","inLanguage":"es","@id":"https:\/\/radiohuancayo.com.pe\/wp54\/jacinto-rodriguez-la-localia-sera-un-plus-importante-para-que-alianza-pueda-lograr-su-clasificacion\/#primaryimage","url":"https:\/\/radiohuancayo.com.pe\/wp54\/wp-content\/uploads\/2025\/02\/image-23.png","contentUrl":"https:\/\/radiohuancayo.com.pe\/wp54\/wp-content\/uploads\/2025\/02\/image-23.png","width":1200,"height":630},{"@type":"BreadcrumbList","@id":"https:\/\/radiohuancayo.com.pe\/wp54\/jacinto-rodriguez-la-localia-sera-un-plus-importante-para-que-alianza-pueda-lograr-su-clasificacion\/#breadcrumb","itemListElement":[{"@type":"ListItem","position":1,"name":"Portada","item":"https:\/\/radiohuancayo.com.pe\/wp54\/"},{"@type":"ListItem","position":2,"name":"Jacinto Rodr\u00edguez: &#8220;La local\u00eda ser\u00e1 un plus importante para que Alianza pueda lograr su clasificaci\u00f3n&#8221;"}]},{"@type":"WebSite","@id":"https:\/\/radiohuancayo.com.pe\/wp54\/#website","url":"https:\/\/radiohuancayo.com.pe\/wp54\/","name":"Radio Huancayo","description":"me gusta!!!","publisher":{"@id":"https:\/\/radiohuancayo.com.pe\/wp54\/#organization"},"potentialAction":[{"@type":"SearchAction","target":{"@type":"EntryPoint","urlTemplate":"https:\/\/radiohuancayo.com.pe\/wp54\/?s={search_term_string}"},"query-input":{"@type":"PropertyValueSpecification","valueRequired":true,"valueName":"search_term_string"}}],"inLanguage":"es"},{"@type":"Organization","@id":"https:\/\/radiohuancayo.com.pe\/wp54\/#organization","name":"Radio Huancayo","url":"https:\/\/radiohuancayo.com.pe\/wp54\/","logo":{"@type":"ImageObject","inLanguage":"es","@id":"https:\/\/radiohuancayo.com.pe\/wp54\/#\/schema\/logo\/image\/","url":"https:\/\/radiohuancayo.com.pe\/wp54\/wp-content\/uploads\/2022\/04\/CABE01.png","contentUrl":"https:\/\/radiohuancayo.com.pe\/wp54\/wp-content\/uploads\/2022\/04\/CABE01.png","width":1640,"height":300,"caption":"Radio Huancayo"},"image":{"@id":"https:\/\/radiohuancayo.com.pe\/wp54\/#\/schema\/logo\/image\/"}},{"@type":"Person","@id":"https:\/\/radiohuancayo.com.pe\/wp54\/#\/schema\/person\/74fb124dee9900c6f4d0535fa1d2b5ae","name":"Michel Sanchez","image":{"@type":"ImageObject","inLanguage":"es","@id":"https:\/\/secure.gravatar.com\/avatar\/f7f6944c01b3f15a174d0cf055aea75c46697913fc8a9cf5c3cf3e8800c645f6?s=96&d=mm&r=g","url":"https:\/\/secure.gravatar.com\/avatar\/f7f6944c01b3f15a174d0cf055aea75c46697913fc8a9cf5c3cf3e8800c645f6?s=96&d=mm&r=g","contentUrl":"https:\/\/secure.gravatar.com\/avatar\/f7f6944c01b3f15a174d0cf055aea75c46697913fc8a9cf5c3cf3e8800c645f6?s=96&d=mm&r=g","caption":"Michel Sanchez"},"url":"https:\/\/radiohuancayo.com.pe\/wp54\/author\/memoris\/"}]}},"_links":{"self":[{"href":"https:\/\/radiohuancayo.com.pe\/wp54\/wp-json\/wp\/v2\/posts\/29535","targetHints":{"allow":["GET"]}}],"collection":[{"href":"https:\/\/radiohuancayo.com.pe\/wp54\/wp-json\/wp\/v2\/posts"}],"about":[{"href":"https:\/\/radiohuancayo.com.pe\/wp54\/wp-json\/wp\/v2\/types\/post"}],"author":[{"embeddable":true,"href":"https:\/\/radiohuancayo.com.pe\/wp54\/wp-json\/wp\/v2\/users\/2"}],"replies":[{"embeddable":true,"href":"https:\/\/radiohuancayo.com.pe\/wp54\/wp-json\/wp\/v2\/comments?post=29535"}],"version-history":[{"count":1,"href":"https:\/\/radiohuancayo.com.pe\/wp54\/wp-json\/wp\/v2\/posts\/29535\/revisions"}],"predecessor-version":[{"id":29537,"href":"https:\/\/radiohuancayo.com.pe\/wp54\/wp-json\/wp\/v2\/posts\/29535\/revisions\/29537"}],"wp:featuredmedia":[{"embeddable":true,"href":"https:\/\/radiohuancayo.com.pe\/wp54\/wp-json\/wp\/v2\/media\/29536"}],"wp:attachment":[{"href":"https:\/\/radiohuancayo.com.pe\/wp54\/wp-json\/wp\/v2\/media?parent=29535"}],"wp:term":[{"taxonomy":"category","embeddable":true,"href":"https:\/\/radiohuancayo.com.pe\/wp54\/wp-json\/wp\/v2\/categories?post=29535"},{"taxonomy":"post_tag","embeddable":true,"href":"https:\/\/radiohuancayo.com.pe\/wp54\/wp-json\/wp\/v2\/tags?post=29535"}],"curies":[{"name":"wp","href":"https:\/\/api.w.org\/{rel}","templated":true}]}}