{"id":29563,"date":"2025-02-13T16:31:12","date_gmt":"2025-02-13T21:31:12","guid":{"rendered":"https:\/\/radiohuancayo.com.pe\/wp54\/?p=29563"},"modified":"2025-02-13T16:31:13","modified_gmt":"2025-02-13T21:31:13","slug":"arbitro-argentino-y-chileno-conoce-los-encargados-de-dirigir-a-peru-en-la-fecha-doble-de-marzo","status":"publish","type":"post","link":"https:\/\/radiohuancayo.com.pe\/wp54\/arbitro-argentino-y-chileno-conoce-los-encargados-de-dirigir-a-peru-en-la-fecha-doble-de-marzo\/","title":{"rendered":"\u00a1\u00c1rbitro argentino y chileno! Conoce los encargados de dirigir a Per\u00fa en la fecha doble de marzo"},"content":{"rendered":"\n<figure class=\"wp-block-image size-large\"><img fetchpriority=\"high\" decoding=\"async\" width=\"1024\" height=\"538\" src=\"https:\/\/radiohuancayo.com.pe\/wp54\/wp-content\/uploads\/2025\/02\/image-32-1024x538.png\" alt=\"\" class=\"wp-image-29564\" srcset=\"https:\/\/radiohuancayo.com.pe\/wp54\/wp-content\/uploads\/2025\/02\/image-32-1024x538.png 1024w, https:\/\/radiohuancayo.com.pe\/wp54\/wp-content\/uploads\/2025\/02\/image-32-300x158.png 300w, https:\/\/radiohuancayo.com.pe\/wp54\/wp-content\/uploads\/2025\/02\/image-32-768x403.png 768w, https:\/\/radiohuancayo.com.pe\/wp54\/wp-content\/uploads\/2025\/02\/image-32.png 1200w\" sizes=\"(max-width: 1024px) 100vw, 1024px\" \/><\/figure>\n\n\n\n<p>e dio a conocer las ternas arbitrales que estar\u00e1n a cargo de los duelos de las Clasificatorias de la Selecci\u00f3n peruana en marzo, en donde Per\u00fa enfrentar\u00e1 a Bolivia y visitar\u00e1 a Venezuela.<\/p>\n\n\n\n<p>En el caso del choque entre peruanos y bolivianos, el encargado fue el argentino Yael Falc\u00f3n, acompa\u00f1ado de Maximiliano Del Yesso y Facundo Rodr\u00edguez, mientras el VAR estar\u00e1 comandado por Germ\u00e1n Delfino.<\/p>\n\n\n\n<p>Mientras para el choque entre la &#8216;Vinotinto&#8217; y &#8216;Bicolor&#8217; se design\u00f3 una terna chilena, siendo Cristian Garay el juez principal, teniendo como asistentes a Claudio Urrutia y Alejandro Molina. El VAR estar\u00e1 liderado por Juan Lara.<\/p>\n\n\n\n<h4 class=\"wp-block-heading\">\u00bfCU\u00c1NDO JUGAR\u00c1 PER\u00da POR CLASIFICATORIAS?<\/h4>\n\n\n\n<p>Per\u00fa est\u00e1 urgido de sumar seis unidades si quiere seguir so\u00f1ando, ya que est\u00e1 \u00faltimo con 7 unidades. El jueves 20 de marzo a las 8:30 p.m. recibir\u00e1 a Bolivia, y el martes 25 de marzo, a las 7:00 p.m. chocar\u00e1 ante Venezuela.<\/p>\n","protected":false},"excerpt":{"rendered":"<p>e dio a conocer las ternas arbitrales que estar\u00e1n a cargo de los duelos de las Clasificatorias de la Selecci\u00f3n peruana en marzo, en donde Per\u00fa enfrentar\u00e1 a Bolivia y visitar\u00e1 a Venezuela. En el caso del choque entre peruanos y bolivianos, el encargado fue el argentino Yael Falc\u00f3n, acompa\u00f1ado de Maximiliano Del Yesso y Facundo Rodr\u00edguez, mientras el VAR estar\u00e1 comandado por Germ\u00e1n Delfino. Mientras para el choque entre la &#8216;Vinotinto&#8217; y &#8216;Bicolor&#8217; se design\u00f3 una terna chilena, siendo Cristian Garay el juez principal, teniendo como asistentes a Claudio Urrutia y Alejandro Molina. El VAR estar\u00e1 liderado por Juan Lara. \u00bfCU\u00c1NDO JUGAR\u00c1 PER\u00da POR CLASIFICATORIAS? Per\u00fa est\u00e1 urgido de sumar seis unidades si quiere seguir so\u00f1ando, ya que est\u00e1 \u00faltimo con 7 unidades. El jueves 20 de marzo a las 8:30 p.m. recibir\u00e1 a Bolivia, y el martes 25 de marzo, a las 7:00 p.m. chocar\u00e1 ante Venezuela.<\/p>\n","protected":false},"author":2,"featured_media":29564,"comment_status":"open","ping_status":"open","sticky":false,"template":"","format":"standard","meta":{"footnotes":""},"categories":[7],"tags":[],"class_list":["post-29563","post","type-post","status-publish","format-standard","has-post-thumbnail","hentry","category-deportes"],"yoast_head":"<!-- This site is optimized with the Yoast SEO plugin v27.5 - https:\/\/yoast.com\/product\/yoast-seo-wordpress\/ -->\n<title>\u00a1\u00c1rbitro argentino y chileno! Conoce los encargados de dirigir a Per\u00fa en la fecha doble de marzo - Radio Huancayo<\/title>\n<meta name=\"robots\" content=\"index, follow, max-snippet:-1, max-image-preview:large, max-video-preview:-1\" \/>\n<link rel=\"canonical\" href=\"https:\/\/radiohuancayo.com.pe\/wp54\/arbitro-argentino-y-chileno-conoce-los-encargados-de-dirigir-a-peru-en-la-fecha-doble-de-marzo\/\" \/>\n<meta property=\"og:locale\" content=\"es_ES\" \/>\n<meta property=\"og:type\" content=\"article\" \/>\n<meta property=\"og:title\" content=\"\u00a1\u00c1rbitro argentino y chileno! Conoce los encargados de dirigir a Per\u00fa en la fecha doble de marzo - Radio Huancayo\" \/>\n<meta property=\"og:description\" content=\"e dio a conocer las ternas arbitrales que estar\u00e1n a cargo de los duelos de las Clasificatorias de la Selecci\u00f3n peruana en marzo, en donde Per\u00fa enfrentar\u00e1 a Bolivia y visitar\u00e1 a Venezuela. En el caso del choque entre peruanos y bolivianos, el encargado fue el argentino Yael Falc\u00f3n, acompa\u00f1ado de Maximiliano Del Yesso y Facundo Rodr\u00edguez, mientras el VAR estar\u00e1 comandado por Germ\u00e1n Delfino. Mientras para el choque entre la &#8216;Vinotinto&#8217; y &#8216;Bicolor&#8217; se design\u00f3 una terna chilena, siendo Cristian Garay el juez principal, teniendo como asistentes a Claudio Urrutia y Alejandro Molina. El VAR estar\u00e1 liderado por Juan Lara. \u00bfCU\u00c1NDO JUGAR\u00c1 PER\u00da POR CLASIFICATORIAS? Per\u00fa est\u00e1 urgido de sumar seis unidades si quiere seguir so\u00f1ando, ya que est\u00e1 \u00faltimo con 7 unidades. El jueves 20 de marzo a las 8:30 p.m. recibir\u00e1 a Bolivia, y el martes 25 de marzo, a las 7:00 p.m. chocar\u00e1 ante Venezuela.\" \/>\n<meta property=\"og:url\" content=\"https:\/\/radiohuancayo.com.pe\/wp54\/arbitro-argentino-y-chileno-conoce-los-encargados-de-dirigir-a-peru-en-la-fecha-doble-de-marzo\/\" \/>\n<meta property=\"og:site_name\" content=\"Radio Huancayo\" \/>\n<meta property=\"article:published_time\" content=\"2025-02-13T21:31:12+00:00\" \/>\n<meta property=\"article:modified_time\" content=\"2025-02-13T21:31:13+00:00\" \/>\n<meta property=\"og:image\" content=\"https:\/\/radiohuancayo.com.pe\/wp54\/wp-content\/uploads\/2025\/02\/image-32.png\" \/>\n\t<meta property=\"og:image:width\" content=\"1200\" \/>\n\t<meta property=\"og:image:height\" content=\"630\" \/>\n\t<meta property=\"og:image:type\" content=\"image\/png\" \/>\n<meta name=\"author\" content=\"Michel Sanchez\" \/>\n<meta name=\"twitter:card\" content=\"summary_large_image\" \/>\n<meta name=\"twitter:label1\" content=\"Escrito por\" \/>\n\t<meta name=\"twitter:data1\" content=\"Michel Sanchez\" \/>\n\t<meta name=\"twitter:label2\" content=\"Tiempo de lectura\" \/>\n\t<meta name=\"twitter:data2\" content=\"2 minutos\" \/>\n<script type=\"application\/ld+json\" class=\"yoast-schema-graph\">{\"@context\":\"https:\\\/\\\/schema.org\",\"@graph\":[{\"@type\":\"Article\",\"@id\":\"https:\\\/\\\/radiohuancayo.com.pe\\\/wp54\\\/arbitro-argentino-y-chileno-conoce-los-encargados-de-dirigir-a-peru-en-la-fecha-doble-de-marzo\\\/#article\",\"isPartOf\":{\"@id\":\"https:\\\/\\\/radiohuancayo.com.pe\\\/wp54\\\/arbitro-argentino-y-chileno-conoce-los-encargados-de-dirigir-a-peru-en-la-fecha-doble-de-marzo\\\/\"},\"author\":{\"name\":\"Michel Sanchez\",\"@id\":\"https:\\\/\\\/radiohuancayo.com.pe\\\/wp54\\\/#\\\/schema\\\/person\\\/74fb124dee9900c6f4d0535fa1d2b5ae\"},\"headline\":\"\u00a1\u00c1rbitro argentino y chileno! Conoce los encargados de dirigir a Per\u00fa en la fecha doble de marzo\",\"datePublished\":\"2025-02-13T21:31:12+00:00\",\"dateModified\":\"2025-02-13T21:31:13+00:00\",\"mainEntityOfPage\":{\"@id\":\"https:\\\/\\\/radiohuancayo.com.pe\\\/wp54\\\/arbitro-argentino-y-chileno-conoce-los-encargados-de-dirigir-a-peru-en-la-fecha-doble-de-marzo\\\/\"},\"wordCount\":171,\"commentCount\":0,\"publisher\":{\"@id\":\"https:\\\/\\\/radiohuancayo.com.pe\\\/wp54\\\/#organization\"},\"image\":{\"@id\":\"https:\\\/\\\/radiohuancayo.com.pe\\\/wp54\\\/arbitro-argentino-y-chileno-conoce-los-encargados-de-dirigir-a-peru-en-la-fecha-doble-de-marzo\\\/#primaryimage\"},\"thumbnailUrl\":\"https:\\\/\\\/radiohuancayo.com.pe\\\/wp54\\\/wp-content\\\/uploads\\\/2025\\\/02\\\/image-32.png\",\"articleSection\":[\"Deportes\"],\"inLanguage\":\"es\",\"potentialAction\":[{\"@type\":\"CommentAction\",\"name\":\"Comment\",\"target\":[\"https:\\\/\\\/radiohuancayo.com.pe\\\/wp54\\\/arbitro-argentino-y-chileno-conoce-los-encargados-de-dirigir-a-peru-en-la-fecha-doble-de-marzo\\\/#respond\"]}]},{\"@type\":\"WebPage\",\"@id\":\"https:\\\/\\\/radiohuancayo.com.pe\\\/wp54\\\/arbitro-argentino-y-chileno-conoce-los-encargados-de-dirigir-a-peru-en-la-fecha-doble-de-marzo\\\/\",\"url\":\"https:\\\/\\\/radiohuancayo.com.pe\\\/wp54\\\/arbitro-argentino-y-chileno-conoce-los-encargados-de-dirigir-a-peru-en-la-fecha-doble-de-marzo\\\/\",\"name\":\"\u00a1\u00c1rbitro argentino y chileno! Conoce los encargados de dirigir a Per\u00fa en la fecha doble de marzo - Radio Huancayo\",\"isPartOf\":{\"@id\":\"https:\\\/\\\/radiohuancayo.com.pe\\\/wp54\\\/#website\"},\"primaryImageOfPage\":{\"@id\":\"https:\\\/\\\/radiohuancayo.com.pe\\\/wp54\\\/arbitro-argentino-y-chileno-conoce-los-encargados-de-dirigir-a-peru-en-la-fecha-doble-de-marzo\\\/#primaryimage\"},\"image\":{\"@id\":\"https:\\\/\\\/radiohuancayo.com.pe\\\/wp54\\\/arbitro-argentino-y-chileno-conoce-los-encargados-de-dirigir-a-peru-en-la-fecha-doble-de-marzo\\\/#primaryimage\"},\"thumbnailUrl\":\"https:\\\/\\\/radiohuancayo.com.pe\\\/wp54\\\/wp-content\\\/uploads\\\/2025\\\/02\\\/image-32.png\",\"datePublished\":\"2025-02-13T21:31:12+00:00\",\"dateModified\":\"2025-02-13T21:31:13+00:00\",\"breadcrumb\":{\"@id\":\"https:\\\/\\\/radiohuancayo.com.pe\\\/wp54\\\/arbitro-argentino-y-chileno-conoce-los-encargados-de-dirigir-a-peru-en-la-fecha-doble-de-marzo\\\/#breadcrumb\"},\"inLanguage\":\"es\",\"potentialAction\":[{\"@type\":\"ReadAction\",\"target\":[\"https:\\\/\\\/radiohuancayo.com.pe\\\/wp54\\\/arbitro-argentino-y-chileno-conoce-los-encargados-de-dirigir-a-peru-en-la-fecha-doble-de-marzo\\\/\"]}]},{\"@type\":\"ImageObject\",\"inLanguage\":\"es\",\"@id\":\"https:\\\/\\\/radiohuancayo.com.pe\\\/wp54\\\/arbitro-argentino-y-chileno-conoce-los-encargados-de-dirigir-a-peru-en-la-fecha-doble-de-marzo\\\/#primaryimage\",\"url\":\"https:\\\/\\\/radiohuancayo.com.pe\\\/wp54\\\/wp-content\\\/uploads\\\/2025\\\/02\\\/image-32.png\",\"contentUrl\":\"https:\\\/\\\/radiohuancayo.com.pe\\\/wp54\\\/wp-content\\\/uploads\\\/2025\\\/02\\\/image-32.png\",\"width\":1200,\"height\":630},{\"@type\":\"BreadcrumbList\",\"@id\":\"https:\\\/\\\/radiohuancayo.com.pe\\\/wp54\\\/arbitro-argentino-y-chileno-conoce-los-encargados-de-dirigir-a-peru-en-la-fecha-doble-de-marzo\\\/#breadcrumb\",\"itemListElement\":[{\"@type\":\"ListItem\",\"position\":1,\"name\":\"Portada\",\"item\":\"https:\\\/\\\/radiohuancayo.com.pe\\\/wp54\\\/\"},{\"@type\":\"ListItem\",\"position\":2,\"name\":\"\u00a1\u00c1rbitro argentino y chileno! Conoce los encargados de dirigir a Per\u00fa en la fecha doble de marzo\"}]},{\"@type\":\"WebSite\",\"@id\":\"https:\\\/\\\/radiohuancayo.com.pe\\\/wp54\\\/#website\",\"url\":\"https:\\\/\\\/radiohuancayo.com.pe\\\/wp54\\\/\",\"name\":\"Radio Huancayo\",\"description\":\"me gusta!!!\",\"publisher\":{\"@id\":\"https:\\\/\\\/radiohuancayo.com.pe\\\/wp54\\\/#organization\"},\"potentialAction\":[{\"@type\":\"SearchAction\",\"target\":{\"@type\":\"EntryPoint\",\"urlTemplate\":\"https:\\\/\\\/radiohuancayo.com.pe\\\/wp54\\\/?s={search_term_string}\"},\"query-input\":{\"@type\":\"PropertyValueSpecification\",\"valueRequired\":true,\"valueName\":\"search_term_string\"}}],\"inLanguage\":\"es\"},{\"@type\":\"Organization\",\"@id\":\"https:\\\/\\\/radiohuancayo.com.pe\\\/wp54\\\/#organization\",\"name\":\"Radio Huancayo\",\"url\":\"https:\\\/\\\/radiohuancayo.com.pe\\\/wp54\\\/\",\"logo\":{\"@type\":\"ImageObject\",\"inLanguage\":\"es\",\"@id\":\"https:\\\/\\\/radiohuancayo.com.pe\\\/wp54\\\/#\\\/schema\\\/logo\\\/image\\\/\",\"url\":\"https:\\\/\\\/radiohuancayo.com.pe\\\/wp54\\\/wp-content\\\/uploads\\\/2022\\\/04\\\/CABE01.png\",\"contentUrl\":\"https:\\\/\\\/radiohuancayo.com.pe\\\/wp54\\\/wp-content\\\/uploads\\\/2022\\\/04\\\/CABE01.png\",\"width\":1640,\"height\":300,\"caption\":\"Radio Huancayo\"},\"image\":{\"@id\":\"https:\\\/\\\/radiohuancayo.com.pe\\\/wp54\\\/#\\\/schema\\\/logo\\\/image\\\/\"}},{\"@type\":\"Person\",\"@id\":\"https:\\\/\\\/radiohuancayo.com.pe\\\/wp54\\\/#\\\/schema\\\/person\\\/74fb124dee9900c6f4d0535fa1d2b5ae\",\"name\":\"Michel Sanchez\",\"image\":{\"@type\":\"ImageObject\",\"inLanguage\":\"es\",\"@id\":\"https:\\\/\\\/secure.gravatar.com\\\/avatar\\\/f7f6944c01b3f15a174d0cf055aea75c46697913fc8a9cf5c3cf3e8800c645f6?s=96&d=mm&r=g\",\"url\":\"https:\\\/\\\/secure.gravatar.com\\\/avatar\\\/f7f6944c01b3f15a174d0cf055aea75c46697913fc8a9cf5c3cf3e8800c645f6?s=96&d=mm&r=g\",\"contentUrl\":\"https:\\\/\\\/secure.gravatar.com\\\/avatar\\\/f7f6944c01b3f15a174d0cf055aea75c46697913fc8a9cf5c3cf3e8800c645f6?s=96&d=mm&r=g\",\"caption\":\"Michel Sanchez\"},\"url\":\"https:\\\/\\\/radiohuancayo.com.pe\\\/wp54\\\/author\\\/memoris\\\/\"}]}<\/script>\n<!-- \/ Yoast SEO plugin. -->","yoast_head_json":{"title":"\u00a1\u00c1rbitro argentino y chileno! Conoce los encargados de dirigir a Per\u00fa en la fecha doble de marzo - Radio Huancayo","robots":{"index":"index","follow":"follow","max-snippet":"max-snippet:-1","max-image-preview":"max-image-preview:large","max-video-preview":"max-video-preview:-1"},"canonical":"https:\/\/radiohuancayo.com.pe\/wp54\/arbitro-argentino-y-chileno-conoce-los-encargados-de-dirigir-a-peru-en-la-fecha-doble-de-marzo\/","og_locale":"es_ES","og_type":"article","og_title":"\u00a1\u00c1rbitro argentino y chileno! Conoce los encargados de dirigir a Per\u00fa en la fecha doble de marzo - Radio Huancayo","og_description":"e dio a conocer las ternas arbitrales que estar\u00e1n a cargo de los duelos de las Clasificatorias de la Selecci\u00f3n peruana en marzo, en donde Per\u00fa enfrentar\u00e1 a Bolivia y visitar\u00e1 a Venezuela. En el caso del choque entre peruanos y bolivianos, el encargado fue el argentino Yael Falc\u00f3n, acompa\u00f1ado de Maximiliano Del Yesso y Facundo Rodr\u00edguez, mientras el VAR estar\u00e1 comandado por Germ\u00e1n Delfino. Mientras para el choque entre la &#8216;Vinotinto&#8217; y &#8216;Bicolor&#8217; se design\u00f3 una terna chilena, siendo Cristian Garay el juez principal, teniendo como asistentes a Claudio Urrutia y Alejandro Molina. El VAR estar\u00e1 liderado por Juan Lara. \u00bfCU\u00c1NDO JUGAR\u00c1 PER\u00da POR CLASIFICATORIAS? Per\u00fa est\u00e1 urgido de sumar seis unidades si quiere seguir so\u00f1ando, ya que est\u00e1 \u00faltimo con 7 unidades. El jueves 20 de marzo a las 8:30 p.m. recibir\u00e1 a Bolivia, y el martes 25 de marzo, a las 7:00 p.m. chocar\u00e1 ante Venezuela.","og_url":"https:\/\/radiohuancayo.com.pe\/wp54\/arbitro-argentino-y-chileno-conoce-los-encargados-de-dirigir-a-peru-en-la-fecha-doble-de-marzo\/","og_site_name":"Radio Huancayo","article_published_time":"2025-02-13T21:31:12+00:00","article_modified_time":"2025-02-13T21:31:13+00:00","og_image":[{"width":1200,"height":630,"url":"https:\/\/radiohuancayo.com.pe\/wp54\/wp-content\/uploads\/2025\/02\/image-32.png","type":"image\/png"}],"author":"Michel Sanchez","twitter_card":"summary_large_image","twitter_misc":{"Escrito por":"Michel Sanchez","Tiempo de lectura":"2 minutos"},"schema":{"@context":"https:\/\/schema.org","@graph":[{"@type":"Article","@id":"https:\/\/radiohuancayo.com.pe\/wp54\/arbitro-argentino-y-chileno-conoce-los-encargados-de-dirigir-a-peru-en-la-fecha-doble-de-marzo\/#article","isPartOf":{"@id":"https:\/\/radiohuancayo.com.pe\/wp54\/arbitro-argentino-y-chileno-conoce-los-encargados-de-dirigir-a-peru-en-la-fecha-doble-de-marzo\/"},"author":{"name":"Michel Sanchez","@id":"https:\/\/radiohuancayo.com.pe\/wp54\/#\/schema\/person\/74fb124dee9900c6f4d0535fa1d2b5ae"},"headline":"\u00a1\u00c1rbitro argentino y chileno! Conoce los encargados de dirigir a Per\u00fa en la fecha doble de marzo","datePublished":"2025-02-13T21:31:12+00:00","dateModified":"2025-02-13T21:31:13+00:00","mainEntityOfPage":{"@id":"https:\/\/radiohuancayo.com.pe\/wp54\/arbitro-argentino-y-chileno-conoce-los-encargados-de-dirigir-a-peru-en-la-fecha-doble-de-marzo\/"},"wordCount":171,"commentCount":0,"publisher":{"@id":"https:\/\/radiohuancayo.com.pe\/wp54\/#organization"},"image":{"@id":"https:\/\/radiohuancayo.com.pe\/wp54\/arbitro-argentino-y-chileno-conoce-los-encargados-de-dirigir-a-peru-en-la-fecha-doble-de-marzo\/#primaryimage"},"thumbnailUrl":"https:\/\/radiohuancayo.com.pe\/wp54\/wp-content\/uploads\/2025\/02\/image-32.png","articleSection":["Deportes"],"inLanguage":"es","potentialAction":[{"@type":"CommentAction","name":"Comment","target":["https:\/\/radiohuancayo.com.pe\/wp54\/arbitro-argentino-y-chileno-conoce-los-encargados-de-dirigir-a-peru-en-la-fecha-doble-de-marzo\/#respond"]}]},{"@type":"WebPage","@id":"https:\/\/radiohuancayo.com.pe\/wp54\/arbitro-argentino-y-chileno-conoce-los-encargados-de-dirigir-a-peru-en-la-fecha-doble-de-marzo\/","url":"https:\/\/radiohuancayo.com.pe\/wp54\/arbitro-argentino-y-chileno-conoce-los-encargados-de-dirigir-a-peru-en-la-fecha-doble-de-marzo\/","name":"\u00a1\u00c1rbitro argentino y chileno! Conoce los encargados de dirigir a Per\u00fa en la fecha doble de marzo - Radio Huancayo","isPartOf":{"@id":"https:\/\/radiohuancayo.com.pe\/wp54\/#website"},"primaryImageOfPage":{"@id":"https:\/\/radiohuancayo.com.pe\/wp54\/arbitro-argentino-y-chileno-conoce-los-encargados-de-dirigir-a-peru-en-la-fecha-doble-de-marzo\/#primaryimage"},"image":{"@id":"https:\/\/radiohuancayo.com.pe\/wp54\/arbitro-argentino-y-chileno-conoce-los-encargados-de-dirigir-a-peru-en-la-fecha-doble-de-marzo\/#primaryimage"},"thumbnailUrl":"https:\/\/radiohuancayo.com.pe\/wp54\/wp-content\/uploads\/2025\/02\/image-32.png","datePublished":"2025-02-13T21:31:12+00:00","dateModified":"2025-02-13T21:31:13+00:00","breadcrumb":{"@id":"https:\/\/radiohuancayo.com.pe\/wp54\/arbitro-argentino-y-chileno-conoce-los-encargados-de-dirigir-a-peru-en-la-fecha-doble-de-marzo\/#breadcrumb"},"inLanguage":"es","potentialAction":[{"@type":"ReadAction","target":["https:\/\/radiohuancayo.com.pe\/wp54\/arbitro-argentino-y-chileno-conoce-los-encargados-de-dirigir-a-peru-en-la-fecha-doble-de-marzo\/"]}]},{"@type":"ImageObject","inLanguage":"es","@id":"https:\/\/radiohuancayo.com.pe\/wp54\/arbitro-argentino-y-chileno-conoce-los-encargados-de-dirigir-a-peru-en-la-fecha-doble-de-marzo\/#primaryimage","url":"https:\/\/radiohuancayo.com.pe\/wp54\/wp-content\/uploads\/2025\/02\/image-32.png","contentUrl":"https:\/\/radiohuancayo.com.pe\/wp54\/wp-content\/uploads\/2025\/02\/image-32.png","width":1200,"height":630},{"@type":"BreadcrumbList","@id":"https:\/\/radiohuancayo.com.pe\/wp54\/arbitro-argentino-y-chileno-conoce-los-encargados-de-dirigir-a-peru-en-la-fecha-doble-de-marzo\/#breadcrumb","itemListElement":[{"@type":"ListItem","position":1,"name":"Portada","item":"https:\/\/radiohuancayo.com.pe\/wp54\/"},{"@type":"ListItem","position":2,"name":"\u00a1\u00c1rbitro argentino y chileno! Conoce los encargados de dirigir a Per\u00fa en la fecha doble de marzo"}]},{"@type":"WebSite","@id":"https:\/\/radiohuancayo.com.pe\/wp54\/#website","url":"https:\/\/radiohuancayo.com.pe\/wp54\/","name":"Radio Huancayo","description":"me gusta!!!","publisher":{"@id":"https:\/\/radiohuancayo.com.pe\/wp54\/#organization"},"potentialAction":[{"@type":"SearchAction","target":{"@type":"EntryPoint","urlTemplate":"https:\/\/radiohuancayo.com.pe\/wp54\/?s={search_term_string}"},"query-input":{"@type":"PropertyValueSpecification","valueRequired":true,"valueName":"search_term_string"}}],"inLanguage":"es"},{"@type":"Organization","@id":"https:\/\/radiohuancayo.com.pe\/wp54\/#organization","name":"Radio Huancayo","url":"https:\/\/radiohuancayo.com.pe\/wp54\/","logo":{"@type":"ImageObject","inLanguage":"es","@id":"https:\/\/radiohuancayo.com.pe\/wp54\/#\/schema\/logo\/image\/","url":"https:\/\/radiohuancayo.com.pe\/wp54\/wp-content\/uploads\/2022\/04\/CABE01.png","contentUrl":"https:\/\/radiohuancayo.com.pe\/wp54\/wp-content\/uploads\/2022\/04\/CABE01.png","width":1640,"height":300,"caption":"Radio Huancayo"},"image":{"@id":"https:\/\/radiohuancayo.com.pe\/wp54\/#\/schema\/logo\/image\/"}},{"@type":"Person","@id":"https:\/\/radiohuancayo.com.pe\/wp54\/#\/schema\/person\/74fb124dee9900c6f4d0535fa1d2b5ae","name":"Michel Sanchez","image":{"@type":"ImageObject","inLanguage":"es","@id":"https:\/\/secure.gravatar.com\/avatar\/f7f6944c01b3f15a174d0cf055aea75c46697913fc8a9cf5c3cf3e8800c645f6?s=96&d=mm&r=g","url":"https:\/\/secure.gravatar.com\/avatar\/f7f6944c01b3f15a174d0cf055aea75c46697913fc8a9cf5c3cf3e8800c645f6?s=96&d=mm&r=g","contentUrl":"https:\/\/secure.gravatar.com\/avatar\/f7f6944c01b3f15a174d0cf055aea75c46697913fc8a9cf5c3cf3e8800c645f6?s=96&d=mm&r=g","caption":"Michel Sanchez"},"url":"https:\/\/radiohuancayo.com.pe\/wp54\/author\/memoris\/"}]}},"_links":{"self":[{"href":"https:\/\/radiohuancayo.com.pe\/wp54\/wp-json\/wp\/v2\/posts\/29563","targetHints":{"allow":["GET"]}}],"collection":[{"href":"https:\/\/radiohuancayo.com.pe\/wp54\/wp-json\/wp\/v2\/posts"}],"about":[{"href":"https:\/\/radiohuancayo.com.pe\/wp54\/wp-json\/wp\/v2\/types\/post"}],"author":[{"embeddable":true,"href":"https:\/\/radiohuancayo.com.pe\/wp54\/wp-json\/wp\/v2\/users\/2"}],"replies":[{"embeddable":true,"href":"https:\/\/radiohuancayo.com.pe\/wp54\/wp-json\/wp\/v2\/comments?post=29563"}],"version-history":[{"count":1,"href":"https:\/\/radiohuancayo.com.pe\/wp54\/wp-json\/wp\/v2\/posts\/29563\/revisions"}],"predecessor-version":[{"id":29565,"href":"https:\/\/radiohuancayo.com.pe\/wp54\/wp-json\/wp\/v2\/posts\/29563\/revisions\/29565"}],"wp:featuredmedia":[{"embeddable":true,"href":"https:\/\/radiohuancayo.com.pe\/wp54\/wp-json\/wp\/v2\/media\/29564"}],"wp:attachment":[{"href":"https:\/\/radiohuancayo.com.pe\/wp54\/wp-json\/wp\/v2\/media?parent=29563"}],"wp:term":[{"taxonomy":"category","embeddable":true,"href":"https:\/\/radiohuancayo.com.pe\/wp54\/wp-json\/wp\/v2\/categories?post=29563"},{"taxonomy":"post_tag","embeddable":true,"href":"https:\/\/radiohuancayo.com.pe\/wp54\/wp-json\/wp\/v2\/tags?post=29563"}],"curies":[{"name":"wp","href":"https:\/\/api.w.org\/{rel}","templated":true}]}}