{"id":29572,"date":"2025-02-13T16:37:52","date_gmt":"2025-02-13T21:37:52","guid":{"rendered":"https:\/\/radiohuancayo.com.pe\/wp54\/?p=29572"},"modified":"2025-02-13T16:38:05","modified_gmt":"2025-02-13T21:38:05","slug":"ibanez-la-clasificacion-de-un-equipo-peruano-siempre-es-bueno-para-todos","status":"publish","type":"post","link":"https:\/\/radiohuancayo.com.pe\/wp54\/ibanez-la-clasificacion-de-un-equipo-peruano-siempre-es-bueno-para-todos\/","title":{"rendered":"Ib\u00e1\u00f1ez: \u00abLa clasificaci\u00f3n de un equipo peruano siempre es bueno para todos\u00bb"},"content":{"rendered":"\n<p>\u00d3scar Ib\u00e1\u00f1ez, t\u00e9cnico de la selecci\u00f3n peruana, destac\u00f3 el reciente triunfo de Alianza Lima sobre Nacional por la Copa Libertadores.<\/p>\n\n\n\n<p>\u00abLa clasificaci\u00f3n de un equipo peruano siempre es bueno para todos. Felicito a Alianza Lima,\u00bb expres\u00f3 el estratega peruano al t\u00e9rmino del encuentro.<\/p>\n\n\n\n<p>Luego, a\u00f1adi\u00f3: \u00abEl funcionamiento del equipo fue muy bueno. Alianza jug\u00f3 muy bien ayer.\u00bb<\/p>\n\n\n\n<p>En su conferencia de prensa de presentaci\u00f3n, Ib\u00e1\u00f1ez tambi\u00e9n se refiri\u00f3 a la posibilidad de contar con Paolo Guerrero en el combinado nacional: \u00abPaolo est\u00e1 jugando el torneo m\u00e1s importante de la Conmebol, que es la Libertadores. Est\u00e1 competitivo, y cuento con \u00e9l porque representa mucho para el grupo, para sus compa\u00f1eros y para los rivales cuando est\u00e1 en la cancha.\u00bb<\/p>\n","protected":false},"excerpt":{"rendered":"<p>\u00d3scar Ib\u00e1\u00f1ez, t\u00e9cnico de la selecci\u00f3n peruana, destac\u00f3 el reciente triunfo de Alianza Lima sobre Nacional por la Copa Libertadores. \u00abLa clasificaci\u00f3n de un equipo peruano siempre es bueno para todos. Felicito a Alianza Lima,\u00bb expres\u00f3 el estratega peruano al t\u00e9rmino del encuentro. Luego, a\u00f1adi\u00f3: \u00abEl funcionamiento del equipo fue muy bueno. Alianza jug\u00f3 muy bien ayer.\u00bb En su conferencia de prensa de presentaci\u00f3n, Ib\u00e1\u00f1ez tambi\u00e9n se refiri\u00f3 a la posibilidad de contar con Paolo Guerrero en el combinado nacional: \u00abPaolo est\u00e1 jugando el torneo m\u00e1s importante de la Conmebol, que es la Libertadores. Est\u00e1 competitivo, y cuento con \u00e9l porque representa mucho para el grupo, para sus compa\u00f1eros y para los rivales cuando est\u00e1 en la cancha.\u00bb<\/p>\n","protected":false},"author":2,"featured_media":29573,"comment_status":"open","ping_status":"open","sticky":false,"template":"","format":"standard","meta":{"footnotes":""},"categories":[7],"tags":[],"class_list":["post-29572","post","type-post","status-publish","format-standard","has-post-thumbnail","hentry","category-deportes"],"yoast_head":"<!-- This site is optimized with the Yoast SEO plugin v27.5 - https:\/\/yoast.com\/product\/yoast-seo-wordpress\/ -->\n<title>Ib\u00e1\u00f1ez: &quot;La clasificaci\u00f3n de un equipo peruano siempre es bueno para todos&quot; - Radio Huancayo<\/title>\n<meta name=\"robots\" content=\"index, follow, max-snippet:-1, max-image-preview:large, max-video-preview:-1\" \/>\n<link rel=\"canonical\" href=\"https:\/\/radiohuancayo.com.pe\/wp54\/ibanez-la-clasificacion-de-un-equipo-peruano-siempre-es-bueno-para-todos\/\" \/>\n<meta property=\"og:locale\" content=\"es_ES\" \/>\n<meta property=\"og:type\" content=\"article\" \/>\n<meta property=\"og:title\" content=\"Ib\u00e1\u00f1ez: &quot;La clasificaci\u00f3n de un equipo peruano siempre es bueno para todos&quot; - Radio Huancayo\" \/>\n<meta property=\"og:description\" content=\"\u00d3scar Ib\u00e1\u00f1ez, t\u00e9cnico de la selecci\u00f3n peruana, destac\u00f3 el reciente triunfo de Alianza Lima sobre Nacional por la Copa Libertadores. \u00abLa clasificaci\u00f3n de un equipo peruano siempre es bueno para todos. Felicito a Alianza Lima,\u00bb expres\u00f3 el estratega peruano al t\u00e9rmino del encuentro. Luego, a\u00f1adi\u00f3: \u00abEl funcionamiento del equipo fue muy bueno. Alianza jug\u00f3 muy bien ayer.\u00bb En su conferencia de prensa de presentaci\u00f3n, Ib\u00e1\u00f1ez tambi\u00e9n se refiri\u00f3 a la posibilidad de contar con Paolo Guerrero en el combinado nacional: \u00abPaolo est\u00e1 jugando el torneo m\u00e1s importante de la Conmebol, que es la Libertadores. Est\u00e1 competitivo, y cuento con \u00e9l porque representa mucho para el grupo, para sus compa\u00f1eros y para los rivales cuando est\u00e1 en la cancha.\u00bb\" \/>\n<meta property=\"og:url\" content=\"https:\/\/radiohuancayo.com.pe\/wp54\/ibanez-la-clasificacion-de-un-equipo-peruano-siempre-es-bueno-para-todos\/\" \/>\n<meta property=\"og:site_name\" content=\"Radio Huancayo\" \/>\n<meta property=\"article:published_time\" content=\"2025-02-13T21:37:52+00:00\" \/>\n<meta property=\"article:modified_time\" content=\"2025-02-13T21:38:05+00:00\" \/>\n<meta property=\"og:image\" content=\"https:\/\/radiohuancayo.com.pe\/wp54\/wp-content\/uploads\/2025\/02\/image-35.png\" \/>\n\t<meta property=\"og:image:width\" content=\"1200\" \/>\n\t<meta property=\"og:image:height\" content=\"630\" \/>\n\t<meta property=\"og:image:type\" content=\"image\/png\" \/>\n<meta name=\"author\" content=\"Michel Sanchez\" \/>\n<meta name=\"twitter:card\" content=\"summary_large_image\" \/>\n<meta name=\"twitter:label1\" content=\"Escrito por\" \/>\n\t<meta name=\"twitter:data1\" content=\"Michel Sanchez\" \/>\n\t<meta name=\"twitter:label2\" content=\"Tiempo de lectura\" \/>\n\t<meta name=\"twitter:data2\" content=\"1 minuto\" \/>\n<script type=\"application\/ld+json\" class=\"yoast-schema-graph\">{\"@context\":\"https:\\\/\\\/schema.org\",\"@graph\":[{\"@type\":\"Article\",\"@id\":\"https:\\\/\\\/radiohuancayo.com.pe\\\/wp54\\\/ibanez-la-clasificacion-de-un-equipo-peruano-siempre-es-bueno-para-todos\\\/#article\",\"isPartOf\":{\"@id\":\"https:\\\/\\\/radiohuancayo.com.pe\\\/wp54\\\/ibanez-la-clasificacion-de-un-equipo-peruano-siempre-es-bueno-para-todos\\\/\"},\"author\":{\"name\":\"Michel Sanchez\",\"@id\":\"https:\\\/\\\/radiohuancayo.com.pe\\\/wp54\\\/#\\\/schema\\\/person\\\/74fb124dee9900c6f4d0535fa1d2b5ae\"},\"headline\":\"Ib\u00e1\u00f1ez: \u00abLa clasificaci\u00f3n de un equipo peruano siempre es bueno para todos\u00bb\",\"datePublished\":\"2025-02-13T21:37:52+00:00\",\"dateModified\":\"2025-02-13T21:38:05+00:00\",\"mainEntityOfPage\":{\"@id\":\"https:\\\/\\\/radiohuancayo.com.pe\\\/wp54\\\/ibanez-la-clasificacion-de-un-equipo-peruano-siempre-es-bueno-para-todos\\\/\"},\"wordCount\":143,\"commentCount\":0,\"publisher\":{\"@id\":\"https:\\\/\\\/radiohuancayo.com.pe\\\/wp54\\\/#organization\"},\"image\":{\"@id\":\"https:\\\/\\\/radiohuancayo.com.pe\\\/wp54\\\/ibanez-la-clasificacion-de-un-equipo-peruano-siempre-es-bueno-para-todos\\\/#primaryimage\"},\"thumbnailUrl\":\"https:\\\/\\\/radiohuancayo.com.pe\\\/wp54\\\/wp-content\\\/uploads\\\/2025\\\/02\\\/image-35.png\",\"articleSection\":[\"Deportes\"],\"inLanguage\":\"es\",\"potentialAction\":[{\"@type\":\"CommentAction\",\"name\":\"Comment\",\"target\":[\"https:\\\/\\\/radiohuancayo.com.pe\\\/wp54\\\/ibanez-la-clasificacion-de-un-equipo-peruano-siempre-es-bueno-para-todos\\\/#respond\"]}]},{\"@type\":\"WebPage\",\"@id\":\"https:\\\/\\\/radiohuancayo.com.pe\\\/wp54\\\/ibanez-la-clasificacion-de-un-equipo-peruano-siempre-es-bueno-para-todos\\\/\",\"url\":\"https:\\\/\\\/radiohuancayo.com.pe\\\/wp54\\\/ibanez-la-clasificacion-de-un-equipo-peruano-siempre-es-bueno-para-todos\\\/\",\"name\":\"Ib\u00e1\u00f1ez: \\\"La clasificaci\u00f3n de un equipo peruano siempre es bueno para todos\\\" - Radio Huancayo\",\"isPartOf\":{\"@id\":\"https:\\\/\\\/radiohuancayo.com.pe\\\/wp54\\\/#website\"},\"primaryImageOfPage\":{\"@id\":\"https:\\\/\\\/radiohuancayo.com.pe\\\/wp54\\\/ibanez-la-clasificacion-de-un-equipo-peruano-siempre-es-bueno-para-todos\\\/#primaryimage\"},\"image\":{\"@id\":\"https:\\\/\\\/radiohuancayo.com.pe\\\/wp54\\\/ibanez-la-clasificacion-de-un-equipo-peruano-siempre-es-bueno-para-todos\\\/#primaryimage\"},\"thumbnailUrl\":\"https:\\\/\\\/radiohuancayo.com.pe\\\/wp54\\\/wp-content\\\/uploads\\\/2025\\\/02\\\/image-35.png\",\"datePublished\":\"2025-02-13T21:37:52+00:00\",\"dateModified\":\"2025-02-13T21:38:05+00:00\",\"breadcrumb\":{\"@id\":\"https:\\\/\\\/radiohuancayo.com.pe\\\/wp54\\\/ibanez-la-clasificacion-de-un-equipo-peruano-siempre-es-bueno-para-todos\\\/#breadcrumb\"},\"inLanguage\":\"es\",\"potentialAction\":[{\"@type\":\"ReadAction\",\"target\":[\"https:\\\/\\\/radiohuancayo.com.pe\\\/wp54\\\/ibanez-la-clasificacion-de-un-equipo-peruano-siempre-es-bueno-para-todos\\\/\"]}]},{\"@type\":\"ImageObject\",\"inLanguage\":\"es\",\"@id\":\"https:\\\/\\\/radiohuancayo.com.pe\\\/wp54\\\/ibanez-la-clasificacion-de-un-equipo-peruano-siempre-es-bueno-para-todos\\\/#primaryimage\",\"url\":\"https:\\\/\\\/radiohuancayo.com.pe\\\/wp54\\\/wp-content\\\/uploads\\\/2025\\\/02\\\/image-35.png\",\"contentUrl\":\"https:\\\/\\\/radiohuancayo.com.pe\\\/wp54\\\/wp-content\\\/uploads\\\/2025\\\/02\\\/image-35.png\",\"width\":1200,\"height\":630},{\"@type\":\"BreadcrumbList\",\"@id\":\"https:\\\/\\\/radiohuancayo.com.pe\\\/wp54\\\/ibanez-la-clasificacion-de-un-equipo-peruano-siempre-es-bueno-para-todos\\\/#breadcrumb\",\"itemListElement\":[{\"@type\":\"ListItem\",\"position\":1,\"name\":\"Portada\",\"item\":\"https:\\\/\\\/radiohuancayo.com.pe\\\/wp54\\\/\"},{\"@type\":\"ListItem\",\"position\":2,\"name\":\"Ib\u00e1\u00f1ez: &#8220;La clasificaci\u00f3n de un equipo peruano siempre es bueno para todos&#8221;\"}]},{\"@type\":\"WebSite\",\"@id\":\"https:\\\/\\\/radiohuancayo.com.pe\\\/wp54\\\/#website\",\"url\":\"https:\\\/\\\/radiohuancayo.com.pe\\\/wp54\\\/\",\"name\":\"Radio Huancayo\",\"description\":\"me gusta!!!\",\"publisher\":{\"@id\":\"https:\\\/\\\/radiohuancayo.com.pe\\\/wp54\\\/#organization\"},\"potentialAction\":[{\"@type\":\"SearchAction\",\"target\":{\"@type\":\"EntryPoint\",\"urlTemplate\":\"https:\\\/\\\/radiohuancayo.com.pe\\\/wp54\\\/?s={search_term_string}\"},\"query-input\":{\"@type\":\"PropertyValueSpecification\",\"valueRequired\":true,\"valueName\":\"search_term_string\"}}],\"inLanguage\":\"es\"},{\"@type\":\"Organization\",\"@id\":\"https:\\\/\\\/radiohuancayo.com.pe\\\/wp54\\\/#organization\",\"name\":\"Radio Huancayo\",\"url\":\"https:\\\/\\\/radiohuancayo.com.pe\\\/wp54\\\/\",\"logo\":{\"@type\":\"ImageObject\",\"inLanguage\":\"es\",\"@id\":\"https:\\\/\\\/radiohuancayo.com.pe\\\/wp54\\\/#\\\/schema\\\/logo\\\/image\\\/\",\"url\":\"https:\\\/\\\/radiohuancayo.com.pe\\\/wp54\\\/wp-content\\\/uploads\\\/2022\\\/04\\\/CABE01.png\",\"contentUrl\":\"https:\\\/\\\/radiohuancayo.com.pe\\\/wp54\\\/wp-content\\\/uploads\\\/2022\\\/04\\\/CABE01.png\",\"width\":1640,\"height\":300,\"caption\":\"Radio Huancayo\"},\"image\":{\"@id\":\"https:\\\/\\\/radiohuancayo.com.pe\\\/wp54\\\/#\\\/schema\\\/logo\\\/image\\\/\"}},{\"@type\":\"Person\",\"@id\":\"https:\\\/\\\/radiohuancayo.com.pe\\\/wp54\\\/#\\\/schema\\\/person\\\/74fb124dee9900c6f4d0535fa1d2b5ae\",\"name\":\"Michel Sanchez\",\"image\":{\"@type\":\"ImageObject\",\"inLanguage\":\"es\",\"@id\":\"https:\\\/\\\/secure.gravatar.com\\\/avatar\\\/f7f6944c01b3f15a174d0cf055aea75c46697913fc8a9cf5c3cf3e8800c645f6?s=96&d=mm&r=g\",\"url\":\"https:\\\/\\\/secure.gravatar.com\\\/avatar\\\/f7f6944c01b3f15a174d0cf055aea75c46697913fc8a9cf5c3cf3e8800c645f6?s=96&d=mm&r=g\",\"contentUrl\":\"https:\\\/\\\/secure.gravatar.com\\\/avatar\\\/f7f6944c01b3f15a174d0cf055aea75c46697913fc8a9cf5c3cf3e8800c645f6?s=96&d=mm&r=g\",\"caption\":\"Michel Sanchez\"},\"url\":\"https:\\\/\\\/radiohuancayo.com.pe\\\/wp54\\\/author\\\/memoris\\\/\"}]}<\/script>\n<!-- \/ Yoast SEO plugin. -->","yoast_head_json":{"title":"Ib\u00e1\u00f1ez: \"La clasificaci\u00f3n de un equipo peruano siempre es bueno para todos\" - Radio Huancayo","robots":{"index":"index","follow":"follow","max-snippet":"max-snippet:-1","max-image-preview":"max-image-preview:large","max-video-preview":"max-video-preview:-1"},"canonical":"https:\/\/radiohuancayo.com.pe\/wp54\/ibanez-la-clasificacion-de-un-equipo-peruano-siempre-es-bueno-para-todos\/","og_locale":"es_ES","og_type":"article","og_title":"Ib\u00e1\u00f1ez: \"La clasificaci\u00f3n de un equipo peruano siempre es bueno para todos\" - Radio Huancayo","og_description":"\u00d3scar Ib\u00e1\u00f1ez, t\u00e9cnico de la selecci\u00f3n peruana, destac\u00f3 el reciente triunfo de Alianza Lima sobre Nacional por la Copa Libertadores. \u00abLa clasificaci\u00f3n de un equipo peruano siempre es bueno para todos. Felicito a Alianza Lima,\u00bb expres\u00f3 el estratega peruano al t\u00e9rmino del encuentro. Luego, a\u00f1adi\u00f3: \u00abEl funcionamiento del equipo fue muy bueno. Alianza jug\u00f3 muy bien ayer.\u00bb En su conferencia de prensa de presentaci\u00f3n, Ib\u00e1\u00f1ez tambi\u00e9n se refiri\u00f3 a la posibilidad de contar con Paolo Guerrero en el combinado nacional: \u00abPaolo est\u00e1 jugando el torneo m\u00e1s importante de la Conmebol, que es la Libertadores. Est\u00e1 competitivo, y cuento con \u00e9l porque representa mucho para el grupo, para sus compa\u00f1eros y para los rivales cuando est\u00e1 en la cancha.\u00bb","og_url":"https:\/\/radiohuancayo.com.pe\/wp54\/ibanez-la-clasificacion-de-un-equipo-peruano-siempre-es-bueno-para-todos\/","og_site_name":"Radio Huancayo","article_published_time":"2025-02-13T21:37:52+00:00","article_modified_time":"2025-02-13T21:38:05+00:00","og_image":[{"width":1200,"height":630,"url":"https:\/\/radiohuancayo.com.pe\/wp54\/wp-content\/uploads\/2025\/02\/image-35.png","type":"image\/png"}],"author":"Michel Sanchez","twitter_card":"summary_large_image","twitter_misc":{"Escrito por":"Michel Sanchez","Tiempo de lectura":"1 minuto"},"schema":{"@context":"https:\/\/schema.org","@graph":[{"@type":"Article","@id":"https:\/\/radiohuancayo.com.pe\/wp54\/ibanez-la-clasificacion-de-un-equipo-peruano-siempre-es-bueno-para-todos\/#article","isPartOf":{"@id":"https:\/\/radiohuancayo.com.pe\/wp54\/ibanez-la-clasificacion-de-un-equipo-peruano-siempre-es-bueno-para-todos\/"},"author":{"name":"Michel Sanchez","@id":"https:\/\/radiohuancayo.com.pe\/wp54\/#\/schema\/person\/74fb124dee9900c6f4d0535fa1d2b5ae"},"headline":"Ib\u00e1\u00f1ez: \u00abLa clasificaci\u00f3n de un equipo peruano siempre es bueno para todos\u00bb","datePublished":"2025-02-13T21:37:52+00:00","dateModified":"2025-02-13T21:38:05+00:00","mainEntityOfPage":{"@id":"https:\/\/radiohuancayo.com.pe\/wp54\/ibanez-la-clasificacion-de-un-equipo-peruano-siempre-es-bueno-para-todos\/"},"wordCount":143,"commentCount":0,"publisher":{"@id":"https:\/\/radiohuancayo.com.pe\/wp54\/#organization"},"image":{"@id":"https:\/\/radiohuancayo.com.pe\/wp54\/ibanez-la-clasificacion-de-un-equipo-peruano-siempre-es-bueno-para-todos\/#primaryimage"},"thumbnailUrl":"https:\/\/radiohuancayo.com.pe\/wp54\/wp-content\/uploads\/2025\/02\/image-35.png","articleSection":["Deportes"],"inLanguage":"es","potentialAction":[{"@type":"CommentAction","name":"Comment","target":["https:\/\/radiohuancayo.com.pe\/wp54\/ibanez-la-clasificacion-de-un-equipo-peruano-siempre-es-bueno-para-todos\/#respond"]}]},{"@type":"WebPage","@id":"https:\/\/radiohuancayo.com.pe\/wp54\/ibanez-la-clasificacion-de-un-equipo-peruano-siempre-es-bueno-para-todos\/","url":"https:\/\/radiohuancayo.com.pe\/wp54\/ibanez-la-clasificacion-de-un-equipo-peruano-siempre-es-bueno-para-todos\/","name":"Ib\u00e1\u00f1ez: \"La clasificaci\u00f3n de un equipo peruano siempre es bueno para todos\" - Radio Huancayo","isPartOf":{"@id":"https:\/\/radiohuancayo.com.pe\/wp54\/#website"},"primaryImageOfPage":{"@id":"https:\/\/radiohuancayo.com.pe\/wp54\/ibanez-la-clasificacion-de-un-equipo-peruano-siempre-es-bueno-para-todos\/#primaryimage"},"image":{"@id":"https:\/\/radiohuancayo.com.pe\/wp54\/ibanez-la-clasificacion-de-un-equipo-peruano-siempre-es-bueno-para-todos\/#primaryimage"},"thumbnailUrl":"https:\/\/radiohuancayo.com.pe\/wp54\/wp-content\/uploads\/2025\/02\/image-35.png","datePublished":"2025-02-13T21:37:52+00:00","dateModified":"2025-02-13T21:38:05+00:00","breadcrumb":{"@id":"https:\/\/radiohuancayo.com.pe\/wp54\/ibanez-la-clasificacion-de-un-equipo-peruano-siempre-es-bueno-para-todos\/#breadcrumb"},"inLanguage":"es","potentialAction":[{"@type":"ReadAction","target":["https:\/\/radiohuancayo.com.pe\/wp54\/ibanez-la-clasificacion-de-un-equipo-peruano-siempre-es-bueno-para-todos\/"]}]},{"@type":"ImageObject","inLanguage":"es","@id":"https:\/\/radiohuancayo.com.pe\/wp54\/ibanez-la-clasificacion-de-un-equipo-peruano-siempre-es-bueno-para-todos\/#primaryimage","url":"https:\/\/radiohuancayo.com.pe\/wp54\/wp-content\/uploads\/2025\/02\/image-35.png","contentUrl":"https:\/\/radiohuancayo.com.pe\/wp54\/wp-content\/uploads\/2025\/02\/image-35.png","width":1200,"height":630},{"@type":"BreadcrumbList","@id":"https:\/\/radiohuancayo.com.pe\/wp54\/ibanez-la-clasificacion-de-un-equipo-peruano-siempre-es-bueno-para-todos\/#breadcrumb","itemListElement":[{"@type":"ListItem","position":1,"name":"Portada","item":"https:\/\/radiohuancayo.com.pe\/wp54\/"},{"@type":"ListItem","position":2,"name":"Ib\u00e1\u00f1ez: &#8220;La clasificaci\u00f3n de un equipo peruano siempre es bueno para todos&#8221;"}]},{"@type":"WebSite","@id":"https:\/\/radiohuancayo.com.pe\/wp54\/#website","url":"https:\/\/radiohuancayo.com.pe\/wp54\/","name":"Radio Huancayo","description":"me gusta!!!","publisher":{"@id":"https:\/\/radiohuancayo.com.pe\/wp54\/#organization"},"potentialAction":[{"@type":"SearchAction","target":{"@type":"EntryPoint","urlTemplate":"https:\/\/radiohuancayo.com.pe\/wp54\/?s={search_term_string}"},"query-input":{"@type":"PropertyValueSpecification","valueRequired":true,"valueName":"search_term_string"}}],"inLanguage":"es"},{"@type":"Organization","@id":"https:\/\/radiohuancayo.com.pe\/wp54\/#organization","name":"Radio Huancayo","url":"https:\/\/radiohuancayo.com.pe\/wp54\/","logo":{"@type":"ImageObject","inLanguage":"es","@id":"https:\/\/radiohuancayo.com.pe\/wp54\/#\/schema\/logo\/image\/","url":"https:\/\/radiohuancayo.com.pe\/wp54\/wp-content\/uploads\/2022\/04\/CABE01.png","contentUrl":"https:\/\/radiohuancayo.com.pe\/wp54\/wp-content\/uploads\/2022\/04\/CABE01.png","width":1640,"height":300,"caption":"Radio Huancayo"},"image":{"@id":"https:\/\/radiohuancayo.com.pe\/wp54\/#\/schema\/logo\/image\/"}},{"@type":"Person","@id":"https:\/\/radiohuancayo.com.pe\/wp54\/#\/schema\/person\/74fb124dee9900c6f4d0535fa1d2b5ae","name":"Michel Sanchez","image":{"@type":"ImageObject","inLanguage":"es","@id":"https:\/\/secure.gravatar.com\/avatar\/f7f6944c01b3f15a174d0cf055aea75c46697913fc8a9cf5c3cf3e8800c645f6?s=96&d=mm&r=g","url":"https:\/\/secure.gravatar.com\/avatar\/f7f6944c01b3f15a174d0cf055aea75c46697913fc8a9cf5c3cf3e8800c645f6?s=96&d=mm&r=g","contentUrl":"https:\/\/secure.gravatar.com\/avatar\/f7f6944c01b3f15a174d0cf055aea75c46697913fc8a9cf5c3cf3e8800c645f6?s=96&d=mm&r=g","caption":"Michel Sanchez"},"url":"https:\/\/radiohuancayo.com.pe\/wp54\/author\/memoris\/"}]}},"_links":{"self":[{"href":"https:\/\/radiohuancayo.com.pe\/wp54\/wp-json\/wp\/v2\/posts\/29572","targetHints":{"allow":["GET"]}}],"collection":[{"href":"https:\/\/radiohuancayo.com.pe\/wp54\/wp-json\/wp\/v2\/posts"}],"about":[{"href":"https:\/\/radiohuancayo.com.pe\/wp54\/wp-json\/wp\/v2\/types\/post"}],"author":[{"embeddable":true,"href":"https:\/\/radiohuancayo.com.pe\/wp54\/wp-json\/wp\/v2\/users\/2"}],"replies":[{"embeddable":true,"href":"https:\/\/radiohuancayo.com.pe\/wp54\/wp-json\/wp\/v2\/comments?post=29572"}],"version-history":[{"count":2,"href":"https:\/\/radiohuancayo.com.pe\/wp54\/wp-json\/wp\/v2\/posts\/29572\/revisions"}],"predecessor-version":[{"id":29575,"href":"https:\/\/radiohuancayo.com.pe\/wp54\/wp-json\/wp\/v2\/posts\/29572\/revisions\/29575"}],"wp:featuredmedia":[{"embeddable":true,"href":"https:\/\/radiohuancayo.com.pe\/wp54\/wp-json\/wp\/v2\/media\/29573"}],"wp:attachment":[{"href":"https:\/\/radiohuancayo.com.pe\/wp54\/wp-json\/wp\/v2\/media?parent=29572"}],"wp:term":[{"taxonomy":"category","embeddable":true,"href":"https:\/\/radiohuancayo.com.pe\/wp54\/wp-json\/wp\/v2\/categories?post=29572"},{"taxonomy":"post_tag","embeddable":true,"href":"https:\/\/radiohuancayo.com.pe\/wp54\/wp-json\/wp\/v2\/tags?post=29572"}],"curies":[{"name":"wp","href":"https:\/\/api.w.org\/{rel}","templated":true}]}}