{"id":29602,"date":"2025-02-26T17:26:42","date_gmt":"2025-02-26T22:26:42","guid":{"rendered":"https:\/\/radiohuancayo.com.pe\/wp54\/?p=29602"},"modified":"2025-02-26T17:27:30","modified_gmt":"2025-02-26T22:27:30","slug":"cristal-le-dio-la-bienvenida-a-axel-cabellos","status":"publish","type":"post","link":"https:\/\/radiohuancayo.com.pe\/wp54\/cristal-le-dio-la-bienvenida-a-axel-cabellos\/","title":{"rendered":"Cristal le dio la bienvenida a Axel Cabellos"},"content":{"rendered":"\n<p>A trav\u00e9s de las redes sociales, el cuadro de Sporting Cristal cerr\u00f3 su \u00faltima incorporaci\u00f3n para la primera parte del a\u00f1o, se trata del lateral izquierdo Axel Cabellos quien llega a pr\u00e9stamo por toda la temporada 2025.<\/p>\n\n\n\n<p>\u00ab\u00a1Bienvenido al R\u00edmac, Axel! Estamos felices de presentar a Axel Cabellos, jugador que llega a pr\u00e9stamo para toda la temporada 2025. \u00a1Con todo, Axel!\u00bb, se\u00f1al\u00f3 el cuadro rimense en redes sociales.<\/p>\n\n\n\n<p>Axel, quien es hermano de Catriel Cabellos, estuvo tambi\u00e9n en Racing de Avellaneda, desde donde llega a pr\u00e9stamo por toda la temporada, \u00e9l se desempe\u00f1a como lateral izquierdo y tambi\u00e9n puede jugar como volante por ese sector.<\/p>\n\n\n\n<p>As\u00ed, se convierte en la \u00faltima incorporaci\u00f3n del equipo, que guardar\u00e1 un cupo de extranjeros por la lesi\u00f3n de Gustavo Cazonatti, posiblemente para usarlo a mitad de temporada.<\/p>\n\n\n\n<p>NO SON LOS \u00daNICOS HERMANOS EN EL PLANTEL<\/p>\n\n\n\n<p>El caso de los hermanos Cabellos compartiendo plantel, no ser\u00e1 el \u00fanico, puesto que Jhilmar y Fabrizzio Lora tambi\u00e9n est\u00e1n en el equipo de Guillermo Farr\u00e9.&nbsp;<br>&nbsp;<\/p>\n","protected":false},"excerpt":{"rendered":"<p>A trav\u00e9s de las redes sociales, el cuadro de Sporting Cristal cerr\u00f3 su \u00faltima incorporaci\u00f3n para la primera parte del a\u00f1o, se trata del lateral izquierdo Axel Cabellos quien llega a pr\u00e9stamo por toda la temporada 2025. \u00ab\u00a1Bienvenido al R\u00edmac, Axel! Estamos felices de presentar a Axel Cabellos, jugador que llega a pr\u00e9stamo para toda la temporada 2025. \u00a1Con todo, Axel!\u00bb, se\u00f1al\u00f3 el cuadro rimense en redes sociales. Axel, quien es hermano de Catriel Cabellos, estuvo tambi\u00e9n en Racing de Avellaneda, desde donde llega a pr\u00e9stamo por toda la temporada, \u00e9l se desempe\u00f1a como lateral izquierdo y tambi\u00e9n puede jugar como volante por ese sector. As\u00ed, se convierte en la \u00faltima incorporaci\u00f3n del equipo, que guardar\u00e1 un cupo de extranjeros por la lesi\u00f3n de Gustavo Cazonatti, posiblemente para usarlo a mitad de temporada. NO SON LOS \u00daNICOS HERMANOS EN EL PLANTEL El caso de los hermanos Cabellos compartiendo plantel, no ser\u00e1 el \u00fanico, puesto que Jhilmar y Fabrizzio Lora tambi\u00e9n est\u00e1n en el equipo de Guillermo Farr\u00e9.&nbsp;&nbsp;<\/p>\n","protected":false},"author":2,"featured_media":29603,"comment_status":"open","ping_status":"open","sticky":false,"template":"","format":"standard","meta":{"footnotes":""},"categories":[7],"tags":[],"class_list":["post-29602","post","type-post","status-publish","format-standard","has-post-thumbnail","hentry","category-deportes"],"yoast_head":"<!-- This site is optimized with the Yoast SEO plugin v27.5 - https:\/\/yoast.com\/product\/yoast-seo-wordpress\/ -->\n<title>Cristal le dio la bienvenida a Axel Cabellos - Radio Huancayo<\/title>\n<meta name=\"robots\" content=\"index, follow, max-snippet:-1, max-image-preview:large, max-video-preview:-1\" \/>\n<link rel=\"canonical\" href=\"https:\/\/radiohuancayo.com.pe\/wp54\/cristal-le-dio-la-bienvenida-a-axel-cabellos\/\" \/>\n<meta property=\"og:locale\" content=\"es_ES\" \/>\n<meta property=\"og:type\" content=\"article\" \/>\n<meta property=\"og:title\" content=\"Cristal le dio la bienvenida a Axel Cabellos - Radio Huancayo\" \/>\n<meta property=\"og:description\" content=\"A trav\u00e9s de las redes sociales, el cuadro de Sporting Cristal cerr\u00f3 su \u00faltima incorporaci\u00f3n para la primera parte del a\u00f1o, se trata del lateral izquierdo Axel Cabellos quien llega a pr\u00e9stamo por toda la temporada 2025. \u00ab\u00a1Bienvenido al R\u00edmac, Axel! Estamos felices de presentar a Axel Cabellos, jugador que llega a pr\u00e9stamo para toda la temporada 2025. \u00a1Con todo, Axel!\u00bb, se\u00f1al\u00f3 el cuadro rimense en redes sociales. Axel, quien es hermano de Catriel Cabellos, estuvo tambi\u00e9n en Racing de Avellaneda, desde donde llega a pr\u00e9stamo por toda la temporada, \u00e9l se desempe\u00f1a como lateral izquierdo y tambi\u00e9n puede jugar como volante por ese sector. As\u00ed, se convierte en la \u00faltima incorporaci\u00f3n del equipo, que guardar\u00e1 un cupo de extranjeros por la lesi\u00f3n de Gustavo Cazonatti, posiblemente para usarlo a mitad de temporada. NO SON LOS \u00daNICOS HERMANOS EN EL PLANTEL El caso de los hermanos Cabellos compartiendo plantel, no ser\u00e1 el \u00fanico, puesto que Jhilmar y Fabrizzio Lora tambi\u00e9n est\u00e1n en el equipo de Guillermo Farr\u00e9.&nbsp;&nbsp;\" \/>\n<meta property=\"og:url\" content=\"https:\/\/radiohuancayo.com.pe\/wp54\/cristal-le-dio-la-bienvenida-a-axel-cabellos\/\" \/>\n<meta property=\"og:site_name\" content=\"Radio Huancayo\" \/>\n<meta property=\"article:published_time\" content=\"2025-02-26T22:26:42+00:00\" \/>\n<meta property=\"article:modified_time\" content=\"2025-02-26T22:27:30+00:00\" \/>\n<meta property=\"og:image\" content=\"https:\/\/radiohuancayo.com.pe\/wp54\/wp-content\/uploads\/2025\/02\/image-41.png\" \/>\n\t<meta property=\"og:image:width\" content=\"1200\" \/>\n\t<meta property=\"og:image:height\" content=\"630\" \/>\n\t<meta property=\"og:image:type\" content=\"image\/png\" \/>\n<meta name=\"author\" content=\"Michel Sanchez\" \/>\n<meta name=\"twitter:card\" content=\"summary_large_image\" \/>\n<meta name=\"twitter:label1\" content=\"Escrito por\" \/>\n\t<meta name=\"twitter:data1\" content=\"Michel Sanchez\" \/>\n\t<meta name=\"twitter:label2\" content=\"Tiempo de lectura\" \/>\n\t<meta name=\"twitter:data2\" content=\"1 minuto\" \/>\n<script type=\"application\/ld+json\" class=\"yoast-schema-graph\">{\"@context\":\"https:\\\/\\\/schema.org\",\"@graph\":[{\"@type\":\"Article\",\"@id\":\"https:\\\/\\\/radiohuancayo.com.pe\\\/wp54\\\/cristal-le-dio-la-bienvenida-a-axel-cabellos\\\/#article\",\"isPartOf\":{\"@id\":\"https:\\\/\\\/radiohuancayo.com.pe\\\/wp54\\\/cristal-le-dio-la-bienvenida-a-axel-cabellos\\\/\"},\"author\":{\"name\":\"Michel Sanchez\",\"@id\":\"https:\\\/\\\/radiohuancayo.com.pe\\\/wp54\\\/#\\\/schema\\\/person\\\/74fb124dee9900c6f4d0535fa1d2b5ae\"},\"headline\":\"Cristal le dio la bienvenida a Axel Cabellos\",\"datePublished\":\"2025-02-26T22:26:42+00:00\",\"dateModified\":\"2025-02-26T22:27:30+00:00\",\"mainEntityOfPage\":{\"@id\":\"https:\\\/\\\/radiohuancayo.com.pe\\\/wp54\\\/cristal-le-dio-la-bienvenida-a-axel-cabellos\\\/\"},\"wordCount\":190,\"commentCount\":0,\"publisher\":{\"@id\":\"https:\\\/\\\/radiohuancayo.com.pe\\\/wp54\\\/#organization\"},\"image\":{\"@id\":\"https:\\\/\\\/radiohuancayo.com.pe\\\/wp54\\\/cristal-le-dio-la-bienvenida-a-axel-cabellos\\\/#primaryimage\"},\"thumbnailUrl\":\"https:\\\/\\\/radiohuancayo.com.pe\\\/wp54\\\/wp-content\\\/uploads\\\/2025\\\/02\\\/image-41.png\",\"articleSection\":[\"Deportes\"],\"inLanguage\":\"es\",\"potentialAction\":[{\"@type\":\"CommentAction\",\"name\":\"Comment\",\"target\":[\"https:\\\/\\\/radiohuancayo.com.pe\\\/wp54\\\/cristal-le-dio-la-bienvenida-a-axel-cabellos\\\/#respond\"]}]},{\"@type\":\"WebPage\",\"@id\":\"https:\\\/\\\/radiohuancayo.com.pe\\\/wp54\\\/cristal-le-dio-la-bienvenida-a-axel-cabellos\\\/\",\"url\":\"https:\\\/\\\/radiohuancayo.com.pe\\\/wp54\\\/cristal-le-dio-la-bienvenida-a-axel-cabellos\\\/\",\"name\":\"Cristal le dio la bienvenida a Axel Cabellos - Radio Huancayo\",\"isPartOf\":{\"@id\":\"https:\\\/\\\/radiohuancayo.com.pe\\\/wp54\\\/#website\"},\"primaryImageOfPage\":{\"@id\":\"https:\\\/\\\/radiohuancayo.com.pe\\\/wp54\\\/cristal-le-dio-la-bienvenida-a-axel-cabellos\\\/#primaryimage\"},\"image\":{\"@id\":\"https:\\\/\\\/radiohuancayo.com.pe\\\/wp54\\\/cristal-le-dio-la-bienvenida-a-axel-cabellos\\\/#primaryimage\"},\"thumbnailUrl\":\"https:\\\/\\\/radiohuancayo.com.pe\\\/wp54\\\/wp-content\\\/uploads\\\/2025\\\/02\\\/image-41.png\",\"datePublished\":\"2025-02-26T22:26:42+00:00\",\"dateModified\":\"2025-02-26T22:27:30+00:00\",\"breadcrumb\":{\"@id\":\"https:\\\/\\\/radiohuancayo.com.pe\\\/wp54\\\/cristal-le-dio-la-bienvenida-a-axel-cabellos\\\/#breadcrumb\"},\"inLanguage\":\"es\",\"potentialAction\":[{\"@type\":\"ReadAction\",\"target\":[\"https:\\\/\\\/radiohuancayo.com.pe\\\/wp54\\\/cristal-le-dio-la-bienvenida-a-axel-cabellos\\\/\"]}]},{\"@type\":\"ImageObject\",\"inLanguage\":\"es\",\"@id\":\"https:\\\/\\\/radiohuancayo.com.pe\\\/wp54\\\/cristal-le-dio-la-bienvenida-a-axel-cabellos\\\/#primaryimage\",\"url\":\"https:\\\/\\\/radiohuancayo.com.pe\\\/wp54\\\/wp-content\\\/uploads\\\/2025\\\/02\\\/image-41.png\",\"contentUrl\":\"https:\\\/\\\/radiohuancayo.com.pe\\\/wp54\\\/wp-content\\\/uploads\\\/2025\\\/02\\\/image-41.png\",\"width\":1200,\"height\":630},{\"@type\":\"BreadcrumbList\",\"@id\":\"https:\\\/\\\/radiohuancayo.com.pe\\\/wp54\\\/cristal-le-dio-la-bienvenida-a-axel-cabellos\\\/#breadcrumb\",\"itemListElement\":[{\"@type\":\"ListItem\",\"position\":1,\"name\":\"Portada\",\"item\":\"https:\\\/\\\/radiohuancayo.com.pe\\\/wp54\\\/\"},{\"@type\":\"ListItem\",\"position\":2,\"name\":\"Cristal le dio la bienvenida a Axel Cabellos\"}]},{\"@type\":\"WebSite\",\"@id\":\"https:\\\/\\\/radiohuancayo.com.pe\\\/wp54\\\/#website\",\"url\":\"https:\\\/\\\/radiohuancayo.com.pe\\\/wp54\\\/\",\"name\":\"Radio Huancayo\",\"description\":\"me gusta!!!\",\"publisher\":{\"@id\":\"https:\\\/\\\/radiohuancayo.com.pe\\\/wp54\\\/#organization\"},\"potentialAction\":[{\"@type\":\"SearchAction\",\"target\":{\"@type\":\"EntryPoint\",\"urlTemplate\":\"https:\\\/\\\/radiohuancayo.com.pe\\\/wp54\\\/?s={search_term_string}\"},\"query-input\":{\"@type\":\"PropertyValueSpecification\",\"valueRequired\":true,\"valueName\":\"search_term_string\"}}],\"inLanguage\":\"es\"},{\"@type\":\"Organization\",\"@id\":\"https:\\\/\\\/radiohuancayo.com.pe\\\/wp54\\\/#organization\",\"name\":\"Radio Huancayo\",\"url\":\"https:\\\/\\\/radiohuancayo.com.pe\\\/wp54\\\/\",\"logo\":{\"@type\":\"ImageObject\",\"inLanguage\":\"es\",\"@id\":\"https:\\\/\\\/radiohuancayo.com.pe\\\/wp54\\\/#\\\/schema\\\/logo\\\/image\\\/\",\"url\":\"https:\\\/\\\/radiohuancayo.com.pe\\\/wp54\\\/wp-content\\\/uploads\\\/2022\\\/04\\\/CABE01.png\",\"contentUrl\":\"https:\\\/\\\/radiohuancayo.com.pe\\\/wp54\\\/wp-content\\\/uploads\\\/2022\\\/04\\\/CABE01.png\",\"width\":1640,\"height\":300,\"caption\":\"Radio Huancayo\"},\"image\":{\"@id\":\"https:\\\/\\\/radiohuancayo.com.pe\\\/wp54\\\/#\\\/schema\\\/logo\\\/image\\\/\"}},{\"@type\":\"Person\",\"@id\":\"https:\\\/\\\/radiohuancayo.com.pe\\\/wp54\\\/#\\\/schema\\\/person\\\/74fb124dee9900c6f4d0535fa1d2b5ae\",\"name\":\"Michel Sanchez\",\"image\":{\"@type\":\"ImageObject\",\"inLanguage\":\"es\",\"@id\":\"https:\\\/\\\/secure.gravatar.com\\\/avatar\\\/f7f6944c01b3f15a174d0cf055aea75c46697913fc8a9cf5c3cf3e8800c645f6?s=96&d=mm&r=g\",\"url\":\"https:\\\/\\\/secure.gravatar.com\\\/avatar\\\/f7f6944c01b3f15a174d0cf055aea75c46697913fc8a9cf5c3cf3e8800c645f6?s=96&d=mm&r=g\",\"contentUrl\":\"https:\\\/\\\/secure.gravatar.com\\\/avatar\\\/f7f6944c01b3f15a174d0cf055aea75c46697913fc8a9cf5c3cf3e8800c645f6?s=96&d=mm&r=g\",\"caption\":\"Michel Sanchez\"},\"url\":\"https:\\\/\\\/radiohuancayo.com.pe\\\/wp54\\\/author\\\/memoris\\\/\"}]}<\/script>\n<!-- \/ Yoast SEO plugin. -->","yoast_head_json":{"title":"Cristal le dio la bienvenida a Axel Cabellos - Radio Huancayo","robots":{"index":"index","follow":"follow","max-snippet":"max-snippet:-1","max-image-preview":"max-image-preview:large","max-video-preview":"max-video-preview:-1"},"canonical":"https:\/\/radiohuancayo.com.pe\/wp54\/cristal-le-dio-la-bienvenida-a-axel-cabellos\/","og_locale":"es_ES","og_type":"article","og_title":"Cristal le dio la bienvenida a Axel Cabellos - Radio Huancayo","og_description":"A trav\u00e9s de las redes sociales, el cuadro de Sporting Cristal cerr\u00f3 su \u00faltima incorporaci\u00f3n para la primera parte del a\u00f1o, se trata del lateral izquierdo Axel Cabellos quien llega a pr\u00e9stamo por toda la temporada 2025. \u00ab\u00a1Bienvenido al R\u00edmac, Axel! Estamos felices de presentar a Axel Cabellos, jugador que llega a pr\u00e9stamo para toda la temporada 2025. \u00a1Con todo, Axel!\u00bb, se\u00f1al\u00f3 el cuadro rimense en redes sociales. Axel, quien es hermano de Catriel Cabellos, estuvo tambi\u00e9n en Racing de Avellaneda, desde donde llega a pr\u00e9stamo por toda la temporada, \u00e9l se desempe\u00f1a como lateral izquierdo y tambi\u00e9n puede jugar como volante por ese sector. As\u00ed, se convierte en la \u00faltima incorporaci\u00f3n del equipo, que guardar\u00e1 un cupo de extranjeros por la lesi\u00f3n de Gustavo Cazonatti, posiblemente para usarlo a mitad de temporada. NO SON LOS \u00daNICOS HERMANOS EN EL PLANTEL El caso de los hermanos Cabellos compartiendo plantel, no ser\u00e1 el \u00fanico, puesto que Jhilmar y Fabrizzio Lora tambi\u00e9n est\u00e1n en el equipo de Guillermo Farr\u00e9.&nbsp;&nbsp;","og_url":"https:\/\/radiohuancayo.com.pe\/wp54\/cristal-le-dio-la-bienvenida-a-axel-cabellos\/","og_site_name":"Radio Huancayo","article_published_time":"2025-02-26T22:26:42+00:00","article_modified_time":"2025-02-26T22:27:30+00:00","og_image":[{"width":1200,"height":630,"url":"https:\/\/radiohuancayo.com.pe\/wp54\/wp-content\/uploads\/2025\/02\/image-41.png","type":"image\/png"}],"author":"Michel Sanchez","twitter_card":"summary_large_image","twitter_misc":{"Escrito por":"Michel Sanchez","Tiempo de lectura":"1 minuto"},"schema":{"@context":"https:\/\/schema.org","@graph":[{"@type":"Article","@id":"https:\/\/radiohuancayo.com.pe\/wp54\/cristal-le-dio-la-bienvenida-a-axel-cabellos\/#article","isPartOf":{"@id":"https:\/\/radiohuancayo.com.pe\/wp54\/cristal-le-dio-la-bienvenida-a-axel-cabellos\/"},"author":{"name":"Michel Sanchez","@id":"https:\/\/radiohuancayo.com.pe\/wp54\/#\/schema\/person\/74fb124dee9900c6f4d0535fa1d2b5ae"},"headline":"Cristal le dio la bienvenida a Axel Cabellos","datePublished":"2025-02-26T22:26:42+00:00","dateModified":"2025-02-26T22:27:30+00:00","mainEntityOfPage":{"@id":"https:\/\/radiohuancayo.com.pe\/wp54\/cristal-le-dio-la-bienvenida-a-axel-cabellos\/"},"wordCount":190,"commentCount":0,"publisher":{"@id":"https:\/\/radiohuancayo.com.pe\/wp54\/#organization"},"image":{"@id":"https:\/\/radiohuancayo.com.pe\/wp54\/cristal-le-dio-la-bienvenida-a-axel-cabellos\/#primaryimage"},"thumbnailUrl":"https:\/\/radiohuancayo.com.pe\/wp54\/wp-content\/uploads\/2025\/02\/image-41.png","articleSection":["Deportes"],"inLanguage":"es","potentialAction":[{"@type":"CommentAction","name":"Comment","target":["https:\/\/radiohuancayo.com.pe\/wp54\/cristal-le-dio-la-bienvenida-a-axel-cabellos\/#respond"]}]},{"@type":"WebPage","@id":"https:\/\/radiohuancayo.com.pe\/wp54\/cristal-le-dio-la-bienvenida-a-axel-cabellos\/","url":"https:\/\/radiohuancayo.com.pe\/wp54\/cristal-le-dio-la-bienvenida-a-axel-cabellos\/","name":"Cristal le dio la bienvenida a Axel Cabellos - Radio Huancayo","isPartOf":{"@id":"https:\/\/radiohuancayo.com.pe\/wp54\/#website"},"primaryImageOfPage":{"@id":"https:\/\/radiohuancayo.com.pe\/wp54\/cristal-le-dio-la-bienvenida-a-axel-cabellos\/#primaryimage"},"image":{"@id":"https:\/\/radiohuancayo.com.pe\/wp54\/cristal-le-dio-la-bienvenida-a-axel-cabellos\/#primaryimage"},"thumbnailUrl":"https:\/\/radiohuancayo.com.pe\/wp54\/wp-content\/uploads\/2025\/02\/image-41.png","datePublished":"2025-02-26T22:26:42+00:00","dateModified":"2025-02-26T22:27:30+00:00","breadcrumb":{"@id":"https:\/\/radiohuancayo.com.pe\/wp54\/cristal-le-dio-la-bienvenida-a-axel-cabellos\/#breadcrumb"},"inLanguage":"es","potentialAction":[{"@type":"ReadAction","target":["https:\/\/radiohuancayo.com.pe\/wp54\/cristal-le-dio-la-bienvenida-a-axel-cabellos\/"]}]},{"@type":"ImageObject","inLanguage":"es","@id":"https:\/\/radiohuancayo.com.pe\/wp54\/cristal-le-dio-la-bienvenida-a-axel-cabellos\/#primaryimage","url":"https:\/\/radiohuancayo.com.pe\/wp54\/wp-content\/uploads\/2025\/02\/image-41.png","contentUrl":"https:\/\/radiohuancayo.com.pe\/wp54\/wp-content\/uploads\/2025\/02\/image-41.png","width":1200,"height":630},{"@type":"BreadcrumbList","@id":"https:\/\/radiohuancayo.com.pe\/wp54\/cristal-le-dio-la-bienvenida-a-axel-cabellos\/#breadcrumb","itemListElement":[{"@type":"ListItem","position":1,"name":"Portada","item":"https:\/\/radiohuancayo.com.pe\/wp54\/"},{"@type":"ListItem","position":2,"name":"Cristal le dio la bienvenida a Axel Cabellos"}]},{"@type":"WebSite","@id":"https:\/\/radiohuancayo.com.pe\/wp54\/#website","url":"https:\/\/radiohuancayo.com.pe\/wp54\/","name":"Radio Huancayo","description":"me gusta!!!","publisher":{"@id":"https:\/\/radiohuancayo.com.pe\/wp54\/#organization"},"potentialAction":[{"@type":"SearchAction","target":{"@type":"EntryPoint","urlTemplate":"https:\/\/radiohuancayo.com.pe\/wp54\/?s={search_term_string}"},"query-input":{"@type":"PropertyValueSpecification","valueRequired":true,"valueName":"search_term_string"}}],"inLanguage":"es"},{"@type":"Organization","@id":"https:\/\/radiohuancayo.com.pe\/wp54\/#organization","name":"Radio Huancayo","url":"https:\/\/radiohuancayo.com.pe\/wp54\/","logo":{"@type":"ImageObject","inLanguage":"es","@id":"https:\/\/radiohuancayo.com.pe\/wp54\/#\/schema\/logo\/image\/","url":"https:\/\/radiohuancayo.com.pe\/wp54\/wp-content\/uploads\/2022\/04\/CABE01.png","contentUrl":"https:\/\/radiohuancayo.com.pe\/wp54\/wp-content\/uploads\/2022\/04\/CABE01.png","width":1640,"height":300,"caption":"Radio Huancayo"},"image":{"@id":"https:\/\/radiohuancayo.com.pe\/wp54\/#\/schema\/logo\/image\/"}},{"@type":"Person","@id":"https:\/\/radiohuancayo.com.pe\/wp54\/#\/schema\/person\/74fb124dee9900c6f4d0535fa1d2b5ae","name":"Michel Sanchez","image":{"@type":"ImageObject","inLanguage":"es","@id":"https:\/\/secure.gravatar.com\/avatar\/f7f6944c01b3f15a174d0cf055aea75c46697913fc8a9cf5c3cf3e8800c645f6?s=96&d=mm&r=g","url":"https:\/\/secure.gravatar.com\/avatar\/f7f6944c01b3f15a174d0cf055aea75c46697913fc8a9cf5c3cf3e8800c645f6?s=96&d=mm&r=g","contentUrl":"https:\/\/secure.gravatar.com\/avatar\/f7f6944c01b3f15a174d0cf055aea75c46697913fc8a9cf5c3cf3e8800c645f6?s=96&d=mm&r=g","caption":"Michel Sanchez"},"url":"https:\/\/radiohuancayo.com.pe\/wp54\/author\/memoris\/"}]}},"_links":{"self":[{"href":"https:\/\/radiohuancayo.com.pe\/wp54\/wp-json\/wp\/v2\/posts\/29602","targetHints":{"allow":["GET"]}}],"collection":[{"href":"https:\/\/radiohuancayo.com.pe\/wp54\/wp-json\/wp\/v2\/posts"}],"about":[{"href":"https:\/\/radiohuancayo.com.pe\/wp54\/wp-json\/wp\/v2\/types\/post"}],"author":[{"embeddable":true,"href":"https:\/\/radiohuancayo.com.pe\/wp54\/wp-json\/wp\/v2\/users\/2"}],"replies":[{"embeddable":true,"href":"https:\/\/radiohuancayo.com.pe\/wp54\/wp-json\/wp\/v2\/comments?post=29602"}],"version-history":[{"count":2,"href":"https:\/\/radiohuancayo.com.pe\/wp54\/wp-json\/wp\/v2\/posts\/29602\/revisions"}],"predecessor-version":[{"id":29605,"href":"https:\/\/radiohuancayo.com.pe\/wp54\/wp-json\/wp\/v2\/posts\/29602\/revisions\/29605"}],"wp:featuredmedia":[{"embeddable":true,"href":"https:\/\/radiohuancayo.com.pe\/wp54\/wp-json\/wp\/v2\/media\/29603"}],"wp:attachment":[{"href":"https:\/\/radiohuancayo.com.pe\/wp54\/wp-json\/wp\/v2\/media?parent=29602"}],"wp:term":[{"taxonomy":"category","embeddable":true,"href":"https:\/\/radiohuancayo.com.pe\/wp54\/wp-json\/wp\/v2\/categories?post=29602"},{"taxonomy":"post_tag","embeddable":true,"href":"https:\/\/radiohuancayo.com.pe\/wp54\/wp-json\/wp\/v2\/tags?post=29602"}],"curies":[{"name":"wp","href":"https:\/\/api.w.org\/{rel}","templated":true}]}}