{"id":29625,"date":"2025-03-03T16:33:43","date_gmt":"2025-03-03T21:33:43","guid":{"rendered":"https:\/\/radiohuancayo.com.pe\/wp54\/?p=29625"},"modified":"2025-03-03T16:33:43","modified_gmt":"2025-03-03T21:33:43","slug":"caceres-entreno-con-el-primer-equipo-solo-los-partidos-los-juego-con-la-reserva","status":"publish","type":"post","link":"https:\/\/radiohuancayo.com.pe\/wp54\/caceres-entreno-con-el-primer-equipo-solo-los-partidos-los-juego-con-la-reserva\/","title":{"rendered":"C\u00e1ceres: \u00abEntreno con el primer equipo, solo los partidos los juego con la reserva\u00bb"},"content":{"rendered":"\n<figure class=\"wp-block-image size-large\"><img fetchpriority=\"high\" decoding=\"async\" width=\"1024\" height=\"538\" src=\"https:\/\/radiohuancayo.com.pe\/wp54\/wp-content\/uploads\/2025\/03\/image-2-1024x538.png\" alt=\"\" class=\"wp-image-29626\" srcset=\"https:\/\/radiohuancayo.com.pe\/wp54\/wp-content\/uploads\/2025\/03\/image-2-1024x538.png 1024w, https:\/\/radiohuancayo.com.pe\/wp54\/wp-content\/uploads\/2025\/03\/image-2-300x158.png 300w, https:\/\/radiohuancayo.com.pe\/wp54\/wp-content\/uploads\/2025\/03\/image-2-768x403.png 768w, https:\/\/radiohuancayo.com.pe\/wp54\/wp-content\/uploads\/2025\/03\/image-2.png 1200w\" sizes=\"(max-width: 1024px) 100vw, 1024px\" \/><\/figure>\n\n\n\n<p>El delantero nacional Jefferson C\u00e1ceres confes\u00f3 que se viene adaptando al Sheffield United, anhela pronto debutar en el cuadro ingl\u00e9s y se\u00f1al\u00f3 que trabajar\u00e1 muy duro para ser considerado tambi\u00e9n en la Selecci\u00f3n peruana.<\/p>\n\n\n\n<p>\u00abGracias a Dios me est\u00e1 yendo bien, adapt\u00e1ndome muy r\u00e1pido. De hecho, yo entreno con el primer equipo, solo los partidos los juego con la reserva. El \u2018profe\u2019 quiere que me vaya acoplando al grupo y a los minutos, eso va a ser s\u00faper mportante. Tener a los compa\u00f1eros al lado me har\u00e1 mejorar y estar\u00e9 preparado cuando el profesor me d\u00e9 la oportunidad de salir en lista y tener la oportunidad de debutar\u00bb, asegur\u00f3 el exjugador de FBC Melgar en ATV Deportes.<\/p>\n\n\n\n<h3 class=\"wp-block-heading\"><strong>Sue\u00f1a con ponerse la Bicolor<\/strong><\/h3>\n\n\n\n<p>Sobre la &#8216;blanquirroja&#8217;, C\u00e1ceres indic\u00f3: \u00abUno de ni\u00f1o sue\u00f1a con jugar en la selecci\u00f3n, cantar el himno. Representar a la selecci\u00f3n es algo \u00fanico que en alg\u00fan momento se puede dar. Seguir\u00e9 trabajando para estar preparado si es que me llega la oportunidad, y si se da el llamado, bienvenido sea. Por lo pronto, mi mente est\u00e1 en trabajar, seguir mejorando y poder adaptarme lo m\u00e1s pronto posible\u00bb.<\/p>\n\n\n\n<p>Adem\u00e1s, el futbolista de 22 a\u00f1os, agradeci\u00f3 a Yot\u00fan: \u00abMe mand\u00f3 un mensaje felicit\u00e1ndome y d\u00e1ndome algunos consejos. La verdad es que me sorprend\u00ed, que jugadores con esa calidad y esa grandeza que uno ve\u00eda en la televisi\u00f3n de chico, y que te escriba, es algo motivante\u00bb.<\/p>\n","protected":false},"excerpt":{"rendered":"<p>El delantero nacional Jefferson C\u00e1ceres confes\u00f3 que se viene adaptando al Sheffield United, anhela pronto debutar en el cuadro ingl\u00e9s y se\u00f1al\u00f3 que trabajar\u00e1 muy duro para ser considerado tambi\u00e9n en la Selecci\u00f3n peruana. \u00abGracias a Dios me est\u00e1 yendo bien, adapt\u00e1ndome muy r\u00e1pido. De hecho, yo entreno con el primer equipo, solo los partidos los juego con la reserva. El \u2018profe\u2019 quiere que me vaya acoplando al grupo y a los minutos, eso va a ser s\u00faper mportante. Tener a los compa\u00f1eros al lado me har\u00e1 mejorar y estar\u00e9 preparado cuando el profesor me d\u00e9 la oportunidad de salir en lista y tener la oportunidad de debutar\u00bb, asegur\u00f3 el exjugador de FBC Melgar en ATV Deportes. Sue\u00f1a con ponerse la Bicolor Sobre la &#8216;blanquirroja&#8217;, C\u00e1ceres indic\u00f3: \u00abUno de ni\u00f1o sue\u00f1a con jugar en la selecci\u00f3n, cantar el himno. Representar a la selecci\u00f3n es algo \u00fanico que en alg\u00fan momento se puede dar. Seguir\u00e9 trabajando para estar preparado si es que me llega la oportunidad, y si se da el llamado, bienvenido sea. Por lo pronto, mi mente est\u00e1 en trabajar, seguir mejorando y poder adaptarme lo m\u00e1s pronto posible\u00bb. Adem\u00e1s, el futbolista de 22 a\u00f1os, agradeci\u00f3 a Yot\u00fan: \u00abMe mand\u00f3 un mensaje felicit\u00e1ndome y d\u00e1ndome algunos consejos. La verdad es que me sorprend\u00ed, que jugadores con esa calidad y esa grandeza que uno ve\u00eda en la televisi\u00f3n de chico, y que te escriba, es algo motivante\u00bb.<\/p>\n","protected":false},"author":2,"featured_media":29626,"comment_status":"open","ping_status":"open","sticky":false,"template":"","format":"standard","meta":{"footnotes":""},"categories":[7],"tags":[],"class_list":["post-29625","post","type-post","status-publish","format-standard","has-post-thumbnail","hentry","category-deportes"],"yoast_head":"<!-- This site is optimized with the Yoast SEO plugin v27.5 - https:\/\/yoast.com\/product\/yoast-seo-wordpress\/ -->\n<title>C\u00e1ceres: &quot;Entreno con el primer equipo, solo los partidos los juego con la reserva&quot; - Radio Huancayo<\/title>\n<meta name=\"robots\" content=\"index, follow, max-snippet:-1, max-image-preview:large, max-video-preview:-1\" \/>\n<link rel=\"canonical\" href=\"https:\/\/radiohuancayo.com.pe\/wp54\/caceres-entreno-con-el-primer-equipo-solo-los-partidos-los-juego-con-la-reserva\/\" \/>\n<meta property=\"og:locale\" content=\"es_ES\" \/>\n<meta property=\"og:type\" content=\"article\" \/>\n<meta property=\"og:title\" content=\"C\u00e1ceres: &quot;Entreno con el primer equipo, solo los partidos los juego con la reserva&quot; - Radio Huancayo\" \/>\n<meta property=\"og:description\" content=\"El delantero nacional Jefferson C\u00e1ceres confes\u00f3 que se viene adaptando al Sheffield United, anhela pronto debutar en el cuadro ingl\u00e9s y se\u00f1al\u00f3 que trabajar\u00e1 muy duro para ser considerado tambi\u00e9n en la Selecci\u00f3n peruana. \u00abGracias a Dios me est\u00e1 yendo bien, adapt\u00e1ndome muy r\u00e1pido. De hecho, yo entreno con el primer equipo, solo los partidos los juego con la reserva. El \u2018profe\u2019 quiere que me vaya acoplando al grupo y a los minutos, eso va a ser s\u00faper mportante. Tener a los compa\u00f1eros al lado me har\u00e1 mejorar y estar\u00e9 preparado cuando el profesor me d\u00e9 la oportunidad de salir en lista y tener la oportunidad de debutar\u00bb, asegur\u00f3 el exjugador de FBC Melgar en ATV Deportes. Sue\u00f1a con ponerse la Bicolor Sobre la &#8216;blanquirroja&#8217;, C\u00e1ceres indic\u00f3: \u00abUno de ni\u00f1o sue\u00f1a con jugar en la selecci\u00f3n, cantar el himno. Representar a la selecci\u00f3n es algo \u00fanico que en alg\u00fan momento se puede dar. Seguir\u00e9 trabajando para estar preparado si es que me llega la oportunidad, y si se da el llamado, bienvenido sea. Por lo pronto, mi mente est\u00e1 en trabajar, seguir mejorando y poder adaptarme lo m\u00e1s pronto posible\u00bb. Adem\u00e1s, el futbolista de 22 a\u00f1os, agradeci\u00f3 a Yot\u00fan: \u00abMe mand\u00f3 un mensaje felicit\u00e1ndome y d\u00e1ndome algunos consejos. La verdad es que me sorprend\u00ed, que jugadores con esa calidad y esa grandeza que uno ve\u00eda en la televisi\u00f3n de chico, y que te escriba, es algo motivante\u00bb.\" \/>\n<meta property=\"og:url\" content=\"https:\/\/radiohuancayo.com.pe\/wp54\/caceres-entreno-con-el-primer-equipo-solo-los-partidos-los-juego-con-la-reserva\/\" \/>\n<meta property=\"og:site_name\" content=\"Radio Huancayo\" \/>\n<meta property=\"article:published_time\" content=\"2025-03-03T21:33:43+00:00\" \/>\n<meta property=\"og:image\" content=\"https:\/\/radiohuancayo.com.pe\/wp54\/wp-content\/uploads\/2025\/03\/image-2.png\" \/>\n\t<meta property=\"og:image:width\" content=\"1200\" \/>\n\t<meta property=\"og:image:height\" content=\"630\" \/>\n\t<meta property=\"og:image:type\" content=\"image\/png\" \/>\n<meta name=\"author\" content=\"Michel Sanchez\" \/>\n<meta name=\"twitter:card\" content=\"summary_large_image\" \/>\n<meta name=\"twitter:label1\" content=\"Escrito por\" \/>\n\t<meta name=\"twitter:data1\" content=\"Michel Sanchez\" \/>\n\t<meta name=\"twitter:label2\" content=\"Tiempo de lectura\" \/>\n\t<meta name=\"twitter:data2\" content=\"2 minutos\" \/>\n<script type=\"application\/ld+json\" class=\"yoast-schema-graph\">{\"@context\":\"https:\\\/\\\/schema.org\",\"@graph\":[{\"@type\":\"Article\",\"@id\":\"https:\\\/\\\/radiohuancayo.com.pe\\\/wp54\\\/caceres-entreno-con-el-primer-equipo-solo-los-partidos-los-juego-con-la-reserva\\\/#article\",\"isPartOf\":{\"@id\":\"https:\\\/\\\/radiohuancayo.com.pe\\\/wp54\\\/caceres-entreno-con-el-primer-equipo-solo-los-partidos-los-juego-con-la-reserva\\\/\"},\"author\":{\"name\":\"Michel Sanchez\",\"@id\":\"https:\\\/\\\/radiohuancayo.com.pe\\\/wp54\\\/#\\\/schema\\\/person\\\/74fb124dee9900c6f4d0535fa1d2b5ae\"},\"headline\":\"C\u00e1ceres: \u00abEntreno con el primer equipo, solo los partidos los juego con la reserva\u00bb\",\"datePublished\":\"2025-03-03T21:33:43+00:00\",\"mainEntityOfPage\":{\"@id\":\"https:\\\/\\\/radiohuancayo.com.pe\\\/wp54\\\/caceres-entreno-con-el-primer-equipo-solo-los-partidos-los-juego-con-la-reserva\\\/\"},\"wordCount\":275,\"commentCount\":0,\"publisher\":{\"@id\":\"https:\\\/\\\/radiohuancayo.com.pe\\\/wp54\\\/#organization\"},\"image\":{\"@id\":\"https:\\\/\\\/radiohuancayo.com.pe\\\/wp54\\\/caceres-entreno-con-el-primer-equipo-solo-los-partidos-los-juego-con-la-reserva\\\/#primaryimage\"},\"thumbnailUrl\":\"https:\\\/\\\/radiohuancayo.com.pe\\\/wp54\\\/wp-content\\\/uploads\\\/2025\\\/03\\\/image-2.png\",\"articleSection\":[\"Deportes\"],\"inLanguage\":\"es\",\"potentialAction\":[{\"@type\":\"CommentAction\",\"name\":\"Comment\",\"target\":[\"https:\\\/\\\/radiohuancayo.com.pe\\\/wp54\\\/caceres-entreno-con-el-primer-equipo-solo-los-partidos-los-juego-con-la-reserva\\\/#respond\"]}]},{\"@type\":\"WebPage\",\"@id\":\"https:\\\/\\\/radiohuancayo.com.pe\\\/wp54\\\/caceres-entreno-con-el-primer-equipo-solo-los-partidos-los-juego-con-la-reserva\\\/\",\"url\":\"https:\\\/\\\/radiohuancayo.com.pe\\\/wp54\\\/caceres-entreno-con-el-primer-equipo-solo-los-partidos-los-juego-con-la-reserva\\\/\",\"name\":\"C\u00e1ceres: \\\"Entreno con el primer equipo, solo los partidos los juego con la reserva\\\" - Radio Huancayo\",\"isPartOf\":{\"@id\":\"https:\\\/\\\/radiohuancayo.com.pe\\\/wp54\\\/#website\"},\"primaryImageOfPage\":{\"@id\":\"https:\\\/\\\/radiohuancayo.com.pe\\\/wp54\\\/caceres-entreno-con-el-primer-equipo-solo-los-partidos-los-juego-con-la-reserva\\\/#primaryimage\"},\"image\":{\"@id\":\"https:\\\/\\\/radiohuancayo.com.pe\\\/wp54\\\/caceres-entreno-con-el-primer-equipo-solo-los-partidos-los-juego-con-la-reserva\\\/#primaryimage\"},\"thumbnailUrl\":\"https:\\\/\\\/radiohuancayo.com.pe\\\/wp54\\\/wp-content\\\/uploads\\\/2025\\\/03\\\/image-2.png\",\"datePublished\":\"2025-03-03T21:33:43+00:00\",\"breadcrumb\":{\"@id\":\"https:\\\/\\\/radiohuancayo.com.pe\\\/wp54\\\/caceres-entreno-con-el-primer-equipo-solo-los-partidos-los-juego-con-la-reserva\\\/#breadcrumb\"},\"inLanguage\":\"es\",\"potentialAction\":[{\"@type\":\"ReadAction\",\"target\":[\"https:\\\/\\\/radiohuancayo.com.pe\\\/wp54\\\/caceres-entreno-con-el-primer-equipo-solo-los-partidos-los-juego-con-la-reserva\\\/\"]}]},{\"@type\":\"ImageObject\",\"inLanguage\":\"es\",\"@id\":\"https:\\\/\\\/radiohuancayo.com.pe\\\/wp54\\\/caceres-entreno-con-el-primer-equipo-solo-los-partidos-los-juego-con-la-reserva\\\/#primaryimage\",\"url\":\"https:\\\/\\\/radiohuancayo.com.pe\\\/wp54\\\/wp-content\\\/uploads\\\/2025\\\/03\\\/image-2.png\",\"contentUrl\":\"https:\\\/\\\/radiohuancayo.com.pe\\\/wp54\\\/wp-content\\\/uploads\\\/2025\\\/03\\\/image-2.png\",\"width\":1200,\"height\":630},{\"@type\":\"BreadcrumbList\",\"@id\":\"https:\\\/\\\/radiohuancayo.com.pe\\\/wp54\\\/caceres-entreno-con-el-primer-equipo-solo-los-partidos-los-juego-con-la-reserva\\\/#breadcrumb\",\"itemListElement\":[{\"@type\":\"ListItem\",\"position\":1,\"name\":\"Portada\",\"item\":\"https:\\\/\\\/radiohuancayo.com.pe\\\/wp54\\\/\"},{\"@type\":\"ListItem\",\"position\":2,\"name\":\"C\u00e1ceres: &#8220;Entreno con el primer equipo, solo los partidos los juego con la reserva&#8221;\"}]},{\"@type\":\"WebSite\",\"@id\":\"https:\\\/\\\/radiohuancayo.com.pe\\\/wp54\\\/#website\",\"url\":\"https:\\\/\\\/radiohuancayo.com.pe\\\/wp54\\\/\",\"name\":\"Radio Huancayo\",\"description\":\"me gusta!!!\",\"publisher\":{\"@id\":\"https:\\\/\\\/radiohuancayo.com.pe\\\/wp54\\\/#organization\"},\"potentialAction\":[{\"@type\":\"SearchAction\",\"target\":{\"@type\":\"EntryPoint\",\"urlTemplate\":\"https:\\\/\\\/radiohuancayo.com.pe\\\/wp54\\\/?s={search_term_string}\"},\"query-input\":{\"@type\":\"PropertyValueSpecification\",\"valueRequired\":true,\"valueName\":\"search_term_string\"}}],\"inLanguage\":\"es\"},{\"@type\":\"Organization\",\"@id\":\"https:\\\/\\\/radiohuancayo.com.pe\\\/wp54\\\/#organization\",\"name\":\"Radio Huancayo\",\"url\":\"https:\\\/\\\/radiohuancayo.com.pe\\\/wp54\\\/\",\"logo\":{\"@type\":\"ImageObject\",\"inLanguage\":\"es\",\"@id\":\"https:\\\/\\\/radiohuancayo.com.pe\\\/wp54\\\/#\\\/schema\\\/logo\\\/image\\\/\",\"url\":\"https:\\\/\\\/radiohuancayo.com.pe\\\/wp54\\\/wp-content\\\/uploads\\\/2022\\\/04\\\/CABE01.png\",\"contentUrl\":\"https:\\\/\\\/radiohuancayo.com.pe\\\/wp54\\\/wp-content\\\/uploads\\\/2022\\\/04\\\/CABE01.png\",\"width\":1640,\"height\":300,\"caption\":\"Radio Huancayo\"},\"image\":{\"@id\":\"https:\\\/\\\/radiohuancayo.com.pe\\\/wp54\\\/#\\\/schema\\\/logo\\\/image\\\/\"}},{\"@type\":\"Person\",\"@id\":\"https:\\\/\\\/radiohuancayo.com.pe\\\/wp54\\\/#\\\/schema\\\/person\\\/74fb124dee9900c6f4d0535fa1d2b5ae\",\"name\":\"Michel Sanchez\",\"image\":{\"@type\":\"ImageObject\",\"inLanguage\":\"es\",\"@id\":\"https:\\\/\\\/secure.gravatar.com\\\/avatar\\\/f7f6944c01b3f15a174d0cf055aea75c46697913fc8a9cf5c3cf3e8800c645f6?s=96&d=mm&r=g\",\"url\":\"https:\\\/\\\/secure.gravatar.com\\\/avatar\\\/f7f6944c01b3f15a174d0cf055aea75c46697913fc8a9cf5c3cf3e8800c645f6?s=96&d=mm&r=g\",\"contentUrl\":\"https:\\\/\\\/secure.gravatar.com\\\/avatar\\\/f7f6944c01b3f15a174d0cf055aea75c46697913fc8a9cf5c3cf3e8800c645f6?s=96&d=mm&r=g\",\"caption\":\"Michel Sanchez\"},\"url\":\"https:\\\/\\\/radiohuancayo.com.pe\\\/wp54\\\/author\\\/memoris\\\/\"}]}<\/script>\n<!-- \/ Yoast SEO plugin. -->","yoast_head_json":{"title":"C\u00e1ceres: \"Entreno con el primer equipo, solo los partidos los juego con la reserva\" - Radio Huancayo","robots":{"index":"index","follow":"follow","max-snippet":"max-snippet:-1","max-image-preview":"max-image-preview:large","max-video-preview":"max-video-preview:-1"},"canonical":"https:\/\/radiohuancayo.com.pe\/wp54\/caceres-entreno-con-el-primer-equipo-solo-los-partidos-los-juego-con-la-reserva\/","og_locale":"es_ES","og_type":"article","og_title":"C\u00e1ceres: \"Entreno con el primer equipo, solo los partidos los juego con la reserva\" - Radio Huancayo","og_description":"El delantero nacional Jefferson C\u00e1ceres confes\u00f3 que se viene adaptando al Sheffield United, anhela pronto debutar en el cuadro ingl\u00e9s y se\u00f1al\u00f3 que trabajar\u00e1 muy duro para ser considerado tambi\u00e9n en la Selecci\u00f3n peruana. \u00abGracias a Dios me est\u00e1 yendo bien, adapt\u00e1ndome muy r\u00e1pido. De hecho, yo entreno con el primer equipo, solo los partidos los juego con la reserva. El \u2018profe\u2019 quiere que me vaya acoplando al grupo y a los minutos, eso va a ser s\u00faper mportante. Tener a los compa\u00f1eros al lado me har\u00e1 mejorar y estar\u00e9 preparado cuando el profesor me d\u00e9 la oportunidad de salir en lista y tener la oportunidad de debutar\u00bb, asegur\u00f3 el exjugador de FBC Melgar en ATV Deportes. Sue\u00f1a con ponerse la Bicolor Sobre la &#8216;blanquirroja&#8217;, C\u00e1ceres indic\u00f3: \u00abUno de ni\u00f1o sue\u00f1a con jugar en la selecci\u00f3n, cantar el himno. Representar a la selecci\u00f3n es algo \u00fanico que en alg\u00fan momento se puede dar. Seguir\u00e9 trabajando para estar preparado si es que me llega la oportunidad, y si se da el llamado, bienvenido sea. Por lo pronto, mi mente est\u00e1 en trabajar, seguir mejorando y poder adaptarme lo m\u00e1s pronto posible\u00bb. Adem\u00e1s, el futbolista de 22 a\u00f1os, agradeci\u00f3 a Yot\u00fan: \u00abMe mand\u00f3 un mensaje felicit\u00e1ndome y d\u00e1ndome algunos consejos. La verdad es que me sorprend\u00ed, que jugadores con esa calidad y esa grandeza que uno ve\u00eda en la televisi\u00f3n de chico, y que te escriba, es algo motivante\u00bb.","og_url":"https:\/\/radiohuancayo.com.pe\/wp54\/caceres-entreno-con-el-primer-equipo-solo-los-partidos-los-juego-con-la-reserva\/","og_site_name":"Radio Huancayo","article_published_time":"2025-03-03T21:33:43+00:00","og_image":[{"width":1200,"height":630,"url":"https:\/\/radiohuancayo.com.pe\/wp54\/wp-content\/uploads\/2025\/03\/image-2.png","type":"image\/png"}],"author":"Michel Sanchez","twitter_card":"summary_large_image","twitter_misc":{"Escrito por":"Michel Sanchez","Tiempo de lectura":"2 minutos"},"schema":{"@context":"https:\/\/schema.org","@graph":[{"@type":"Article","@id":"https:\/\/radiohuancayo.com.pe\/wp54\/caceres-entreno-con-el-primer-equipo-solo-los-partidos-los-juego-con-la-reserva\/#article","isPartOf":{"@id":"https:\/\/radiohuancayo.com.pe\/wp54\/caceres-entreno-con-el-primer-equipo-solo-los-partidos-los-juego-con-la-reserva\/"},"author":{"name":"Michel Sanchez","@id":"https:\/\/radiohuancayo.com.pe\/wp54\/#\/schema\/person\/74fb124dee9900c6f4d0535fa1d2b5ae"},"headline":"C\u00e1ceres: \u00abEntreno con el primer equipo, solo los partidos los juego con la reserva\u00bb","datePublished":"2025-03-03T21:33:43+00:00","mainEntityOfPage":{"@id":"https:\/\/radiohuancayo.com.pe\/wp54\/caceres-entreno-con-el-primer-equipo-solo-los-partidos-los-juego-con-la-reserva\/"},"wordCount":275,"commentCount":0,"publisher":{"@id":"https:\/\/radiohuancayo.com.pe\/wp54\/#organization"},"image":{"@id":"https:\/\/radiohuancayo.com.pe\/wp54\/caceres-entreno-con-el-primer-equipo-solo-los-partidos-los-juego-con-la-reserva\/#primaryimage"},"thumbnailUrl":"https:\/\/radiohuancayo.com.pe\/wp54\/wp-content\/uploads\/2025\/03\/image-2.png","articleSection":["Deportes"],"inLanguage":"es","potentialAction":[{"@type":"CommentAction","name":"Comment","target":["https:\/\/radiohuancayo.com.pe\/wp54\/caceres-entreno-con-el-primer-equipo-solo-los-partidos-los-juego-con-la-reserva\/#respond"]}]},{"@type":"WebPage","@id":"https:\/\/radiohuancayo.com.pe\/wp54\/caceres-entreno-con-el-primer-equipo-solo-los-partidos-los-juego-con-la-reserva\/","url":"https:\/\/radiohuancayo.com.pe\/wp54\/caceres-entreno-con-el-primer-equipo-solo-los-partidos-los-juego-con-la-reserva\/","name":"C\u00e1ceres: \"Entreno con el primer equipo, solo los partidos los juego con la reserva\" - Radio Huancayo","isPartOf":{"@id":"https:\/\/radiohuancayo.com.pe\/wp54\/#website"},"primaryImageOfPage":{"@id":"https:\/\/radiohuancayo.com.pe\/wp54\/caceres-entreno-con-el-primer-equipo-solo-los-partidos-los-juego-con-la-reserva\/#primaryimage"},"image":{"@id":"https:\/\/radiohuancayo.com.pe\/wp54\/caceres-entreno-con-el-primer-equipo-solo-los-partidos-los-juego-con-la-reserva\/#primaryimage"},"thumbnailUrl":"https:\/\/radiohuancayo.com.pe\/wp54\/wp-content\/uploads\/2025\/03\/image-2.png","datePublished":"2025-03-03T21:33:43+00:00","breadcrumb":{"@id":"https:\/\/radiohuancayo.com.pe\/wp54\/caceres-entreno-con-el-primer-equipo-solo-los-partidos-los-juego-con-la-reserva\/#breadcrumb"},"inLanguage":"es","potentialAction":[{"@type":"ReadAction","target":["https:\/\/radiohuancayo.com.pe\/wp54\/caceres-entreno-con-el-primer-equipo-solo-los-partidos-los-juego-con-la-reserva\/"]}]},{"@type":"ImageObject","inLanguage":"es","@id":"https:\/\/radiohuancayo.com.pe\/wp54\/caceres-entreno-con-el-primer-equipo-solo-los-partidos-los-juego-con-la-reserva\/#primaryimage","url":"https:\/\/radiohuancayo.com.pe\/wp54\/wp-content\/uploads\/2025\/03\/image-2.png","contentUrl":"https:\/\/radiohuancayo.com.pe\/wp54\/wp-content\/uploads\/2025\/03\/image-2.png","width":1200,"height":630},{"@type":"BreadcrumbList","@id":"https:\/\/radiohuancayo.com.pe\/wp54\/caceres-entreno-con-el-primer-equipo-solo-los-partidos-los-juego-con-la-reserva\/#breadcrumb","itemListElement":[{"@type":"ListItem","position":1,"name":"Portada","item":"https:\/\/radiohuancayo.com.pe\/wp54\/"},{"@type":"ListItem","position":2,"name":"C\u00e1ceres: &#8220;Entreno con el primer equipo, solo los partidos los juego con la reserva&#8221;"}]},{"@type":"WebSite","@id":"https:\/\/radiohuancayo.com.pe\/wp54\/#website","url":"https:\/\/radiohuancayo.com.pe\/wp54\/","name":"Radio Huancayo","description":"me gusta!!!","publisher":{"@id":"https:\/\/radiohuancayo.com.pe\/wp54\/#organization"},"potentialAction":[{"@type":"SearchAction","target":{"@type":"EntryPoint","urlTemplate":"https:\/\/radiohuancayo.com.pe\/wp54\/?s={search_term_string}"},"query-input":{"@type":"PropertyValueSpecification","valueRequired":true,"valueName":"search_term_string"}}],"inLanguage":"es"},{"@type":"Organization","@id":"https:\/\/radiohuancayo.com.pe\/wp54\/#organization","name":"Radio Huancayo","url":"https:\/\/radiohuancayo.com.pe\/wp54\/","logo":{"@type":"ImageObject","inLanguage":"es","@id":"https:\/\/radiohuancayo.com.pe\/wp54\/#\/schema\/logo\/image\/","url":"https:\/\/radiohuancayo.com.pe\/wp54\/wp-content\/uploads\/2022\/04\/CABE01.png","contentUrl":"https:\/\/radiohuancayo.com.pe\/wp54\/wp-content\/uploads\/2022\/04\/CABE01.png","width":1640,"height":300,"caption":"Radio Huancayo"},"image":{"@id":"https:\/\/radiohuancayo.com.pe\/wp54\/#\/schema\/logo\/image\/"}},{"@type":"Person","@id":"https:\/\/radiohuancayo.com.pe\/wp54\/#\/schema\/person\/74fb124dee9900c6f4d0535fa1d2b5ae","name":"Michel Sanchez","image":{"@type":"ImageObject","inLanguage":"es","@id":"https:\/\/secure.gravatar.com\/avatar\/f7f6944c01b3f15a174d0cf055aea75c46697913fc8a9cf5c3cf3e8800c645f6?s=96&d=mm&r=g","url":"https:\/\/secure.gravatar.com\/avatar\/f7f6944c01b3f15a174d0cf055aea75c46697913fc8a9cf5c3cf3e8800c645f6?s=96&d=mm&r=g","contentUrl":"https:\/\/secure.gravatar.com\/avatar\/f7f6944c01b3f15a174d0cf055aea75c46697913fc8a9cf5c3cf3e8800c645f6?s=96&d=mm&r=g","caption":"Michel Sanchez"},"url":"https:\/\/radiohuancayo.com.pe\/wp54\/author\/memoris\/"}]}},"_links":{"self":[{"href":"https:\/\/radiohuancayo.com.pe\/wp54\/wp-json\/wp\/v2\/posts\/29625","targetHints":{"allow":["GET"]}}],"collection":[{"href":"https:\/\/radiohuancayo.com.pe\/wp54\/wp-json\/wp\/v2\/posts"}],"about":[{"href":"https:\/\/radiohuancayo.com.pe\/wp54\/wp-json\/wp\/v2\/types\/post"}],"author":[{"embeddable":true,"href":"https:\/\/radiohuancayo.com.pe\/wp54\/wp-json\/wp\/v2\/users\/2"}],"replies":[{"embeddable":true,"href":"https:\/\/radiohuancayo.com.pe\/wp54\/wp-json\/wp\/v2\/comments?post=29625"}],"version-history":[{"count":1,"href":"https:\/\/radiohuancayo.com.pe\/wp54\/wp-json\/wp\/v2\/posts\/29625\/revisions"}],"predecessor-version":[{"id":29627,"href":"https:\/\/radiohuancayo.com.pe\/wp54\/wp-json\/wp\/v2\/posts\/29625\/revisions\/29627"}],"wp:featuredmedia":[{"embeddable":true,"href":"https:\/\/radiohuancayo.com.pe\/wp54\/wp-json\/wp\/v2\/media\/29626"}],"wp:attachment":[{"href":"https:\/\/radiohuancayo.com.pe\/wp54\/wp-json\/wp\/v2\/media?parent=29625"}],"wp:term":[{"taxonomy":"category","embeddable":true,"href":"https:\/\/radiohuancayo.com.pe\/wp54\/wp-json\/wp\/v2\/categories?post=29625"},{"taxonomy":"post_tag","embeddable":true,"href":"https:\/\/radiohuancayo.com.pe\/wp54\/wp-json\/wp\/v2\/tags?post=29625"}],"curies":[{"name":"wp","href":"https:\/\/api.w.org\/{rel}","templated":true}]}}