{"id":29628,"date":"2025-03-03T16:36:33","date_gmt":"2025-03-03T21:36:33","guid":{"rendered":"https:\/\/radiohuancayo.com.pe\/wp54\/?p=29628"},"modified":"2025-03-03T16:36:34","modified_gmt":"2025-03-03T21:36:34","slug":"sale-caliente-alianza-inicio-venta-preferencial-de-entradas-para-choques-ante-iquique-y-ayacucho-fc","status":"publish","type":"post","link":"https:\/\/radiohuancayo.com.pe\/wp54\/sale-caliente-alianza-inicio-venta-preferencial-de-entradas-para-choques-ante-iquique-y-ayacucho-fc\/","title":{"rendered":"\u00a1Sale caliente! Alianza inici\u00f3 venta preferencial de entradas para choques ante Iquique y Ayacucho FC"},"content":{"rendered":"\n<p>A trav\u00e9s de sus redes sociales, el Club Alianza Lima inform\u00f3 que ya se puso en marcha la venta preferencial de las entradas para sus encuentros que jugar\u00e1 ante Ayacucho FC, por el torneo Apertura, as\u00ed como frente a Deportes Iquique de Chile por la Copa Libertadores.<\/p>\n\n\n\n<p>Para cuidar los bolsillos de los hinchas aliancistas, la instituci\u00f3n victoriana dispuso la venta de &#8216;Combo Blanquiazul&#8217; que comprende el acceso para los dos compromisos.<\/p>\n\n\n\n<p>Seg\u00fan cronograma establecido por el propio club blanquiazul, hoy durante la ma\u00f1ana y gran parte de la tarde, la venta preferencial ser\u00e1 para los Abonados Libertadores 2024 y aquellos que est\u00e1n suscritos a \u00cdntimos. Mientras tanto, a partir de las 5:30 de la tarde, se iniciar\u00e1 la venta de las entradas para el p\u00fablico en general.<\/p>\n\n\n\n<p>Recordemos que Alianza Lima jugar\u00e1 el pr\u00f3ximo martes 11 de marzo ante Deportivo Iquique de Chile, a partir de las 5 pm, en su recinto de Matute, el choque de vuelta por la fase 3 de la Copa Libertadores, mientras que a\u00fan no se conoce si el compromiso ante Ayacucho FC, por el torneo Apertura, se jugar\u00e1 este viernes 7 o s\u00e1bado 8 en el estadio victoriano.<\/p>\n\n\n\n<h3 class=\"wp-block-heading\"><strong>\u00bfCu\u00e1les son los precios del Combo Blaquiazul?<\/strong><\/h3>\n\n\n\n<p>&#8211; Occidente central: 369.90 soles<br>&#8211; Occidente (silla): 159.90<br>&#8211; Occidente lateral: 289.90<br>&#8211; Oriente: 179.90<br>&#8211; Oriente (Conadis): 89.90<br>&#8211; Norte: 65.90<br>&#8211; Sur: 65.90<\/p>\n\n\n\n<h3 class=\"wp-block-heading\"><strong>Precios para el Alianza Lima vs D. Iquique<\/strong><\/h3>\n\n\n\n<p>&#8211; Occidente central: 299.90 soles<br>&#8211; Occidente (silla): 129.90<br>&#8211; Occidente lateral: 239.90<br>&#8211; Oriente: 159.90<br>&#8211; Oriente (Conadis): 79.90<br>&#8211; Norte: 54.90<br>&#8211; Sur: 54.90<\/p>\n\n\n\n<h3 class=\"wp-block-heading\"><strong>Precios para el Alianza Lima vs Ayacucho FC<\/strong><\/h3>\n\n\n\n<p>&#8211; Experiencia Matchday: 499.90 soles<br>&#8211; Palco Apuesta Total: 179.90 soles<br>&#8211; Occidente central: 129.90 soles<br>&#8211; Occidente (silla): 59.90<br>&#8211; Occidente lateral: 99.90<br>&#8211; Oriente: 59.90<br>&#8211; Oriente (Conadis): 29.90<br>&#8211; Norte: 22.90<br>&#8211; Sur: 22.90<\/p>\n\n\n\n<figure class=\"wp-block-embed is-type-rich is-provider-twitter wp-block-embed-twitter\"><div class=\"wp-block-embed__wrapper\">\n<blockquote class=\"twitter-tweet\" data-width=\"550\" data-dnt=\"true\"><p lang=\"es\" dir=\"ltr\">\u00a1Arrancamos la \ud835\udc15\ud835\udc1e\ud835\udc27\ud835\udc2d\ud835\udc1a \ud835\udc0f\ud835\udc2b\ud835\udc1e\ud835\udc1f\ud835\udc1e\ud835\udc2b\ud835\udc1e\ud835\udc27\ud835\udc1c\ud835\udc22\ud835\udc1a\ud835\udc25 del \ud835\udc02\ud835\udc28\ud835\udc26\ud835\udc1b\ud835\udc28 \ud835\udc01\ud835\udc25\ud835\udc1a\ud835\udc27\ud835\udc2a\ud835\udc2e\ud835\udc22\ud835\udc1a\ud835\udc33\ud835\udc2e\ud835\udc25! \u26aa\ufe0f\ud83d\udd35<br><br>Adqui\u00e9relo aqu\u00ed\u27a1\ufe0f <a href=\"https:\/\/t.co\/1SvnQjVKtJ\">https:\/\/t.co\/1SvnQjVKtJ<\/a><a href=\"https:\/\/twitter.com\/hashtag\/ConAlianzaSiempre?src=hash&amp;ref_src=twsrc%5Etfw\">#ConAlianzaSiempre<\/a><a href=\"https:\/\/twitter.com\/hashtag\/ReafirmaTuLeALtad?src=hash&amp;ref_src=twsrc%5Etfw\">#ReafirmaTuLeALtad<\/a> <a href=\"https:\/\/t.co\/17HCCYSEuP\">pic.twitter.com\/17HCCYSEuP<\/a><\/p>&mdash; Club Alianza Lima (@ClubALoficial) <a href=\"https:\/\/twitter.com\/ClubALoficial\/status\/1896595235385622537?ref_src=twsrc%5Etfw\">March 3, 2025<\/a><\/blockquote><script async src=\"https:\/\/platform.twitter.com\/widgets.js\" charset=\"utf-8\"><\/script>\n<\/div><\/figure>\n","protected":false},"excerpt":{"rendered":"<p>A trav\u00e9s de sus redes sociales, el Club Alianza Lima inform\u00f3 que ya se puso en marcha la venta preferencial de las entradas para sus encuentros que jugar\u00e1 ante Ayacucho FC, por el torneo Apertura, as\u00ed como frente a Deportes Iquique de Chile por la Copa Libertadores. Para cuidar los bolsillos de los hinchas aliancistas, la instituci\u00f3n victoriana dispuso la venta de &#8216;Combo Blanquiazul&#8217; que comprende el acceso para los dos compromisos. Seg\u00fan cronograma establecido por el propio club blanquiazul, hoy durante la ma\u00f1ana y gran parte de la tarde, la venta preferencial ser\u00e1 para los Abonados Libertadores 2024 y aquellos que est\u00e1n suscritos a \u00cdntimos. Mientras tanto, a partir de las 5:30 de la tarde, se iniciar\u00e1 la venta de las entradas para el p\u00fablico en general. Recordemos que Alianza Lima jugar\u00e1 el pr\u00f3ximo martes 11 de marzo ante Deportivo Iquique de Chile, a partir de las 5 pm, en su recinto de Matute, el choque de vuelta por la fase 3 de la Copa Libertadores, mientras que a\u00fan no se conoce si el compromiso ante Ayacucho FC, por el torneo Apertura, se jugar\u00e1 este viernes 7 o s\u00e1bado 8 en el estadio victoriano. \u00bfCu\u00e1les son los precios del Combo Blaquiazul? &#8211; Occidente central: 369.90 soles&#8211; Occidente (silla): 159.90&#8211; Occidente lateral: 289.90&#8211; Oriente: 179.90&#8211; Oriente (Conadis): 89.90&#8211; Norte: 65.90&#8211; Sur: 65.90 Precios para el Alianza Lima vs D. Iquique &#8211; Occidente central: 299.90 soles&#8211; Occidente (silla): 129.90&#8211; Occidente lateral: 239.90&#8211; Oriente: 159.90&#8211; Oriente (Conadis): 79.90&#8211; Norte: 54.90&#8211; Sur: 54.90 Precios para el Alianza Lima vs Ayacucho FC &#8211; Experiencia Matchday: 499.90 soles&#8211; Palco Apuesta Total: 179.90 soles&#8211; Occidente central: 129.90 soles&#8211; Occidente (silla): 59.90&#8211; Occidente lateral: 99.90&#8211; Oriente: 59.90&#8211; Oriente (Conadis): 29.90&#8211; Norte: 22.90&#8211; Sur: 22.90<\/p>\n","protected":false},"author":2,"featured_media":29629,"comment_status":"open","ping_status":"open","sticky":false,"template":"","format":"standard","meta":{"footnotes":""},"categories":[7],"tags":[],"class_list":["post-29628","post","type-post","status-publish","format-standard","has-post-thumbnail","hentry","category-deportes"],"yoast_head":"<!-- This site is optimized with the Yoast SEO plugin v27.5 - https:\/\/yoast.com\/product\/yoast-seo-wordpress\/ -->\n<title>\u00a1Sale caliente! Alianza inici\u00f3 venta preferencial de entradas para choques ante Iquique y Ayacucho FC - Radio Huancayo<\/title>\n<meta name=\"robots\" content=\"index, follow, max-snippet:-1, max-image-preview:large, max-video-preview:-1\" \/>\n<link rel=\"canonical\" href=\"https:\/\/radiohuancayo.com.pe\/wp54\/sale-caliente-alianza-inicio-venta-preferencial-de-entradas-para-choques-ante-iquique-y-ayacucho-fc\/\" \/>\n<meta property=\"og:locale\" content=\"es_ES\" \/>\n<meta property=\"og:type\" content=\"article\" \/>\n<meta property=\"og:title\" content=\"\u00a1Sale caliente! Alianza inici\u00f3 venta preferencial de entradas para choques ante Iquique y Ayacucho FC - Radio Huancayo\" \/>\n<meta property=\"og:description\" content=\"A trav\u00e9s de sus redes sociales, el Club Alianza Lima inform\u00f3 que ya se puso en marcha la venta preferencial de las entradas para sus encuentros que jugar\u00e1 ante Ayacucho FC, por el torneo Apertura, as\u00ed como frente a Deportes Iquique de Chile por la Copa Libertadores. Para cuidar los bolsillos de los hinchas aliancistas, la instituci\u00f3n victoriana dispuso la venta de &#8216;Combo Blanquiazul&#8217; que comprende el acceso para los dos compromisos. Seg\u00fan cronograma establecido por el propio club blanquiazul, hoy durante la ma\u00f1ana y gran parte de la tarde, la venta preferencial ser\u00e1 para los Abonados Libertadores 2024 y aquellos que est\u00e1n suscritos a \u00cdntimos. Mientras tanto, a partir de las 5:30 de la tarde, se iniciar\u00e1 la venta de las entradas para el p\u00fablico en general. Recordemos que Alianza Lima jugar\u00e1 el pr\u00f3ximo martes 11 de marzo ante Deportivo Iquique de Chile, a partir de las 5 pm, en su recinto de Matute, el choque de vuelta por la fase 3 de la Copa Libertadores, mientras que a\u00fan no se conoce si el compromiso ante Ayacucho FC, por el torneo Apertura, se jugar\u00e1 este viernes 7 o s\u00e1bado 8 en el estadio victoriano. \u00bfCu\u00e1les son los precios del Combo Blaquiazul? &#8211; Occidente central: 369.90 soles&#8211; Occidente (silla): 159.90&#8211; Occidente lateral: 289.90&#8211; Oriente: 179.90&#8211; Oriente (Conadis): 89.90&#8211; Norte: 65.90&#8211; Sur: 65.90 Precios para el Alianza Lima vs D. Iquique &#8211; Occidente central: 299.90 soles&#8211; Occidente (silla): 129.90&#8211; Occidente lateral: 239.90&#8211; Oriente: 159.90&#8211; Oriente (Conadis): 79.90&#8211; Norte: 54.90&#8211; Sur: 54.90 Precios para el Alianza Lima vs Ayacucho FC &#8211; Experiencia Matchday: 499.90 soles&#8211; Palco Apuesta Total: 179.90 soles&#8211; Occidente central: 129.90 soles&#8211; Occidente (silla): 59.90&#8211; Occidente lateral: 99.90&#8211; Oriente: 59.90&#8211; Oriente (Conadis): 29.90&#8211; Norte: 22.90&#8211; Sur: 22.90\" \/>\n<meta property=\"og:url\" content=\"https:\/\/radiohuancayo.com.pe\/wp54\/sale-caliente-alianza-inicio-venta-preferencial-de-entradas-para-choques-ante-iquique-y-ayacucho-fc\/\" \/>\n<meta property=\"og:site_name\" content=\"Radio Huancayo\" \/>\n<meta property=\"article:published_time\" content=\"2025-03-03T21:36:33+00:00\" \/>\n<meta property=\"article:modified_time\" content=\"2025-03-03T21:36:34+00:00\" \/>\n<meta property=\"og:image\" content=\"https:\/\/radiohuancayo.com.pe\/wp54\/wp-content\/uploads\/2025\/03\/image-3.png\" \/>\n\t<meta property=\"og:image:width\" content=\"1200\" \/>\n\t<meta property=\"og:image:height\" content=\"630\" \/>\n\t<meta property=\"og:image:type\" content=\"image\/png\" \/>\n<meta name=\"author\" content=\"Michel Sanchez\" \/>\n<meta name=\"twitter:card\" content=\"summary_large_image\" \/>\n<meta name=\"twitter:label1\" content=\"Escrito por\" \/>\n\t<meta name=\"twitter:data1\" content=\"Michel Sanchez\" \/>\n\t<meta name=\"twitter:label2\" content=\"Tiempo de lectura\" \/>\n\t<meta name=\"twitter:data2\" content=\"2 minutos\" \/>\n<script type=\"application\/ld+json\" class=\"yoast-schema-graph\">{\"@context\":\"https:\\\/\\\/schema.org\",\"@graph\":[{\"@type\":\"Article\",\"@id\":\"https:\\\/\\\/radiohuancayo.com.pe\\\/wp54\\\/sale-caliente-alianza-inicio-venta-preferencial-de-entradas-para-choques-ante-iquique-y-ayacucho-fc\\\/#article\",\"isPartOf\":{\"@id\":\"https:\\\/\\\/radiohuancayo.com.pe\\\/wp54\\\/sale-caliente-alianza-inicio-venta-preferencial-de-entradas-para-choques-ante-iquique-y-ayacucho-fc\\\/\"},\"author\":{\"name\":\"Michel Sanchez\",\"@id\":\"https:\\\/\\\/radiohuancayo.com.pe\\\/wp54\\\/#\\\/schema\\\/person\\\/74fb124dee9900c6f4d0535fa1d2b5ae\"},\"headline\":\"\u00a1Sale caliente! Alianza inici\u00f3 venta preferencial de entradas para choques ante Iquique y Ayacucho FC\",\"datePublished\":\"2025-03-03T21:36:33+00:00\",\"dateModified\":\"2025-03-03T21:36:34+00:00\",\"mainEntityOfPage\":{\"@id\":\"https:\\\/\\\/radiohuancayo.com.pe\\\/wp54\\\/sale-caliente-alianza-inicio-venta-preferencial-de-entradas-para-choques-ante-iquique-y-ayacucho-fc\\\/\"},\"wordCount\":336,\"commentCount\":0,\"publisher\":{\"@id\":\"https:\\\/\\\/radiohuancayo.com.pe\\\/wp54\\\/#organization\"},\"image\":{\"@id\":\"https:\\\/\\\/radiohuancayo.com.pe\\\/wp54\\\/sale-caliente-alianza-inicio-venta-preferencial-de-entradas-para-choques-ante-iquique-y-ayacucho-fc\\\/#primaryimage\"},\"thumbnailUrl\":\"https:\\\/\\\/radiohuancayo.com.pe\\\/wp54\\\/wp-content\\\/uploads\\\/2025\\\/03\\\/image-3.png\",\"articleSection\":[\"Deportes\"],\"inLanguage\":\"es\",\"potentialAction\":[{\"@type\":\"CommentAction\",\"name\":\"Comment\",\"target\":[\"https:\\\/\\\/radiohuancayo.com.pe\\\/wp54\\\/sale-caliente-alianza-inicio-venta-preferencial-de-entradas-para-choques-ante-iquique-y-ayacucho-fc\\\/#respond\"]}]},{\"@type\":\"WebPage\",\"@id\":\"https:\\\/\\\/radiohuancayo.com.pe\\\/wp54\\\/sale-caliente-alianza-inicio-venta-preferencial-de-entradas-para-choques-ante-iquique-y-ayacucho-fc\\\/\",\"url\":\"https:\\\/\\\/radiohuancayo.com.pe\\\/wp54\\\/sale-caliente-alianza-inicio-venta-preferencial-de-entradas-para-choques-ante-iquique-y-ayacucho-fc\\\/\",\"name\":\"\u00a1Sale caliente! Alianza inici\u00f3 venta preferencial de entradas para choques ante Iquique y Ayacucho FC - Radio Huancayo\",\"isPartOf\":{\"@id\":\"https:\\\/\\\/radiohuancayo.com.pe\\\/wp54\\\/#website\"},\"primaryImageOfPage\":{\"@id\":\"https:\\\/\\\/radiohuancayo.com.pe\\\/wp54\\\/sale-caliente-alianza-inicio-venta-preferencial-de-entradas-para-choques-ante-iquique-y-ayacucho-fc\\\/#primaryimage\"},\"image\":{\"@id\":\"https:\\\/\\\/radiohuancayo.com.pe\\\/wp54\\\/sale-caliente-alianza-inicio-venta-preferencial-de-entradas-para-choques-ante-iquique-y-ayacucho-fc\\\/#primaryimage\"},\"thumbnailUrl\":\"https:\\\/\\\/radiohuancayo.com.pe\\\/wp54\\\/wp-content\\\/uploads\\\/2025\\\/03\\\/image-3.png\",\"datePublished\":\"2025-03-03T21:36:33+00:00\",\"dateModified\":\"2025-03-03T21:36:34+00:00\",\"breadcrumb\":{\"@id\":\"https:\\\/\\\/radiohuancayo.com.pe\\\/wp54\\\/sale-caliente-alianza-inicio-venta-preferencial-de-entradas-para-choques-ante-iquique-y-ayacucho-fc\\\/#breadcrumb\"},\"inLanguage\":\"es\",\"potentialAction\":[{\"@type\":\"ReadAction\",\"target\":[\"https:\\\/\\\/radiohuancayo.com.pe\\\/wp54\\\/sale-caliente-alianza-inicio-venta-preferencial-de-entradas-para-choques-ante-iquique-y-ayacucho-fc\\\/\"]}]},{\"@type\":\"ImageObject\",\"inLanguage\":\"es\",\"@id\":\"https:\\\/\\\/radiohuancayo.com.pe\\\/wp54\\\/sale-caliente-alianza-inicio-venta-preferencial-de-entradas-para-choques-ante-iquique-y-ayacucho-fc\\\/#primaryimage\",\"url\":\"https:\\\/\\\/radiohuancayo.com.pe\\\/wp54\\\/wp-content\\\/uploads\\\/2025\\\/03\\\/image-3.png\",\"contentUrl\":\"https:\\\/\\\/radiohuancayo.com.pe\\\/wp54\\\/wp-content\\\/uploads\\\/2025\\\/03\\\/image-3.png\",\"width\":1200,\"height\":630},{\"@type\":\"BreadcrumbList\",\"@id\":\"https:\\\/\\\/radiohuancayo.com.pe\\\/wp54\\\/sale-caliente-alianza-inicio-venta-preferencial-de-entradas-para-choques-ante-iquique-y-ayacucho-fc\\\/#breadcrumb\",\"itemListElement\":[{\"@type\":\"ListItem\",\"position\":1,\"name\":\"Portada\",\"item\":\"https:\\\/\\\/radiohuancayo.com.pe\\\/wp54\\\/\"},{\"@type\":\"ListItem\",\"position\":2,\"name\":\"\u00a1Sale caliente! Alianza inici\u00f3 venta preferencial de entradas para choques ante Iquique y Ayacucho FC\"}]},{\"@type\":\"WebSite\",\"@id\":\"https:\\\/\\\/radiohuancayo.com.pe\\\/wp54\\\/#website\",\"url\":\"https:\\\/\\\/radiohuancayo.com.pe\\\/wp54\\\/\",\"name\":\"Radio Huancayo\",\"description\":\"me gusta!!!\",\"publisher\":{\"@id\":\"https:\\\/\\\/radiohuancayo.com.pe\\\/wp54\\\/#organization\"},\"potentialAction\":[{\"@type\":\"SearchAction\",\"target\":{\"@type\":\"EntryPoint\",\"urlTemplate\":\"https:\\\/\\\/radiohuancayo.com.pe\\\/wp54\\\/?s={search_term_string}\"},\"query-input\":{\"@type\":\"PropertyValueSpecification\",\"valueRequired\":true,\"valueName\":\"search_term_string\"}}],\"inLanguage\":\"es\"},{\"@type\":\"Organization\",\"@id\":\"https:\\\/\\\/radiohuancayo.com.pe\\\/wp54\\\/#organization\",\"name\":\"Radio Huancayo\",\"url\":\"https:\\\/\\\/radiohuancayo.com.pe\\\/wp54\\\/\",\"logo\":{\"@type\":\"ImageObject\",\"inLanguage\":\"es\",\"@id\":\"https:\\\/\\\/radiohuancayo.com.pe\\\/wp54\\\/#\\\/schema\\\/logo\\\/image\\\/\",\"url\":\"https:\\\/\\\/radiohuancayo.com.pe\\\/wp54\\\/wp-content\\\/uploads\\\/2022\\\/04\\\/CABE01.png\",\"contentUrl\":\"https:\\\/\\\/radiohuancayo.com.pe\\\/wp54\\\/wp-content\\\/uploads\\\/2022\\\/04\\\/CABE01.png\",\"width\":1640,\"height\":300,\"caption\":\"Radio Huancayo\"},\"image\":{\"@id\":\"https:\\\/\\\/radiohuancayo.com.pe\\\/wp54\\\/#\\\/schema\\\/logo\\\/image\\\/\"}},{\"@type\":\"Person\",\"@id\":\"https:\\\/\\\/radiohuancayo.com.pe\\\/wp54\\\/#\\\/schema\\\/person\\\/74fb124dee9900c6f4d0535fa1d2b5ae\",\"name\":\"Michel Sanchez\",\"image\":{\"@type\":\"ImageObject\",\"inLanguage\":\"es\",\"@id\":\"https:\\\/\\\/secure.gravatar.com\\\/avatar\\\/f7f6944c01b3f15a174d0cf055aea75c46697913fc8a9cf5c3cf3e8800c645f6?s=96&d=mm&r=g\",\"url\":\"https:\\\/\\\/secure.gravatar.com\\\/avatar\\\/f7f6944c01b3f15a174d0cf055aea75c46697913fc8a9cf5c3cf3e8800c645f6?s=96&d=mm&r=g\",\"contentUrl\":\"https:\\\/\\\/secure.gravatar.com\\\/avatar\\\/f7f6944c01b3f15a174d0cf055aea75c46697913fc8a9cf5c3cf3e8800c645f6?s=96&d=mm&r=g\",\"caption\":\"Michel Sanchez\"},\"url\":\"https:\\\/\\\/radiohuancayo.com.pe\\\/wp54\\\/author\\\/memoris\\\/\"}]}<\/script>\n<!-- \/ Yoast SEO plugin. -->","yoast_head_json":{"title":"\u00a1Sale caliente! Alianza inici\u00f3 venta preferencial de entradas para choques ante Iquique y Ayacucho FC - Radio Huancayo","robots":{"index":"index","follow":"follow","max-snippet":"max-snippet:-1","max-image-preview":"max-image-preview:large","max-video-preview":"max-video-preview:-1"},"canonical":"https:\/\/radiohuancayo.com.pe\/wp54\/sale-caliente-alianza-inicio-venta-preferencial-de-entradas-para-choques-ante-iquique-y-ayacucho-fc\/","og_locale":"es_ES","og_type":"article","og_title":"\u00a1Sale caliente! Alianza inici\u00f3 venta preferencial de entradas para choques ante Iquique y Ayacucho FC - Radio Huancayo","og_description":"A trav\u00e9s de sus redes sociales, el Club Alianza Lima inform\u00f3 que ya se puso en marcha la venta preferencial de las entradas para sus encuentros que jugar\u00e1 ante Ayacucho FC, por el torneo Apertura, as\u00ed como frente a Deportes Iquique de Chile por la Copa Libertadores. Para cuidar los bolsillos de los hinchas aliancistas, la instituci\u00f3n victoriana dispuso la venta de &#8216;Combo Blanquiazul&#8217; que comprende el acceso para los dos compromisos. Seg\u00fan cronograma establecido por el propio club blanquiazul, hoy durante la ma\u00f1ana y gran parte de la tarde, la venta preferencial ser\u00e1 para los Abonados Libertadores 2024 y aquellos que est\u00e1n suscritos a \u00cdntimos. Mientras tanto, a partir de las 5:30 de la tarde, se iniciar\u00e1 la venta de las entradas para el p\u00fablico en general. Recordemos que Alianza Lima jugar\u00e1 el pr\u00f3ximo martes 11 de marzo ante Deportivo Iquique de Chile, a partir de las 5 pm, en su recinto de Matute, el choque de vuelta por la fase 3 de la Copa Libertadores, mientras que a\u00fan no se conoce si el compromiso ante Ayacucho FC, por el torneo Apertura, se jugar\u00e1 este viernes 7 o s\u00e1bado 8 en el estadio victoriano. \u00bfCu\u00e1les son los precios del Combo Blaquiazul? &#8211; Occidente central: 369.90 soles&#8211; Occidente (silla): 159.90&#8211; Occidente lateral: 289.90&#8211; Oriente: 179.90&#8211; Oriente (Conadis): 89.90&#8211; Norte: 65.90&#8211; Sur: 65.90 Precios para el Alianza Lima vs D. Iquique &#8211; Occidente central: 299.90 soles&#8211; Occidente (silla): 129.90&#8211; Occidente lateral: 239.90&#8211; Oriente: 159.90&#8211; Oriente (Conadis): 79.90&#8211; Norte: 54.90&#8211; Sur: 54.90 Precios para el Alianza Lima vs Ayacucho FC &#8211; Experiencia Matchday: 499.90 soles&#8211; Palco Apuesta Total: 179.90 soles&#8211; Occidente central: 129.90 soles&#8211; Occidente (silla): 59.90&#8211; Occidente lateral: 99.90&#8211; Oriente: 59.90&#8211; Oriente (Conadis): 29.90&#8211; Norte: 22.90&#8211; Sur: 22.90","og_url":"https:\/\/radiohuancayo.com.pe\/wp54\/sale-caliente-alianza-inicio-venta-preferencial-de-entradas-para-choques-ante-iquique-y-ayacucho-fc\/","og_site_name":"Radio Huancayo","article_published_time":"2025-03-03T21:36:33+00:00","article_modified_time":"2025-03-03T21:36:34+00:00","og_image":[{"width":1200,"height":630,"url":"https:\/\/radiohuancayo.com.pe\/wp54\/wp-content\/uploads\/2025\/03\/image-3.png","type":"image\/png"}],"author":"Michel Sanchez","twitter_card":"summary_large_image","twitter_misc":{"Escrito por":"Michel Sanchez","Tiempo de lectura":"2 minutos"},"schema":{"@context":"https:\/\/schema.org","@graph":[{"@type":"Article","@id":"https:\/\/radiohuancayo.com.pe\/wp54\/sale-caliente-alianza-inicio-venta-preferencial-de-entradas-para-choques-ante-iquique-y-ayacucho-fc\/#article","isPartOf":{"@id":"https:\/\/radiohuancayo.com.pe\/wp54\/sale-caliente-alianza-inicio-venta-preferencial-de-entradas-para-choques-ante-iquique-y-ayacucho-fc\/"},"author":{"name":"Michel Sanchez","@id":"https:\/\/radiohuancayo.com.pe\/wp54\/#\/schema\/person\/74fb124dee9900c6f4d0535fa1d2b5ae"},"headline":"\u00a1Sale caliente! Alianza inici\u00f3 venta preferencial de entradas para choques ante Iquique y Ayacucho FC","datePublished":"2025-03-03T21:36:33+00:00","dateModified":"2025-03-03T21:36:34+00:00","mainEntityOfPage":{"@id":"https:\/\/radiohuancayo.com.pe\/wp54\/sale-caliente-alianza-inicio-venta-preferencial-de-entradas-para-choques-ante-iquique-y-ayacucho-fc\/"},"wordCount":336,"commentCount":0,"publisher":{"@id":"https:\/\/radiohuancayo.com.pe\/wp54\/#organization"},"image":{"@id":"https:\/\/radiohuancayo.com.pe\/wp54\/sale-caliente-alianza-inicio-venta-preferencial-de-entradas-para-choques-ante-iquique-y-ayacucho-fc\/#primaryimage"},"thumbnailUrl":"https:\/\/radiohuancayo.com.pe\/wp54\/wp-content\/uploads\/2025\/03\/image-3.png","articleSection":["Deportes"],"inLanguage":"es","potentialAction":[{"@type":"CommentAction","name":"Comment","target":["https:\/\/radiohuancayo.com.pe\/wp54\/sale-caliente-alianza-inicio-venta-preferencial-de-entradas-para-choques-ante-iquique-y-ayacucho-fc\/#respond"]}]},{"@type":"WebPage","@id":"https:\/\/radiohuancayo.com.pe\/wp54\/sale-caliente-alianza-inicio-venta-preferencial-de-entradas-para-choques-ante-iquique-y-ayacucho-fc\/","url":"https:\/\/radiohuancayo.com.pe\/wp54\/sale-caliente-alianza-inicio-venta-preferencial-de-entradas-para-choques-ante-iquique-y-ayacucho-fc\/","name":"\u00a1Sale caliente! Alianza inici\u00f3 venta preferencial de entradas para choques ante Iquique y Ayacucho FC - Radio Huancayo","isPartOf":{"@id":"https:\/\/radiohuancayo.com.pe\/wp54\/#website"},"primaryImageOfPage":{"@id":"https:\/\/radiohuancayo.com.pe\/wp54\/sale-caliente-alianza-inicio-venta-preferencial-de-entradas-para-choques-ante-iquique-y-ayacucho-fc\/#primaryimage"},"image":{"@id":"https:\/\/radiohuancayo.com.pe\/wp54\/sale-caliente-alianza-inicio-venta-preferencial-de-entradas-para-choques-ante-iquique-y-ayacucho-fc\/#primaryimage"},"thumbnailUrl":"https:\/\/radiohuancayo.com.pe\/wp54\/wp-content\/uploads\/2025\/03\/image-3.png","datePublished":"2025-03-03T21:36:33+00:00","dateModified":"2025-03-03T21:36:34+00:00","breadcrumb":{"@id":"https:\/\/radiohuancayo.com.pe\/wp54\/sale-caliente-alianza-inicio-venta-preferencial-de-entradas-para-choques-ante-iquique-y-ayacucho-fc\/#breadcrumb"},"inLanguage":"es","potentialAction":[{"@type":"ReadAction","target":["https:\/\/radiohuancayo.com.pe\/wp54\/sale-caliente-alianza-inicio-venta-preferencial-de-entradas-para-choques-ante-iquique-y-ayacucho-fc\/"]}]},{"@type":"ImageObject","inLanguage":"es","@id":"https:\/\/radiohuancayo.com.pe\/wp54\/sale-caliente-alianza-inicio-venta-preferencial-de-entradas-para-choques-ante-iquique-y-ayacucho-fc\/#primaryimage","url":"https:\/\/radiohuancayo.com.pe\/wp54\/wp-content\/uploads\/2025\/03\/image-3.png","contentUrl":"https:\/\/radiohuancayo.com.pe\/wp54\/wp-content\/uploads\/2025\/03\/image-3.png","width":1200,"height":630},{"@type":"BreadcrumbList","@id":"https:\/\/radiohuancayo.com.pe\/wp54\/sale-caliente-alianza-inicio-venta-preferencial-de-entradas-para-choques-ante-iquique-y-ayacucho-fc\/#breadcrumb","itemListElement":[{"@type":"ListItem","position":1,"name":"Portada","item":"https:\/\/radiohuancayo.com.pe\/wp54\/"},{"@type":"ListItem","position":2,"name":"\u00a1Sale caliente! Alianza inici\u00f3 venta preferencial de entradas para choques ante Iquique y Ayacucho FC"}]},{"@type":"WebSite","@id":"https:\/\/radiohuancayo.com.pe\/wp54\/#website","url":"https:\/\/radiohuancayo.com.pe\/wp54\/","name":"Radio Huancayo","description":"me gusta!!!","publisher":{"@id":"https:\/\/radiohuancayo.com.pe\/wp54\/#organization"},"potentialAction":[{"@type":"SearchAction","target":{"@type":"EntryPoint","urlTemplate":"https:\/\/radiohuancayo.com.pe\/wp54\/?s={search_term_string}"},"query-input":{"@type":"PropertyValueSpecification","valueRequired":true,"valueName":"search_term_string"}}],"inLanguage":"es"},{"@type":"Organization","@id":"https:\/\/radiohuancayo.com.pe\/wp54\/#organization","name":"Radio Huancayo","url":"https:\/\/radiohuancayo.com.pe\/wp54\/","logo":{"@type":"ImageObject","inLanguage":"es","@id":"https:\/\/radiohuancayo.com.pe\/wp54\/#\/schema\/logo\/image\/","url":"https:\/\/radiohuancayo.com.pe\/wp54\/wp-content\/uploads\/2022\/04\/CABE01.png","contentUrl":"https:\/\/radiohuancayo.com.pe\/wp54\/wp-content\/uploads\/2022\/04\/CABE01.png","width":1640,"height":300,"caption":"Radio Huancayo"},"image":{"@id":"https:\/\/radiohuancayo.com.pe\/wp54\/#\/schema\/logo\/image\/"}},{"@type":"Person","@id":"https:\/\/radiohuancayo.com.pe\/wp54\/#\/schema\/person\/74fb124dee9900c6f4d0535fa1d2b5ae","name":"Michel Sanchez","image":{"@type":"ImageObject","inLanguage":"es","@id":"https:\/\/secure.gravatar.com\/avatar\/f7f6944c01b3f15a174d0cf055aea75c46697913fc8a9cf5c3cf3e8800c645f6?s=96&d=mm&r=g","url":"https:\/\/secure.gravatar.com\/avatar\/f7f6944c01b3f15a174d0cf055aea75c46697913fc8a9cf5c3cf3e8800c645f6?s=96&d=mm&r=g","contentUrl":"https:\/\/secure.gravatar.com\/avatar\/f7f6944c01b3f15a174d0cf055aea75c46697913fc8a9cf5c3cf3e8800c645f6?s=96&d=mm&r=g","caption":"Michel Sanchez"},"url":"https:\/\/radiohuancayo.com.pe\/wp54\/author\/memoris\/"}]}},"_links":{"self":[{"href":"https:\/\/radiohuancayo.com.pe\/wp54\/wp-json\/wp\/v2\/posts\/29628","targetHints":{"allow":["GET"]}}],"collection":[{"href":"https:\/\/radiohuancayo.com.pe\/wp54\/wp-json\/wp\/v2\/posts"}],"about":[{"href":"https:\/\/radiohuancayo.com.pe\/wp54\/wp-json\/wp\/v2\/types\/post"}],"author":[{"embeddable":true,"href":"https:\/\/radiohuancayo.com.pe\/wp54\/wp-json\/wp\/v2\/users\/2"}],"replies":[{"embeddable":true,"href":"https:\/\/radiohuancayo.com.pe\/wp54\/wp-json\/wp\/v2\/comments?post=29628"}],"version-history":[{"count":1,"href":"https:\/\/radiohuancayo.com.pe\/wp54\/wp-json\/wp\/v2\/posts\/29628\/revisions"}],"predecessor-version":[{"id":29630,"href":"https:\/\/radiohuancayo.com.pe\/wp54\/wp-json\/wp\/v2\/posts\/29628\/revisions\/29630"}],"wp:featuredmedia":[{"embeddable":true,"href":"https:\/\/radiohuancayo.com.pe\/wp54\/wp-json\/wp\/v2\/media\/29629"}],"wp:attachment":[{"href":"https:\/\/radiohuancayo.com.pe\/wp54\/wp-json\/wp\/v2\/media?parent=29628"}],"wp:term":[{"taxonomy":"category","embeddable":true,"href":"https:\/\/radiohuancayo.com.pe\/wp54\/wp-json\/wp\/v2\/categories?post=29628"},{"taxonomy":"post_tag","embeddable":true,"href":"https:\/\/radiohuancayo.com.pe\/wp54\/wp-json\/wp\/v2\/tags?post=29628"}],"curies":[{"name":"wp","href":"https:\/\/api.w.org\/{rel}","templated":true}]}}