{"id":29845,"date":"2025-03-28T16:34:25","date_gmt":"2025-03-28T21:34:25","guid":{"rendered":"https:\/\/radiohuancayo.com.pe\/wp54\/?p=29845"},"modified":"2025-03-28T17:28:46","modified_gmt":"2025-03-28T22:28:46","slug":"se-acaba-el-ciclo-chile-decide-no-continuar-con-ricardo-gareca-como-dt-segun-prensa-chilena","status":"publish","type":"post","link":"https:\/\/radiohuancayo.com.pe\/wp54\/se-acaba-el-ciclo-chile-decide-no-continuar-con-ricardo-gareca-como-dt-segun-prensa-chilena\/","title":{"rendered":"Se acaba el ciclo: Chile decide no continuar con Ricardo Gareca como DT, seg\u00fan prensa chilena"},"content":{"rendered":"\n<p>La prensa de Chile da detalles respecto a la decisi\u00f3n de la Asociaci\u00f3n Nacional de F\u00fatbol Profesional en cortar el v\u00ednculo con Ricardo Gareca.<\/p>\n\n\n\n<p>Los n\u00fameros de Ricardo Gareca al mando de Chile no son los mejores y es por ello que la Asociaci\u00f3n Nacional de F\u00fatbol Profesional (ANFP) ha decidido cortar el v\u00ednculo con el entrenador.<\/p>\n\n\n\n<p>As\u00ed lo indica ADN Radio, medio chileno que sostiene que Ricardo Gareca no continuar\u00e1 en el cargo al frente de la \u2018Roja\u2019. El directorio de la ANFP buscar\u00e1 llegar a un acuerdo econ\u00f3mico con el DT en el corto plazo, para que el contrato no siga.<\/p>\n\n\n\n<p>La medida de la instituci\u00f3n chilena hacia Gareca se debe a la ca\u00edda ante Paraguay y el empate sin goles contra Ecuador, en las \u00faltimas dos jornadas de las Eliminatorias Sudamericanas al Mundial 2026.<\/p>\n\n\n\n<h2 class=\"wp-block-heading\"><strong>Lo que se dice de Ricardo Gareca en Chile<\/strong><\/h2>\n\n\n\n<p>Incluso, el citado medio indica que el presidente de la ANFP, Pablo Milad, se reunir\u00e1 en las pr\u00f3ximas horas con el &#8216;Tigre&#8217; para comunicarle la decisi\u00f3n.<\/p>\n\n\n\n<p>Es m\u00e1s, se a\u00f1ade que el preparador f\u00edsico de &#8216;Roja&#8217;, N\u00e9stor Bonillo, ya se ha despedido de algunos jugadores del equipo.<\/p>\n\n\n\n<p>De esta manera, se est\u00e1 a la espera de una oficializaci\u00f3n de parte de la<strong>&nbsp;Selecci\u00f3n de Chile<\/strong>&nbsp;en relaci\u00f3n con la salida de&nbsp;<strong>Ricardo Gareca<\/strong>. El entrenador argentino no seguir\u00e1 de cara a las cuatro fechas que restan de las Eliminatorias en Sudam\u00e9rica.<\/p>\n\n\n\n<p>Hay que tener en cuenta que el seleccionado chileno marcha en el \u00faltimo lugar de la tabla de posiciones con 10 puntos, a 5 unidades del repechaje (s\u00e9ptimo) a la pr\u00f3xima edici\u00f3n de la Copa del Mundo en Estados Unidos, M\u00e9xico y Canad\u00e1.<\/p>\n\n\n\n<h2 class=\"wp-block-heading\"><strong>Dinero de por medio por Gareca<\/strong><\/h2>\n\n\n\n<p>En tanto,&nbsp;<em>La Tercera<\/em>&nbsp;report\u00f3 en la mitad de esta semana que si la ANFP quiere desvincularse de&nbsp;<strong>Ricardo Gareca<\/strong>&nbsp;le tiene que pagar 1 350 000 de d\u00f3lares por el tiempo que le queda de contrato.<\/p>\n\n\n\n<p>Se debe recordar que el v\u00ednculo con el DT, con pasado en la Selecci\u00f3n Peruana y Universitario de Deportes, va hasta el final de las Eliminatorias Sudamericanas 2026.<\/p>\n","protected":false},"excerpt":{"rendered":"<p>La prensa de Chile da detalles respecto a la decisi\u00f3n de la Asociaci\u00f3n Nacional de F\u00fatbol Profesional en cortar el v\u00ednculo con Ricardo Gareca. Los n\u00fameros de Ricardo Gareca al mando de Chile no son los mejores y es por ello que la Asociaci\u00f3n Nacional de F\u00fatbol Profesional (ANFP) ha decidido cortar el v\u00ednculo con el entrenador. As\u00ed lo indica ADN Radio, medio chileno que sostiene que Ricardo Gareca no continuar\u00e1 en el cargo al frente de la \u2018Roja\u2019. El directorio de la ANFP buscar\u00e1 llegar a un acuerdo econ\u00f3mico con el DT en el corto plazo, para que el contrato no siga. La medida de la instituci\u00f3n chilena hacia Gareca se debe a la ca\u00edda ante Paraguay y el empate sin goles contra Ecuador, en las \u00faltimas dos jornadas de las Eliminatorias Sudamericanas al Mundial 2026. Lo que se dice de Ricardo Gareca en Chile Incluso, el citado medio indica que el presidente de la ANFP, Pablo Milad, se reunir\u00e1 en las pr\u00f3ximas horas con el &#8216;Tigre&#8217; para comunicarle la decisi\u00f3n. Es m\u00e1s, se a\u00f1ade que el preparador f\u00edsico de &#8216;Roja&#8217;, N\u00e9stor Bonillo, ya se ha despedido de algunos jugadores del equipo. De esta manera, se est\u00e1 a la espera de una oficializaci\u00f3n de parte de la&nbsp;Selecci\u00f3n de Chile&nbsp;en relaci\u00f3n con la salida de&nbsp;Ricardo Gareca. El entrenador argentino no seguir\u00e1 de cara a las cuatro fechas que restan de las Eliminatorias en Sudam\u00e9rica. Hay que tener en cuenta que el seleccionado chileno marcha en el \u00faltimo lugar de la tabla de posiciones con 10 puntos, a 5 unidades del repechaje (s\u00e9ptimo) a la pr\u00f3xima edici\u00f3n de la Copa del Mundo en Estados Unidos, M\u00e9xico y Canad\u00e1. Dinero de por medio por Gareca En tanto,&nbsp;La Tercera&nbsp;report\u00f3 en la mitad de esta semana que si la ANFP quiere desvincularse de&nbsp;Ricardo Gareca&nbsp;le tiene que pagar 1 350 000 de d\u00f3lares por el tiempo que le queda de contrato. Se debe recordar que el v\u00ednculo con el DT, con pasado en la Selecci\u00f3n Peruana y Universitario de Deportes, va hasta el final de las Eliminatorias Sudamericanas 2026.<\/p>\n","protected":false},"author":2,"featured_media":29846,"comment_status":"open","ping_status":"open","sticky":false,"template":"","format":"standard","meta":{"footnotes":""},"categories":[7],"tags":[],"class_list":["post-29845","post","type-post","status-publish","format-standard","has-post-thumbnail","hentry","category-deportes"],"yoast_head":"<!-- This site is optimized with the Yoast SEO plugin v27.5 - https:\/\/yoast.com\/product\/yoast-seo-wordpress\/ -->\n<title>Se acaba el ciclo: Chile decide no continuar con Ricardo Gareca como DT, seg\u00fan prensa chilena - Radio Huancayo<\/title>\n<meta name=\"robots\" content=\"index, follow, max-snippet:-1, max-image-preview:large, max-video-preview:-1\" \/>\n<link rel=\"canonical\" href=\"https:\/\/radiohuancayo.com.pe\/wp54\/se-acaba-el-ciclo-chile-decide-no-continuar-con-ricardo-gareca-como-dt-segun-prensa-chilena\/\" \/>\n<meta property=\"og:locale\" content=\"es_ES\" \/>\n<meta property=\"og:type\" content=\"article\" \/>\n<meta property=\"og:title\" content=\"Se acaba el ciclo: Chile decide no continuar con Ricardo Gareca como DT, seg\u00fan prensa chilena - Radio Huancayo\" \/>\n<meta property=\"og:description\" content=\"La prensa de Chile da detalles respecto a la decisi\u00f3n de la Asociaci\u00f3n Nacional de F\u00fatbol Profesional en cortar el v\u00ednculo con Ricardo Gareca. Los n\u00fameros de Ricardo Gareca al mando de Chile no son los mejores y es por ello que la Asociaci\u00f3n Nacional de F\u00fatbol Profesional (ANFP) ha decidido cortar el v\u00ednculo con el entrenador. As\u00ed lo indica ADN Radio, medio chileno que sostiene que Ricardo Gareca no continuar\u00e1 en el cargo al frente de la \u2018Roja\u2019. El directorio de la ANFP buscar\u00e1 llegar a un acuerdo econ\u00f3mico con el DT en el corto plazo, para que el contrato no siga. La medida de la instituci\u00f3n chilena hacia Gareca se debe a la ca\u00edda ante Paraguay y el empate sin goles contra Ecuador, en las \u00faltimas dos jornadas de las Eliminatorias Sudamericanas al Mundial 2026. Lo que se dice de Ricardo Gareca en Chile Incluso, el citado medio indica que el presidente de la ANFP, Pablo Milad, se reunir\u00e1 en las pr\u00f3ximas horas con el &#8216;Tigre&#8217; para comunicarle la decisi\u00f3n. Es m\u00e1s, se a\u00f1ade que el preparador f\u00edsico de &#8216;Roja&#8217;, N\u00e9stor Bonillo, ya se ha despedido de algunos jugadores del equipo. De esta manera, se est\u00e1 a la espera de una oficializaci\u00f3n de parte de la&nbsp;Selecci\u00f3n de Chile&nbsp;en relaci\u00f3n con la salida de&nbsp;Ricardo Gareca. El entrenador argentino no seguir\u00e1 de cara a las cuatro fechas que restan de las Eliminatorias en Sudam\u00e9rica. Hay que tener en cuenta que el seleccionado chileno marcha en el \u00faltimo lugar de la tabla de posiciones con 10 puntos, a 5 unidades del repechaje (s\u00e9ptimo) a la pr\u00f3xima edici\u00f3n de la Copa del Mundo en Estados Unidos, M\u00e9xico y Canad\u00e1. Dinero de por medio por Gareca En tanto,&nbsp;La Tercera&nbsp;report\u00f3 en la mitad de esta semana que si la ANFP quiere desvincularse de&nbsp;Ricardo Gareca&nbsp;le tiene que pagar 1 350 000 de d\u00f3lares por el tiempo que le queda de contrato. Se debe recordar que el v\u00ednculo con el DT, con pasado en la Selecci\u00f3n Peruana y Universitario de Deportes, va hasta el final de las Eliminatorias Sudamericanas 2026.\" \/>\n<meta property=\"og:url\" content=\"https:\/\/radiohuancayo.com.pe\/wp54\/se-acaba-el-ciclo-chile-decide-no-continuar-con-ricardo-gareca-como-dt-segun-prensa-chilena\/\" \/>\n<meta property=\"og:site_name\" content=\"Radio Huancayo\" \/>\n<meta property=\"article:published_time\" content=\"2025-03-28T21:34:25+00:00\" \/>\n<meta property=\"article:modified_time\" content=\"2025-03-28T22:28:46+00:00\" \/>\n<meta property=\"og:image\" content=\"https:\/\/radiohuancayo.com.pe\/wp54\/wp-content\/uploads\/2025\/03\/image-19.png\" \/>\n\t<meta property=\"og:image:width\" content=\"1200\" \/>\n\t<meta property=\"og:image:height\" content=\"675\" \/>\n\t<meta property=\"og:image:type\" content=\"image\/png\" \/>\n<meta name=\"author\" content=\"Michel Sanchez\" \/>\n<meta name=\"twitter:card\" content=\"summary_large_image\" \/>\n<meta name=\"twitter:label1\" content=\"Escrito por\" \/>\n\t<meta name=\"twitter:data1\" content=\"Michel Sanchez\" \/>\n\t<meta name=\"twitter:label2\" content=\"Tiempo de lectura\" \/>\n\t<meta name=\"twitter:data2\" content=\"2 minutos\" \/>\n<script type=\"application\/ld+json\" class=\"yoast-schema-graph\">{\"@context\":\"https:\\\/\\\/schema.org\",\"@graph\":[{\"@type\":\"Article\",\"@id\":\"https:\\\/\\\/radiohuancayo.com.pe\\\/wp54\\\/se-acaba-el-ciclo-chile-decide-no-continuar-con-ricardo-gareca-como-dt-segun-prensa-chilena\\\/#article\",\"isPartOf\":{\"@id\":\"https:\\\/\\\/radiohuancayo.com.pe\\\/wp54\\\/se-acaba-el-ciclo-chile-decide-no-continuar-con-ricardo-gareca-como-dt-segun-prensa-chilena\\\/\"},\"author\":{\"name\":\"Michel Sanchez\",\"@id\":\"https:\\\/\\\/radiohuancayo.com.pe\\\/wp54\\\/#\\\/schema\\\/person\\\/74fb124dee9900c6f4d0535fa1d2b5ae\"},\"headline\":\"Se acaba el ciclo: Chile decide no continuar con Ricardo Gareca como DT, seg\u00fan prensa chilena\",\"datePublished\":\"2025-03-28T21:34:25+00:00\",\"dateModified\":\"2025-03-28T22:28:46+00:00\",\"mainEntityOfPage\":{\"@id\":\"https:\\\/\\\/radiohuancayo.com.pe\\\/wp54\\\/se-acaba-el-ciclo-chile-decide-no-continuar-con-ricardo-gareca-como-dt-segun-prensa-chilena\\\/\"},\"wordCount\":396,\"commentCount\":0,\"publisher\":{\"@id\":\"https:\\\/\\\/radiohuancayo.com.pe\\\/wp54\\\/#organization\"},\"image\":{\"@id\":\"https:\\\/\\\/radiohuancayo.com.pe\\\/wp54\\\/se-acaba-el-ciclo-chile-decide-no-continuar-con-ricardo-gareca-como-dt-segun-prensa-chilena\\\/#primaryimage\"},\"thumbnailUrl\":\"https:\\\/\\\/radiohuancayo.com.pe\\\/wp54\\\/wp-content\\\/uploads\\\/2025\\\/03\\\/image-19.png\",\"articleSection\":[\"Deportes\"],\"inLanguage\":\"es\",\"potentialAction\":[{\"@type\":\"CommentAction\",\"name\":\"Comment\",\"target\":[\"https:\\\/\\\/radiohuancayo.com.pe\\\/wp54\\\/se-acaba-el-ciclo-chile-decide-no-continuar-con-ricardo-gareca-como-dt-segun-prensa-chilena\\\/#respond\"]}]},{\"@type\":\"WebPage\",\"@id\":\"https:\\\/\\\/radiohuancayo.com.pe\\\/wp54\\\/se-acaba-el-ciclo-chile-decide-no-continuar-con-ricardo-gareca-como-dt-segun-prensa-chilena\\\/\",\"url\":\"https:\\\/\\\/radiohuancayo.com.pe\\\/wp54\\\/se-acaba-el-ciclo-chile-decide-no-continuar-con-ricardo-gareca-como-dt-segun-prensa-chilena\\\/\",\"name\":\"Se acaba el ciclo: Chile decide no continuar con Ricardo Gareca como DT, seg\u00fan prensa chilena - Radio Huancayo\",\"isPartOf\":{\"@id\":\"https:\\\/\\\/radiohuancayo.com.pe\\\/wp54\\\/#website\"},\"primaryImageOfPage\":{\"@id\":\"https:\\\/\\\/radiohuancayo.com.pe\\\/wp54\\\/se-acaba-el-ciclo-chile-decide-no-continuar-con-ricardo-gareca-como-dt-segun-prensa-chilena\\\/#primaryimage\"},\"image\":{\"@id\":\"https:\\\/\\\/radiohuancayo.com.pe\\\/wp54\\\/se-acaba-el-ciclo-chile-decide-no-continuar-con-ricardo-gareca-como-dt-segun-prensa-chilena\\\/#primaryimage\"},\"thumbnailUrl\":\"https:\\\/\\\/radiohuancayo.com.pe\\\/wp54\\\/wp-content\\\/uploads\\\/2025\\\/03\\\/image-19.png\",\"datePublished\":\"2025-03-28T21:34:25+00:00\",\"dateModified\":\"2025-03-28T22:28:46+00:00\",\"breadcrumb\":{\"@id\":\"https:\\\/\\\/radiohuancayo.com.pe\\\/wp54\\\/se-acaba-el-ciclo-chile-decide-no-continuar-con-ricardo-gareca-como-dt-segun-prensa-chilena\\\/#breadcrumb\"},\"inLanguage\":\"es\",\"potentialAction\":[{\"@type\":\"ReadAction\",\"target\":[\"https:\\\/\\\/radiohuancayo.com.pe\\\/wp54\\\/se-acaba-el-ciclo-chile-decide-no-continuar-con-ricardo-gareca-como-dt-segun-prensa-chilena\\\/\"]}]},{\"@type\":\"ImageObject\",\"inLanguage\":\"es\",\"@id\":\"https:\\\/\\\/radiohuancayo.com.pe\\\/wp54\\\/se-acaba-el-ciclo-chile-decide-no-continuar-con-ricardo-gareca-como-dt-segun-prensa-chilena\\\/#primaryimage\",\"url\":\"https:\\\/\\\/radiohuancayo.com.pe\\\/wp54\\\/wp-content\\\/uploads\\\/2025\\\/03\\\/image-19.png\",\"contentUrl\":\"https:\\\/\\\/radiohuancayo.com.pe\\\/wp54\\\/wp-content\\\/uploads\\\/2025\\\/03\\\/image-19.png\",\"width\":1200,\"height\":675},{\"@type\":\"BreadcrumbList\",\"@id\":\"https:\\\/\\\/radiohuancayo.com.pe\\\/wp54\\\/se-acaba-el-ciclo-chile-decide-no-continuar-con-ricardo-gareca-como-dt-segun-prensa-chilena\\\/#breadcrumb\",\"itemListElement\":[{\"@type\":\"ListItem\",\"position\":1,\"name\":\"Portada\",\"item\":\"https:\\\/\\\/radiohuancayo.com.pe\\\/wp54\\\/\"},{\"@type\":\"ListItem\",\"position\":2,\"name\":\"Se acaba el ciclo: Chile decide no continuar con Ricardo Gareca como DT, seg\u00fan prensa chilena\"}]},{\"@type\":\"WebSite\",\"@id\":\"https:\\\/\\\/radiohuancayo.com.pe\\\/wp54\\\/#website\",\"url\":\"https:\\\/\\\/radiohuancayo.com.pe\\\/wp54\\\/\",\"name\":\"Radio Huancayo\",\"description\":\"me gusta!!!\",\"publisher\":{\"@id\":\"https:\\\/\\\/radiohuancayo.com.pe\\\/wp54\\\/#organization\"},\"potentialAction\":[{\"@type\":\"SearchAction\",\"target\":{\"@type\":\"EntryPoint\",\"urlTemplate\":\"https:\\\/\\\/radiohuancayo.com.pe\\\/wp54\\\/?s={search_term_string}\"},\"query-input\":{\"@type\":\"PropertyValueSpecification\",\"valueRequired\":true,\"valueName\":\"search_term_string\"}}],\"inLanguage\":\"es\"},{\"@type\":\"Organization\",\"@id\":\"https:\\\/\\\/radiohuancayo.com.pe\\\/wp54\\\/#organization\",\"name\":\"Radio Huancayo\",\"url\":\"https:\\\/\\\/radiohuancayo.com.pe\\\/wp54\\\/\",\"logo\":{\"@type\":\"ImageObject\",\"inLanguage\":\"es\",\"@id\":\"https:\\\/\\\/radiohuancayo.com.pe\\\/wp54\\\/#\\\/schema\\\/logo\\\/image\\\/\",\"url\":\"https:\\\/\\\/radiohuancayo.com.pe\\\/wp54\\\/wp-content\\\/uploads\\\/2022\\\/04\\\/CABE01.png\",\"contentUrl\":\"https:\\\/\\\/radiohuancayo.com.pe\\\/wp54\\\/wp-content\\\/uploads\\\/2022\\\/04\\\/CABE01.png\",\"width\":1640,\"height\":300,\"caption\":\"Radio Huancayo\"},\"image\":{\"@id\":\"https:\\\/\\\/radiohuancayo.com.pe\\\/wp54\\\/#\\\/schema\\\/logo\\\/image\\\/\"}},{\"@type\":\"Person\",\"@id\":\"https:\\\/\\\/radiohuancayo.com.pe\\\/wp54\\\/#\\\/schema\\\/person\\\/74fb124dee9900c6f4d0535fa1d2b5ae\",\"name\":\"Michel Sanchez\",\"image\":{\"@type\":\"ImageObject\",\"inLanguage\":\"es\",\"@id\":\"https:\\\/\\\/secure.gravatar.com\\\/avatar\\\/f7f6944c01b3f15a174d0cf055aea75c46697913fc8a9cf5c3cf3e8800c645f6?s=96&d=mm&r=g\",\"url\":\"https:\\\/\\\/secure.gravatar.com\\\/avatar\\\/f7f6944c01b3f15a174d0cf055aea75c46697913fc8a9cf5c3cf3e8800c645f6?s=96&d=mm&r=g\",\"contentUrl\":\"https:\\\/\\\/secure.gravatar.com\\\/avatar\\\/f7f6944c01b3f15a174d0cf055aea75c46697913fc8a9cf5c3cf3e8800c645f6?s=96&d=mm&r=g\",\"caption\":\"Michel Sanchez\"},\"url\":\"https:\\\/\\\/radiohuancayo.com.pe\\\/wp54\\\/author\\\/memoris\\\/\"}]}<\/script>\n<!-- \/ Yoast SEO plugin. -->","yoast_head_json":{"title":"Se acaba el ciclo: Chile decide no continuar con Ricardo Gareca como DT, seg\u00fan prensa chilena - Radio Huancayo","robots":{"index":"index","follow":"follow","max-snippet":"max-snippet:-1","max-image-preview":"max-image-preview:large","max-video-preview":"max-video-preview:-1"},"canonical":"https:\/\/radiohuancayo.com.pe\/wp54\/se-acaba-el-ciclo-chile-decide-no-continuar-con-ricardo-gareca-como-dt-segun-prensa-chilena\/","og_locale":"es_ES","og_type":"article","og_title":"Se acaba el ciclo: Chile decide no continuar con Ricardo Gareca como DT, seg\u00fan prensa chilena - Radio Huancayo","og_description":"La prensa de Chile da detalles respecto a la decisi\u00f3n de la Asociaci\u00f3n Nacional de F\u00fatbol Profesional en cortar el v\u00ednculo con Ricardo Gareca. Los n\u00fameros de Ricardo Gareca al mando de Chile no son los mejores y es por ello que la Asociaci\u00f3n Nacional de F\u00fatbol Profesional (ANFP) ha decidido cortar el v\u00ednculo con el entrenador. As\u00ed lo indica ADN Radio, medio chileno que sostiene que Ricardo Gareca no continuar\u00e1 en el cargo al frente de la \u2018Roja\u2019. El directorio de la ANFP buscar\u00e1 llegar a un acuerdo econ\u00f3mico con el DT en el corto plazo, para que el contrato no siga. La medida de la instituci\u00f3n chilena hacia Gareca se debe a la ca\u00edda ante Paraguay y el empate sin goles contra Ecuador, en las \u00faltimas dos jornadas de las Eliminatorias Sudamericanas al Mundial 2026. Lo que se dice de Ricardo Gareca en Chile Incluso, el citado medio indica que el presidente de la ANFP, Pablo Milad, se reunir\u00e1 en las pr\u00f3ximas horas con el &#8216;Tigre&#8217; para comunicarle la decisi\u00f3n. Es m\u00e1s, se a\u00f1ade que el preparador f\u00edsico de &#8216;Roja&#8217;, N\u00e9stor Bonillo, ya se ha despedido de algunos jugadores del equipo. De esta manera, se est\u00e1 a la espera de una oficializaci\u00f3n de parte de la&nbsp;Selecci\u00f3n de Chile&nbsp;en relaci\u00f3n con la salida de&nbsp;Ricardo Gareca. El entrenador argentino no seguir\u00e1 de cara a las cuatro fechas que restan de las Eliminatorias en Sudam\u00e9rica. Hay que tener en cuenta que el seleccionado chileno marcha en el \u00faltimo lugar de la tabla de posiciones con 10 puntos, a 5 unidades del repechaje (s\u00e9ptimo) a la pr\u00f3xima edici\u00f3n de la Copa del Mundo en Estados Unidos, M\u00e9xico y Canad\u00e1. Dinero de por medio por Gareca En tanto,&nbsp;La Tercera&nbsp;report\u00f3 en la mitad de esta semana que si la ANFP quiere desvincularse de&nbsp;Ricardo Gareca&nbsp;le tiene que pagar 1 350 000 de d\u00f3lares por el tiempo que le queda de contrato. Se debe recordar que el v\u00ednculo con el DT, con pasado en la Selecci\u00f3n Peruana y Universitario de Deportes, va hasta el final de las Eliminatorias Sudamericanas 2026.","og_url":"https:\/\/radiohuancayo.com.pe\/wp54\/se-acaba-el-ciclo-chile-decide-no-continuar-con-ricardo-gareca-como-dt-segun-prensa-chilena\/","og_site_name":"Radio Huancayo","article_published_time":"2025-03-28T21:34:25+00:00","article_modified_time":"2025-03-28T22:28:46+00:00","og_image":[{"width":1200,"height":675,"url":"https:\/\/radiohuancayo.com.pe\/wp54\/wp-content\/uploads\/2025\/03\/image-19.png","type":"image\/png"}],"author":"Michel Sanchez","twitter_card":"summary_large_image","twitter_misc":{"Escrito por":"Michel Sanchez","Tiempo de lectura":"2 minutos"},"schema":{"@context":"https:\/\/schema.org","@graph":[{"@type":"Article","@id":"https:\/\/radiohuancayo.com.pe\/wp54\/se-acaba-el-ciclo-chile-decide-no-continuar-con-ricardo-gareca-como-dt-segun-prensa-chilena\/#article","isPartOf":{"@id":"https:\/\/radiohuancayo.com.pe\/wp54\/se-acaba-el-ciclo-chile-decide-no-continuar-con-ricardo-gareca-como-dt-segun-prensa-chilena\/"},"author":{"name":"Michel Sanchez","@id":"https:\/\/radiohuancayo.com.pe\/wp54\/#\/schema\/person\/74fb124dee9900c6f4d0535fa1d2b5ae"},"headline":"Se acaba el ciclo: Chile decide no continuar con Ricardo Gareca como DT, seg\u00fan prensa chilena","datePublished":"2025-03-28T21:34:25+00:00","dateModified":"2025-03-28T22:28:46+00:00","mainEntityOfPage":{"@id":"https:\/\/radiohuancayo.com.pe\/wp54\/se-acaba-el-ciclo-chile-decide-no-continuar-con-ricardo-gareca-como-dt-segun-prensa-chilena\/"},"wordCount":396,"commentCount":0,"publisher":{"@id":"https:\/\/radiohuancayo.com.pe\/wp54\/#organization"},"image":{"@id":"https:\/\/radiohuancayo.com.pe\/wp54\/se-acaba-el-ciclo-chile-decide-no-continuar-con-ricardo-gareca-como-dt-segun-prensa-chilena\/#primaryimage"},"thumbnailUrl":"https:\/\/radiohuancayo.com.pe\/wp54\/wp-content\/uploads\/2025\/03\/image-19.png","articleSection":["Deportes"],"inLanguage":"es","potentialAction":[{"@type":"CommentAction","name":"Comment","target":["https:\/\/radiohuancayo.com.pe\/wp54\/se-acaba-el-ciclo-chile-decide-no-continuar-con-ricardo-gareca-como-dt-segun-prensa-chilena\/#respond"]}]},{"@type":"WebPage","@id":"https:\/\/radiohuancayo.com.pe\/wp54\/se-acaba-el-ciclo-chile-decide-no-continuar-con-ricardo-gareca-como-dt-segun-prensa-chilena\/","url":"https:\/\/radiohuancayo.com.pe\/wp54\/se-acaba-el-ciclo-chile-decide-no-continuar-con-ricardo-gareca-como-dt-segun-prensa-chilena\/","name":"Se acaba el ciclo: Chile decide no continuar con Ricardo Gareca como DT, seg\u00fan prensa chilena - Radio Huancayo","isPartOf":{"@id":"https:\/\/radiohuancayo.com.pe\/wp54\/#website"},"primaryImageOfPage":{"@id":"https:\/\/radiohuancayo.com.pe\/wp54\/se-acaba-el-ciclo-chile-decide-no-continuar-con-ricardo-gareca-como-dt-segun-prensa-chilena\/#primaryimage"},"image":{"@id":"https:\/\/radiohuancayo.com.pe\/wp54\/se-acaba-el-ciclo-chile-decide-no-continuar-con-ricardo-gareca-como-dt-segun-prensa-chilena\/#primaryimage"},"thumbnailUrl":"https:\/\/radiohuancayo.com.pe\/wp54\/wp-content\/uploads\/2025\/03\/image-19.png","datePublished":"2025-03-28T21:34:25+00:00","dateModified":"2025-03-28T22:28:46+00:00","breadcrumb":{"@id":"https:\/\/radiohuancayo.com.pe\/wp54\/se-acaba-el-ciclo-chile-decide-no-continuar-con-ricardo-gareca-como-dt-segun-prensa-chilena\/#breadcrumb"},"inLanguage":"es","potentialAction":[{"@type":"ReadAction","target":["https:\/\/radiohuancayo.com.pe\/wp54\/se-acaba-el-ciclo-chile-decide-no-continuar-con-ricardo-gareca-como-dt-segun-prensa-chilena\/"]}]},{"@type":"ImageObject","inLanguage":"es","@id":"https:\/\/radiohuancayo.com.pe\/wp54\/se-acaba-el-ciclo-chile-decide-no-continuar-con-ricardo-gareca-como-dt-segun-prensa-chilena\/#primaryimage","url":"https:\/\/radiohuancayo.com.pe\/wp54\/wp-content\/uploads\/2025\/03\/image-19.png","contentUrl":"https:\/\/radiohuancayo.com.pe\/wp54\/wp-content\/uploads\/2025\/03\/image-19.png","width":1200,"height":675},{"@type":"BreadcrumbList","@id":"https:\/\/radiohuancayo.com.pe\/wp54\/se-acaba-el-ciclo-chile-decide-no-continuar-con-ricardo-gareca-como-dt-segun-prensa-chilena\/#breadcrumb","itemListElement":[{"@type":"ListItem","position":1,"name":"Portada","item":"https:\/\/radiohuancayo.com.pe\/wp54\/"},{"@type":"ListItem","position":2,"name":"Se acaba el ciclo: Chile decide no continuar con Ricardo Gareca como DT, seg\u00fan prensa chilena"}]},{"@type":"WebSite","@id":"https:\/\/radiohuancayo.com.pe\/wp54\/#website","url":"https:\/\/radiohuancayo.com.pe\/wp54\/","name":"Radio Huancayo","description":"me gusta!!!","publisher":{"@id":"https:\/\/radiohuancayo.com.pe\/wp54\/#organization"},"potentialAction":[{"@type":"SearchAction","target":{"@type":"EntryPoint","urlTemplate":"https:\/\/radiohuancayo.com.pe\/wp54\/?s={search_term_string}"},"query-input":{"@type":"PropertyValueSpecification","valueRequired":true,"valueName":"search_term_string"}}],"inLanguage":"es"},{"@type":"Organization","@id":"https:\/\/radiohuancayo.com.pe\/wp54\/#organization","name":"Radio Huancayo","url":"https:\/\/radiohuancayo.com.pe\/wp54\/","logo":{"@type":"ImageObject","inLanguage":"es","@id":"https:\/\/radiohuancayo.com.pe\/wp54\/#\/schema\/logo\/image\/","url":"https:\/\/radiohuancayo.com.pe\/wp54\/wp-content\/uploads\/2022\/04\/CABE01.png","contentUrl":"https:\/\/radiohuancayo.com.pe\/wp54\/wp-content\/uploads\/2022\/04\/CABE01.png","width":1640,"height":300,"caption":"Radio Huancayo"},"image":{"@id":"https:\/\/radiohuancayo.com.pe\/wp54\/#\/schema\/logo\/image\/"}},{"@type":"Person","@id":"https:\/\/radiohuancayo.com.pe\/wp54\/#\/schema\/person\/74fb124dee9900c6f4d0535fa1d2b5ae","name":"Michel Sanchez","image":{"@type":"ImageObject","inLanguage":"es","@id":"https:\/\/secure.gravatar.com\/avatar\/f7f6944c01b3f15a174d0cf055aea75c46697913fc8a9cf5c3cf3e8800c645f6?s=96&d=mm&r=g","url":"https:\/\/secure.gravatar.com\/avatar\/f7f6944c01b3f15a174d0cf055aea75c46697913fc8a9cf5c3cf3e8800c645f6?s=96&d=mm&r=g","contentUrl":"https:\/\/secure.gravatar.com\/avatar\/f7f6944c01b3f15a174d0cf055aea75c46697913fc8a9cf5c3cf3e8800c645f6?s=96&d=mm&r=g","caption":"Michel Sanchez"},"url":"https:\/\/radiohuancayo.com.pe\/wp54\/author\/memoris\/"}]}},"_links":{"self":[{"href":"https:\/\/radiohuancayo.com.pe\/wp54\/wp-json\/wp\/v2\/posts\/29845","targetHints":{"allow":["GET"]}}],"collection":[{"href":"https:\/\/radiohuancayo.com.pe\/wp54\/wp-json\/wp\/v2\/posts"}],"about":[{"href":"https:\/\/radiohuancayo.com.pe\/wp54\/wp-json\/wp\/v2\/types\/post"}],"author":[{"embeddable":true,"href":"https:\/\/radiohuancayo.com.pe\/wp54\/wp-json\/wp\/v2\/users\/2"}],"replies":[{"embeddable":true,"href":"https:\/\/radiohuancayo.com.pe\/wp54\/wp-json\/wp\/v2\/comments?post=29845"}],"version-history":[{"count":2,"href":"https:\/\/radiohuancayo.com.pe\/wp54\/wp-json\/wp\/v2\/posts\/29845\/revisions"}],"predecessor-version":[{"id":29856,"href":"https:\/\/radiohuancayo.com.pe\/wp54\/wp-json\/wp\/v2\/posts\/29845\/revisions\/29856"}],"wp:featuredmedia":[{"embeddable":true,"href":"https:\/\/radiohuancayo.com.pe\/wp54\/wp-json\/wp\/v2\/media\/29846"}],"wp:attachment":[{"href":"https:\/\/radiohuancayo.com.pe\/wp54\/wp-json\/wp\/v2\/media?parent=29845"}],"wp:term":[{"taxonomy":"category","embeddable":true,"href":"https:\/\/radiohuancayo.com.pe\/wp54\/wp-json\/wp\/v2\/categories?post=29845"},{"taxonomy":"post_tag","embeddable":true,"href":"https:\/\/radiohuancayo.com.pe\/wp54\/wp-json\/wp\/v2\/tags?post=29845"}],"curies":[{"name":"wp","href":"https:\/\/api.w.org\/{rel}","templated":true}]}}