{"id":29857,"date":"2025-03-28T17:31:04","date_gmt":"2025-03-28T22:31:04","guid":{"rendered":"https:\/\/radiohuancayo.com.pe\/wp54\/?p=29857"},"modified":"2025-03-28T17:31:05","modified_gmt":"2025-03-28T22:31:05","slug":"directivo-de-la-fpf-dio-rotunda-respuesta-a-guerrero-tras-criticas-a-cristian-garay-no-tiene","status":"publish","type":"post","link":"https:\/\/radiohuancayo.com.pe\/wp54\/directivo-de-la-fpf-dio-rotunda-respuesta-a-guerrero-tras-criticas-a-cristian-garay-no-tiene\/","title":{"rendered":"Directivo de la FPF dio rotunda respuesta a Guerrero tras cr\u00edticas a Cristian Garay: \u00abNo tiene&#8230;\u00bb"},"content":{"rendered":"\n<p>La selecci\u00f3n peruana recibi\u00f3 un duro golpe con la derrota por 1-0 ante Venezuela por la fecha 14 de las Eliminatorias 2026. Y es que, si miramos la tabla de posiciones, el combinado patrio tiene muy pocas posibilidades de poder clasificar a la pr\u00f3xima Copa del Mundo, a falta de cuatro jornadas para culminar este proceso clasificatorio.<\/p>\n\n\n\n<h2 class=\"wp-block-heading\">Directivo de la FPF respondi\u00f3 a Paolo Guerrero tras declaraciones post partido de Per\u00fa ante Venezuela<\/h2>\n\n\n\n<p>Toda esta situaci\u00f3n viene siendo noticia hasta la fecha, luego del triunfo que logr\u00f3 la &#8216;Vinotinto&#8217; en Matur\u00edn sobre la &#8216;Bicolor&#8217;. M\u00e1s a\u00fan porque sobre el final del compromiso, el hist\u00f3rico delantero de la &#8216;Blanquirroja&#8217;,Paolo Guerrero hizo una airada declaraci\u00f3n debido a la pol\u00e9mica labor que tuvo el \u00e1rbitro Cristian Garay con toda la terna chilena.<\/p>\n\n\n\n<p>Al respecto, hace poco el directivo de la FPF,\u00a0<strong>Freddy Ames<\/strong>\u00a0decidi\u00f3 romper su silencio y responder a las declaraciones que emiti\u00f3 el &#8216;Depredador&#8217; para Movistar Deportes. En tal sentido, el tambi\u00e9n presidente de Deportivo Coopsol indic\u00f3 que no se le puede juzgar al referee principal por su nacionalidad ya que todos est\u00e1n a un nivel \u00abprofesional\u00bb.<\/p>\n\n\n\n<p><em>\u00abTodos los \u00e1rbitros est\u00e1n al nivel profesional. No se puede juzgar a un \u00e1rbitro por su nacionalidad. Los \u00e1rbitros son designados y hay que aceptar la designaci\u00f3n. Creo yo que el \u00e1rbitro cay\u00f3, no hizo el mejor trabajo, pero no por su nacionalidad. \u00bfUsted en alg\u00fan momento ha visto que ha cambiado el score despu\u00e9s de un partido realizado? Nunca, lo que s\u00ed es que estamos preocupados porque no actu\u00f3 como debi\u00f3 actuar. Yo reitero,\u00a0no tiene nada que ver con la nacionalidad\u00bb,<\/em>\u00a0expres\u00f3 Ames para las c\u00e1maras de Am\u00e9rica Deportes.<\/p>\n\n\n\n<p>Por su parte, una vez m\u00e1s, Freddy Ames expres\u00f3 su disconformidad con la postura del capit\u00e1n de la &#8216;Bicolor&#8217;, quien en todo momento se mostr\u00f3 bastante furioso por las pol\u00e9micas decisiones del juez chileno.\u00a0<em>\u00abNo, no estoy de acuerdo, porque vuelvo a decir, el desempe\u00f1o de un \u00e1rbitro no depende de la nacionalidad\u00bb,<\/em>\u00a0acot\u00f3.<\/p>\n\n\n\n<h2 class=\"wp-block-heading\">Selecci\u00f3n peruana: \u00bfcu\u00e1ndo vuelve a jugar por las Eliminatorias 2026?<\/h2>\n\n\n\n<p>El equipo de&nbsp;<strong>\u00d3scar Ib\u00e1\u00f1ez<\/strong>&nbsp;volver\u00e1 a la acci\u00f3n el 4 de junio por la jornada 14 de las Eliminatorias Copa del Mundo 2026. El rival ser\u00e1 la selecci\u00f3n colombiana de N\u00e9stor Lorenzo en un horario que a\u00fan deber\u00e1 confirmarse por la Conmebol.<\/p>\n","protected":false},"excerpt":{"rendered":"<p>La selecci\u00f3n peruana recibi\u00f3 un duro golpe con la derrota por 1-0 ante Venezuela por la fecha 14 de las Eliminatorias 2026. Y es que, si miramos la tabla de posiciones, el combinado patrio tiene muy pocas posibilidades de poder clasificar a la pr\u00f3xima Copa del Mundo, a falta de cuatro jornadas para culminar este proceso clasificatorio. Directivo de la FPF respondi\u00f3 a Paolo Guerrero tras declaraciones post partido de Per\u00fa ante Venezuela Toda esta situaci\u00f3n viene siendo noticia hasta la fecha, luego del triunfo que logr\u00f3 la &#8216;Vinotinto&#8217; en Matur\u00edn sobre la &#8216;Bicolor&#8217;. M\u00e1s a\u00fan porque sobre el final del compromiso, el hist\u00f3rico delantero de la &#8216;Blanquirroja&#8217;,Paolo Guerrero hizo una airada declaraci\u00f3n debido a la pol\u00e9mica labor que tuvo el \u00e1rbitro Cristian Garay con toda la terna chilena. Al respecto, hace poco el directivo de la FPF,\u00a0Freddy Ames\u00a0decidi\u00f3 romper su silencio y responder a las declaraciones que emiti\u00f3 el &#8216;Depredador&#8217; para Movistar Deportes. En tal sentido, el tambi\u00e9n presidente de Deportivo Coopsol indic\u00f3 que no se le puede juzgar al referee principal por su nacionalidad ya que todos est\u00e1n a un nivel \u00abprofesional\u00bb. \u00abTodos los \u00e1rbitros est\u00e1n al nivel profesional. No se puede juzgar a un \u00e1rbitro por su nacionalidad. Los \u00e1rbitros son designados y hay que aceptar la designaci\u00f3n. Creo yo que el \u00e1rbitro cay\u00f3, no hizo el mejor trabajo, pero no por su nacionalidad. \u00bfUsted en alg\u00fan momento ha visto que ha cambiado el score despu\u00e9s de un partido realizado? Nunca, lo que s\u00ed es que estamos preocupados porque no actu\u00f3 como debi\u00f3 actuar. Yo reitero,\u00a0no tiene nada que ver con la nacionalidad\u00bb,\u00a0expres\u00f3 Ames para las c\u00e1maras de Am\u00e9rica Deportes. Por su parte, una vez m\u00e1s, Freddy Ames expres\u00f3 su disconformidad con la postura del capit\u00e1n de la &#8216;Bicolor&#8217;, quien en todo momento se mostr\u00f3 bastante furioso por las pol\u00e9micas decisiones del juez chileno.\u00a0\u00abNo, no estoy de acuerdo, porque vuelvo a decir, el desempe\u00f1o de un \u00e1rbitro no depende de la nacionalidad\u00bb,\u00a0acot\u00f3. Selecci\u00f3n peruana: \u00bfcu\u00e1ndo vuelve a jugar por las Eliminatorias 2026? El equipo de&nbsp;\u00d3scar Ib\u00e1\u00f1ez&nbsp;volver\u00e1 a la acci\u00f3n el 4 de junio por la jornada 14 de las Eliminatorias Copa del Mundo 2026. El rival ser\u00e1 la selecci\u00f3n colombiana de N\u00e9stor Lorenzo en un horario que a\u00fan deber\u00e1 confirmarse por la Conmebol.<\/p>\n","protected":false},"author":2,"featured_media":29858,"comment_status":"open","ping_status":"open","sticky":false,"template":"","format":"standard","meta":{"footnotes":""},"categories":[7],"tags":[],"class_list":["post-29857","post","type-post","status-publish","format-standard","has-post-thumbnail","hentry","category-deportes"],"yoast_head":"<!-- This site is optimized with the Yoast SEO plugin v27.5 - https:\/\/yoast.com\/product\/yoast-seo-wordpress\/ -->\n<title>Directivo de la FPF dio rotunda respuesta a Guerrero tras cr\u00edticas a Cristian Garay: &quot;No tiene...&quot; - Radio Huancayo<\/title>\n<meta name=\"robots\" content=\"index, follow, max-snippet:-1, max-image-preview:large, max-video-preview:-1\" \/>\n<link rel=\"canonical\" href=\"https:\/\/radiohuancayo.com.pe\/wp54\/directivo-de-la-fpf-dio-rotunda-respuesta-a-guerrero-tras-criticas-a-cristian-garay-no-tiene\/\" \/>\n<meta property=\"og:locale\" content=\"es_ES\" \/>\n<meta property=\"og:type\" content=\"article\" \/>\n<meta property=\"og:title\" content=\"Directivo de la FPF dio rotunda respuesta a Guerrero tras cr\u00edticas a Cristian Garay: &quot;No tiene...&quot; - Radio Huancayo\" \/>\n<meta property=\"og:description\" content=\"La selecci\u00f3n peruana recibi\u00f3 un duro golpe con la derrota por 1-0 ante Venezuela por la fecha 14 de las Eliminatorias 2026. Y es que, si miramos la tabla de posiciones, el combinado patrio tiene muy pocas posibilidades de poder clasificar a la pr\u00f3xima Copa del Mundo, a falta de cuatro jornadas para culminar este proceso clasificatorio. Directivo de la FPF respondi\u00f3 a Paolo Guerrero tras declaraciones post partido de Per\u00fa ante Venezuela Toda esta situaci\u00f3n viene siendo noticia hasta la fecha, luego del triunfo que logr\u00f3 la &#8216;Vinotinto&#8217; en Matur\u00edn sobre la &#8216;Bicolor&#8217;. M\u00e1s a\u00fan porque sobre el final del compromiso, el hist\u00f3rico delantero de la &#8216;Blanquirroja&#8217;,Paolo Guerrero hizo una airada declaraci\u00f3n debido a la pol\u00e9mica labor que tuvo el \u00e1rbitro Cristian Garay con toda la terna chilena. Al respecto, hace poco el directivo de la FPF,\u00a0Freddy Ames\u00a0decidi\u00f3 romper su silencio y responder a las declaraciones que emiti\u00f3 el &#8216;Depredador&#8217; para Movistar Deportes. En tal sentido, el tambi\u00e9n presidente de Deportivo Coopsol indic\u00f3 que no se le puede juzgar al referee principal por su nacionalidad ya que todos est\u00e1n a un nivel \u00abprofesional\u00bb. \u00abTodos los \u00e1rbitros est\u00e1n al nivel profesional. No se puede juzgar a un \u00e1rbitro por su nacionalidad. Los \u00e1rbitros son designados y hay que aceptar la designaci\u00f3n. Creo yo que el \u00e1rbitro cay\u00f3, no hizo el mejor trabajo, pero no por su nacionalidad. \u00bfUsted en alg\u00fan momento ha visto que ha cambiado el score despu\u00e9s de un partido realizado? Nunca, lo que s\u00ed es que estamos preocupados porque no actu\u00f3 como debi\u00f3 actuar. Yo reitero,\u00a0no tiene nada que ver con la nacionalidad\u00bb,\u00a0expres\u00f3 Ames para las c\u00e1maras de Am\u00e9rica Deportes. Por su parte, una vez m\u00e1s, Freddy Ames expres\u00f3 su disconformidad con la postura del capit\u00e1n de la &#8216;Bicolor&#8217;, quien en todo momento se mostr\u00f3 bastante furioso por las pol\u00e9micas decisiones del juez chileno.\u00a0\u00abNo, no estoy de acuerdo, porque vuelvo a decir, el desempe\u00f1o de un \u00e1rbitro no depende de la nacionalidad\u00bb,\u00a0acot\u00f3. Selecci\u00f3n peruana: \u00bfcu\u00e1ndo vuelve a jugar por las Eliminatorias 2026? El equipo de&nbsp;\u00d3scar Ib\u00e1\u00f1ez&nbsp;volver\u00e1 a la acci\u00f3n el 4 de junio por la jornada 14 de las Eliminatorias Copa del Mundo 2026. El rival ser\u00e1 la selecci\u00f3n colombiana de N\u00e9stor Lorenzo en un horario que a\u00fan deber\u00e1 confirmarse por la Conmebol.\" \/>\n<meta property=\"og:url\" content=\"https:\/\/radiohuancayo.com.pe\/wp54\/directivo-de-la-fpf-dio-rotunda-respuesta-a-guerrero-tras-criticas-a-cristian-garay-no-tiene\/\" \/>\n<meta property=\"og:site_name\" content=\"Radio Huancayo\" \/>\n<meta property=\"article:published_time\" content=\"2025-03-28T22:31:04+00:00\" \/>\n<meta property=\"article:modified_time\" content=\"2025-03-28T22:31:05+00:00\" \/>\n<meta property=\"og:image\" content=\"https:\/\/radiohuancayo.com.pe\/wp54\/wp-content\/uploads\/2025\/03\/image-22.png\" \/>\n\t<meta property=\"og:image:width\" content=\"652\" \/>\n\t<meta property=\"og:image:height\" content=\"358\" \/>\n\t<meta property=\"og:image:type\" content=\"image\/png\" \/>\n<meta name=\"author\" content=\"Michel Sanchez\" \/>\n<meta name=\"twitter:card\" content=\"summary_large_image\" \/>\n<meta name=\"twitter:label1\" content=\"Escrito por\" \/>\n\t<meta name=\"twitter:data1\" content=\"Michel Sanchez\" \/>\n\t<meta name=\"twitter:label2\" content=\"Tiempo de lectura\" \/>\n\t<meta name=\"twitter:data2\" content=\"2 minutos\" \/>\n<script type=\"application\/ld+json\" class=\"yoast-schema-graph\">{\"@context\":\"https:\\\/\\\/schema.org\",\"@graph\":[{\"@type\":\"Article\",\"@id\":\"https:\\\/\\\/radiohuancayo.com.pe\\\/wp54\\\/directivo-de-la-fpf-dio-rotunda-respuesta-a-guerrero-tras-criticas-a-cristian-garay-no-tiene\\\/#article\",\"isPartOf\":{\"@id\":\"https:\\\/\\\/radiohuancayo.com.pe\\\/wp54\\\/directivo-de-la-fpf-dio-rotunda-respuesta-a-guerrero-tras-criticas-a-cristian-garay-no-tiene\\\/\"},\"author\":{\"name\":\"Michel Sanchez\",\"@id\":\"https:\\\/\\\/radiohuancayo.com.pe\\\/wp54\\\/#\\\/schema\\\/person\\\/74fb124dee9900c6f4d0535fa1d2b5ae\"},\"headline\":\"Directivo de la FPF dio rotunda respuesta a Guerrero tras cr\u00edticas a Cristian Garay: \u00abNo tiene&#8230;\u00bb\",\"datePublished\":\"2025-03-28T22:31:04+00:00\",\"dateModified\":\"2025-03-28T22:31:05+00:00\",\"mainEntityOfPage\":{\"@id\":\"https:\\\/\\\/radiohuancayo.com.pe\\\/wp54\\\/directivo-de-la-fpf-dio-rotunda-respuesta-a-guerrero-tras-criticas-a-cristian-garay-no-tiene\\\/\"},\"wordCount\":426,\"commentCount\":0,\"publisher\":{\"@id\":\"https:\\\/\\\/radiohuancayo.com.pe\\\/wp54\\\/#organization\"},\"image\":{\"@id\":\"https:\\\/\\\/radiohuancayo.com.pe\\\/wp54\\\/directivo-de-la-fpf-dio-rotunda-respuesta-a-guerrero-tras-criticas-a-cristian-garay-no-tiene\\\/#primaryimage\"},\"thumbnailUrl\":\"https:\\\/\\\/radiohuancayo.com.pe\\\/wp54\\\/wp-content\\\/uploads\\\/2025\\\/03\\\/image-22.png\",\"articleSection\":[\"Deportes\"],\"inLanguage\":\"es\",\"potentialAction\":[{\"@type\":\"CommentAction\",\"name\":\"Comment\",\"target\":[\"https:\\\/\\\/radiohuancayo.com.pe\\\/wp54\\\/directivo-de-la-fpf-dio-rotunda-respuesta-a-guerrero-tras-criticas-a-cristian-garay-no-tiene\\\/#respond\"]}]},{\"@type\":\"WebPage\",\"@id\":\"https:\\\/\\\/radiohuancayo.com.pe\\\/wp54\\\/directivo-de-la-fpf-dio-rotunda-respuesta-a-guerrero-tras-criticas-a-cristian-garay-no-tiene\\\/\",\"url\":\"https:\\\/\\\/radiohuancayo.com.pe\\\/wp54\\\/directivo-de-la-fpf-dio-rotunda-respuesta-a-guerrero-tras-criticas-a-cristian-garay-no-tiene\\\/\",\"name\":\"Directivo de la FPF dio rotunda respuesta a Guerrero tras cr\u00edticas a Cristian Garay: \\\"No tiene...\\\" - Radio Huancayo\",\"isPartOf\":{\"@id\":\"https:\\\/\\\/radiohuancayo.com.pe\\\/wp54\\\/#website\"},\"primaryImageOfPage\":{\"@id\":\"https:\\\/\\\/radiohuancayo.com.pe\\\/wp54\\\/directivo-de-la-fpf-dio-rotunda-respuesta-a-guerrero-tras-criticas-a-cristian-garay-no-tiene\\\/#primaryimage\"},\"image\":{\"@id\":\"https:\\\/\\\/radiohuancayo.com.pe\\\/wp54\\\/directivo-de-la-fpf-dio-rotunda-respuesta-a-guerrero-tras-criticas-a-cristian-garay-no-tiene\\\/#primaryimage\"},\"thumbnailUrl\":\"https:\\\/\\\/radiohuancayo.com.pe\\\/wp54\\\/wp-content\\\/uploads\\\/2025\\\/03\\\/image-22.png\",\"datePublished\":\"2025-03-28T22:31:04+00:00\",\"dateModified\":\"2025-03-28T22:31:05+00:00\",\"breadcrumb\":{\"@id\":\"https:\\\/\\\/radiohuancayo.com.pe\\\/wp54\\\/directivo-de-la-fpf-dio-rotunda-respuesta-a-guerrero-tras-criticas-a-cristian-garay-no-tiene\\\/#breadcrumb\"},\"inLanguage\":\"es\",\"potentialAction\":[{\"@type\":\"ReadAction\",\"target\":[\"https:\\\/\\\/radiohuancayo.com.pe\\\/wp54\\\/directivo-de-la-fpf-dio-rotunda-respuesta-a-guerrero-tras-criticas-a-cristian-garay-no-tiene\\\/\"]}]},{\"@type\":\"ImageObject\",\"inLanguage\":\"es\",\"@id\":\"https:\\\/\\\/radiohuancayo.com.pe\\\/wp54\\\/directivo-de-la-fpf-dio-rotunda-respuesta-a-guerrero-tras-criticas-a-cristian-garay-no-tiene\\\/#primaryimage\",\"url\":\"https:\\\/\\\/radiohuancayo.com.pe\\\/wp54\\\/wp-content\\\/uploads\\\/2025\\\/03\\\/image-22.png\",\"contentUrl\":\"https:\\\/\\\/radiohuancayo.com.pe\\\/wp54\\\/wp-content\\\/uploads\\\/2025\\\/03\\\/image-22.png\",\"width\":652,\"height\":358},{\"@type\":\"BreadcrumbList\",\"@id\":\"https:\\\/\\\/radiohuancayo.com.pe\\\/wp54\\\/directivo-de-la-fpf-dio-rotunda-respuesta-a-guerrero-tras-criticas-a-cristian-garay-no-tiene\\\/#breadcrumb\",\"itemListElement\":[{\"@type\":\"ListItem\",\"position\":1,\"name\":\"Portada\",\"item\":\"https:\\\/\\\/radiohuancayo.com.pe\\\/wp54\\\/\"},{\"@type\":\"ListItem\",\"position\":2,\"name\":\"Directivo de la FPF dio rotunda respuesta a Guerrero tras cr\u00edticas a Cristian Garay: &#8220;No tiene&#8230;&#8221;\"}]},{\"@type\":\"WebSite\",\"@id\":\"https:\\\/\\\/radiohuancayo.com.pe\\\/wp54\\\/#website\",\"url\":\"https:\\\/\\\/radiohuancayo.com.pe\\\/wp54\\\/\",\"name\":\"Radio Huancayo\",\"description\":\"me gusta!!!\",\"publisher\":{\"@id\":\"https:\\\/\\\/radiohuancayo.com.pe\\\/wp54\\\/#organization\"},\"potentialAction\":[{\"@type\":\"SearchAction\",\"target\":{\"@type\":\"EntryPoint\",\"urlTemplate\":\"https:\\\/\\\/radiohuancayo.com.pe\\\/wp54\\\/?s={search_term_string}\"},\"query-input\":{\"@type\":\"PropertyValueSpecification\",\"valueRequired\":true,\"valueName\":\"search_term_string\"}}],\"inLanguage\":\"es\"},{\"@type\":\"Organization\",\"@id\":\"https:\\\/\\\/radiohuancayo.com.pe\\\/wp54\\\/#organization\",\"name\":\"Radio Huancayo\",\"url\":\"https:\\\/\\\/radiohuancayo.com.pe\\\/wp54\\\/\",\"logo\":{\"@type\":\"ImageObject\",\"inLanguage\":\"es\",\"@id\":\"https:\\\/\\\/radiohuancayo.com.pe\\\/wp54\\\/#\\\/schema\\\/logo\\\/image\\\/\",\"url\":\"https:\\\/\\\/radiohuancayo.com.pe\\\/wp54\\\/wp-content\\\/uploads\\\/2022\\\/04\\\/CABE01.png\",\"contentUrl\":\"https:\\\/\\\/radiohuancayo.com.pe\\\/wp54\\\/wp-content\\\/uploads\\\/2022\\\/04\\\/CABE01.png\",\"width\":1640,\"height\":300,\"caption\":\"Radio Huancayo\"},\"image\":{\"@id\":\"https:\\\/\\\/radiohuancayo.com.pe\\\/wp54\\\/#\\\/schema\\\/logo\\\/image\\\/\"}},{\"@type\":\"Person\",\"@id\":\"https:\\\/\\\/radiohuancayo.com.pe\\\/wp54\\\/#\\\/schema\\\/person\\\/74fb124dee9900c6f4d0535fa1d2b5ae\",\"name\":\"Michel Sanchez\",\"image\":{\"@type\":\"ImageObject\",\"inLanguage\":\"es\",\"@id\":\"https:\\\/\\\/secure.gravatar.com\\\/avatar\\\/f7f6944c01b3f15a174d0cf055aea75c46697913fc8a9cf5c3cf3e8800c645f6?s=96&d=mm&r=g\",\"url\":\"https:\\\/\\\/secure.gravatar.com\\\/avatar\\\/f7f6944c01b3f15a174d0cf055aea75c46697913fc8a9cf5c3cf3e8800c645f6?s=96&d=mm&r=g\",\"contentUrl\":\"https:\\\/\\\/secure.gravatar.com\\\/avatar\\\/f7f6944c01b3f15a174d0cf055aea75c46697913fc8a9cf5c3cf3e8800c645f6?s=96&d=mm&r=g\",\"caption\":\"Michel Sanchez\"},\"url\":\"https:\\\/\\\/radiohuancayo.com.pe\\\/wp54\\\/author\\\/memoris\\\/\"}]}<\/script>\n<!-- \/ Yoast SEO plugin. -->","yoast_head_json":{"title":"Directivo de la FPF dio rotunda respuesta a Guerrero tras cr\u00edticas a Cristian Garay: \"No tiene...\" - Radio Huancayo","robots":{"index":"index","follow":"follow","max-snippet":"max-snippet:-1","max-image-preview":"max-image-preview:large","max-video-preview":"max-video-preview:-1"},"canonical":"https:\/\/radiohuancayo.com.pe\/wp54\/directivo-de-la-fpf-dio-rotunda-respuesta-a-guerrero-tras-criticas-a-cristian-garay-no-tiene\/","og_locale":"es_ES","og_type":"article","og_title":"Directivo de la FPF dio rotunda respuesta a Guerrero tras cr\u00edticas a Cristian Garay: \"No tiene...\" - Radio Huancayo","og_description":"La selecci\u00f3n peruana recibi\u00f3 un duro golpe con la derrota por 1-0 ante Venezuela por la fecha 14 de las Eliminatorias 2026. Y es que, si miramos la tabla de posiciones, el combinado patrio tiene muy pocas posibilidades de poder clasificar a la pr\u00f3xima Copa del Mundo, a falta de cuatro jornadas para culminar este proceso clasificatorio. Directivo de la FPF respondi\u00f3 a Paolo Guerrero tras declaraciones post partido de Per\u00fa ante Venezuela Toda esta situaci\u00f3n viene siendo noticia hasta la fecha, luego del triunfo que logr\u00f3 la &#8216;Vinotinto&#8217; en Matur\u00edn sobre la &#8216;Bicolor&#8217;. M\u00e1s a\u00fan porque sobre el final del compromiso, el hist\u00f3rico delantero de la &#8216;Blanquirroja&#8217;,Paolo Guerrero hizo una airada declaraci\u00f3n debido a la pol\u00e9mica labor que tuvo el \u00e1rbitro Cristian Garay con toda la terna chilena. Al respecto, hace poco el directivo de la FPF,\u00a0Freddy Ames\u00a0decidi\u00f3 romper su silencio y responder a las declaraciones que emiti\u00f3 el &#8216;Depredador&#8217; para Movistar Deportes. En tal sentido, el tambi\u00e9n presidente de Deportivo Coopsol indic\u00f3 que no se le puede juzgar al referee principal por su nacionalidad ya que todos est\u00e1n a un nivel \u00abprofesional\u00bb. \u00abTodos los \u00e1rbitros est\u00e1n al nivel profesional. No se puede juzgar a un \u00e1rbitro por su nacionalidad. Los \u00e1rbitros son designados y hay que aceptar la designaci\u00f3n. Creo yo que el \u00e1rbitro cay\u00f3, no hizo el mejor trabajo, pero no por su nacionalidad. \u00bfUsted en alg\u00fan momento ha visto que ha cambiado el score despu\u00e9s de un partido realizado? Nunca, lo que s\u00ed es que estamos preocupados porque no actu\u00f3 como debi\u00f3 actuar. Yo reitero,\u00a0no tiene nada que ver con la nacionalidad\u00bb,\u00a0expres\u00f3 Ames para las c\u00e1maras de Am\u00e9rica Deportes. Por su parte, una vez m\u00e1s, Freddy Ames expres\u00f3 su disconformidad con la postura del capit\u00e1n de la &#8216;Bicolor&#8217;, quien en todo momento se mostr\u00f3 bastante furioso por las pol\u00e9micas decisiones del juez chileno.\u00a0\u00abNo, no estoy de acuerdo, porque vuelvo a decir, el desempe\u00f1o de un \u00e1rbitro no depende de la nacionalidad\u00bb,\u00a0acot\u00f3. Selecci\u00f3n peruana: \u00bfcu\u00e1ndo vuelve a jugar por las Eliminatorias 2026? El equipo de&nbsp;\u00d3scar Ib\u00e1\u00f1ez&nbsp;volver\u00e1 a la acci\u00f3n el 4 de junio por la jornada 14 de las Eliminatorias Copa del Mundo 2026. El rival ser\u00e1 la selecci\u00f3n colombiana de N\u00e9stor Lorenzo en un horario que a\u00fan deber\u00e1 confirmarse por la Conmebol.","og_url":"https:\/\/radiohuancayo.com.pe\/wp54\/directivo-de-la-fpf-dio-rotunda-respuesta-a-guerrero-tras-criticas-a-cristian-garay-no-tiene\/","og_site_name":"Radio Huancayo","article_published_time":"2025-03-28T22:31:04+00:00","article_modified_time":"2025-03-28T22:31:05+00:00","og_image":[{"width":652,"height":358,"url":"https:\/\/radiohuancayo.com.pe\/wp54\/wp-content\/uploads\/2025\/03\/image-22.png","type":"image\/png"}],"author":"Michel Sanchez","twitter_card":"summary_large_image","twitter_misc":{"Escrito por":"Michel Sanchez","Tiempo de lectura":"2 minutos"},"schema":{"@context":"https:\/\/schema.org","@graph":[{"@type":"Article","@id":"https:\/\/radiohuancayo.com.pe\/wp54\/directivo-de-la-fpf-dio-rotunda-respuesta-a-guerrero-tras-criticas-a-cristian-garay-no-tiene\/#article","isPartOf":{"@id":"https:\/\/radiohuancayo.com.pe\/wp54\/directivo-de-la-fpf-dio-rotunda-respuesta-a-guerrero-tras-criticas-a-cristian-garay-no-tiene\/"},"author":{"name":"Michel Sanchez","@id":"https:\/\/radiohuancayo.com.pe\/wp54\/#\/schema\/person\/74fb124dee9900c6f4d0535fa1d2b5ae"},"headline":"Directivo de la FPF dio rotunda respuesta a Guerrero tras cr\u00edticas a Cristian Garay: \u00abNo tiene&#8230;\u00bb","datePublished":"2025-03-28T22:31:04+00:00","dateModified":"2025-03-28T22:31:05+00:00","mainEntityOfPage":{"@id":"https:\/\/radiohuancayo.com.pe\/wp54\/directivo-de-la-fpf-dio-rotunda-respuesta-a-guerrero-tras-criticas-a-cristian-garay-no-tiene\/"},"wordCount":426,"commentCount":0,"publisher":{"@id":"https:\/\/radiohuancayo.com.pe\/wp54\/#organization"},"image":{"@id":"https:\/\/radiohuancayo.com.pe\/wp54\/directivo-de-la-fpf-dio-rotunda-respuesta-a-guerrero-tras-criticas-a-cristian-garay-no-tiene\/#primaryimage"},"thumbnailUrl":"https:\/\/radiohuancayo.com.pe\/wp54\/wp-content\/uploads\/2025\/03\/image-22.png","articleSection":["Deportes"],"inLanguage":"es","potentialAction":[{"@type":"CommentAction","name":"Comment","target":["https:\/\/radiohuancayo.com.pe\/wp54\/directivo-de-la-fpf-dio-rotunda-respuesta-a-guerrero-tras-criticas-a-cristian-garay-no-tiene\/#respond"]}]},{"@type":"WebPage","@id":"https:\/\/radiohuancayo.com.pe\/wp54\/directivo-de-la-fpf-dio-rotunda-respuesta-a-guerrero-tras-criticas-a-cristian-garay-no-tiene\/","url":"https:\/\/radiohuancayo.com.pe\/wp54\/directivo-de-la-fpf-dio-rotunda-respuesta-a-guerrero-tras-criticas-a-cristian-garay-no-tiene\/","name":"Directivo de la FPF dio rotunda respuesta a Guerrero tras cr\u00edticas a Cristian Garay: \"No tiene...\" - Radio Huancayo","isPartOf":{"@id":"https:\/\/radiohuancayo.com.pe\/wp54\/#website"},"primaryImageOfPage":{"@id":"https:\/\/radiohuancayo.com.pe\/wp54\/directivo-de-la-fpf-dio-rotunda-respuesta-a-guerrero-tras-criticas-a-cristian-garay-no-tiene\/#primaryimage"},"image":{"@id":"https:\/\/radiohuancayo.com.pe\/wp54\/directivo-de-la-fpf-dio-rotunda-respuesta-a-guerrero-tras-criticas-a-cristian-garay-no-tiene\/#primaryimage"},"thumbnailUrl":"https:\/\/radiohuancayo.com.pe\/wp54\/wp-content\/uploads\/2025\/03\/image-22.png","datePublished":"2025-03-28T22:31:04+00:00","dateModified":"2025-03-28T22:31:05+00:00","breadcrumb":{"@id":"https:\/\/radiohuancayo.com.pe\/wp54\/directivo-de-la-fpf-dio-rotunda-respuesta-a-guerrero-tras-criticas-a-cristian-garay-no-tiene\/#breadcrumb"},"inLanguage":"es","potentialAction":[{"@type":"ReadAction","target":["https:\/\/radiohuancayo.com.pe\/wp54\/directivo-de-la-fpf-dio-rotunda-respuesta-a-guerrero-tras-criticas-a-cristian-garay-no-tiene\/"]}]},{"@type":"ImageObject","inLanguage":"es","@id":"https:\/\/radiohuancayo.com.pe\/wp54\/directivo-de-la-fpf-dio-rotunda-respuesta-a-guerrero-tras-criticas-a-cristian-garay-no-tiene\/#primaryimage","url":"https:\/\/radiohuancayo.com.pe\/wp54\/wp-content\/uploads\/2025\/03\/image-22.png","contentUrl":"https:\/\/radiohuancayo.com.pe\/wp54\/wp-content\/uploads\/2025\/03\/image-22.png","width":652,"height":358},{"@type":"BreadcrumbList","@id":"https:\/\/radiohuancayo.com.pe\/wp54\/directivo-de-la-fpf-dio-rotunda-respuesta-a-guerrero-tras-criticas-a-cristian-garay-no-tiene\/#breadcrumb","itemListElement":[{"@type":"ListItem","position":1,"name":"Portada","item":"https:\/\/radiohuancayo.com.pe\/wp54\/"},{"@type":"ListItem","position":2,"name":"Directivo de la FPF dio rotunda respuesta a Guerrero tras cr\u00edticas a Cristian Garay: &#8220;No tiene&#8230;&#8221;"}]},{"@type":"WebSite","@id":"https:\/\/radiohuancayo.com.pe\/wp54\/#website","url":"https:\/\/radiohuancayo.com.pe\/wp54\/","name":"Radio Huancayo","description":"me gusta!!!","publisher":{"@id":"https:\/\/radiohuancayo.com.pe\/wp54\/#organization"},"potentialAction":[{"@type":"SearchAction","target":{"@type":"EntryPoint","urlTemplate":"https:\/\/radiohuancayo.com.pe\/wp54\/?s={search_term_string}"},"query-input":{"@type":"PropertyValueSpecification","valueRequired":true,"valueName":"search_term_string"}}],"inLanguage":"es"},{"@type":"Organization","@id":"https:\/\/radiohuancayo.com.pe\/wp54\/#organization","name":"Radio Huancayo","url":"https:\/\/radiohuancayo.com.pe\/wp54\/","logo":{"@type":"ImageObject","inLanguage":"es","@id":"https:\/\/radiohuancayo.com.pe\/wp54\/#\/schema\/logo\/image\/","url":"https:\/\/radiohuancayo.com.pe\/wp54\/wp-content\/uploads\/2022\/04\/CABE01.png","contentUrl":"https:\/\/radiohuancayo.com.pe\/wp54\/wp-content\/uploads\/2022\/04\/CABE01.png","width":1640,"height":300,"caption":"Radio Huancayo"},"image":{"@id":"https:\/\/radiohuancayo.com.pe\/wp54\/#\/schema\/logo\/image\/"}},{"@type":"Person","@id":"https:\/\/radiohuancayo.com.pe\/wp54\/#\/schema\/person\/74fb124dee9900c6f4d0535fa1d2b5ae","name":"Michel Sanchez","image":{"@type":"ImageObject","inLanguage":"es","@id":"https:\/\/secure.gravatar.com\/avatar\/f7f6944c01b3f15a174d0cf055aea75c46697913fc8a9cf5c3cf3e8800c645f6?s=96&d=mm&r=g","url":"https:\/\/secure.gravatar.com\/avatar\/f7f6944c01b3f15a174d0cf055aea75c46697913fc8a9cf5c3cf3e8800c645f6?s=96&d=mm&r=g","contentUrl":"https:\/\/secure.gravatar.com\/avatar\/f7f6944c01b3f15a174d0cf055aea75c46697913fc8a9cf5c3cf3e8800c645f6?s=96&d=mm&r=g","caption":"Michel Sanchez"},"url":"https:\/\/radiohuancayo.com.pe\/wp54\/author\/memoris\/"}]}},"_links":{"self":[{"href":"https:\/\/radiohuancayo.com.pe\/wp54\/wp-json\/wp\/v2\/posts\/29857","targetHints":{"allow":["GET"]}}],"collection":[{"href":"https:\/\/radiohuancayo.com.pe\/wp54\/wp-json\/wp\/v2\/posts"}],"about":[{"href":"https:\/\/radiohuancayo.com.pe\/wp54\/wp-json\/wp\/v2\/types\/post"}],"author":[{"embeddable":true,"href":"https:\/\/radiohuancayo.com.pe\/wp54\/wp-json\/wp\/v2\/users\/2"}],"replies":[{"embeddable":true,"href":"https:\/\/radiohuancayo.com.pe\/wp54\/wp-json\/wp\/v2\/comments?post=29857"}],"version-history":[{"count":1,"href":"https:\/\/radiohuancayo.com.pe\/wp54\/wp-json\/wp\/v2\/posts\/29857\/revisions"}],"predecessor-version":[{"id":29859,"href":"https:\/\/radiohuancayo.com.pe\/wp54\/wp-json\/wp\/v2\/posts\/29857\/revisions\/29859"}],"wp:featuredmedia":[{"embeddable":true,"href":"https:\/\/radiohuancayo.com.pe\/wp54\/wp-json\/wp\/v2\/media\/29858"}],"wp:attachment":[{"href":"https:\/\/radiohuancayo.com.pe\/wp54\/wp-json\/wp\/v2\/media?parent=29857"}],"wp:term":[{"taxonomy":"category","embeddable":true,"href":"https:\/\/radiohuancayo.com.pe\/wp54\/wp-json\/wp\/v2\/categories?post=29857"},{"taxonomy":"post_tag","embeddable":true,"href":"https:\/\/radiohuancayo.com.pe\/wp54\/wp-json\/wp\/v2\/tags?post=29857"}],"curies":[{"name":"wp","href":"https:\/\/api.w.org\/{rel}","templated":true}]}}