{"id":29910,"date":"2025-04-09T14:39:28","date_gmt":"2025-04-09T19:39:28","guid":{"rendered":"https:\/\/radiohuancayo.com.pe\/wp54\/?p=29910"},"modified":"2025-04-09T14:39:29","modified_gmt":"2025-04-09T19:39:29","slug":"kimberly-garcia-lista-para-brillar-en-el-gran-premio-internacional-de-rio-maior","status":"publish","type":"post","link":"https:\/\/radiohuancayo.com.pe\/wp54\/kimberly-garcia-lista-para-brillar-en-el-gran-premio-internacional-de-rio-maior\/","title":{"rendered":"\u00a1Kimberly Garc\u00eda lista para brillar en el Gran Premio Internacional de R\u00edo Maior!"},"content":{"rendered":"\n<p>La marchista nacional y las dos veces campeona mundial, Kimberly Garc\u00eda, revalidar\u00e1 su titulo del Gran Premio Internacional de R\u00edo Maior en Portugal, a realizarse el s\u00e1bado 12 de abril, en los 20kms, esta ser\u00e1 su segundo compromiso internacional de la temporada que iniciara en Eslovaquia donde fue segunda.<\/p>\n\n\n\n<p>La Campeona del Mundo en las pruebas de 20 km y 35 km en el a\u00f1o 2022, el a\u00f1o pasado obtuvo el t\u00edtulo del certamen en tres ocasiones en el 2017, 2022 y en el 2024, lo que la convierte para los organizadores como una de las grandes favoritas.<\/p>\n\n\n\n<p>Despu\u00e9s de una actuaci\u00f3n sobresaliente en 2024, Kimberly est\u00e1 decidida a alcanzar el titulo en este 2025.<\/p>\n","protected":false},"excerpt":{"rendered":"<p>La marchista nacional y las dos veces campeona mundial, Kimberly Garc\u00eda, revalidar\u00e1 su titulo del Gran Premio Internacional de R\u00edo Maior en Portugal, a realizarse el s\u00e1bado 12 de abril, en los 20kms, esta ser\u00e1 su segundo compromiso internacional de la temporada que iniciara en Eslovaquia donde fue segunda. La Campeona del Mundo en las pruebas de 20 km y 35 km en el a\u00f1o 2022, el a\u00f1o pasado obtuvo el t\u00edtulo del certamen en tres ocasiones en el 2017, 2022 y en el 2024, lo que la convierte para los organizadores como una de las grandes favoritas. Despu\u00e9s de una actuaci\u00f3n sobresaliente en 2024, Kimberly est\u00e1 decidida a alcanzar el titulo en este 2025.<\/p>\n","protected":false},"author":1,"featured_media":29911,"comment_status":"open","ping_status":"open","sticky":false,"template":"","format":"standard","meta":{"footnotes":""},"categories":[7,22],"tags":[],"class_list":["post-29910","post","type-post","status-publish","format-standard","has-post-thumbnail","hentry","category-deportes","category-portada"],"yoast_head":"<!-- This site is optimized with the Yoast SEO plugin v27.5 - https:\/\/yoast.com\/product\/yoast-seo-wordpress\/ -->\n<title>\u00a1Kimberly Garc\u00eda lista para brillar en el Gran Premio Internacional de R\u00edo Maior! - Radio Huancayo<\/title>\n<meta name=\"robots\" content=\"index, follow, max-snippet:-1, max-image-preview:large, max-video-preview:-1\" \/>\n<link rel=\"canonical\" href=\"https:\/\/radiohuancayo.com.pe\/wp54\/kimberly-garcia-lista-para-brillar-en-el-gran-premio-internacional-de-rio-maior\/\" \/>\n<meta property=\"og:locale\" content=\"es_ES\" \/>\n<meta property=\"og:type\" content=\"article\" \/>\n<meta property=\"og:title\" content=\"\u00a1Kimberly Garc\u00eda lista para brillar en el Gran Premio Internacional de R\u00edo Maior! - Radio Huancayo\" \/>\n<meta property=\"og:description\" content=\"La marchista nacional y las dos veces campeona mundial, Kimberly Garc\u00eda, revalidar\u00e1 su titulo del Gran Premio Internacional de R\u00edo Maior en Portugal, a realizarse el s\u00e1bado 12 de abril, en los 20kms, esta ser\u00e1 su segundo compromiso internacional de la temporada que iniciara en Eslovaquia donde fue segunda. La Campeona del Mundo en las pruebas de 20 km y 35 km en el a\u00f1o 2022, el a\u00f1o pasado obtuvo el t\u00edtulo del certamen en tres ocasiones en el 2017, 2022 y en el 2024, lo que la convierte para los organizadores como una de las grandes favoritas. Despu\u00e9s de una actuaci\u00f3n sobresaliente en 2024, Kimberly est\u00e1 decidida a alcanzar el titulo en este 2025.\" \/>\n<meta property=\"og:url\" content=\"https:\/\/radiohuancayo.com.pe\/wp54\/kimberly-garcia-lista-para-brillar-en-el-gran-premio-internacional-de-rio-maior\/\" \/>\n<meta property=\"og:site_name\" content=\"Radio Huancayo\" \/>\n<meta property=\"article:published_time\" content=\"2025-04-09T19:39:28+00:00\" \/>\n<meta property=\"article:modified_time\" content=\"2025-04-09T19:39:29+00:00\" \/>\n<meta property=\"og:image\" content=\"https:\/\/radiohuancayo.com.pe\/wp54\/wp-content\/uploads\/2025\/04\/image-13.png\" \/>\n\t<meta property=\"og:image:width\" content=\"800\" \/>\n\t<meta property=\"og:image:height\" content=\"382\" \/>\n\t<meta property=\"og:image:type\" content=\"image\/png\" \/>\n<meta name=\"author\" content=\"admin\" \/>\n<meta name=\"twitter:card\" content=\"summary_large_image\" \/>\n<meta name=\"twitter:label1\" content=\"Escrito por\" \/>\n\t<meta name=\"twitter:data1\" content=\"admin\" \/>\n\t<meta name=\"twitter:label2\" content=\"Tiempo de lectura\" \/>\n\t<meta name=\"twitter:data2\" content=\"1 minuto\" \/>\n<script type=\"application\/ld+json\" class=\"yoast-schema-graph\">{\"@context\":\"https:\\\/\\\/schema.org\",\"@graph\":[{\"@type\":\"Article\",\"@id\":\"https:\\\/\\\/radiohuancayo.com.pe\\\/wp54\\\/kimberly-garcia-lista-para-brillar-en-el-gran-premio-internacional-de-rio-maior\\\/#article\",\"isPartOf\":{\"@id\":\"https:\\\/\\\/radiohuancayo.com.pe\\\/wp54\\\/kimberly-garcia-lista-para-brillar-en-el-gran-premio-internacional-de-rio-maior\\\/\"},\"author\":{\"name\":\"admin\",\"@id\":\"https:\\\/\\\/radiohuancayo.com.pe\\\/wp54\\\/#\\\/schema\\\/person\\\/53e7c63df918deff345a30606cbf878c\"},\"headline\":\"\u00a1Kimberly Garc\u00eda lista para brillar en el Gran Premio Internacional de R\u00edo Maior!\",\"datePublished\":\"2025-04-09T19:39:28+00:00\",\"dateModified\":\"2025-04-09T19:39:29+00:00\",\"mainEntityOfPage\":{\"@id\":\"https:\\\/\\\/radiohuancayo.com.pe\\\/wp54\\\/kimberly-garcia-lista-para-brillar-en-el-gran-premio-internacional-de-rio-maior\\\/\"},\"wordCount\":129,\"commentCount\":0,\"publisher\":{\"@id\":\"https:\\\/\\\/radiohuancayo.com.pe\\\/wp54\\\/#organization\"},\"image\":{\"@id\":\"https:\\\/\\\/radiohuancayo.com.pe\\\/wp54\\\/kimberly-garcia-lista-para-brillar-en-el-gran-premio-internacional-de-rio-maior\\\/#primaryimage\"},\"thumbnailUrl\":\"https:\\\/\\\/radiohuancayo.com.pe\\\/wp54\\\/wp-content\\\/uploads\\\/2025\\\/04\\\/image-13.png\",\"articleSection\":[\"Deportes\",\"Portada\"],\"inLanguage\":\"es\",\"potentialAction\":[{\"@type\":\"CommentAction\",\"name\":\"Comment\",\"target\":[\"https:\\\/\\\/radiohuancayo.com.pe\\\/wp54\\\/kimberly-garcia-lista-para-brillar-en-el-gran-premio-internacional-de-rio-maior\\\/#respond\"]}]},{\"@type\":\"WebPage\",\"@id\":\"https:\\\/\\\/radiohuancayo.com.pe\\\/wp54\\\/kimberly-garcia-lista-para-brillar-en-el-gran-premio-internacional-de-rio-maior\\\/\",\"url\":\"https:\\\/\\\/radiohuancayo.com.pe\\\/wp54\\\/kimberly-garcia-lista-para-brillar-en-el-gran-premio-internacional-de-rio-maior\\\/\",\"name\":\"\u00a1Kimberly Garc\u00eda lista para brillar en el Gran Premio Internacional de R\u00edo Maior! - Radio Huancayo\",\"isPartOf\":{\"@id\":\"https:\\\/\\\/radiohuancayo.com.pe\\\/wp54\\\/#website\"},\"primaryImageOfPage\":{\"@id\":\"https:\\\/\\\/radiohuancayo.com.pe\\\/wp54\\\/kimberly-garcia-lista-para-brillar-en-el-gran-premio-internacional-de-rio-maior\\\/#primaryimage\"},\"image\":{\"@id\":\"https:\\\/\\\/radiohuancayo.com.pe\\\/wp54\\\/kimberly-garcia-lista-para-brillar-en-el-gran-premio-internacional-de-rio-maior\\\/#primaryimage\"},\"thumbnailUrl\":\"https:\\\/\\\/radiohuancayo.com.pe\\\/wp54\\\/wp-content\\\/uploads\\\/2025\\\/04\\\/image-13.png\",\"datePublished\":\"2025-04-09T19:39:28+00:00\",\"dateModified\":\"2025-04-09T19:39:29+00:00\",\"breadcrumb\":{\"@id\":\"https:\\\/\\\/radiohuancayo.com.pe\\\/wp54\\\/kimberly-garcia-lista-para-brillar-en-el-gran-premio-internacional-de-rio-maior\\\/#breadcrumb\"},\"inLanguage\":\"es\",\"potentialAction\":[{\"@type\":\"ReadAction\",\"target\":[\"https:\\\/\\\/radiohuancayo.com.pe\\\/wp54\\\/kimberly-garcia-lista-para-brillar-en-el-gran-premio-internacional-de-rio-maior\\\/\"]}]},{\"@type\":\"ImageObject\",\"inLanguage\":\"es\",\"@id\":\"https:\\\/\\\/radiohuancayo.com.pe\\\/wp54\\\/kimberly-garcia-lista-para-brillar-en-el-gran-premio-internacional-de-rio-maior\\\/#primaryimage\",\"url\":\"https:\\\/\\\/radiohuancayo.com.pe\\\/wp54\\\/wp-content\\\/uploads\\\/2025\\\/04\\\/image-13.png\",\"contentUrl\":\"https:\\\/\\\/radiohuancayo.com.pe\\\/wp54\\\/wp-content\\\/uploads\\\/2025\\\/04\\\/image-13.png\",\"width\":800,\"height\":382},{\"@type\":\"BreadcrumbList\",\"@id\":\"https:\\\/\\\/radiohuancayo.com.pe\\\/wp54\\\/kimberly-garcia-lista-para-brillar-en-el-gran-premio-internacional-de-rio-maior\\\/#breadcrumb\",\"itemListElement\":[{\"@type\":\"ListItem\",\"position\":1,\"name\":\"Portada\",\"item\":\"https:\\\/\\\/radiohuancayo.com.pe\\\/wp54\\\/\"},{\"@type\":\"ListItem\",\"position\":2,\"name\":\"\u00a1Kimberly Garc\u00eda lista para brillar en el Gran Premio Internacional de R\u00edo Maior!\"}]},{\"@type\":\"WebSite\",\"@id\":\"https:\\\/\\\/radiohuancayo.com.pe\\\/wp54\\\/#website\",\"url\":\"https:\\\/\\\/radiohuancayo.com.pe\\\/wp54\\\/\",\"name\":\"Radio Huancayo\",\"description\":\"me gusta!!!\",\"publisher\":{\"@id\":\"https:\\\/\\\/radiohuancayo.com.pe\\\/wp54\\\/#organization\"},\"potentialAction\":[{\"@type\":\"SearchAction\",\"target\":{\"@type\":\"EntryPoint\",\"urlTemplate\":\"https:\\\/\\\/radiohuancayo.com.pe\\\/wp54\\\/?s={search_term_string}\"},\"query-input\":{\"@type\":\"PropertyValueSpecification\",\"valueRequired\":true,\"valueName\":\"search_term_string\"}}],\"inLanguage\":\"es\"},{\"@type\":\"Organization\",\"@id\":\"https:\\\/\\\/radiohuancayo.com.pe\\\/wp54\\\/#organization\",\"name\":\"Radio Huancayo\",\"url\":\"https:\\\/\\\/radiohuancayo.com.pe\\\/wp54\\\/\",\"logo\":{\"@type\":\"ImageObject\",\"inLanguage\":\"es\",\"@id\":\"https:\\\/\\\/radiohuancayo.com.pe\\\/wp54\\\/#\\\/schema\\\/logo\\\/image\\\/\",\"url\":\"https:\\\/\\\/radiohuancayo.com.pe\\\/wp54\\\/wp-content\\\/uploads\\\/2022\\\/04\\\/CABE01.png\",\"contentUrl\":\"https:\\\/\\\/radiohuancayo.com.pe\\\/wp54\\\/wp-content\\\/uploads\\\/2022\\\/04\\\/CABE01.png\",\"width\":1640,\"height\":300,\"caption\":\"Radio Huancayo\"},\"image\":{\"@id\":\"https:\\\/\\\/radiohuancayo.com.pe\\\/wp54\\\/#\\\/schema\\\/logo\\\/image\\\/\"}},{\"@type\":\"Person\",\"@id\":\"https:\\\/\\\/radiohuancayo.com.pe\\\/wp54\\\/#\\\/schema\\\/person\\\/53e7c63df918deff345a30606cbf878c\",\"name\":\"admin\",\"image\":{\"@type\":\"ImageObject\",\"inLanguage\":\"es\",\"@id\":\"https:\\\/\\\/secure.gravatar.com\\\/avatar\\\/3d9af84154e8f14d0ba4f62aa2abc4fcd3ee42a1c034539c08ef7c5615f414cb?s=96&d=mm&r=g\",\"url\":\"https:\\\/\\\/secure.gravatar.com\\\/avatar\\\/3d9af84154e8f14d0ba4f62aa2abc4fcd3ee42a1c034539c08ef7c5615f414cb?s=96&d=mm&r=g\",\"contentUrl\":\"https:\\\/\\\/secure.gravatar.com\\\/avatar\\\/3d9af84154e8f14d0ba4f62aa2abc4fcd3ee42a1c034539c08ef7c5615f414cb?s=96&d=mm&r=g\",\"caption\":\"admin\"},\"sameAs\":[\"https:\\\/\\\/radiohuancayo.com.pe\\\/wp54\"],\"url\":\"https:\\\/\\\/radiohuancayo.com.pe\\\/wp54\\\/author\\\/admin\\\/\"}]}<\/script>\n<!-- \/ Yoast SEO plugin. -->","yoast_head_json":{"title":"\u00a1Kimberly Garc\u00eda lista para brillar en el Gran Premio Internacional de R\u00edo Maior! - Radio Huancayo","robots":{"index":"index","follow":"follow","max-snippet":"max-snippet:-1","max-image-preview":"max-image-preview:large","max-video-preview":"max-video-preview:-1"},"canonical":"https:\/\/radiohuancayo.com.pe\/wp54\/kimberly-garcia-lista-para-brillar-en-el-gran-premio-internacional-de-rio-maior\/","og_locale":"es_ES","og_type":"article","og_title":"\u00a1Kimberly Garc\u00eda lista para brillar en el Gran Premio Internacional de R\u00edo Maior! - Radio Huancayo","og_description":"La marchista nacional y las dos veces campeona mundial, Kimberly Garc\u00eda, revalidar\u00e1 su titulo del Gran Premio Internacional de R\u00edo Maior en Portugal, a realizarse el s\u00e1bado 12 de abril, en los 20kms, esta ser\u00e1 su segundo compromiso internacional de la temporada que iniciara en Eslovaquia donde fue segunda. La Campeona del Mundo en las pruebas de 20 km y 35 km en el a\u00f1o 2022, el a\u00f1o pasado obtuvo el t\u00edtulo del certamen en tres ocasiones en el 2017, 2022 y en el 2024, lo que la convierte para los organizadores como una de las grandes favoritas. Despu\u00e9s de una actuaci\u00f3n sobresaliente en 2024, Kimberly est\u00e1 decidida a alcanzar el titulo en este 2025.","og_url":"https:\/\/radiohuancayo.com.pe\/wp54\/kimberly-garcia-lista-para-brillar-en-el-gran-premio-internacional-de-rio-maior\/","og_site_name":"Radio Huancayo","article_published_time":"2025-04-09T19:39:28+00:00","article_modified_time":"2025-04-09T19:39:29+00:00","og_image":[{"width":800,"height":382,"url":"https:\/\/radiohuancayo.com.pe\/wp54\/wp-content\/uploads\/2025\/04\/image-13.png","type":"image\/png"}],"author":"admin","twitter_card":"summary_large_image","twitter_misc":{"Escrito por":"admin","Tiempo de lectura":"1 minuto"},"schema":{"@context":"https:\/\/schema.org","@graph":[{"@type":"Article","@id":"https:\/\/radiohuancayo.com.pe\/wp54\/kimberly-garcia-lista-para-brillar-en-el-gran-premio-internacional-de-rio-maior\/#article","isPartOf":{"@id":"https:\/\/radiohuancayo.com.pe\/wp54\/kimberly-garcia-lista-para-brillar-en-el-gran-premio-internacional-de-rio-maior\/"},"author":{"name":"admin","@id":"https:\/\/radiohuancayo.com.pe\/wp54\/#\/schema\/person\/53e7c63df918deff345a30606cbf878c"},"headline":"\u00a1Kimberly Garc\u00eda lista para brillar en el Gran Premio Internacional de R\u00edo Maior!","datePublished":"2025-04-09T19:39:28+00:00","dateModified":"2025-04-09T19:39:29+00:00","mainEntityOfPage":{"@id":"https:\/\/radiohuancayo.com.pe\/wp54\/kimberly-garcia-lista-para-brillar-en-el-gran-premio-internacional-de-rio-maior\/"},"wordCount":129,"commentCount":0,"publisher":{"@id":"https:\/\/radiohuancayo.com.pe\/wp54\/#organization"},"image":{"@id":"https:\/\/radiohuancayo.com.pe\/wp54\/kimberly-garcia-lista-para-brillar-en-el-gran-premio-internacional-de-rio-maior\/#primaryimage"},"thumbnailUrl":"https:\/\/radiohuancayo.com.pe\/wp54\/wp-content\/uploads\/2025\/04\/image-13.png","articleSection":["Deportes","Portada"],"inLanguage":"es","potentialAction":[{"@type":"CommentAction","name":"Comment","target":["https:\/\/radiohuancayo.com.pe\/wp54\/kimberly-garcia-lista-para-brillar-en-el-gran-premio-internacional-de-rio-maior\/#respond"]}]},{"@type":"WebPage","@id":"https:\/\/radiohuancayo.com.pe\/wp54\/kimberly-garcia-lista-para-brillar-en-el-gran-premio-internacional-de-rio-maior\/","url":"https:\/\/radiohuancayo.com.pe\/wp54\/kimberly-garcia-lista-para-brillar-en-el-gran-premio-internacional-de-rio-maior\/","name":"\u00a1Kimberly Garc\u00eda lista para brillar en el Gran Premio Internacional de R\u00edo Maior! - Radio Huancayo","isPartOf":{"@id":"https:\/\/radiohuancayo.com.pe\/wp54\/#website"},"primaryImageOfPage":{"@id":"https:\/\/radiohuancayo.com.pe\/wp54\/kimberly-garcia-lista-para-brillar-en-el-gran-premio-internacional-de-rio-maior\/#primaryimage"},"image":{"@id":"https:\/\/radiohuancayo.com.pe\/wp54\/kimberly-garcia-lista-para-brillar-en-el-gran-premio-internacional-de-rio-maior\/#primaryimage"},"thumbnailUrl":"https:\/\/radiohuancayo.com.pe\/wp54\/wp-content\/uploads\/2025\/04\/image-13.png","datePublished":"2025-04-09T19:39:28+00:00","dateModified":"2025-04-09T19:39:29+00:00","breadcrumb":{"@id":"https:\/\/radiohuancayo.com.pe\/wp54\/kimberly-garcia-lista-para-brillar-en-el-gran-premio-internacional-de-rio-maior\/#breadcrumb"},"inLanguage":"es","potentialAction":[{"@type":"ReadAction","target":["https:\/\/radiohuancayo.com.pe\/wp54\/kimberly-garcia-lista-para-brillar-en-el-gran-premio-internacional-de-rio-maior\/"]}]},{"@type":"ImageObject","inLanguage":"es","@id":"https:\/\/radiohuancayo.com.pe\/wp54\/kimberly-garcia-lista-para-brillar-en-el-gran-premio-internacional-de-rio-maior\/#primaryimage","url":"https:\/\/radiohuancayo.com.pe\/wp54\/wp-content\/uploads\/2025\/04\/image-13.png","contentUrl":"https:\/\/radiohuancayo.com.pe\/wp54\/wp-content\/uploads\/2025\/04\/image-13.png","width":800,"height":382},{"@type":"BreadcrumbList","@id":"https:\/\/radiohuancayo.com.pe\/wp54\/kimberly-garcia-lista-para-brillar-en-el-gran-premio-internacional-de-rio-maior\/#breadcrumb","itemListElement":[{"@type":"ListItem","position":1,"name":"Portada","item":"https:\/\/radiohuancayo.com.pe\/wp54\/"},{"@type":"ListItem","position":2,"name":"\u00a1Kimberly Garc\u00eda lista para brillar en el Gran Premio Internacional de R\u00edo Maior!"}]},{"@type":"WebSite","@id":"https:\/\/radiohuancayo.com.pe\/wp54\/#website","url":"https:\/\/radiohuancayo.com.pe\/wp54\/","name":"Radio Huancayo","description":"me gusta!!!","publisher":{"@id":"https:\/\/radiohuancayo.com.pe\/wp54\/#organization"},"potentialAction":[{"@type":"SearchAction","target":{"@type":"EntryPoint","urlTemplate":"https:\/\/radiohuancayo.com.pe\/wp54\/?s={search_term_string}"},"query-input":{"@type":"PropertyValueSpecification","valueRequired":true,"valueName":"search_term_string"}}],"inLanguage":"es"},{"@type":"Organization","@id":"https:\/\/radiohuancayo.com.pe\/wp54\/#organization","name":"Radio Huancayo","url":"https:\/\/radiohuancayo.com.pe\/wp54\/","logo":{"@type":"ImageObject","inLanguage":"es","@id":"https:\/\/radiohuancayo.com.pe\/wp54\/#\/schema\/logo\/image\/","url":"https:\/\/radiohuancayo.com.pe\/wp54\/wp-content\/uploads\/2022\/04\/CABE01.png","contentUrl":"https:\/\/radiohuancayo.com.pe\/wp54\/wp-content\/uploads\/2022\/04\/CABE01.png","width":1640,"height":300,"caption":"Radio Huancayo"},"image":{"@id":"https:\/\/radiohuancayo.com.pe\/wp54\/#\/schema\/logo\/image\/"}},{"@type":"Person","@id":"https:\/\/radiohuancayo.com.pe\/wp54\/#\/schema\/person\/53e7c63df918deff345a30606cbf878c","name":"admin","image":{"@type":"ImageObject","inLanguage":"es","@id":"https:\/\/secure.gravatar.com\/avatar\/3d9af84154e8f14d0ba4f62aa2abc4fcd3ee42a1c034539c08ef7c5615f414cb?s=96&d=mm&r=g","url":"https:\/\/secure.gravatar.com\/avatar\/3d9af84154e8f14d0ba4f62aa2abc4fcd3ee42a1c034539c08ef7c5615f414cb?s=96&d=mm&r=g","contentUrl":"https:\/\/secure.gravatar.com\/avatar\/3d9af84154e8f14d0ba4f62aa2abc4fcd3ee42a1c034539c08ef7c5615f414cb?s=96&d=mm&r=g","caption":"admin"},"sameAs":["https:\/\/radiohuancayo.com.pe\/wp54"],"url":"https:\/\/radiohuancayo.com.pe\/wp54\/author\/admin\/"}]}},"_links":{"self":[{"href":"https:\/\/radiohuancayo.com.pe\/wp54\/wp-json\/wp\/v2\/posts\/29910","targetHints":{"allow":["GET"]}}],"collection":[{"href":"https:\/\/radiohuancayo.com.pe\/wp54\/wp-json\/wp\/v2\/posts"}],"about":[{"href":"https:\/\/radiohuancayo.com.pe\/wp54\/wp-json\/wp\/v2\/types\/post"}],"author":[{"embeddable":true,"href":"https:\/\/radiohuancayo.com.pe\/wp54\/wp-json\/wp\/v2\/users\/1"}],"replies":[{"embeddable":true,"href":"https:\/\/radiohuancayo.com.pe\/wp54\/wp-json\/wp\/v2\/comments?post=29910"}],"version-history":[{"count":1,"href":"https:\/\/radiohuancayo.com.pe\/wp54\/wp-json\/wp\/v2\/posts\/29910\/revisions"}],"predecessor-version":[{"id":29912,"href":"https:\/\/radiohuancayo.com.pe\/wp54\/wp-json\/wp\/v2\/posts\/29910\/revisions\/29912"}],"wp:featuredmedia":[{"embeddable":true,"href":"https:\/\/radiohuancayo.com.pe\/wp54\/wp-json\/wp\/v2\/media\/29911"}],"wp:attachment":[{"href":"https:\/\/radiohuancayo.com.pe\/wp54\/wp-json\/wp\/v2\/media?parent=29910"}],"wp:term":[{"taxonomy":"category","embeddable":true,"href":"https:\/\/radiohuancayo.com.pe\/wp54\/wp-json\/wp\/v2\/categories?post=29910"},{"taxonomy":"post_tag","embeddable":true,"href":"https:\/\/radiohuancayo.com.pe\/wp54\/wp-json\/wp\/v2\/tags?post=29910"}],"curies":[{"name":"wp","href":"https:\/\/api.w.org\/{rel}","templated":true}]}}