{"id":29924,"date":"2025-04-11T10:44:43","date_gmt":"2025-04-11T15:44:43","guid":{"rendered":"https:\/\/radiohuancayo.com.pe\/wp54\/?p=29924"},"modified":"2025-04-11T10:44:44","modified_gmt":"2025-04-11T15:44:44","slug":"con-gol-de-serna-fluminense-goleo-en-la-sudamericana","status":"publish","type":"post","link":"https:\/\/radiohuancayo.com.pe\/wp54\/con-gol-de-serna-fluminense-goleo-en-la-sudamericana\/","title":{"rendered":"Con gol de Serna, Fluminense gole\u00f3 en la Sudamericana"},"content":{"rendered":"\n<p>ompletando la segunda fecha del Grupo F, Fluminense no tuvo piedad del GV San Jos\u00e9 y lo vapule\u00f3 como local por 5-0, con Kevin Serna e Ignacio Da Silva como titulares.<\/p>\n\n\n\n<p>El &#8216;Flu&#8217; ven\u00eda de ganarle en Colombia al Once Caldas y anhelaba debutar con el pie derecho en casa, mientras GV San Jos\u00e9 hab\u00eda salvado un empate como local. Los brasile\u00f1os marcaron por medio de un doblete de Everaldo (20&#8242; y 43&#8242;), otro de Germ\u00e1n Cano (72&#8242; y 78&#8242;) y el tercer gol lo hizo el colombiano Kevin Serna a los 58&#8242;, tras aprovechar un rebote.<\/p>\n\n\n\n<p>En la pr\u00f3xima jornada, Fluminense visitar\u00e1 al Uni\u00f3n Espa\u00f1ola de Chile, mientras GV San Jos\u00e9 buscar\u00e1 triunfar en casa frente al Once Caldas.<\/p>\n","protected":false},"excerpt":{"rendered":"<p>ompletando la segunda fecha del Grupo F, Fluminense no tuvo piedad del GV San Jos\u00e9 y lo vapule\u00f3 como local por 5-0, con Kevin Serna e Ignacio Da Silva como titulares. El &#8216;Flu&#8217; ven\u00eda de ganarle en Colombia al Once Caldas y anhelaba debutar con el pie derecho en casa, mientras GV San Jos\u00e9 hab\u00eda salvado un empate como local. Los brasile\u00f1os marcaron por medio de un doblete de Everaldo (20&#8242; y 43&#8242;), otro de Germ\u00e1n Cano (72&#8242; y 78&#8242;) y el tercer gol lo hizo el colombiano Kevin Serna a los 58&#8242;, tras aprovechar un rebote. En la pr\u00f3xima jornada, Fluminense visitar\u00e1 al Uni\u00f3n Espa\u00f1ola de Chile, mientras GV San Jos\u00e9 buscar\u00e1 triunfar en casa frente al Once Caldas.<\/p>\n","protected":false},"author":2,"featured_media":29925,"comment_status":"open","ping_status":"open","sticky":false,"template":"","format":"standard","meta":{"footnotes":""},"categories":[7],"tags":[],"class_list":["post-29924","post","type-post","status-publish","format-standard","has-post-thumbnail","hentry","category-deportes"],"yoast_head":"<!-- This site is optimized with the Yoast SEO plugin v27.5 - https:\/\/yoast.com\/product\/yoast-seo-wordpress\/ -->\n<title>Con gol de Serna, Fluminense gole\u00f3 en la Sudamericana - Radio Huancayo<\/title>\n<meta name=\"robots\" content=\"index, follow, max-snippet:-1, max-image-preview:large, max-video-preview:-1\" \/>\n<link rel=\"canonical\" href=\"https:\/\/radiohuancayo.com.pe\/wp54\/con-gol-de-serna-fluminense-goleo-en-la-sudamericana\/\" \/>\n<meta property=\"og:locale\" content=\"es_ES\" \/>\n<meta property=\"og:type\" content=\"article\" \/>\n<meta property=\"og:title\" content=\"Con gol de Serna, Fluminense gole\u00f3 en la Sudamericana - Radio Huancayo\" \/>\n<meta property=\"og:description\" content=\"ompletando la segunda fecha del Grupo F, Fluminense no tuvo piedad del GV San Jos\u00e9 y lo vapule\u00f3 como local por 5-0, con Kevin Serna e Ignacio Da Silva como titulares. El &#8216;Flu&#8217; ven\u00eda de ganarle en Colombia al Once Caldas y anhelaba debutar con el pie derecho en casa, mientras GV San Jos\u00e9 hab\u00eda salvado un empate como local. Los brasile\u00f1os marcaron por medio de un doblete de Everaldo (20&#8242; y 43&#8242;), otro de Germ\u00e1n Cano (72&#8242; y 78&#8242;) y el tercer gol lo hizo el colombiano Kevin Serna a los 58&#8242;, tras aprovechar un rebote. En la pr\u00f3xima jornada, Fluminense visitar\u00e1 al Uni\u00f3n Espa\u00f1ola de Chile, mientras GV San Jos\u00e9 buscar\u00e1 triunfar en casa frente al Once Caldas.\" \/>\n<meta property=\"og:url\" content=\"https:\/\/radiohuancayo.com.pe\/wp54\/con-gol-de-serna-fluminense-goleo-en-la-sudamericana\/\" \/>\n<meta property=\"og:site_name\" content=\"Radio Huancayo\" \/>\n<meta property=\"article:published_time\" content=\"2025-04-11T15:44:43+00:00\" \/>\n<meta property=\"article:modified_time\" content=\"2025-04-11T15:44:44+00:00\" \/>\n<meta property=\"og:image\" content=\"https:\/\/radiohuancayo.com.pe\/wp54\/wp-content\/uploads\/2025\/04\/image-17.png\" \/>\n\t<meta property=\"og:image:width\" content=\"1200\" \/>\n\t<meta property=\"og:image:height\" content=\"630\" \/>\n\t<meta property=\"og:image:type\" content=\"image\/png\" \/>\n<meta name=\"author\" content=\"Michel Sanchez\" \/>\n<meta name=\"twitter:card\" content=\"summary_large_image\" \/>\n<meta name=\"twitter:label1\" content=\"Escrito por\" \/>\n\t<meta name=\"twitter:data1\" content=\"Michel Sanchez\" \/>\n\t<meta name=\"twitter:label2\" content=\"Tiempo de lectura\" \/>\n\t<meta name=\"twitter:data2\" content=\"1 minuto\" \/>\n<script type=\"application\/ld+json\" class=\"yoast-schema-graph\">{\"@context\":\"https:\\\/\\\/schema.org\",\"@graph\":[{\"@type\":\"Article\",\"@id\":\"https:\\\/\\\/radiohuancayo.com.pe\\\/wp54\\\/con-gol-de-serna-fluminense-goleo-en-la-sudamericana\\\/#article\",\"isPartOf\":{\"@id\":\"https:\\\/\\\/radiohuancayo.com.pe\\\/wp54\\\/con-gol-de-serna-fluminense-goleo-en-la-sudamericana\\\/\"},\"author\":{\"name\":\"Michel Sanchez\",\"@id\":\"https:\\\/\\\/radiohuancayo.com.pe\\\/wp54\\\/#\\\/schema\\\/person\\\/74fb124dee9900c6f4d0535fa1d2b5ae\"},\"headline\":\"Con gol de Serna, Fluminense gole\u00f3 en la Sudamericana\",\"datePublished\":\"2025-04-11T15:44:43+00:00\",\"dateModified\":\"2025-04-11T15:44:44+00:00\",\"mainEntityOfPage\":{\"@id\":\"https:\\\/\\\/radiohuancayo.com.pe\\\/wp54\\\/con-gol-de-serna-fluminense-goleo-en-la-sudamericana\\\/\"},\"wordCount\":136,\"commentCount\":0,\"publisher\":{\"@id\":\"https:\\\/\\\/radiohuancayo.com.pe\\\/wp54\\\/#organization\"},\"image\":{\"@id\":\"https:\\\/\\\/radiohuancayo.com.pe\\\/wp54\\\/con-gol-de-serna-fluminense-goleo-en-la-sudamericana\\\/#primaryimage\"},\"thumbnailUrl\":\"https:\\\/\\\/radiohuancayo.com.pe\\\/wp54\\\/wp-content\\\/uploads\\\/2025\\\/04\\\/image-17.png\",\"articleSection\":[\"Deportes\"],\"inLanguage\":\"es\",\"potentialAction\":[{\"@type\":\"CommentAction\",\"name\":\"Comment\",\"target\":[\"https:\\\/\\\/radiohuancayo.com.pe\\\/wp54\\\/con-gol-de-serna-fluminense-goleo-en-la-sudamericana\\\/#respond\"]}]},{\"@type\":\"WebPage\",\"@id\":\"https:\\\/\\\/radiohuancayo.com.pe\\\/wp54\\\/con-gol-de-serna-fluminense-goleo-en-la-sudamericana\\\/\",\"url\":\"https:\\\/\\\/radiohuancayo.com.pe\\\/wp54\\\/con-gol-de-serna-fluminense-goleo-en-la-sudamericana\\\/\",\"name\":\"Con gol de Serna, Fluminense gole\u00f3 en la Sudamericana - Radio Huancayo\",\"isPartOf\":{\"@id\":\"https:\\\/\\\/radiohuancayo.com.pe\\\/wp54\\\/#website\"},\"primaryImageOfPage\":{\"@id\":\"https:\\\/\\\/radiohuancayo.com.pe\\\/wp54\\\/con-gol-de-serna-fluminense-goleo-en-la-sudamericana\\\/#primaryimage\"},\"image\":{\"@id\":\"https:\\\/\\\/radiohuancayo.com.pe\\\/wp54\\\/con-gol-de-serna-fluminense-goleo-en-la-sudamericana\\\/#primaryimage\"},\"thumbnailUrl\":\"https:\\\/\\\/radiohuancayo.com.pe\\\/wp54\\\/wp-content\\\/uploads\\\/2025\\\/04\\\/image-17.png\",\"datePublished\":\"2025-04-11T15:44:43+00:00\",\"dateModified\":\"2025-04-11T15:44:44+00:00\",\"breadcrumb\":{\"@id\":\"https:\\\/\\\/radiohuancayo.com.pe\\\/wp54\\\/con-gol-de-serna-fluminense-goleo-en-la-sudamericana\\\/#breadcrumb\"},\"inLanguage\":\"es\",\"potentialAction\":[{\"@type\":\"ReadAction\",\"target\":[\"https:\\\/\\\/radiohuancayo.com.pe\\\/wp54\\\/con-gol-de-serna-fluminense-goleo-en-la-sudamericana\\\/\"]}]},{\"@type\":\"ImageObject\",\"inLanguage\":\"es\",\"@id\":\"https:\\\/\\\/radiohuancayo.com.pe\\\/wp54\\\/con-gol-de-serna-fluminense-goleo-en-la-sudamericana\\\/#primaryimage\",\"url\":\"https:\\\/\\\/radiohuancayo.com.pe\\\/wp54\\\/wp-content\\\/uploads\\\/2025\\\/04\\\/image-17.png\",\"contentUrl\":\"https:\\\/\\\/radiohuancayo.com.pe\\\/wp54\\\/wp-content\\\/uploads\\\/2025\\\/04\\\/image-17.png\",\"width\":1200,\"height\":630},{\"@type\":\"BreadcrumbList\",\"@id\":\"https:\\\/\\\/radiohuancayo.com.pe\\\/wp54\\\/con-gol-de-serna-fluminense-goleo-en-la-sudamericana\\\/#breadcrumb\",\"itemListElement\":[{\"@type\":\"ListItem\",\"position\":1,\"name\":\"Portada\",\"item\":\"https:\\\/\\\/radiohuancayo.com.pe\\\/wp54\\\/\"},{\"@type\":\"ListItem\",\"position\":2,\"name\":\"Con gol de Serna, Fluminense gole\u00f3 en la Sudamericana\"}]},{\"@type\":\"WebSite\",\"@id\":\"https:\\\/\\\/radiohuancayo.com.pe\\\/wp54\\\/#website\",\"url\":\"https:\\\/\\\/radiohuancayo.com.pe\\\/wp54\\\/\",\"name\":\"Radio Huancayo\",\"description\":\"me gusta!!!\",\"publisher\":{\"@id\":\"https:\\\/\\\/radiohuancayo.com.pe\\\/wp54\\\/#organization\"},\"potentialAction\":[{\"@type\":\"SearchAction\",\"target\":{\"@type\":\"EntryPoint\",\"urlTemplate\":\"https:\\\/\\\/radiohuancayo.com.pe\\\/wp54\\\/?s={search_term_string}\"},\"query-input\":{\"@type\":\"PropertyValueSpecification\",\"valueRequired\":true,\"valueName\":\"search_term_string\"}}],\"inLanguage\":\"es\"},{\"@type\":\"Organization\",\"@id\":\"https:\\\/\\\/radiohuancayo.com.pe\\\/wp54\\\/#organization\",\"name\":\"Radio Huancayo\",\"url\":\"https:\\\/\\\/radiohuancayo.com.pe\\\/wp54\\\/\",\"logo\":{\"@type\":\"ImageObject\",\"inLanguage\":\"es\",\"@id\":\"https:\\\/\\\/radiohuancayo.com.pe\\\/wp54\\\/#\\\/schema\\\/logo\\\/image\\\/\",\"url\":\"https:\\\/\\\/radiohuancayo.com.pe\\\/wp54\\\/wp-content\\\/uploads\\\/2022\\\/04\\\/CABE01.png\",\"contentUrl\":\"https:\\\/\\\/radiohuancayo.com.pe\\\/wp54\\\/wp-content\\\/uploads\\\/2022\\\/04\\\/CABE01.png\",\"width\":1640,\"height\":300,\"caption\":\"Radio Huancayo\"},\"image\":{\"@id\":\"https:\\\/\\\/radiohuancayo.com.pe\\\/wp54\\\/#\\\/schema\\\/logo\\\/image\\\/\"}},{\"@type\":\"Person\",\"@id\":\"https:\\\/\\\/radiohuancayo.com.pe\\\/wp54\\\/#\\\/schema\\\/person\\\/74fb124dee9900c6f4d0535fa1d2b5ae\",\"name\":\"Michel Sanchez\",\"image\":{\"@type\":\"ImageObject\",\"inLanguage\":\"es\",\"@id\":\"https:\\\/\\\/secure.gravatar.com\\\/avatar\\\/f7f6944c01b3f15a174d0cf055aea75c46697913fc8a9cf5c3cf3e8800c645f6?s=96&d=mm&r=g\",\"url\":\"https:\\\/\\\/secure.gravatar.com\\\/avatar\\\/f7f6944c01b3f15a174d0cf055aea75c46697913fc8a9cf5c3cf3e8800c645f6?s=96&d=mm&r=g\",\"contentUrl\":\"https:\\\/\\\/secure.gravatar.com\\\/avatar\\\/f7f6944c01b3f15a174d0cf055aea75c46697913fc8a9cf5c3cf3e8800c645f6?s=96&d=mm&r=g\",\"caption\":\"Michel Sanchez\"},\"url\":\"https:\\\/\\\/radiohuancayo.com.pe\\\/wp54\\\/author\\\/memoris\\\/\"}]}<\/script>\n<!-- \/ Yoast SEO plugin. -->","yoast_head_json":{"title":"Con gol de Serna, Fluminense gole\u00f3 en la Sudamericana - Radio Huancayo","robots":{"index":"index","follow":"follow","max-snippet":"max-snippet:-1","max-image-preview":"max-image-preview:large","max-video-preview":"max-video-preview:-1"},"canonical":"https:\/\/radiohuancayo.com.pe\/wp54\/con-gol-de-serna-fluminense-goleo-en-la-sudamericana\/","og_locale":"es_ES","og_type":"article","og_title":"Con gol de Serna, Fluminense gole\u00f3 en la Sudamericana - Radio Huancayo","og_description":"ompletando la segunda fecha del Grupo F, Fluminense no tuvo piedad del GV San Jos\u00e9 y lo vapule\u00f3 como local por 5-0, con Kevin Serna e Ignacio Da Silva como titulares. El &#8216;Flu&#8217; ven\u00eda de ganarle en Colombia al Once Caldas y anhelaba debutar con el pie derecho en casa, mientras GV San Jos\u00e9 hab\u00eda salvado un empate como local. Los brasile\u00f1os marcaron por medio de un doblete de Everaldo (20&#8242; y 43&#8242;), otro de Germ\u00e1n Cano (72&#8242; y 78&#8242;) y el tercer gol lo hizo el colombiano Kevin Serna a los 58&#8242;, tras aprovechar un rebote. En la pr\u00f3xima jornada, Fluminense visitar\u00e1 al Uni\u00f3n Espa\u00f1ola de Chile, mientras GV San Jos\u00e9 buscar\u00e1 triunfar en casa frente al Once Caldas.","og_url":"https:\/\/radiohuancayo.com.pe\/wp54\/con-gol-de-serna-fluminense-goleo-en-la-sudamericana\/","og_site_name":"Radio Huancayo","article_published_time":"2025-04-11T15:44:43+00:00","article_modified_time":"2025-04-11T15:44:44+00:00","og_image":[{"width":1200,"height":630,"url":"https:\/\/radiohuancayo.com.pe\/wp54\/wp-content\/uploads\/2025\/04\/image-17.png","type":"image\/png"}],"author":"Michel Sanchez","twitter_card":"summary_large_image","twitter_misc":{"Escrito por":"Michel Sanchez","Tiempo de lectura":"1 minuto"},"schema":{"@context":"https:\/\/schema.org","@graph":[{"@type":"Article","@id":"https:\/\/radiohuancayo.com.pe\/wp54\/con-gol-de-serna-fluminense-goleo-en-la-sudamericana\/#article","isPartOf":{"@id":"https:\/\/radiohuancayo.com.pe\/wp54\/con-gol-de-serna-fluminense-goleo-en-la-sudamericana\/"},"author":{"name":"Michel Sanchez","@id":"https:\/\/radiohuancayo.com.pe\/wp54\/#\/schema\/person\/74fb124dee9900c6f4d0535fa1d2b5ae"},"headline":"Con gol de Serna, Fluminense gole\u00f3 en la Sudamericana","datePublished":"2025-04-11T15:44:43+00:00","dateModified":"2025-04-11T15:44:44+00:00","mainEntityOfPage":{"@id":"https:\/\/radiohuancayo.com.pe\/wp54\/con-gol-de-serna-fluminense-goleo-en-la-sudamericana\/"},"wordCount":136,"commentCount":0,"publisher":{"@id":"https:\/\/radiohuancayo.com.pe\/wp54\/#organization"},"image":{"@id":"https:\/\/radiohuancayo.com.pe\/wp54\/con-gol-de-serna-fluminense-goleo-en-la-sudamericana\/#primaryimage"},"thumbnailUrl":"https:\/\/radiohuancayo.com.pe\/wp54\/wp-content\/uploads\/2025\/04\/image-17.png","articleSection":["Deportes"],"inLanguage":"es","potentialAction":[{"@type":"CommentAction","name":"Comment","target":["https:\/\/radiohuancayo.com.pe\/wp54\/con-gol-de-serna-fluminense-goleo-en-la-sudamericana\/#respond"]}]},{"@type":"WebPage","@id":"https:\/\/radiohuancayo.com.pe\/wp54\/con-gol-de-serna-fluminense-goleo-en-la-sudamericana\/","url":"https:\/\/radiohuancayo.com.pe\/wp54\/con-gol-de-serna-fluminense-goleo-en-la-sudamericana\/","name":"Con gol de Serna, Fluminense gole\u00f3 en la Sudamericana - Radio Huancayo","isPartOf":{"@id":"https:\/\/radiohuancayo.com.pe\/wp54\/#website"},"primaryImageOfPage":{"@id":"https:\/\/radiohuancayo.com.pe\/wp54\/con-gol-de-serna-fluminense-goleo-en-la-sudamericana\/#primaryimage"},"image":{"@id":"https:\/\/radiohuancayo.com.pe\/wp54\/con-gol-de-serna-fluminense-goleo-en-la-sudamericana\/#primaryimage"},"thumbnailUrl":"https:\/\/radiohuancayo.com.pe\/wp54\/wp-content\/uploads\/2025\/04\/image-17.png","datePublished":"2025-04-11T15:44:43+00:00","dateModified":"2025-04-11T15:44:44+00:00","breadcrumb":{"@id":"https:\/\/radiohuancayo.com.pe\/wp54\/con-gol-de-serna-fluminense-goleo-en-la-sudamericana\/#breadcrumb"},"inLanguage":"es","potentialAction":[{"@type":"ReadAction","target":["https:\/\/radiohuancayo.com.pe\/wp54\/con-gol-de-serna-fluminense-goleo-en-la-sudamericana\/"]}]},{"@type":"ImageObject","inLanguage":"es","@id":"https:\/\/radiohuancayo.com.pe\/wp54\/con-gol-de-serna-fluminense-goleo-en-la-sudamericana\/#primaryimage","url":"https:\/\/radiohuancayo.com.pe\/wp54\/wp-content\/uploads\/2025\/04\/image-17.png","contentUrl":"https:\/\/radiohuancayo.com.pe\/wp54\/wp-content\/uploads\/2025\/04\/image-17.png","width":1200,"height":630},{"@type":"BreadcrumbList","@id":"https:\/\/radiohuancayo.com.pe\/wp54\/con-gol-de-serna-fluminense-goleo-en-la-sudamericana\/#breadcrumb","itemListElement":[{"@type":"ListItem","position":1,"name":"Portada","item":"https:\/\/radiohuancayo.com.pe\/wp54\/"},{"@type":"ListItem","position":2,"name":"Con gol de Serna, Fluminense gole\u00f3 en la Sudamericana"}]},{"@type":"WebSite","@id":"https:\/\/radiohuancayo.com.pe\/wp54\/#website","url":"https:\/\/radiohuancayo.com.pe\/wp54\/","name":"Radio Huancayo","description":"me gusta!!!","publisher":{"@id":"https:\/\/radiohuancayo.com.pe\/wp54\/#organization"},"potentialAction":[{"@type":"SearchAction","target":{"@type":"EntryPoint","urlTemplate":"https:\/\/radiohuancayo.com.pe\/wp54\/?s={search_term_string}"},"query-input":{"@type":"PropertyValueSpecification","valueRequired":true,"valueName":"search_term_string"}}],"inLanguage":"es"},{"@type":"Organization","@id":"https:\/\/radiohuancayo.com.pe\/wp54\/#organization","name":"Radio Huancayo","url":"https:\/\/radiohuancayo.com.pe\/wp54\/","logo":{"@type":"ImageObject","inLanguage":"es","@id":"https:\/\/radiohuancayo.com.pe\/wp54\/#\/schema\/logo\/image\/","url":"https:\/\/radiohuancayo.com.pe\/wp54\/wp-content\/uploads\/2022\/04\/CABE01.png","contentUrl":"https:\/\/radiohuancayo.com.pe\/wp54\/wp-content\/uploads\/2022\/04\/CABE01.png","width":1640,"height":300,"caption":"Radio Huancayo"},"image":{"@id":"https:\/\/radiohuancayo.com.pe\/wp54\/#\/schema\/logo\/image\/"}},{"@type":"Person","@id":"https:\/\/radiohuancayo.com.pe\/wp54\/#\/schema\/person\/74fb124dee9900c6f4d0535fa1d2b5ae","name":"Michel Sanchez","image":{"@type":"ImageObject","inLanguage":"es","@id":"https:\/\/secure.gravatar.com\/avatar\/f7f6944c01b3f15a174d0cf055aea75c46697913fc8a9cf5c3cf3e8800c645f6?s=96&d=mm&r=g","url":"https:\/\/secure.gravatar.com\/avatar\/f7f6944c01b3f15a174d0cf055aea75c46697913fc8a9cf5c3cf3e8800c645f6?s=96&d=mm&r=g","contentUrl":"https:\/\/secure.gravatar.com\/avatar\/f7f6944c01b3f15a174d0cf055aea75c46697913fc8a9cf5c3cf3e8800c645f6?s=96&d=mm&r=g","caption":"Michel Sanchez"},"url":"https:\/\/radiohuancayo.com.pe\/wp54\/author\/memoris\/"}]}},"_links":{"self":[{"href":"https:\/\/radiohuancayo.com.pe\/wp54\/wp-json\/wp\/v2\/posts\/29924","targetHints":{"allow":["GET"]}}],"collection":[{"href":"https:\/\/radiohuancayo.com.pe\/wp54\/wp-json\/wp\/v2\/posts"}],"about":[{"href":"https:\/\/radiohuancayo.com.pe\/wp54\/wp-json\/wp\/v2\/types\/post"}],"author":[{"embeddable":true,"href":"https:\/\/radiohuancayo.com.pe\/wp54\/wp-json\/wp\/v2\/users\/2"}],"replies":[{"embeddable":true,"href":"https:\/\/radiohuancayo.com.pe\/wp54\/wp-json\/wp\/v2\/comments?post=29924"}],"version-history":[{"count":1,"href":"https:\/\/radiohuancayo.com.pe\/wp54\/wp-json\/wp\/v2\/posts\/29924\/revisions"}],"predecessor-version":[{"id":29926,"href":"https:\/\/radiohuancayo.com.pe\/wp54\/wp-json\/wp\/v2\/posts\/29924\/revisions\/29926"}],"wp:featuredmedia":[{"embeddable":true,"href":"https:\/\/radiohuancayo.com.pe\/wp54\/wp-json\/wp\/v2\/media\/29925"}],"wp:attachment":[{"href":"https:\/\/radiohuancayo.com.pe\/wp54\/wp-json\/wp\/v2\/media?parent=29924"}],"wp:term":[{"taxonomy":"category","embeddable":true,"href":"https:\/\/radiohuancayo.com.pe\/wp54\/wp-json\/wp\/v2\/categories?post=29924"},{"taxonomy":"post_tag","embeddable":true,"href":"https:\/\/radiohuancayo.com.pe\/wp54\/wp-json\/wp\/v2\/tags?post=29924"}],"curies":[{"name":"wp","href":"https:\/\/api.w.org\/{rel}","templated":true}]}}