{"id":29957,"date":"2025-04-15T10:39:14","date_gmt":"2025-04-15T15:39:14","guid":{"rendered":"https:\/\/radiohuancayo.com.pe\/wp54\/?p=29957"},"modified":"2025-04-15T10:39:15","modified_gmt":"2025-04-15T15:39:15","slug":"franco-navarro-lo-de-joel-alarcon-fue-muy-malo","status":"publish","type":"post","link":"https:\/\/radiohuancayo.com.pe\/wp54\/franco-navarro-lo-de-joel-alarcon-fue-muy-malo\/","title":{"rendered":"\u00a0Franco Navarro: \u00abLo de Joel Alarc\u00f3n fue muy malo\u00bb"},"content":{"rendered":"\n<p>El director deportivo de Alianza Lima, Franco Navarro, elogi\u00f3 el triunfo ante Deportivo Garcilaso, critic\u00f3 el arbitraje de Joel Alarc\u00f3n por permitir agresividad en el juego y adem\u00e1s calific\u00f3 de \u00ababsurda\u00bb la sanci\u00f3n que se pide para Kevin Quevedo.<\/p>\n\n\n\n<p>\u00abNo se pueden permitir arbitrajes como el de Joel Alarc\u00f3n, lo conocemos muy bien, permiti\u00f3 agresividad con mala intenci\u00f3n, y no cobrar una falta tan alevosa&#8230;el l\u00ednea termin\u00f3 pidiendo disculpas. Alianza no necesita que le regalen nada, pero lo de alarc\u00f3n hoy fue muy malo\u00bb, declar\u00f3 el ext\u00e9cnico nacional en L1 Max.<\/p>\n\n\n\n<p>Adem\u00e1s, Navarro habl\u00f3 del triunfo: \u00abUn rival que ven\u00eda bien, un triunfo nos permite seguir so\u00f1ando con el campeonato. Garcilaso tiene lo suyo, tiene buenos jugadores, lo busc\u00f3, pero como equipo fuimos s\u00f3lidos y con mucha jerarqu\u00eda\u00bb<\/p>\n\n\n\n<p>Sobre la lesi\u00f3n de Guillermo Enrique, indic\u00f3: \u00abEn Lima iremos a una cl\u00ednica para sacarle placa, resonancia y roguemos que no sea ninguna fractura o algo que le impida jugar\u00bb.<\/p>\n\n\n\n<p>Consultado por los reclamos que presentaron los &#8216;cremas&#8217;: \u00abPueden reclamar lo que les parece justo, mi trabajo es con la parte deportiva, cerca al equipo, felicito al equipo y al comando t\u00e9cnico. El \u00e1rea legal es el encargado de ver ese tema, se reclama por el festejo de Quevedo, que se lo dedica a su madre y pretendemos que se le castigue por eso, es algo absurdo\u00bb.<\/p>\n","protected":false},"excerpt":{"rendered":"<p>El director deportivo de Alianza Lima, Franco Navarro, elogi\u00f3 el triunfo ante Deportivo Garcilaso, critic\u00f3 el arbitraje de Joel Alarc\u00f3n por permitir agresividad en el juego y adem\u00e1s calific\u00f3 de \u00ababsurda\u00bb la sanci\u00f3n que se pide para Kevin Quevedo. \u00abNo se pueden permitir arbitrajes como el de Joel Alarc\u00f3n, lo conocemos muy bien, permiti\u00f3 agresividad con mala intenci\u00f3n, y no cobrar una falta tan alevosa&#8230;el l\u00ednea termin\u00f3 pidiendo disculpas. Alianza no necesita que le regalen nada, pero lo de alarc\u00f3n hoy fue muy malo\u00bb, declar\u00f3 el ext\u00e9cnico nacional en L1 Max. Adem\u00e1s, Navarro habl\u00f3 del triunfo: \u00abUn rival que ven\u00eda bien, un triunfo nos permite seguir so\u00f1ando con el campeonato. Garcilaso tiene lo suyo, tiene buenos jugadores, lo busc\u00f3, pero como equipo fuimos s\u00f3lidos y con mucha jerarqu\u00eda\u00bb Sobre la lesi\u00f3n de Guillermo Enrique, indic\u00f3: \u00abEn Lima iremos a una cl\u00ednica para sacarle placa, resonancia y roguemos que no sea ninguna fractura o algo que le impida jugar\u00bb. Consultado por los reclamos que presentaron los &#8216;cremas&#8217;: \u00abPueden reclamar lo que les parece justo, mi trabajo es con la parte deportiva, cerca al equipo, felicito al equipo y al comando t\u00e9cnico. El \u00e1rea legal es el encargado de ver ese tema, se reclama por el festejo de Quevedo, que se lo dedica a su madre y pretendemos que se le castigue por eso, es algo absurdo\u00bb.<\/p>\n","protected":false},"author":2,"featured_media":29958,"comment_status":"open","ping_status":"open","sticky":false,"template":"","format":"standard","meta":{"footnotes":""},"categories":[7],"tags":[],"class_list":["post-29957","post","type-post","status-publish","format-standard","has-post-thumbnail","hentry","category-deportes"],"yoast_head":"<!-- This site is optimized with the Yoast SEO plugin v27.5 - https:\/\/yoast.com\/product\/yoast-seo-wordpress\/ -->\n<title>\u00a0Franco Navarro: &quot;Lo de Joel Alarc\u00f3n fue muy malo&quot; - Radio Huancayo<\/title>\n<meta name=\"robots\" content=\"index, follow, max-snippet:-1, max-image-preview:large, max-video-preview:-1\" \/>\n<link rel=\"canonical\" href=\"https:\/\/radiohuancayo.com.pe\/wp54\/franco-navarro-lo-de-joel-alarcon-fue-muy-malo\/\" \/>\n<meta property=\"og:locale\" content=\"es_ES\" \/>\n<meta property=\"og:type\" content=\"article\" \/>\n<meta property=\"og:title\" content=\"\u00a0Franco Navarro: &quot;Lo de Joel Alarc\u00f3n fue muy malo&quot; - Radio Huancayo\" \/>\n<meta property=\"og:description\" content=\"El director deportivo de Alianza Lima, Franco Navarro, elogi\u00f3 el triunfo ante Deportivo Garcilaso, critic\u00f3 el arbitraje de Joel Alarc\u00f3n por permitir agresividad en el juego y adem\u00e1s calific\u00f3 de \u00ababsurda\u00bb la sanci\u00f3n que se pide para Kevin Quevedo. \u00abNo se pueden permitir arbitrajes como el de Joel Alarc\u00f3n, lo conocemos muy bien, permiti\u00f3 agresividad con mala intenci\u00f3n, y no cobrar una falta tan alevosa&#8230;el l\u00ednea termin\u00f3 pidiendo disculpas. Alianza no necesita que le regalen nada, pero lo de alarc\u00f3n hoy fue muy malo\u00bb, declar\u00f3 el ext\u00e9cnico nacional en L1 Max. Adem\u00e1s, Navarro habl\u00f3 del triunfo: \u00abUn rival que ven\u00eda bien, un triunfo nos permite seguir so\u00f1ando con el campeonato. Garcilaso tiene lo suyo, tiene buenos jugadores, lo busc\u00f3, pero como equipo fuimos s\u00f3lidos y con mucha jerarqu\u00eda\u00bb Sobre la lesi\u00f3n de Guillermo Enrique, indic\u00f3: \u00abEn Lima iremos a una cl\u00ednica para sacarle placa, resonancia y roguemos que no sea ninguna fractura o algo que le impida jugar\u00bb. Consultado por los reclamos que presentaron los &#8216;cremas&#8217;: \u00abPueden reclamar lo que les parece justo, mi trabajo es con la parte deportiva, cerca al equipo, felicito al equipo y al comando t\u00e9cnico. El \u00e1rea legal es el encargado de ver ese tema, se reclama por el festejo de Quevedo, que se lo dedica a su madre y pretendemos que se le castigue por eso, es algo absurdo\u00bb.\" \/>\n<meta property=\"og:url\" content=\"https:\/\/radiohuancayo.com.pe\/wp54\/franco-navarro-lo-de-joel-alarcon-fue-muy-malo\/\" \/>\n<meta property=\"og:site_name\" content=\"Radio Huancayo\" \/>\n<meta property=\"article:published_time\" content=\"2025-04-15T15:39:14+00:00\" \/>\n<meta property=\"article:modified_time\" content=\"2025-04-15T15:39:15+00:00\" \/>\n<meta property=\"og:image\" content=\"https:\/\/radiohuancayo.com.pe\/wp54\/wp-content\/uploads\/2025\/04\/image-26.png\" \/>\n\t<meta property=\"og:image:width\" content=\"1200\" \/>\n\t<meta property=\"og:image:height\" content=\"630\" \/>\n\t<meta property=\"og:image:type\" content=\"image\/png\" \/>\n<meta name=\"author\" content=\"Michel Sanchez\" \/>\n<meta name=\"twitter:card\" content=\"summary_large_image\" \/>\n<meta name=\"twitter:label1\" content=\"Escrito por\" \/>\n\t<meta name=\"twitter:data1\" content=\"Michel Sanchez\" \/>\n\t<meta name=\"twitter:label2\" content=\"Tiempo de lectura\" \/>\n\t<meta name=\"twitter:data2\" content=\"2 minutos\" \/>\n<script type=\"application\/ld+json\" class=\"yoast-schema-graph\">{\"@context\":\"https:\\\/\\\/schema.org\",\"@graph\":[{\"@type\":\"Article\",\"@id\":\"https:\\\/\\\/radiohuancayo.com.pe\\\/wp54\\\/franco-navarro-lo-de-joel-alarcon-fue-muy-malo\\\/#article\",\"isPartOf\":{\"@id\":\"https:\\\/\\\/radiohuancayo.com.pe\\\/wp54\\\/franco-navarro-lo-de-joel-alarcon-fue-muy-malo\\\/\"},\"author\":{\"name\":\"Michel Sanchez\",\"@id\":\"https:\\\/\\\/radiohuancayo.com.pe\\\/wp54\\\/#\\\/schema\\\/person\\\/74fb124dee9900c6f4d0535fa1d2b5ae\"},\"headline\":\"\u00a0Franco Navarro: \u00abLo de Joel Alarc\u00f3n fue muy malo\u00bb\",\"datePublished\":\"2025-04-15T15:39:14+00:00\",\"dateModified\":\"2025-04-15T15:39:15+00:00\",\"mainEntityOfPage\":{\"@id\":\"https:\\\/\\\/radiohuancayo.com.pe\\\/wp54\\\/franco-navarro-lo-de-joel-alarcon-fue-muy-malo\\\/\"},\"wordCount\":252,\"commentCount\":0,\"publisher\":{\"@id\":\"https:\\\/\\\/radiohuancayo.com.pe\\\/wp54\\\/#organization\"},\"image\":{\"@id\":\"https:\\\/\\\/radiohuancayo.com.pe\\\/wp54\\\/franco-navarro-lo-de-joel-alarcon-fue-muy-malo\\\/#primaryimage\"},\"thumbnailUrl\":\"https:\\\/\\\/radiohuancayo.com.pe\\\/wp54\\\/wp-content\\\/uploads\\\/2025\\\/04\\\/image-26.png\",\"articleSection\":[\"Deportes\"],\"inLanguage\":\"es\",\"potentialAction\":[{\"@type\":\"CommentAction\",\"name\":\"Comment\",\"target\":[\"https:\\\/\\\/radiohuancayo.com.pe\\\/wp54\\\/franco-navarro-lo-de-joel-alarcon-fue-muy-malo\\\/#respond\"]}]},{\"@type\":\"WebPage\",\"@id\":\"https:\\\/\\\/radiohuancayo.com.pe\\\/wp54\\\/franco-navarro-lo-de-joel-alarcon-fue-muy-malo\\\/\",\"url\":\"https:\\\/\\\/radiohuancayo.com.pe\\\/wp54\\\/franco-navarro-lo-de-joel-alarcon-fue-muy-malo\\\/\",\"name\":\"\u00a0Franco Navarro: \\\"Lo de Joel Alarc\u00f3n fue muy malo\\\" - Radio Huancayo\",\"isPartOf\":{\"@id\":\"https:\\\/\\\/radiohuancayo.com.pe\\\/wp54\\\/#website\"},\"primaryImageOfPage\":{\"@id\":\"https:\\\/\\\/radiohuancayo.com.pe\\\/wp54\\\/franco-navarro-lo-de-joel-alarcon-fue-muy-malo\\\/#primaryimage\"},\"image\":{\"@id\":\"https:\\\/\\\/radiohuancayo.com.pe\\\/wp54\\\/franco-navarro-lo-de-joel-alarcon-fue-muy-malo\\\/#primaryimage\"},\"thumbnailUrl\":\"https:\\\/\\\/radiohuancayo.com.pe\\\/wp54\\\/wp-content\\\/uploads\\\/2025\\\/04\\\/image-26.png\",\"datePublished\":\"2025-04-15T15:39:14+00:00\",\"dateModified\":\"2025-04-15T15:39:15+00:00\",\"breadcrumb\":{\"@id\":\"https:\\\/\\\/radiohuancayo.com.pe\\\/wp54\\\/franco-navarro-lo-de-joel-alarcon-fue-muy-malo\\\/#breadcrumb\"},\"inLanguage\":\"es\",\"potentialAction\":[{\"@type\":\"ReadAction\",\"target\":[\"https:\\\/\\\/radiohuancayo.com.pe\\\/wp54\\\/franco-navarro-lo-de-joel-alarcon-fue-muy-malo\\\/\"]}]},{\"@type\":\"ImageObject\",\"inLanguage\":\"es\",\"@id\":\"https:\\\/\\\/radiohuancayo.com.pe\\\/wp54\\\/franco-navarro-lo-de-joel-alarcon-fue-muy-malo\\\/#primaryimage\",\"url\":\"https:\\\/\\\/radiohuancayo.com.pe\\\/wp54\\\/wp-content\\\/uploads\\\/2025\\\/04\\\/image-26.png\",\"contentUrl\":\"https:\\\/\\\/radiohuancayo.com.pe\\\/wp54\\\/wp-content\\\/uploads\\\/2025\\\/04\\\/image-26.png\",\"width\":1200,\"height\":630},{\"@type\":\"BreadcrumbList\",\"@id\":\"https:\\\/\\\/radiohuancayo.com.pe\\\/wp54\\\/franco-navarro-lo-de-joel-alarcon-fue-muy-malo\\\/#breadcrumb\",\"itemListElement\":[{\"@type\":\"ListItem\",\"position\":1,\"name\":\"Portada\",\"item\":\"https:\\\/\\\/radiohuancayo.com.pe\\\/wp54\\\/\"},{\"@type\":\"ListItem\",\"position\":2,\"name\":\"\u00a0Franco Navarro: &#8220;Lo de Joel Alarc\u00f3n fue muy malo&#8221;\"}]},{\"@type\":\"WebSite\",\"@id\":\"https:\\\/\\\/radiohuancayo.com.pe\\\/wp54\\\/#website\",\"url\":\"https:\\\/\\\/radiohuancayo.com.pe\\\/wp54\\\/\",\"name\":\"Radio Huancayo\",\"description\":\"me gusta!!!\",\"publisher\":{\"@id\":\"https:\\\/\\\/radiohuancayo.com.pe\\\/wp54\\\/#organization\"},\"potentialAction\":[{\"@type\":\"SearchAction\",\"target\":{\"@type\":\"EntryPoint\",\"urlTemplate\":\"https:\\\/\\\/radiohuancayo.com.pe\\\/wp54\\\/?s={search_term_string}\"},\"query-input\":{\"@type\":\"PropertyValueSpecification\",\"valueRequired\":true,\"valueName\":\"search_term_string\"}}],\"inLanguage\":\"es\"},{\"@type\":\"Organization\",\"@id\":\"https:\\\/\\\/radiohuancayo.com.pe\\\/wp54\\\/#organization\",\"name\":\"Radio Huancayo\",\"url\":\"https:\\\/\\\/radiohuancayo.com.pe\\\/wp54\\\/\",\"logo\":{\"@type\":\"ImageObject\",\"inLanguage\":\"es\",\"@id\":\"https:\\\/\\\/radiohuancayo.com.pe\\\/wp54\\\/#\\\/schema\\\/logo\\\/image\\\/\",\"url\":\"https:\\\/\\\/radiohuancayo.com.pe\\\/wp54\\\/wp-content\\\/uploads\\\/2022\\\/04\\\/CABE01.png\",\"contentUrl\":\"https:\\\/\\\/radiohuancayo.com.pe\\\/wp54\\\/wp-content\\\/uploads\\\/2022\\\/04\\\/CABE01.png\",\"width\":1640,\"height\":300,\"caption\":\"Radio Huancayo\"},\"image\":{\"@id\":\"https:\\\/\\\/radiohuancayo.com.pe\\\/wp54\\\/#\\\/schema\\\/logo\\\/image\\\/\"}},{\"@type\":\"Person\",\"@id\":\"https:\\\/\\\/radiohuancayo.com.pe\\\/wp54\\\/#\\\/schema\\\/person\\\/74fb124dee9900c6f4d0535fa1d2b5ae\",\"name\":\"Michel Sanchez\",\"image\":{\"@type\":\"ImageObject\",\"inLanguage\":\"es\",\"@id\":\"https:\\\/\\\/secure.gravatar.com\\\/avatar\\\/f7f6944c01b3f15a174d0cf055aea75c46697913fc8a9cf5c3cf3e8800c645f6?s=96&d=mm&r=g\",\"url\":\"https:\\\/\\\/secure.gravatar.com\\\/avatar\\\/f7f6944c01b3f15a174d0cf055aea75c46697913fc8a9cf5c3cf3e8800c645f6?s=96&d=mm&r=g\",\"contentUrl\":\"https:\\\/\\\/secure.gravatar.com\\\/avatar\\\/f7f6944c01b3f15a174d0cf055aea75c46697913fc8a9cf5c3cf3e8800c645f6?s=96&d=mm&r=g\",\"caption\":\"Michel Sanchez\"},\"url\":\"https:\\\/\\\/radiohuancayo.com.pe\\\/wp54\\\/author\\\/memoris\\\/\"}]}<\/script>\n<!-- \/ Yoast SEO plugin. -->","yoast_head_json":{"title":"\u00a0Franco Navarro: \"Lo de Joel Alarc\u00f3n fue muy malo\" - Radio Huancayo","robots":{"index":"index","follow":"follow","max-snippet":"max-snippet:-1","max-image-preview":"max-image-preview:large","max-video-preview":"max-video-preview:-1"},"canonical":"https:\/\/radiohuancayo.com.pe\/wp54\/franco-navarro-lo-de-joel-alarcon-fue-muy-malo\/","og_locale":"es_ES","og_type":"article","og_title":"\u00a0Franco Navarro: \"Lo de Joel Alarc\u00f3n fue muy malo\" - Radio Huancayo","og_description":"El director deportivo de Alianza Lima, Franco Navarro, elogi\u00f3 el triunfo ante Deportivo Garcilaso, critic\u00f3 el arbitraje de Joel Alarc\u00f3n por permitir agresividad en el juego y adem\u00e1s calific\u00f3 de \u00ababsurda\u00bb la sanci\u00f3n que se pide para Kevin Quevedo. \u00abNo se pueden permitir arbitrajes como el de Joel Alarc\u00f3n, lo conocemos muy bien, permiti\u00f3 agresividad con mala intenci\u00f3n, y no cobrar una falta tan alevosa&#8230;el l\u00ednea termin\u00f3 pidiendo disculpas. Alianza no necesita que le regalen nada, pero lo de alarc\u00f3n hoy fue muy malo\u00bb, declar\u00f3 el ext\u00e9cnico nacional en L1 Max. Adem\u00e1s, Navarro habl\u00f3 del triunfo: \u00abUn rival que ven\u00eda bien, un triunfo nos permite seguir so\u00f1ando con el campeonato. Garcilaso tiene lo suyo, tiene buenos jugadores, lo busc\u00f3, pero como equipo fuimos s\u00f3lidos y con mucha jerarqu\u00eda\u00bb Sobre la lesi\u00f3n de Guillermo Enrique, indic\u00f3: \u00abEn Lima iremos a una cl\u00ednica para sacarle placa, resonancia y roguemos que no sea ninguna fractura o algo que le impida jugar\u00bb. Consultado por los reclamos que presentaron los &#8216;cremas&#8217;: \u00abPueden reclamar lo que les parece justo, mi trabajo es con la parte deportiva, cerca al equipo, felicito al equipo y al comando t\u00e9cnico. El \u00e1rea legal es el encargado de ver ese tema, se reclama por el festejo de Quevedo, que se lo dedica a su madre y pretendemos que se le castigue por eso, es algo absurdo\u00bb.","og_url":"https:\/\/radiohuancayo.com.pe\/wp54\/franco-navarro-lo-de-joel-alarcon-fue-muy-malo\/","og_site_name":"Radio Huancayo","article_published_time":"2025-04-15T15:39:14+00:00","article_modified_time":"2025-04-15T15:39:15+00:00","og_image":[{"width":1200,"height":630,"url":"https:\/\/radiohuancayo.com.pe\/wp54\/wp-content\/uploads\/2025\/04\/image-26.png","type":"image\/png"}],"author":"Michel Sanchez","twitter_card":"summary_large_image","twitter_misc":{"Escrito por":"Michel Sanchez","Tiempo de lectura":"2 minutos"},"schema":{"@context":"https:\/\/schema.org","@graph":[{"@type":"Article","@id":"https:\/\/radiohuancayo.com.pe\/wp54\/franco-navarro-lo-de-joel-alarcon-fue-muy-malo\/#article","isPartOf":{"@id":"https:\/\/radiohuancayo.com.pe\/wp54\/franco-navarro-lo-de-joel-alarcon-fue-muy-malo\/"},"author":{"name":"Michel Sanchez","@id":"https:\/\/radiohuancayo.com.pe\/wp54\/#\/schema\/person\/74fb124dee9900c6f4d0535fa1d2b5ae"},"headline":"\u00a0Franco Navarro: \u00abLo de Joel Alarc\u00f3n fue muy malo\u00bb","datePublished":"2025-04-15T15:39:14+00:00","dateModified":"2025-04-15T15:39:15+00:00","mainEntityOfPage":{"@id":"https:\/\/radiohuancayo.com.pe\/wp54\/franco-navarro-lo-de-joel-alarcon-fue-muy-malo\/"},"wordCount":252,"commentCount":0,"publisher":{"@id":"https:\/\/radiohuancayo.com.pe\/wp54\/#organization"},"image":{"@id":"https:\/\/radiohuancayo.com.pe\/wp54\/franco-navarro-lo-de-joel-alarcon-fue-muy-malo\/#primaryimage"},"thumbnailUrl":"https:\/\/radiohuancayo.com.pe\/wp54\/wp-content\/uploads\/2025\/04\/image-26.png","articleSection":["Deportes"],"inLanguage":"es","potentialAction":[{"@type":"CommentAction","name":"Comment","target":["https:\/\/radiohuancayo.com.pe\/wp54\/franco-navarro-lo-de-joel-alarcon-fue-muy-malo\/#respond"]}]},{"@type":"WebPage","@id":"https:\/\/radiohuancayo.com.pe\/wp54\/franco-navarro-lo-de-joel-alarcon-fue-muy-malo\/","url":"https:\/\/radiohuancayo.com.pe\/wp54\/franco-navarro-lo-de-joel-alarcon-fue-muy-malo\/","name":"\u00a0Franco Navarro: \"Lo de Joel Alarc\u00f3n fue muy malo\" - Radio Huancayo","isPartOf":{"@id":"https:\/\/radiohuancayo.com.pe\/wp54\/#website"},"primaryImageOfPage":{"@id":"https:\/\/radiohuancayo.com.pe\/wp54\/franco-navarro-lo-de-joel-alarcon-fue-muy-malo\/#primaryimage"},"image":{"@id":"https:\/\/radiohuancayo.com.pe\/wp54\/franco-navarro-lo-de-joel-alarcon-fue-muy-malo\/#primaryimage"},"thumbnailUrl":"https:\/\/radiohuancayo.com.pe\/wp54\/wp-content\/uploads\/2025\/04\/image-26.png","datePublished":"2025-04-15T15:39:14+00:00","dateModified":"2025-04-15T15:39:15+00:00","breadcrumb":{"@id":"https:\/\/radiohuancayo.com.pe\/wp54\/franco-navarro-lo-de-joel-alarcon-fue-muy-malo\/#breadcrumb"},"inLanguage":"es","potentialAction":[{"@type":"ReadAction","target":["https:\/\/radiohuancayo.com.pe\/wp54\/franco-navarro-lo-de-joel-alarcon-fue-muy-malo\/"]}]},{"@type":"ImageObject","inLanguage":"es","@id":"https:\/\/radiohuancayo.com.pe\/wp54\/franco-navarro-lo-de-joel-alarcon-fue-muy-malo\/#primaryimage","url":"https:\/\/radiohuancayo.com.pe\/wp54\/wp-content\/uploads\/2025\/04\/image-26.png","contentUrl":"https:\/\/radiohuancayo.com.pe\/wp54\/wp-content\/uploads\/2025\/04\/image-26.png","width":1200,"height":630},{"@type":"BreadcrumbList","@id":"https:\/\/radiohuancayo.com.pe\/wp54\/franco-navarro-lo-de-joel-alarcon-fue-muy-malo\/#breadcrumb","itemListElement":[{"@type":"ListItem","position":1,"name":"Portada","item":"https:\/\/radiohuancayo.com.pe\/wp54\/"},{"@type":"ListItem","position":2,"name":"\u00a0Franco Navarro: &#8220;Lo de Joel Alarc\u00f3n fue muy malo&#8221;"}]},{"@type":"WebSite","@id":"https:\/\/radiohuancayo.com.pe\/wp54\/#website","url":"https:\/\/radiohuancayo.com.pe\/wp54\/","name":"Radio Huancayo","description":"me gusta!!!","publisher":{"@id":"https:\/\/radiohuancayo.com.pe\/wp54\/#organization"},"potentialAction":[{"@type":"SearchAction","target":{"@type":"EntryPoint","urlTemplate":"https:\/\/radiohuancayo.com.pe\/wp54\/?s={search_term_string}"},"query-input":{"@type":"PropertyValueSpecification","valueRequired":true,"valueName":"search_term_string"}}],"inLanguage":"es"},{"@type":"Organization","@id":"https:\/\/radiohuancayo.com.pe\/wp54\/#organization","name":"Radio Huancayo","url":"https:\/\/radiohuancayo.com.pe\/wp54\/","logo":{"@type":"ImageObject","inLanguage":"es","@id":"https:\/\/radiohuancayo.com.pe\/wp54\/#\/schema\/logo\/image\/","url":"https:\/\/radiohuancayo.com.pe\/wp54\/wp-content\/uploads\/2022\/04\/CABE01.png","contentUrl":"https:\/\/radiohuancayo.com.pe\/wp54\/wp-content\/uploads\/2022\/04\/CABE01.png","width":1640,"height":300,"caption":"Radio Huancayo"},"image":{"@id":"https:\/\/radiohuancayo.com.pe\/wp54\/#\/schema\/logo\/image\/"}},{"@type":"Person","@id":"https:\/\/radiohuancayo.com.pe\/wp54\/#\/schema\/person\/74fb124dee9900c6f4d0535fa1d2b5ae","name":"Michel Sanchez","image":{"@type":"ImageObject","inLanguage":"es","@id":"https:\/\/secure.gravatar.com\/avatar\/f7f6944c01b3f15a174d0cf055aea75c46697913fc8a9cf5c3cf3e8800c645f6?s=96&d=mm&r=g","url":"https:\/\/secure.gravatar.com\/avatar\/f7f6944c01b3f15a174d0cf055aea75c46697913fc8a9cf5c3cf3e8800c645f6?s=96&d=mm&r=g","contentUrl":"https:\/\/secure.gravatar.com\/avatar\/f7f6944c01b3f15a174d0cf055aea75c46697913fc8a9cf5c3cf3e8800c645f6?s=96&d=mm&r=g","caption":"Michel Sanchez"},"url":"https:\/\/radiohuancayo.com.pe\/wp54\/author\/memoris\/"}]}},"_links":{"self":[{"href":"https:\/\/radiohuancayo.com.pe\/wp54\/wp-json\/wp\/v2\/posts\/29957","targetHints":{"allow":["GET"]}}],"collection":[{"href":"https:\/\/radiohuancayo.com.pe\/wp54\/wp-json\/wp\/v2\/posts"}],"about":[{"href":"https:\/\/radiohuancayo.com.pe\/wp54\/wp-json\/wp\/v2\/types\/post"}],"author":[{"embeddable":true,"href":"https:\/\/radiohuancayo.com.pe\/wp54\/wp-json\/wp\/v2\/users\/2"}],"replies":[{"embeddable":true,"href":"https:\/\/radiohuancayo.com.pe\/wp54\/wp-json\/wp\/v2\/comments?post=29957"}],"version-history":[{"count":1,"href":"https:\/\/radiohuancayo.com.pe\/wp54\/wp-json\/wp\/v2\/posts\/29957\/revisions"}],"predecessor-version":[{"id":29959,"href":"https:\/\/radiohuancayo.com.pe\/wp54\/wp-json\/wp\/v2\/posts\/29957\/revisions\/29959"}],"wp:featuredmedia":[{"embeddable":true,"href":"https:\/\/radiohuancayo.com.pe\/wp54\/wp-json\/wp\/v2\/media\/29958"}],"wp:attachment":[{"href":"https:\/\/radiohuancayo.com.pe\/wp54\/wp-json\/wp\/v2\/media?parent=29957"}],"wp:term":[{"taxonomy":"category","embeddable":true,"href":"https:\/\/radiohuancayo.com.pe\/wp54\/wp-json\/wp\/v2\/categories?post=29957"},{"taxonomy":"post_tag","embeddable":true,"href":"https:\/\/radiohuancayo.com.pe\/wp54\/wp-json\/wp\/v2\/tags?post=29957"}],"curies":[{"name":"wp","href":"https:\/\/api.w.org\/{rel}","templated":true}]}}