{"id":29960,"date":"2025-04-15T10:40:56","date_gmt":"2025-04-15T15:40:56","guid":{"rendered":"https:\/\/radiohuancayo.com.pe\/wp54\/?p=29960"},"modified":"2025-04-15T10:40:57","modified_gmt":"2025-04-15T15:40:57","slug":"jorge-fossati-volvera-a-dirigir-a-universitario-de-deportes-segun-prensa-uruguaya","status":"publish","type":"post","link":"https:\/\/radiohuancayo.com.pe\/wp54\/jorge-fossati-volvera-a-dirigir-a-universitario-de-deportes-segun-prensa-uruguaya\/","title":{"rendered":"Jorge Fossati volver\u00e1 a dirigir a Universitario de Deportes, seg\u00fan prensa uruguaya"},"content":{"rendered":"\n<p>Tras la salida de Fabi\u00e1n Bustos a Olimpia, Universitario de Deportes ya tendr\u00eda t\u00e9cnico y el elegido ser\u00eda Jorge Fossati. Seg\u00fan inform\u00f3 la prensa uruguaya, a trav\u00e9s del periodista Sebas Giovanelli, el ex entrenador de la selecci\u00f3n peruana pegar\u00eda la vuelta a tienda crema y en las pr\u00f3ximas horas se har\u00e1 oficial.<\/p>\n\n\n\n<p>Las cosas de la vida, un\u00a0<strong>d\u00eda Fossati se encuentra fuera de la selecci\u00f3n nacional\u00a0<\/strong>y al otro\u00a0<strong>estar\u00eda cerca del club con el cual fue campe\u00f3n en 2023<\/strong>. La ma\u00f1ana de este 15 de abril despert\u00f3 con la noticia que mover\u00e1 a todos los hinchas de Universitario de Deportes. Seg\u00fan inform\u00f3 el comunicador Giovanelli, Jorge ya habr\u00eda vuelto a la \u00abU\u00bb y que solo es cuesti\u00f3n de horas para que se vuelva oficial. Todo esto a trav\u00e9s de X (Antes Twitter). \u00ab<strong><em>Ahora. Jorge Fossati vuelve a Universitario. En las pr\u00f3ximas horas ser\u00e1 oficial\u00bb<\/em><\/strong>, se puede leer.<\/p>\n\n\n\n<figure class=\"wp-block-image size-large\"><img fetchpriority=\"high\" decoding=\"async\" width=\"630\" height=\"1024\" src=\"https:\/\/radiohuancayo.com.pe\/wp54\/wp-content\/uploads\/2025\/04\/image-27-630x1024.png\" alt=\"\" class=\"wp-image-29961\" srcset=\"https:\/\/radiohuancayo.com.pe\/wp54\/wp-content\/uploads\/2025\/04\/image-27-630x1024.png 630w, https:\/\/radiohuancayo.com.pe\/wp54\/wp-content\/uploads\/2025\/04\/image-27-185x300.png 185w, https:\/\/radiohuancayo.com.pe\/wp54\/wp-content\/uploads\/2025\/04\/image-27.png 652w\" sizes=\"(max-width: 630px) 100vw, 630px\" \/><\/figure>\n\n\n\n<h2 class=\"wp-block-heading\">Jean Ferrari no descart\u00f3 a Jorge Fossati<\/h2>\n\n\n\n<p>Este lunes, Universitario organiz\u00f3 una conferencia para despedir a Fabi\u00e1n Bustos donde estuvo presente el administrador temporal del club de Ate, a quien se le consult\u00f3 de forma espec\u00edfica sobre la alternativa del experimentado t\u00e9cnico de 72 a\u00f1os, dejando at\u00f3nitos a todos al no descartarlo por completo y asegurando que las opciones est\u00e1n abiertas para los que tengan el perfil que buscan en el club.&nbsp;<em>\u00ab<\/em><strong><em>Hoy las posibilidades se abren absolutamente para todos los entrenadores que calcen dentro del perfil que estamos buscando\u00bb<\/em>&nbsp;<\/strong>declar\u00f3 Ferrari a los medios de comunicaci\u00f3n presentes en la rueda de prensa.<\/p>\n","protected":false},"excerpt":{"rendered":"<p>Tras la salida de Fabi\u00e1n Bustos a Olimpia, Universitario de Deportes ya tendr\u00eda t\u00e9cnico y el elegido ser\u00eda Jorge Fossati. Seg\u00fan inform\u00f3 la prensa uruguaya, a trav\u00e9s del periodista Sebas Giovanelli, el ex entrenador de la selecci\u00f3n peruana pegar\u00eda la vuelta a tienda crema y en las pr\u00f3ximas horas se har\u00e1 oficial. Las cosas de la vida, un\u00a0d\u00eda Fossati se encuentra fuera de la selecci\u00f3n nacional\u00a0y al otro\u00a0estar\u00eda cerca del club con el cual fue campe\u00f3n en 2023. La ma\u00f1ana de este 15 de abril despert\u00f3 con la noticia que mover\u00e1 a todos los hinchas de Universitario de Deportes. Seg\u00fan inform\u00f3 el comunicador Giovanelli, Jorge ya habr\u00eda vuelto a la \u00abU\u00bb y que solo es cuesti\u00f3n de horas para que se vuelva oficial. Todo esto a trav\u00e9s de X (Antes Twitter). \u00abAhora. Jorge Fossati vuelve a Universitario. En las pr\u00f3ximas horas ser\u00e1 oficial\u00bb, se puede leer. Jean Ferrari no descart\u00f3 a Jorge Fossati Este lunes, Universitario organiz\u00f3 una conferencia para despedir a Fabi\u00e1n Bustos donde estuvo presente el administrador temporal del club de Ate, a quien se le consult\u00f3 de forma espec\u00edfica sobre la alternativa del experimentado t\u00e9cnico de 72 a\u00f1os, dejando at\u00f3nitos a todos al no descartarlo por completo y asegurando que las opciones est\u00e1n abiertas para los que tengan el perfil que buscan en el club.&nbsp;\u00abHoy las posibilidades se abren absolutamente para todos los entrenadores que calcen dentro del perfil que estamos buscando\u00bb&nbsp;declar\u00f3 Ferrari a los medios de comunicaci\u00f3n presentes en la rueda de prensa.<\/p>\n","protected":false},"author":2,"featured_media":29962,"comment_status":"open","ping_status":"open","sticky":false,"template":"","format":"standard","meta":{"footnotes":""},"categories":[7],"tags":[],"class_list":["post-29960","post","type-post","status-publish","format-standard","has-post-thumbnail","hentry","category-deportes"],"yoast_head":"<!-- This site is optimized with the Yoast SEO plugin v27.5 - https:\/\/yoast.com\/product\/yoast-seo-wordpress\/ -->\n<title>Jorge Fossati volver\u00e1 a dirigir a Universitario de Deportes, seg\u00fan prensa uruguaya - Radio Huancayo<\/title>\n<meta name=\"robots\" content=\"index, follow, max-snippet:-1, max-image-preview:large, max-video-preview:-1\" \/>\n<link rel=\"canonical\" href=\"https:\/\/radiohuancayo.com.pe\/wp54\/jorge-fossati-volvera-a-dirigir-a-universitario-de-deportes-segun-prensa-uruguaya\/\" \/>\n<meta property=\"og:locale\" content=\"es_ES\" \/>\n<meta property=\"og:type\" content=\"article\" \/>\n<meta property=\"og:title\" content=\"Jorge Fossati volver\u00e1 a dirigir a Universitario de Deportes, seg\u00fan prensa uruguaya - Radio Huancayo\" \/>\n<meta property=\"og:description\" content=\"Tras la salida de Fabi\u00e1n Bustos a Olimpia, Universitario de Deportes ya tendr\u00eda t\u00e9cnico y el elegido ser\u00eda Jorge Fossati. Seg\u00fan inform\u00f3 la prensa uruguaya, a trav\u00e9s del periodista Sebas Giovanelli, el ex entrenador de la selecci\u00f3n peruana pegar\u00eda la vuelta a tienda crema y en las pr\u00f3ximas horas se har\u00e1 oficial. Las cosas de la vida, un\u00a0d\u00eda Fossati se encuentra fuera de la selecci\u00f3n nacional\u00a0y al otro\u00a0estar\u00eda cerca del club con el cual fue campe\u00f3n en 2023. La ma\u00f1ana de este 15 de abril despert\u00f3 con la noticia que mover\u00e1 a todos los hinchas de Universitario de Deportes. Seg\u00fan inform\u00f3 el comunicador Giovanelli, Jorge ya habr\u00eda vuelto a la \u00abU\u00bb y que solo es cuesti\u00f3n de horas para que se vuelva oficial. Todo esto a trav\u00e9s de X (Antes Twitter). \u00abAhora. Jorge Fossati vuelve a Universitario. En las pr\u00f3ximas horas ser\u00e1 oficial\u00bb, se puede leer. Jean Ferrari no descart\u00f3 a Jorge Fossati Este lunes, Universitario organiz\u00f3 una conferencia para despedir a Fabi\u00e1n Bustos donde estuvo presente el administrador temporal del club de Ate, a quien se le consult\u00f3 de forma espec\u00edfica sobre la alternativa del experimentado t\u00e9cnico de 72 a\u00f1os, dejando at\u00f3nitos a todos al no descartarlo por completo y asegurando que las opciones est\u00e1n abiertas para los que tengan el perfil que buscan en el club.&nbsp;\u00abHoy las posibilidades se abren absolutamente para todos los entrenadores que calcen dentro del perfil que estamos buscando\u00bb&nbsp;declar\u00f3 Ferrari a los medios de comunicaci\u00f3n presentes en la rueda de prensa.\" \/>\n<meta property=\"og:url\" content=\"https:\/\/radiohuancayo.com.pe\/wp54\/jorge-fossati-volvera-a-dirigir-a-universitario-de-deportes-segun-prensa-uruguaya\/\" \/>\n<meta property=\"og:site_name\" content=\"Radio Huancayo\" \/>\n<meta property=\"article:published_time\" content=\"2025-04-15T15:40:56+00:00\" \/>\n<meta property=\"article:modified_time\" content=\"2025-04-15T15:40:57+00:00\" \/>\n<meta property=\"og:image\" content=\"https:\/\/radiohuancayo.com.pe\/wp54\/wp-content\/uploads\/2025\/04\/image-28.png\" \/>\n\t<meta property=\"og:image:width\" content=\"652\" \/>\n\t<meta property=\"og:image:height\" content=\"358\" \/>\n\t<meta property=\"og:image:type\" content=\"image\/png\" \/>\n<meta name=\"author\" content=\"Michel Sanchez\" \/>\n<meta name=\"twitter:card\" content=\"summary_large_image\" \/>\n<meta name=\"twitter:label1\" content=\"Escrito por\" \/>\n\t<meta name=\"twitter:data1\" content=\"Michel Sanchez\" \/>\n\t<meta name=\"twitter:label2\" content=\"Tiempo de lectura\" \/>\n\t<meta name=\"twitter:data2\" content=\"2 minutos\" \/>\n<script type=\"application\/ld+json\" class=\"yoast-schema-graph\">{\"@context\":\"https:\\\/\\\/schema.org\",\"@graph\":[{\"@type\":\"Article\",\"@id\":\"https:\\\/\\\/radiohuancayo.com.pe\\\/wp54\\\/jorge-fossati-volvera-a-dirigir-a-universitario-de-deportes-segun-prensa-uruguaya\\\/#article\",\"isPartOf\":{\"@id\":\"https:\\\/\\\/radiohuancayo.com.pe\\\/wp54\\\/jorge-fossati-volvera-a-dirigir-a-universitario-de-deportes-segun-prensa-uruguaya\\\/\"},\"author\":{\"name\":\"Michel Sanchez\",\"@id\":\"https:\\\/\\\/radiohuancayo.com.pe\\\/wp54\\\/#\\\/schema\\\/person\\\/74fb124dee9900c6f4d0535fa1d2b5ae\"},\"headline\":\"Jorge Fossati volver\u00e1 a dirigir a Universitario de Deportes, seg\u00fan prensa uruguaya\",\"datePublished\":\"2025-04-15T15:40:56+00:00\",\"dateModified\":\"2025-04-15T15:40:57+00:00\",\"mainEntityOfPage\":{\"@id\":\"https:\\\/\\\/radiohuancayo.com.pe\\\/wp54\\\/jorge-fossati-volvera-a-dirigir-a-universitario-de-deportes-segun-prensa-uruguaya\\\/\"},\"wordCount\":290,\"commentCount\":0,\"publisher\":{\"@id\":\"https:\\\/\\\/radiohuancayo.com.pe\\\/wp54\\\/#organization\"},\"image\":{\"@id\":\"https:\\\/\\\/radiohuancayo.com.pe\\\/wp54\\\/jorge-fossati-volvera-a-dirigir-a-universitario-de-deportes-segun-prensa-uruguaya\\\/#primaryimage\"},\"thumbnailUrl\":\"https:\\\/\\\/radiohuancayo.com.pe\\\/wp54\\\/wp-content\\\/uploads\\\/2025\\\/04\\\/image-28.png\",\"articleSection\":[\"Deportes\"],\"inLanguage\":\"es\",\"potentialAction\":[{\"@type\":\"CommentAction\",\"name\":\"Comment\",\"target\":[\"https:\\\/\\\/radiohuancayo.com.pe\\\/wp54\\\/jorge-fossati-volvera-a-dirigir-a-universitario-de-deportes-segun-prensa-uruguaya\\\/#respond\"]}]},{\"@type\":\"WebPage\",\"@id\":\"https:\\\/\\\/radiohuancayo.com.pe\\\/wp54\\\/jorge-fossati-volvera-a-dirigir-a-universitario-de-deportes-segun-prensa-uruguaya\\\/\",\"url\":\"https:\\\/\\\/radiohuancayo.com.pe\\\/wp54\\\/jorge-fossati-volvera-a-dirigir-a-universitario-de-deportes-segun-prensa-uruguaya\\\/\",\"name\":\"Jorge Fossati volver\u00e1 a dirigir a Universitario de Deportes, seg\u00fan prensa uruguaya - Radio Huancayo\",\"isPartOf\":{\"@id\":\"https:\\\/\\\/radiohuancayo.com.pe\\\/wp54\\\/#website\"},\"primaryImageOfPage\":{\"@id\":\"https:\\\/\\\/radiohuancayo.com.pe\\\/wp54\\\/jorge-fossati-volvera-a-dirigir-a-universitario-de-deportes-segun-prensa-uruguaya\\\/#primaryimage\"},\"image\":{\"@id\":\"https:\\\/\\\/radiohuancayo.com.pe\\\/wp54\\\/jorge-fossati-volvera-a-dirigir-a-universitario-de-deportes-segun-prensa-uruguaya\\\/#primaryimage\"},\"thumbnailUrl\":\"https:\\\/\\\/radiohuancayo.com.pe\\\/wp54\\\/wp-content\\\/uploads\\\/2025\\\/04\\\/image-28.png\",\"datePublished\":\"2025-04-15T15:40:56+00:00\",\"dateModified\":\"2025-04-15T15:40:57+00:00\",\"breadcrumb\":{\"@id\":\"https:\\\/\\\/radiohuancayo.com.pe\\\/wp54\\\/jorge-fossati-volvera-a-dirigir-a-universitario-de-deportes-segun-prensa-uruguaya\\\/#breadcrumb\"},\"inLanguage\":\"es\",\"potentialAction\":[{\"@type\":\"ReadAction\",\"target\":[\"https:\\\/\\\/radiohuancayo.com.pe\\\/wp54\\\/jorge-fossati-volvera-a-dirigir-a-universitario-de-deportes-segun-prensa-uruguaya\\\/\"]}]},{\"@type\":\"ImageObject\",\"inLanguage\":\"es\",\"@id\":\"https:\\\/\\\/radiohuancayo.com.pe\\\/wp54\\\/jorge-fossati-volvera-a-dirigir-a-universitario-de-deportes-segun-prensa-uruguaya\\\/#primaryimage\",\"url\":\"https:\\\/\\\/radiohuancayo.com.pe\\\/wp54\\\/wp-content\\\/uploads\\\/2025\\\/04\\\/image-28.png\",\"contentUrl\":\"https:\\\/\\\/radiohuancayo.com.pe\\\/wp54\\\/wp-content\\\/uploads\\\/2025\\\/04\\\/image-28.png\",\"width\":652,\"height\":358},{\"@type\":\"BreadcrumbList\",\"@id\":\"https:\\\/\\\/radiohuancayo.com.pe\\\/wp54\\\/jorge-fossati-volvera-a-dirigir-a-universitario-de-deportes-segun-prensa-uruguaya\\\/#breadcrumb\",\"itemListElement\":[{\"@type\":\"ListItem\",\"position\":1,\"name\":\"Portada\",\"item\":\"https:\\\/\\\/radiohuancayo.com.pe\\\/wp54\\\/\"},{\"@type\":\"ListItem\",\"position\":2,\"name\":\"Jorge Fossati volver\u00e1 a dirigir a Universitario de Deportes, seg\u00fan prensa uruguaya\"}]},{\"@type\":\"WebSite\",\"@id\":\"https:\\\/\\\/radiohuancayo.com.pe\\\/wp54\\\/#website\",\"url\":\"https:\\\/\\\/radiohuancayo.com.pe\\\/wp54\\\/\",\"name\":\"Radio Huancayo\",\"description\":\"me gusta!!!\",\"publisher\":{\"@id\":\"https:\\\/\\\/radiohuancayo.com.pe\\\/wp54\\\/#organization\"},\"potentialAction\":[{\"@type\":\"SearchAction\",\"target\":{\"@type\":\"EntryPoint\",\"urlTemplate\":\"https:\\\/\\\/radiohuancayo.com.pe\\\/wp54\\\/?s={search_term_string}\"},\"query-input\":{\"@type\":\"PropertyValueSpecification\",\"valueRequired\":true,\"valueName\":\"search_term_string\"}}],\"inLanguage\":\"es\"},{\"@type\":\"Organization\",\"@id\":\"https:\\\/\\\/radiohuancayo.com.pe\\\/wp54\\\/#organization\",\"name\":\"Radio Huancayo\",\"url\":\"https:\\\/\\\/radiohuancayo.com.pe\\\/wp54\\\/\",\"logo\":{\"@type\":\"ImageObject\",\"inLanguage\":\"es\",\"@id\":\"https:\\\/\\\/radiohuancayo.com.pe\\\/wp54\\\/#\\\/schema\\\/logo\\\/image\\\/\",\"url\":\"https:\\\/\\\/radiohuancayo.com.pe\\\/wp54\\\/wp-content\\\/uploads\\\/2022\\\/04\\\/CABE01.png\",\"contentUrl\":\"https:\\\/\\\/radiohuancayo.com.pe\\\/wp54\\\/wp-content\\\/uploads\\\/2022\\\/04\\\/CABE01.png\",\"width\":1640,\"height\":300,\"caption\":\"Radio Huancayo\"},\"image\":{\"@id\":\"https:\\\/\\\/radiohuancayo.com.pe\\\/wp54\\\/#\\\/schema\\\/logo\\\/image\\\/\"}},{\"@type\":\"Person\",\"@id\":\"https:\\\/\\\/radiohuancayo.com.pe\\\/wp54\\\/#\\\/schema\\\/person\\\/74fb124dee9900c6f4d0535fa1d2b5ae\",\"name\":\"Michel Sanchez\",\"image\":{\"@type\":\"ImageObject\",\"inLanguage\":\"es\",\"@id\":\"https:\\\/\\\/secure.gravatar.com\\\/avatar\\\/f7f6944c01b3f15a174d0cf055aea75c46697913fc8a9cf5c3cf3e8800c645f6?s=96&d=mm&r=g\",\"url\":\"https:\\\/\\\/secure.gravatar.com\\\/avatar\\\/f7f6944c01b3f15a174d0cf055aea75c46697913fc8a9cf5c3cf3e8800c645f6?s=96&d=mm&r=g\",\"contentUrl\":\"https:\\\/\\\/secure.gravatar.com\\\/avatar\\\/f7f6944c01b3f15a174d0cf055aea75c46697913fc8a9cf5c3cf3e8800c645f6?s=96&d=mm&r=g\",\"caption\":\"Michel Sanchez\"},\"url\":\"https:\\\/\\\/radiohuancayo.com.pe\\\/wp54\\\/author\\\/memoris\\\/\"}]}<\/script>\n<!-- \/ Yoast SEO plugin. -->","yoast_head_json":{"title":"Jorge Fossati volver\u00e1 a dirigir a Universitario de Deportes, seg\u00fan prensa uruguaya - Radio Huancayo","robots":{"index":"index","follow":"follow","max-snippet":"max-snippet:-1","max-image-preview":"max-image-preview:large","max-video-preview":"max-video-preview:-1"},"canonical":"https:\/\/radiohuancayo.com.pe\/wp54\/jorge-fossati-volvera-a-dirigir-a-universitario-de-deportes-segun-prensa-uruguaya\/","og_locale":"es_ES","og_type":"article","og_title":"Jorge Fossati volver\u00e1 a dirigir a Universitario de Deportes, seg\u00fan prensa uruguaya - Radio Huancayo","og_description":"Tras la salida de Fabi\u00e1n Bustos a Olimpia, Universitario de Deportes ya tendr\u00eda t\u00e9cnico y el elegido ser\u00eda Jorge Fossati. Seg\u00fan inform\u00f3 la prensa uruguaya, a trav\u00e9s del periodista Sebas Giovanelli, el ex entrenador de la selecci\u00f3n peruana pegar\u00eda la vuelta a tienda crema y en las pr\u00f3ximas horas se har\u00e1 oficial. Las cosas de la vida, un\u00a0d\u00eda Fossati se encuentra fuera de la selecci\u00f3n nacional\u00a0y al otro\u00a0estar\u00eda cerca del club con el cual fue campe\u00f3n en 2023. La ma\u00f1ana de este 15 de abril despert\u00f3 con la noticia que mover\u00e1 a todos los hinchas de Universitario de Deportes. Seg\u00fan inform\u00f3 el comunicador Giovanelli, Jorge ya habr\u00eda vuelto a la \u00abU\u00bb y que solo es cuesti\u00f3n de horas para que se vuelva oficial. Todo esto a trav\u00e9s de X (Antes Twitter). \u00abAhora. Jorge Fossati vuelve a Universitario. En las pr\u00f3ximas horas ser\u00e1 oficial\u00bb, se puede leer. Jean Ferrari no descart\u00f3 a Jorge Fossati Este lunes, Universitario organiz\u00f3 una conferencia para despedir a Fabi\u00e1n Bustos donde estuvo presente el administrador temporal del club de Ate, a quien se le consult\u00f3 de forma espec\u00edfica sobre la alternativa del experimentado t\u00e9cnico de 72 a\u00f1os, dejando at\u00f3nitos a todos al no descartarlo por completo y asegurando que las opciones est\u00e1n abiertas para los que tengan el perfil que buscan en el club.&nbsp;\u00abHoy las posibilidades se abren absolutamente para todos los entrenadores que calcen dentro del perfil que estamos buscando\u00bb&nbsp;declar\u00f3 Ferrari a los medios de comunicaci\u00f3n presentes en la rueda de prensa.","og_url":"https:\/\/radiohuancayo.com.pe\/wp54\/jorge-fossati-volvera-a-dirigir-a-universitario-de-deportes-segun-prensa-uruguaya\/","og_site_name":"Radio Huancayo","article_published_time":"2025-04-15T15:40:56+00:00","article_modified_time":"2025-04-15T15:40:57+00:00","og_image":[{"width":652,"height":358,"url":"https:\/\/radiohuancayo.com.pe\/wp54\/wp-content\/uploads\/2025\/04\/image-28.png","type":"image\/png"}],"author":"Michel Sanchez","twitter_card":"summary_large_image","twitter_misc":{"Escrito por":"Michel Sanchez","Tiempo de lectura":"2 minutos"},"schema":{"@context":"https:\/\/schema.org","@graph":[{"@type":"Article","@id":"https:\/\/radiohuancayo.com.pe\/wp54\/jorge-fossati-volvera-a-dirigir-a-universitario-de-deportes-segun-prensa-uruguaya\/#article","isPartOf":{"@id":"https:\/\/radiohuancayo.com.pe\/wp54\/jorge-fossati-volvera-a-dirigir-a-universitario-de-deportes-segun-prensa-uruguaya\/"},"author":{"name":"Michel Sanchez","@id":"https:\/\/radiohuancayo.com.pe\/wp54\/#\/schema\/person\/74fb124dee9900c6f4d0535fa1d2b5ae"},"headline":"Jorge Fossati volver\u00e1 a dirigir a Universitario de Deportes, seg\u00fan prensa uruguaya","datePublished":"2025-04-15T15:40:56+00:00","dateModified":"2025-04-15T15:40:57+00:00","mainEntityOfPage":{"@id":"https:\/\/radiohuancayo.com.pe\/wp54\/jorge-fossati-volvera-a-dirigir-a-universitario-de-deportes-segun-prensa-uruguaya\/"},"wordCount":290,"commentCount":0,"publisher":{"@id":"https:\/\/radiohuancayo.com.pe\/wp54\/#organization"},"image":{"@id":"https:\/\/radiohuancayo.com.pe\/wp54\/jorge-fossati-volvera-a-dirigir-a-universitario-de-deportes-segun-prensa-uruguaya\/#primaryimage"},"thumbnailUrl":"https:\/\/radiohuancayo.com.pe\/wp54\/wp-content\/uploads\/2025\/04\/image-28.png","articleSection":["Deportes"],"inLanguage":"es","potentialAction":[{"@type":"CommentAction","name":"Comment","target":["https:\/\/radiohuancayo.com.pe\/wp54\/jorge-fossati-volvera-a-dirigir-a-universitario-de-deportes-segun-prensa-uruguaya\/#respond"]}]},{"@type":"WebPage","@id":"https:\/\/radiohuancayo.com.pe\/wp54\/jorge-fossati-volvera-a-dirigir-a-universitario-de-deportes-segun-prensa-uruguaya\/","url":"https:\/\/radiohuancayo.com.pe\/wp54\/jorge-fossati-volvera-a-dirigir-a-universitario-de-deportes-segun-prensa-uruguaya\/","name":"Jorge Fossati volver\u00e1 a dirigir a Universitario de Deportes, seg\u00fan prensa uruguaya - Radio Huancayo","isPartOf":{"@id":"https:\/\/radiohuancayo.com.pe\/wp54\/#website"},"primaryImageOfPage":{"@id":"https:\/\/radiohuancayo.com.pe\/wp54\/jorge-fossati-volvera-a-dirigir-a-universitario-de-deportes-segun-prensa-uruguaya\/#primaryimage"},"image":{"@id":"https:\/\/radiohuancayo.com.pe\/wp54\/jorge-fossati-volvera-a-dirigir-a-universitario-de-deportes-segun-prensa-uruguaya\/#primaryimage"},"thumbnailUrl":"https:\/\/radiohuancayo.com.pe\/wp54\/wp-content\/uploads\/2025\/04\/image-28.png","datePublished":"2025-04-15T15:40:56+00:00","dateModified":"2025-04-15T15:40:57+00:00","breadcrumb":{"@id":"https:\/\/radiohuancayo.com.pe\/wp54\/jorge-fossati-volvera-a-dirigir-a-universitario-de-deportes-segun-prensa-uruguaya\/#breadcrumb"},"inLanguage":"es","potentialAction":[{"@type":"ReadAction","target":["https:\/\/radiohuancayo.com.pe\/wp54\/jorge-fossati-volvera-a-dirigir-a-universitario-de-deportes-segun-prensa-uruguaya\/"]}]},{"@type":"ImageObject","inLanguage":"es","@id":"https:\/\/radiohuancayo.com.pe\/wp54\/jorge-fossati-volvera-a-dirigir-a-universitario-de-deportes-segun-prensa-uruguaya\/#primaryimage","url":"https:\/\/radiohuancayo.com.pe\/wp54\/wp-content\/uploads\/2025\/04\/image-28.png","contentUrl":"https:\/\/radiohuancayo.com.pe\/wp54\/wp-content\/uploads\/2025\/04\/image-28.png","width":652,"height":358},{"@type":"BreadcrumbList","@id":"https:\/\/radiohuancayo.com.pe\/wp54\/jorge-fossati-volvera-a-dirigir-a-universitario-de-deportes-segun-prensa-uruguaya\/#breadcrumb","itemListElement":[{"@type":"ListItem","position":1,"name":"Portada","item":"https:\/\/radiohuancayo.com.pe\/wp54\/"},{"@type":"ListItem","position":2,"name":"Jorge Fossati volver\u00e1 a dirigir a Universitario de Deportes, seg\u00fan prensa uruguaya"}]},{"@type":"WebSite","@id":"https:\/\/radiohuancayo.com.pe\/wp54\/#website","url":"https:\/\/radiohuancayo.com.pe\/wp54\/","name":"Radio Huancayo","description":"me gusta!!!","publisher":{"@id":"https:\/\/radiohuancayo.com.pe\/wp54\/#organization"},"potentialAction":[{"@type":"SearchAction","target":{"@type":"EntryPoint","urlTemplate":"https:\/\/radiohuancayo.com.pe\/wp54\/?s={search_term_string}"},"query-input":{"@type":"PropertyValueSpecification","valueRequired":true,"valueName":"search_term_string"}}],"inLanguage":"es"},{"@type":"Organization","@id":"https:\/\/radiohuancayo.com.pe\/wp54\/#organization","name":"Radio Huancayo","url":"https:\/\/radiohuancayo.com.pe\/wp54\/","logo":{"@type":"ImageObject","inLanguage":"es","@id":"https:\/\/radiohuancayo.com.pe\/wp54\/#\/schema\/logo\/image\/","url":"https:\/\/radiohuancayo.com.pe\/wp54\/wp-content\/uploads\/2022\/04\/CABE01.png","contentUrl":"https:\/\/radiohuancayo.com.pe\/wp54\/wp-content\/uploads\/2022\/04\/CABE01.png","width":1640,"height":300,"caption":"Radio Huancayo"},"image":{"@id":"https:\/\/radiohuancayo.com.pe\/wp54\/#\/schema\/logo\/image\/"}},{"@type":"Person","@id":"https:\/\/radiohuancayo.com.pe\/wp54\/#\/schema\/person\/74fb124dee9900c6f4d0535fa1d2b5ae","name":"Michel Sanchez","image":{"@type":"ImageObject","inLanguage":"es","@id":"https:\/\/secure.gravatar.com\/avatar\/f7f6944c01b3f15a174d0cf055aea75c46697913fc8a9cf5c3cf3e8800c645f6?s=96&d=mm&r=g","url":"https:\/\/secure.gravatar.com\/avatar\/f7f6944c01b3f15a174d0cf055aea75c46697913fc8a9cf5c3cf3e8800c645f6?s=96&d=mm&r=g","contentUrl":"https:\/\/secure.gravatar.com\/avatar\/f7f6944c01b3f15a174d0cf055aea75c46697913fc8a9cf5c3cf3e8800c645f6?s=96&d=mm&r=g","caption":"Michel Sanchez"},"url":"https:\/\/radiohuancayo.com.pe\/wp54\/author\/memoris\/"}]}},"_links":{"self":[{"href":"https:\/\/radiohuancayo.com.pe\/wp54\/wp-json\/wp\/v2\/posts\/29960","targetHints":{"allow":["GET"]}}],"collection":[{"href":"https:\/\/radiohuancayo.com.pe\/wp54\/wp-json\/wp\/v2\/posts"}],"about":[{"href":"https:\/\/radiohuancayo.com.pe\/wp54\/wp-json\/wp\/v2\/types\/post"}],"author":[{"embeddable":true,"href":"https:\/\/radiohuancayo.com.pe\/wp54\/wp-json\/wp\/v2\/users\/2"}],"replies":[{"embeddable":true,"href":"https:\/\/radiohuancayo.com.pe\/wp54\/wp-json\/wp\/v2\/comments?post=29960"}],"version-history":[{"count":1,"href":"https:\/\/radiohuancayo.com.pe\/wp54\/wp-json\/wp\/v2\/posts\/29960\/revisions"}],"predecessor-version":[{"id":29963,"href":"https:\/\/radiohuancayo.com.pe\/wp54\/wp-json\/wp\/v2\/posts\/29960\/revisions\/29963"}],"wp:featuredmedia":[{"embeddable":true,"href":"https:\/\/radiohuancayo.com.pe\/wp54\/wp-json\/wp\/v2\/media\/29962"}],"wp:attachment":[{"href":"https:\/\/radiohuancayo.com.pe\/wp54\/wp-json\/wp\/v2\/media?parent=29960"}],"wp:term":[{"taxonomy":"category","embeddable":true,"href":"https:\/\/radiohuancayo.com.pe\/wp54\/wp-json\/wp\/v2\/categories?post=29960"},{"taxonomy":"post_tag","embeddable":true,"href":"https:\/\/radiohuancayo.com.pe\/wp54\/wp-json\/wp\/v2\/tags?post=29960"}],"curies":[{"name":"wp","href":"https:\/\/api.w.org\/{rel}","templated":true}]}}