{"id":29971,"date":"2025-04-15T11:01:56","date_gmt":"2025-04-15T16:01:56","guid":{"rendered":"https:\/\/radiohuancayo.com.pe\/wp54\/?p=29971"},"modified":"2025-04-15T11:01:57","modified_gmt":"2025-04-15T16:01:57","slug":"flick-tenemos-que-estar-centrados-y-jugar-como-sabemos","status":"publish","type":"post","link":"https:\/\/radiohuancayo.com.pe\/wp54\/flick-tenemos-que-estar-centrados-y-jugar-como-sabemos\/","title":{"rendered":"Flick: \u00abTenemos que estar centrados y jugar como sabemos\u00bb"},"content":{"rendered":"\n<p>Hansi Flick, t\u00e9cnico del Barcelona, habl\u00f3 en la previa del partido de vuelta de cuartos de final de la Champions League ante Borussia Dortmund. Los azulgranas tienen una ventaja de 4-0.<\/p>\n\n\n\n<p>\u00abTenemos un muy buen equipo. Tenemos de estar muy centrados y jugar como sabemos. Tenemos suerte de llegar con ventaja porque el partido de ma\u00f1ana ser\u00e1 muy dif\u00edcil. Quiero que mi equipo disfrute de jugar contra uno de los equipos m\u00e1s importantes de toda Europa. Queremos hacer un buen partido y mantener el nivel del 4-0 de la ida\u00bb, dijo el alem\u00e1n.<\/p>\n\n\n\n<p>Con respecto a Dani Olmo coment\u00f3: \u00abVeremos si ma\u00f1ana puede jugar o no. Tiene una gran calidad, pero es cierto que no siempre hemos podido contar con \u00e9l por las lesiones\u00bb.<\/p>\n\n\n\n<p>\u00abTodo lo que venga ser\u00e1 bienvenido, pero eso es futuro y nos tenemos que centrar en el choque contra el Dortmund. Nos tenemos que centrar en el partido de ma\u00f1ana\u00bb, finaliz\u00f3.<\/p>\n","protected":false},"excerpt":{"rendered":"<p>Hansi Flick, t\u00e9cnico del Barcelona, habl\u00f3 en la previa del partido de vuelta de cuartos de final de la Champions League ante Borussia Dortmund. Los azulgranas tienen una ventaja de 4-0. \u00abTenemos un muy buen equipo. Tenemos de estar muy centrados y jugar como sabemos. Tenemos suerte de llegar con ventaja porque el partido de ma\u00f1ana ser\u00e1 muy dif\u00edcil. Quiero que mi equipo disfrute de jugar contra uno de los equipos m\u00e1s importantes de toda Europa. Queremos hacer un buen partido y mantener el nivel del 4-0 de la ida\u00bb, dijo el alem\u00e1n. Con respecto a Dani Olmo coment\u00f3: \u00abVeremos si ma\u00f1ana puede jugar o no. Tiene una gran calidad, pero es cierto que no siempre hemos podido contar con \u00e9l por las lesiones\u00bb. \u00abTodo lo que venga ser\u00e1 bienvenido, pero eso es futuro y nos tenemos que centrar en el choque contra el Dortmund. Nos tenemos que centrar en el partido de ma\u00f1ana\u00bb, finaliz\u00f3.<\/p>\n","protected":false},"author":2,"featured_media":29972,"comment_status":"open","ping_status":"open","sticky":false,"template":"","format":"standard","meta":{"footnotes":""},"categories":[7],"tags":[],"class_list":["post-29971","post","type-post","status-publish","format-standard","has-post-thumbnail","hentry","category-deportes"],"yoast_head":"<!-- This site is optimized with the Yoast SEO plugin v27.5 - https:\/\/yoast.com\/product\/yoast-seo-wordpress\/ -->\n<title>Flick: &quot;Tenemos que estar centrados y jugar como sabemos&quot; - Radio Huancayo<\/title>\n<meta name=\"robots\" content=\"index, follow, max-snippet:-1, max-image-preview:large, max-video-preview:-1\" \/>\n<link rel=\"canonical\" href=\"https:\/\/radiohuancayo.com.pe\/wp54\/flick-tenemos-que-estar-centrados-y-jugar-como-sabemos\/\" \/>\n<meta property=\"og:locale\" content=\"es_ES\" \/>\n<meta property=\"og:type\" content=\"article\" \/>\n<meta property=\"og:title\" content=\"Flick: &quot;Tenemos que estar centrados y jugar como sabemos&quot; - Radio Huancayo\" \/>\n<meta property=\"og:description\" content=\"Hansi Flick, t\u00e9cnico del Barcelona, habl\u00f3 en la previa del partido de vuelta de cuartos de final de la Champions League ante Borussia Dortmund. Los azulgranas tienen una ventaja de 4-0. \u00abTenemos un muy buen equipo. Tenemos de estar muy centrados y jugar como sabemos. Tenemos suerte de llegar con ventaja porque el partido de ma\u00f1ana ser\u00e1 muy dif\u00edcil. Quiero que mi equipo disfrute de jugar contra uno de los equipos m\u00e1s importantes de toda Europa. Queremos hacer un buen partido y mantener el nivel del 4-0 de la ida\u00bb, dijo el alem\u00e1n. Con respecto a Dani Olmo coment\u00f3: \u00abVeremos si ma\u00f1ana puede jugar o no. Tiene una gran calidad, pero es cierto que no siempre hemos podido contar con \u00e9l por las lesiones\u00bb. \u00abTodo lo que venga ser\u00e1 bienvenido, pero eso es futuro y nos tenemos que centrar en el choque contra el Dortmund. Nos tenemos que centrar en el partido de ma\u00f1ana\u00bb, finaliz\u00f3.\" \/>\n<meta property=\"og:url\" content=\"https:\/\/radiohuancayo.com.pe\/wp54\/flick-tenemos-que-estar-centrados-y-jugar-como-sabemos\/\" \/>\n<meta property=\"og:site_name\" content=\"Radio Huancayo\" \/>\n<meta property=\"article:published_time\" content=\"2025-04-15T16:01:56+00:00\" \/>\n<meta property=\"article:modified_time\" content=\"2025-04-15T16:01:57+00:00\" \/>\n<meta property=\"og:image\" content=\"https:\/\/radiohuancayo.com.pe\/wp54\/wp-content\/uploads\/2025\/04\/image-32.png\" \/>\n\t<meta property=\"og:image:width\" content=\"1200\" \/>\n\t<meta property=\"og:image:height\" content=\"630\" \/>\n\t<meta property=\"og:image:type\" content=\"image\/png\" \/>\n<meta name=\"author\" content=\"Michel Sanchez\" \/>\n<meta name=\"twitter:card\" content=\"summary_large_image\" \/>\n<meta name=\"twitter:label1\" content=\"Escrito por\" \/>\n\t<meta name=\"twitter:data1\" content=\"Michel Sanchez\" \/>\n\t<meta name=\"twitter:label2\" content=\"Tiempo de lectura\" \/>\n\t<meta name=\"twitter:data2\" content=\"1 minuto\" \/>\n<script type=\"application\/ld+json\" class=\"yoast-schema-graph\">{\"@context\":\"https:\\\/\\\/schema.org\",\"@graph\":[{\"@type\":\"Article\",\"@id\":\"https:\\\/\\\/radiohuancayo.com.pe\\\/wp54\\\/flick-tenemos-que-estar-centrados-y-jugar-como-sabemos\\\/#article\",\"isPartOf\":{\"@id\":\"https:\\\/\\\/radiohuancayo.com.pe\\\/wp54\\\/flick-tenemos-que-estar-centrados-y-jugar-como-sabemos\\\/\"},\"author\":{\"name\":\"Michel Sanchez\",\"@id\":\"https:\\\/\\\/radiohuancayo.com.pe\\\/wp54\\\/#\\\/schema\\\/person\\\/74fb124dee9900c6f4d0535fa1d2b5ae\"},\"headline\":\"Flick: \u00abTenemos que estar centrados y jugar como sabemos\u00bb\",\"datePublished\":\"2025-04-15T16:01:56+00:00\",\"dateModified\":\"2025-04-15T16:01:57+00:00\",\"mainEntityOfPage\":{\"@id\":\"https:\\\/\\\/radiohuancayo.com.pe\\\/wp54\\\/flick-tenemos-que-estar-centrados-y-jugar-como-sabemos\\\/\"},\"wordCount\":171,\"commentCount\":0,\"publisher\":{\"@id\":\"https:\\\/\\\/radiohuancayo.com.pe\\\/wp54\\\/#organization\"},\"image\":{\"@id\":\"https:\\\/\\\/radiohuancayo.com.pe\\\/wp54\\\/flick-tenemos-que-estar-centrados-y-jugar-como-sabemos\\\/#primaryimage\"},\"thumbnailUrl\":\"https:\\\/\\\/radiohuancayo.com.pe\\\/wp54\\\/wp-content\\\/uploads\\\/2025\\\/04\\\/image-32.png\",\"articleSection\":[\"Deportes\"],\"inLanguage\":\"es\",\"potentialAction\":[{\"@type\":\"CommentAction\",\"name\":\"Comment\",\"target\":[\"https:\\\/\\\/radiohuancayo.com.pe\\\/wp54\\\/flick-tenemos-que-estar-centrados-y-jugar-como-sabemos\\\/#respond\"]}]},{\"@type\":\"WebPage\",\"@id\":\"https:\\\/\\\/radiohuancayo.com.pe\\\/wp54\\\/flick-tenemos-que-estar-centrados-y-jugar-como-sabemos\\\/\",\"url\":\"https:\\\/\\\/radiohuancayo.com.pe\\\/wp54\\\/flick-tenemos-que-estar-centrados-y-jugar-como-sabemos\\\/\",\"name\":\"Flick: \\\"Tenemos que estar centrados y jugar como sabemos\\\" - Radio Huancayo\",\"isPartOf\":{\"@id\":\"https:\\\/\\\/radiohuancayo.com.pe\\\/wp54\\\/#website\"},\"primaryImageOfPage\":{\"@id\":\"https:\\\/\\\/radiohuancayo.com.pe\\\/wp54\\\/flick-tenemos-que-estar-centrados-y-jugar-como-sabemos\\\/#primaryimage\"},\"image\":{\"@id\":\"https:\\\/\\\/radiohuancayo.com.pe\\\/wp54\\\/flick-tenemos-que-estar-centrados-y-jugar-como-sabemos\\\/#primaryimage\"},\"thumbnailUrl\":\"https:\\\/\\\/radiohuancayo.com.pe\\\/wp54\\\/wp-content\\\/uploads\\\/2025\\\/04\\\/image-32.png\",\"datePublished\":\"2025-04-15T16:01:56+00:00\",\"dateModified\":\"2025-04-15T16:01:57+00:00\",\"breadcrumb\":{\"@id\":\"https:\\\/\\\/radiohuancayo.com.pe\\\/wp54\\\/flick-tenemos-que-estar-centrados-y-jugar-como-sabemos\\\/#breadcrumb\"},\"inLanguage\":\"es\",\"potentialAction\":[{\"@type\":\"ReadAction\",\"target\":[\"https:\\\/\\\/radiohuancayo.com.pe\\\/wp54\\\/flick-tenemos-que-estar-centrados-y-jugar-como-sabemos\\\/\"]}]},{\"@type\":\"ImageObject\",\"inLanguage\":\"es\",\"@id\":\"https:\\\/\\\/radiohuancayo.com.pe\\\/wp54\\\/flick-tenemos-que-estar-centrados-y-jugar-como-sabemos\\\/#primaryimage\",\"url\":\"https:\\\/\\\/radiohuancayo.com.pe\\\/wp54\\\/wp-content\\\/uploads\\\/2025\\\/04\\\/image-32.png\",\"contentUrl\":\"https:\\\/\\\/radiohuancayo.com.pe\\\/wp54\\\/wp-content\\\/uploads\\\/2025\\\/04\\\/image-32.png\",\"width\":1200,\"height\":630},{\"@type\":\"BreadcrumbList\",\"@id\":\"https:\\\/\\\/radiohuancayo.com.pe\\\/wp54\\\/flick-tenemos-que-estar-centrados-y-jugar-como-sabemos\\\/#breadcrumb\",\"itemListElement\":[{\"@type\":\"ListItem\",\"position\":1,\"name\":\"Portada\",\"item\":\"https:\\\/\\\/radiohuancayo.com.pe\\\/wp54\\\/\"},{\"@type\":\"ListItem\",\"position\":2,\"name\":\"Flick: &#8220;Tenemos que estar centrados y jugar como sabemos&#8221;\"}]},{\"@type\":\"WebSite\",\"@id\":\"https:\\\/\\\/radiohuancayo.com.pe\\\/wp54\\\/#website\",\"url\":\"https:\\\/\\\/radiohuancayo.com.pe\\\/wp54\\\/\",\"name\":\"Radio Huancayo\",\"description\":\"me gusta!!!\",\"publisher\":{\"@id\":\"https:\\\/\\\/radiohuancayo.com.pe\\\/wp54\\\/#organization\"},\"potentialAction\":[{\"@type\":\"SearchAction\",\"target\":{\"@type\":\"EntryPoint\",\"urlTemplate\":\"https:\\\/\\\/radiohuancayo.com.pe\\\/wp54\\\/?s={search_term_string}\"},\"query-input\":{\"@type\":\"PropertyValueSpecification\",\"valueRequired\":true,\"valueName\":\"search_term_string\"}}],\"inLanguage\":\"es\"},{\"@type\":\"Organization\",\"@id\":\"https:\\\/\\\/radiohuancayo.com.pe\\\/wp54\\\/#organization\",\"name\":\"Radio Huancayo\",\"url\":\"https:\\\/\\\/radiohuancayo.com.pe\\\/wp54\\\/\",\"logo\":{\"@type\":\"ImageObject\",\"inLanguage\":\"es\",\"@id\":\"https:\\\/\\\/radiohuancayo.com.pe\\\/wp54\\\/#\\\/schema\\\/logo\\\/image\\\/\",\"url\":\"https:\\\/\\\/radiohuancayo.com.pe\\\/wp54\\\/wp-content\\\/uploads\\\/2022\\\/04\\\/CABE01.png\",\"contentUrl\":\"https:\\\/\\\/radiohuancayo.com.pe\\\/wp54\\\/wp-content\\\/uploads\\\/2022\\\/04\\\/CABE01.png\",\"width\":1640,\"height\":300,\"caption\":\"Radio Huancayo\"},\"image\":{\"@id\":\"https:\\\/\\\/radiohuancayo.com.pe\\\/wp54\\\/#\\\/schema\\\/logo\\\/image\\\/\"}},{\"@type\":\"Person\",\"@id\":\"https:\\\/\\\/radiohuancayo.com.pe\\\/wp54\\\/#\\\/schema\\\/person\\\/74fb124dee9900c6f4d0535fa1d2b5ae\",\"name\":\"Michel Sanchez\",\"image\":{\"@type\":\"ImageObject\",\"inLanguage\":\"es\",\"@id\":\"https:\\\/\\\/secure.gravatar.com\\\/avatar\\\/f7f6944c01b3f15a174d0cf055aea75c46697913fc8a9cf5c3cf3e8800c645f6?s=96&d=mm&r=g\",\"url\":\"https:\\\/\\\/secure.gravatar.com\\\/avatar\\\/f7f6944c01b3f15a174d0cf055aea75c46697913fc8a9cf5c3cf3e8800c645f6?s=96&d=mm&r=g\",\"contentUrl\":\"https:\\\/\\\/secure.gravatar.com\\\/avatar\\\/f7f6944c01b3f15a174d0cf055aea75c46697913fc8a9cf5c3cf3e8800c645f6?s=96&d=mm&r=g\",\"caption\":\"Michel Sanchez\"},\"url\":\"https:\\\/\\\/radiohuancayo.com.pe\\\/wp54\\\/author\\\/memoris\\\/\"}]}<\/script>\n<!-- \/ Yoast SEO plugin. -->","yoast_head_json":{"title":"Flick: \"Tenemos que estar centrados y jugar como sabemos\" - Radio Huancayo","robots":{"index":"index","follow":"follow","max-snippet":"max-snippet:-1","max-image-preview":"max-image-preview:large","max-video-preview":"max-video-preview:-1"},"canonical":"https:\/\/radiohuancayo.com.pe\/wp54\/flick-tenemos-que-estar-centrados-y-jugar-como-sabemos\/","og_locale":"es_ES","og_type":"article","og_title":"Flick: \"Tenemos que estar centrados y jugar como sabemos\" - Radio Huancayo","og_description":"Hansi Flick, t\u00e9cnico del Barcelona, habl\u00f3 en la previa del partido de vuelta de cuartos de final de la Champions League ante Borussia Dortmund. Los azulgranas tienen una ventaja de 4-0. \u00abTenemos un muy buen equipo. Tenemos de estar muy centrados y jugar como sabemos. Tenemos suerte de llegar con ventaja porque el partido de ma\u00f1ana ser\u00e1 muy dif\u00edcil. Quiero que mi equipo disfrute de jugar contra uno de los equipos m\u00e1s importantes de toda Europa. Queremos hacer un buen partido y mantener el nivel del 4-0 de la ida\u00bb, dijo el alem\u00e1n. Con respecto a Dani Olmo coment\u00f3: \u00abVeremos si ma\u00f1ana puede jugar o no. Tiene una gran calidad, pero es cierto que no siempre hemos podido contar con \u00e9l por las lesiones\u00bb. \u00abTodo lo que venga ser\u00e1 bienvenido, pero eso es futuro y nos tenemos que centrar en el choque contra el Dortmund. Nos tenemos que centrar en el partido de ma\u00f1ana\u00bb, finaliz\u00f3.","og_url":"https:\/\/radiohuancayo.com.pe\/wp54\/flick-tenemos-que-estar-centrados-y-jugar-como-sabemos\/","og_site_name":"Radio Huancayo","article_published_time":"2025-04-15T16:01:56+00:00","article_modified_time":"2025-04-15T16:01:57+00:00","og_image":[{"width":1200,"height":630,"url":"https:\/\/radiohuancayo.com.pe\/wp54\/wp-content\/uploads\/2025\/04\/image-32.png","type":"image\/png"}],"author":"Michel Sanchez","twitter_card":"summary_large_image","twitter_misc":{"Escrito por":"Michel Sanchez","Tiempo de lectura":"1 minuto"},"schema":{"@context":"https:\/\/schema.org","@graph":[{"@type":"Article","@id":"https:\/\/radiohuancayo.com.pe\/wp54\/flick-tenemos-que-estar-centrados-y-jugar-como-sabemos\/#article","isPartOf":{"@id":"https:\/\/radiohuancayo.com.pe\/wp54\/flick-tenemos-que-estar-centrados-y-jugar-como-sabemos\/"},"author":{"name":"Michel Sanchez","@id":"https:\/\/radiohuancayo.com.pe\/wp54\/#\/schema\/person\/74fb124dee9900c6f4d0535fa1d2b5ae"},"headline":"Flick: \u00abTenemos que estar centrados y jugar como sabemos\u00bb","datePublished":"2025-04-15T16:01:56+00:00","dateModified":"2025-04-15T16:01:57+00:00","mainEntityOfPage":{"@id":"https:\/\/radiohuancayo.com.pe\/wp54\/flick-tenemos-que-estar-centrados-y-jugar-como-sabemos\/"},"wordCount":171,"commentCount":0,"publisher":{"@id":"https:\/\/radiohuancayo.com.pe\/wp54\/#organization"},"image":{"@id":"https:\/\/radiohuancayo.com.pe\/wp54\/flick-tenemos-que-estar-centrados-y-jugar-como-sabemos\/#primaryimage"},"thumbnailUrl":"https:\/\/radiohuancayo.com.pe\/wp54\/wp-content\/uploads\/2025\/04\/image-32.png","articleSection":["Deportes"],"inLanguage":"es","potentialAction":[{"@type":"CommentAction","name":"Comment","target":["https:\/\/radiohuancayo.com.pe\/wp54\/flick-tenemos-que-estar-centrados-y-jugar-como-sabemos\/#respond"]}]},{"@type":"WebPage","@id":"https:\/\/radiohuancayo.com.pe\/wp54\/flick-tenemos-que-estar-centrados-y-jugar-como-sabemos\/","url":"https:\/\/radiohuancayo.com.pe\/wp54\/flick-tenemos-que-estar-centrados-y-jugar-como-sabemos\/","name":"Flick: \"Tenemos que estar centrados y jugar como sabemos\" - Radio Huancayo","isPartOf":{"@id":"https:\/\/radiohuancayo.com.pe\/wp54\/#website"},"primaryImageOfPage":{"@id":"https:\/\/radiohuancayo.com.pe\/wp54\/flick-tenemos-que-estar-centrados-y-jugar-como-sabemos\/#primaryimage"},"image":{"@id":"https:\/\/radiohuancayo.com.pe\/wp54\/flick-tenemos-que-estar-centrados-y-jugar-como-sabemos\/#primaryimage"},"thumbnailUrl":"https:\/\/radiohuancayo.com.pe\/wp54\/wp-content\/uploads\/2025\/04\/image-32.png","datePublished":"2025-04-15T16:01:56+00:00","dateModified":"2025-04-15T16:01:57+00:00","breadcrumb":{"@id":"https:\/\/radiohuancayo.com.pe\/wp54\/flick-tenemos-que-estar-centrados-y-jugar-como-sabemos\/#breadcrumb"},"inLanguage":"es","potentialAction":[{"@type":"ReadAction","target":["https:\/\/radiohuancayo.com.pe\/wp54\/flick-tenemos-que-estar-centrados-y-jugar-como-sabemos\/"]}]},{"@type":"ImageObject","inLanguage":"es","@id":"https:\/\/radiohuancayo.com.pe\/wp54\/flick-tenemos-que-estar-centrados-y-jugar-como-sabemos\/#primaryimage","url":"https:\/\/radiohuancayo.com.pe\/wp54\/wp-content\/uploads\/2025\/04\/image-32.png","contentUrl":"https:\/\/radiohuancayo.com.pe\/wp54\/wp-content\/uploads\/2025\/04\/image-32.png","width":1200,"height":630},{"@type":"BreadcrumbList","@id":"https:\/\/radiohuancayo.com.pe\/wp54\/flick-tenemos-que-estar-centrados-y-jugar-como-sabemos\/#breadcrumb","itemListElement":[{"@type":"ListItem","position":1,"name":"Portada","item":"https:\/\/radiohuancayo.com.pe\/wp54\/"},{"@type":"ListItem","position":2,"name":"Flick: &#8220;Tenemos que estar centrados y jugar como sabemos&#8221;"}]},{"@type":"WebSite","@id":"https:\/\/radiohuancayo.com.pe\/wp54\/#website","url":"https:\/\/radiohuancayo.com.pe\/wp54\/","name":"Radio Huancayo","description":"me gusta!!!","publisher":{"@id":"https:\/\/radiohuancayo.com.pe\/wp54\/#organization"},"potentialAction":[{"@type":"SearchAction","target":{"@type":"EntryPoint","urlTemplate":"https:\/\/radiohuancayo.com.pe\/wp54\/?s={search_term_string}"},"query-input":{"@type":"PropertyValueSpecification","valueRequired":true,"valueName":"search_term_string"}}],"inLanguage":"es"},{"@type":"Organization","@id":"https:\/\/radiohuancayo.com.pe\/wp54\/#organization","name":"Radio Huancayo","url":"https:\/\/radiohuancayo.com.pe\/wp54\/","logo":{"@type":"ImageObject","inLanguage":"es","@id":"https:\/\/radiohuancayo.com.pe\/wp54\/#\/schema\/logo\/image\/","url":"https:\/\/radiohuancayo.com.pe\/wp54\/wp-content\/uploads\/2022\/04\/CABE01.png","contentUrl":"https:\/\/radiohuancayo.com.pe\/wp54\/wp-content\/uploads\/2022\/04\/CABE01.png","width":1640,"height":300,"caption":"Radio Huancayo"},"image":{"@id":"https:\/\/radiohuancayo.com.pe\/wp54\/#\/schema\/logo\/image\/"}},{"@type":"Person","@id":"https:\/\/radiohuancayo.com.pe\/wp54\/#\/schema\/person\/74fb124dee9900c6f4d0535fa1d2b5ae","name":"Michel Sanchez","image":{"@type":"ImageObject","inLanguage":"es","@id":"https:\/\/secure.gravatar.com\/avatar\/f7f6944c01b3f15a174d0cf055aea75c46697913fc8a9cf5c3cf3e8800c645f6?s=96&d=mm&r=g","url":"https:\/\/secure.gravatar.com\/avatar\/f7f6944c01b3f15a174d0cf055aea75c46697913fc8a9cf5c3cf3e8800c645f6?s=96&d=mm&r=g","contentUrl":"https:\/\/secure.gravatar.com\/avatar\/f7f6944c01b3f15a174d0cf055aea75c46697913fc8a9cf5c3cf3e8800c645f6?s=96&d=mm&r=g","caption":"Michel Sanchez"},"url":"https:\/\/radiohuancayo.com.pe\/wp54\/author\/memoris\/"}]}},"_links":{"self":[{"href":"https:\/\/radiohuancayo.com.pe\/wp54\/wp-json\/wp\/v2\/posts\/29971","targetHints":{"allow":["GET"]}}],"collection":[{"href":"https:\/\/radiohuancayo.com.pe\/wp54\/wp-json\/wp\/v2\/posts"}],"about":[{"href":"https:\/\/radiohuancayo.com.pe\/wp54\/wp-json\/wp\/v2\/types\/post"}],"author":[{"embeddable":true,"href":"https:\/\/radiohuancayo.com.pe\/wp54\/wp-json\/wp\/v2\/users\/2"}],"replies":[{"embeddable":true,"href":"https:\/\/radiohuancayo.com.pe\/wp54\/wp-json\/wp\/v2\/comments?post=29971"}],"version-history":[{"count":1,"href":"https:\/\/radiohuancayo.com.pe\/wp54\/wp-json\/wp\/v2\/posts\/29971\/revisions"}],"predecessor-version":[{"id":29973,"href":"https:\/\/radiohuancayo.com.pe\/wp54\/wp-json\/wp\/v2\/posts\/29971\/revisions\/29973"}],"wp:featuredmedia":[{"embeddable":true,"href":"https:\/\/radiohuancayo.com.pe\/wp54\/wp-json\/wp\/v2\/media\/29972"}],"wp:attachment":[{"href":"https:\/\/radiohuancayo.com.pe\/wp54\/wp-json\/wp\/v2\/media?parent=29971"}],"wp:term":[{"taxonomy":"category","embeddable":true,"href":"https:\/\/radiohuancayo.com.pe\/wp54\/wp-json\/wp\/v2\/categories?post=29971"},{"taxonomy":"post_tag","embeddable":true,"href":"https:\/\/radiohuancayo.com.pe\/wp54\/wp-json\/wp\/v2\/tags?post=29971"}],"curies":[{"name":"wp","href":"https:\/\/api.w.org\/{rel}","templated":true}]}}