{"id":30188,"date":"2025-05-26T13:37:57","date_gmt":"2025-05-26T18:37:57","guid":{"rendered":"https:\/\/radiohuancayo.com.pe\/wp54\/?p=30188"},"modified":"2025-05-26T13:38:56","modified_gmt":"2025-05-26T18:38:56","slug":"ya-no-se-llamara-telefonica-del-peru-empresa-alista-cambio-de-nombre","status":"publish","type":"post","link":"https:\/\/radiohuancayo.com.pe\/wp54\/ya-no-se-llamara-telefonica-del-peru-empresa-alista-cambio-de-nombre\/","title":{"rendered":"\u00bfYa no se llamar\u00e1 Telef\u00f3nica del Per\u00fa? Empresa alista cambio de nombre"},"content":{"rendered":"\n<p>La empresa de telefon\u00eda est\u00e1 evaluando cambiar de nombre. As\u00ed lo confirm\u00f3 la propia compa\u00f1\u00eda a trav\u00e9s de un comunicado oficial dirigido a la Superintendencia del Mercado de Valores (SMV).<\/p>\n\n\n\n<p>A trav\u00e9s de un documento de Hecho de Importancia enviado a la Superintendencia del Mercado de Valores (SMV), Telef\u00f3nica del Per\u00fa inform\u00f3 que su directorio ha decidido proponer el cambio de denominaci\u00f3n social de la compa\u00f1\u00eda.<\/p>\n\n\n\n<p>Esto significa que la empresa dejar\u00eda oficialmente de llamarse \u201cTelef\u00f3nica del Per\u00fa S.A.A.\u201d y adoptar\u00eda un nuevo nombre, el cual a\u00fan no ha sido revelado.<\/p>\n\n\n\n<p>Pero no solo eso. Tambi\u00e9n se propondr\u00e1 la creaci\u00f3n de una nueva clase de acciones preferenciales sin derecho a voto, una modalidad que permite a los inversionistas tener acciones que ofrecen ciertos beneficios financieros, pero sin participar en las decisiones de la compa\u00f1\u00eda.<\/p>\n\n\n\n<p>Adem\u00e1s de la modificaci\u00f3n de algunos art\u00edculos de su estatuto social para adecuarse a estos cambios.<\/p>\n\n\n\n<p><strong>\u00bfCu\u00e1ndo se decide esto?<\/strong><br>La empresa convoc\u00f3 a sus accionistas para una Junta General no presencial este 9 de junio de 2025. Si no se logran reunir los votos necesarios ese d\u00eda, se har\u00e1 una segunda convocatoria para el 13 de junio y, de ser necesario, una tercera para el 18 de junio.<\/p>\n\n\n\n<p>Este posible cambio de nombre ocurre en medio del proceso de reorganizaci\u00f3n financiera y societaria que viene atravesando Telef\u00f3nica del Per\u00fa en los \u00faltimos meses, tras ser adquirida por el grupo argentino Integra Tec International Inc.<\/p>\n\n\n\n<p>Por ahora, la marca comercial Movistar seguir\u00eda operando igual, pero a nivel legal y corporativo la empresa se prepara para una nueva etapa bajo otro nombre.<\/p>\n","protected":false},"excerpt":{"rendered":"<p>La empresa de telefon\u00eda est\u00e1 evaluando cambiar de nombre. As\u00ed lo confirm\u00f3 la propia compa\u00f1\u00eda a trav\u00e9s de un comunicado oficial dirigido a la Superintendencia del Mercado de Valores (SMV). A trav\u00e9s de un documento de Hecho de Importancia enviado a la Superintendencia del Mercado de Valores (SMV), Telef\u00f3nica del Per\u00fa inform\u00f3 que su directorio ha decidido proponer el cambio de denominaci\u00f3n social de la compa\u00f1\u00eda. Esto significa que la empresa dejar\u00eda oficialmente de llamarse \u201cTelef\u00f3nica del Per\u00fa S.A.A.\u201d y adoptar\u00eda un nuevo nombre, el cual a\u00fan no ha sido revelado. Pero no solo eso. Tambi\u00e9n se propondr\u00e1 la creaci\u00f3n de una nueva clase de acciones preferenciales sin derecho a voto, una modalidad que permite a los inversionistas tener acciones que ofrecen ciertos beneficios financieros, pero sin participar en las decisiones de la compa\u00f1\u00eda. Adem\u00e1s de la modificaci\u00f3n de algunos art\u00edculos de su estatuto social para adecuarse a estos cambios. \u00bfCu\u00e1ndo se decide esto?La empresa convoc\u00f3 a sus accionistas para una Junta General no presencial este 9 de junio de 2025. Si no se logran reunir los votos necesarios ese d\u00eda, se har\u00e1 una segunda convocatoria para el 13 de junio y, de ser necesario, una tercera para el 18 de junio. Este posible cambio de nombre ocurre en medio del proceso de reorganizaci\u00f3n financiera y societaria que viene atravesando Telef\u00f3nica del Per\u00fa en los \u00faltimos meses, tras ser adquirida por el grupo argentino Integra Tec International Inc. Por ahora, la marca comercial Movistar seguir\u00eda operando igual, pero a nivel legal y corporativo la empresa se prepara para una nueva etapa bajo otro nombre.<\/p>\n","protected":false},"author":1,"featured_media":30189,"comment_status":"open","ping_status":"open","sticky":false,"template":"","format":"standard","meta":{"footnotes":""},"categories":[22,20],"tags":[],"class_list":["post-30188","post","type-post","status-publish","format-standard","has-post-thumbnail","hentry","category-portada","category-tendencia"],"yoast_head":"<!-- This site is optimized with the Yoast SEO plugin v27.5 - https:\/\/yoast.com\/product\/yoast-seo-wordpress\/ -->\n<title>\u00bfYa no se llamar\u00e1 Telef\u00f3nica del Per\u00fa? Empresa alista cambio de nombre - Radio Huancayo<\/title>\n<meta name=\"robots\" content=\"index, follow, max-snippet:-1, max-image-preview:large, max-video-preview:-1\" \/>\n<link rel=\"canonical\" href=\"https:\/\/radiohuancayo.com.pe\/wp54\/ya-no-se-llamara-telefonica-del-peru-empresa-alista-cambio-de-nombre\/\" \/>\n<meta property=\"og:locale\" content=\"es_ES\" \/>\n<meta property=\"og:type\" content=\"article\" \/>\n<meta property=\"og:title\" content=\"\u00bfYa no se llamar\u00e1 Telef\u00f3nica del Per\u00fa? Empresa alista cambio de nombre - Radio Huancayo\" \/>\n<meta property=\"og:description\" content=\"La empresa de telefon\u00eda est\u00e1 evaluando cambiar de nombre. As\u00ed lo confirm\u00f3 la propia compa\u00f1\u00eda a trav\u00e9s de un comunicado oficial dirigido a la Superintendencia del Mercado de Valores (SMV). A trav\u00e9s de un documento de Hecho de Importancia enviado a la Superintendencia del Mercado de Valores (SMV), Telef\u00f3nica del Per\u00fa inform\u00f3 que su directorio ha decidido proponer el cambio de denominaci\u00f3n social de la compa\u00f1\u00eda. Esto significa que la empresa dejar\u00eda oficialmente de llamarse \u201cTelef\u00f3nica del Per\u00fa S.A.A.\u201d y adoptar\u00eda un nuevo nombre, el cual a\u00fan no ha sido revelado. Pero no solo eso. Tambi\u00e9n se propondr\u00e1 la creaci\u00f3n de una nueva clase de acciones preferenciales sin derecho a voto, una modalidad que permite a los inversionistas tener acciones que ofrecen ciertos beneficios financieros, pero sin participar en las decisiones de la compa\u00f1\u00eda. Adem\u00e1s de la modificaci\u00f3n de algunos art\u00edculos de su estatuto social para adecuarse a estos cambios. \u00bfCu\u00e1ndo se decide esto?La empresa convoc\u00f3 a sus accionistas para una Junta General no presencial este 9 de junio de 2025. Si no se logran reunir los votos necesarios ese d\u00eda, se har\u00e1 una segunda convocatoria para el 13 de junio y, de ser necesario, una tercera para el 18 de junio. Este posible cambio de nombre ocurre en medio del proceso de reorganizaci\u00f3n financiera y societaria que viene atravesando Telef\u00f3nica del Per\u00fa en los \u00faltimos meses, tras ser adquirida por el grupo argentino Integra Tec International Inc. Por ahora, la marca comercial Movistar seguir\u00eda operando igual, pero a nivel legal y corporativo la empresa se prepara para una nueva etapa bajo otro nombre.\" \/>\n<meta property=\"og:url\" content=\"https:\/\/radiohuancayo.com.pe\/wp54\/ya-no-se-llamara-telefonica-del-peru-empresa-alista-cambio-de-nombre\/\" \/>\n<meta property=\"og:site_name\" content=\"Radio Huancayo\" \/>\n<meta property=\"article:published_time\" content=\"2025-05-26T18:37:57+00:00\" \/>\n<meta property=\"article:modified_time\" content=\"2025-05-26T18:38:56+00:00\" \/>\n<meta property=\"og:image\" content=\"https:\/\/radiohuancayo.com.pe\/wp54\/wp-content\/uploads\/2025\/05\/image-5.png\" \/>\n\t<meta property=\"og:image:width\" content=\"1200\" \/>\n\t<meta property=\"og:image:height\" content=\"675\" \/>\n\t<meta property=\"og:image:type\" content=\"image\/png\" \/>\n<meta name=\"author\" content=\"admin\" \/>\n<meta name=\"twitter:card\" content=\"summary_large_image\" \/>\n<meta name=\"twitter:label1\" content=\"Escrito por\" \/>\n\t<meta name=\"twitter:data1\" content=\"admin\" \/>\n\t<meta name=\"twitter:label2\" content=\"Tiempo de lectura\" \/>\n\t<meta name=\"twitter:data2\" content=\"2 minutos\" \/>\n<script type=\"application\/ld+json\" class=\"yoast-schema-graph\">{\"@context\":\"https:\\\/\\\/schema.org\",\"@graph\":[{\"@type\":\"Article\",\"@id\":\"https:\\\/\\\/radiohuancayo.com.pe\\\/wp54\\\/ya-no-se-llamara-telefonica-del-peru-empresa-alista-cambio-de-nombre\\\/#article\",\"isPartOf\":{\"@id\":\"https:\\\/\\\/radiohuancayo.com.pe\\\/wp54\\\/ya-no-se-llamara-telefonica-del-peru-empresa-alista-cambio-de-nombre\\\/\"},\"author\":{\"name\":\"admin\",\"@id\":\"https:\\\/\\\/radiohuancayo.com.pe\\\/wp54\\\/#\\\/schema\\\/person\\\/53e7c63df918deff345a30606cbf878c\"},\"headline\":\"\u00bfYa no se llamar\u00e1 Telef\u00f3nica del Per\u00fa? Empresa alista cambio de nombre\",\"datePublished\":\"2025-05-26T18:37:57+00:00\",\"dateModified\":\"2025-05-26T18:38:56+00:00\",\"mainEntityOfPage\":{\"@id\":\"https:\\\/\\\/radiohuancayo.com.pe\\\/wp54\\\/ya-no-se-llamara-telefonica-del-peru-empresa-alista-cambio-de-nombre\\\/\"},\"wordCount\":298,\"commentCount\":0,\"publisher\":{\"@id\":\"https:\\\/\\\/radiohuancayo.com.pe\\\/wp54\\\/#organization\"},\"image\":{\"@id\":\"https:\\\/\\\/radiohuancayo.com.pe\\\/wp54\\\/ya-no-se-llamara-telefonica-del-peru-empresa-alista-cambio-de-nombre\\\/#primaryimage\"},\"thumbnailUrl\":\"https:\\\/\\\/radiohuancayo.com.pe\\\/wp54\\\/wp-content\\\/uploads\\\/2025\\\/05\\\/image-5.png\",\"articleSection\":[\"Portada\",\"Tendencia\"],\"inLanguage\":\"es\",\"potentialAction\":[{\"@type\":\"CommentAction\",\"name\":\"Comment\",\"target\":[\"https:\\\/\\\/radiohuancayo.com.pe\\\/wp54\\\/ya-no-se-llamara-telefonica-del-peru-empresa-alista-cambio-de-nombre\\\/#respond\"]}]},{\"@type\":\"WebPage\",\"@id\":\"https:\\\/\\\/radiohuancayo.com.pe\\\/wp54\\\/ya-no-se-llamara-telefonica-del-peru-empresa-alista-cambio-de-nombre\\\/\",\"url\":\"https:\\\/\\\/radiohuancayo.com.pe\\\/wp54\\\/ya-no-se-llamara-telefonica-del-peru-empresa-alista-cambio-de-nombre\\\/\",\"name\":\"\u00bfYa no se llamar\u00e1 Telef\u00f3nica del Per\u00fa? Empresa alista cambio de nombre - Radio Huancayo\",\"isPartOf\":{\"@id\":\"https:\\\/\\\/radiohuancayo.com.pe\\\/wp54\\\/#website\"},\"primaryImageOfPage\":{\"@id\":\"https:\\\/\\\/radiohuancayo.com.pe\\\/wp54\\\/ya-no-se-llamara-telefonica-del-peru-empresa-alista-cambio-de-nombre\\\/#primaryimage\"},\"image\":{\"@id\":\"https:\\\/\\\/radiohuancayo.com.pe\\\/wp54\\\/ya-no-se-llamara-telefonica-del-peru-empresa-alista-cambio-de-nombre\\\/#primaryimage\"},\"thumbnailUrl\":\"https:\\\/\\\/radiohuancayo.com.pe\\\/wp54\\\/wp-content\\\/uploads\\\/2025\\\/05\\\/image-5.png\",\"datePublished\":\"2025-05-26T18:37:57+00:00\",\"dateModified\":\"2025-05-26T18:38:56+00:00\",\"breadcrumb\":{\"@id\":\"https:\\\/\\\/radiohuancayo.com.pe\\\/wp54\\\/ya-no-se-llamara-telefonica-del-peru-empresa-alista-cambio-de-nombre\\\/#breadcrumb\"},\"inLanguage\":\"es\",\"potentialAction\":[{\"@type\":\"ReadAction\",\"target\":[\"https:\\\/\\\/radiohuancayo.com.pe\\\/wp54\\\/ya-no-se-llamara-telefonica-del-peru-empresa-alista-cambio-de-nombre\\\/\"]}]},{\"@type\":\"ImageObject\",\"inLanguage\":\"es\",\"@id\":\"https:\\\/\\\/radiohuancayo.com.pe\\\/wp54\\\/ya-no-se-llamara-telefonica-del-peru-empresa-alista-cambio-de-nombre\\\/#primaryimage\",\"url\":\"https:\\\/\\\/radiohuancayo.com.pe\\\/wp54\\\/wp-content\\\/uploads\\\/2025\\\/05\\\/image-5.png\",\"contentUrl\":\"https:\\\/\\\/radiohuancayo.com.pe\\\/wp54\\\/wp-content\\\/uploads\\\/2025\\\/05\\\/image-5.png\",\"width\":1200,\"height\":675},{\"@type\":\"BreadcrumbList\",\"@id\":\"https:\\\/\\\/radiohuancayo.com.pe\\\/wp54\\\/ya-no-se-llamara-telefonica-del-peru-empresa-alista-cambio-de-nombre\\\/#breadcrumb\",\"itemListElement\":[{\"@type\":\"ListItem\",\"position\":1,\"name\":\"Portada\",\"item\":\"https:\\\/\\\/radiohuancayo.com.pe\\\/wp54\\\/\"},{\"@type\":\"ListItem\",\"position\":2,\"name\":\"\u00bfYa no se llamar\u00e1 Telef\u00f3nica del Per\u00fa? Empresa alista cambio de nombre\"}]},{\"@type\":\"WebSite\",\"@id\":\"https:\\\/\\\/radiohuancayo.com.pe\\\/wp54\\\/#website\",\"url\":\"https:\\\/\\\/radiohuancayo.com.pe\\\/wp54\\\/\",\"name\":\"Radio Huancayo\",\"description\":\"me gusta!!!\",\"publisher\":{\"@id\":\"https:\\\/\\\/radiohuancayo.com.pe\\\/wp54\\\/#organization\"},\"potentialAction\":[{\"@type\":\"SearchAction\",\"target\":{\"@type\":\"EntryPoint\",\"urlTemplate\":\"https:\\\/\\\/radiohuancayo.com.pe\\\/wp54\\\/?s={search_term_string}\"},\"query-input\":{\"@type\":\"PropertyValueSpecification\",\"valueRequired\":true,\"valueName\":\"search_term_string\"}}],\"inLanguage\":\"es\"},{\"@type\":\"Organization\",\"@id\":\"https:\\\/\\\/radiohuancayo.com.pe\\\/wp54\\\/#organization\",\"name\":\"Radio Huancayo\",\"url\":\"https:\\\/\\\/radiohuancayo.com.pe\\\/wp54\\\/\",\"logo\":{\"@type\":\"ImageObject\",\"inLanguage\":\"es\",\"@id\":\"https:\\\/\\\/radiohuancayo.com.pe\\\/wp54\\\/#\\\/schema\\\/logo\\\/image\\\/\",\"url\":\"https:\\\/\\\/radiohuancayo.com.pe\\\/wp54\\\/wp-content\\\/uploads\\\/2022\\\/04\\\/CABE01.png\",\"contentUrl\":\"https:\\\/\\\/radiohuancayo.com.pe\\\/wp54\\\/wp-content\\\/uploads\\\/2022\\\/04\\\/CABE01.png\",\"width\":1640,\"height\":300,\"caption\":\"Radio Huancayo\"},\"image\":{\"@id\":\"https:\\\/\\\/radiohuancayo.com.pe\\\/wp54\\\/#\\\/schema\\\/logo\\\/image\\\/\"}},{\"@type\":\"Person\",\"@id\":\"https:\\\/\\\/radiohuancayo.com.pe\\\/wp54\\\/#\\\/schema\\\/person\\\/53e7c63df918deff345a30606cbf878c\",\"name\":\"admin\",\"image\":{\"@type\":\"ImageObject\",\"inLanguage\":\"es\",\"@id\":\"https:\\\/\\\/secure.gravatar.com\\\/avatar\\\/3d9af84154e8f14d0ba4f62aa2abc4fcd3ee42a1c034539c08ef7c5615f414cb?s=96&d=mm&r=g\",\"url\":\"https:\\\/\\\/secure.gravatar.com\\\/avatar\\\/3d9af84154e8f14d0ba4f62aa2abc4fcd3ee42a1c034539c08ef7c5615f414cb?s=96&d=mm&r=g\",\"contentUrl\":\"https:\\\/\\\/secure.gravatar.com\\\/avatar\\\/3d9af84154e8f14d0ba4f62aa2abc4fcd3ee42a1c034539c08ef7c5615f414cb?s=96&d=mm&r=g\",\"caption\":\"admin\"},\"sameAs\":[\"https:\\\/\\\/radiohuancayo.com.pe\\\/wp54\"],\"url\":\"https:\\\/\\\/radiohuancayo.com.pe\\\/wp54\\\/author\\\/admin\\\/\"}]}<\/script>\n<!-- \/ Yoast SEO plugin. -->","yoast_head_json":{"title":"\u00bfYa no se llamar\u00e1 Telef\u00f3nica del Per\u00fa? Empresa alista cambio de nombre - Radio Huancayo","robots":{"index":"index","follow":"follow","max-snippet":"max-snippet:-1","max-image-preview":"max-image-preview:large","max-video-preview":"max-video-preview:-1"},"canonical":"https:\/\/radiohuancayo.com.pe\/wp54\/ya-no-se-llamara-telefonica-del-peru-empresa-alista-cambio-de-nombre\/","og_locale":"es_ES","og_type":"article","og_title":"\u00bfYa no se llamar\u00e1 Telef\u00f3nica del Per\u00fa? Empresa alista cambio de nombre - Radio Huancayo","og_description":"La empresa de telefon\u00eda est\u00e1 evaluando cambiar de nombre. As\u00ed lo confirm\u00f3 la propia compa\u00f1\u00eda a trav\u00e9s de un comunicado oficial dirigido a la Superintendencia del Mercado de Valores (SMV). A trav\u00e9s de un documento de Hecho de Importancia enviado a la Superintendencia del Mercado de Valores (SMV), Telef\u00f3nica del Per\u00fa inform\u00f3 que su directorio ha decidido proponer el cambio de denominaci\u00f3n social de la compa\u00f1\u00eda. Esto significa que la empresa dejar\u00eda oficialmente de llamarse \u201cTelef\u00f3nica del Per\u00fa S.A.A.\u201d y adoptar\u00eda un nuevo nombre, el cual a\u00fan no ha sido revelado. Pero no solo eso. Tambi\u00e9n se propondr\u00e1 la creaci\u00f3n de una nueva clase de acciones preferenciales sin derecho a voto, una modalidad que permite a los inversionistas tener acciones que ofrecen ciertos beneficios financieros, pero sin participar en las decisiones de la compa\u00f1\u00eda. Adem\u00e1s de la modificaci\u00f3n de algunos art\u00edculos de su estatuto social para adecuarse a estos cambios. \u00bfCu\u00e1ndo se decide esto?La empresa convoc\u00f3 a sus accionistas para una Junta General no presencial este 9 de junio de 2025. Si no se logran reunir los votos necesarios ese d\u00eda, se har\u00e1 una segunda convocatoria para el 13 de junio y, de ser necesario, una tercera para el 18 de junio. Este posible cambio de nombre ocurre en medio del proceso de reorganizaci\u00f3n financiera y societaria que viene atravesando Telef\u00f3nica del Per\u00fa en los \u00faltimos meses, tras ser adquirida por el grupo argentino Integra Tec International Inc. Por ahora, la marca comercial Movistar seguir\u00eda operando igual, pero a nivel legal y corporativo la empresa se prepara para una nueva etapa bajo otro nombre.","og_url":"https:\/\/radiohuancayo.com.pe\/wp54\/ya-no-se-llamara-telefonica-del-peru-empresa-alista-cambio-de-nombre\/","og_site_name":"Radio Huancayo","article_published_time":"2025-05-26T18:37:57+00:00","article_modified_time":"2025-05-26T18:38:56+00:00","og_image":[{"width":1200,"height":675,"url":"https:\/\/radiohuancayo.com.pe\/wp54\/wp-content\/uploads\/2025\/05\/image-5.png","type":"image\/png"}],"author":"admin","twitter_card":"summary_large_image","twitter_misc":{"Escrito por":"admin","Tiempo de lectura":"2 minutos"},"schema":{"@context":"https:\/\/schema.org","@graph":[{"@type":"Article","@id":"https:\/\/radiohuancayo.com.pe\/wp54\/ya-no-se-llamara-telefonica-del-peru-empresa-alista-cambio-de-nombre\/#article","isPartOf":{"@id":"https:\/\/radiohuancayo.com.pe\/wp54\/ya-no-se-llamara-telefonica-del-peru-empresa-alista-cambio-de-nombre\/"},"author":{"name":"admin","@id":"https:\/\/radiohuancayo.com.pe\/wp54\/#\/schema\/person\/53e7c63df918deff345a30606cbf878c"},"headline":"\u00bfYa no se llamar\u00e1 Telef\u00f3nica del Per\u00fa? Empresa alista cambio de nombre","datePublished":"2025-05-26T18:37:57+00:00","dateModified":"2025-05-26T18:38:56+00:00","mainEntityOfPage":{"@id":"https:\/\/radiohuancayo.com.pe\/wp54\/ya-no-se-llamara-telefonica-del-peru-empresa-alista-cambio-de-nombre\/"},"wordCount":298,"commentCount":0,"publisher":{"@id":"https:\/\/radiohuancayo.com.pe\/wp54\/#organization"},"image":{"@id":"https:\/\/radiohuancayo.com.pe\/wp54\/ya-no-se-llamara-telefonica-del-peru-empresa-alista-cambio-de-nombre\/#primaryimage"},"thumbnailUrl":"https:\/\/radiohuancayo.com.pe\/wp54\/wp-content\/uploads\/2025\/05\/image-5.png","articleSection":["Portada","Tendencia"],"inLanguage":"es","potentialAction":[{"@type":"CommentAction","name":"Comment","target":["https:\/\/radiohuancayo.com.pe\/wp54\/ya-no-se-llamara-telefonica-del-peru-empresa-alista-cambio-de-nombre\/#respond"]}]},{"@type":"WebPage","@id":"https:\/\/radiohuancayo.com.pe\/wp54\/ya-no-se-llamara-telefonica-del-peru-empresa-alista-cambio-de-nombre\/","url":"https:\/\/radiohuancayo.com.pe\/wp54\/ya-no-se-llamara-telefonica-del-peru-empresa-alista-cambio-de-nombre\/","name":"\u00bfYa no se llamar\u00e1 Telef\u00f3nica del Per\u00fa? Empresa alista cambio de nombre - Radio Huancayo","isPartOf":{"@id":"https:\/\/radiohuancayo.com.pe\/wp54\/#website"},"primaryImageOfPage":{"@id":"https:\/\/radiohuancayo.com.pe\/wp54\/ya-no-se-llamara-telefonica-del-peru-empresa-alista-cambio-de-nombre\/#primaryimage"},"image":{"@id":"https:\/\/radiohuancayo.com.pe\/wp54\/ya-no-se-llamara-telefonica-del-peru-empresa-alista-cambio-de-nombre\/#primaryimage"},"thumbnailUrl":"https:\/\/radiohuancayo.com.pe\/wp54\/wp-content\/uploads\/2025\/05\/image-5.png","datePublished":"2025-05-26T18:37:57+00:00","dateModified":"2025-05-26T18:38:56+00:00","breadcrumb":{"@id":"https:\/\/radiohuancayo.com.pe\/wp54\/ya-no-se-llamara-telefonica-del-peru-empresa-alista-cambio-de-nombre\/#breadcrumb"},"inLanguage":"es","potentialAction":[{"@type":"ReadAction","target":["https:\/\/radiohuancayo.com.pe\/wp54\/ya-no-se-llamara-telefonica-del-peru-empresa-alista-cambio-de-nombre\/"]}]},{"@type":"ImageObject","inLanguage":"es","@id":"https:\/\/radiohuancayo.com.pe\/wp54\/ya-no-se-llamara-telefonica-del-peru-empresa-alista-cambio-de-nombre\/#primaryimage","url":"https:\/\/radiohuancayo.com.pe\/wp54\/wp-content\/uploads\/2025\/05\/image-5.png","contentUrl":"https:\/\/radiohuancayo.com.pe\/wp54\/wp-content\/uploads\/2025\/05\/image-5.png","width":1200,"height":675},{"@type":"BreadcrumbList","@id":"https:\/\/radiohuancayo.com.pe\/wp54\/ya-no-se-llamara-telefonica-del-peru-empresa-alista-cambio-de-nombre\/#breadcrumb","itemListElement":[{"@type":"ListItem","position":1,"name":"Portada","item":"https:\/\/radiohuancayo.com.pe\/wp54\/"},{"@type":"ListItem","position":2,"name":"\u00bfYa no se llamar\u00e1 Telef\u00f3nica del Per\u00fa? Empresa alista cambio de nombre"}]},{"@type":"WebSite","@id":"https:\/\/radiohuancayo.com.pe\/wp54\/#website","url":"https:\/\/radiohuancayo.com.pe\/wp54\/","name":"Radio Huancayo","description":"me gusta!!!","publisher":{"@id":"https:\/\/radiohuancayo.com.pe\/wp54\/#organization"},"potentialAction":[{"@type":"SearchAction","target":{"@type":"EntryPoint","urlTemplate":"https:\/\/radiohuancayo.com.pe\/wp54\/?s={search_term_string}"},"query-input":{"@type":"PropertyValueSpecification","valueRequired":true,"valueName":"search_term_string"}}],"inLanguage":"es"},{"@type":"Organization","@id":"https:\/\/radiohuancayo.com.pe\/wp54\/#organization","name":"Radio Huancayo","url":"https:\/\/radiohuancayo.com.pe\/wp54\/","logo":{"@type":"ImageObject","inLanguage":"es","@id":"https:\/\/radiohuancayo.com.pe\/wp54\/#\/schema\/logo\/image\/","url":"https:\/\/radiohuancayo.com.pe\/wp54\/wp-content\/uploads\/2022\/04\/CABE01.png","contentUrl":"https:\/\/radiohuancayo.com.pe\/wp54\/wp-content\/uploads\/2022\/04\/CABE01.png","width":1640,"height":300,"caption":"Radio Huancayo"},"image":{"@id":"https:\/\/radiohuancayo.com.pe\/wp54\/#\/schema\/logo\/image\/"}},{"@type":"Person","@id":"https:\/\/radiohuancayo.com.pe\/wp54\/#\/schema\/person\/53e7c63df918deff345a30606cbf878c","name":"admin","image":{"@type":"ImageObject","inLanguage":"es","@id":"https:\/\/secure.gravatar.com\/avatar\/3d9af84154e8f14d0ba4f62aa2abc4fcd3ee42a1c034539c08ef7c5615f414cb?s=96&d=mm&r=g","url":"https:\/\/secure.gravatar.com\/avatar\/3d9af84154e8f14d0ba4f62aa2abc4fcd3ee42a1c034539c08ef7c5615f414cb?s=96&d=mm&r=g","contentUrl":"https:\/\/secure.gravatar.com\/avatar\/3d9af84154e8f14d0ba4f62aa2abc4fcd3ee42a1c034539c08ef7c5615f414cb?s=96&d=mm&r=g","caption":"admin"},"sameAs":["https:\/\/radiohuancayo.com.pe\/wp54"],"url":"https:\/\/radiohuancayo.com.pe\/wp54\/author\/admin\/"}]}},"_links":{"self":[{"href":"https:\/\/radiohuancayo.com.pe\/wp54\/wp-json\/wp\/v2\/posts\/30188","targetHints":{"allow":["GET"]}}],"collection":[{"href":"https:\/\/radiohuancayo.com.pe\/wp54\/wp-json\/wp\/v2\/posts"}],"about":[{"href":"https:\/\/radiohuancayo.com.pe\/wp54\/wp-json\/wp\/v2\/types\/post"}],"author":[{"embeddable":true,"href":"https:\/\/radiohuancayo.com.pe\/wp54\/wp-json\/wp\/v2\/users\/1"}],"replies":[{"embeddable":true,"href":"https:\/\/radiohuancayo.com.pe\/wp54\/wp-json\/wp\/v2\/comments?post=30188"}],"version-history":[{"count":1,"href":"https:\/\/radiohuancayo.com.pe\/wp54\/wp-json\/wp\/v2\/posts\/30188\/revisions"}],"predecessor-version":[{"id":30190,"href":"https:\/\/radiohuancayo.com.pe\/wp54\/wp-json\/wp\/v2\/posts\/30188\/revisions\/30190"}],"wp:featuredmedia":[{"embeddable":true,"href":"https:\/\/radiohuancayo.com.pe\/wp54\/wp-json\/wp\/v2\/media\/30189"}],"wp:attachment":[{"href":"https:\/\/radiohuancayo.com.pe\/wp54\/wp-json\/wp\/v2\/media?parent=30188"}],"wp:term":[{"taxonomy":"category","embeddable":true,"href":"https:\/\/radiohuancayo.com.pe\/wp54\/wp-json\/wp\/v2\/categories?post=30188"},{"taxonomy":"post_tag","embeddable":true,"href":"https:\/\/radiohuancayo.com.pe\/wp54\/wp-json\/wp\/v2\/tags?post=30188"}],"curies":[{"name":"wp","href":"https:\/\/api.w.org\/{rel}","templated":true}]}}