{"id":30228,"date":"2025-06-05T14:44:02","date_gmt":"2025-06-05T19:44:02","guid":{"rendered":"https:\/\/radiohuancayo.com.pe\/wp54\/?p=30228"},"modified":"2025-06-05T14:44:03","modified_gmt":"2025-06-05T19:44:03","slug":"vladimiro-montesinos-a-un-paso-de-salir-de-prision-formaliza-tramite-revela-donde-trabajara-y-con-quienes-vivira","status":"publish","type":"post","link":"https:\/\/radiohuancayo.com.pe\/wp54\/vladimiro-montesinos-a-un-paso-de-salir-de-prision-formaliza-tramite-revela-donde-trabajara-y-con-quienes-vivira\/","title":{"rendered":"Vladimiro Montesinos a un paso de salir de prisi\u00f3n: formaliza tr\u00e1mite, revela d\u00f3nde trabajar\u00e1 y con qui\u00e9nes vivir\u00e1"},"content":{"rendered":"\n<p>Vladimiro Montesinos, exasesor presidencial de Alberto Fujimori, present\u00f3 una solicitud formal al Trig\u00e9simo Tercer Juzgado Unipersonal de la Corte Superior de Justicia de Lima, en la que pide la sustituci\u00f3n de su condena de prisi\u00f3n efectiva por una medida alternativa de comparecencia con restricciones o, en su defecto, arresto domiciliario.<\/p>\n\n\n\n<p>El exjefe del Servicio de Inteligencia Nacional (SIN), condenado por homicidio calificado, argument\u00f3 que su delicado estado de salud y su avanzada edad \u201480 a\u00f1os cumplidos\u2014 justifican la aplicaci\u00f3n de la Ley N.\u00ba 32181, normativa que modifica el C\u00f3digo Penal y contempla beneficios procesales a personas adultas mayores, especialmente en condiciones de vulnerabilidad.<\/p>\n\n\n\n<p>Montesinos, con colegiatura de abogado vigente, sustent\u00f3 su pedido en normas internacionales y nacionales que protegen los derechos humanos de personas mayores, como la Convenci\u00f3n Interamericana sobre la Protecci\u00f3n de los Derechos Humanos de las Personas Mayores, la Declaraci\u00f3n Universal de los Derechos Humanos y la Constituci\u00f3n Pol\u00edtica del Per\u00fa.<\/p>\n\n\n\n<p>A trav\u00e9s de un escrito, explic\u00f3 que permanece recluido desde hace m\u00e1s de dos d\u00e9cadas en el Centro de Reclusi\u00f3n de la Base Naval del Callao en un r\u00e9gimen de aislamiento, sin acceso continuo a atenci\u00f3n m\u00e9dica especializada.<\/p>\n\n\n\n<p>\u201cHace dos a\u00f1os no hay servicio m\u00e9dico permanente ni t\u00f3pico para emergencias\u201d, se\u00f1al\u00f3, y agreg\u00f3 que desde hace 20 meses no recibe tratamiento oftalmol\u00f3gico pese a presentar p\u00e9rdida de visi\u00f3n en un ojo, producto de una infecci\u00f3n ocasionada por falta de agua potable.<\/p>\n\n\n\n<p>Adem\u00e1s, detall\u00f3 que padece m\u00faltiples comorbilidades \u2014incluidas enfermedades cardiacas, oncol\u00f3gicas, neurol\u00f3gicas y reumatol\u00f3gicas\u2014 que requieren atenci\u00f3n m\u00e9dica especializada e inaplazable, conforme a los informes m\u00e9dicos y actas fiscales que adjunt\u00f3 al pedido judicial.<\/p>\n","protected":false},"excerpt":{"rendered":"<p>Vladimiro Montesinos, exasesor presidencial de Alberto Fujimori, present\u00f3 una solicitud formal al Trig\u00e9simo Tercer Juzgado Unipersonal de la Corte Superior de Justicia de Lima, en la que pide la sustituci\u00f3n de su condena de prisi\u00f3n efectiva por una medida alternativa de comparecencia con restricciones o, en su defecto, arresto domiciliario. El exjefe del Servicio de Inteligencia Nacional (SIN), condenado por homicidio calificado, argument\u00f3 que su delicado estado de salud y su avanzada edad \u201480 a\u00f1os cumplidos\u2014 justifican la aplicaci\u00f3n de la Ley N.\u00ba 32181, normativa que modifica el C\u00f3digo Penal y contempla beneficios procesales a personas adultas mayores, especialmente en condiciones de vulnerabilidad. Montesinos, con colegiatura de abogado vigente, sustent\u00f3 su pedido en normas internacionales y nacionales que protegen los derechos humanos de personas mayores, como la Convenci\u00f3n Interamericana sobre la Protecci\u00f3n de los Derechos Humanos de las Personas Mayores, la Declaraci\u00f3n Universal de los Derechos Humanos y la Constituci\u00f3n Pol\u00edtica del Per\u00fa. A trav\u00e9s de un escrito, explic\u00f3 que permanece recluido desde hace m\u00e1s de dos d\u00e9cadas en el Centro de Reclusi\u00f3n de la Base Naval del Callao en un r\u00e9gimen de aislamiento, sin acceso continuo a atenci\u00f3n m\u00e9dica especializada. \u201cHace dos a\u00f1os no hay servicio m\u00e9dico permanente ni t\u00f3pico para emergencias\u201d, se\u00f1al\u00f3, y agreg\u00f3 que desde hace 20 meses no recibe tratamiento oftalmol\u00f3gico pese a presentar p\u00e9rdida de visi\u00f3n en un ojo, producto de una infecci\u00f3n ocasionada por falta de agua potable. Adem\u00e1s, detall\u00f3 que padece m\u00faltiples comorbilidades \u2014incluidas enfermedades cardiacas, oncol\u00f3gicas, neurol\u00f3gicas y reumatol\u00f3gicas\u2014 que requieren atenci\u00f3n m\u00e9dica especializada e inaplazable, conforme a los informes m\u00e9dicos y actas fiscales que adjunt\u00f3 al pedido judicial.<\/p>\n","protected":false},"author":1,"featured_media":30229,"comment_status":"open","ping_status":"open","sticky":false,"template":"","format":"standard","meta":{"footnotes":""},"categories":[22,20],"tags":[],"class_list":["post-30228","post","type-post","status-publish","format-standard","has-post-thumbnail","hentry","category-portada","category-tendencia"],"yoast_head":"<!-- This site is optimized with the Yoast SEO plugin v27.5 - https:\/\/yoast.com\/product\/yoast-seo-wordpress\/ -->\n<title>Vladimiro Montesinos a un paso de salir de prisi\u00f3n: formaliza tr\u00e1mite, revela d\u00f3nde trabajar\u00e1 y con qui\u00e9nes vivir\u00e1 - Radio Huancayo<\/title>\n<meta name=\"robots\" content=\"index, follow, max-snippet:-1, max-image-preview:large, max-video-preview:-1\" \/>\n<link rel=\"canonical\" href=\"https:\/\/radiohuancayo.com.pe\/wp54\/vladimiro-montesinos-a-un-paso-de-salir-de-prision-formaliza-tramite-revela-donde-trabajara-y-con-quienes-vivira\/\" \/>\n<meta property=\"og:locale\" content=\"es_ES\" \/>\n<meta property=\"og:type\" content=\"article\" \/>\n<meta property=\"og:title\" content=\"Vladimiro Montesinos a un paso de salir de prisi\u00f3n: formaliza tr\u00e1mite, revela d\u00f3nde trabajar\u00e1 y con qui\u00e9nes vivir\u00e1 - Radio Huancayo\" \/>\n<meta property=\"og:description\" content=\"Vladimiro Montesinos, exasesor presidencial de Alberto Fujimori, present\u00f3 una solicitud formal al Trig\u00e9simo Tercer Juzgado Unipersonal de la Corte Superior de Justicia de Lima, en la que pide la sustituci\u00f3n de su condena de prisi\u00f3n efectiva por una medida alternativa de comparecencia con restricciones o, en su defecto, arresto domiciliario. El exjefe del Servicio de Inteligencia Nacional (SIN), condenado por homicidio calificado, argument\u00f3 que su delicado estado de salud y su avanzada edad \u201480 a\u00f1os cumplidos\u2014 justifican la aplicaci\u00f3n de la Ley N.\u00ba 32181, normativa que modifica el C\u00f3digo Penal y contempla beneficios procesales a personas adultas mayores, especialmente en condiciones de vulnerabilidad. Montesinos, con colegiatura de abogado vigente, sustent\u00f3 su pedido en normas internacionales y nacionales que protegen los derechos humanos de personas mayores, como la Convenci\u00f3n Interamericana sobre la Protecci\u00f3n de los Derechos Humanos de las Personas Mayores, la Declaraci\u00f3n Universal de los Derechos Humanos y la Constituci\u00f3n Pol\u00edtica del Per\u00fa. A trav\u00e9s de un escrito, explic\u00f3 que permanece recluido desde hace m\u00e1s de dos d\u00e9cadas en el Centro de Reclusi\u00f3n de la Base Naval del Callao en un r\u00e9gimen de aislamiento, sin acceso continuo a atenci\u00f3n m\u00e9dica especializada. \u201cHace dos a\u00f1os no hay servicio m\u00e9dico permanente ni t\u00f3pico para emergencias\u201d, se\u00f1al\u00f3, y agreg\u00f3 que desde hace 20 meses no recibe tratamiento oftalmol\u00f3gico pese a presentar p\u00e9rdida de visi\u00f3n en un ojo, producto de una infecci\u00f3n ocasionada por falta de agua potable. Adem\u00e1s, detall\u00f3 que padece m\u00faltiples comorbilidades \u2014incluidas enfermedades cardiacas, oncol\u00f3gicas, neurol\u00f3gicas y reumatol\u00f3gicas\u2014 que requieren atenci\u00f3n m\u00e9dica especializada e inaplazable, conforme a los informes m\u00e9dicos y actas fiscales que adjunt\u00f3 al pedido judicial.\" \/>\n<meta property=\"og:url\" content=\"https:\/\/radiohuancayo.com.pe\/wp54\/vladimiro-montesinos-a-un-paso-de-salir-de-prision-formaliza-tramite-revela-donde-trabajara-y-con-quienes-vivira\/\" \/>\n<meta property=\"og:site_name\" content=\"Radio Huancayo\" \/>\n<meta property=\"article:published_time\" content=\"2025-06-05T19:44:02+00:00\" \/>\n<meta property=\"article:modified_time\" content=\"2025-06-05T19:44:03+00:00\" \/>\n<meta property=\"og:image\" content=\"https:\/\/radiohuancayo.com.pe\/wp54\/wp-content\/uploads\/2025\/06\/image-8.png\" \/>\n\t<meta property=\"og:image:width\" content=\"1200\" \/>\n\t<meta property=\"og:image:height\" content=\"655\" \/>\n\t<meta property=\"og:image:type\" content=\"image\/png\" \/>\n<meta name=\"author\" content=\"admin\" \/>\n<meta name=\"twitter:card\" content=\"summary_large_image\" \/>\n<meta name=\"twitter:label1\" content=\"Escrito por\" \/>\n\t<meta name=\"twitter:data1\" content=\"admin\" \/>\n\t<meta name=\"twitter:label2\" content=\"Tiempo de lectura\" \/>\n\t<meta name=\"twitter:data2\" content=\"2 minutos\" \/>\n<script type=\"application\/ld+json\" class=\"yoast-schema-graph\">{\"@context\":\"https:\\\/\\\/schema.org\",\"@graph\":[{\"@type\":\"Article\",\"@id\":\"https:\\\/\\\/radiohuancayo.com.pe\\\/wp54\\\/vladimiro-montesinos-a-un-paso-de-salir-de-prision-formaliza-tramite-revela-donde-trabajara-y-con-quienes-vivira\\\/#article\",\"isPartOf\":{\"@id\":\"https:\\\/\\\/radiohuancayo.com.pe\\\/wp54\\\/vladimiro-montesinos-a-un-paso-de-salir-de-prision-formaliza-tramite-revela-donde-trabajara-y-con-quienes-vivira\\\/\"},\"author\":{\"name\":\"admin\",\"@id\":\"https:\\\/\\\/radiohuancayo.com.pe\\\/wp54\\\/#\\\/schema\\\/person\\\/53e7c63df918deff345a30606cbf878c\"},\"headline\":\"Vladimiro Montesinos a un paso de salir de prisi\u00f3n: formaliza tr\u00e1mite, revela d\u00f3nde trabajar\u00e1 y con qui\u00e9nes vivir\u00e1\",\"datePublished\":\"2025-06-05T19:44:02+00:00\",\"dateModified\":\"2025-06-05T19:44:03+00:00\",\"mainEntityOfPage\":{\"@id\":\"https:\\\/\\\/radiohuancayo.com.pe\\\/wp54\\\/vladimiro-montesinos-a-un-paso-de-salir-de-prision-formaliza-tramite-revela-donde-trabajara-y-con-quienes-vivira\\\/\"},\"wordCount\":320,\"commentCount\":0,\"publisher\":{\"@id\":\"https:\\\/\\\/radiohuancayo.com.pe\\\/wp54\\\/#organization\"},\"image\":{\"@id\":\"https:\\\/\\\/radiohuancayo.com.pe\\\/wp54\\\/vladimiro-montesinos-a-un-paso-de-salir-de-prision-formaliza-tramite-revela-donde-trabajara-y-con-quienes-vivira\\\/#primaryimage\"},\"thumbnailUrl\":\"https:\\\/\\\/radiohuancayo.com.pe\\\/wp54\\\/wp-content\\\/uploads\\\/2025\\\/06\\\/image-8.png\",\"articleSection\":[\"Portada\",\"Tendencia\"],\"inLanguage\":\"es\",\"potentialAction\":[{\"@type\":\"CommentAction\",\"name\":\"Comment\",\"target\":[\"https:\\\/\\\/radiohuancayo.com.pe\\\/wp54\\\/vladimiro-montesinos-a-un-paso-de-salir-de-prision-formaliza-tramite-revela-donde-trabajara-y-con-quienes-vivira\\\/#respond\"]}]},{\"@type\":\"WebPage\",\"@id\":\"https:\\\/\\\/radiohuancayo.com.pe\\\/wp54\\\/vladimiro-montesinos-a-un-paso-de-salir-de-prision-formaliza-tramite-revela-donde-trabajara-y-con-quienes-vivira\\\/\",\"url\":\"https:\\\/\\\/radiohuancayo.com.pe\\\/wp54\\\/vladimiro-montesinos-a-un-paso-de-salir-de-prision-formaliza-tramite-revela-donde-trabajara-y-con-quienes-vivira\\\/\",\"name\":\"Vladimiro Montesinos a un paso de salir de prisi\u00f3n: formaliza tr\u00e1mite, revela d\u00f3nde trabajar\u00e1 y con qui\u00e9nes vivir\u00e1 - Radio Huancayo\",\"isPartOf\":{\"@id\":\"https:\\\/\\\/radiohuancayo.com.pe\\\/wp54\\\/#website\"},\"primaryImageOfPage\":{\"@id\":\"https:\\\/\\\/radiohuancayo.com.pe\\\/wp54\\\/vladimiro-montesinos-a-un-paso-de-salir-de-prision-formaliza-tramite-revela-donde-trabajara-y-con-quienes-vivira\\\/#primaryimage\"},\"image\":{\"@id\":\"https:\\\/\\\/radiohuancayo.com.pe\\\/wp54\\\/vladimiro-montesinos-a-un-paso-de-salir-de-prision-formaliza-tramite-revela-donde-trabajara-y-con-quienes-vivira\\\/#primaryimage\"},\"thumbnailUrl\":\"https:\\\/\\\/radiohuancayo.com.pe\\\/wp54\\\/wp-content\\\/uploads\\\/2025\\\/06\\\/image-8.png\",\"datePublished\":\"2025-06-05T19:44:02+00:00\",\"dateModified\":\"2025-06-05T19:44:03+00:00\",\"breadcrumb\":{\"@id\":\"https:\\\/\\\/radiohuancayo.com.pe\\\/wp54\\\/vladimiro-montesinos-a-un-paso-de-salir-de-prision-formaliza-tramite-revela-donde-trabajara-y-con-quienes-vivira\\\/#breadcrumb\"},\"inLanguage\":\"es\",\"potentialAction\":[{\"@type\":\"ReadAction\",\"target\":[\"https:\\\/\\\/radiohuancayo.com.pe\\\/wp54\\\/vladimiro-montesinos-a-un-paso-de-salir-de-prision-formaliza-tramite-revela-donde-trabajara-y-con-quienes-vivira\\\/\"]}]},{\"@type\":\"ImageObject\",\"inLanguage\":\"es\",\"@id\":\"https:\\\/\\\/radiohuancayo.com.pe\\\/wp54\\\/vladimiro-montesinos-a-un-paso-de-salir-de-prision-formaliza-tramite-revela-donde-trabajara-y-con-quienes-vivira\\\/#primaryimage\",\"url\":\"https:\\\/\\\/radiohuancayo.com.pe\\\/wp54\\\/wp-content\\\/uploads\\\/2025\\\/06\\\/image-8.png\",\"contentUrl\":\"https:\\\/\\\/radiohuancayo.com.pe\\\/wp54\\\/wp-content\\\/uploads\\\/2025\\\/06\\\/image-8.png\",\"width\":1200,\"height\":655},{\"@type\":\"BreadcrumbList\",\"@id\":\"https:\\\/\\\/radiohuancayo.com.pe\\\/wp54\\\/vladimiro-montesinos-a-un-paso-de-salir-de-prision-formaliza-tramite-revela-donde-trabajara-y-con-quienes-vivira\\\/#breadcrumb\",\"itemListElement\":[{\"@type\":\"ListItem\",\"position\":1,\"name\":\"Portada\",\"item\":\"https:\\\/\\\/radiohuancayo.com.pe\\\/wp54\\\/\"},{\"@type\":\"ListItem\",\"position\":2,\"name\":\"Vladimiro Montesinos a un paso de salir de prisi\u00f3n: formaliza tr\u00e1mite, revela d\u00f3nde trabajar\u00e1 y con qui\u00e9nes vivir\u00e1\"}]},{\"@type\":\"WebSite\",\"@id\":\"https:\\\/\\\/radiohuancayo.com.pe\\\/wp54\\\/#website\",\"url\":\"https:\\\/\\\/radiohuancayo.com.pe\\\/wp54\\\/\",\"name\":\"Radio Huancayo\",\"description\":\"me gusta!!!\",\"publisher\":{\"@id\":\"https:\\\/\\\/radiohuancayo.com.pe\\\/wp54\\\/#organization\"},\"potentialAction\":[{\"@type\":\"SearchAction\",\"target\":{\"@type\":\"EntryPoint\",\"urlTemplate\":\"https:\\\/\\\/radiohuancayo.com.pe\\\/wp54\\\/?s={search_term_string}\"},\"query-input\":{\"@type\":\"PropertyValueSpecification\",\"valueRequired\":true,\"valueName\":\"search_term_string\"}}],\"inLanguage\":\"es\"},{\"@type\":\"Organization\",\"@id\":\"https:\\\/\\\/radiohuancayo.com.pe\\\/wp54\\\/#organization\",\"name\":\"Radio Huancayo\",\"url\":\"https:\\\/\\\/radiohuancayo.com.pe\\\/wp54\\\/\",\"logo\":{\"@type\":\"ImageObject\",\"inLanguage\":\"es\",\"@id\":\"https:\\\/\\\/radiohuancayo.com.pe\\\/wp54\\\/#\\\/schema\\\/logo\\\/image\\\/\",\"url\":\"https:\\\/\\\/radiohuancayo.com.pe\\\/wp54\\\/wp-content\\\/uploads\\\/2022\\\/04\\\/CABE01.png\",\"contentUrl\":\"https:\\\/\\\/radiohuancayo.com.pe\\\/wp54\\\/wp-content\\\/uploads\\\/2022\\\/04\\\/CABE01.png\",\"width\":1640,\"height\":300,\"caption\":\"Radio Huancayo\"},\"image\":{\"@id\":\"https:\\\/\\\/radiohuancayo.com.pe\\\/wp54\\\/#\\\/schema\\\/logo\\\/image\\\/\"}},{\"@type\":\"Person\",\"@id\":\"https:\\\/\\\/radiohuancayo.com.pe\\\/wp54\\\/#\\\/schema\\\/person\\\/53e7c63df918deff345a30606cbf878c\",\"name\":\"admin\",\"image\":{\"@type\":\"ImageObject\",\"inLanguage\":\"es\",\"@id\":\"https:\\\/\\\/secure.gravatar.com\\\/avatar\\\/3d9af84154e8f14d0ba4f62aa2abc4fcd3ee42a1c034539c08ef7c5615f414cb?s=96&d=mm&r=g\",\"url\":\"https:\\\/\\\/secure.gravatar.com\\\/avatar\\\/3d9af84154e8f14d0ba4f62aa2abc4fcd3ee42a1c034539c08ef7c5615f414cb?s=96&d=mm&r=g\",\"contentUrl\":\"https:\\\/\\\/secure.gravatar.com\\\/avatar\\\/3d9af84154e8f14d0ba4f62aa2abc4fcd3ee42a1c034539c08ef7c5615f414cb?s=96&d=mm&r=g\",\"caption\":\"admin\"},\"sameAs\":[\"https:\\\/\\\/radiohuancayo.com.pe\\\/wp54\"],\"url\":\"https:\\\/\\\/radiohuancayo.com.pe\\\/wp54\\\/author\\\/admin\\\/\"}]}<\/script>\n<!-- \/ Yoast SEO plugin. -->","yoast_head_json":{"title":"Vladimiro Montesinos a un paso de salir de prisi\u00f3n: formaliza tr\u00e1mite, revela d\u00f3nde trabajar\u00e1 y con qui\u00e9nes vivir\u00e1 - Radio Huancayo","robots":{"index":"index","follow":"follow","max-snippet":"max-snippet:-1","max-image-preview":"max-image-preview:large","max-video-preview":"max-video-preview:-1"},"canonical":"https:\/\/radiohuancayo.com.pe\/wp54\/vladimiro-montesinos-a-un-paso-de-salir-de-prision-formaliza-tramite-revela-donde-trabajara-y-con-quienes-vivira\/","og_locale":"es_ES","og_type":"article","og_title":"Vladimiro Montesinos a un paso de salir de prisi\u00f3n: formaliza tr\u00e1mite, revela d\u00f3nde trabajar\u00e1 y con qui\u00e9nes vivir\u00e1 - Radio Huancayo","og_description":"Vladimiro Montesinos, exasesor presidencial de Alberto Fujimori, present\u00f3 una solicitud formal al Trig\u00e9simo Tercer Juzgado Unipersonal de la Corte Superior de Justicia de Lima, en la que pide la sustituci\u00f3n de su condena de prisi\u00f3n efectiva por una medida alternativa de comparecencia con restricciones o, en su defecto, arresto domiciliario. El exjefe del Servicio de Inteligencia Nacional (SIN), condenado por homicidio calificado, argument\u00f3 que su delicado estado de salud y su avanzada edad \u201480 a\u00f1os cumplidos\u2014 justifican la aplicaci\u00f3n de la Ley N.\u00ba 32181, normativa que modifica el C\u00f3digo Penal y contempla beneficios procesales a personas adultas mayores, especialmente en condiciones de vulnerabilidad. Montesinos, con colegiatura de abogado vigente, sustent\u00f3 su pedido en normas internacionales y nacionales que protegen los derechos humanos de personas mayores, como la Convenci\u00f3n Interamericana sobre la Protecci\u00f3n de los Derechos Humanos de las Personas Mayores, la Declaraci\u00f3n Universal de los Derechos Humanos y la Constituci\u00f3n Pol\u00edtica del Per\u00fa. A trav\u00e9s de un escrito, explic\u00f3 que permanece recluido desde hace m\u00e1s de dos d\u00e9cadas en el Centro de Reclusi\u00f3n de la Base Naval del Callao en un r\u00e9gimen de aislamiento, sin acceso continuo a atenci\u00f3n m\u00e9dica especializada. \u201cHace dos a\u00f1os no hay servicio m\u00e9dico permanente ni t\u00f3pico para emergencias\u201d, se\u00f1al\u00f3, y agreg\u00f3 que desde hace 20 meses no recibe tratamiento oftalmol\u00f3gico pese a presentar p\u00e9rdida de visi\u00f3n en un ojo, producto de una infecci\u00f3n ocasionada por falta de agua potable. Adem\u00e1s, detall\u00f3 que padece m\u00faltiples comorbilidades \u2014incluidas enfermedades cardiacas, oncol\u00f3gicas, neurol\u00f3gicas y reumatol\u00f3gicas\u2014 que requieren atenci\u00f3n m\u00e9dica especializada e inaplazable, conforme a los informes m\u00e9dicos y actas fiscales que adjunt\u00f3 al pedido judicial.","og_url":"https:\/\/radiohuancayo.com.pe\/wp54\/vladimiro-montesinos-a-un-paso-de-salir-de-prision-formaliza-tramite-revela-donde-trabajara-y-con-quienes-vivira\/","og_site_name":"Radio Huancayo","article_published_time":"2025-06-05T19:44:02+00:00","article_modified_time":"2025-06-05T19:44:03+00:00","og_image":[{"width":1200,"height":655,"url":"https:\/\/radiohuancayo.com.pe\/wp54\/wp-content\/uploads\/2025\/06\/image-8.png","type":"image\/png"}],"author":"admin","twitter_card":"summary_large_image","twitter_misc":{"Escrito por":"admin","Tiempo de lectura":"2 minutos"},"schema":{"@context":"https:\/\/schema.org","@graph":[{"@type":"Article","@id":"https:\/\/radiohuancayo.com.pe\/wp54\/vladimiro-montesinos-a-un-paso-de-salir-de-prision-formaliza-tramite-revela-donde-trabajara-y-con-quienes-vivira\/#article","isPartOf":{"@id":"https:\/\/radiohuancayo.com.pe\/wp54\/vladimiro-montesinos-a-un-paso-de-salir-de-prision-formaliza-tramite-revela-donde-trabajara-y-con-quienes-vivira\/"},"author":{"name":"admin","@id":"https:\/\/radiohuancayo.com.pe\/wp54\/#\/schema\/person\/53e7c63df918deff345a30606cbf878c"},"headline":"Vladimiro Montesinos a un paso de salir de prisi\u00f3n: formaliza tr\u00e1mite, revela d\u00f3nde trabajar\u00e1 y con qui\u00e9nes vivir\u00e1","datePublished":"2025-06-05T19:44:02+00:00","dateModified":"2025-06-05T19:44:03+00:00","mainEntityOfPage":{"@id":"https:\/\/radiohuancayo.com.pe\/wp54\/vladimiro-montesinos-a-un-paso-de-salir-de-prision-formaliza-tramite-revela-donde-trabajara-y-con-quienes-vivira\/"},"wordCount":320,"commentCount":0,"publisher":{"@id":"https:\/\/radiohuancayo.com.pe\/wp54\/#organization"},"image":{"@id":"https:\/\/radiohuancayo.com.pe\/wp54\/vladimiro-montesinos-a-un-paso-de-salir-de-prision-formaliza-tramite-revela-donde-trabajara-y-con-quienes-vivira\/#primaryimage"},"thumbnailUrl":"https:\/\/radiohuancayo.com.pe\/wp54\/wp-content\/uploads\/2025\/06\/image-8.png","articleSection":["Portada","Tendencia"],"inLanguage":"es","potentialAction":[{"@type":"CommentAction","name":"Comment","target":["https:\/\/radiohuancayo.com.pe\/wp54\/vladimiro-montesinos-a-un-paso-de-salir-de-prision-formaliza-tramite-revela-donde-trabajara-y-con-quienes-vivira\/#respond"]}]},{"@type":"WebPage","@id":"https:\/\/radiohuancayo.com.pe\/wp54\/vladimiro-montesinos-a-un-paso-de-salir-de-prision-formaliza-tramite-revela-donde-trabajara-y-con-quienes-vivira\/","url":"https:\/\/radiohuancayo.com.pe\/wp54\/vladimiro-montesinos-a-un-paso-de-salir-de-prision-formaliza-tramite-revela-donde-trabajara-y-con-quienes-vivira\/","name":"Vladimiro Montesinos a un paso de salir de prisi\u00f3n: formaliza tr\u00e1mite, revela d\u00f3nde trabajar\u00e1 y con qui\u00e9nes vivir\u00e1 - Radio Huancayo","isPartOf":{"@id":"https:\/\/radiohuancayo.com.pe\/wp54\/#website"},"primaryImageOfPage":{"@id":"https:\/\/radiohuancayo.com.pe\/wp54\/vladimiro-montesinos-a-un-paso-de-salir-de-prision-formaliza-tramite-revela-donde-trabajara-y-con-quienes-vivira\/#primaryimage"},"image":{"@id":"https:\/\/radiohuancayo.com.pe\/wp54\/vladimiro-montesinos-a-un-paso-de-salir-de-prision-formaliza-tramite-revela-donde-trabajara-y-con-quienes-vivira\/#primaryimage"},"thumbnailUrl":"https:\/\/radiohuancayo.com.pe\/wp54\/wp-content\/uploads\/2025\/06\/image-8.png","datePublished":"2025-06-05T19:44:02+00:00","dateModified":"2025-06-05T19:44:03+00:00","breadcrumb":{"@id":"https:\/\/radiohuancayo.com.pe\/wp54\/vladimiro-montesinos-a-un-paso-de-salir-de-prision-formaliza-tramite-revela-donde-trabajara-y-con-quienes-vivira\/#breadcrumb"},"inLanguage":"es","potentialAction":[{"@type":"ReadAction","target":["https:\/\/radiohuancayo.com.pe\/wp54\/vladimiro-montesinos-a-un-paso-de-salir-de-prision-formaliza-tramite-revela-donde-trabajara-y-con-quienes-vivira\/"]}]},{"@type":"ImageObject","inLanguage":"es","@id":"https:\/\/radiohuancayo.com.pe\/wp54\/vladimiro-montesinos-a-un-paso-de-salir-de-prision-formaliza-tramite-revela-donde-trabajara-y-con-quienes-vivira\/#primaryimage","url":"https:\/\/radiohuancayo.com.pe\/wp54\/wp-content\/uploads\/2025\/06\/image-8.png","contentUrl":"https:\/\/radiohuancayo.com.pe\/wp54\/wp-content\/uploads\/2025\/06\/image-8.png","width":1200,"height":655},{"@type":"BreadcrumbList","@id":"https:\/\/radiohuancayo.com.pe\/wp54\/vladimiro-montesinos-a-un-paso-de-salir-de-prision-formaliza-tramite-revela-donde-trabajara-y-con-quienes-vivira\/#breadcrumb","itemListElement":[{"@type":"ListItem","position":1,"name":"Portada","item":"https:\/\/radiohuancayo.com.pe\/wp54\/"},{"@type":"ListItem","position":2,"name":"Vladimiro Montesinos a un paso de salir de prisi\u00f3n: formaliza tr\u00e1mite, revela d\u00f3nde trabajar\u00e1 y con qui\u00e9nes vivir\u00e1"}]},{"@type":"WebSite","@id":"https:\/\/radiohuancayo.com.pe\/wp54\/#website","url":"https:\/\/radiohuancayo.com.pe\/wp54\/","name":"Radio Huancayo","description":"me gusta!!!","publisher":{"@id":"https:\/\/radiohuancayo.com.pe\/wp54\/#organization"},"potentialAction":[{"@type":"SearchAction","target":{"@type":"EntryPoint","urlTemplate":"https:\/\/radiohuancayo.com.pe\/wp54\/?s={search_term_string}"},"query-input":{"@type":"PropertyValueSpecification","valueRequired":true,"valueName":"search_term_string"}}],"inLanguage":"es"},{"@type":"Organization","@id":"https:\/\/radiohuancayo.com.pe\/wp54\/#organization","name":"Radio Huancayo","url":"https:\/\/radiohuancayo.com.pe\/wp54\/","logo":{"@type":"ImageObject","inLanguage":"es","@id":"https:\/\/radiohuancayo.com.pe\/wp54\/#\/schema\/logo\/image\/","url":"https:\/\/radiohuancayo.com.pe\/wp54\/wp-content\/uploads\/2022\/04\/CABE01.png","contentUrl":"https:\/\/radiohuancayo.com.pe\/wp54\/wp-content\/uploads\/2022\/04\/CABE01.png","width":1640,"height":300,"caption":"Radio Huancayo"},"image":{"@id":"https:\/\/radiohuancayo.com.pe\/wp54\/#\/schema\/logo\/image\/"}},{"@type":"Person","@id":"https:\/\/radiohuancayo.com.pe\/wp54\/#\/schema\/person\/53e7c63df918deff345a30606cbf878c","name":"admin","image":{"@type":"ImageObject","inLanguage":"es","@id":"https:\/\/secure.gravatar.com\/avatar\/3d9af84154e8f14d0ba4f62aa2abc4fcd3ee42a1c034539c08ef7c5615f414cb?s=96&d=mm&r=g","url":"https:\/\/secure.gravatar.com\/avatar\/3d9af84154e8f14d0ba4f62aa2abc4fcd3ee42a1c034539c08ef7c5615f414cb?s=96&d=mm&r=g","contentUrl":"https:\/\/secure.gravatar.com\/avatar\/3d9af84154e8f14d0ba4f62aa2abc4fcd3ee42a1c034539c08ef7c5615f414cb?s=96&d=mm&r=g","caption":"admin"},"sameAs":["https:\/\/radiohuancayo.com.pe\/wp54"],"url":"https:\/\/radiohuancayo.com.pe\/wp54\/author\/admin\/"}]}},"_links":{"self":[{"href":"https:\/\/radiohuancayo.com.pe\/wp54\/wp-json\/wp\/v2\/posts\/30228","targetHints":{"allow":["GET"]}}],"collection":[{"href":"https:\/\/radiohuancayo.com.pe\/wp54\/wp-json\/wp\/v2\/posts"}],"about":[{"href":"https:\/\/radiohuancayo.com.pe\/wp54\/wp-json\/wp\/v2\/types\/post"}],"author":[{"embeddable":true,"href":"https:\/\/radiohuancayo.com.pe\/wp54\/wp-json\/wp\/v2\/users\/1"}],"replies":[{"embeddable":true,"href":"https:\/\/radiohuancayo.com.pe\/wp54\/wp-json\/wp\/v2\/comments?post=30228"}],"version-history":[{"count":1,"href":"https:\/\/radiohuancayo.com.pe\/wp54\/wp-json\/wp\/v2\/posts\/30228\/revisions"}],"predecessor-version":[{"id":30230,"href":"https:\/\/radiohuancayo.com.pe\/wp54\/wp-json\/wp\/v2\/posts\/30228\/revisions\/30230"}],"wp:featuredmedia":[{"embeddable":true,"href":"https:\/\/radiohuancayo.com.pe\/wp54\/wp-json\/wp\/v2\/media\/30229"}],"wp:attachment":[{"href":"https:\/\/radiohuancayo.com.pe\/wp54\/wp-json\/wp\/v2\/media?parent=30228"}],"wp:term":[{"taxonomy":"category","embeddable":true,"href":"https:\/\/radiohuancayo.com.pe\/wp54\/wp-json\/wp\/v2\/categories?post=30228"},{"taxonomy":"post_tag","embeddable":true,"href":"https:\/\/radiohuancayo.com.pe\/wp54\/wp-json\/wp\/v2\/tags?post=30228"}],"curies":[{"name":"wp","href":"https:\/\/api.w.org\/{rel}","templated":true}]}}