{"id":30236,"date":"2025-06-15T10:10:09","date_gmt":"2025-06-15T15:10:09","guid":{"rendered":"https:\/\/radiohuancayo.com.pe\/wp54\/?p=30236"},"modified":"2025-06-15T10:10:10","modified_gmt":"2025-06-15T15:10:10","slug":"dia-del-padre-la-movilidad-como-salida-economica-para-padres-de-familia","status":"publish","type":"post","link":"https:\/\/radiohuancayo.com.pe\/wp54\/dia-del-padre-la-movilidad-como-salida-economica-para-padres-de-familia\/","title":{"rendered":"D\u00eda del Padre: la movilidad como salida econ\u00f3mica para padres de familia"},"content":{"rendered":"\n<p>Con motivo del D\u00eda del Padre, la app de viajes y env\u00edos Maxim comparte el testimonio de quienes encuentran en el trabajo al volante una forma de estar presentes en el crecimiento de sus hijos.<\/p>\n\n\n\n<p>En cada ciudad del pa\u00eds, miles de padres enfrentan a diario el reto de brindar bienestar a sus hijos mientras equilibran trabajo, tiempo y responsabilidades. Muchos de ellos han encontrado en las plataformas de movilidad una alternativa para salir adelante, como es el caso de Jhonatan Collazos, conductor de la app de viajes y env\u00edos Maxim, padre de tres hijos y residente en Huancayo.<\/p>\n\n\n\n<p>Antes de manejar con la app, trabajaba en una imprenta local. Si bien era un empleo estable, el ingreso no alcanzaba para cubrir los gastos del hogar. La oportunidad de generar un ingreso adicional lo llev\u00f3 a explorar otras opciones. \u201cUn amigo me coment\u00f3 sobre Maxim, y vi que pod\u00eda manejar en mis tiempos libres. Al final, termin\u00e9 haci\u00e9ndolo a tiempo completo\u201d, cuenta.<\/p>\n\n\n\n<p>Hoy trabaja al volante de su Chevrolet Aveo rojo, y gracias a la flexibilidad del servicio, organiza su jornada en funci\u00f3n de las necesidades de sus hijos. Esta posibilidad de manejar sus propios tiempos se ha convertido en una herramienta clave para equilibrar responsabilidades familiares y laborales. \u201cMi familia es mi mayor motivaci\u00f3n. Salgo a trabajar pensando en ellos, en todo lo que necesitan. Manejar me da flexibilidad, puedo organizar mis horarios y estar presente cuando m\u00e1s me necesitan\u201d, explica.<\/p>\n\n\n\n<p>Esa cercan\u00eda le ha permitido ver c\u00f3mo sus hijos reconocen su esfuerzo. \u201cA veces me dicen que soy su \u201cpap\u00e1 chofer\u201d y que trabajo mucho por ellos. Esos momentos no tienen precio\u201d.<\/p>\n\n\n\n<p>Como muchos padres que trabajan en movilidad, enfrenta desaf\u00edos como las largas jornadas y la preocupaci\u00f3n por la seguridad en las calles. Aun as\u00ed, mantiene la vista en el futuro. \u201cQuiero comprar una casa para mis hijos, darles una buena educaci\u00f3n y un lugar seguro donde crecer. Esa es mi meta\u201d, afirma.<\/p>\n\n\n\n<p>En el D\u00eda del Padre, el testimonio de Jhonatan representa a muchos hombres que han encontrado en la movilidad una forma de generar ingresos con autonom\u00eda, sin dejar de lado su rol en casa.<\/p>\n\n\n\n<p>Especialista en Relaciones P\u00fablicas<\/p>\n\n\n\n<p>Maxim viajes &amp; env\u00edos<\/p>\n\n\n\n<p>Gonzalo Espinoza<\/p>\n\n\n\n<p><a href=\"mailto:pr_latam@taximaxim.com\">pr_latam@taximaxim.com<\/a><\/p>\n","protected":false},"excerpt":{"rendered":"<p>Con motivo del D\u00eda del Padre, la app de viajes y env\u00edos Maxim comparte el testimonio de quienes encuentran en el trabajo al volante una forma de estar presentes en el crecimiento de sus hijos. En cada ciudad del pa\u00eds, miles de padres enfrentan a diario el reto de brindar bienestar a sus hijos mientras equilibran trabajo, tiempo y responsabilidades. Muchos de ellos han encontrado en las plataformas de movilidad una alternativa para salir adelante, como es el caso de Jhonatan Collazos, conductor de la app de viajes y env\u00edos Maxim, padre de tres hijos y residente en Huancayo. Antes de manejar con la app, trabajaba en una imprenta local. Si bien era un empleo estable, el ingreso no alcanzaba para cubrir los gastos del hogar. La oportunidad de generar un ingreso adicional lo llev\u00f3 a explorar otras opciones. \u201cUn amigo me coment\u00f3 sobre Maxim, y vi que pod\u00eda manejar en mis tiempos libres. Al final, termin\u00e9 haci\u00e9ndolo a tiempo completo\u201d, cuenta. Hoy trabaja al volante de su Chevrolet Aveo rojo, y gracias a la flexibilidad del servicio, organiza su jornada en funci\u00f3n de las necesidades de sus hijos. Esta posibilidad de manejar sus propios tiempos se ha convertido en una herramienta clave para equilibrar responsabilidades familiares y laborales. \u201cMi familia es mi mayor motivaci\u00f3n. Salgo a trabajar pensando en ellos, en todo lo que necesitan. Manejar me da flexibilidad, puedo organizar mis horarios y estar presente cuando m\u00e1s me necesitan\u201d, explica. Esa cercan\u00eda le ha permitido ver c\u00f3mo sus hijos reconocen su esfuerzo. \u201cA veces me dicen que soy su \u201cpap\u00e1 chofer\u201d y que trabajo mucho por ellos. Esos momentos no tienen precio\u201d. Como muchos padres que trabajan en movilidad, enfrenta desaf\u00edos como las largas jornadas y la preocupaci\u00f3n por la seguridad en las calles. Aun as\u00ed, mantiene la vista en el futuro. \u201cQuiero comprar una casa para mis hijos, darles una buena educaci\u00f3n y un lugar seguro donde crecer. Esa es mi meta\u201d, afirma. En el D\u00eda del Padre, el testimonio de Jhonatan representa a muchos hombres que han encontrado en la movilidad una forma de generar ingresos con autonom\u00eda, sin dejar de lado su rol en casa. Especialista en Relaciones P\u00fablicas Maxim viajes &amp; env\u00edos Gonzalo Espinoza pr_latam@taximaxim.com<\/p>\n","protected":false},"author":1,"featured_media":30237,"comment_status":"open","ping_status":"open","sticky":false,"template":"","format":"standard","meta":{"footnotes":""},"categories":[22,20],"tags":[],"class_list":["post-30236","post","type-post","status-publish","format-standard","has-post-thumbnail","hentry","category-portada","category-tendencia"],"yoast_head":"<!-- This site is optimized with the Yoast SEO plugin v27.5 - https:\/\/yoast.com\/product\/yoast-seo-wordpress\/ -->\n<title>D\u00eda del Padre: la movilidad como salida econ\u00f3mica para padres de familia - Radio Huancayo<\/title>\n<meta name=\"robots\" content=\"index, follow, max-snippet:-1, max-image-preview:large, max-video-preview:-1\" \/>\n<link rel=\"canonical\" href=\"https:\/\/radiohuancayo.com.pe\/wp54\/dia-del-padre-la-movilidad-como-salida-economica-para-padres-de-familia\/\" \/>\n<meta property=\"og:locale\" content=\"es_ES\" \/>\n<meta property=\"og:type\" content=\"article\" \/>\n<meta property=\"og:title\" content=\"D\u00eda del Padre: la movilidad como salida econ\u00f3mica para padres de familia - Radio Huancayo\" \/>\n<meta property=\"og:description\" content=\"Con motivo del D\u00eda del Padre, la app de viajes y env\u00edos Maxim comparte el testimonio de quienes encuentran en el trabajo al volante una forma de estar presentes en el crecimiento de sus hijos. En cada ciudad del pa\u00eds, miles de padres enfrentan a diario el reto de brindar bienestar a sus hijos mientras equilibran trabajo, tiempo y responsabilidades. Muchos de ellos han encontrado en las plataformas de movilidad una alternativa para salir adelante, como es el caso de Jhonatan Collazos, conductor de la app de viajes y env\u00edos Maxim, padre de tres hijos y residente en Huancayo. Antes de manejar con la app, trabajaba en una imprenta local. Si bien era un empleo estable, el ingreso no alcanzaba para cubrir los gastos del hogar. La oportunidad de generar un ingreso adicional lo llev\u00f3 a explorar otras opciones. \u201cUn amigo me coment\u00f3 sobre Maxim, y vi que pod\u00eda manejar en mis tiempos libres. Al final, termin\u00e9 haci\u00e9ndolo a tiempo completo\u201d, cuenta. Hoy trabaja al volante de su Chevrolet Aveo rojo, y gracias a la flexibilidad del servicio, organiza su jornada en funci\u00f3n de las necesidades de sus hijos. Esta posibilidad de manejar sus propios tiempos se ha convertido en una herramienta clave para equilibrar responsabilidades familiares y laborales. \u201cMi familia es mi mayor motivaci\u00f3n. Salgo a trabajar pensando en ellos, en todo lo que necesitan. Manejar me da flexibilidad, puedo organizar mis horarios y estar presente cuando m\u00e1s me necesitan\u201d, explica. Esa cercan\u00eda le ha permitido ver c\u00f3mo sus hijos reconocen su esfuerzo. \u201cA veces me dicen que soy su \u201cpap\u00e1 chofer\u201d y que trabajo mucho por ellos. Esos momentos no tienen precio\u201d. Como muchos padres que trabajan en movilidad, enfrenta desaf\u00edos como las largas jornadas y la preocupaci\u00f3n por la seguridad en las calles. Aun as\u00ed, mantiene la vista en el futuro. \u201cQuiero comprar una casa para mis hijos, darles una buena educaci\u00f3n y un lugar seguro donde crecer. Esa es mi meta\u201d, afirma. En el D\u00eda del Padre, el testimonio de Jhonatan representa a muchos hombres que han encontrado en la movilidad una forma de generar ingresos con autonom\u00eda, sin dejar de lado su rol en casa. Especialista en Relaciones P\u00fablicas Maxim viajes &amp; env\u00edos Gonzalo Espinoza pr_latam@taximaxim.com\" \/>\n<meta property=\"og:url\" content=\"https:\/\/radiohuancayo.com.pe\/wp54\/dia-del-padre-la-movilidad-como-salida-economica-para-padres-de-familia\/\" \/>\n<meta property=\"og:site_name\" content=\"Radio Huancayo\" \/>\n<meta property=\"article:published_time\" content=\"2025-06-15T15:10:09+00:00\" \/>\n<meta property=\"article:modified_time\" content=\"2025-06-15T15:10:10+00:00\" \/>\n<meta property=\"og:image\" content=\"https:\/\/radiohuancayo.com.pe\/wp54\/wp-content\/uploads\/2025\/06\/Maxim-scaled.jpg\" \/>\n\t<meta property=\"og:image:width\" content=\"2560\" \/>\n\t<meta property=\"og:image:height\" content=\"1920\" \/>\n\t<meta property=\"og:image:type\" content=\"image\/jpeg\" \/>\n<meta name=\"author\" content=\"admin\" \/>\n<meta name=\"twitter:card\" content=\"summary_large_image\" \/>\n<meta name=\"twitter:label1\" content=\"Escrito por\" \/>\n\t<meta name=\"twitter:data1\" content=\"admin\" \/>\n\t<meta name=\"twitter:label2\" content=\"Tiempo de lectura\" \/>\n\t<meta name=\"twitter:data2\" content=\"2 minutos\" \/>\n<script type=\"application\/ld+json\" class=\"yoast-schema-graph\">{\"@context\":\"https:\\\/\\\/schema.org\",\"@graph\":[{\"@type\":\"Article\",\"@id\":\"https:\\\/\\\/radiohuancayo.com.pe\\\/wp54\\\/dia-del-padre-la-movilidad-como-salida-economica-para-padres-de-familia\\\/#article\",\"isPartOf\":{\"@id\":\"https:\\\/\\\/radiohuancayo.com.pe\\\/wp54\\\/dia-del-padre-la-movilidad-como-salida-economica-para-padres-de-familia\\\/\"},\"author\":{\"name\":\"admin\",\"@id\":\"https:\\\/\\\/radiohuancayo.com.pe\\\/wp54\\\/#\\\/schema\\\/person\\\/53e7c63df918deff345a30606cbf878c\"},\"headline\":\"D\u00eda del Padre: la movilidad como salida econ\u00f3mica para padres de familia\",\"datePublished\":\"2025-06-15T15:10:09+00:00\",\"dateModified\":\"2025-06-15T15:10:10+00:00\",\"mainEntityOfPage\":{\"@id\":\"https:\\\/\\\/radiohuancayo.com.pe\\\/wp54\\\/dia-del-padre-la-movilidad-como-salida-economica-para-padres-de-familia\\\/\"},\"wordCount\":406,\"commentCount\":0,\"publisher\":{\"@id\":\"https:\\\/\\\/radiohuancayo.com.pe\\\/wp54\\\/#organization\"},\"image\":{\"@id\":\"https:\\\/\\\/radiohuancayo.com.pe\\\/wp54\\\/dia-del-padre-la-movilidad-como-salida-economica-para-padres-de-familia\\\/#primaryimage\"},\"thumbnailUrl\":\"https:\\\/\\\/radiohuancayo.com.pe\\\/wp54\\\/wp-content\\\/uploads\\\/2025\\\/06\\\/Maxim-scaled.jpg\",\"articleSection\":[\"Portada\",\"Tendencia\"],\"inLanguage\":\"es\",\"potentialAction\":[{\"@type\":\"CommentAction\",\"name\":\"Comment\",\"target\":[\"https:\\\/\\\/radiohuancayo.com.pe\\\/wp54\\\/dia-del-padre-la-movilidad-como-salida-economica-para-padres-de-familia\\\/#respond\"]}]},{\"@type\":\"WebPage\",\"@id\":\"https:\\\/\\\/radiohuancayo.com.pe\\\/wp54\\\/dia-del-padre-la-movilidad-como-salida-economica-para-padres-de-familia\\\/\",\"url\":\"https:\\\/\\\/radiohuancayo.com.pe\\\/wp54\\\/dia-del-padre-la-movilidad-como-salida-economica-para-padres-de-familia\\\/\",\"name\":\"D\u00eda del Padre: la movilidad como salida econ\u00f3mica para padres de familia - Radio Huancayo\",\"isPartOf\":{\"@id\":\"https:\\\/\\\/radiohuancayo.com.pe\\\/wp54\\\/#website\"},\"primaryImageOfPage\":{\"@id\":\"https:\\\/\\\/radiohuancayo.com.pe\\\/wp54\\\/dia-del-padre-la-movilidad-como-salida-economica-para-padres-de-familia\\\/#primaryimage\"},\"image\":{\"@id\":\"https:\\\/\\\/radiohuancayo.com.pe\\\/wp54\\\/dia-del-padre-la-movilidad-como-salida-economica-para-padres-de-familia\\\/#primaryimage\"},\"thumbnailUrl\":\"https:\\\/\\\/radiohuancayo.com.pe\\\/wp54\\\/wp-content\\\/uploads\\\/2025\\\/06\\\/Maxim-scaled.jpg\",\"datePublished\":\"2025-06-15T15:10:09+00:00\",\"dateModified\":\"2025-06-15T15:10:10+00:00\",\"breadcrumb\":{\"@id\":\"https:\\\/\\\/radiohuancayo.com.pe\\\/wp54\\\/dia-del-padre-la-movilidad-como-salida-economica-para-padres-de-familia\\\/#breadcrumb\"},\"inLanguage\":\"es\",\"potentialAction\":[{\"@type\":\"ReadAction\",\"target\":[\"https:\\\/\\\/radiohuancayo.com.pe\\\/wp54\\\/dia-del-padre-la-movilidad-como-salida-economica-para-padres-de-familia\\\/\"]}]},{\"@type\":\"ImageObject\",\"inLanguage\":\"es\",\"@id\":\"https:\\\/\\\/radiohuancayo.com.pe\\\/wp54\\\/dia-del-padre-la-movilidad-como-salida-economica-para-padres-de-familia\\\/#primaryimage\",\"url\":\"https:\\\/\\\/radiohuancayo.com.pe\\\/wp54\\\/wp-content\\\/uploads\\\/2025\\\/06\\\/Maxim-scaled.jpg\",\"contentUrl\":\"https:\\\/\\\/radiohuancayo.com.pe\\\/wp54\\\/wp-content\\\/uploads\\\/2025\\\/06\\\/Maxim-scaled.jpg\",\"width\":2560,\"height\":1920},{\"@type\":\"BreadcrumbList\",\"@id\":\"https:\\\/\\\/radiohuancayo.com.pe\\\/wp54\\\/dia-del-padre-la-movilidad-como-salida-economica-para-padres-de-familia\\\/#breadcrumb\",\"itemListElement\":[{\"@type\":\"ListItem\",\"position\":1,\"name\":\"Portada\",\"item\":\"https:\\\/\\\/radiohuancayo.com.pe\\\/wp54\\\/\"},{\"@type\":\"ListItem\",\"position\":2,\"name\":\"D\u00eda del Padre: la movilidad como salida econ\u00f3mica para padres de familia\"}]},{\"@type\":\"WebSite\",\"@id\":\"https:\\\/\\\/radiohuancayo.com.pe\\\/wp54\\\/#website\",\"url\":\"https:\\\/\\\/radiohuancayo.com.pe\\\/wp54\\\/\",\"name\":\"Radio Huancayo\",\"description\":\"me gusta!!!\",\"publisher\":{\"@id\":\"https:\\\/\\\/radiohuancayo.com.pe\\\/wp54\\\/#organization\"},\"potentialAction\":[{\"@type\":\"SearchAction\",\"target\":{\"@type\":\"EntryPoint\",\"urlTemplate\":\"https:\\\/\\\/radiohuancayo.com.pe\\\/wp54\\\/?s={search_term_string}\"},\"query-input\":{\"@type\":\"PropertyValueSpecification\",\"valueRequired\":true,\"valueName\":\"search_term_string\"}}],\"inLanguage\":\"es\"},{\"@type\":\"Organization\",\"@id\":\"https:\\\/\\\/radiohuancayo.com.pe\\\/wp54\\\/#organization\",\"name\":\"Radio Huancayo\",\"url\":\"https:\\\/\\\/radiohuancayo.com.pe\\\/wp54\\\/\",\"logo\":{\"@type\":\"ImageObject\",\"inLanguage\":\"es\",\"@id\":\"https:\\\/\\\/radiohuancayo.com.pe\\\/wp54\\\/#\\\/schema\\\/logo\\\/image\\\/\",\"url\":\"https:\\\/\\\/radiohuancayo.com.pe\\\/wp54\\\/wp-content\\\/uploads\\\/2022\\\/04\\\/CABE01.png\",\"contentUrl\":\"https:\\\/\\\/radiohuancayo.com.pe\\\/wp54\\\/wp-content\\\/uploads\\\/2022\\\/04\\\/CABE01.png\",\"width\":1640,\"height\":300,\"caption\":\"Radio Huancayo\"},\"image\":{\"@id\":\"https:\\\/\\\/radiohuancayo.com.pe\\\/wp54\\\/#\\\/schema\\\/logo\\\/image\\\/\"}},{\"@type\":\"Person\",\"@id\":\"https:\\\/\\\/radiohuancayo.com.pe\\\/wp54\\\/#\\\/schema\\\/person\\\/53e7c63df918deff345a30606cbf878c\",\"name\":\"admin\",\"image\":{\"@type\":\"ImageObject\",\"inLanguage\":\"es\",\"@id\":\"https:\\\/\\\/secure.gravatar.com\\\/avatar\\\/3d9af84154e8f14d0ba4f62aa2abc4fcd3ee42a1c034539c08ef7c5615f414cb?s=96&d=mm&r=g\",\"url\":\"https:\\\/\\\/secure.gravatar.com\\\/avatar\\\/3d9af84154e8f14d0ba4f62aa2abc4fcd3ee42a1c034539c08ef7c5615f414cb?s=96&d=mm&r=g\",\"contentUrl\":\"https:\\\/\\\/secure.gravatar.com\\\/avatar\\\/3d9af84154e8f14d0ba4f62aa2abc4fcd3ee42a1c034539c08ef7c5615f414cb?s=96&d=mm&r=g\",\"caption\":\"admin\"},\"sameAs\":[\"https:\\\/\\\/radiohuancayo.com.pe\\\/wp54\"],\"url\":\"https:\\\/\\\/radiohuancayo.com.pe\\\/wp54\\\/author\\\/admin\\\/\"}]}<\/script>\n<!-- \/ Yoast SEO plugin. -->","yoast_head_json":{"title":"D\u00eda del Padre: la movilidad como salida econ\u00f3mica para padres de familia - Radio Huancayo","robots":{"index":"index","follow":"follow","max-snippet":"max-snippet:-1","max-image-preview":"max-image-preview:large","max-video-preview":"max-video-preview:-1"},"canonical":"https:\/\/radiohuancayo.com.pe\/wp54\/dia-del-padre-la-movilidad-como-salida-economica-para-padres-de-familia\/","og_locale":"es_ES","og_type":"article","og_title":"D\u00eda del Padre: la movilidad como salida econ\u00f3mica para padres de familia - Radio Huancayo","og_description":"Con motivo del D\u00eda del Padre, la app de viajes y env\u00edos Maxim comparte el testimonio de quienes encuentran en el trabajo al volante una forma de estar presentes en el crecimiento de sus hijos. En cada ciudad del pa\u00eds, miles de padres enfrentan a diario el reto de brindar bienestar a sus hijos mientras equilibran trabajo, tiempo y responsabilidades. Muchos de ellos han encontrado en las plataformas de movilidad una alternativa para salir adelante, como es el caso de Jhonatan Collazos, conductor de la app de viajes y env\u00edos Maxim, padre de tres hijos y residente en Huancayo. Antes de manejar con la app, trabajaba en una imprenta local. Si bien era un empleo estable, el ingreso no alcanzaba para cubrir los gastos del hogar. La oportunidad de generar un ingreso adicional lo llev\u00f3 a explorar otras opciones. \u201cUn amigo me coment\u00f3 sobre Maxim, y vi que pod\u00eda manejar en mis tiempos libres. Al final, termin\u00e9 haci\u00e9ndolo a tiempo completo\u201d, cuenta. Hoy trabaja al volante de su Chevrolet Aveo rojo, y gracias a la flexibilidad del servicio, organiza su jornada en funci\u00f3n de las necesidades de sus hijos. Esta posibilidad de manejar sus propios tiempos se ha convertido en una herramienta clave para equilibrar responsabilidades familiares y laborales. \u201cMi familia es mi mayor motivaci\u00f3n. Salgo a trabajar pensando en ellos, en todo lo que necesitan. Manejar me da flexibilidad, puedo organizar mis horarios y estar presente cuando m\u00e1s me necesitan\u201d, explica. Esa cercan\u00eda le ha permitido ver c\u00f3mo sus hijos reconocen su esfuerzo. \u201cA veces me dicen que soy su \u201cpap\u00e1 chofer\u201d y que trabajo mucho por ellos. Esos momentos no tienen precio\u201d. Como muchos padres que trabajan en movilidad, enfrenta desaf\u00edos como las largas jornadas y la preocupaci\u00f3n por la seguridad en las calles. Aun as\u00ed, mantiene la vista en el futuro. \u201cQuiero comprar una casa para mis hijos, darles una buena educaci\u00f3n y un lugar seguro donde crecer. Esa es mi meta\u201d, afirma. En el D\u00eda del Padre, el testimonio de Jhonatan representa a muchos hombres que han encontrado en la movilidad una forma de generar ingresos con autonom\u00eda, sin dejar de lado su rol en casa. Especialista en Relaciones P\u00fablicas Maxim viajes &amp; env\u00edos Gonzalo Espinoza pr_latam@taximaxim.com","og_url":"https:\/\/radiohuancayo.com.pe\/wp54\/dia-del-padre-la-movilidad-como-salida-economica-para-padres-de-familia\/","og_site_name":"Radio Huancayo","article_published_time":"2025-06-15T15:10:09+00:00","article_modified_time":"2025-06-15T15:10:10+00:00","og_image":[{"width":2560,"height":1920,"url":"https:\/\/radiohuancayo.com.pe\/wp54\/wp-content\/uploads\/2025\/06\/Maxim-scaled.jpg","type":"image\/jpeg"}],"author":"admin","twitter_card":"summary_large_image","twitter_misc":{"Escrito por":"admin","Tiempo de lectura":"2 minutos"},"schema":{"@context":"https:\/\/schema.org","@graph":[{"@type":"Article","@id":"https:\/\/radiohuancayo.com.pe\/wp54\/dia-del-padre-la-movilidad-como-salida-economica-para-padres-de-familia\/#article","isPartOf":{"@id":"https:\/\/radiohuancayo.com.pe\/wp54\/dia-del-padre-la-movilidad-como-salida-economica-para-padres-de-familia\/"},"author":{"name":"admin","@id":"https:\/\/radiohuancayo.com.pe\/wp54\/#\/schema\/person\/53e7c63df918deff345a30606cbf878c"},"headline":"D\u00eda del Padre: la movilidad como salida econ\u00f3mica para padres de familia","datePublished":"2025-06-15T15:10:09+00:00","dateModified":"2025-06-15T15:10:10+00:00","mainEntityOfPage":{"@id":"https:\/\/radiohuancayo.com.pe\/wp54\/dia-del-padre-la-movilidad-como-salida-economica-para-padres-de-familia\/"},"wordCount":406,"commentCount":0,"publisher":{"@id":"https:\/\/radiohuancayo.com.pe\/wp54\/#organization"},"image":{"@id":"https:\/\/radiohuancayo.com.pe\/wp54\/dia-del-padre-la-movilidad-como-salida-economica-para-padres-de-familia\/#primaryimage"},"thumbnailUrl":"https:\/\/radiohuancayo.com.pe\/wp54\/wp-content\/uploads\/2025\/06\/Maxim-scaled.jpg","articleSection":["Portada","Tendencia"],"inLanguage":"es","potentialAction":[{"@type":"CommentAction","name":"Comment","target":["https:\/\/radiohuancayo.com.pe\/wp54\/dia-del-padre-la-movilidad-como-salida-economica-para-padres-de-familia\/#respond"]}]},{"@type":"WebPage","@id":"https:\/\/radiohuancayo.com.pe\/wp54\/dia-del-padre-la-movilidad-como-salida-economica-para-padres-de-familia\/","url":"https:\/\/radiohuancayo.com.pe\/wp54\/dia-del-padre-la-movilidad-como-salida-economica-para-padres-de-familia\/","name":"D\u00eda del Padre: la movilidad como salida econ\u00f3mica para padres de familia - Radio Huancayo","isPartOf":{"@id":"https:\/\/radiohuancayo.com.pe\/wp54\/#website"},"primaryImageOfPage":{"@id":"https:\/\/radiohuancayo.com.pe\/wp54\/dia-del-padre-la-movilidad-como-salida-economica-para-padres-de-familia\/#primaryimage"},"image":{"@id":"https:\/\/radiohuancayo.com.pe\/wp54\/dia-del-padre-la-movilidad-como-salida-economica-para-padres-de-familia\/#primaryimage"},"thumbnailUrl":"https:\/\/radiohuancayo.com.pe\/wp54\/wp-content\/uploads\/2025\/06\/Maxim-scaled.jpg","datePublished":"2025-06-15T15:10:09+00:00","dateModified":"2025-06-15T15:10:10+00:00","breadcrumb":{"@id":"https:\/\/radiohuancayo.com.pe\/wp54\/dia-del-padre-la-movilidad-como-salida-economica-para-padres-de-familia\/#breadcrumb"},"inLanguage":"es","potentialAction":[{"@type":"ReadAction","target":["https:\/\/radiohuancayo.com.pe\/wp54\/dia-del-padre-la-movilidad-como-salida-economica-para-padres-de-familia\/"]}]},{"@type":"ImageObject","inLanguage":"es","@id":"https:\/\/radiohuancayo.com.pe\/wp54\/dia-del-padre-la-movilidad-como-salida-economica-para-padres-de-familia\/#primaryimage","url":"https:\/\/radiohuancayo.com.pe\/wp54\/wp-content\/uploads\/2025\/06\/Maxim-scaled.jpg","contentUrl":"https:\/\/radiohuancayo.com.pe\/wp54\/wp-content\/uploads\/2025\/06\/Maxim-scaled.jpg","width":2560,"height":1920},{"@type":"BreadcrumbList","@id":"https:\/\/radiohuancayo.com.pe\/wp54\/dia-del-padre-la-movilidad-como-salida-economica-para-padres-de-familia\/#breadcrumb","itemListElement":[{"@type":"ListItem","position":1,"name":"Portada","item":"https:\/\/radiohuancayo.com.pe\/wp54\/"},{"@type":"ListItem","position":2,"name":"D\u00eda del Padre: la movilidad como salida econ\u00f3mica para padres de familia"}]},{"@type":"WebSite","@id":"https:\/\/radiohuancayo.com.pe\/wp54\/#website","url":"https:\/\/radiohuancayo.com.pe\/wp54\/","name":"Radio Huancayo","description":"me gusta!!!","publisher":{"@id":"https:\/\/radiohuancayo.com.pe\/wp54\/#organization"},"potentialAction":[{"@type":"SearchAction","target":{"@type":"EntryPoint","urlTemplate":"https:\/\/radiohuancayo.com.pe\/wp54\/?s={search_term_string}"},"query-input":{"@type":"PropertyValueSpecification","valueRequired":true,"valueName":"search_term_string"}}],"inLanguage":"es"},{"@type":"Organization","@id":"https:\/\/radiohuancayo.com.pe\/wp54\/#organization","name":"Radio Huancayo","url":"https:\/\/radiohuancayo.com.pe\/wp54\/","logo":{"@type":"ImageObject","inLanguage":"es","@id":"https:\/\/radiohuancayo.com.pe\/wp54\/#\/schema\/logo\/image\/","url":"https:\/\/radiohuancayo.com.pe\/wp54\/wp-content\/uploads\/2022\/04\/CABE01.png","contentUrl":"https:\/\/radiohuancayo.com.pe\/wp54\/wp-content\/uploads\/2022\/04\/CABE01.png","width":1640,"height":300,"caption":"Radio Huancayo"},"image":{"@id":"https:\/\/radiohuancayo.com.pe\/wp54\/#\/schema\/logo\/image\/"}},{"@type":"Person","@id":"https:\/\/radiohuancayo.com.pe\/wp54\/#\/schema\/person\/53e7c63df918deff345a30606cbf878c","name":"admin","image":{"@type":"ImageObject","inLanguage":"es","@id":"https:\/\/secure.gravatar.com\/avatar\/3d9af84154e8f14d0ba4f62aa2abc4fcd3ee42a1c034539c08ef7c5615f414cb?s=96&d=mm&r=g","url":"https:\/\/secure.gravatar.com\/avatar\/3d9af84154e8f14d0ba4f62aa2abc4fcd3ee42a1c034539c08ef7c5615f414cb?s=96&d=mm&r=g","contentUrl":"https:\/\/secure.gravatar.com\/avatar\/3d9af84154e8f14d0ba4f62aa2abc4fcd3ee42a1c034539c08ef7c5615f414cb?s=96&d=mm&r=g","caption":"admin"},"sameAs":["https:\/\/radiohuancayo.com.pe\/wp54"],"url":"https:\/\/radiohuancayo.com.pe\/wp54\/author\/admin\/"}]}},"_links":{"self":[{"href":"https:\/\/radiohuancayo.com.pe\/wp54\/wp-json\/wp\/v2\/posts\/30236","targetHints":{"allow":["GET"]}}],"collection":[{"href":"https:\/\/radiohuancayo.com.pe\/wp54\/wp-json\/wp\/v2\/posts"}],"about":[{"href":"https:\/\/radiohuancayo.com.pe\/wp54\/wp-json\/wp\/v2\/types\/post"}],"author":[{"embeddable":true,"href":"https:\/\/radiohuancayo.com.pe\/wp54\/wp-json\/wp\/v2\/users\/1"}],"replies":[{"embeddable":true,"href":"https:\/\/radiohuancayo.com.pe\/wp54\/wp-json\/wp\/v2\/comments?post=30236"}],"version-history":[{"count":1,"href":"https:\/\/radiohuancayo.com.pe\/wp54\/wp-json\/wp\/v2\/posts\/30236\/revisions"}],"predecessor-version":[{"id":30238,"href":"https:\/\/radiohuancayo.com.pe\/wp54\/wp-json\/wp\/v2\/posts\/30236\/revisions\/30238"}],"wp:featuredmedia":[{"embeddable":true,"href":"https:\/\/radiohuancayo.com.pe\/wp54\/wp-json\/wp\/v2\/media\/30237"}],"wp:attachment":[{"href":"https:\/\/radiohuancayo.com.pe\/wp54\/wp-json\/wp\/v2\/media?parent=30236"}],"wp:term":[{"taxonomy":"category","embeddable":true,"href":"https:\/\/radiohuancayo.com.pe\/wp54\/wp-json\/wp\/v2\/categories?post=30236"},{"taxonomy":"post_tag","embeddable":true,"href":"https:\/\/radiohuancayo.com.pe\/wp54\/wp-json\/wp\/v2\/tags?post=30236"}],"curies":[{"name":"wp","href":"https:\/\/api.w.org\/{rel}","templated":true}]}}