{"id":30312,"date":"2025-07-31T14:02:23","date_gmt":"2025-07-31T19:02:23","guid":{"rendered":"https:\/\/radiohuancayo.com.pe\/wp54\/?p=30312"},"modified":"2025-07-31T14:02:24","modified_gmt":"2025-07-31T19:02:24","slug":"melcochita-en-el-valor-de-la-verdad-hablara-sobre-carlos-alvarez-su-matrimonio-con-monserrat-y-mas","status":"publish","type":"post","link":"https:\/\/radiohuancayo.com.pe\/wp54\/melcochita-en-el-valor-de-la-verdad-hablara-sobre-carlos-alvarez-su-matrimonio-con-monserrat-y-mas\/","title":{"rendered":"\u2018Melcochita\u2019 en \u2018El valor de la verdad\u2019: hablar\u00e1 sobre Carlos \u00c1lvarez, su matrimonio con Monserrat y m\u00e1s"},"content":{"rendered":"\n<p>Pablo Villanueva Branda, conocido como &#8216;Melcochita&#8217;, ser\u00e1 el pr\u00f3ximo invitado en El valor de la verdad este domingo, 3 de agosto. El reconocido humorista y m\u00fasico peruano se sentar\u00e1 en el sill\u00f3n rojo para responder ante las preguntas del pol\u00edgrafo sobre un presunto conflicto con Carlos \u00c1lvarez, adem\u00e1s de su matrimonio con Monserrat Seminario, entre otras revelaciones.<\/p>\n\n\n\n<p>\u201c\u00bfTe rob\u00f3 ideas Carlos \u00c1lvarez?\u201d, fue la primera pregunta revelada en el adelanto del programa conducido por Beto Ortiz. \u201cMe llam\u00f3 y me dijo: \u2018Mira, aqu\u00ed el due\u00f1o de esta secuencia soy yo y t\u00fa no puedes ir encima de m\u00ed \u00bfEntiendes?\u2019 Le dije: \u2018Ah, est\u00e1 bien se\u00f1or\u2019\u201d, respondi\u00f3 el tambi\u00e9n exintegrante de Risas y salsa.<\/p>\n\n\n\n<p>\u201c\u00bfHas sido infiel?\u201d, fue otra de las preguntas soltadas para \u2018Melcochita\u2019, quien luc\u00eda su traje de gala con un corbat\u00edn negro, un saco atigrado y camisa blanca. En seguida, su esposa Monserrat Seminario, de 41 a\u00f1os, evit\u00f3 que los acompa\u00f1antes del actor c\u00f3mico toquen el bot\u00f3n rojo para conocer la respuesta de su pareja, de 88 a\u00f1os.<\/p>\n\n\n\n<p>\u201cElla se pone celosa porque en las chicas se acercan as\u00ed. A veces, me besan en la boca. Yo que hago, si soy d\u00e9bil. Mientras que ella no me vea en un hotel y falte un d\u00eda, pero yo nunca he faltado. \u00bfAlguna vez he faltado un d\u00eda en la cama? A ver que cuente que d\u00eda\u201d, expres\u00f3 Melcochita ante los reclamos de su esposa. \u201cNo me hagas hablar. \u00bfYa? \u00bfQuieres que te cuente?\u201d, le contest\u00f3 Monserrat.<\/p>\n","protected":false},"excerpt":{"rendered":"<p>Pablo Villanueva Branda, conocido como &#8216;Melcochita&#8217;, ser\u00e1 el pr\u00f3ximo invitado en El valor de la verdad este domingo, 3 de agosto. El reconocido humorista y m\u00fasico peruano se sentar\u00e1 en el sill\u00f3n rojo para responder ante las preguntas del pol\u00edgrafo sobre un presunto conflicto con Carlos \u00c1lvarez, adem\u00e1s de su matrimonio con Monserrat Seminario, entre otras revelaciones. \u201c\u00bfTe rob\u00f3 ideas Carlos \u00c1lvarez?\u201d, fue la primera pregunta revelada en el adelanto del programa conducido por Beto Ortiz. \u201cMe llam\u00f3 y me dijo: \u2018Mira, aqu\u00ed el due\u00f1o de esta secuencia soy yo y t\u00fa no puedes ir encima de m\u00ed \u00bfEntiendes?\u2019 Le dije: \u2018Ah, est\u00e1 bien se\u00f1or\u2019\u201d, respondi\u00f3 el tambi\u00e9n exintegrante de Risas y salsa. \u201c\u00bfHas sido infiel?\u201d, fue otra de las preguntas soltadas para \u2018Melcochita\u2019, quien luc\u00eda su traje de gala con un corbat\u00edn negro, un saco atigrado y camisa blanca. En seguida, su esposa Monserrat Seminario, de 41 a\u00f1os, evit\u00f3 que los acompa\u00f1antes del actor c\u00f3mico toquen el bot\u00f3n rojo para conocer la respuesta de su pareja, de 88 a\u00f1os. \u201cElla se pone celosa porque en las chicas se acercan as\u00ed. A veces, me besan en la boca. Yo que hago, si soy d\u00e9bil. Mientras que ella no me vea en un hotel y falte un d\u00eda, pero yo nunca he faltado. \u00bfAlguna vez he faltado un d\u00eda en la cama? A ver que cuente que d\u00eda\u201d, expres\u00f3 Melcochita ante los reclamos de su esposa. \u201cNo me hagas hablar. \u00bfYa? \u00bfQuieres que te cuente?\u201d, le contest\u00f3 Monserrat.<\/p>\n","protected":false},"author":1,"featured_media":30313,"comment_status":"open","ping_status":"open","sticky":false,"template":"","format":"standard","meta":{"footnotes":""},"categories":[8,22],"tags":[],"class_list":["post-30312","post","type-post","status-publish","format-standard","has-post-thumbnail","hentry","category-espectaculos","category-portada"],"yoast_head":"<!-- This site is optimized with the Yoast SEO plugin v27.5 - https:\/\/yoast.com\/product\/yoast-seo-wordpress\/ -->\n<title>\u2018Melcochita\u2019 en \u2018El valor de la verdad\u2019: hablar\u00e1 sobre Carlos \u00c1lvarez, su matrimonio con Monserrat y m\u00e1s - Radio Huancayo<\/title>\n<meta name=\"robots\" content=\"index, follow, max-snippet:-1, max-image-preview:large, max-video-preview:-1\" \/>\n<link rel=\"canonical\" href=\"https:\/\/radiohuancayo.com.pe\/wp54\/melcochita-en-el-valor-de-la-verdad-hablara-sobre-carlos-alvarez-su-matrimonio-con-monserrat-y-mas\/\" \/>\n<meta property=\"og:locale\" content=\"es_ES\" \/>\n<meta property=\"og:type\" content=\"article\" \/>\n<meta property=\"og:title\" content=\"\u2018Melcochita\u2019 en \u2018El valor de la verdad\u2019: hablar\u00e1 sobre Carlos \u00c1lvarez, su matrimonio con Monserrat y m\u00e1s - Radio Huancayo\" \/>\n<meta property=\"og:description\" content=\"Pablo Villanueva Branda, conocido como &#8216;Melcochita&#8217;, ser\u00e1 el pr\u00f3ximo invitado en El valor de la verdad este domingo, 3 de agosto. El reconocido humorista y m\u00fasico peruano se sentar\u00e1 en el sill\u00f3n rojo para responder ante las preguntas del pol\u00edgrafo sobre un presunto conflicto con Carlos \u00c1lvarez, adem\u00e1s de su matrimonio con Monserrat Seminario, entre otras revelaciones. \u201c\u00bfTe rob\u00f3 ideas Carlos \u00c1lvarez?\u201d, fue la primera pregunta revelada en el adelanto del programa conducido por Beto Ortiz. \u201cMe llam\u00f3 y me dijo: \u2018Mira, aqu\u00ed el due\u00f1o de esta secuencia soy yo y t\u00fa no puedes ir encima de m\u00ed \u00bfEntiendes?\u2019 Le dije: \u2018Ah, est\u00e1 bien se\u00f1or\u2019\u201d, respondi\u00f3 el tambi\u00e9n exintegrante de Risas y salsa. \u201c\u00bfHas sido infiel?\u201d, fue otra de las preguntas soltadas para \u2018Melcochita\u2019, quien luc\u00eda su traje de gala con un corbat\u00edn negro, un saco atigrado y camisa blanca. En seguida, su esposa Monserrat Seminario, de 41 a\u00f1os, evit\u00f3 que los acompa\u00f1antes del actor c\u00f3mico toquen el bot\u00f3n rojo para conocer la respuesta de su pareja, de 88 a\u00f1os. \u201cElla se pone celosa porque en las chicas se acercan as\u00ed. A veces, me besan en la boca. Yo que hago, si soy d\u00e9bil. Mientras que ella no me vea en un hotel y falte un d\u00eda, pero yo nunca he faltado. \u00bfAlguna vez he faltado un d\u00eda en la cama? A ver que cuente que d\u00eda\u201d, expres\u00f3 Melcochita ante los reclamos de su esposa. \u201cNo me hagas hablar. \u00bfYa? \u00bfQuieres que te cuente?\u201d, le contest\u00f3 Monserrat.\" \/>\n<meta property=\"og:url\" content=\"https:\/\/radiohuancayo.com.pe\/wp54\/melcochita-en-el-valor-de-la-verdad-hablara-sobre-carlos-alvarez-su-matrimonio-con-monserrat-y-mas\/\" \/>\n<meta property=\"og:site_name\" content=\"Radio Huancayo\" \/>\n<meta property=\"article:published_time\" content=\"2025-07-31T19:02:23+00:00\" \/>\n<meta property=\"article:modified_time\" content=\"2025-07-31T19:02:24+00:00\" \/>\n<meta property=\"og:image\" content=\"https:\/\/radiohuancayo.com.pe\/wp54\/wp-content\/uploads\/2025\/07\/image-18.png\" \/>\n\t<meta property=\"og:image:width\" content=\"1000\" \/>\n\t<meta property=\"og:image:height\" content=\"606\" \/>\n\t<meta property=\"og:image:type\" content=\"image\/png\" \/>\n<meta name=\"author\" content=\"admin\" \/>\n<meta name=\"twitter:card\" content=\"summary_large_image\" \/>\n<meta name=\"twitter:label1\" content=\"Escrito por\" \/>\n\t<meta name=\"twitter:data1\" content=\"admin\" \/>\n\t<meta name=\"twitter:label2\" content=\"Tiempo de lectura\" \/>\n\t<meta name=\"twitter:data2\" content=\"2 minutos\" \/>\n<script type=\"application\/ld+json\" class=\"yoast-schema-graph\">{\"@context\":\"https:\\\/\\\/schema.org\",\"@graph\":[{\"@type\":\"Article\",\"@id\":\"https:\\\/\\\/radiohuancayo.com.pe\\\/wp54\\\/melcochita-en-el-valor-de-la-verdad-hablara-sobre-carlos-alvarez-su-matrimonio-con-monserrat-y-mas\\\/#article\",\"isPartOf\":{\"@id\":\"https:\\\/\\\/radiohuancayo.com.pe\\\/wp54\\\/melcochita-en-el-valor-de-la-verdad-hablara-sobre-carlos-alvarez-su-matrimonio-con-monserrat-y-mas\\\/\"},\"author\":{\"name\":\"admin\",\"@id\":\"https:\\\/\\\/radiohuancayo.com.pe\\\/wp54\\\/#\\\/schema\\\/person\\\/53e7c63df918deff345a30606cbf878c\"},\"headline\":\"\u2018Melcochita\u2019 en \u2018El valor de la verdad\u2019: hablar\u00e1 sobre Carlos \u00c1lvarez, su matrimonio con Monserrat y m\u00e1s\",\"datePublished\":\"2025-07-31T19:02:23+00:00\",\"dateModified\":\"2025-07-31T19:02:24+00:00\",\"mainEntityOfPage\":{\"@id\":\"https:\\\/\\\/radiohuancayo.com.pe\\\/wp54\\\/melcochita-en-el-valor-de-la-verdad-hablara-sobre-carlos-alvarez-su-matrimonio-con-monserrat-y-mas\\\/\"},\"wordCount\":281,\"commentCount\":0,\"publisher\":{\"@id\":\"https:\\\/\\\/radiohuancayo.com.pe\\\/wp54\\\/#organization\"},\"image\":{\"@id\":\"https:\\\/\\\/radiohuancayo.com.pe\\\/wp54\\\/melcochita-en-el-valor-de-la-verdad-hablara-sobre-carlos-alvarez-su-matrimonio-con-monserrat-y-mas\\\/#primaryimage\"},\"thumbnailUrl\":\"https:\\\/\\\/radiohuancayo.com.pe\\\/wp54\\\/wp-content\\\/uploads\\\/2025\\\/07\\\/image-18.png\",\"articleSection\":[\"Espect\u00e1culos\",\"Portada\"],\"inLanguage\":\"es\",\"potentialAction\":[{\"@type\":\"CommentAction\",\"name\":\"Comment\",\"target\":[\"https:\\\/\\\/radiohuancayo.com.pe\\\/wp54\\\/melcochita-en-el-valor-de-la-verdad-hablara-sobre-carlos-alvarez-su-matrimonio-con-monserrat-y-mas\\\/#respond\"]}]},{\"@type\":\"WebPage\",\"@id\":\"https:\\\/\\\/radiohuancayo.com.pe\\\/wp54\\\/melcochita-en-el-valor-de-la-verdad-hablara-sobre-carlos-alvarez-su-matrimonio-con-monserrat-y-mas\\\/\",\"url\":\"https:\\\/\\\/radiohuancayo.com.pe\\\/wp54\\\/melcochita-en-el-valor-de-la-verdad-hablara-sobre-carlos-alvarez-su-matrimonio-con-monserrat-y-mas\\\/\",\"name\":\"\u2018Melcochita\u2019 en \u2018El valor de la verdad\u2019: hablar\u00e1 sobre Carlos \u00c1lvarez, su matrimonio con Monserrat y m\u00e1s - Radio Huancayo\",\"isPartOf\":{\"@id\":\"https:\\\/\\\/radiohuancayo.com.pe\\\/wp54\\\/#website\"},\"primaryImageOfPage\":{\"@id\":\"https:\\\/\\\/radiohuancayo.com.pe\\\/wp54\\\/melcochita-en-el-valor-de-la-verdad-hablara-sobre-carlos-alvarez-su-matrimonio-con-monserrat-y-mas\\\/#primaryimage\"},\"image\":{\"@id\":\"https:\\\/\\\/radiohuancayo.com.pe\\\/wp54\\\/melcochita-en-el-valor-de-la-verdad-hablara-sobre-carlos-alvarez-su-matrimonio-con-monserrat-y-mas\\\/#primaryimage\"},\"thumbnailUrl\":\"https:\\\/\\\/radiohuancayo.com.pe\\\/wp54\\\/wp-content\\\/uploads\\\/2025\\\/07\\\/image-18.png\",\"datePublished\":\"2025-07-31T19:02:23+00:00\",\"dateModified\":\"2025-07-31T19:02:24+00:00\",\"breadcrumb\":{\"@id\":\"https:\\\/\\\/radiohuancayo.com.pe\\\/wp54\\\/melcochita-en-el-valor-de-la-verdad-hablara-sobre-carlos-alvarez-su-matrimonio-con-monserrat-y-mas\\\/#breadcrumb\"},\"inLanguage\":\"es\",\"potentialAction\":[{\"@type\":\"ReadAction\",\"target\":[\"https:\\\/\\\/radiohuancayo.com.pe\\\/wp54\\\/melcochita-en-el-valor-de-la-verdad-hablara-sobre-carlos-alvarez-su-matrimonio-con-monserrat-y-mas\\\/\"]}]},{\"@type\":\"ImageObject\",\"inLanguage\":\"es\",\"@id\":\"https:\\\/\\\/radiohuancayo.com.pe\\\/wp54\\\/melcochita-en-el-valor-de-la-verdad-hablara-sobre-carlos-alvarez-su-matrimonio-con-monserrat-y-mas\\\/#primaryimage\",\"url\":\"https:\\\/\\\/radiohuancayo.com.pe\\\/wp54\\\/wp-content\\\/uploads\\\/2025\\\/07\\\/image-18.png\",\"contentUrl\":\"https:\\\/\\\/radiohuancayo.com.pe\\\/wp54\\\/wp-content\\\/uploads\\\/2025\\\/07\\\/image-18.png\",\"width\":1000,\"height\":606},{\"@type\":\"BreadcrumbList\",\"@id\":\"https:\\\/\\\/radiohuancayo.com.pe\\\/wp54\\\/melcochita-en-el-valor-de-la-verdad-hablara-sobre-carlos-alvarez-su-matrimonio-con-monserrat-y-mas\\\/#breadcrumb\",\"itemListElement\":[{\"@type\":\"ListItem\",\"position\":1,\"name\":\"Portada\",\"item\":\"https:\\\/\\\/radiohuancayo.com.pe\\\/wp54\\\/\"},{\"@type\":\"ListItem\",\"position\":2,\"name\":\"\u2018Melcochita\u2019 en \u2018El valor de la verdad\u2019: hablar\u00e1 sobre Carlos \u00c1lvarez, su matrimonio con Monserrat y m\u00e1s\"}]},{\"@type\":\"WebSite\",\"@id\":\"https:\\\/\\\/radiohuancayo.com.pe\\\/wp54\\\/#website\",\"url\":\"https:\\\/\\\/radiohuancayo.com.pe\\\/wp54\\\/\",\"name\":\"Radio Huancayo\",\"description\":\"me gusta!!!\",\"publisher\":{\"@id\":\"https:\\\/\\\/radiohuancayo.com.pe\\\/wp54\\\/#organization\"},\"potentialAction\":[{\"@type\":\"SearchAction\",\"target\":{\"@type\":\"EntryPoint\",\"urlTemplate\":\"https:\\\/\\\/radiohuancayo.com.pe\\\/wp54\\\/?s={search_term_string}\"},\"query-input\":{\"@type\":\"PropertyValueSpecification\",\"valueRequired\":true,\"valueName\":\"search_term_string\"}}],\"inLanguage\":\"es\"},{\"@type\":\"Organization\",\"@id\":\"https:\\\/\\\/radiohuancayo.com.pe\\\/wp54\\\/#organization\",\"name\":\"Radio Huancayo\",\"url\":\"https:\\\/\\\/radiohuancayo.com.pe\\\/wp54\\\/\",\"logo\":{\"@type\":\"ImageObject\",\"inLanguage\":\"es\",\"@id\":\"https:\\\/\\\/radiohuancayo.com.pe\\\/wp54\\\/#\\\/schema\\\/logo\\\/image\\\/\",\"url\":\"https:\\\/\\\/radiohuancayo.com.pe\\\/wp54\\\/wp-content\\\/uploads\\\/2022\\\/04\\\/CABE01.png\",\"contentUrl\":\"https:\\\/\\\/radiohuancayo.com.pe\\\/wp54\\\/wp-content\\\/uploads\\\/2022\\\/04\\\/CABE01.png\",\"width\":1640,\"height\":300,\"caption\":\"Radio Huancayo\"},\"image\":{\"@id\":\"https:\\\/\\\/radiohuancayo.com.pe\\\/wp54\\\/#\\\/schema\\\/logo\\\/image\\\/\"}},{\"@type\":\"Person\",\"@id\":\"https:\\\/\\\/radiohuancayo.com.pe\\\/wp54\\\/#\\\/schema\\\/person\\\/53e7c63df918deff345a30606cbf878c\",\"name\":\"admin\",\"image\":{\"@type\":\"ImageObject\",\"inLanguage\":\"es\",\"@id\":\"https:\\\/\\\/secure.gravatar.com\\\/avatar\\\/3d9af84154e8f14d0ba4f62aa2abc4fcd3ee42a1c034539c08ef7c5615f414cb?s=96&d=mm&r=g\",\"url\":\"https:\\\/\\\/secure.gravatar.com\\\/avatar\\\/3d9af84154e8f14d0ba4f62aa2abc4fcd3ee42a1c034539c08ef7c5615f414cb?s=96&d=mm&r=g\",\"contentUrl\":\"https:\\\/\\\/secure.gravatar.com\\\/avatar\\\/3d9af84154e8f14d0ba4f62aa2abc4fcd3ee42a1c034539c08ef7c5615f414cb?s=96&d=mm&r=g\",\"caption\":\"admin\"},\"sameAs\":[\"https:\\\/\\\/radiohuancayo.com.pe\\\/wp54\"],\"url\":\"https:\\\/\\\/radiohuancayo.com.pe\\\/wp54\\\/author\\\/admin\\\/\"}]}<\/script>\n<!-- \/ Yoast SEO plugin. -->","yoast_head_json":{"title":"\u2018Melcochita\u2019 en \u2018El valor de la verdad\u2019: hablar\u00e1 sobre Carlos \u00c1lvarez, su matrimonio con Monserrat y m\u00e1s - Radio Huancayo","robots":{"index":"index","follow":"follow","max-snippet":"max-snippet:-1","max-image-preview":"max-image-preview:large","max-video-preview":"max-video-preview:-1"},"canonical":"https:\/\/radiohuancayo.com.pe\/wp54\/melcochita-en-el-valor-de-la-verdad-hablara-sobre-carlos-alvarez-su-matrimonio-con-monserrat-y-mas\/","og_locale":"es_ES","og_type":"article","og_title":"\u2018Melcochita\u2019 en \u2018El valor de la verdad\u2019: hablar\u00e1 sobre Carlos \u00c1lvarez, su matrimonio con Monserrat y m\u00e1s - Radio Huancayo","og_description":"Pablo Villanueva Branda, conocido como &#8216;Melcochita&#8217;, ser\u00e1 el pr\u00f3ximo invitado en El valor de la verdad este domingo, 3 de agosto. El reconocido humorista y m\u00fasico peruano se sentar\u00e1 en el sill\u00f3n rojo para responder ante las preguntas del pol\u00edgrafo sobre un presunto conflicto con Carlos \u00c1lvarez, adem\u00e1s de su matrimonio con Monserrat Seminario, entre otras revelaciones. \u201c\u00bfTe rob\u00f3 ideas Carlos \u00c1lvarez?\u201d, fue la primera pregunta revelada en el adelanto del programa conducido por Beto Ortiz. \u201cMe llam\u00f3 y me dijo: \u2018Mira, aqu\u00ed el due\u00f1o de esta secuencia soy yo y t\u00fa no puedes ir encima de m\u00ed \u00bfEntiendes?\u2019 Le dije: \u2018Ah, est\u00e1 bien se\u00f1or\u2019\u201d, respondi\u00f3 el tambi\u00e9n exintegrante de Risas y salsa. \u201c\u00bfHas sido infiel?\u201d, fue otra de las preguntas soltadas para \u2018Melcochita\u2019, quien luc\u00eda su traje de gala con un corbat\u00edn negro, un saco atigrado y camisa blanca. En seguida, su esposa Monserrat Seminario, de 41 a\u00f1os, evit\u00f3 que los acompa\u00f1antes del actor c\u00f3mico toquen el bot\u00f3n rojo para conocer la respuesta de su pareja, de 88 a\u00f1os. \u201cElla se pone celosa porque en las chicas se acercan as\u00ed. A veces, me besan en la boca. Yo que hago, si soy d\u00e9bil. Mientras que ella no me vea en un hotel y falte un d\u00eda, pero yo nunca he faltado. \u00bfAlguna vez he faltado un d\u00eda en la cama? A ver que cuente que d\u00eda\u201d, expres\u00f3 Melcochita ante los reclamos de su esposa. \u201cNo me hagas hablar. \u00bfYa? \u00bfQuieres que te cuente?\u201d, le contest\u00f3 Monserrat.","og_url":"https:\/\/radiohuancayo.com.pe\/wp54\/melcochita-en-el-valor-de-la-verdad-hablara-sobre-carlos-alvarez-su-matrimonio-con-monserrat-y-mas\/","og_site_name":"Radio Huancayo","article_published_time":"2025-07-31T19:02:23+00:00","article_modified_time":"2025-07-31T19:02:24+00:00","og_image":[{"width":1000,"height":606,"url":"https:\/\/radiohuancayo.com.pe\/wp54\/wp-content\/uploads\/2025\/07\/image-18.png","type":"image\/png"}],"author":"admin","twitter_card":"summary_large_image","twitter_misc":{"Escrito por":"admin","Tiempo de lectura":"2 minutos"},"schema":{"@context":"https:\/\/schema.org","@graph":[{"@type":"Article","@id":"https:\/\/radiohuancayo.com.pe\/wp54\/melcochita-en-el-valor-de-la-verdad-hablara-sobre-carlos-alvarez-su-matrimonio-con-monserrat-y-mas\/#article","isPartOf":{"@id":"https:\/\/radiohuancayo.com.pe\/wp54\/melcochita-en-el-valor-de-la-verdad-hablara-sobre-carlos-alvarez-su-matrimonio-con-monserrat-y-mas\/"},"author":{"name":"admin","@id":"https:\/\/radiohuancayo.com.pe\/wp54\/#\/schema\/person\/53e7c63df918deff345a30606cbf878c"},"headline":"\u2018Melcochita\u2019 en \u2018El valor de la verdad\u2019: hablar\u00e1 sobre Carlos \u00c1lvarez, su matrimonio con Monserrat y m\u00e1s","datePublished":"2025-07-31T19:02:23+00:00","dateModified":"2025-07-31T19:02:24+00:00","mainEntityOfPage":{"@id":"https:\/\/radiohuancayo.com.pe\/wp54\/melcochita-en-el-valor-de-la-verdad-hablara-sobre-carlos-alvarez-su-matrimonio-con-monserrat-y-mas\/"},"wordCount":281,"commentCount":0,"publisher":{"@id":"https:\/\/radiohuancayo.com.pe\/wp54\/#organization"},"image":{"@id":"https:\/\/radiohuancayo.com.pe\/wp54\/melcochita-en-el-valor-de-la-verdad-hablara-sobre-carlos-alvarez-su-matrimonio-con-monserrat-y-mas\/#primaryimage"},"thumbnailUrl":"https:\/\/radiohuancayo.com.pe\/wp54\/wp-content\/uploads\/2025\/07\/image-18.png","articleSection":["Espect\u00e1culos","Portada"],"inLanguage":"es","potentialAction":[{"@type":"CommentAction","name":"Comment","target":["https:\/\/radiohuancayo.com.pe\/wp54\/melcochita-en-el-valor-de-la-verdad-hablara-sobre-carlos-alvarez-su-matrimonio-con-monserrat-y-mas\/#respond"]}]},{"@type":"WebPage","@id":"https:\/\/radiohuancayo.com.pe\/wp54\/melcochita-en-el-valor-de-la-verdad-hablara-sobre-carlos-alvarez-su-matrimonio-con-monserrat-y-mas\/","url":"https:\/\/radiohuancayo.com.pe\/wp54\/melcochita-en-el-valor-de-la-verdad-hablara-sobre-carlos-alvarez-su-matrimonio-con-monserrat-y-mas\/","name":"\u2018Melcochita\u2019 en \u2018El valor de la verdad\u2019: hablar\u00e1 sobre Carlos \u00c1lvarez, su matrimonio con Monserrat y m\u00e1s - Radio Huancayo","isPartOf":{"@id":"https:\/\/radiohuancayo.com.pe\/wp54\/#website"},"primaryImageOfPage":{"@id":"https:\/\/radiohuancayo.com.pe\/wp54\/melcochita-en-el-valor-de-la-verdad-hablara-sobre-carlos-alvarez-su-matrimonio-con-monserrat-y-mas\/#primaryimage"},"image":{"@id":"https:\/\/radiohuancayo.com.pe\/wp54\/melcochita-en-el-valor-de-la-verdad-hablara-sobre-carlos-alvarez-su-matrimonio-con-monserrat-y-mas\/#primaryimage"},"thumbnailUrl":"https:\/\/radiohuancayo.com.pe\/wp54\/wp-content\/uploads\/2025\/07\/image-18.png","datePublished":"2025-07-31T19:02:23+00:00","dateModified":"2025-07-31T19:02:24+00:00","breadcrumb":{"@id":"https:\/\/radiohuancayo.com.pe\/wp54\/melcochita-en-el-valor-de-la-verdad-hablara-sobre-carlos-alvarez-su-matrimonio-con-monserrat-y-mas\/#breadcrumb"},"inLanguage":"es","potentialAction":[{"@type":"ReadAction","target":["https:\/\/radiohuancayo.com.pe\/wp54\/melcochita-en-el-valor-de-la-verdad-hablara-sobre-carlos-alvarez-su-matrimonio-con-monserrat-y-mas\/"]}]},{"@type":"ImageObject","inLanguage":"es","@id":"https:\/\/radiohuancayo.com.pe\/wp54\/melcochita-en-el-valor-de-la-verdad-hablara-sobre-carlos-alvarez-su-matrimonio-con-monserrat-y-mas\/#primaryimage","url":"https:\/\/radiohuancayo.com.pe\/wp54\/wp-content\/uploads\/2025\/07\/image-18.png","contentUrl":"https:\/\/radiohuancayo.com.pe\/wp54\/wp-content\/uploads\/2025\/07\/image-18.png","width":1000,"height":606},{"@type":"BreadcrumbList","@id":"https:\/\/radiohuancayo.com.pe\/wp54\/melcochita-en-el-valor-de-la-verdad-hablara-sobre-carlos-alvarez-su-matrimonio-con-monserrat-y-mas\/#breadcrumb","itemListElement":[{"@type":"ListItem","position":1,"name":"Portada","item":"https:\/\/radiohuancayo.com.pe\/wp54\/"},{"@type":"ListItem","position":2,"name":"\u2018Melcochita\u2019 en \u2018El valor de la verdad\u2019: hablar\u00e1 sobre Carlos \u00c1lvarez, su matrimonio con Monserrat y m\u00e1s"}]},{"@type":"WebSite","@id":"https:\/\/radiohuancayo.com.pe\/wp54\/#website","url":"https:\/\/radiohuancayo.com.pe\/wp54\/","name":"Radio Huancayo","description":"me gusta!!!","publisher":{"@id":"https:\/\/radiohuancayo.com.pe\/wp54\/#organization"},"potentialAction":[{"@type":"SearchAction","target":{"@type":"EntryPoint","urlTemplate":"https:\/\/radiohuancayo.com.pe\/wp54\/?s={search_term_string}"},"query-input":{"@type":"PropertyValueSpecification","valueRequired":true,"valueName":"search_term_string"}}],"inLanguage":"es"},{"@type":"Organization","@id":"https:\/\/radiohuancayo.com.pe\/wp54\/#organization","name":"Radio Huancayo","url":"https:\/\/radiohuancayo.com.pe\/wp54\/","logo":{"@type":"ImageObject","inLanguage":"es","@id":"https:\/\/radiohuancayo.com.pe\/wp54\/#\/schema\/logo\/image\/","url":"https:\/\/radiohuancayo.com.pe\/wp54\/wp-content\/uploads\/2022\/04\/CABE01.png","contentUrl":"https:\/\/radiohuancayo.com.pe\/wp54\/wp-content\/uploads\/2022\/04\/CABE01.png","width":1640,"height":300,"caption":"Radio Huancayo"},"image":{"@id":"https:\/\/radiohuancayo.com.pe\/wp54\/#\/schema\/logo\/image\/"}},{"@type":"Person","@id":"https:\/\/radiohuancayo.com.pe\/wp54\/#\/schema\/person\/53e7c63df918deff345a30606cbf878c","name":"admin","image":{"@type":"ImageObject","inLanguage":"es","@id":"https:\/\/secure.gravatar.com\/avatar\/3d9af84154e8f14d0ba4f62aa2abc4fcd3ee42a1c034539c08ef7c5615f414cb?s=96&d=mm&r=g","url":"https:\/\/secure.gravatar.com\/avatar\/3d9af84154e8f14d0ba4f62aa2abc4fcd3ee42a1c034539c08ef7c5615f414cb?s=96&d=mm&r=g","contentUrl":"https:\/\/secure.gravatar.com\/avatar\/3d9af84154e8f14d0ba4f62aa2abc4fcd3ee42a1c034539c08ef7c5615f414cb?s=96&d=mm&r=g","caption":"admin"},"sameAs":["https:\/\/radiohuancayo.com.pe\/wp54"],"url":"https:\/\/radiohuancayo.com.pe\/wp54\/author\/admin\/"}]}},"_links":{"self":[{"href":"https:\/\/radiohuancayo.com.pe\/wp54\/wp-json\/wp\/v2\/posts\/30312","targetHints":{"allow":["GET"]}}],"collection":[{"href":"https:\/\/radiohuancayo.com.pe\/wp54\/wp-json\/wp\/v2\/posts"}],"about":[{"href":"https:\/\/radiohuancayo.com.pe\/wp54\/wp-json\/wp\/v2\/types\/post"}],"author":[{"embeddable":true,"href":"https:\/\/radiohuancayo.com.pe\/wp54\/wp-json\/wp\/v2\/users\/1"}],"replies":[{"embeddable":true,"href":"https:\/\/radiohuancayo.com.pe\/wp54\/wp-json\/wp\/v2\/comments?post=30312"}],"version-history":[{"count":1,"href":"https:\/\/radiohuancayo.com.pe\/wp54\/wp-json\/wp\/v2\/posts\/30312\/revisions"}],"predecessor-version":[{"id":30314,"href":"https:\/\/radiohuancayo.com.pe\/wp54\/wp-json\/wp\/v2\/posts\/30312\/revisions\/30314"}],"wp:featuredmedia":[{"embeddable":true,"href":"https:\/\/radiohuancayo.com.pe\/wp54\/wp-json\/wp\/v2\/media\/30313"}],"wp:attachment":[{"href":"https:\/\/radiohuancayo.com.pe\/wp54\/wp-json\/wp\/v2\/media?parent=30312"}],"wp:term":[{"taxonomy":"category","embeddable":true,"href":"https:\/\/radiohuancayo.com.pe\/wp54\/wp-json\/wp\/v2\/categories?post=30312"},{"taxonomy":"post_tag","embeddable":true,"href":"https:\/\/radiohuancayo.com.pe\/wp54\/wp-json\/wp\/v2\/tags?post=30312"}],"curies":[{"name":"wp","href":"https:\/\/api.w.org\/{rel}","templated":true}]}}