{"id":30356,"date":"2025-08-25T14:12:26","date_gmt":"2025-08-25T19:12:26","guid":{"rendered":"https:\/\/radiohuancayo.com.pe\/wp54\/?p=30356"},"modified":"2025-08-25T14:12:26","modified_gmt":"2025-08-25T19:12:26","slug":"orquesta-zaperoko-denuncia-robo-de-instrumentos-valorizados-en-mas-de-s-10-mil-en-el-callao","status":"publish","type":"post","link":"https:\/\/radiohuancayo.com.pe\/wp54\/orquesta-zaperoko-denuncia-robo-de-instrumentos-valorizados-en-mas-de-s-10-mil-en-el-callao\/","title":{"rendered":"Orquesta Zaperoko denuncia robo de instrumentos valorizados en m\u00e1s de S\/10 mil en el Callao"},"content":{"rendered":"\n<p><strong>La inseguridad volvi\u00f3 a golpear a la industria musical. La Orquesta Zaperoko, agrupaci\u00f3n salsera reconocida a nivel nacional, denunci\u00f3 el robo de instrumentos valorizados en m\u00e1s de S\/10 mil.<\/strong><\/p>\n\n\n\n<p>El hecho ocurri\u00f3 la noche del viernes 23 de agosto, mientras los m\u00fasicos se encontraban cenando en un restaurante del&nbsp;<strong>Callao<\/strong>.<\/p>\n\n\n\n<p>El director musical del grupo, Jhonny Pe\u00f1a, relat\u00f3 a&nbsp;<em>Latina Noticias<\/em>&nbsp;que el hurto se produjo alrededor de las 10 p.m., cuando el bus que los transportaba estaba estacionado en la cuadra 8 de la avenida S\u00e1enz Pe\u00f1a.<\/p>\n\n\n\n<p>Al retornar al veh\u00edculo para dirigirse a otra presentaci\u00f3n, se dieron con la sorpresa de que la bodega hab\u00eda sido forzada y varios equipos hab\u00edan desaparecido.<\/p>\n\n\n\n<p><em><strong>\u201cEran las 10 de la noche m\u00e1s o menos, tuvimos tiempo para ir a cenar. En ese tiempo el bus estaba afuera y despu\u00e9s, cuando nos ten\u00edamos que ir a otra presentaci\u00f3n, nos percatamos que hab\u00edan forcejeado la bodega y sustrajeron los instrumentos que usamos todos los fines de semana\u201d<\/strong><\/em>, declar\u00f3 Pe\u00f1a.<\/p>\n\n\n\n<p>El robo no solo signific\u00f3 una p\u00e9rdida econ\u00f3mica para los integrantes, sino tambi\u00e9n un golpe a su agenda laboral. La orquesta tuvo que reprogramar presentaciones e improvisar con instrumentos prestados para no cancelar compromisos previamente pactados.<\/p>\n\n\n\n<p><em><strong>\u201cNos afecta bastante, ayer hemos perdido trabajos y hoy tambi\u00e9n tenemos presentaciones. Tenemos que solucionar que nos presten, aunque sea para trabajar\u201d<\/strong><\/em>, agreg\u00f3 el director musical.<\/p>\n\n\n\n<p>Tras lo ocurrido, Zaperoko difundi\u00f3 un comunicado en el que detallan los objetos sustra\u00eddos:<strong>&nbsp;\u201c1 Bong\u00f3, 2 Campanas y 1 Lluvia, un parador de Congas y m\u00e1s accesorios\u201d<\/strong>. La agrupaci\u00f3n precis\u00f3 que todos estos implementos est\u00e1n&nbsp;<strong>\u201cbrandeados con el logo por lo que no tienen valor de reventa ni les sirven a otros m\u00fasicos\u201d<\/strong>.<\/p>\n\n\n\n<p>La orquesta tambi\u00e9n hizo un llamado a la ciudadan\u00eda para colaborar con la recuperaci\u00f3n de los instrumentos.&nbsp;<em><strong>\u201cSe ofrecer\u00e1 una buena recompensa a quien nos brinde informaci\u00f3n certera para recuperarlos. Garantizamos total confidencialidad\u201d<\/strong><\/em>, se\u00f1ala el mensaje compartido en sus redes sociales.<\/p>\n","protected":false},"excerpt":{"rendered":"<p>La inseguridad volvi\u00f3 a golpear a la industria musical. La Orquesta Zaperoko, agrupaci\u00f3n salsera reconocida a nivel nacional, denunci\u00f3 el robo de instrumentos valorizados en m\u00e1s de S\/10 mil. El hecho ocurri\u00f3 la noche del viernes 23 de agosto, mientras los m\u00fasicos se encontraban cenando en un restaurante del&nbsp;Callao. El director musical del grupo, Jhonny Pe\u00f1a, relat\u00f3 a&nbsp;Latina Noticias&nbsp;que el hurto se produjo alrededor de las 10 p.m., cuando el bus que los transportaba estaba estacionado en la cuadra 8 de la avenida S\u00e1enz Pe\u00f1a. Al retornar al veh\u00edculo para dirigirse a otra presentaci\u00f3n, se dieron con la sorpresa de que la bodega hab\u00eda sido forzada y varios equipos hab\u00edan desaparecido. \u201cEran las 10 de la noche m\u00e1s o menos, tuvimos tiempo para ir a cenar. En ese tiempo el bus estaba afuera y despu\u00e9s, cuando nos ten\u00edamos que ir a otra presentaci\u00f3n, nos percatamos que hab\u00edan forcejeado la bodega y sustrajeron los instrumentos que usamos todos los fines de semana\u201d, declar\u00f3 Pe\u00f1a. El robo no solo signific\u00f3 una p\u00e9rdida econ\u00f3mica para los integrantes, sino tambi\u00e9n un golpe a su agenda laboral. La orquesta tuvo que reprogramar presentaciones e improvisar con instrumentos prestados para no cancelar compromisos previamente pactados. \u201cNos afecta bastante, ayer hemos perdido trabajos y hoy tambi\u00e9n tenemos presentaciones. Tenemos que solucionar que nos presten, aunque sea para trabajar\u201d, agreg\u00f3 el director musical. Tras lo ocurrido, Zaperoko difundi\u00f3 un comunicado en el que detallan los objetos sustra\u00eddos:&nbsp;\u201c1 Bong\u00f3, 2 Campanas y 1 Lluvia, un parador de Congas y m\u00e1s accesorios\u201d. La agrupaci\u00f3n precis\u00f3 que todos estos implementos est\u00e1n&nbsp;\u201cbrandeados con el logo por lo que no tienen valor de reventa ni les sirven a otros m\u00fasicos\u201d. La orquesta tambi\u00e9n hizo un llamado a la ciudadan\u00eda para colaborar con la recuperaci\u00f3n de los instrumentos.&nbsp;\u201cSe ofrecer\u00e1 una buena recompensa a quien nos brinde informaci\u00f3n certera para recuperarlos. Garantizamos total confidencialidad\u201d, se\u00f1ala el mensaje compartido en sus redes sociales.<\/p>\n","protected":false},"author":1,"featured_media":30357,"comment_status":"open","ping_status":"open","sticky":false,"template":"","format":"standard","meta":{"footnotes":""},"categories":[8,22],"tags":[],"class_list":["post-30356","post","type-post","status-publish","format-standard","has-post-thumbnail","hentry","category-espectaculos","category-portada"],"yoast_head":"<!-- This site is optimized with the Yoast SEO plugin v27.5 - https:\/\/yoast.com\/product\/yoast-seo-wordpress\/ -->\n<title>Orquesta Zaperoko denuncia robo de instrumentos valorizados en m\u00e1s de S\/10 mil en el Callao - Radio Huancayo<\/title>\n<meta name=\"robots\" content=\"index, follow, max-snippet:-1, max-image-preview:large, max-video-preview:-1\" \/>\n<link rel=\"canonical\" href=\"https:\/\/radiohuancayo.com.pe\/wp54\/orquesta-zaperoko-denuncia-robo-de-instrumentos-valorizados-en-mas-de-s-10-mil-en-el-callao\/\" \/>\n<meta property=\"og:locale\" content=\"es_ES\" \/>\n<meta property=\"og:type\" content=\"article\" \/>\n<meta property=\"og:title\" content=\"Orquesta Zaperoko denuncia robo de instrumentos valorizados en m\u00e1s de S\/10 mil en el Callao - Radio Huancayo\" \/>\n<meta property=\"og:description\" content=\"La inseguridad volvi\u00f3 a golpear a la industria musical. La Orquesta Zaperoko, agrupaci\u00f3n salsera reconocida a nivel nacional, denunci\u00f3 el robo de instrumentos valorizados en m\u00e1s de S\/10 mil. El hecho ocurri\u00f3 la noche del viernes 23 de agosto, mientras los m\u00fasicos se encontraban cenando en un restaurante del&nbsp;Callao. El director musical del grupo, Jhonny Pe\u00f1a, relat\u00f3 a&nbsp;Latina Noticias&nbsp;que el hurto se produjo alrededor de las 10 p.m., cuando el bus que los transportaba estaba estacionado en la cuadra 8 de la avenida S\u00e1enz Pe\u00f1a. Al retornar al veh\u00edculo para dirigirse a otra presentaci\u00f3n, se dieron con la sorpresa de que la bodega hab\u00eda sido forzada y varios equipos hab\u00edan desaparecido. \u201cEran las 10 de la noche m\u00e1s o menos, tuvimos tiempo para ir a cenar. En ese tiempo el bus estaba afuera y despu\u00e9s, cuando nos ten\u00edamos que ir a otra presentaci\u00f3n, nos percatamos que hab\u00edan forcejeado la bodega y sustrajeron los instrumentos que usamos todos los fines de semana\u201d, declar\u00f3 Pe\u00f1a. El robo no solo signific\u00f3 una p\u00e9rdida econ\u00f3mica para los integrantes, sino tambi\u00e9n un golpe a su agenda laboral. La orquesta tuvo que reprogramar presentaciones e improvisar con instrumentos prestados para no cancelar compromisos previamente pactados. \u201cNos afecta bastante, ayer hemos perdido trabajos y hoy tambi\u00e9n tenemos presentaciones. Tenemos que solucionar que nos presten, aunque sea para trabajar\u201d, agreg\u00f3 el director musical. Tras lo ocurrido, Zaperoko difundi\u00f3 un comunicado en el que detallan los objetos sustra\u00eddos:&nbsp;\u201c1 Bong\u00f3, 2 Campanas y 1 Lluvia, un parador de Congas y m\u00e1s accesorios\u201d. La agrupaci\u00f3n precis\u00f3 que todos estos implementos est\u00e1n&nbsp;\u201cbrandeados con el logo por lo que no tienen valor de reventa ni les sirven a otros m\u00fasicos\u201d. La orquesta tambi\u00e9n hizo un llamado a la ciudadan\u00eda para colaborar con la recuperaci\u00f3n de los instrumentos.&nbsp;\u201cSe ofrecer\u00e1 una buena recompensa a quien nos brinde informaci\u00f3n certera para recuperarlos. Garantizamos total confidencialidad\u201d, se\u00f1ala el mensaje compartido en sus redes sociales.\" \/>\n<meta property=\"og:url\" content=\"https:\/\/radiohuancayo.com.pe\/wp54\/orquesta-zaperoko-denuncia-robo-de-instrumentos-valorizados-en-mas-de-s-10-mil-en-el-callao\/\" \/>\n<meta property=\"og:site_name\" content=\"Radio Huancayo\" \/>\n<meta property=\"article:published_time\" content=\"2025-08-25T19:12:26+00:00\" \/>\n<meta property=\"og:image\" content=\"https:\/\/radiohuancayo.com.pe\/wp54\/wp-content\/uploads\/2025\/08\/image-6.png\" \/>\n\t<meta property=\"og:image:width\" content=\"696\" \/>\n\t<meta property=\"og:image:height\" content=\"418\" \/>\n\t<meta property=\"og:image:type\" content=\"image\/png\" \/>\n<meta name=\"author\" content=\"admin\" \/>\n<meta name=\"twitter:card\" content=\"summary_large_image\" \/>\n<meta name=\"twitter:label1\" content=\"Escrito por\" \/>\n\t<meta name=\"twitter:data1\" content=\"admin\" \/>\n\t<meta name=\"twitter:label2\" content=\"Tiempo de lectura\" \/>\n\t<meta name=\"twitter:data2\" content=\"2 minutos\" \/>\n<script type=\"application\/ld+json\" class=\"yoast-schema-graph\">{\"@context\":\"https:\\\/\\\/schema.org\",\"@graph\":[{\"@type\":\"Article\",\"@id\":\"https:\\\/\\\/radiohuancayo.com.pe\\\/wp54\\\/orquesta-zaperoko-denuncia-robo-de-instrumentos-valorizados-en-mas-de-s-10-mil-en-el-callao\\\/#article\",\"isPartOf\":{\"@id\":\"https:\\\/\\\/radiohuancayo.com.pe\\\/wp54\\\/orquesta-zaperoko-denuncia-robo-de-instrumentos-valorizados-en-mas-de-s-10-mil-en-el-callao\\\/\"},\"author\":{\"name\":\"admin\",\"@id\":\"https:\\\/\\\/radiohuancayo.com.pe\\\/wp54\\\/#\\\/schema\\\/person\\\/53e7c63df918deff345a30606cbf878c\"},\"headline\":\"Orquesta Zaperoko denuncia robo de instrumentos valorizados en m\u00e1s de S\\\/10 mil en el Callao\",\"datePublished\":\"2025-08-25T19:12:26+00:00\",\"mainEntityOfPage\":{\"@id\":\"https:\\\/\\\/radiohuancayo.com.pe\\\/wp54\\\/orquesta-zaperoko-denuncia-robo-de-instrumentos-valorizados-en-mas-de-s-10-mil-en-el-callao\\\/\"},\"wordCount\":369,\"commentCount\":0,\"publisher\":{\"@id\":\"https:\\\/\\\/radiohuancayo.com.pe\\\/wp54\\\/#organization\"},\"image\":{\"@id\":\"https:\\\/\\\/radiohuancayo.com.pe\\\/wp54\\\/orquesta-zaperoko-denuncia-robo-de-instrumentos-valorizados-en-mas-de-s-10-mil-en-el-callao\\\/#primaryimage\"},\"thumbnailUrl\":\"https:\\\/\\\/radiohuancayo.com.pe\\\/wp54\\\/wp-content\\\/uploads\\\/2025\\\/08\\\/image-6.png\",\"articleSection\":[\"Espect\u00e1culos\",\"Portada\"],\"inLanguage\":\"es\",\"potentialAction\":[{\"@type\":\"CommentAction\",\"name\":\"Comment\",\"target\":[\"https:\\\/\\\/radiohuancayo.com.pe\\\/wp54\\\/orquesta-zaperoko-denuncia-robo-de-instrumentos-valorizados-en-mas-de-s-10-mil-en-el-callao\\\/#respond\"]}]},{\"@type\":\"WebPage\",\"@id\":\"https:\\\/\\\/radiohuancayo.com.pe\\\/wp54\\\/orquesta-zaperoko-denuncia-robo-de-instrumentos-valorizados-en-mas-de-s-10-mil-en-el-callao\\\/\",\"url\":\"https:\\\/\\\/radiohuancayo.com.pe\\\/wp54\\\/orquesta-zaperoko-denuncia-robo-de-instrumentos-valorizados-en-mas-de-s-10-mil-en-el-callao\\\/\",\"name\":\"Orquesta Zaperoko denuncia robo de instrumentos valorizados en m\u00e1s de S\\\/10 mil en el Callao - Radio Huancayo\",\"isPartOf\":{\"@id\":\"https:\\\/\\\/radiohuancayo.com.pe\\\/wp54\\\/#website\"},\"primaryImageOfPage\":{\"@id\":\"https:\\\/\\\/radiohuancayo.com.pe\\\/wp54\\\/orquesta-zaperoko-denuncia-robo-de-instrumentos-valorizados-en-mas-de-s-10-mil-en-el-callao\\\/#primaryimage\"},\"image\":{\"@id\":\"https:\\\/\\\/radiohuancayo.com.pe\\\/wp54\\\/orquesta-zaperoko-denuncia-robo-de-instrumentos-valorizados-en-mas-de-s-10-mil-en-el-callao\\\/#primaryimage\"},\"thumbnailUrl\":\"https:\\\/\\\/radiohuancayo.com.pe\\\/wp54\\\/wp-content\\\/uploads\\\/2025\\\/08\\\/image-6.png\",\"datePublished\":\"2025-08-25T19:12:26+00:00\",\"breadcrumb\":{\"@id\":\"https:\\\/\\\/radiohuancayo.com.pe\\\/wp54\\\/orquesta-zaperoko-denuncia-robo-de-instrumentos-valorizados-en-mas-de-s-10-mil-en-el-callao\\\/#breadcrumb\"},\"inLanguage\":\"es\",\"potentialAction\":[{\"@type\":\"ReadAction\",\"target\":[\"https:\\\/\\\/radiohuancayo.com.pe\\\/wp54\\\/orquesta-zaperoko-denuncia-robo-de-instrumentos-valorizados-en-mas-de-s-10-mil-en-el-callao\\\/\"]}]},{\"@type\":\"ImageObject\",\"inLanguage\":\"es\",\"@id\":\"https:\\\/\\\/radiohuancayo.com.pe\\\/wp54\\\/orquesta-zaperoko-denuncia-robo-de-instrumentos-valorizados-en-mas-de-s-10-mil-en-el-callao\\\/#primaryimage\",\"url\":\"https:\\\/\\\/radiohuancayo.com.pe\\\/wp54\\\/wp-content\\\/uploads\\\/2025\\\/08\\\/image-6.png\",\"contentUrl\":\"https:\\\/\\\/radiohuancayo.com.pe\\\/wp54\\\/wp-content\\\/uploads\\\/2025\\\/08\\\/image-6.png\",\"width\":696,\"height\":418},{\"@type\":\"BreadcrumbList\",\"@id\":\"https:\\\/\\\/radiohuancayo.com.pe\\\/wp54\\\/orquesta-zaperoko-denuncia-robo-de-instrumentos-valorizados-en-mas-de-s-10-mil-en-el-callao\\\/#breadcrumb\",\"itemListElement\":[{\"@type\":\"ListItem\",\"position\":1,\"name\":\"Portada\",\"item\":\"https:\\\/\\\/radiohuancayo.com.pe\\\/wp54\\\/\"},{\"@type\":\"ListItem\",\"position\":2,\"name\":\"Orquesta Zaperoko denuncia robo de instrumentos valorizados en m\u00e1s de S\\\/10 mil en el Callao\"}]},{\"@type\":\"WebSite\",\"@id\":\"https:\\\/\\\/radiohuancayo.com.pe\\\/wp54\\\/#website\",\"url\":\"https:\\\/\\\/radiohuancayo.com.pe\\\/wp54\\\/\",\"name\":\"Radio Huancayo\",\"description\":\"me gusta!!!\",\"publisher\":{\"@id\":\"https:\\\/\\\/radiohuancayo.com.pe\\\/wp54\\\/#organization\"},\"potentialAction\":[{\"@type\":\"SearchAction\",\"target\":{\"@type\":\"EntryPoint\",\"urlTemplate\":\"https:\\\/\\\/radiohuancayo.com.pe\\\/wp54\\\/?s={search_term_string}\"},\"query-input\":{\"@type\":\"PropertyValueSpecification\",\"valueRequired\":true,\"valueName\":\"search_term_string\"}}],\"inLanguage\":\"es\"},{\"@type\":\"Organization\",\"@id\":\"https:\\\/\\\/radiohuancayo.com.pe\\\/wp54\\\/#organization\",\"name\":\"Radio Huancayo\",\"url\":\"https:\\\/\\\/radiohuancayo.com.pe\\\/wp54\\\/\",\"logo\":{\"@type\":\"ImageObject\",\"inLanguage\":\"es\",\"@id\":\"https:\\\/\\\/radiohuancayo.com.pe\\\/wp54\\\/#\\\/schema\\\/logo\\\/image\\\/\",\"url\":\"https:\\\/\\\/radiohuancayo.com.pe\\\/wp54\\\/wp-content\\\/uploads\\\/2022\\\/04\\\/CABE01.png\",\"contentUrl\":\"https:\\\/\\\/radiohuancayo.com.pe\\\/wp54\\\/wp-content\\\/uploads\\\/2022\\\/04\\\/CABE01.png\",\"width\":1640,\"height\":300,\"caption\":\"Radio Huancayo\"},\"image\":{\"@id\":\"https:\\\/\\\/radiohuancayo.com.pe\\\/wp54\\\/#\\\/schema\\\/logo\\\/image\\\/\"}},{\"@type\":\"Person\",\"@id\":\"https:\\\/\\\/radiohuancayo.com.pe\\\/wp54\\\/#\\\/schema\\\/person\\\/53e7c63df918deff345a30606cbf878c\",\"name\":\"admin\",\"image\":{\"@type\":\"ImageObject\",\"inLanguage\":\"es\",\"@id\":\"https:\\\/\\\/secure.gravatar.com\\\/avatar\\\/3d9af84154e8f14d0ba4f62aa2abc4fcd3ee42a1c034539c08ef7c5615f414cb?s=96&d=mm&r=g\",\"url\":\"https:\\\/\\\/secure.gravatar.com\\\/avatar\\\/3d9af84154e8f14d0ba4f62aa2abc4fcd3ee42a1c034539c08ef7c5615f414cb?s=96&d=mm&r=g\",\"contentUrl\":\"https:\\\/\\\/secure.gravatar.com\\\/avatar\\\/3d9af84154e8f14d0ba4f62aa2abc4fcd3ee42a1c034539c08ef7c5615f414cb?s=96&d=mm&r=g\",\"caption\":\"admin\"},\"sameAs\":[\"https:\\\/\\\/radiohuancayo.com.pe\\\/wp54\"],\"url\":\"https:\\\/\\\/radiohuancayo.com.pe\\\/wp54\\\/author\\\/admin\\\/\"}]}<\/script>\n<!-- \/ Yoast SEO plugin. -->","yoast_head_json":{"title":"Orquesta Zaperoko denuncia robo de instrumentos valorizados en m\u00e1s de S\/10 mil en el Callao - Radio Huancayo","robots":{"index":"index","follow":"follow","max-snippet":"max-snippet:-1","max-image-preview":"max-image-preview:large","max-video-preview":"max-video-preview:-1"},"canonical":"https:\/\/radiohuancayo.com.pe\/wp54\/orquesta-zaperoko-denuncia-robo-de-instrumentos-valorizados-en-mas-de-s-10-mil-en-el-callao\/","og_locale":"es_ES","og_type":"article","og_title":"Orquesta Zaperoko denuncia robo de instrumentos valorizados en m\u00e1s de S\/10 mil en el Callao - Radio Huancayo","og_description":"La inseguridad volvi\u00f3 a golpear a la industria musical. La Orquesta Zaperoko, agrupaci\u00f3n salsera reconocida a nivel nacional, denunci\u00f3 el robo de instrumentos valorizados en m\u00e1s de S\/10 mil. El hecho ocurri\u00f3 la noche del viernes 23 de agosto, mientras los m\u00fasicos se encontraban cenando en un restaurante del&nbsp;Callao. El director musical del grupo, Jhonny Pe\u00f1a, relat\u00f3 a&nbsp;Latina Noticias&nbsp;que el hurto se produjo alrededor de las 10 p.m., cuando el bus que los transportaba estaba estacionado en la cuadra 8 de la avenida S\u00e1enz Pe\u00f1a. Al retornar al veh\u00edculo para dirigirse a otra presentaci\u00f3n, se dieron con la sorpresa de que la bodega hab\u00eda sido forzada y varios equipos hab\u00edan desaparecido. \u201cEran las 10 de la noche m\u00e1s o menos, tuvimos tiempo para ir a cenar. En ese tiempo el bus estaba afuera y despu\u00e9s, cuando nos ten\u00edamos que ir a otra presentaci\u00f3n, nos percatamos que hab\u00edan forcejeado la bodega y sustrajeron los instrumentos que usamos todos los fines de semana\u201d, declar\u00f3 Pe\u00f1a. El robo no solo signific\u00f3 una p\u00e9rdida econ\u00f3mica para los integrantes, sino tambi\u00e9n un golpe a su agenda laboral. La orquesta tuvo que reprogramar presentaciones e improvisar con instrumentos prestados para no cancelar compromisos previamente pactados. \u201cNos afecta bastante, ayer hemos perdido trabajos y hoy tambi\u00e9n tenemos presentaciones. Tenemos que solucionar que nos presten, aunque sea para trabajar\u201d, agreg\u00f3 el director musical. Tras lo ocurrido, Zaperoko difundi\u00f3 un comunicado en el que detallan los objetos sustra\u00eddos:&nbsp;\u201c1 Bong\u00f3, 2 Campanas y 1 Lluvia, un parador de Congas y m\u00e1s accesorios\u201d. La agrupaci\u00f3n precis\u00f3 que todos estos implementos est\u00e1n&nbsp;\u201cbrandeados con el logo por lo que no tienen valor de reventa ni les sirven a otros m\u00fasicos\u201d. La orquesta tambi\u00e9n hizo un llamado a la ciudadan\u00eda para colaborar con la recuperaci\u00f3n de los instrumentos.&nbsp;\u201cSe ofrecer\u00e1 una buena recompensa a quien nos brinde informaci\u00f3n certera para recuperarlos. Garantizamos total confidencialidad\u201d, se\u00f1ala el mensaje compartido en sus redes sociales.","og_url":"https:\/\/radiohuancayo.com.pe\/wp54\/orquesta-zaperoko-denuncia-robo-de-instrumentos-valorizados-en-mas-de-s-10-mil-en-el-callao\/","og_site_name":"Radio Huancayo","article_published_time":"2025-08-25T19:12:26+00:00","og_image":[{"width":696,"height":418,"url":"https:\/\/radiohuancayo.com.pe\/wp54\/wp-content\/uploads\/2025\/08\/image-6.png","type":"image\/png"}],"author":"admin","twitter_card":"summary_large_image","twitter_misc":{"Escrito por":"admin","Tiempo de lectura":"2 minutos"},"schema":{"@context":"https:\/\/schema.org","@graph":[{"@type":"Article","@id":"https:\/\/radiohuancayo.com.pe\/wp54\/orquesta-zaperoko-denuncia-robo-de-instrumentos-valorizados-en-mas-de-s-10-mil-en-el-callao\/#article","isPartOf":{"@id":"https:\/\/radiohuancayo.com.pe\/wp54\/orquesta-zaperoko-denuncia-robo-de-instrumentos-valorizados-en-mas-de-s-10-mil-en-el-callao\/"},"author":{"name":"admin","@id":"https:\/\/radiohuancayo.com.pe\/wp54\/#\/schema\/person\/53e7c63df918deff345a30606cbf878c"},"headline":"Orquesta Zaperoko denuncia robo de instrumentos valorizados en m\u00e1s de S\/10 mil en el Callao","datePublished":"2025-08-25T19:12:26+00:00","mainEntityOfPage":{"@id":"https:\/\/radiohuancayo.com.pe\/wp54\/orquesta-zaperoko-denuncia-robo-de-instrumentos-valorizados-en-mas-de-s-10-mil-en-el-callao\/"},"wordCount":369,"commentCount":0,"publisher":{"@id":"https:\/\/radiohuancayo.com.pe\/wp54\/#organization"},"image":{"@id":"https:\/\/radiohuancayo.com.pe\/wp54\/orquesta-zaperoko-denuncia-robo-de-instrumentos-valorizados-en-mas-de-s-10-mil-en-el-callao\/#primaryimage"},"thumbnailUrl":"https:\/\/radiohuancayo.com.pe\/wp54\/wp-content\/uploads\/2025\/08\/image-6.png","articleSection":["Espect\u00e1culos","Portada"],"inLanguage":"es","potentialAction":[{"@type":"CommentAction","name":"Comment","target":["https:\/\/radiohuancayo.com.pe\/wp54\/orquesta-zaperoko-denuncia-robo-de-instrumentos-valorizados-en-mas-de-s-10-mil-en-el-callao\/#respond"]}]},{"@type":"WebPage","@id":"https:\/\/radiohuancayo.com.pe\/wp54\/orquesta-zaperoko-denuncia-robo-de-instrumentos-valorizados-en-mas-de-s-10-mil-en-el-callao\/","url":"https:\/\/radiohuancayo.com.pe\/wp54\/orquesta-zaperoko-denuncia-robo-de-instrumentos-valorizados-en-mas-de-s-10-mil-en-el-callao\/","name":"Orquesta Zaperoko denuncia robo de instrumentos valorizados en m\u00e1s de S\/10 mil en el Callao - Radio Huancayo","isPartOf":{"@id":"https:\/\/radiohuancayo.com.pe\/wp54\/#website"},"primaryImageOfPage":{"@id":"https:\/\/radiohuancayo.com.pe\/wp54\/orquesta-zaperoko-denuncia-robo-de-instrumentos-valorizados-en-mas-de-s-10-mil-en-el-callao\/#primaryimage"},"image":{"@id":"https:\/\/radiohuancayo.com.pe\/wp54\/orquesta-zaperoko-denuncia-robo-de-instrumentos-valorizados-en-mas-de-s-10-mil-en-el-callao\/#primaryimage"},"thumbnailUrl":"https:\/\/radiohuancayo.com.pe\/wp54\/wp-content\/uploads\/2025\/08\/image-6.png","datePublished":"2025-08-25T19:12:26+00:00","breadcrumb":{"@id":"https:\/\/radiohuancayo.com.pe\/wp54\/orquesta-zaperoko-denuncia-robo-de-instrumentos-valorizados-en-mas-de-s-10-mil-en-el-callao\/#breadcrumb"},"inLanguage":"es","potentialAction":[{"@type":"ReadAction","target":["https:\/\/radiohuancayo.com.pe\/wp54\/orquesta-zaperoko-denuncia-robo-de-instrumentos-valorizados-en-mas-de-s-10-mil-en-el-callao\/"]}]},{"@type":"ImageObject","inLanguage":"es","@id":"https:\/\/radiohuancayo.com.pe\/wp54\/orquesta-zaperoko-denuncia-robo-de-instrumentos-valorizados-en-mas-de-s-10-mil-en-el-callao\/#primaryimage","url":"https:\/\/radiohuancayo.com.pe\/wp54\/wp-content\/uploads\/2025\/08\/image-6.png","contentUrl":"https:\/\/radiohuancayo.com.pe\/wp54\/wp-content\/uploads\/2025\/08\/image-6.png","width":696,"height":418},{"@type":"BreadcrumbList","@id":"https:\/\/radiohuancayo.com.pe\/wp54\/orquesta-zaperoko-denuncia-robo-de-instrumentos-valorizados-en-mas-de-s-10-mil-en-el-callao\/#breadcrumb","itemListElement":[{"@type":"ListItem","position":1,"name":"Portada","item":"https:\/\/radiohuancayo.com.pe\/wp54\/"},{"@type":"ListItem","position":2,"name":"Orquesta Zaperoko denuncia robo de instrumentos valorizados en m\u00e1s de S\/10 mil en el Callao"}]},{"@type":"WebSite","@id":"https:\/\/radiohuancayo.com.pe\/wp54\/#website","url":"https:\/\/radiohuancayo.com.pe\/wp54\/","name":"Radio Huancayo","description":"me gusta!!!","publisher":{"@id":"https:\/\/radiohuancayo.com.pe\/wp54\/#organization"},"potentialAction":[{"@type":"SearchAction","target":{"@type":"EntryPoint","urlTemplate":"https:\/\/radiohuancayo.com.pe\/wp54\/?s={search_term_string}"},"query-input":{"@type":"PropertyValueSpecification","valueRequired":true,"valueName":"search_term_string"}}],"inLanguage":"es"},{"@type":"Organization","@id":"https:\/\/radiohuancayo.com.pe\/wp54\/#organization","name":"Radio Huancayo","url":"https:\/\/radiohuancayo.com.pe\/wp54\/","logo":{"@type":"ImageObject","inLanguage":"es","@id":"https:\/\/radiohuancayo.com.pe\/wp54\/#\/schema\/logo\/image\/","url":"https:\/\/radiohuancayo.com.pe\/wp54\/wp-content\/uploads\/2022\/04\/CABE01.png","contentUrl":"https:\/\/radiohuancayo.com.pe\/wp54\/wp-content\/uploads\/2022\/04\/CABE01.png","width":1640,"height":300,"caption":"Radio Huancayo"},"image":{"@id":"https:\/\/radiohuancayo.com.pe\/wp54\/#\/schema\/logo\/image\/"}},{"@type":"Person","@id":"https:\/\/radiohuancayo.com.pe\/wp54\/#\/schema\/person\/53e7c63df918deff345a30606cbf878c","name":"admin","image":{"@type":"ImageObject","inLanguage":"es","@id":"https:\/\/secure.gravatar.com\/avatar\/3d9af84154e8f14d0ba4f62aa2abc4fcd3ee42a1c034539c08ef7c5615f414cb?s=96&d=mm&r=g","url":"https:\/\/secure.gravatar.com\/avatar\/3d9af84154e8f14d0ba4f62aa2abc4fcd3ee42a1c034539c08ef7c5615f414cb?s=96&d=mm&r=g","contentUrl":"https:\/\/secure.gravatar.com\/avatar\/3d9af84154e8f14d0ba4f62aa2abc4fcd3ee42a1c034539c08ef7c5615f414cb?s=96&d=mm&r=g","caption":"admin"},"sameAs":["https:\/\/radiohuancayo.com.pe\/wp54"],"url":"https:\/\/radiohuancayo.com.pe\/wp54\/author\/admin\/"}]}},"_links":{"self":[{"href":"https:\/\/radiohuancayo.com.pe\/wp54\/wp-json\/wp\/v2\/posts\/30356","targetHints":{"allow":["GET"]}}],"collection":[{"href":"https:\/\/radiohuancayo.com.pe\/wp54\/wp-json\/wp\/v2\/posts"}],"about":[{"href":"https:\/\/radiohuancayo.com.pe\/wp54\/wp-json\/wp\/v2\/types\/post"}],"author":[{"embeddable":true,"href":"https:\/\/radiohuancayo.com.pe\/wp54\/wp-json\/wp\/v2\/users\/1"}],"replies":[{"embeddable":true,"href":"https:\/\/radiohuancayo.com.pe\/wp54\/wp-json\/wp\/v2\/comments?post=30356"}],"version-history":[{"count":1,"href":"https:\/\/radiohuancayo.com.pe\/wp54\/wp-json\/wp\/v2\/posts\/30356\/revisions"}],"predecessor-version":[{"id":30358,"href":"https:\/\/radiohuancayo.com.pe\/wp54\/wp-json\/wp\/v2\/posts\/30356\/revisions\/30358"}],"wp:featuredmedia":[{"embeddable":true,"href":"https:\/\/radiohuancayo.com.pe\/wp54\/wp-json\/wp\/v2\/media\/30357"}],"wp:attachment":[{"href":"https:\/\/radiohuancayo.com.pe\/wp54\/wp-json\/wp\/v2\/media?parent=30356"}],"wp:term":[{"taxonomy":"category","embeddable":true,"href":"https:\/\/radiohuancayo.com.pe\/wp54\/wp-json\/wp\/v2\/categories?post=30356"},{"taxonomy":"post_tag","embeddable":true,"href":"https:\/\/radiohuancayo.com.pe\/wp54\/wp-json\/wp\/v2\/tags?post=30356"}],"curies":[{"name":"wp","href":"https:\/\/api.w.org\/{rel}","templated":true}]}}